{"id":24300,"date":"2025-06-02T12:32:06","date_gmt":"2025-06-02T10:32:06","guid":{"rendered":"https:\/\/news.save.ch\/?p=24300"},"modified":"2025-06-02T12:32:11","modified_gmt":"2025-06-02T10:32:11","slug":"axis-communications-erweitert-produktportfolio","status":null,"type":"post","link":"https:\/\/news.save.ch\/de\/axis-communications-erweitert-produktportfolio\/","title":{"rendered":"Axis Communications erweitert Produktportfolio"},"content":{"rendered":"<figure id=\"attachment_24301\" aria-describedby=\"caption-attachment-24301\" style=\"width: 1400px\" class=\"wp-caption alignnone\"><a href=\"https:\/\/news.save.ch\/axis-communications-erweitert-produktportfolio\/axis-d6210-air-quality-sensor_2_copyright-axis-communications-scaled\/\" rel=\"attachment wp-att-24301\"><img loading=\"lazy\" decoding=\"async\" class=\"size-full wp-image-24301\" src=\"https:\/\/news.save.ch\/wp-content\/uploads\/2025\/06\/AXIS-D6210-Air-Quality-Sensor_2_Copyright-Axis-Communications-scaled-1-scaled.jpg\" alt=\"\" width=\"1400\" height=\"933\" srcset=\"https:\/\/news.save.ch\/wp-content\/uploads\/2025\/06\/AXIS-D6210-Air-Quality-Sensor_2_Copyright-Axis-Communications-scaled-1-scaled.jpg 1200w, https:\/\/news.save.ch\/wp-content\/uploads\/2025\/06\/AXIS-D6210-Air-Quality-Sensor_2_Copyright-Axis-Communications-scaled-1-680x453.jpg 680w, https:\/\/news.save.ch\/wp-content\/uploads\/2025\/06\/AXIS-D6210-Air-Quality-Sensor_2_Copyright-Axis-Communications-scaled-1-1024x682.jpg 1024w, https:\/\/news.save.ch\/wp-content\/uploads\/2025\/06\/AXIS-D6210-Air-Quality-Sensor_2_Copyright-Axis-Communications-scaled-1-768x512.jpg 768w, https:\/\/news.save.ch\/wp-content\/uploads\/2025\/06\/AXIS-D6210-Air-Quality-Sensor_2_Copyright-Axis-Communications-scaled-1-1536x1024.jpg 1536w, https:\/\/news.save.ch\/wp-content\/uploads\/2025\/06\/AXIS-D6210-Air-Quality-Sensor_2_Copyright-Axis-Communications-scaled-1-2048x1365.jpg 2048w, https:\/\/news.save.ch\/wp-content\/uploads\/2025\/06\/AXIS-D6210-Air-Quality-Sensor_2_Copyright-Axis-Communications-scaled-1-18x12.jpg 18w, https:\/\/news.save.ch\/wp-content\/uploads\/2025\/06\/AXIS-D6210-Air-Quality-Sensor_2_Copyright-Axis-Communications-scaled-1-375x250.jpg 375w, https:\/\/news.save.ch\/wp-content\/uploads\/2025\/06\/AXIS-D6210-Air-Quality-Sensor_2_Copyright-Axis-Communications-scaled-1-525x350.jpg 525w, https:\/\/news.save.ch\/wp-content\/uploads\/2025\/06\/AXIS-D6210-Air-Quality-Sensor_2_Copyright-Axis-Communications-scaled-1-1000x666.jpg 1000w\" sizes=\"auto, (max-width: 1400px) 100vw, 1400px\" \/><\/a><figcaption id=\"caption-attachment-24301\" class=\"wp-caption-text\">Foto: Axis Communications<\/figcaption><\/figure>\n<p><span class=\"markb7d6ochzl\" data-markjs=\"true\" data-ogac=\"\" data-ogab=\"\" data-ogsc=\"\" data-ogsb=\"\">Axis<\/span>\u00a0Communications, Technologief\u00fchrer im Bereich Netzwerk-Video, launcht eine komplett neue Produktkategorie: Umgebungssensoren zur Messung verschiedener gesundheits- und sicherheitsrelevanter Parameter. Den Anfang macht der\u00a0<span class=\"markb7d6ochzl\" data-markjs=\"true\" data-ogac=\"\" data-ogab=\"\" data-ogsc=\"\" data-ogsb=\"\">AXIS<\/span>\u00a0D6210 Air Quality Sensor, ein kosteng\u00fcnstiger Luftqualit\u00e4tssensor zur Messung von Luftqualit\u00e4t in Innenr\u00e4umen.<\/p>\n<p>Der\u00a0<span class=\"markb7d6ochzl\" data-markjs=\"true\" data-ogac=\"\" data-ogab=\"\" data-ogsc=\"\" data-ogsb=\"\">AXIS<\/span> D6210 Air Quality Sensor kann als Luftqualit\u00e4tssensor verschiedene Parameter der Raumluftqualit\u00e4t \u00fcberwachen: Er erkennt von E-Zigaretten erzeugten Aerosol-Dampf (engl. \u00abVaping\u00bb), Zigarettenrauch und verschiedene Luftschadstoffe, darunter Pollen, Feinstaub (PM), Kohlendioxid (CO<sub>2<\/sub>), Stickoxide (NOx) sowie fl\u00fcchtige organische Verbindungen (VOC). Ausserdem kann er die relative Luftfeuchtigkeit und -temperatur im Bereich von -10 bis 45 Grad Celsius messen und in Kombination mit anderen <span class=\"markb7d6ochzl\" data-markjs=\"true\" data-ogac=\"\" data-ogab=\"\" data-ogsc=\"\" data-ogsb=\"\">Axis<\/span>-Ger\u00e4ten in Echtzeit automatische Reaktionen auf das \u00dcberschreiten bestimmter, vorher definierter Schwellenwerte ausl\u00f6sen.<\/p>\n<h3><span data-olk-copy-source=\"MessageBody\">Flexibilit\u00e4t bei Installation und Nutzung<\/span><\/h3>\n<p>M\u00f6glich wird dies durch die\u00a0Portcast-Technologie\u00a0von\u00a0<span class=\"markb7d6ochzl\" data-markjs=\"true\" data-ogac=\"\" data-ogab=\"\" data-ogsc=\"\" data-ogsb=\"\">Axis<\/span>. Mit ihr l\u00e4sst sich der Sensor nach dem Plug-and-Play-Prinzip nahtlos in ausgew\u00e4hlte, bestehende Netzwerkl\u00f6sungen von\u00a0<span class=\"markb7d6ochzl\" data-markjs=\"true\" data-ogac=\"\" data-ogab=\"\" data-ogsc=\"\" data-ogsb=\"\">Axis<\/span>\u00a0\u2013 darunter rund die H\u00e4lfte der aktuell verf\u00fcgbaren\u00a0<span class=\"markb7d6ochzl\" data-markjs=\"true\" data-ogac=\"\" data-ogab=\"\" data-ogsc=\"\" data-ogsb=\"\">Axis<\/span>-Netzwerkkameras \u2013 integrieren, ohne dass daf\u00fcr zus\u00e4tzliche IP-Adressen, Switch-Ports oder Stromanschl\u00fcsse erforderlich sind. So ist es beispielsweise m\u00f6glich, Luftqualit\u00e4tsparameter zus\u00e4tzlich im Bildausschnitt einer angeschlossenen Netzwerkkamera anzuzeigen oder eine Warnmeldung \u00fcber einen Lautsprecher auszugeben, um auf schlechte Luftqualit\u00e4t hinzuweisen.<\/p>\n<figure id=\"attachment_24302\" aria-describedby=\"caption-attachment-24302\" style=\"width: 1400px\" class=\"wp-caption alignnone\"><a href=\"https:\/\/news.save.ch\/axis-communications-erweitert-produktportfolio\/axis-d6210-air-quality-sensor_7_copyright-axis-communication-scaled\/\" rel=\"attachment wp-att-24302\"><img loading=\"lazy\" decoding=\"async\" class=\"size-full wp-image-24302\" src=\"https:\/\/news.save.ch\/wp-content\/uploads\/2025\/06\/AXIS-D6210-Air-Quality-Sensor_7_Copyright-Axis-Communication-scaled-1-scaled.jpg\" alt=\"\" width=\"1400\" height=\"933\" srcset=\"https:\/\/news.save.ch\/wp-content\/uploads\/2025\/06\/AXIS-D6210-Air-Quality-Sensor_7_Copyright-Axis-Communication-scaled-1-scaled.jpg 1200w, https:\/\/news.save.ch\/wp-content\/uploads\/2025\/06\/AXIS-D6210-Air-Quality-Sensor_7_Copyright-Axis-Communication-scaled-1-680x453.jpg 680w, https:\/\/news.save.ch\/wp-content\/uploads\/2025\/06\/AXIS-D6210-Air-Quality-Sensor_7_Copyright-Axis-Communication-scaled-1-1024x682.jpg 1024w, https:\/\/news.save.ch\/wp-content\/uploads\/2025\/06\/AXIS-D6210-Air-Quality-Sensor_7_Copyright-Axis-Communication-scaled-1-768x512.jpg 768w, https:\/\/news.save.ch\/wp-content\/uploads\/2025\/06\/AXIS-D6210-Air-Quality-Sensor_7_Copyright-Axis-Communication-scaled-1-1536x1024.jpg 1536w, https:\/\/news.save.ch\/wp-content\/uploads\/2025\/06\/AXIS-D6210-Air-Quality-Sensor_7_Copyright-Axis-Communication-scaled-1-2048x1365.jpg 2048w, https:\/\/news.save.ch\/wp-content\/uploads\/2025\/06\/AXIS-D6210-Air-Quality-Sensor_7_Copyright-Axis-Communication-scaled-1-18x12.jpg 18w, https:\/\/news.save.ch\/wp-content\/uploads\/2025\/06\/AXIS-D6210-Air-Quality-Sensor_7_Copyright-Axis-Communication-scaled-1-375x250.jpg 375w, https:\/\/news.save.ch\/wp-content\/uploads\/2025\/06\/AXIS-D6210-Air-Quality-Sensor_7_Copyright-Axis-Communication-scaled-1-525x350.jpg 525w, https:\/\/news.save.ch\/wp-content\/uploads\/2025\/06\/AXIS-D6210-Air-Quality-Sensor_7_Copyright-Axis-Communication-scaled-1-1000x666.jpg 1000w\" sizes=\"auto, (max-width: 1400px) 100vw, 1400px\" \/><\/a><figcaption id=\"caption-attachment-24302\" class=\"wp-caption-text\">Foto: Axis Communications<\/figcaption><\/figure>\n<p>F\u00fcr mehr Flexibilit\u00e4t bei der Platzierung kann der Sensor in einer Entfernung von bis zu 100 Metern vom Netzwerkger\u00e4t oder der Stromquelle aufgestellt werden. Da Sensor und angeschlossenes Ger\u00e4t dieselbe IP-Adresse nutzen, lassen sie sich zudem einfach gleichzeitig konfigurieren und verwalten. Auf diese Weise l\u00e4sst sich die Funktionalit\u00e4t bestehender\u00a0<span class=\"markb7d6ochzl\" data-markjs=\"true\" data-ogac=\"\" data-ogab=\"\" data-ogsc=\"\" data-ogsb=\"\">Axis<\/span>-Ger\u00e4te kosteng\u00fcnstig erweitern und eine flexible End-to-End-L\u00f6sung zur Messung der Raumluftqualit\u00e4t schaffen.<\/p>\n<h3>Ein Hebel f\u00fcr langfristige Verbesserungen<\/h3>\n<p>Zus\u00e4tzlich zur Verbesserung der Raumluftqualit\u00e4t k\u00f6nnen Unternehmen auf Basis der vom\u00a0<span class=\"markb7d6ochzl\" data-markjs=\"true\" data-ogac=\"\" data-ogab=\"\" data-ogsc=\"\" data-ogsb=\"\">AXIS<\/span> D6210 Air Quality Sensor gesammelten Daten ihre Compliance mit regulatorischen Anforderungen dokumentieren. Dar\u00fcber hinaus k\u00f6nnen sie ihre Bel\u00fcftungs- und Heizstrategie anpassen, um Energiekosten einzusparen und ihren \u00f6kologischen Fussabdruck zu reduzieren. In Kombination mit weiteren Datens\u00e4tzen lassen sich so auf lange Sicht die Planung und Umsetzung von \u201eSmart Building\u201c-Initiativen effektiver vorantreiben.<\/p>\n","protected":false},"excerpt":{"rendered":"<p>Axis\u00a0Communications, Technologief\u00fchrer im Bereich Netzwerk-Video, launcht eine komplett neue Produktkategorie: Umgebungssensoren zur Messung verschiedener gesundheits- und sicherheitsrelevanter Parameter. Den Anfang macht der\u00a0AXIS\u00a0D6210 Air Quality Sensor, ein kosteng\u00fcnstiger Luftqualit\u00e4tssensor zur Messung von Luftqualit\u00e4t in Innenr\u00e4umen. Der\u00a0AXIS D6210 Air Quality Sensor kann als Luftqualit\u00e4tssensor verschiedene Parameter der Raumluftqualit\u00e4t \u00fcberwachen: Er erkennt von E-Zigaretten erzeugten Aerosol-Dampf (engl. \u00abVaping\u00bb), [&hellip;]<\/p>\n","protected":false},"author":31,"featured_media":0,"comment_status":"closed","ping_status":"closed","sticky":false,"template":"","format":"standard","meta":{"_acf_changed":false,"pgc_sgb_lightbox_settings":"","footnotes":""},"categories":[3314],"tags":[343],"class_list":["post-24300","post","type-post","status-publish","format-standard","hentry","category-health-safety","tag-axis"],"acf":[],"hkrextid":null,"publication":null,"issue":null,"workflow":null,"startPage":null,"spitzmarke":null,"_posts_by_tag_page_fields":null,"_at_widget":null,"_yoast_wpseo_primary_category":"3314","_yoast_wpseo_focuskw_text_input":null,"_yoast_wpseo_opengraph-image":null,"_yoast_wpseo_opengraph-description":null,"_yoast_wpseo_opengraph-title":null,"enclosure":null,"_yoast_wpseo_twitter-title":null,"_yoast_wpseo_twitter-description":null,"_yoast_wpseo_twitter-image":null,"_wp_old_slug":null,"_yoast_wpseo_title":null,"_yoast_wpseo_canonical":null,"yoast_head":"<!-- This site is optimized with the Yoast SEO plugin v27.5 - https:\/\/yoast.com\/product\/yoast-seo-wordpress\/ -->\n<title>Axis Communications erweitert Produktportfolio - Save<\/title>\n<meta name=\"description\" content=\"Der erste Luftqualit\u00e4tssensor von\u00a0Axis\u00a0Communications erkennt Luftschadstoffe und unterst\u00fctzt Unternehmen bei der Verbesserung der Luftqualit\u00e4t in Innenr\u00e4umen.\" \/>\n<meta name=\"robots\" content=\"index, follow, max-snippet:-1, max-image-preview:large, max-video-preview:-1\" \/>\n<link rel=\"canonical\" href=\"https:\/\/news.save.ch\/de\/axis-communications-erweitert-produktportfolio\/\" \/>\n<meta property=\"og:locale\" content=\"de_DE\" \/>\n<meta property=\"og:type\" content=\"article\" \/>\n<meta property=\"og:title\" content=\"Axis Communications erweitert Produktportfolio - Save\" \/>\n<meta property=\"og:description\" content=\"Der erste Luftqualit\u00e4tssensor von\u00a0Axis\u00a0Communications erkennt Luftschadstoffe und unterst\u00fctzt Unternehmen bei der Verbesserung der Luftqualit\u00e4t in Innenr\u00e4umen.\" \/>\n<meta property=\"og:url\" content=\"https:\/\/news.save.ch\/de\/axis-communications-erweitert-produktportfolio\/\" \/>\n<meta property=\"og:site_name\" content=\"Save\" \/>\n<meta property=\"article:published_time\" content=\"2025-06-02T10:32:06+00:00\" \/>\n<meta property=\"article:modified_time\" content=\"2025-06-02T10:32:11+00:00\" \/>\n<meta property=\"og:image\" content=\"https:\/\/news.save.ch\/wp-content\/uploads\/2025\/06\/AXIS-D6210-Air-Quality-Sensor_2_Copyright-Axis-Communications-scaled-1-scaled.jpg\" \/>\n\t<meta property=\"og:image:width\" content=\"1200\" \/>\n\t<meta property=\"og:image:height\" content=\"800\" \/>\n\t<meta property=\"og:image:type\" content=\"image\/jpeg\" \/>\n<meta name=\"author\" content=\"stefanie Zeng\" \/>\n<meta name=\"twitter:card\" content=\"summary_large_image\" \/>\n<meta name=\"twitter:label1\" content=\"Geschrieben von\" \/>\n\t<meta name=\"twitter:data1\" content=\"stefanie Zeng\" \/>\n\t<meta name=\"twitter:label2\" content=\"Gesch\u00e4tzte Lesezeit\" \/>\n\t<meta name=\"twitter:data2\" content=\"3\u00a0Minuten\" \/>\n<script type=\"application\/ld+json\" class=\"yoast-schema-graph\">{\"@context\":\"https:\\\/\\\/schema.org\",\"@graph\":[{\"@type\":\"Article\",\"@id\":\"https:\\\/\\\/news.save.ch\\\/axis-communications-erweitert-produktportfolio\\\/#article\",\"isPartOf\":{\"@id\":\"https:\\\/\\\/news.save.ch\\\/axis-communications-erweitert-produktportfolio\\\/\"},\"author\":{\"name\":\"stefanie Zeng\",\"@id\":\"https:\\\/\\\/news.save.ch\\\/de\\\/#\\\/schema\\\/person\\\/10917387362b3961e882740f6cf6f2a2\"},\"headline\":\"Axis Communications erweitert Produktportfolio\",\"datePublished\":\"2025-06-02T10:32:06+00:00\",\"dateModified\":\"2025-06-02T10:32:11+00:00\",\"mainEntityOfPage\":{\"@id\":\"https:\\\/\\\/news.save.ch\\\/axis-communications-erweitert-produktportfolio\\\/\"},\"wordCount\":377,\"publisher\":{\"@id\":\"https:\\\/\\\/news.save.ch\\\/de\\\/#organization\"},\"image\":{\"@id\":\"https:\\\/\\\/news.save.ch\\\/axis-communications-erweitert-produktportfolio\\\/#primaryimage\"},\"thumbnailUrl\":\"https:\\\/\\\/news.save.ch\\\/wp-content\\\/uploads\\\/2025\\\/06\\\/AXIS-D6210-Air-Quality-Sensor_2_Copyright-Axis-Communications-scaled-1-scaled.jpg\",\"keywords\":[\"Axis\"],\"articleSection\":[\"HEALTH &amp; SAFETY\"],\"inLanguage\":\"de\"},{\"@type\":\"WebPage\",\"@id\":\"https:\\\/\\\/news.save.ch\\\/axis-communications-erweitert-produktportfolio\\\/\",\"url\":\"https:\\\/\\\/news.save.ch\\\/axis-communications-erweitert-produktportfolio\\\/\",\"name\":\"Axis Communications erweitert Produktportfolio - Save\",\"isPartOf\":{\"@id\":\"https:\\\/\\\/news.save.ch\\\/de\\\/#website\"},\"primaryImageOfPage\":{\"@id\":\"https:\\\/\\\/news.save.ch\\\/axis-communications-erweitert-produktportfolio\\\/#primaryimage\"},\"image\":{\"@id\":\"https:\\\/\\\/news.save.ch\\\/axis-communications-erweitert-produktportfolio\\\/#primaryimage\"},\"thumbnailUrl\":\"https:\\\/\\\/news.save.ch\\\/wp-content\\\/uploads\\\/2025\\\/06\\\/AXIS-D6210-Air-Quality-Sensor_2_Copyright-Axis-Communications-scaled-1-scaled.jpg\",\"datePublished\":\"2025-06-02T10:32:06+00:00\",\"dateModified\":\"2025-06-02T10:32:11+00:00\",\"description\":\"Der erste Luftqualit\u00e4tssensor von\u00a0Axis\u00a0Communications erkennt Luftschadstoffe und unterst\u00fctzt Unternehmen bei der Verbesserung der Luftqualit\u00e4t in Innenr\u00e4umen.\",\"breadcrumb\":{\"@id\":\"https:\\\/\\\/news.save.ch\\\/axis-communications-erweitert-produktportfolio\\\/#breadcrumb\"},\"inLanguage\":\"de\",\"potentialAction\":[{\"@type\":\"ReadAction\",\"target\":[\"https:\\\/\\\/news.save.ch\\\/axis-communications-erweitert-produktportfolio\\\/\"]}]},{\"@type\":\"ImageObject\",\"inLanguage\":\"de\",\"@id\":\"https:\\\/\\\/news.save.ch\\\/axis-communications-erweitert-produktportfolio\\\/#primaryimage\",\"url\":\"https:\\\/\\\/news.save.ch\\\/wp-content\\\/uploads\\\/2025\\\/06\\\/AXIS-D6210-Air-Quality-Sensor_2_Copyright-Axis-Communications-scaled-1-scaled.jpg\",\"contentUrl\":\"https:\\\/\\\/news.save.ch\\\/wp-content\\\/uploads\\\/2025\\\/06\\\/AXIS-D6210-Air-Quality-Sensor_2_Copyright-Axis-Communications-scaled-1-scaled.jpg\"},{\"@type\":\"BreadcrumbList\",\"@id\":\"https:\\\/\\\/news.save.ch\\\/axis-communications-erweitert-produktportfolio\\\/#breadcrumb\",\"itemListElement\":[{\"@type\":\"ListItem\",\"position\":1,\"name\":\"Home\",\"item\":\"https:\\\/\\\/news.save.ch\\\/de\\\/\"},{\"@type\":\"ListItem\",\"position\":2,\"name\":\"Axis Communications erweitert Produktportfolio\"}]},{\"@type\":\"WebSite\",\"@id\":\"https:\\\/\\\/news.save.ch\\\/de\\\/#website\",\"url\":\"https:\\\/\\\/news.save.ch\\\/de\\\/\",\"name\":\"Save\",\"description\":\"Schweizer Fachzeitschrift f\u00fcr Sicherheit\",\"publisher\":{\"@id\":\"https:\\\/\\\/news.save.ch\\\/de\\\/#organization\"},\"potentialAction\":[{\"@type\":\"SearchAction\",\"target\":{\"@type\":\"EntryPoint\",\"urlTemplate\":\"https:\\\/\\\/news.save.ch\\\/de\\\/?s={search_term_string}\"},\"query-input\":{\"@type\":\"PropertyValueSpecification\",\"valueRequired\":true,\"valueName\":\"search_term_string\"}}],\"inLanguage\":\"de\"},{\"@type\":\"Organization\",\"@id\":\"https:\\\/\\\/news.save.ch\\\/de\\\/#organization\",\"name\":\"Sicherheitsforum\",\"url\":\"https:\\\/\\\/news.save.ch\\\/de\\\/\",\"logo\":{\"@type\":\"ImageObject\",\"inLanguage\":\"de\",\"@id\":\"https:\\\/\\\/news.save.ch\\\/de\\\/#\\\/schema\\\/logo\\\/image\\\/\",\"url\":\"https:\\\/\\\/news.save.ch\\\/wp-content\\\/uploads\\\/2022\\\/06\\\/Logo_SF_2012.png\",\"contentUrl\":\"https:\\\/\\\/news.save.ch\\\/wp-content\\\/uploads\\\/2022\\\/06\\\/Logo_SF_2012.png\",\"width\":1100,\"height\":91,\"caption\":\"Sicherheitsforum\"},\"image\":{\"@id\":\"https:\\\/\\\/news.save.ch\\\/de\\\/#\\\/schema\\\/logo\\\/image\\\/\"}},{\"@type\":\"Person\",\"@id\":\"https:\\\/\\\/news.save.ch\\\/de\\\/#\\\/schema\\\/person\\\/10917387362b3961e882740f6cf6f2a2\",\"name\":\"stefanie Zeng\",\"image\":{\"@type\":\"ImageObject\",\"inLanguage\":\"de\",\"@id\":\"https:\\\/\\\/secure.gravatar.com\\\/avatar\\\/eac43faa6e40bb2c41068c95c9d78bbd94c476d5efdff7abaab80bb3ea681e06?s=96&d=mm&r=g\",\"url\":\"https:\\\/\\\/secure.gravatar.com\\\/avatar\\\/eac43faa6e40bb2c41068c95c9d78bbd94c476d5efdff7abaab80bb3ea681e06?s=96&d=mm&r=g\",\"contentUrl\":\"https:\\\/\\\/secure.gravatar.com\\\/avatar\\\/eac43faa6e40bb2c41068c95c9d78bbd94c476d5efdff7abaab80bb3ea681e06?s=96&d=mm&r=g\",\"caption\":\"stefanie Zeng\"},\"url\":\"https:\\\/\\\/news.save.ch\\\/de\\\/author\\\/stefanie-zeng\\\/\"}]}<\/script>\n<!-- \/ Yoast SEO plugin. -->","yoast_head_json":{"title":"Axis Communications erweitert Produktportfolio - Save","description":"Der erste Luftqualit\u00e4tssensor von\u00a0Axis\u00a0Communications erkennt Luftschadstoffe und unterst\u00fctzt Unternehmen bei der Verbesserung der Luftqualit\u00e4t in Innenr\u00e4umen.","robots":{"index":"index","follow":"follow","max-snippet":"max-snippet:-1","max-image-preview":"max-image-preview:large","max-video-preview":"max-video-preview:-1"},"canonical":"https:\/\/news.save.ch\/de\/axis-communications-erweitert-produktportfolio\/","og_locale":"de_DE","og_type":"article","og_title":"Axis Communications erweitert Produktportfolio - Save","og_description":"Der erste Luftqualit\u00e4tssensor von\u00a0Axis\u00a0Communications erkennt Luftschadstoffe und unterst\u00fctzt Unternehmen bei der Verbesserung der Luftqualit\u00e4t in Innenr\u00e4umen.","og_url":"https:\/\/news.save.ch\/de\/axis-communications-erweitert-produktportfolio\/","og_site_name":"Save","article_published_time":"2025-06-02T10:32:06+00:00","article_modified_time":"2025-06-02T10:32:11+00:00","og_image":[{"width":1200,"height":800,"url":"https:\/\/news.save.ch\/wp-content\/uploads\/2025\/06\/AXIS-D6210-Air-Quality-Sensor_2_Copyright-Axis-Communications-scaled-1-scaled.jpg","type":"image\/jpeg"}],"author":"stefanie Zeng","twitter_card":"summary_large_image","twitter_misc":{"Geschrieben von":"stefanie Zeng","Gesch\u00e4tzte Lesezeit":"3\u00a0Minuten"},"schema":{"@context":"https:\/\/schema.org","@graph":[{"@type":"Article","@id":"https:\/\/news.save.ch\/axis-communications-erweitert-produktportfolio\/#article","isPartOf":{"@id":"https:\/\/news.save.ch\/axis-communications-erweitert-produktportfolio\/"},"author":{"name":"stefanie Zeng","@id":"https:\/\/news.save.ch\/de\/#\/schema\/person\/10917387362b3961e882740f6cf6f2a2"},"headline":"Axis Communications erweitert Produktportfolio","datePublished":"2025-06-02T10:32:06+00:00","dateModified":"2025-06-02T10:32:11+00:00","mainEntityOfPage":{"@id":"https:\/\/news.save.ch\/axis-communications-erweitert-produktportfolio\/"},"wordCount":377,"publisher":{"@id":"https:\/\/news.save.ch\/de\/#organization"},"image":{"@id":"https:\/\/news.save.ch\/axis-communications-erweitert-produktportfolio\/#primaryimage"},"thumbnailUrl":"https:\/\/news.save.ch\/wp-content\/uploads\/2025\/06\/AXIS-D6210-Air-Quality-Sensor_2_Copyright-Axis-Communications-scaled-1-scaled.jpg","keywords":["Axis"],"articleSection":["HEALTH &amp; SAFETY"],"inLanguage":"de"},{"@type":"WebPage","@id":"https:\/\/news.save.ch\/axis-communications-erweitert-produktportfolio\/","url":"https:\/\/news.save.ch\/axis-communications-erweitert-produktportfolio\/","name":"Axis Communications erweitert Produktportfolio - Save","isPartOf":{"@id":"https:\/\/news.save.ch\/de\/#website"},"primaryImageOfPage":{"@id":"https:\/\/news.save.ch\/axis-communications-erweitert-produktportfolio\/#primaryimage"},"image":{"@id":"https:\/\/news.save.ch\/axis-communications-erweitert-produktportfolio\/#primaryimage"},"thumbnailUrl":"https:\/\/news.save.ch\/wp-content\/uploads\/2025\/06\/AXIS-D6210-Air-Quality-Sensor_2_Copyright-Axis-Communications-scaled-1-scaled.jpg","datePublished":"2025-06-02T10:32:06+00:00","dateModified":"2025-06-02T10:32:11+00:00","description":"Der erste Luftqualit\u00e4tssensor von\u00a0Axis\u00a0Communications erkennt Luftschadstoffe und unterst\u00fctzt Unternehmen bei der Verbesserung der Luftqualit\u00e4t in Innenr\u00e4umen.","breadcrumb":{"@id":"https:\/\/news.save.ch\/axis-communications-erweitert-produktportfolio\/#breadcrumb"},"inLanguage":"de","potentialAction":[{"@type":"ReadAction","target":["https:\/\/news.save.ch\/axis-communications-erweitert-produktportfolio\/"]}]},{"@type":"ImageObject","inLanguage":"de","@id":"https:\/\/news.save.ch\/axis-communications-erweitert-produktportfolio\/#primaryimage","url":"https:\/\/news.save.ch\/wp-content\/uploads\/2025\/06\/AXIS-D6210-Air-Quality-Sensor_2_Copyright-Axis-Communications-scaled-1-scaled.jpg","contentUrl":"https:\/\/news.save.ch\/wp-content\/uploads\/2025\/06\/AXIS-D6210-Air-Quality-Sensor_2_Copyright-Axis-Communications-scaled-1-scaled.jpg"},{"@type":"BreadcrumbList","@id":"https:\/\/news.save.ch\/axis-communications-erweitert-produktportfolio\/#breadcrumb","itemListElement":[{"@type":"ListItem","position":1,"name":"Home","item":"https:\/\/news.save.ch\/de\/"},{"@type":"ListItem","position":2,"name":"Axis Communications erweitert Produktportfolio"}]},{"@type":"WebSite","@id":"https:\/\/news.save.ch\/de\/#website","url":"https:\/\/news.save.ch\/de\/","name":"Save","description":"Schweizer Fachzeitschrift f\u00fcr Sicherheit","publisher":{"@id":"https:\/\/news.save.ch\/de\/#organization"},"potentialAction":[{"@type":"SearchAction","target":{"@type":"EntryPoint","urlTemplate":"https:\/\/news.save.ch\/de\/?s={search_term_string}"},"query-input":{"@type":"PropertyValueSpecification","valueRequired":true,"valueName":"search_term_string"}}],"inLanguage":"de"},{"@type":"Organization","@id":"https:\/\/news.save.ch\/de\/#organization","name":"Sicherheitsforum","url":"https:\/\/news.save.ch\/de\/","logo":{"@type":"ImageObject","inLanguage":"de","@id":"https:\/\/news.save.ch\/de\/#\/schema\/logo\/image\/","url":"https:\/\/news.save.ch\/wp-content\/uploads\/2022\/06\/Logo_SF_2012.png","contentUrl":"https:\/\/news.save.ch\/wp-content\/uploads\/2022\/06\/Logo_SF_2012.png","width":1100,"height":91,"caption":"Sicherheitsforum"},"image":{"@id":"https:\/\/news.save.ch\/de\/#\/schema\/logo\/image\/"}},{"@type":"Person","@id":"https:\/\/news.save.ch\/de\/#\/schema\/person\/10917387362b3961e882740f6cf6f2a2","name":"stefanie Zeng","image":{"@type":"ImageObject","inLanguage":"de","@id":"https:\/\/secure.gravatar.com\/avatar\/eac43faa6e40bb2c41068c95c9d78bbd94c476d5efdff7abaab80bb3ea681e06?s=96&d=mm&r=g","url":"https:\/\/secure.gravatar.com\/avatar\/eac43faa6e40bb2c41068c95c9d78bbd94c476d5efdff7abaab80bb3ea681e06?s=96&d=mm&r=g","contentUrl":"https:\/\/secure.gravatar.com\/avatar\/eac43faa6e40bb2c41068c95c9d78bbd94c476d5efdff7abaab80bb3ea681e06?s=96&d=mm&r=g","caption":"stefanie Zeng"},"url":"https:\/\/news.save.ch\/de\/author\/stefanie-zeng\/"}]}},"_links":{"self":[{"href":"https:\/\/news.save.ch\/de\/wp-json\/wp\/v2\/posts\/24300","targetHints":{"allow":["GET"]}}],"collection":[{"href":"https:\/\/news.save.ch\/de\/wp-json\/wp\/v2\/posts"}],"about":[{"href":"https:\/\/news.save.ch\/de\/wp-json\/wp\/v2\/types\/post"}],"author":[{"embeddable":true,"href":"https:\/\/news.save.ch\/de\/wp-json\/wp\/v2\/users\/31"}],"replies":[{"embeddable":true,"href":"https:\/\/news.save.ch\/de\/wp-json\/wp\/v2\/comments?post=24300"}],"version-history":[{"count":2,"href":"https:\/\/news.save.ch\/de\/wp-json\/wp\/v2\/posts\/24300\/revisions"}],"predecessor-version":[{"id":24304,"href":"https:\/\/news.save.ch\/de\/wp-json\/wp\/v2\/posts\/24300\/revisions\/24304"}],"wp:attachment":[{"href":"https:\/\/news.save.ch\/de\/wp-json\/wp\/v2\/media?parent=24300"}],"wp:term":[{"taxonomy":"category","embeddable":true,"href":"https:\/\/news.save.ch\/de\/wp-json\/wp\/v2\/categories?post=24300"},{"taxonomy":"post_tag","embeddable":true,"href":"https:\/\/news.save.ch\/de\/wp-json\/wp\/v2\/tags?post=24300"}],"curies":[{"name":"wp","href":"https:\/\/api.w.org\/{rel}","templated":true}]}}