{"id":24345,"date":"2025-06-24T12:11:57","date_gmt":"2025-06-24T10:11:57","guid":{"rendered":"https:\/\/news.save.ch\/?p=24345"},"modified":"2025-06-24T12:12:03","modified_gmt":"2025-06-24T10:12:03","slug":"modernisierung-des-notrufzugangs","status":null,"type":"post","link":"https:\/\/news.save.ch\/de\/modernisierung-des-notrufzugangs\/","title":{"rendered":"Modernisierung des Notrufzugangs"},"content":{"rendered":"<figure id=\"attachment_24346\" aria-describedby=\"caption-attachment-24346\" style=\"width: 1000px\" class=\"wp-caption alignnone\"><a href=\"https:\/\/news.save.ch\/modernisierung-des-notrufzugangs\/depositphotos_59323759_s\/\" rel=\"attachment wp-att-24346\"><img loading=\"lazy\" decoding=\"async\" class=\"size-full wp-image-24346\" src=\"https:\/\/news.save.ch\/wp-content\/uploads\/2025\/06\/Depositphotos_59323759_S.jpg\" alt=\"\" width=\"1000\" height=\"667\" srcset=\"https:\/\/news.save.ch\/wp-content\/uploads\/2025\/06\/Depositphotos_59323759_S.jpg 1000w, https:\/\/news.save.ch\/wp-content\/uploads\/2025\/06\/Depositphotos_59323759_S-680x454.jpg 680w, https:\/\/news.save.ch\/wp-content\/uploads\/2025\/06\/Depositphotos_59323759_S-768x512.jpg 768w, https:\/\/news.save.ch\/wp-content\/uploads\/2025\/06\/Depositphotos_59323759_S-18x12.jpg 18w, https:\/\/news.save.ch\/wp-content\/uploads\/2025\/06\/Depositphotos_59323759_S-375x250.jpg 375w, https:\/\/news.save.ch\/wp-content\/uploads\/2025\/06\/Depositphotos_59323759_S-525x350.jpg 525w\" sizes=\"auto, (max-width: 1000px) 100vw, 1000px\" \/><\/a><figcaption id=\"caption-attachment-24346\" class=\"wp-caption-text\">Foto: Depositphotos\/tatsianama<\/figcaption><\/figure>\n<p id=\"doc-1iu46aepn0\" class=\"font--regular\">Der Bundesrat will den Zugang zu den Notdiensten f\u00fcr die Bev\u00f6lkerung modernisieren und an die technologische Entwicklung anpassen. Dazu werden drei Verordnungen angepasst: Verordnung \u00fcber Fernmeldedienste FDV, Verordnung \u00fcber Fernmeldeanlagen FAV und die Verordnung \u00fcber die Adressierungselemente im Fernmeldebereich AEFV.<\/p>\n<h3 id=\"doc-1iu46agj40\" class=\"h2\">Echtzeittext als zus\u00e4tzliche Kontaktm\u00f6glichkeit<\/h3>\n<p id=\"doc-1iu46agj60\" class=\"font--regular\">Die Bev\u00f6lkerung soll die Blaulichtorganisationen auch \u00fcber Echtzeittext erreichen k\u00f6nnen (siehe Kasten). Davon profitieren insbesondere Menschen mit einer H\u00f6rbehinderung, die damit einen einfacheren Zugang zu den Notdiensten erhalten. Die M\u00f6glichkeit einer Kontaktnahme \u00fcber Text kann zudem in Situationen, in denen nicht gesprochen werden kann (bspw. bei L\u00e4rm, einer Verletzung oder wegen einer Gefahrensituation), entscheidend f\u00fcr rasche Hilfe sein. Die revidierten FDV und FAV definieren neue Anforderungen an die Endger\u00e4te (Smartphones), welche die Textfunktion enthalten m\u00fcssen. Weiter verlangt die Einf\u00fchrung dieser Funktion die vollst\u00e4ndige Digitalisierung der Fernmeldenetze, damit der Text an die Blaulichtorganisationen \u00fcbertragen werden kann. Um den Text empfangen zu k\u00f6nnen, m\u00fcssen die Alarmzentralen die n\u00f6tige Ausr\u00fcstung beschaffen und ihr Personal ausbilden.<\/p>\n<h3 id=\"doc-1iu46agj70\" class=\"h2\">Kurznummer f\u00fcr die Opferhilfe<\/h3>\n<p id=\"doc-1iu46agj80\" class=\"font--regular\">Ein zentrales Element des vorliegenden Revisionsprojekts ist die Einf\u00fchrung einer Kurznummer (142) f\u00fcr die Opferhilfe. Es werden neu Vorgaben gemacht, welche die Anbieterinnen von Fernmeldediensten sowie auch die Endger\u00e4tehersteller erf\u00fcllen m\u00fcssen. Die Anpassung betrifft auch die Zentralen der Notdienste und der Hilfs- und Beratungsdienste, da sie die Anrufe entgegennehmen und die n\u00f6tigen Dienstleistungen bereitstellen m\u00fcssen.<\/p>\n<p id=\"doc-1iu6dr8qc1\" class=\"font--regular\">Die Kurznummer 142 wurde der Konferenz der kantonalen Sozialdirektorinnen und Sozialdirektoren bereits provisorisch zugeteilt, damit kann diese in Zusammenarbeit mit Swisscom und den Kantonen mit der zeitintensiven Inbetriebnahme beginnen. Nach Inkrafttreten der neuen Bestimmungen wird diese Kurznummer zur neuen Kategorie der Hilfs- und Beratungsdienste z\u00e4hlen, welche wie die Notdienste kostenfrei sein werden. Die Vernehmlassung dauert bis am 14. Oktober 2025.<\/p>\n<h3 id=\"doc-1iu6cvqsv0\" class=\"font--regular\">Was ist Echtzeittext?<\/h3>\n<p id=\"doc-1iu46agja0\" class=\"font--regular\">Echtzeittext ist eine Technologie, die es erm\u00f6glicht, Text gleichzeitig w\u00e4hrend eines Anrufs zu \u00fcbertragen. Nachrichten werden w\u00e4hrend dem Tippen Zeichen f\u00fcr Zeichen angezeigt, sodass die Kommunikation unmittelbarer ist als bei herk\u00f6mmlichen Textnachrichten.<\/p>\n","protected":false},"excerpt":{"rendered":"<p>Der Bundesrat will den Zugang zu den Notdiensten f\u00fcr die Bev\u00f6lkerung modernisieren und an die technologische Entwicklung anpassen. Dazu werden drei Verordnungen angepasst: Verordnung \u00fcber Fernmeldedienste FDV, Verordnung \u00fcber Fernmeldeanlagen FAV und die Verordnung \u00fcber die Adressierungselemente im Fernmeldebereich AEFV. Echtzeittext als zus\u00e4tzliche Kontaktm\u00f6glichkeit Die Bev\u00f6lkerung soll die Blaulichtorganisationen auch \u00fcber Echtzeittext erreichen k\u00f6nnen (siehe [&hellip;]<\/p>\n","protected":false},"author":31,"featured_media":24346,"comment_status":"closed","ping_status":"closed","sticky":false,"template":"","format":"standard","meta":{"_acf_changed":false,"pgc_sgb_lightbox_settings":"","footnotes":""},"categories":[1],"tags":[6590,351,6367,1259],"class_list":["post-24345","post","type-post","status-publish","format-standard","has-post-thumbnail","hentry","category-allgemein","tag-6590","tag-blaulichtorganisation","tag-notruf","tag-smartphone"],"acf":[],"hkrextid":null,"publication":null,"issue":null,"workflow":null,"startPage":null,"spitzmarke":null,"_posts_by_tag_page_fields":null,"_at_widget":null,"_yoast_wpseo_primary_category":"","_yoast_wpseo_focuskw_text_input":null,"_yoast_wpseo_opengraph-image":null,"_yoast_wpseo_opengraph-description":null,"_yoast_wpseo_opengraph-title":null,"enclosure":null,"_yoast_wpseo_twitter-title":null,"_yoast_wpseo_twitter-description":null,"_yoast_wpseo_twitter-image":null,"_wp_old_slug":null,"_yoast_wpseo_title":null,"_yoast_wpseo_canonical":null,"yoast_head":"<!-- This site is optimized with the Yoast SEO plugin v27.4 - https:\/\/yoast.com\/product\/yoast-seo-wordpress\/ -->\n<title>Modernisierung des Notrufzugangs - Save<\/title>\n<meta name=\"description\" content=\"Personen mit H\u00f6rbehinderungen sollen die Notdienste von Polizei, Feuerwehr und Sanit\u00e4t per Textfunktion auf ihrem Smartphone erreichen k\u00f6nnen.\" \/>\n<meta name=\"robots\" content=\"index, follow, max-snippet:-1, max-image-preview:large, max-video-preview:-1\" \/>\n<link rel=\"canonical\" href=\"https:\/\/news.save.ch\/de\/modernisierung-des-notrufzugangs\/\" \/>\n<meta property=\"og:locale\" content=\"de_DE\" \/>\n<meta property=\"og:type\" content=\"article\" \/>\n<meta property=\"og:title\" content=\"Modernisierung des Notrufzugangs - Save\" \/>\n<meta property=\"og:description\" content=\"Personen mit H\u00f6rbehinderungen sollen die Notdienste von Polizei, Feuerwehr und Sanit\u00e4t per Textfunktion auf ihrem Smartphone erreichen k\u00f6nnen.\" \/>\n<meta property=\"og:url\" content=\"https:\/\/news.save.ch\/de\/modernisierung-des-notrufzugangs\/\" \/>\n<meta property=\"og:site_name\" content=\"Save\" \/>\n<meta property=\"article:published_time\" content=\"2025-06-24T10:11:57+00:00\" \/>\n<meta property=\"article:modified_time\" content=\"2025-06-24T10:12:03+00:00\" \/>\n<meta property=\"og:image\" content=\"https:\/\/news.save.ch\/wp-content\/uploads\/2025\/06\/Depositphotos_59323759_S.jpg\" \/>\n\t<meta property=\"og:image:width\" content=\"1000\" \/>\n\t<meta property=\"og:image:height\" content=\"667\" \/>\n\t<meta property=\"og:image:type\" content=\"image\/jpeg\" \/>\n<meta name=\"author\" content=\"stefanie Zeng\" \/>\n<meta name=\"twitter:card\" content=\"summary_large_image\" \/>\n<meta name=\"twitter:label1\" content=\"Geschrieben von\" \/>\n\t<meta name=\"twitter:data1\" content=\"stefanie Zeng\" \/>\n\t<meta name=\"twitter:label2\" content=\"Gesch\u00e4tzte Lesezeit\" \/>\n\t<meta name=\"twitter:data2\" content=\"3\u00a0Minuten\" \/>\n<script type=\"application\/ld+json\" class=\"yoast-schema-graph\">{\"@context\":\"https:\\\/\\\/schema.org\",\"@graph\":[{\"@type\":\"Article\",\"@id\":\"https:\\\/\\\/news.save.ch\\\/modernisierung-des-notrufzugangs\\\/#article\",\"isPartOf\":{\"@id\":\"https:\\\/\\\/news.save.ch\\\/modernisierung-des-notrufzugangs\\\/\"},\"author\":{\"name\":\"stefanie Zeng\",\"@id\":\"https:\\\/\\\/news.save.ch\\\/de\\\/#\\\/schema\\\/person\\\/10917387362b3961e882740f6cf6f2a2\"},\"headline\":\"Modernisierung des Notrufzugangs\",\"datePublished\":\"2025-06-24T10:11:57+00:00\",\"dateModified\":\"2025-06-24T10:12:03+00:00\",\"mainEntityOfPage\":{\"@id\":\"https:\\\/\\\/news.save.ch\\\/modernisierung-des-notrufzugangs\\\/\"},\"wordCount\":351,\"publisher\":{\"@id\":\"https:\\\/\\\/news.save.ch\\\/de\\\/#organization\"},\"image\":{\"@id\":\"https:\\\/\\\/news.save.ch\\\/modernisierung-des-notrufzugangs\\\/#primaryimage\"},\"thumbnailUrl\":\"https:\\\/\\\/news.save.ch\\\/wp-content\\\/uploads\\\/2025\\\/06\\\/Depositphotos_59323759_S.jpg\",\"keywords\":[\"142\",\"Blaulichtorganisation\",\"Notruf\",\"Smartphone\"],\"articleSection\":[\"ALLGEMEIN\"],\"inLanguage\":\"de\"},{\"@type\":\"WebPage\",\"@id\":\"https:\\\/\\\/news.save.ch\\\/modernisierung-des-notrufzugangs\\\/\",\"url\":\"https:\\\/\\\/news.save.ch\\\/modernisierung-des-notrufzugangs\\\/\",\"name\":\"Modernisierung des Notrufzugangs - Save\",\"isPartOf\":{\"@id\":\"https:\\\/\\\/news.save.ch\\\/de\\\/#website\"},\"primaryImageOfPage\":{\"@id\":\"https:\\\/\\\/news.save.ch\\\/modernisierung-des-notrufzugangs\\\/#primaryimage\"},\"image\":{\"@id\":\"https:\\\/\\\/news.save.ch\\\/modernisierung-des-notrufzugangs\\\/#primaryimage\"},\"thumbnailUrl\":\"https:\\\/\\\/news.save.ch\\\/wp-content\\\/uploads\\\/2025\\\/06\\\/Depositphotos_59323759_S.jpg\",\"datePublished\":\"2025-06-24T10:11:57+00:00\",\"dateModified\":\"2025-06-24T10:12:03+00:00\",\"description\":\"Personen mit H\u00f6rbehinderungen sollen die Notdienste von Polizei, Feuerwehr und Sanit\u00e4t per Textfunktion auf ihrem Smartphone erreichen k\u00f6nnen.\",\"breadcrumb\":{\"@id\":\"https:\\\/\\\/news.save.ch\\\/modernisierung-des-notrufzugangs\\\/#breadcrumb\"},\"inLanguage\":\"de\",\"potentialAction\":[{\"@type\":\"ReadAction\",\"target\":[\"https:\\\/\\\/news.save.ch\\\/modernisierung-des-notrufzugangs\\\/\"]}]},{\"@type\":\"ImageObject\",\"inLanguage\":\"de\",\"@id\":\"https:\\\/\\\/news.save.ch\\\/modernisierung-des-notrufzugangs\\\/#primaryimage\",\"url\":\"https:\\\/\\\/news.save.ch\\\/wp-content\\\/uploads\\\/2025\\\/06\\\/Depositphotos_59323759_S.jpg\",\"contentUrl\":\"https:\\\/\\\/news.save.ch\\\/wp-content\\\/uploads\\\/2025\\\/06\\\/Depositphotos_59323759_S.jpg\",\"width\":1000,\"height\":667,\"caption\":\"Foto: Depositphotos\\\/tatsianama\"},{\"@type\":\"BreadcrumbList\",\"@id\":\"https:\\\/\\\/news.save.ch\\\/modernisierung-des-notrufzugangs\\\/#breadcrumb\",\"itemListElement\":[{\"@type\":\"ListItem\",\"position\":1,\"name\":\"Home\",\"item\":\"https:\\\/\\\/news.save.ch\\\/de\\\/\"},{\"@type\":\"ListItem\",\"position\":2,\"name\":\"Modernisierung des Notrufzugangs\"}]},{\"@type\":\"WebSite\",\"@id\":\"https:\\\/\\\/news.save.ch\\\/de\\\/#website\",\"url\":\"https:\\\/\\\/news.save.ch\\\/de\\\/\",\"name\":\"Save\",\"description\":\"Schweizer Fachzeitschrift f\u00fcr Sicherheit\",\"publisher\":{\"@id\":\"https:\\\/\\\/news.save.ch\\\/de\\\/#organization\"},\"potentialAction\":[{\"@type\":\"SearchAction\",\"target\":{\"@type\":\"EntryPoint\",\"urlTemplate\":\"https:\\\/\\\/news.save.ch\\\/de\\\/?s={search_term_string}\"},\"query-input\":{\"@type\":\"PropertyValueSpecification\",\"valueRequired\":true,\"valueName\":\"search_term_string\"}}],\"inLanguage\":\"de\"},{\"@type\":\"Organization\",\"@id\":\"https:\\\/\\\/news.save.ch\\\/de\\\/#organization\",\"name\":\"Sicherheitsforum\",\"url\":\"https:\\\/\\\/news.save.ch\\\/de\\\/\",\"logo\":{\"@type\":\"ImageObject\",\"inLanguage\":\"de\",\"@id\":\"https:\\\/\\\/news.save.ch\\\/de\\\/#\\\/schema\\\/logo\\\/image\\\/\",\"url\":\"https:\\\/\\\/news.save.ch\\\/wp-content\\\/uploads\\\/2022\\\/06\\\/Logo_SF_2012.png\",\"contentUrl\":\"https:\\\/\\\/news.save.ch\\\/wp-content\\\/uploads\\\/2022\\\/06\\\/Logo_SF_2012.png\",\"width\":1100,\"height\":91,\"caption\":\"Sicherheitsforum\"},\"image\":{\"@id\":\"https:\\\/\\\/news.save.ch\\\/de\\\/#\\\/schema\\\/logo\\\/image\\\/\"}},{\"@type\":\"Person\",\"@id\":\"https:\\\/\\\/news.save.ch\\\/de\\\/#\\\/schema\\\/person\\\/10917387362b3961e882740f6cf6f2a2\",\"name\":\"stefanie Zeng\",\"image\":{\"@type\":\"ImageObject\",\"inLanguage\":\"de\",\"@id\":\"https:\\\/\\\/secure.gravatar.com\\\/avatar\\\/eac43faa6e40bb2c41068c95c9d78bbd94c476d5efdff7abaab80bb3ea681e06?s=96&d=mm&r=g\",\"url\":\"https:\\\/\\\/secure.gravatar.com\\\/avatar\\\/eac43faa6e40bb2c41068c95c9d78bbd94c476d5efdff7abaab80bb3ea681e06?s=96&d=mm&r=g\",\"contentUrl\":\"https:\\\/\\\/secure.gravatar.com\\\/avatar\\\/eac43faa6e40bb2c41068c95c9d78bbd94c476d5efdff7abaab80bb3ea681e06?s=96&d=mm&r=g\",\"caption\":\"stefanie Zeng\"},\"url\":\"https:\\\/\\\/news.save.ch\\\/de\\\/author\\\/stefanie-zeng\\\/\"}]}<\/script>\n<!-- \/ Yoast SEO plugin. -->","yoast_head_json":{"title":"Modernisierung des Notrufzugangs - Save","description":"Personen mit H\u00f6rbehinderungen sollen die Notdienste von Polizei, Feuerwehr und Sanit\u00e4t per Textfunktion auf ihrem Smartphone erreichen k\u00f6nnen.","robots":{"index":"index","follow":"follow","max-snippet":"max-snippet:-1","max-image-preview":"max-image-preview:large","max-video-preview":"max-video-preview:-1"},"canonical":"https:\/\/news.save.ch\/de\/modernisierung-des-notrufzugangs\/","og_locale":"de_DE","og_type":"article","og_title":"Modernisierung des Notrufzugangs - Save","og_description":"Personen mit H\u00f6rbehinderungen sollen die Notdienste von Polizei, Feuerwehr und Sanit\u00e4t per Textfunktion auf ihrem Smartphone erreichen k\u00f6nnen.","og_url":"https:\/\/news.save.ch\/de\/modernisierung-des-notrufzugangs\/","og_site_name":"Save","article_published_time":"2025-06-24T10:11:57+00:00","article_modified_time":"2025-06-24T10:12:03+00:00","og_image":[{"width":1000,"height":667,"url":"https:\/\/news.save.ch\/wp-content\/uploads\/2025\/06\/Depositphotos_59323759_S.jpg","type":"image\/jpeg"}],"author":"stefanie Zeng","twitter_card":"summary_large_image","twitter_misc":{"Geschrieben von":"stefanie Zeng","Gesch\u00e4tzte Lesezeit":"3\u00a0Minuten"},"schema":{"@context":"https:\/\/schema.org","@graph":[{"@type":"Article","@id":"https:\/\/news.save.ch\/modernisierung-des-notrufzugangs\/#article","isPartOf":{"@id":"https:\/\/news.save.ch\/modernisierung-des-notrufzugangs\/"},"author":{"name":"stefanie Zeng","@id":"https:\/\/news.save.ch\/de\/#\/schema\/person\/10917387362b3961e882740f6cf6f2a2"},"headline":"Modernisierung des Notrufzugangs","datePublished":"2025-06-24T10:11:57+00:00","dateModified":"2025-06-24T10:12:03+00:00","mainEntityOfPage":{"@id":"https:\/\/news.save.ch\/modernisierung-des-notrufzugangs\/"},"wordCount":351,"publisher":{"@id":"https:\/\/news.save.ch\/de\/#organization"},"image":{"@id":"https:\/\/news.save.ch\/modernisierung-des-notrufzugangs\/#primaryimage"},"thumbnailUrl":"https:\/\/news.save.ch\/wp-content\/uploads\/2025\/06\/Depositphotos_59323759_S.jpg","keywords":["142","Blaulichtorganisation","Notruf","Smartphone"],"articleSection":["ALLGEMEIN"],"inLanguage":"de"},{"@type":"WebPage","@id":"https:\/\/news.save.ch\/modernisierung-des-notrufzugangs\/","url":"https:\/\/news.save.ch\/modernisierung-des-notrufzugangs\/","name":"Modernisierung des Notrufzugangs - Save","isPartOf":{"@id":"https:\/\/news.save.ch\/de\/#website"},"primaryImageOfPage":{"@id":"https:\/\/news.save.ch\/modernisierung-des-notrufzugangs\/#primaryimage"},"image":{"@id":"https:\/\/news.save.ch\/modernisierung-des-notrufzugangs\/#primaryimage"},"thumbnailUrl":"https:\/\/news.save.ch\/wp-content\/uploads\/2025\/06\/Depositphotos_59323759_S.jpg","datePublished":"2025-06-24T10:11:57+00:00","dateModified":"2025-06-24T10:12:03+00:00","description":"Personen mit H\u00f6rbehinderungen sollen die Notdienste von Polizei, Feuerwehr und Sanit\u00e4t per Textfunktion auf ihrem Smartphone erreichen k\u00f6nnen.","breadcrumb":{"@id":"https:\/\/news.save.ch\/modernisierung-des-notrufzugangs\/#breadcrumb"},"inLanguage":"de","potentialAction":[{"@type":"ReadAction","target":["https:\/\/news.save.ch\/modernisierung-des-notrufzugangs\/"]}]},{"@type":"ImageObject","inLanguage":"de","@id":"https:\/\/news.save.ch\/modernisierung-des-notrufzugangs\/#primaryimage","url":"https:\/\/news.save.ch\/wp-content\/uploads\/2025\/06\/Depositphotos_59323759_S.jpg","contentUrl":"https:\/\/news.save.ch\/wp-content\/uploads\/2025\/06\/Depositphotos_59323759_S.jpg","width":1000,"height":667,"caption":"Foto: Depositphotos\/tatsianama"},{"@type":"BreadcrumbList","@id":"https:\/\/news.save.ch\/modernisierung-des-notrufzugangs\/#breadcrumb","itemListElement":[{"@type":"ListItem","position":1,"name":"Home","item":"https:\/\/news.save.ch\/de\/"},{"@type":"ListItem","position":2,"name":"Modernisierung des Notrufzugangs"}]},{"@type":"WebSite","@id":"https:\/\/news.save.ch\/de\/#website","url":"https:\/\/news.save.ch\/de\/","name":"Save","description":"Schweizer Fachzeitschrift f\u00fcr Sicherheit","publisher":{"@id":"https:\/\/news.save.ch\/de\/#organization"},"potentialAction":[{"@type":"SearchAction","target":{"@type":"EntryPoint","urlTemplate":"https:\/\/news.save.ch\/de\/?s={search_term_string}"},"query-input":{"@type":"PropertyValueSpecification","valueRequired":true,"valueName":"search_term_string"}}],"inLanguage":"de"},{"@type":"Organization","@id":"https:\/\/news.save.ch\/de\/#organization","name":"Sicherheitsforum","url":"https:\/\/news.save.ch\/de\/","logo":{"@type":"ImageObject","inLanguage":"de","@id":"https:\/\/news.save.ch\/de\/#\/schema\/logo\/image\/","url":"https:\/\/news.save.ch\/wp-content\/uploads\/2022\/06\/Logo_SF_2012.png","contentUrl":"https:\/\/news.save.ch\/wp-content\/uploads\/2022\/06\/Logo_SF_2012.png","width":1100,"height":91,"caption":"Sicherheitsforum"},"image":{"@id":"https:\/\/news.save.ch\/de\/#\/schema\/logo\/image\/"}},{"@type":"Person","@id":"https:\/\/news.save.ch\/de\/#\/schema\/person\/10917387362b3961e882740f6cf6f2a2","name":"stefanie Zeng","image":{"@type":"ImageObject","inLanguage":"de","@id":"https:\/\/secure.gravatar.com\/avatar\/eac43faa6e40bb2c41068c95c9d78bbd94c476d5efdff7abaab80bb3ea681e06?s=96&d=mm&r=g","url":"https:\/\/secure.gravatar.com\/avatar\/eac43faa6e40bb2c41068c95c9d78bbd94c476d5efdff7abaab80bb3ea681e06?s=96&d=mm&r=g","contentUrl":"https:\/\/secure.gravatar.com\/avatar\/eac43faa6e40bb2c41068c95c9d78bbd94c476d5efdff7abaab80bb3ea681e06?s=96&d=mm&r=g","caption":"stefanie Zeng"},"url":"https:\/\/news.save.ch\/de\/author\/stefanie-zeng\/"}]}},"_links":{"self":[{"href":"https:\/\/news.save.ch\/de\/wp-json\/wp\/v2\/posts\/24345","targetHints":{"allow":["GET"]}}],"collection":[{"href":"https:\/\/news.save.ch\/de\/wp-json\/wp\/v2\/posts"}],"about":[{"href":"https:\/\/news.save.ch\/de\/wp-json\/wp\/v2\/types\/post"}],"author":[{"embeddable":true,"href":"https:\/\/news.save.ch\/de\/wp-json\/wp\/v2\/users\/31"}],"replies":[{"embeddable":true,"href":"https:\/\/news.save.ch\/de\/wp-json\/wp\/v2\/comments?post=24345"}],"version-history":[{"count":2,"href":"https:\/\/news.save.ch\/de\/wp-json\/wp\/v2\/posts\/24345\/revisions"}],"predecessor-version":[{"id":24348,"href":"https:\/\/news.save.ch\/de\/wp-json\/wp\/v2\/posts\/24345\/revisions\/24348"}],"wp:featuredmedia":[{"embeddable":true,"href":"https:\/\/news.save.ch\/de\/wp-json\/wp\/v2\/media\/24346"}],"wp:attachment":[{"href":"https:\/\/news.save.ch\/de\/wp-json\/wp\/v2\/media?parent=24345"}],"wp:term":[{"taxonomy":"category","embeddable":true,"href":"https:\/\/news.save.ch\/de\/wp-json\/wp\/v2\/categories?post=24345"},{"taxonomy":"post_tag","embeddable":true,"href":"https:\/\/news.save.ch\/de\/wp-json\/wp\/v2\/tags?post=24345"}],"curies":[{"name":"wp","href":"https:\/\/api.w.org\/{rel}","templated":true}]}}