{"id":24418,"date":"2025-07-25T13:20:15","date_gmt":"2025-07-25T11:20:15","guid":{"rendered":"https:\/\/news.save.ch\/?p=24418"},"modified":"2025-08-06T13:23:15","modified_gmt":"2025-08-06T11:23:15","slug":"stadtbaeume-kuehlen-auch-bei-extremer-hitze","status":null,"type":"post","link":"https:\/\/news.save.ch\/de\/stadtbaeume-kuehlen-auch-bei-extremer-hitze\/","title":{"rendered":"Stadtb\u00e4ume k\u00fchlen auch bei extremer Hitze"},"content":{"rendered":"<figure id=\"attachment_24419\" aria-describedby=\"caption-attachment-24419\" style=\"width: 1400px\" class=\"wp-caption alignnone\"><a href=\"https:\/\/news.save.ch\/stadtbaeume-kuehlen-auch-bei-extremer-hitze\/img_5654\/\" rel=\"attachment wp-att-24419\"><img loading=\"lazy\" decoding=\"async\" class=\"size-full wp-image-24419\" src=\"https:\/\/news.save.ch\/wp-content\/uploads\/2025\/08\/IMG_5654-scaled.jpg\" alt=\"\" width=\"1400\" height=\"1050\" srcset=\"https:\/\/news.save.ch\/wp-content\/uploads\/2025\/08\/IMG_5654-scaled.jpg 1200w, https:\/\/news.save.ch\/wp-content\/uploads\/2025\/08\/IMG_5654-680x510.jpg 680w, https:\/\/news.save.ch\/wp-content\/uploads\/2025\/08\/IMG_5654-1024x768.jpg 1024w, https:\/\/news.save.ch\/wp-content\/uploads\/2025\/08\/IMG_5654-768x576.jpg 768w, https:\/\/news.save.ch\/wp-content\/uploads\/2025\/08\/IMG_5654-1536x1152.jpg 1536w, https:\/\/news.save.ch\/wp-content\/uploads\/2025\/08\/IMG_5654-16x12.jpg 16w, https:\/\/news.save.ch\/wp-content\/uploads\/2025\/08\/IMG_5654-375x281.jpg 375w, https:\/\/news.save.ch\/wp-content\/uploads\/2025\/08\/IMG_5654-467x350.jpg 467w, https:\/\/news.save.ch\/wp-content\/uploads\/2025\/08\/IMG_5654-1000x750.jpg 1000w\" sizes=\"auto, (max-width: 1400px) 100vw, 1400px\" \/><\/a><figcaption id=\"caption-attachment-24419\" class=\"wp-caption-text\">Platz im Genfer Vorort Lancy: An diesen acht Platanen fand der Versuch statt. (Foto: Christoph Bachofen)<\/figcaption><\/figure>\n<p>Wenn die Sonne brennt, k\u00fchlen Stadtb\u00e4ume die Umgebung, indem sie Wasser \u00fcber ihre Bl\u00e4tter verdunsten. Angesichts der zu erwartenden Zunahme von Hitzewellen, wie Klimamodelle vorhersagen, tragen sie entscheidend dazu bei, St\u00e4dte lebenswert zu halten. B\u00e4ume stossen jedoch irgendwann auch an ihre Grenzen: Steigen die Blatttemperaturen \u00fcber 30 bis 35 \u00b0C, funktioniert die Fotosynthese nicht mehr \u2013 die Blattporen schliessen sich, um Wasserverlust zu vermeiden.<\/p>\n<p>Ein Forschungsteam der Eidg. Forschungsanstalt f\u00fcr Wald, Schnee und Landschaft WSL und der EPFL hat nun gezielt untersucht, wie sich Platanen unter extremen Bedingungen verhalten \u2013 mit \u00fcberraschendem Ergebnis: Die B\u00e4ume verdunsteten auch bei Temperaturen \u00fcber 39\u202f\u00b0C weiterhin viel mehr Wasser als erwartet und k\u00fchlten so effektiv die Umgebung. Studienleiter Christoph Bachofen und sein Team installierten im Fr\u00fchjahr 2023 Messger\u00e4te an acht Platanen im Genfer Vorort Lancy. Die Sensoren erfassten den Saftfluss in den St\u00e4mmen, der R\u00fcckschl\u00fcsse auf die verdunstete Wassermenge und damit die K\u00fchlleistung erlaubt. Ausgerechnet in jenem Sommer erlebte Genf zwei Hitzewellen mit Rekordtemperaturen bis fast 40 \u00b0C.<\/p>\n<h3>Wie B\u00e4ume auf extreme Bedingungen reagieren<\/h3>\n<p>Anders als erwartet stellten die B\u00e4ume ihren Wasserfluss nicht ein \u2013 im Gegenteil: Mit zunehmender Hitze nahm er sogar noch zu, obwohl die Luft gleichzeitig extrem trocken war. \u00abOffensichtlich haben wir noch nicht vollst\u00e4ndig verstanden, wie B\u00e4ume auf extreme Bedingungen reagieren\u00bb, erkl\u00e4rt Bachofen.\u00a0Die Forschenden vermuten, dass unter anderem tiefliegende Wasserreserven im Boden den Platanen halfen.<\/p>\n<p>Das Ausmass des Wasserflusses war \u00fcberraschend und wirft wichtige Fragen auf: Wenn B\u00e4ume anders auf Hitze reagieren als bislang gedacht, sind\u00a0auch die Prognosen zu ihrem K\u00fchleffekt ungenau\u2013 und die Modelle, mit denen sich die zuk\u00fcnftige Hitzeverteilung in St\u00e4dten vorhersagen l\u00e4sst, w\u00e4ren unzuverl\u00e4ssig.<\/p>\n<p>Dass B\u00e4ume selbst unter extremer Hitze viel Wasser verdunsten, ist eine gute Nachricht f\u00fcr das Stadtklima. \u00abTage mit \u00fcber 30 Grad Celsius werden h\u00e4ufiger\u00bb, so Bachofen. Der n\u00e4chste wichtige Schritt f\u00fcr die Forschung ist nun herauszufinden, wie effektiv auch andere Baumarten unter extremer Hitze transpirieren. Das w\u00fcrde erm\u00f6glichen, Empfehlungen zu entwickeln, welche Arten nicht nur mit Luftverschmutzung und Streusalz, sondern auch mit grosser Hitze zurechtkommen. Denn die K\u00fchlleistung ist nur eine von vielen Aufgaben, die Stadtb\u00e4ume \u00fcbernehmen \u2013 doch sie wird in Zukunft immer wichtiger.<\/p>\n","protected":false},"excerpt":{"rendered":"<p>Wenn die Sonne brennt, k\u00fchlen Stadtb\u00e4ume die Umgebung, indem sie Wasser \u00fcber ihre Bl\u00e4tter verdunsten. Angesichts der zu erwartenden Zunahme von Hitzewellen, wie Klimamodelle vorhersagen, tragen sie entscheidend dazu bei, St\u00e4dte lebenswert zu halten. B\u00e4ume stossen jedoch irgendwann auch an ihre Grenzen: Steigen die Blatttemperaturen \u00fcber 30 bis 35 \u00b0C, funktioniert die Fotosynthese nicht mehr [&hellip;]<\/p>\n","protected":false},"author":31,"featured_media":24419,"comment_status":"closed","ping_status":"closed","sticky":false,"template":"","format":"standard","meta":{"_acf_changed":false,"pgc_sgb_lightbox_settings":"","footnotes":""},"categories":[3314],"tags":[6600,6601,6599],"class_list":["post-24418","post","type-post","status-publish","format-standard","has-post-thumbnail","hentry","category-health-safety","tag-baeume","tag-beschattung","tag-extremhitze"],"acf":[],"hkrextid":null,"publication":null,"issue":null,"workflow":null,"startPage":null,"spitzmarke":null,"_posts_by_tag_page_fields":null,"_at_widget":null,"_yoast_wpseo_primary_category":"3314","_yoast_wpseo_focuskw_text_input":null,"_yoast_wpseo_opengraph-image":null,"_yoast_wpseo_opengraph-description":null,"_yoast_wpseo_opengraph-title":null,"enclosure":null,"_yoast_wpseo_twitter-title":null,"_yoast_wpseo_twitter-description":null,"_yoast_wpseo_twitter-image":null,"_wp_old_slug":null,"_yoast_wpseo_title":null,"_yoast_wpseo_canonical":null,"yoast_head":"<!-- This site is optimized with the Yoast SEO plugin v27.4 - https:\/\/yoast.com\/product\/yoast-seo-wordpress\/ -->\n<title>Stadtb\u00e4ume k\u00fchlen auch bei extremer Hitze - Save<\/title>\n<meta name=\"description\" content=\"Platanen in St\u00e4dten leisten selbst bei grosser Hitze noch einen wichtigen Beitrag zur Abk\u00fchlung \u2013 das zeigt eine neue Studie.\" \/>\n<meta name=\"robots\" content=\"index, follow, max-snippet:-1, max-image-preview:large, max-video-preview:-1\" \/>\n<link rel=\"canonical\" href=\"https:\/\/news.save.ch\/de\/stadtbaeume-kuehlen-auch-bei-extremer-hitze\/\" \/>\n<meta property=\"og:locale\" content=\"de_DE\" \/>\n<meta property=\"og:type\" content=\"article\" \/>\n<meta property=\"og:title\" content=\"Stadtb\u00e4ume k\u00fchlen auch bei extremer Hitze - Save\" \/>\n<meta property=\"og:description\" content=\"Platanen in St\u00e4dten leisten selbst bei grosser Hitze noch einen wichtigen Beitrag zur Abk\u00fchlung \u2013 das zeigt eine neue Studie.\" \/>\n<meta property=\"og:url\" content=\"https:\/\/news.save.ch\/de\/stadtbaeume-kuehlen-auch-bei-extremer-hitze\/\" \/>\n<meta property=\"og:site_name\" content=\"Save\" \/>\n<meta property=\"article:published_time\" content=\"2025-07-25T11:20:15+00:00\" \/>\n<meta property=\"article:modified_time\" content=\"2025-08-06T11:23:15+00:00\" \/>\n<meta property=\"og:image\" content=\"https:\/\/news.save.ch\/wp-content\/uploads\/2025\/08\/IMG_5654-scaled.jpg\" \/>\n\t<meta property=\"og:image:width\" content=\"1400\" \/>\n\t<meta property=\"og:image:height\" content=\"1050\" \/>\n\t<meta property=\"og:image:type\" content=\"image\/jpeg\" \/>\n<meta name=\"author\" content=\"stefanie Zeng\" \/>\n<meta name=\"twitter:card\" content=\"summary_large_image\" \/>\n<meta name=\"twitter:label1\" content=\"Geschrieben von\" \/>\n\t<meta name=\"twitter:data1\" content=\"stefanie Zeng\" \/>\n\t<meta name=\"twitter:label2\" content=\"Gesch\u00e4tzte Lesezeit\" \/>\n\t<meta name=\"twitter:data2\" content=\"3\u00a0Minuten\" \/>\n<script type=\"application\/ld+json\" class=\"yoast-schema-graph\">{\"@context\":\"https:\\\/\\\/schema.org\",\"@graph\":[{\"@type\":\"Article\",\"@id\":\"https:\\\/\\\/news.save.ch\\\/stadtbaeume-kuehlen-auch-bei-extremer-hitze\\\/#article\",\"isPartOf\":{\"@id\":\"https:\\\/\\\/news.save.ch\\\/stadtbaeume-kuehlen-auch-bei-extremer-hitze\\\/\"},\"author\":{\"name\":\"stefanie Zeng\",\"@id\":\"https:\\\/\\\/news.save.ch\\\/de\\\/#\\\/schema\\\/person\\\/10917387362b3961e882740f6cf6f2a2\"},\"headline\":\"Stadtb\u00e4ume k\u00fchlen auch bei extremer Hitze\",\"datePublished\":\"2025-07-25T11:20:15+00:00\",\"dateModified\":\"2025-08-06T11:23:15+00:00\",\"mainEntityOfPage\":{\"@id\":\"https:\\\/\\\/news.save.ch\\\/stadtbaeume-kuehlen-auch-bei-extremer-hitze\\\/\"},\"wordCount\":411,\"publisher\":{\"@id\":\"https:\\\/\\\/news.save.ch\\\/de\\\/#organization\"},\"image\":{\"@id\":\"https:\\\/\\\/news.save.ch\\\/stadtbaeume-kuehlen-auch-bei-extremer-hitze\\\/#primaryimage\"},\"thumbnailUrl\":\"https:\\\/\\\/news.save.ch\\\/wp-content\\\/uploads\\\/2025\\\/08\\\/IMG_5654-scaled.jpg\",\"keywords\":[\"B\u00e4ume\",\"Beschattung\",\"Extremhitze\"],\"articleSection\":[\"HEALTH &amp; SAFETY\"],\"inLanguage\":\"de\"},{\"@type\":\"WebPage\",\"@id\":\"https:\\\/\\\/news.save.ch\\\/stadtbaeume-kuehlen-auch-bei-extremer-hitze\\\/\",\"url\":\"https:\\\/\\\/news.save.ch\\\/stadtbaeume-kuehlen-auch-bei-extremer-hitze\\\/\",\"name\":\"Stadtb\u00e4ume k\u00fchlen auch bei extremer Hitze - Save\",\"isPartOf\":{\"@id\":\"https:\\\/\\\/news.save.ch\\\/de\\\/#website\"},\"primaryImageOfPage\":{\"@id\":\"https:\\\/\\\/news.save.ch\\\/stadtbaeume-kuehlen-auch-bei-extremer-hitze\\\/#primaryimage\"},\"image\":{\"@id\":\"https:\\\/\\\/news.save.ch\\\/stadtbaeume-kuehlen-auch-bei-extremer-hitze\\\/#primaryimage\"},\"thumbnailUrl\":\"https:\\\/\\\/news.save.ch\\\/wp-content\\\/uploads\\\/2025\\\/08\\\/IMG_5654-scaled.jpg\",\"datePublished\":\"2025-07-25T11:20:15+00:00\",\"dateModified\":\"2025-08-06T11:23:15+00:00\",\"description\":\"Platanen in St\u00e4dten leisten selbst bei grosser Hitze noch einen wichtigen Beitrag zur Abk\u00fchlung \u2013 das zeigt eine neue Studie.\",\"breadcrumb\":{\"@id\":\"https:\\\/\\\/news.save.ch\\\/stadtbaeume-kuehlen-auch-bei-extremer-hitze\\\/#breadcrumb\"},\"inLanguage\":\"de\",\"potentialAction\":[{\"@type\":\"ReadAction\",\"target\":[\"https:\\\/\\\/news.save.ch\\\/stadtbaeume-kuehlen-auch-bei-extremer-hitze\\\/\"]}]},{\"@type\":\"ImageObject\",\"inLanguage\":\"de\",\"@id\":\"https:\\\/\\\/news.save.ch\\\/stadtbaeume-kuehlen-auch-bei-extremer-hitze\\\/#primaryimage\",\"url\":\"https:\\\/\\\/news.save.ch\\\/wp-content\\\/uploads\\\/2025\\\/08\\\/IMG_5654-scaled.jpg\",\"contentUrl\":\"https:\\\/\\\/news.save.ch\\\/wp-content\\\/uploads\\\/2025\\\/08\\\/IMG_5654-scaled.jpg\",\"width\":1200,\"height\":900,\"caption\":\"Platz im Genfer Vorort Lancy: An diesen acht Platanen fand der Versuch statt. (Foto: Christoph Bachofen)\"},{\"@type\":\"BreadcrumbList\",\"@id\":\"https:\\\/\\\/news.save.ch\\\/stadtbaeume-kuehlen-auch-bei-extremer-hitze\\\/#breadcrumb\",\"itemListElement\":[{\"@type\":\"ListItem\",\"position\":1,\"name\":\"Home\",\"item\":\"https:\\\/\\\/news.save.ch\\\/de\\\/\"},{\"@type\":\"ListItem\",\"position\":2,\"name\":\"Stadtb\u00e4ume k\u00fchlen auch bei extremer Hitze\"}]},{\"@type\":\"WebSite\",\"@id\":\"https:\\\/\\\/news.save.ch\\\/de\\\/#website\",\"url\":\"https:\\\/\\\/news.save.ch\\\/de\\\/\",\"name\":\"Save\",\"description\":\"Schweizer Fachzeitschrift f\u00fcr Sicherheit\",\"publisher\":{\"@id\":\"https:\\\/\\\/news.save.ch\\\/de\\\/#organization\"},\"potentialAction\":[{\"@type\":\"SearchAction\",\"target\":{\"@type\":\"EntryPoint\",\"urlTemplate\":\"https:\\\/\\\/news.save.ch\\\/de\\\/?s={search_term_string}\"},\"query-input\":{\"@type\":\"PropertyValueSpecification\",\"valueRequired\":true,\"valueName\":\"search_term_string\"}}],\"inLanguage\":\"de\"},{\"@type\":\"Organization\",\"@id\":\"https:\\\/\\\/news.save.ch\\\/de\\\/#organization\",\"name\":\"Sicherheitsforum\",\"url\":\"https:\\\/\\\/news.save.ch\\\/de\\\/\",\"logo\":{\"@type\":\"ImageObject\",\"inLanguage\":\"de\",\"@id\":\"https:\\\/\\\/news.save.ch\\\/de\\\/#\\\/schema\\\/logo\\\/image\\\/\",\"url\":\"https:\\\/\\\/news.save.ch\\\/wp-content\\\/uploads\\\/2022\\\/06\\\/Logo_SF_2012.png\",\"contentUrl\":\"https:\\\/\\\/news.save.ch\\\/wp-content\\\/uploads\\\/2022\\\/06\\\/Logo_SF_2012.png\",\"width\":1100,\"height\":91,\"caption\":\"Sicherheitsforum\"},\"image\":{\"@id\":\"https:\\\/\\\/news.save.ch\\\/de\\\/#\\\/schema\\\/logo\\\/image\\\/\"}},{\"@type\":\"Person\",\"@id\":\"https:\\\/\\\/news.save.ch\\\/de\\\/#\\\/schema\\\/person\\\/10917387362b3961e882740f6cf6f2a2\",\"name\":\"stefanie Zeng\",\"image\":{\"@type\":\"ImageObject\",\"inLanguage\":\"de\",\"@id\":\"https:\\\/\\\/secure.gravatar.com\\\/avatar\\\/eac43faa6e40bb2c41068c95c9d78bbd94c476d5efdff7abaab80bb3ea681e06?s=96&d=mm&r=g\",\"url\":\"https:\\\/\\\/secure.gravatar.com\\\/avatar\\\/eac43faa6e40bb2c41068c95c9d78bbd94c476d5efdff7abaab80bb3ea681e06?s=96&d=mm&r=g\",\"contentUrl\":\"https:\\\/\\\/secure.gravatar.com\\\/avatar\\\/eac43faa6e40bb2c41068c95c9d78bbd94c476d5efdff7abaab80bb3ea681e06?s=96&d=mm&r=g\",\"caption\":\"stefanie Zeng\"},\"url\":\"https:\\\/\\\/news.save.ch\\\/de\\\/author\\\/stefanie-zeng\\\/\"}]}<\/script>\n<!-- \/ Yoast SEO plugin. -->","yoast_head_json":{"title":"Stadtb\u00e4ume k\u00fchlen auch bei extremer Hitze - Save","description":"Platanen in St\u00e4dten leisten selbst bei grosser Hitze noch einen wichtigen Beitrag zur Abk\u00fchlung \u2013 das zeigt eine neue Studie.","robots":{"index":"index","follow":"follow","max-snippet":"max-snippet:-1","max-image-preview":"max-image-preview:large","max-video-preview":"max-video-preview:-1"},"canonical":"https:\/\/news.save.ch\/de\/stadtbaeume-kuehlen-auch-bei-extremer-hitze\/","og_locale":"de_DE","og_type":"article","og_title":"Stadtb\u00e4ume k\u00fchlen auch bei extremer Hitze - Save","og_description":"Platanen in St\u00e4dten leisten selbst bei grosser Hitze noch einen wichtigen Beitrag zur Abk\u00fchlung \u2013 das zeigt eine neue Studie.","og_url":"https:\/\/news.save.ch\/de\/stadtbaeume-kuehlen-auch-bei-extremer-hitze\/","og_site_name":"Save","article_published_time":"2025-07-25T11:20:15+00:00","article_modified_time":"2025-08-06T11:23:15+00:00","og_image":[{"width":1400,"height":1050,"url":"https:\/\/news.save.ch\/wp-content\/uploads\/2025\/08\/IMG_5654-scaled.jpg","type":"image\/jpeg"}],"author":"stefanie Zeng","twitter_card":"summary_large_image","twitter_misc":{"Geschrieben von":"stefanie Zeng","Gesch\u00e4tzte Lesezeit":"3\u00a0Minuten"},"schema":{"@context":"https:\/\/schema.org","@graph":[{"@type":"Article","@id":"https:\/\/news.save.ch\/stadtbaeume-kuehlen-auch-bei-extremer-hitze\/#article","isPartOf":{"@id":"https:\/\/news.save.ch\/stadtbaeume-kuehlen-auch-bei-extremer-hitze\/"},"author":{"name":"stefanie Zeng","@id":"https:\/\/news.save.ch\/de\/#\/schema\/person\/10917387362b3961e882740f6cf6f2a2"},"headline":"Stadtb\u00e4ume k\u00fchlen auch bei extremer Hitze","datePublished":"2025-07-25T11:20:15+00:00","dateModified":"2025-08-06T11:23:15+00:00","mainEntityOfPage":{"@id":"https:\/\/news.save.ch\/stadtbaeume-kuehlen-auch-bei-extremer-hitze\/"},"wordCount":411,"publisher":{"@id":"https:\/\/news.save.ch\/de\/#organization"},"image":{"@id":"https:\/\/news.save.ch\/stadtbaeume-kuehlen-auch-bei-extremer-hitze\/#primaryimage"},"thumbnailUrl":"https:\/\/news.save.ch\/wp-content\/uploads\/2025\/08\/IMG_5654-scaled.jpg","keywords":["B\u00e4ume","Beschattung","Extremhitze"],"articleSection":["HEALTH &amp; SAFETY"],"inLanguage":"de"},{"@type":"WebPage","@id":"https:\/\/news.save.ch\/stadtbaeume-kuehlen-auch-bei-extremer-hitze\/","url":"https:\/\/news.save.ch\/stadtbaeume-kuehlen-auch-bei-extremer-hitze\/","name":"Stadtb\u00e4ume k\u00fchlen auch bei extremer Hitze - Save","isPartOf":{"@id":"https:\/\/news.save.ch\/de\/#website"},"primaryImageOfPage":{"@id":"https:\/\/news.save.ch\/stadtbaeume-kuehlen-auch-bei-extremer-hitze\/#primaryimage"},"image":{"@id":"https:\/\/news.save.ch\/stadtbaeume-kuehlen-auch-bei-extremer-hitze\/#primaryimage"},"thumbnailUrl":"https:\/\/news.save.ch\/wp-content\/uploads\/2025\/08\/IMG_5654-scaled.jpg","datePublished":"2025-07-25T11:20:15+00:00","dateModified":"2025-08-06T11:23:15+00:00","description":"Platanen in St\u00e4dten leisten selbst bei grosser Hitze noch einen wichtigen Beitrag zur Abk\u00fchlung \u2013 das zeigt eine neue Studie.","breadcrumb":{"@id":"https:\/\/news.save.ch\/stadtbaeume-kuehlen-auch-bei-extremer-hitze\/#breadcrumb"},"inLanguage":"de","potentialAction":[{"@type":"ReadAction","target":["https:\/\/news.save.ch\/stadtbaeume-kuehlen-auch-bei-extremer-hitze\/"]}]},{"@type":"ImageObject","inLanguage":"de","@id":"https:\/\/news.save.ch\/stadtbaeume-kuehlen-auch-bei-extremer-hitze\/#primaryimage","url":"https:\/\/news.save.ch\/wp-content\/uploads\/2025\/08\/IMG_5654-scaled.jpg","contentUrl":"https:\/\/news.save.ch\/wp-content\/uploads\/2025\/08\/IMG_5654-scaled.jpg","width":1200,"height":900,"caption":"Platz im Genfer Vorort Lancy: An diesen acht Platanen fand der Versuch statt. (Foto: Christoph Bachofen)"},{"@type":"BreadcrumbList","@id":"https:\/\/news.save.ch\/stadtbaeume-kuehlen-auch-bei-extremer-hitze\/#breadcrumb","itemListElement":[{"@type":"ListItem","position":1,"name":"Home","item":"https:\/\/news.save.ch\/de\/"},{"@type":"ListItem","position":2,"name":"Stadtb\u00e4ume k\u00fchlen auch bei extremer Hitze"}]},{"@type":"WebSite","@id":"https:\/\/news.save.ch\/de\/#website","url":"https:\/\/news.save.ch\/de\/","name":"Save","description":"Schweizer Fachzeitschrift f\u00fcr Sicherheit","publisher":{"@id":"https:\/\/news.save.ch\/de\/#organization"},"potentialAction":[{"@type":"SearchAction","target":{"@type":"EntryPoint","urlTemplate":"https:\/\/news.save.ch\/de\/?s={search_term_string}"},"query-input":{"@type":"PropertyValueSpecification","valueRequired":true,"valueName":"search_term_string"}}],"inLanguage":"de"},{"@type":"Organization","@id":"https:\/\/news.save.ch\/de\/#organization","name":"Sicherheitsforum","url":"https:\/\/news.save.ch\/de\/","logo":{"@type":"ImageObject","inLanguage":"de","@id":"https:\/\/news.save.ch\/de\/#\/schema\/logo\/image\/","url":"https:\/\/news.save.ch\/wp-content\/uploads\/2022\/06\/Logo_SF_2012.png","contentUrl":"https:\/\/news.save.ch\/wp-content\/uploads\/2022\/06\/Logo_SF_2012.png","width":1100,"height":91,"caption":"Sicherheitsforum"},"image":{"@id":"https:\/\/news.save.ch\/de\/#\/schema\/logo\/image\/"}},{"@type":"Person","@id":"https:\/\/news.save.ch\/de\/#\/schema\/person\/10917387362b3961e882740f6cf6f2a2","name":"stefanie Zeng","image":{"@type":"ImageObject","inLanguage":"de","@id":"https:\/\/secure.gravatar.com\/avatar\/eac43faa6e40bb2c41068c95c9d78bbd94c476d5efdff7abaab80bb3ea681e06?s=96&d=mm&r=g","url":"https:\/\/secure.gravatar.com\/avatar\/eac43faa6e40bb2c41068c95c9d78bbd94c476d5efdff7abaab80bb3ea681e06?s=96&d=mm&r=g","contentUrl":"https:\/\/secure.gravatar.com\/avatar\/eac43faa6e40bb2c41068c95c9d78bbd94c476d5efdff7abaab80bb3ea681e06?s=96&d=mm&r=g","caption":"stefanie Zeng"},"url":"https:\/\/news.save.ch\/de\/author\/stefanie-zeng\/"}]}},"_links":{"self":[{"href":"https:\/\/news.save.ch\/de\/wp-json\/wp\/v2\/posts\/24418","targetHints":{"allow":["GET"]}}],"collection":[{"href":"https:\/\/news.save.ch\/de\/wp-json\/wp\/v2\/posts"}],"about":[{"href":"https:\/\/news.save.ch\/de\/wp-json\/wp\/v2\/types\/post"}],"author":[{"embeddable":true,"href":"https:\/\/news.save.ch\/de\/wp-json\/wp\/v2\/users\/31"}],"replies":[{"embeddable":true,"href":"https:\/\/news.save.ch\/de\/wp-json\/wp\/v2\/comments?post=24418"}],"version-history":[{"count":2,"href":"https:\/\/news.save.ch\/de\/wp-json\/wp\/v2\/posts\/24418\/revisions"}],"predecessor-version":[{"id":24421,"href":"https:\/\/news.save.ch\/de\/wp-json\/wp\/v2\/posts\/24418\/revisions\/24421"}],"wp:featuredmedia":[{"embeddable":true,"href":"https:\/\/news.save.ch\/de\/wp-json\/wp\/v2\/media\/24419"}],"wp:attachment":[{"href":"https:\/\/news.save.ch\/de\/wp-json\/wp\/v2\/media?parent=24418"}],"wp:term":[{"taxonomy":"category","embeddable":true,"href":"https:\/\/news.save.ch\/de\/wp-json\/wp\/v2\/categories?post=24418"},{"taxonomy":"post_tag","embeddable":true,"href":"https:\/\/news.save.ch\/de\/wp-json\/wp\/v2\/tags?post=24418"}],"curies":[{"name":"wp","href":"https:\/\/api.w.org\/{rel}","templated":true}]}}