{"id":2444,"date":"2016-07-28T11:39:20","date_gmt":"2016-07-28T09:39:20","guid":{"rendered":"https:\/\/dev.sicherheitsforum.ch\/?p=2444"},"modified":"2016-07-28T11:39:20","modified_gmt":"2016-07-28T09:39:20","slug":"personelle-aenderungen-im-hause-tus","status":null,"type":"post","link":"https:\/\/news.save.ch\/de\/personelle-aenderungen-im-hause-tus\/","title":{"rendered":"Personelle \u00c4nderungen im Hause TUS"},"content":{"rendered":"<figure id=\"attachment_2445\" aria-describedby=\"caption-attachment-2445\" style=\"width: 667px\" class=\"wp-caption alignnone\"><img loading=\"lazy\" decoding=\"async\" class=\"size-medium wp-image-2445\" src=\"https:\/\/news.save.ch\/wp-content\/uploads\/2016\/12\/Personelle-Aenderungen-im-Hause-TUS_sicherheitsforum-scaled-1.jpg\" alt=\"\" width=\"667\" height=\"1000\" \/><figcaption id=\"caption-attachment-2445\" class=\"wp-caption-text\">Neu Mitglied der TUS-Gesch\u00e4ftsleitung: Monika Iseli.<\/figcaption><\/figure>\n<p>Im Juni 2016 wurde <strong>Monika Iseli<\/strong> in die Gesch\u00e4ftsleitung der <a href=\"https:\/\/www.igtus.ch\" target=\"_blank\" rel=\"noreferrer noopener\" data-cke-saved-href=\"https:\/\/www.igtus.ch\">TUS<\/a>\u00a0berufen; in dieser Funktion ist sie seit dem 1. Juli. Damit sind nun auch die zentralen Themen Finanzen und Prozesse direkt und ohne Umwege in der Gesch\u00e4ftsleitung vertreten, wie die TUS schreibt. Iseli ist seit zehn Jahren beim Unternehmen t\u00e4tig und seit mehreren Jahren f\u00fcr die Finanzen, Prozesse und Auftragsbearbeitung verantwortlich.<\/p>\n<p><strong>J\u00fcrg Steiner<\/strong> ist seit Dezember 2010 als Leiter von Grossprojekten bei TUS t\u00e4tig. Seit ein paar Monaten arbeitet er je im Teilzeitpensum f\u00fcr die Alarmspezialistin und f\u00fcr die Securitas Gruppe. Ab 1. September wird er jedoch vollumf\u00e4nglich im Securitas-Team Business Development International, kurz BDI, aktiv sein.\u00a0In j\u00fcngster Vergangenheit habe sich Steiner um die Abl\u00f6sung aller noch\u00a0vorhandenen analogen Alarm-\u00dcbermittlungsger\u00e4te und deren Migration\u00a0auf IP-Endger\u00e4te gek\u00fcmmert, so TUS.<\/p>\n<p>Steiner trat auch als Autor in der Fachzeitschrift SicherheitsForum in Erscheinung\u00a0(siehe sein <a href=\"\/wp-content\/uploads\/2016\/12\/DieOhnmacht-vordentechnischenLifecycles.pdf\" target=\"_blank\" rel=\"noreferrer noopener\" data-cke-saved-href=\"https:\/\/hamster.ch\/attachment\/die-ohnmacht-vor-den-technischen-lifecycles\">Hintergrundartikel<\/a>\u00a0auf der SF-Wissensdatenbank zum Thema &#8222;Alarmierung &#8211; Mobilfunk&#8220;).<\/p>\n","protected":false},"excerpt":{"rendered":"<p>Im Juni 2016 wurde Monika Iseli in die Gesch\u00e4ftsleitung der TUS\u00a0berufen; in dieser Funktion ist sie seit dem 1. Juli. Damit sind nun auch die zentralen Themen Finanzen und Prozesse direkt und ohne Umwege in der Gesch\u00e4ftsleitung vertreten, wie die TUS schreibt. Iseli ist seit zehn Jahren beim Unternehmen t\u00e4tig und seit mehreren Jahren f\u00fcr [&hellip;]<\/p>\n","protected":false},"author":1,"featured_media":2445,"comment_status":"open","ping_status":"open","sticky":false,"template":"","format":"standard","meta":{"_acf_changed":false,"pgc_sgb_lightbox_settings":"","footnotes":""},"categories":[1],"tags":[151,144,65],"class_list":["post-2444","post","type-post","status-publish","format-standard","has-post-thumbnail","hentry","category-allgemein","tag-alarmierung","tag-personalien","tag-unternehmen"],"acf":[],"hkrextid":null,"publication":null,"issue":null,"workflow":null,"startPage":null,"spitzmarke":null,"_posts_by_tag_page_fields":{"widget_title":"","widget_tags":""},"_at_widget":"1","_yoast_wpseo_primary_category":"","_yoast_wpseo_focuskw_text_input":"TUS","_yoast_wpseo_opengraph-image":"https:\/\/news.save.ch\/wp-content\/uploads\/2016\/12\/Personelle-\u00c4nderungen-im-Hause-TUS_sicherheitsforum.jpg","_yoast_wpseo_opengraph-description":"Bei TUS, Telekommunikation und Sicherheit, gibt es personelle \u00c4nderungen: Monika Iseli ist neu in der TUS-Gesch\u00e4ftsleitung und J\u00fcrg Steiner wechselt zur Securitas Gruppe.","_yoast_wpseo_opengraph-title":"Personelle \u00c4nderungen im Hause TUS","enclosure":null,"_yoast_wpseo_twitter-title":null,"_yoast_wpseo_twitter-description":null,"_yoast_wpseo_twitter-image":null,"_wp_old_slug":null,"_yoast_wpseo_title":null,"_yoast_wpseo_canonical":null,"yoast_head":"<!-- This site is optimized with the Yoast SEO plugin v27.5 - https:\/\/yoast.com\/product\/yoast-seo-wordpress\/ -->\n<title>Personelle \u00c4nderungen im Hause TUS - Save<\/title>\n<meta name=\"description\" content=\"Bei TUS, Telekommunikation und Sicherheit, gibt es personelle \u00c4nderungen: Monika Iseli ist neu in der Gesch\u00e4ftsleitung.\" \/>\n<meta name=\"robots\" content=\"index, follow, max-snippet:-1, max-image-preview:large, max-video-preview:-1\" \/>\n<link rel=\"canonical\" href=\"https:\/\/news.save.ch\/de\/personelle-aenderungen-im-hause-tus\/\" \/>\n<meta property=\"og:locale\" content=\"de_DE\" \/>\n<meta property=\"og:type\" content=\"article\" \/>\n<meta property=\"og:title\" content=\"Personelle \u00c4nderungen im Hause TUS\" \/>\n<meta property=\"og:description\" content=\"Bei TUS, Telekommunikation und Sicherheit, gibt es personelle \u00c4nderungen: Monika Iseli ist neu in der TUS-Gesch\u00e4ftsleitung und J\u00fcrg Steiner wechselt zur Securitas Gruppe.\" \/>\n<meta property=\"og:url\" content=\"https:\/\/news.save.ch\/de\/personelle-aenderungen-im-hause-tus\/\" \/>\n<meta property=\"og:site_name\" content=\"Save\" \/>\n<meta property=\"article:published_time\" content=\"2016-07-28T09:39:20+00:00\" \/>\n<meta property=\"og:image\" content=\"https:\/\/news.save.ch\/wp-content\/uploads\/2016\/12\/Personelle-\u00c4nderungen-im-Hause-TUS_sicherheitsforum.jpg\" \/>\n<meta name=\"author\" content=\"admin\" \/>\n<meta name=\"twitter:card\" content=\"summary_large_image\" \/>\n<meta name=\"twitter:label1\" content=\"Geschrieben von\" \/>\n\t<meta name=\"twitter:data1\" content=\"admin\" \/>\n\t<meta name=\"twitter:label2\" content=\"Gesch\u00e4tzte Lesezeit\" \/>\n\t<meta name=\"twitter:data2\" content=\"1\u00a0Minute\" \/>\n<script type=\"application\/ld+json\" class=\"yoast-schema-graph\">{\"@context\":\"https:\\\/\\\/schema.org\",\"@graph\":[{\"@type\":\"Article\",\"@id\":\"https:\\\/\\\/news.save.ch\\\/personelle-aenderungen-im-hause-tus\\\/#article\",\"isPartOf\":{\"@id\":\"https:\\\/\\\/news.save.ch\\\/personelle-aenderungen-im-hause-tus\\\/\"},\"author\":{\"name\":\"admin\",\"@id\":\"https:\\\/\\\/news.save.ch\\\/de\\\/#\\\/schema\\\/person\\\/d49e199490bad7c70d64b9ab51142f2b\"},\"headline\":\"Personelle \u00c4nderungen im Hause TUS\",\"datePublished\":\"2016-07-28T09:39:20+00:00\",\"mainEntityOfPage\":{\"@id\":\"https:\\\/\\\/news.save.ch\\\/personelle-aenderungen-im-hause-tus\\\/\"},\"wordCount\":182,\"commentCount\":0,\"publisher\":{\"@id\":\"https:\\\/\\\/news.save.ch\\\/de\\\/#organization\"},\"image\":{\"@id\":\"https:\\\/\\\/news.save.ch\\\/personelle-aenderungen-im-hause-tus\\\/#primaryimage\"},\"thumbnailUrl\":\"https:\\\/\\\/news.save.ch\\\/wp-content\\\/uploads\\\/2016\\\/12\\\/Personelle-Aenderungen-im-Hause-TUS_sicherheitsforum-scaled-1-scaled.jpg\",\"keywords\":[\"Alarmierung\",\"Personalien\",\"Unternehmen\"],\"articleSection\":[\"ALLGEMEIN\"],\"inLanguage\":\"de\"},{\"@type\":\"WebPage\",\"@id\":\"https:\\\/\\\/news.save.ch\\\/personelle-aenderungen-im-hause-tus\\\/\",\"url\":\"https:\\\/\\\/news.save.ch\\\/personelle-aenderungen-im-hause-tus\\\/\",\"name\":\"Personelle \u00c4nderungen im Hause TUS - Save\",\"isPartOf\":{\"@id\":\"https:\\\/\\\/news.save.ch\\\/de\\\/#website\"},\"primaryImageOfPage\":{\"@id\":\"https:\\\/\\\/news.save.ch\\\/personelle-aenderungen-im-hause-tus\\\/#primaryimage\"},\"image\":{\"@id\":\"https:\\\/\\\/news.save.ch\\\/personelle-aenderungen-im-hause-tus\\\/#primaryimage\"},\"thumbnailUrl\":\"https:\\\/\\\/news.save.ch\\\/wp-content\\\/uploads\\\/2016\\\/12\\\/Personelle-Aenderungen-im-Hause-TUS_sicherheitsforum-scaled-1-scaled.jpg\",\"datePublished\":\"2016-07-28T09:39:20+00:00\",\"description\":\"Bei TUS, Telekommunikation und Sicherheit, gibt es personelle \u00c4nderungen: Monika Iseli ist neu in der Gesch\u00e4ftsleitung.\",\"breadcrumb\":{\"@id\":\"https:\\\/\\\/news.save.ch\\\/personelle-aenderungen-im-hause-tus\\\/#breadcrumb\"},\"inLanguage\":\"de\",\"potentialAction\":[{\"@type\":\"ReadAction\",\"target\":[\"https:\\\/\\\/news.save.ch\\\/personelle-aenderungen-im-hause-tus\\\/\"]}]},{\"@type\":\"ImageObject\",\"inLanguage\":\"de\",\"@id\":\"https:\\\/\\\/news.save.ch\\\/personelle-aenderungen-im-hause-tus\\\/#primaryimage\",\"url\":\"https:\\\/\\\/news.save.ch\\\/wp-content\\\/uploads\\\/2016\\\/12\\\/Personelle-Aenderungen-im-Hause-TUS_sicherheitsforum-scaled-1-scaled.jpg\",\"contentUrl\":\"https:\\\/\\\/news.save.ch\\\/wp-content\\\/uploads\\\/2016\\\/12\\\/Personelle-Aenderungen-im-Hause-TUS_sicherheitsforum-scaled-1-scaled.jpg\",\"width\":933,\"height\":1400,\"caption\":\"Neu Mitglied der TUS-Gesch\u00e4ftsleitung: Monika Iseli.\"},{\"@type\":\"BreadcrumbList\",\"@id\":\"https:\\\/\\\/news.save.ch\\\/personelle-aenderungen-im-hause-tus\\\/#breadcrumb\",\"itemListElement\":[{\"@type\":\"ListItem\",\"position\":1,\"name\":\"Home\",\"item\":\"https:\\\/\\\/news.save.ch\\\/de\\\/\"},{\"@type\":\"ListItem\",\"position\":2,\"name\":\"Personelle \u00c4nderungen im Hause TUS\"}]},{\"@type\":\"WebSite\",\"@id\":\"https:\\\/\\\/news.save.ch\\\/de\\\/#website\",\"url\":\"https:\\\/\\\/news.save.ch\\\/de\\\/\",\"name\":\"Save\",\"description\":\"Schweizer Fachzeitschrift f\u00fcr Sicherheit\",\"publisher\":{\"@id\":\"https:\\\/\\\/news.save.ch\\\/de\\\/#organization\"},\"potentialAction\":[{\"@type\":\"SearchAction\",\"target\":{\"@type\":\"EntryPoint\",\"urlTemplate\":\"https:\\\/\\\/news.save.ch\\\/de\\\/?s={search_term_string}\"},\"query-input\":{\"@type\":\"PropertyValueSpecification\",\"valueRequired\":true,\"valueName\":\"search_term_string\"}}],\"inLanguage\":\"de\"},{\"@type\":\"Organization\",\"@id\":\"https:\\\/\\\/news.save.ch\\\/de\\\/#organization\",\"name\":\"Sicherheitsforum\",\"url\":\"https:\\\/\\\/news.save.ch\\\/de\\\/\",\"logo\":{\"@type\":\"ImageObject\",\"inLanguage\":\"de\",\"@id\":\"https:\\\/\\\/news.save.ch\\\/de\\\/#\\\/schema\\\/logo\\\/image\\\/\",\"url\":\"https:\\\/\\\/news.save.ch\\\/wp-content\\\/uploads\\\/2022\\\/06\\\/Logo_SF_2012.png\",\"contentUrl\":\"https:\\\/\\\/news.save.ch\\\/wp-content\\\/uploads\\\/2022\\\/06\\\/Logo_SF_2012.png\",\"width\":1100,\"height\":91,\"caption\":\"Sicherheitsforum\"},\"image\":{\"@id\":\"https:\\\/\\\/news.save.ch\\\/de\\\/#\\\/schema\\\/logo\\\/image\\\/\"}},{\"@type\":\"Person\",\"@id\":\"https:\\\/\\\/news.save.ch\\\/de\\\/#\\\/schema\\\/person\\\/d49e199490bad7c70d64b9ab51142f2b\",\"name\":\"admin\",\"image\":{\"@type\":\"ImageObject\",\"inLanguage\":\"de\",\"@id\":\"https:\\\/\\\/secure.gravatar.com\\\/avatar\\\/ae2f4d718e6c49043e314ce431e7e645d646302a24a5ef5a8bc8e3f5a032e319?s=96&d=mm&r=g\",\"url\":\"https:\\\/\\\/secure.gravatar.com\\\/avatar\\\/ae2f4d718e6c49043e314ce431e7e645d646302a24a5ef5a8bc8e3f5a032e319?s=96&d=mm&r=g\",\"contentUrl\":\"https:\\\/\\\/secure.gravatar.com\\\/avatar\\\/ae2f4d718e6c49043e314ce431e7e645d646302a24a5ef5a8bc8e3f5a032e319?s=96&d=mm&r=g\",\"caption\":\"admin\"},\"sameAs\":[\"https:\\\/\\\/develop.organisator.galledia.ch\"],\"url\":\"https:\\\/\\\/news.save.ch\\\/de\\\/author\\\/admin\\\/\"}]}<\/script>\n<!-- \/ Yoast SEO plugin. -->","yoast_head_json":{"title":"Personelle \u00c4nderungen im Hause TUS - Save","description":"Bei TUS, Telekommunikation und Sicherheit, gibt es personelle \u00c4nderungen: Monika Iseli ist neu in der Gesch\u00e4ftsleitung.","robots":{"index":"index","follow":"follow","max-snippet":"max-snippet:-1","max-image-preview":"max-image-preview:large","max-video-preview":"max-video-preview:-1"},"canonical":"https:\/\/news.save.ch\/de\/personelle-aenderungen-im-hause-tus\/","og_locale":"de_DE","og_type":"article","og_title":"Personelle \u00c4nderungen im Hause TUS","og_description":"Bei TUS, Telekommunikation und Sicherheit, gibt es personelle \u00c4nderungen: Monika Iseli ist neu in der TUS-Gesch\u00e4ftsleitung und J\u00fcrg Steiner wechselt zur Securitas Gruppe.","og_url":"https:\/\/news.save.ch\/de\/personelle-aenderungen-im-hause-tus\/","og_site_name":"Save","article_published_time":"2016-07-28T09:39:20+00:00","og_image":[{"url":"https:\/\/news.save.ch\/wp-content\/uploads\/2016\/12\/Personelle-\u00c4nderungen-im-Hause-TUS_sicherheitsforum.jpg","type":"","width":"","height":""}],"author":"admin","twitter_card":"summary_large_image","twitter_misc":{"Geschrieben von":"admin","Gesch\u00e4tzte Lesezeit":"1\u00a0Minute"},"schema":{"@context":"https:\/\/schema.org","@graph":[{"@type":"Article","@id":"https:\/\/news.save.ch\/personelle-aenderungen-im-hause-tus\/#article","isPartOf":{"@id":"https:\/\/news.save.ch\/personelle-aenderungen-im-hause-tus\/"},"author":{"name":"admin","@id":"https:\/\/news.save.ch\/de\/#\/schema\/person\/d49e199490bad7c70d64b9ab51142f2b"},"headline":"Personelle \u00c4nderungen im Hause TUS","datePublished":"2016-07-28T09:39:20+00:00","mainEntityOfPage":{"@id":"https:\/\/news.save.ch\/personelle-aenderungen-im-hause-tus\/"},"wordCount":182,"commentCount":0,"publisher":{"@id":"https:\/\/news.save.ch\/de\/#organization"},"image":{"@id":"https:\/\/news.save.ch\/personelle-aenderungen-im-hause-tus\/#primaryimage"},"thumbnailUrl":"https:\/\/news.save.ch\/wp-content\/uploads\/2016\/12\/Personelle-Aenderungen-im-Hause-TUS_sicherheitsforum-scaled-1-scaled.jpg","keywords":["Alarmierung","Personalien","Unternehmen"],"articleSection":["ALLGEMEIN"],"inLanguage":"de"},{"@type":"WebPage","@id":"https:\/\/news.save.ch\/personelle-aenderungen-im-hause-tus\/","url":"https:\/\/news.save.ch\/personelle-aenderungen-im-hause-tus\/","name":"Personelle \u00c4nderungen im Hause TUS - Save","isPartOf":{"@id":"https:\/\/news.save.ch\/de\/#website"},"primaryImageOfPage":{"@id":"https:\/\/news.save.ch\/personelle-aenderungen-im-hause-tus\/#primaryimage"},"image":{"@id":"https:\/\/news.save.ch\/personelle-aenderungen-im-hause-tus\/#primaryimage"},"thumbnailUrl":"https:\/\/news.save.ch\/wp-content\/uploads\/2016\/12\/Personelle-Aenderungen-im-Hause-TUS_sicherheitsforum-scaled-1-scaled.jpg","datePublished":"2016-07-28T09:39:20+00:00","description":"Bei TUS, Telekommunikation und Sicherheit, gibt es personelle \u00c4nderungen: Monika Iseli ist neu in der Gesch\u00e4ftsleitung.","breadcrumb":{"@id":"https:\/\/news.save.ch\/personelle-aenderungen-im-hause-tus\/#breadcrumb"},"inLanguage":"de","potentialAction":[{"@type":"ReadAction","target":["https:\/\/news.save.ch\/personelle-aenderungen-im-hause-tus\/"]}]},{"@type":"ImageObject","inLanguage":"de","@id":"https:\/\/news.save.ch\/personelle-aenderungen-im-hause-tus\/#primaryimage","url":"https:\/\/news.save.ch\/wp-content\/uploads\/2016\/12\/Personelle-Aenderungen-im-Hause-TUS_sicherheitsforum-scaled-1-scaled.jpg","contentUrl":"https:\/\/news.save.ch\/wp-content\/uploads\/2016\/12\/Personelle-Aenderungen-im-Hause-TUS_sicherheitsforum-scaled-1-scaled.jpg","width":933,"height":1400,"caption":"Neu Mitglied der TUS-Gesch\u00e4ftsleitung: Monika Iseli."},{"@type":"BreadcrumbList","@id":"https:\/\/news.save.ch\/personelle-aenderungen-im-hause-tus\/#breadcrumb","itemListElement":[{"@type":"ListItem","position":1,"name":"Home","item":"https:\/\/news.save.ch\/de\/"},{"@type":"ListItem","position":2,"name":"Personelle \u00c4nderungen im Hause TUS"}]},{"@type":"WebSite","@id":"https:\/\/news.save.ch\/de\/#website","url":"https:\/\/news.save.ch\/de\/","name":"Save","description":"Schweizer Fachzeitschrift f\u00fcr Sicherheit","publisher":{"@id":"https:\/\/news.save.ch\/de\/#organization"},"potentialAction":[{"@type":"SearchAction","target":{"@type":"EntryPoint","urlTemplate":"https:\/\/news.save.ch\/de\/?s={search_term_string}"},"query-input":{"@type":"PropertyValueSpecification","valueRequired":true,"valueName":"search_term_string"}}],"inLanguage":"de"},{"@type":"Organization","@id":"https:\/\/news.save.ch\/de\/#organization","name":"Sicherheitsforum","url":"https:\/\/news.save.ch\/de\/","logo":{"@type":"ImageObject","inLanguage":"de","@id":"https:\/\/news.save.ch\/de\/#\/schema\/logo\/image\/","url":"https:\/\/news.save.ch\/wp-content\/uploads\/2022\/06\/Logo_SF_2012.png","contentUrl":"https:\/\/news.save.ch\/wp-content\/uploads\/2022\/06\/Logo_SF_2012.png","width":1100,"height":91,"caption":"Sicherheitsforum"},"image":{"@id":"https:\/\/news.save.ch\/de\/#\/schema\/logo\/image\/"}},{"@type":"Person","@id":"https:\/\/news.save.ch\/de\/#\/schema\/person\/d49e199490bad7c70d64b9ab51142f2b","name":"admin","image":{"@type":"ImageObject","inLanguage":"de","@id":"https:\/\/secure.gravatar.com\/avatar\/ae2f4d718e6c49043e314ce431e7e645d646302a24a5ef5a8bc8e3f5a032e319?s=96&d=mm&r=g","url":"https:\/\/secure.gravatar.com\/avatar\/ae2f4d718e6c49043e314ce431e7e645d646302a24a5ef5a8bc8e3f5a032e319?s=96&d=mm&r=g","contentUrl":"https:\/\/secure.gravatar.com\/avatar\/ae2f4d718e6c49043e314ce431e7e645d646302a24a5ef5a8bc8e3f5a032e319?s=96&d=mm&r=g","caption":"admin"},"sameAs":["https:\/\/develop.organisator.galledia.ch"],"url":"https:\/\/news.save.ch\/de\/author\/admin\/"}]}},"_links":{"self":[{"href":"https:\/\/news.save.ch\/de\/wp-json\/wp\/v2\/posts\/2444","targetHints":{"allow":["GET"]}}],"collection":[{"href":"https:\/\/news.save.ch\/de\/wp-json\/wp\/v2\/posts"}],"about":[{"href":"https:\/\/news.save.ch\/de\/wp-json\/wp\/v2\/types\/post"}],"author":[{"embeddable":true,"href":"https:\/\/news.save.ch\/de\/wp-json\/wp\/v2\/users\/1"}],"replies":[{"embeddable":true,"href":"https:\/\/news.save.ch\/de\/wp-json\/wp\/v2\/comments?post=2444"}],"version-history":[{"count":0,"href":"https:\/\/news.save.ch\/de\/wp-json\/wp\/v2\/posts\/2444\/revisions"}],"wp:featuredmedia":[{"embeddable":true,"href":"https:\/\/news.save.ch\/de\/wp-json\/wp\/v2\/media\/2445"}],"wp:attachment":[{"href":"https:\/\/news.save.ch\/de\/wp-json\/wp\/v2\/media?parent=2444"}],"wp:term":[{"taxonomy":"category","embeddable":true,"href":"https:\/\/news.save.ch\/de\/wp-json\/wp\/v2\/categories?post=2444"},{"taxonomy":"post_tag","embeddable":true,"href":"https:\/\/news.save.ch\/de\/wp-json\/wp\/v2\/tags?post=2444"}],"curies":[{"name":"wp","href":"https:\/\/api.w.org\/{rel}","templated":true}]}}