{"id":24471,"date":"2025-08-20T14:07:54","date_gmt":"2025-08-20T12:07:54","guid":{"rendered":"https:\/\/news.save.ch\/?p=24471"},"modified":"2025-08-20T14:07:56","modified_gmt":"2025-08-20T12:07:56","slug":"bundesrat-evaluiert-den-einsatz-von-elektronischen-fussfesseln","status":null,"type":"post","link":"https:\/\/news.save.ch\/de\/bundesrat-evaluiert-den-einsatz-von-elektronischen-fussfesseln\/","title":{"rendered":"Bundesrat evaluiert den Einsatz von elektronischen Fussfesseln"},"content":{"rendered":"<p><a href=\"https:\/\/news.save.ch\/bundesrat-evaluiert-den-einsatz-von-elektronischen-fussfesseln\/depositphotos_667163178_s\/\" rel=\"attachment wp-att-24472\"><img loading=\"lazy\" decoding=\"async\" class=\"alignnone size-full wp-image-24472\" src=\"https:\/\/news.save.ch\/wp-content\/uploads\/2025\/08\/Depositphotos_667163178_S.jpg\" alt=\"\" width=\"1000\" height=\"667\" srcset=\"https:\/\/news.save.ch\/wp-content\/uploads\/2025\/08\/Depositphotos_667163178_S.jpg 1000w, https:\/\/news.save.ch\/wp-content\/uploads\/2025\/08\/Depositphotos_667163178_S-680x454.jpg 680w, https:\/\/news.save.ch\/wp-content\/uploads\/2025\/08\/Depositphotos_667163178_S-768x512.jpg 768w, https:\/\/news.save.ch\/wp-content\/uploads\/2025\/08\/Depositphotos_667163178_S-18x12.jpg 18w, https:\/\/news.save.ch\/wp-content\/uploads\/2025\/08\/Depositphotos_667163178_S-375x250.jpg 375w, https:\/\/news.save.ch\/wp-content\/uploads\/2025\/08\/Depositphotos_667163178_S-525x350.jpg 525w\" sizes=\"auto, (max-width: 1000px) 100vw, 1000px\" \/><\/a><\/p>\n<p id=\"doc-1j33idfoo0\" class=\"font--regular\">Seit dem 1. Januar 2018 kann das Electronic Monitoring (elektronische \u00dcberwachung mittels einer Fussfessel) in bestimmten F\u00e4llen als alternative Form des Strafvollzugs eingesetzt werden. Voraussetzung ist, dass von der verurteilten Person weder eine Fluchtgefahr noch das Risiko der Aus\u00fcbung weiterer Straftaten ausgeht. Die elektronische \u00dcberwachung kann als Alternative zum Strafvollzug im Gef\u00e4ngnis dienen und zur besseren Wiedereingliederung des T\u00e4ters oder der T\u00e4terin beitragen. Die minimale und maximale Dauer, in welcher die elektronische \u00dcberwachung eingesetzt werden kann, ist im Strafgesetzbuch (StGB) festgehalten.<\/p>\n<p id=\"doc-1j33idqc70\" class=\"font--regular\">Im Auftrag des Parlaments (Postulat 16.3632) hat der Bundesrat nun die Praxiserfahrungen der ersten f\u00fcnf Jahre seit Inkrafttreten ausgewertet und die Ergebnisse in einem Postulatsbericht festgehalten, den er an seiner Sitzung vom 20. August 2025 verabschiedet hat. Der Bericht zeigt, dass die Kantone die M\u00f6glichkeit der elektronischen Fussfessel zunehmend nutzen. Die elektronische \u00dcberwachung bietet zahlreiche Vorteile. Sie tr\u00e4gt insbesondere dazu bei, die teils sehr angespannte Situation aufgrund knapper Gef\u00e4ngnispl\u00e4tze zu entsch\u00e4rfen. Zudem erm\u00f6glicht sie der verurteilten Person, w\u00e4hrend der Strafverb\u00fcssung weitgehend in ihr soziales Umfeld eingebunden zu bleiben, was die Wiedereingliederung nach Verb\u00fcssung der Strafe deutlich erleichtert.<\/p>\n<p id=\"doc-1j33idqcb0\" class=\"font--regular\">Der Bericht zeigt jedoch auch deutliche Unterschiede zwischen den Kantonen in Bezug auf die H\u00e4ufigkeit des Einsatzes von Electronic Monitoring. Besonders h\u00e4ufig genutzt wird diese Massnahme in st\u00e4dtisch gepr\u00e4gten Kantonen sowie in jenen, die bereits vor der schweizweiten Einf\u00fchrung im Jahr 2018 am Pilotversuch teilgenommen hatten. Hinsichtlich der praktischen Umsetzung im Vollzug hingegen lassen sich keine nennenswerten Abweichungen feststellen.<\/p>\n<p id=\"doc-1j33idqce0\" class=\"font--regular\">Nicht Gegenstand dieses Postulatsberichts ist die elektronische \u00dcberwachung von Gewaltt\u00e4tern im Rahmen der Pr\u00e4vention h\u00e4uslicher und sexueller Gewalt. Dazu laufen in verschiedenen Kantonen Pilotprojekte. Informationen dazu erteilt die Konferenz der kantonalen Justiz- und Polizeidirektorinnen und -direktoren (KKJPD).<\/p>\n<p id=\"doc-1j33idqcg0\" class=\"font--regular\">Im Rahmen der Arbeiten zum Postulatsbericht wurde ebenfalls gepr\u00fcft, ob die minimale und maximale Einsatzdauer der elektronischen \u00dcberwachung ausgeweitet werden sollte. Die Mehrheit der Kantone ist der Auffassung, dass die geltende Regelung unter Ber\u00fccksichtigung der j\u00fcngsten Rechtsprechung des Bundesgerichts ausreichend ist. Der Bundesrat teilt diese Auffassung.<\/p>\n<p><em>Quelle: Bundesamt f\u00fcr Justiz<\/em><\/p>\n","protected":false},"excerpt":{"rendered":"<p>Seit dem 1. Januar 2018 kann das Electronic Monitoring (elektronische \u00dcberwachung mittels einer Fussfessel) in bestimmten F\u00e4llen als alternative Form des Strafvollzugs eingesetzt werden. Voraussetzung ist, dass von der verurteilten Person weder eine Fluchtgefahr noch das Risiko der Aus\u00fcbung weiterer Straftaten ausgeht. Die elektronische \u00dcberwachung kann als Alternative zum Strafvollzug im Gef\u00e4ngnis dienen und zur [&hellip;]<\/p>\n","protected":false},"author":31,"featured_media":0,"comment_status":"closed","ping_status":"closed","sticky":false,"template":"","format":"standard","meta":{"_acf_changed":false,"pgc_sgb_lightbox_settings":"","footnotes":""},"categories":[3312],"tags":[325,51,5532,3828],"class_list":["post-24471","post","type-post","status-publish","format-standard","hentry","category-sicherheit","tag-freiheitsstrafe","tag-fussfessel","tag-gewaltstraftaten","tag-strafe"],"acf":[],"hkrextid":null,"publication":null,"issue":null,"workflow":null,"startPage":null,"spitzmarke":null,"_posts_by_tag_page_fields":null,"_at_widget":null,"_yoast_wpseo_primary_category":"3312","_yoast_wpseo_focuskw_text_input":null,"_yoast_wpseo_opengraph-image":null,"_yoast_wpseo_opengraph-description":null,"_yoast_wpseo_opengraph-title":null,"enclosure":null,"_yoast_wpseo_twitter-title":null,"_yoast_wpseo_twitter-description":null,"_yoast_wpseo_twitter-image":null,"_wp_old_slug":null,"_yoast_wpseo_title":null,"_yoast_wpseo_canonical":null,"yoast_head":"<!-- This site is optimized with the Yoast SEO plugin v27.4 - https:\/\/yoast.com\/product\/yoast-seo-wordpress\/ -->\n<title>Bundesrat evaluiert den Einsatz von elektronischen Fussfesseln - Save<\/title>\n<meta name=\"description\" content=\"Der Bundesrat kommt er zum Schluss, dass sich die Anwendung der elektronischen Fussfessel seit 2018 bew\u00e4hrt hat.\" \/>\n<meta name=\"robots\" content=\"index, follow, max-snippet:-1, max-image-preview:large, max-video-preview:-1\" \/>\n<link rel=\"canonical\" href=\"https:\/\/news.save.ch\/de\/bundesrat-evaluiert-den-einsatz-von-elektronischen-fussfesseln\/\" \/>\n<meta property=\"og:locale\" content=\"de_DE\" \/>\n<meta property=\"og:type\" content=\"article\" \/>\n<meta property=\"og:title\" content=\"Bundesrat evaluiert den Einsatz von elektronischen Fussfesseln - Save\" \/>\n<meta property=\"og:description\" content=\"Der Bundesrat kommt er zum Schluss, dass sich die Anwendung der elektronischen Fussfessel seit 2018 bew\u00e4hrt hat.\" \/>\n<meta property=\"og:url\" content=\"https:\/\/news.save.ch\/de\/bundesrat-evaluiert-den-einsatz-von-elektronischen-fussfesseln\/\" \/>\n<meta property=\"og:site_name\" content=\"Save\" \/>\n<meta property=\"article:published_time\" content=\"2025-08-20T12:07:54+00:00\" \/>\n<meta property=\"article:modified_time\" content=\"2025-08-20T12:07:56+00:00\" \/>\n<meta property=\"og:image\" content=\"https:\/\/news.save.ch\/wp-content\/uploads\/2025\/08\/Depositphotos_667163178_S.jpg\" \/>\n\t<meta property=\"og:image:width\" content=\"1000\" \/>\n\t<meta property=\"og:image:height\" content=\"667\" \/>\n\t<meta property=\"og:image:type\" content=\"image\/jpeg\" \/>\n<meta name=\"author\" content=\"stefanie Zeng\" \/>\n<meta name=\"twitter:card\" content=\"summary_large_image\" \/>\n<meta name=\"twitter:label1\" content=\"Geschrieben von\" \/>\n\t<meta name=\"twitter:data1\" content=\"stefanie Zeng\" \/>\n\t<meta name=\"twitter:label2\" content=\"Gesch\u00e4tzte Lesezeit\" \/>\n\t<meta name=\"twitter:data2\" content=\"3\u00a0Minuten\" \/>\n<script type=\"application\/ld+json\" class=\"yoast-schema-graph\">{\"@context\":\"https:\\\/\\\/schema.org\",\"@graph\":[{\"@type\":\"Article\",\"@id\":\"https:\\\/\\\/news.save.ch\\\/bundesrat-evaluiert-den-einsatz-von-elektronischen-fussfesseln\\\/#article\",\"isPartOf\":{\"@id\":\"https:\\\/\\\/news.save.ch\\\/bundesrat-evaluiert-den-einsatz-von-elektronischen-fussfesseln\\\/\"},\"author\":{\"name\":\"stefanie Zeng\",\"@id\":\"https:\\\/\\\/news.save.ch\\\/de\\\/#\\\/schema\\\/person\\\/10917387362b3961e882740f6cf6f2a2\"},\"headline\":\"Bundesrat evaluiert den Einsatz von elektronischen Fussfesseln\",\"datePublished\":\"2025-08-20T12:07:54+00:00\",\"dateModified\":\"2025-08-20T12:07:56+00:00\",\"mainEntityOfPage\":{\"@id\":\"https:\\\/\\\/news.save.ch\\\/bundesrat-evaluiert-den-einsatz-von-elektronischen-fussfesseln\\\/\"},\"wordCount\":352,\"publisher\":{\"@id\":\"https:\\\/\\\/news.save.ch\\\/de\\\/#organization\"},\"image\":{\"@id\":\"https:\\\/\\\/news.save.ch\\\/bundesrat-evaluiert-den-einsatz-von-elektronischen-fussfesseln\\\/#primaryimage\"},\"thumbnailUrl\":\"https:\\\/\\\/news.save.ch\\\/wp-content\\\/uploads\\\/2025\\\/08\\\/Depositphotos_667163178_S.jpg\",\"keywords\":[\"Freiheitsstrafe\",\"Fussfessel\",\"Gewaltstraftaten\",\"Strafe\"],\"articleSection\":[\"SICHERHEIT\"],\"inLanguage\":\"de\"},{\"@type\":\"WebPage\",\"@id\":\"https:\\\/\\\/news.save.ch\\\/bundesrat-evaluiert-den-einsatz-von-elektronischen-fussfesseln\\\/\",\"url\":\"https:\\\/\\\/news.save.ch\\\/bundesrat-evaluiert-den-einsatz-von-elektronischen-fussfesseln\\\/\",\"name\":\"Bundesrat evaluiert den Einsatz von elektronischen Fussfesseln - Save\",\"isPartOf\":{\"@id\":\"https:\\\/\\\/news.save.ch\\\/de\\\/#website\"},\"primaryImageOfPage\":{\"@id\":\"https:\\\/\\\/news.save.ch\\\/bundesrat-evaluiert-den-einsatz-von-elektronischen-fussfesseln\\\/#primaryimage\"},\"image\":{\"@id\":\"https:\\\/\\\/news.save.ch\\\/bundesrat-evaluiert-den-einsatz-von-elektronischen-fussfesseln\\\/#primaryimage\"},\"thumbnailUrl\":\"https:\\\/\\\/news.save.ch\\\/wp-content\\\/uploads\\\/2025\\\/08\\\/Depositphotos_667163178_S.jpg\",\"datePublished\":\"2025-08-20T12:07:54+00:00\",\"dateModified\":\"2025-08-20T12:07:56+00:00\",\"description\":\"Der Bundesrat kommt er zum Schluss, dass sich die Anwendung der elektronischen Fussfessel seit 2018 bew\u00e4hrt hat.\",\"breadcrumb\":{\"@id\":\"https:\\\/\\\/news.save.ch\\\/bundesrat-evaluiert-den-einsatz-von-elektronischen-fussfesseln\\\/#breadcrumb\"},\"inLanguage\":\"de\",\"potentialAction\":[{\"@type\":\"ReadAction\",\"target\":[\"https:\\\/\\\/news.save.ch\\\/bundesrat-evaluiert-den-einsatz-von-elektronischen-fussfesseln\\\/\"]}]},{\"@type\":\"ImageObject\",\"inLanguage\":\"de\",\"@id\":\"https:\\\/\\\/news.save.ch\\\/bundesrat-evaluiert-den-einsatz-von-elektronischen-fussfesseln\\\/#primaryimage\",\"url\":\"https:\\\/\\\/news.save.ch\\\/wp-content\\\/uploads\\\/2025\\\/08\\\/Depositphotos_667163178_S.jpg\",\"contentUrl\":\"https:\\\/\\\/news.save.ch\\\/wp-content\\\/uploads\\\/2025\\\/08\\\/Depositphotos_667163178_S.jpg\"},{\"@type\":\"BreadcrumbList\",\"@id\":\"https:\\\/\\\/news.save.ch\\\/bundesrat-evaluiert-den-einsatz-von-elektronischen-fussfesseln\\\/#breadcrumb\",\"itemListElement\":[{\"@type\":\"ListItem\",\"position\":1,\"name\":\"Home\",\"item\":\"https:\\\/\\\/news.save.ch\\\/de\\\/\"},{\"@type\":\"ListItem\",\"position\":2,\"name\":\"Bundesrat evaluiert den Einsatz von elektronischen Fussfesseln\"}]},{\"@type\":\"WebSite\",\"@id\":\"https:\\\/\\\/news.save.ch\\\/de\\\/#website\",\"url\":\"https:\\\/\\\/news.save.ch\\\/de\\\/\",\"name\":\"Save\",\"description\":\"Schweizer Fachzeitschrift f\u00fcr Sicherheit\",\"publisher\":{\"@id\":\"https:\\\/\\\/news.save.ch\\\/de\\\/#organization\"},\"potentialAction\":[{\"@type\":\"SearchAction\",\"target\":{\"@type\":\"EntryPoint\",\"urlTemplate\":\"https:\\\/\\\/news.save.ch\\\/de\\\/?s={search_term_string}\"},\"query-input\":{\"@type\":\"PropertyValueSpecification\",\"valueRequired\":true,\"valueName\":\"search_term_string\"}}],\"inLanguage\":\"de\"},{\"@type\":\"Organization\",\"@id\":\"https:\\\/\\\/news.save.ch\\\/de\\\/#organization\",\"name\":\"Sicherheitsforum\",\"url\":\"https:\\\/\\\/news.save.ch\\\/de\\\/\",\"logo\":{\"@type\":\"ImageObject\",\"inLanguage\":\"de\",\"@id\":\"https:\\\/\\\/news.save.ch\\\/de\\\/#\\\/schema\\\/logo\\\/image\\\/\",\"url\":\"https:\\\/\\\/news.save.ch\\\/wp-content\\\/uploads\\\/2022\\\/06\\\/Logo_SF_2012.png\",\"contentUrl\":\"https:\\\/\\\/news.save.ch\\\/wp-content\\\/uploads\\\/2022\\\/06\\\/Logo_SF_2012.png\",\"width\":1100,\"height\":91,\"caption\":\"Sicherheitsforum\"},\"image\":{\"@id\":\"https:\\\/\\\/news.save.ch\\\/de\\\/#\\\/schema\\\/logo\\\/image\\\/\"}},{\"@type\":\"Person\",\"@id\":\"https:\\\/\\\/news.save.ch\\\/de\\\/#\\\/schema\\\/person\\\/10917387362b3961e882740f6cf6f2a2\",\"name\":\"stefanie Zeng\",\"image\":{\"@type\":\"ImageObject\",\"inLanguage\":\"de\",\"@id\":\"https:\\\/\\\/secure.gravatar.com\\\/avatar\\\/eac43faa6e40bb2c41068c95c9d78bbd94c476d5efdff7abaab80bb3ea681e06?s=96&d=mm&r=g\",\"url\":\"https:\\\/\\\/secure.gravatar.com\\\/avatar\\\/eac43faa6e40bb2c41068c95c9d78bbd94c476d5efdff7abaab80bb3ea681e06?s=96&d=mm&r=g\",\"contentUrl\":\"https:\\\/\\\/secure.gravatar.com\\\/avatar\\\/eac43faa6e40bb2c41068c95c9d78bbd94c476d5efdff7abaab80bb3ea681e06?s=96&d=mm&r=g\",\"caption\":\"stefanie Zeng\"},\"url\":\"https:\\\/\\\/news.save.ch\\\/de\\\/author\\\/stefanie-zeng\\\/\"}]}<\/script>\n<!-- \/ Yoast SEO plugin. -->","yoast_head_json":{"title":"Bundesrat evaluiert den Einsatz von elektronischen Fussfesseln - Save","description":"Der Bundesrat kommt er zum Schluss, dass sich die Anwendung der elektronischen Fussfessel seit 2018 bew\u00e4hrt hat.","robots":{"index":"index","follow":"follow","max-snippet":"max-snippet:-1","max-image-preview":"max-image-preview:large","max-video-preview":"max-video-preview:-1"},"canonical":"https:\/\/news.save.ch\/de\/bundesrat-evaluiert-den-einsatz-von-elektronischen-fussfesseln\/","og_locale":"de_DE","og_type":"article","og_title":"Bundesrat evaluiert den Einsatz von elektronischen Fussfesseln - Save","og_description":"Der Bundesrat kommt er zum Schluss, dass sich die Anwendung der elektronischen Fussfessel seit 2018 bew\u00e4hrt hat.","og_url":"https:\/\/news.save.ch\/de\/bundesrat-evaluiert-den-einsatz-von-elektronischen-fussfesseln\/","og_site_name":"Save","article_published_time":"2025-08-20T12:07:54+00:00","article_modified_time":"2025-08-20T12:07:56+00:00","og_image":[{"width":1000,"height":667,"url":"https:\/\/news.save.ch\/wp-content\/uploads\/2025\/08\/Depositphotos_667163178_S.jpg","type":"image\/jpeg"}],"author":"stefanie Zeng","twitter_card":"summary_large_image","twitter_misc":{"Geschrieben von":"stefanie Zeng","Gesch\u00e4tzte Lesezeit":"3\u00a0Minuten"},"schema":{"@context":"https:\/\/schema.org","@graph":[{"@type":"Article","@id":"https:\/\/news.save.ch\/bundesrat-evaluiert-den-einsatz-von-elektronischen-fussfesseln\/#article","isPartOf":{"@id":"https:\/\/news.save.ch\/bundesrat-evaluiert-den-einsatz-von-elektronischen-fussfesseln\/"},"author":{"name":"stefanie Zeng","@id":"https:\/\/news.save.ch\/de\/#\/schema\/person\/10917387362b3961e882740f6cf6f2a2"},"headline":"Bundesrat evaluiert den Einsatz von elektronischen Fussfesseln","datePublished":"2025-08-20T12:07:54+00:00","dateModified":"2025-08-20T12:07:56+00:00","mainEntityOfPage":{"@id":"https:\/\/news.save.ch\/bundesrat-evaluiert-den-einsatz-von-elektronischen-fussfesseln\/"},"wordCount":352,"publisher":{"@id":"https:\/\/news.save.ch\/de\/#organization"},"image":{"@id":"https:\/\/news.save.ch\/bundesrat-evaluiert-den-einsatz-von-elektronischen-fussfesseln\/#primaryimage"},"thumbnailUrl":"https:\/\/news.save.ch\/wp-content\/uploads\/2025\/08\/Depositphotos_667163178_S.jpg","keywords":["Freiheitsstrafe","Fussfessel","Gewaltstraftaten","Strafe"],"articleSection":["SICHERHEIT"],"inLanguage":"de"},{"@type":"WebPage","@id":"https:\/\/news.save.ch\/bundesrat-evaluiert-den-einsatz-von-elektronischen-fussfesseln\/","url":"https:\/\/news.save.ch\/bundesrat-evaluiert-den-einsatz-von-elektronischen-fussfesseln\/","name":"Bundesrat evaluiert den Einsatz von elektronischen Fussfesseln - Save","isPartOf":{"@id":"https:\/\/news.save.ch\/de\/#website"},"primaryImageOfPage":{"@id":"https:\/\/news.save.ch\/bundesrat-evaluiert-den-einsatz-von-elektronischen-fussfesseln\/#primaryimage"},"image":{"@id":"https:\/\/news.save.ch\/bundesrat-evaluiert-den-einsatz-von-elektronischen-fussfesseln\/#primaryimage"},"thumbnailUrl":"https:\/\/news.save.ch\/wp-content\/uploads\/2025\/08\/Depositphotos_667163178_S.jpg","datePublished":"2025-08-20T12:07:54+00:00","dateModified":"2025-08-20T12:07:56+00:00","description":"Der Bundesrat kommt er zum Schluss, dass sich die Anwendung der elektronischen Fussfessel seit 2018 bew\u00e4hrt hat.","breadcrumb":{"@id":"https:\/\/news.save.ch\/bundesrat-evaluiert-den-einsatz-von-elektronischen-fussfesseln\/#breadcrumb"},"inLanguage":"de","potentialAction":[{"@type":"ReadAction","target":["https:\/\/news.save.ch\/bundesrat-evaluiert-den-einsatz-von-elektronischen-fussfesseln\/"]}]},{"@type":"ImageObject","inLanguage":"de","@id":"https:\/\/news.save.ch\/bundesrat-evaluiert-den-einsatz-von-elektronischen-fussfesseln\/#primaryimage","url":"https:\/\/news.save.ch\/wp-content\/uploads\/2025\/08\/Depositphotos_667163178_S.jpg","contentUrl":"https:\/\/news.save.ch\/wp-content\/uploads\/2025\/08\/Depositphotos_667163178_S.jpg"},{"@type":"BreadcrumbList","@id":"https:\/\/news.save.ch\/bundesrat-evaluiert-den-einsatz-von-elektronischen-fussfesseln\/#breadcrumb","itemListElement":[{"@type":"ListItem","position":1,"name":"Home","item":"https:\/\/news.save.ch\/de\/"},{"@type":"ListItem","position":2,"name":"Bundesrat evaluiert den Einsatz von elektronischen Fussfesseln"}]},{"@type":"WebSite","@id":"https:\/\/news.save.ch\/de\/#website","url":"https:\/\/news.save.ch\/de\/","name":"Save","description":"Schweizer Fachzeitschrift f\u00fcr Sicherheit","publisher":{"@id":"https:\/\/news.save.ch\/de\/#organization"},"potentialAction":[{"@type":"SearchAction","target":{"@type":"EntryPoint","urlTemplate":"https:\/\/news.save.ch\/de\/?s={search_term_string}"},"query-input":{"@type":"PropertyValueSpecification","valueRequired":true,"valueName":"search_term_string"}}],"inLanguage":"de"},{"@type":"Organization","@id":"https:\/\/news.save.ch\/de\/#organization","name":"Sicherheitsforum","url":"https:\/\/news.save.ch\/de\/","logo":{"@type":"ImageObject","inLanguage":"de","@id":"https:\/\/news.save.ch\/de\/#\/schema\/logo\/image\/","url":"https:\/\/news.save.ch\/wp-content\/uploads\/2022\/06\/Logo_SF_2012.png","contentUrl":"https:\/\/news.save.ch\/wp-content\/uploads\/2022\/06\/Logo_SF_2012.png","width":1100,"height":91,"caption":"Sicherheitsforum"},"image":{"@id":"https:\/\/news.save.ch\/de\/#\/schema\/logo\/image\/"}},{"@type":"Person","@id":"https:\/\/news.save.ch\/de\/#\/schema\/person\/10917387362b3961e882740f6cf6f2a2","name":"stefanie Zeng","image":{"@type":"ImageObject","inLanguage":"de","@id":"https:\/\/secure.gravatar.com\/avatar\/eac43faa6e40bb2c41068c95c9d78bbd94c476d5efdff7abaab80bb3ea681e06?s=96&d=mm&r=g","url":"https:\/\/secure.gravatar.com\/avatar\/eac43faa6e40bb2c41068c95c9d78bbd94c476d5efdff7abaab80bb3ea681e06?s=96&d=mm&r=g","contentUrl":"https:\/\/secure.gravatar.com\/avatar\/eac43faa6e40bb2c41068c95c9d78bbd94c476d5efdff7abaab80bb3ea681e06?s=96&d=mm&r=g","caption":"stefanie Zeng"},"url":"https:\/\/news.save.ch\/de\/author\/stefanie-zeng\/"}]}},"_links":{"self":[{"href":"https:\/\/news.save.ch\/de\/wp-json\/wp\/v2\/posts\/24471","targetHints":{"allow":["GET"]}}],"collection":[{"href":"https:\/\/news.save.ch\/de\/wp-json\/wp\/v2\/posts"}],"about":[{"href":"https:\/\/news.save.ch\/de\/wp-json\/wp\/v2\/types\/post"}],"author":[{"embeddable":true,"href":"https:\/\/news.save.ch\/de\/wp-json\/wp\/v2\/users\/31"}],"replies":[{"embeddable":true,"href":"https:\/\/news.save.ch\/de\/wp-json\/wp\/v2\/comments?post=24471"}],"version-history":[{"count":3,"href":"https:\/\/news.save.ch\/de\/wp-json\/wp\/v2\/posts\/24471\/revisions"}],"predecessor-version":[{"id":24475,"href":"https:\/\/news.save.ch\/de\/wp-json\/wp\/v2\/posts\/24471\/revisions\/24475"}],"wp:attachment":[{"href":"https:\/\/news.save.ch\/de\/wp-json\/wp\/v2\/media?parent=24471"}],"wp:term":[{"taxonomy":"category","embeddable":true,"href":"https:\/\/news.save.ch\/de\/wp-json\/wp\/v2\/categories?post=24471"},{"taxonomy":"post_tag","embeddable":true,"href":"https:\/\/news.save.ch\/de\/wp-json\/wp\/v2\/tags?post=24471"}],"curies":[{"name":"wp","href":"https:\/\/api.w.org\/{rel}","templated":true}]}}