{"id":24503,"date":"2025-09-02T11:20:44","date_gmt":"2025-09-02T09:20:44","guid":{"rendered":"https:\/\/news.save.ch\/?p=24503"},"modified":"2025-09-02T11:20:49","modified_gmt":"2025-09-02T09:20:49","slug":"brandverhu%cc%88tung-in-der-landwirtschaft","status":null,"type":"post","link":"https:\/\/news.save.ch\/de\/brandverhu%cc%88tung-in-der-landwirtschaft\/","title":{"rendered":"Brandverhu\u0308tung in der Landwirtschaft"},"content":{"rendered":"<p class=\"p1\"><a href=\"https:\/\/news.save.ch\/brandverhu%cc%88tung-in-der-landwirtschaft\/bildschirmfoto-2025-09-02-um-11-19-56\/\" rel=\"attachment wp-att-24504\"><img loading=\"lazy\" decoding=\"async\" class=\"alignnone size-full wp-image-24504\" src=\"https:\/\/news.save.ch\/wp-content\/uploads\/2025\/09\/Bildschirmfoto-2025-09-02-um-11.19.56.png\" alt=\"\" width=\"1370\" height=\"936\" srcset=\"https:\/\/news.save.ch\/wp-content\/uploads\/2025\/09\/Bildschirmfoto-2025-09-02-um-11.19.56.png 1200w, https:\/\/news.save.ch\/wp-content\/uploads\/2025\/09\/Bildschirmfoto-2025-09-02-um-11.19.56-680x465.png 680w, https:\/\/news.save.ch\/wp-content\/uploads\/2025\/09\/Bildschirmfoto-2025-09-02-um-11.19.56-1024x700.png 1024w, https:\/\/news.save.ch\/wp-content\/uploads\/2025\/09\/Bildschirmfoto-2025-09-02-um-11.19.56-768x525.png 768w, https:\/\/news.save.ch\/wp-content\/uploads\/2025\/09\/Bildschirmfoto-2025-09-02-um-11.19.56-18x12.png 18w, https:\/\/news.save.ch\/wp-content\/uploads\/2025\/09\/Bildschirmfoto-2025-09-02-um-11.19.56-375x256.png 375w, https:\/\/news.save.ch\/wp-content\/uploads\/2025\/09\/Bildschirmfoto-2025-09-02-um-11.19.56-512x350.png 512w, https:\/\/news.save.ch\/wp-content\/uploads\/2025\/09\/Bildschirmfoto-2025-09-02-um-11.19.56-1000x683.png 1000w\" sizes=\"auto, (max-width: 1370px) 100vw, 1370px\" \/><\/a>In der Schweiz ereignen sich in landwirtschaftlichen Betriebsgeb\u00e4uden jedes Jahr rund 500 Br\u00e4nde. Gem\u00e4ss Schadenstatistik IRV liegen deren Brandursache prim\u00e4r bei Blitzschl\u00e4gen (50,7%), Elektrizit\u00e4t (15,6%) und Feuerungsanlagen (10,3%).<\/p>\n<h3 class=\"p1\">Landwirtschaftsbetriebe nachhaltig sensibilisieren<\/h3>\n<p class=\"p1\">Wie bei allen Geb\u00e4udearten gehen auch in Landwirtschaftsbetrieben viele Br\u00e4nde von der Unachtsamkeit des Menschen aus. Aus diesem Grund geht die BFB eine langfristige Kooperation mit der BUL ein. \u00abWir wollen mit dieser Zusammenarbeit Betriebsverantwortliche, Familienangeh\u00f6rige und Mitarbeitende landwirtschaftlicher Betriebe fu\u0308r die verschiedenen Brandgefahren sensibilisieren und ihnen leicht anwendbare Empfehlungen zur Vermeidung von Br\u00e4nden abgeben\u00bb, betont Daniel R\u00f6\u00f6sli, Bereichsleiter BFB.<\/p>\n<h3 class=\"p1\">Breit abgestu\u0308tzte Sicherheitsinformationen<\/h3>\n<p class=\"p1\">\u00abMit unserer Kooperation m\u00f6chten wir die Sicherheit in landwirtschaftlichen Betrieben weiter erh\u00f6hen\u00bb, erg\u00e4nzt Heinz Feldmann, Sicherheitsfachmann und Projektleiter bei der BUL. Um dieses Ziel zu erreichen, erstellen die BUL und die BFB gemeinsam Merkbl\u00e4tter, Fachartikel und Flyer. Diese Informationen werden den landwirtschaftlichen Betrieben im Laufe der n\u00e4chsten zwei Jahre kostenlos zur Verfu\u0308gung gestellt. Zudem werden sie in Lehrmitteln landwirtschaftlicher Ausbildungen und auf Fachmessen, Veranstaltungen sowie diversen Online-Portalen publiziert.<\/p>\n<p class=\"p1\">Weitere Informationen zu Brandverhu\u0308tung in der Landwirtschaft finden Sie unter:<\/p>\n<p class=\"p2\"><a href=\"http:\/\/www.bfb-cipi.ch\/landwirtschaft\">www.bfb-cipi.ch\/landwirtschaft<\/a> <span class=\"s1\">oder <\/span><a href=\"http:\/\/www.bul.ch\/brandverhuetung\">www.bul.ch\/brandverhuetung<\/a><\/p>\n","protected":false},"excerpt":{"rendered":"<p>In der Schweiz ereignen sich in landwirtschaftlichen Betriebsgeb\u00e4uden jedes Jahr rund 500 Br\u00e4nde. Gem\u00e4ss Schadenstatistik IRV liegen deren Brandursache prim\u00e4r bei Blitzschl\u00e4gen (50,7%), Elektrizit\u00e4t (15,6%) und Feuerungsanlagen (10,3%). Landwirtschaftsbetriebe nachhaltig sensibilisieren Wie bei allen Geb\u00e4udearten gehen auch in Landwirtschaftsbetrieben viele Br\u00e4nde von der Unachtsamkeit des Menschen aus. Aus diesem Grund geht die BFB eine langfristige [&hellip;]<\/p>\n","protected":false},"author":31,"featured_media":0,"comment_status":"closed","ping_status":"closed","sticky":false,"template":"","format":"standard","meta":{"_acf_changed":false,"pgc_sgb_lightbox_settings":"","footnotes":""},"categories":[67],"tags":[],"class_list":["post-24503","post","type-post","status-publish","format-standard","hentry","category-brandschutz"],"acf":[],"hkrextid":null,"publication":null,"issue":null,"workflow":null,"startPage":null,"spitzmarke":null,"_posts_by_tag_page_fields":null,"_at_widget":null,"_yoast_wpseo_primary_category":"67","_yoast_wpseo_focuskw_text_input":null,"_yoast_wpseo_opengraph-image":null,"_yoast_wpseo_opengraph-description":null,"_yoast_wpseo_opengraph-title":null,"enclosure":null,"_yoast_wpseo_twitter-title":null,"_yoast_wpseo_twitter-description":null,"_yoast_wpseo_twitter-image":null,"_wp_old_slug":null,"_yoast_wpseo_title":null,"_yoast_wpseo_canonical":null,"yoast_head":"<!-- This site is optimized with the Yoast SEO plugin v27.5 - https:\/\/yoast.com\/product\/yoast-seo-wordpress\/ -->\n<title>Brandverhu\u0308tung in der Landwirtschaft - Save<\/title>\n<meta name=\"description\" content=\"Die Beratungsstelle fu\u0308r Brandverhu\u0308tung (BFB) und die Beratungsstelle fu\u0308r Unfallverhu\u0308tung in der Landwirtschaft (BUL) sind eine Partnerschaft eingegangen, um landwirtschaftliche Betriebe fu\u0308r die Brandgefahren zu sensibilisieren.\" \/>\n<meta name=\"robots\" content=\"index, follow, max-snippet:-1, max-image-preview:large, max-video-preview:-1\" \/>\n<link rel=\"canonical\" href=\"https:\/\/news.save.ch\/de\/brandverhu\u0308tung-in-der-landwirtschaft\/\" \/>\n<meta property=\"og:locale\" content=\"de_DE\" \/>\n<meta property=\"og:type\" content=\"article\" \/>\n<meta property=\"og:title\" content=\"Brandverhu\u0308tung in der Landwirtschaft - Save\" \/>\n<meta property=\"og:description\" content=\"Die Beratungsstelle fu\u0308r Brandverhu\u0308tung (BFB) und die Beratungsstelle fu\u0308r Unfallverhu\u0308tung in der Landwirtschaft (BUL) sind eine Partnerschaft eingegangen, um landwirtschaftliche Betriebe fu\u0308r die Brandgefahren zu sensibilisieren.\" \/>\n<meta property=\"og:url\" content=\"https:\/\/news.save.ch\/de\/brandverhu\u0308tung-in-der-landwirtschaft\/\" \/>\n<meta property=\"og:site_name\" content=\"Save\" \/>\n<meta property=\"article:published_time\" content=\"2025-09-02T09:20:44+00:00\" \/>\n<meta property=\"article:modified_time\" content=\"2025-09-02T09:20:49+00:00\" \/>\n<meta property=\"og:image\" content=\"https:\/\/news.save.ch\/wp-content\/uploads\/2025\/09\/Bildschirmfoto-2025-09-02-um-11.19.56.png\" \/>\n\t<meta property=\"og:image:width\" content=\"1200\" \/>\n\t<meta property=\"og:image:height\" content=\"820\" \/>\n\t<meta property=\"og:image:type\" content=\"image\/png\" \/>\n<meta name=\"author\" content=\"stefanie Zeng\" \/>\n<meta name=\"twitter:card\" content=\"summary_large_image\" \/>\n<meta name=\"twitter:label1\" content=\"Geschrieben von\" \/>\n\t<meta name=\"twitter:data1\" content=\"stefanie Zeng\" \/>\n\t<meta name=\"twitter:label2\" content=\"Gesch\u00e4tzte Lesezeit\" \/>\n\t<meta name=\"twitter:data2\" content=\"2\u00a0Minuten\" \/>\n<script type=\"application\/ld+json\" class=\"yoast-schema-graph\">{\"@context\":\"https:\\\/\\\/schema.org\",\"@graph\":[{\"@type\":\"Article\",\"@id\":\"https:\\\/\\\/news.save.ch\\\/brandverhu%cc%88tung-in-der-landwirtschaft\\\/#article\",\"isPartOf\":{\"@id\":\"https:\\\/\\\/news.save.ch\\\/brandverhu%cc%88tung-in-der-landwirtschaft\\\/\"},\"author\":{\"name\":\"stefanie Zeng\",\"@id\":\"https:\\\/\\\/news.save.ch\\\/de\\\/#\\\/schema\\\/person\\\/10917387362b3961e882740f6cf6f2a2\"},\"headline\":\"Brandverhu\u0308tung in der Landwirtschaft\",\"datePublished\":\"2025-09-02T09:20:44+00:00\",\"dateModified\":\"2025-09-02T09:20:49+00:00\",\"mainEntityOfPage\":{\"@id\":\"https:\\\/\\\/news.save.ch\\\/brandverhu%cc%88tung-in-der-landwirtschaft\\\/\"},\"wordCount\":202,\"publisher\":{\"@id\":\"https:\\\/\\\/news.save.ch\\\/de\\\/#organization\"},\"image\":{\"@id\":\"https:\\\/\\\/news.save.ch\\\/brandverhu%cc%88tung-in-der-landwirtschaft\\\/#primaryimage\"},\"thumbnailUrl\":\"https:\\\/\\\/news.save.ch\\\/wp-content\\\/uploads\\\/2025\\\/09\\\/Bildschirmfoto-2025-09-02-um-11.19.56.png\",\"articleSection\":[\"BRANDSCHUTZ\"],\"inLanguage\":\"de\"},{\"@type\":\"WebPage\",\"@id\":\"https:\\\/\\\/news.save.ch\\\/brandverhu%cc%88tung-in-der-landwirtschaft\\\/\",\"url\":\"https:\\\/\\\/news.save.ch\\\/brandverhu%cc%88tung-in-der-landwirtschaft\\\/\",\"name\":\"Brandverhu\u0308tung in der Landwirtschaft - Save\",\"isPartOf\":{\"@id\":\"https:\\\/\\\/news.save.ch\\\/de\\\/#website\"},\"primaryImageOfPage\":{\"@id\":\"https:\\\/\\\/news.save.ch\\\/brandverhu%cc%88tung-in-der-landwirtschaft\\\/#primaryimage\"},\"image\":{\"@id\":\"https:\\\/\\\/news.save.ch\\\/brandverhu%cc%88tung-in-der-landwirtschaft\\\/#primaryimage\"},\"thumbnailUrl\":\"https:\\\/\\\/news.save.ch\\\/wp-content\\\/uploads\\\/2025\\\/09\\\/Bildschirmfoto-2025-09-02-um-11.19.56.png\",\"datePublished\":\"2025-09-02T09:20:44+00:00\",\"dateModified\":\"2025-09-02T09:20:49+00:00\",\"description\":\"Die Beratungsstelle fu\u0308r Brandverhu\u0308tung (BFB) und die Beratungsstelle fu\u0308r Unfallverhu\u0308tung in der Landwirtschaft (BUL) sind eine Partnerschaft eingegangen, um landwirtschaftliche Betriebe fu\u0308r die Brandgefahren zu sensibilisieren.\",\"breadcrumb\":{\"@id\":\"https:\\\/\\\/news.save.ch\\\/brandverhu%cc%88tung-in-der-landwirtschaft\\\/#breadcrumb\"},\"inLanguage\":\"de\",\"potentialAction\":[{\"@type\":\"ReadAction\",\"target\":[\"https:\\\/\\\/news.save.ch\\\/brandverhu%cc%88tung-in-der-landwirtschaft\\\/\"]}]},{\"@type\":\"ImageObject\",\"inLanguage\":\"de\",\"@id\":\"https:\\\/\\\/news.save.ch\\\/brandverhu%cc%88tung-in-der-landwirtschaft\\\/#primaryimage\",\"url\":\"https:\\\/\\\/news.save.ch\\\/wp-content\\\/uploads\\\/2025\\\/09\\\/Bildschirmfoto-2025-09-02-um-11.19.56.png\",\"contentUrl\":\"https:\\\/\\\/news.save.ch\\\/wp-content\\\/uploads\\\/2025\\\/09\\\/Bildschirmfoto-2025-09-02-um-11.19.56.png\"},{\"@type\":\"BreadcrumbList\",\"@id\":\"https:\\\/\\\/news.save.ch\\\/brandverhu%cc%88tung-in-der-landwirtschaft\\\/#breadcrumb\",\"itemListElement\":[{\"@type\":\"ListItem\",\"position\":1,\"name\":\"Home\",\"item\":\"https:\\\/\\\/news.save.ch\\\/de\\\/\"},{\"@type\":\"ListItem\",\"position\":2,\"name\":\"Brandverhu\u0308tung in der Landwirtschaft\"}]},{\"@type\":\"WebSite\",\"@id\":\"https:\\\/\\\/news.save.ch\\\/de\\\/#website\",\"url\":\"https:\\\/\\\/news.save.ch\\\/de\\\/\",\"name\":\"Save\",\"description\":\"Schweizer Fachzeitschrift f\u00fcr Sicherheit\",\"publisher\":{\"@id\":\"https:\\\/\\\/news.save.ch\\\/de\\\/#organization\"},\"potentialAction\":[{\"@type\":\"SearchAction\",\"target\":{\"@type\":\"EntryPoint\",\"urlTemplate\":\"https:\\\/\\\/news.save.ch\\\/de\\\/?s={search_term_string}\"},\"query-input\":{\"@type\":\"PropertyValueSpecification\",\"valueRequired\":true,\"valueName\":\"search_term_string\"}}],\"inLanguage\":\"de\"},{\"@type\":\"Organization\",\"@id\":\"https:\\\/\\\/news.save.ch\\\/de\\\/#organization\",\"name\":\"Sicherheitsforum\",\"url\":\"https:\\\/\\\/news.save.ch\\\/de\\\/\",\"logo\":{\"@type\":\"ImageObject\",\"inLanguage\":\"de\",\"@id\":\"https:\\\/\\\/news.save.ch\\\/de\\\/#\\\/schema\\\/logo\\\/image\\\/\",\"url\":\"https:\\\/\\\/news.save.ch\\\/wp-content\\\/uploads\\\/2022\\\/06\\\/Logo_SF_2012.png\",\"contentUrl\":\"https:\\\/\\\/news.save.ch\\\/wp-content\\\/uploads\\\/2022\\\/06\\\/Logo_SF_2012.png\",\"width\":1100,\"height\":91,\"caption\":\"Sicherheitsforum\"},\"image\":{\"@id\":\"https:\\\/\\\/news.save.ch\\\/de\\\/#\\\/schema\\\/logo\\\/image\\\/\"}},{\"@type\":\"Person\",\"@id\":\"https:\\\/\\\/news.save.ch\\\/de\\\/#\\\/schema\\\/person\\\/10917387362b3961e882740f6cf6f2a2\",\"name\":\"stefanie Zeng\",\"image\":{\"@type\":\"ImageObject\",\"inLanguage\":\"de\",\"@id\":\"https:\\\/\\\/secure.gravatar.com\\\/avatar\\\/eac43faa6e40bb2c41068c95c9d78bbd94c476d5efdff7abaab80bb3ea681e06?s=96&d=mm&r=g\",\"url\":\"https:\\\/\\\/secure.gravatar.com\\\/avatar\\\/eac43faa6e40bb2c41068c95c9d78bbd94c476d5efdff7abaab80bb3ea681e06?s=96&d=mm&r=g\",\"contentUrl\":\"https:\\\/\\\/secure.gravatar.com\\\/avatar\\\/eac43faa6e40bb2c41068c95c9d78bbd94c476d5efdff7abaab80bb3ea681e06?s=96&d=mm&r=g\",\"caption\":\"stefanie Zeng\"},\"url\":\"https:\\\/\\\/news.save.ch\\\/de\\\/author\\\/stefanie-zeng\\\/\"}]}<\/script>\n<!-- \/ Yoast SEO plugin. -->","yoast_head_json":{"title":"Brandverhu\u0308tung in der Landwirtschaft - Save","description":"Die Beratungsstelle fu\u0308r Brandverhu\u0308tung (BFB) und die Beratungsstelle fu\u0308r Unfallverhu\u0308tung in der Landwirtschaft (BUL) sind eine Partnerschaft eingegangen, um landwirtschaftliche Betriebe fu\u0308r die Brandgefahren zu sensibilisieren.","robots":{"index":"index","follow":"follow","max-snippet":"max-snippet:-1","max-image-preview":"max-image-preview:large","max-video-preview":"max-video-preview:-1"},"canonical":"https:\/\/news.save.ch\/de\/brandverhu\u0308tung-in-der-landwirtschaft\/","og_locale":"de_DE","og_type":"article","og_title":"Brandverhu\u0308tung in der Landwirtschaft - Save","og_description":"Die Beratungsstelle fu\u0308r Brandverhu\u0308tung (BFB) und die Beratungsstelle fu\u0308r Unfallverhu\u0308tung in der Landwirtschaft (BUL) sind eine Partnerschaft eingegangen, um landwirtschaftliche Betriebe fu\u0308r die Brandgefahren zu sensibilisieren.","og_url":"https:\/\/news.save.ch\/de\/brandverhu\u0308tung-in-der-landwirtschaft\/","og_site_name":"Save","article_published_time":"2025-09-02T09:20:44+00:00","article_modified_time":"2025-09-02T09:20:49+00:00","og_image":[{"width":1200,"height":820,"url":"https:\/\/news.save.ch\/wp-content\/uploads\/2025\/09\/Bildschirmfoto-2025-09-02-um-11.19.56.png","type":"image\/png"}],"author":"stefanie Zeng","twitter_card":"summary_large_image","twitter_misc":{"Geschrieben von":"stefanie Zeng","Gesch\u00e4tzte Lesezeit":"2\u00a0Minuten"},"schema":{"@context":"https:\/\/schema.org","@graph":[{"@type":"Article","@id":"https:\/\/news.save.ch\/brandverhu%cc%88tung-in-der-landwirtschaft\/#article","isPartOf":{"@id":"https:\/\/news.save.ch\/brandverhu%cc%88tung-in-der-landwirtschaft\/"},"author":{"name":"stefanie Zeng","@id":"https:\/\/news.save.ch\/de\/#\/schema\/person\/10917387362b3961e882740f6cf6f2a2"},"headline":"Brandverhu\u0308tung in der Landwirtschaft","datePublished":"2025-09-02T09:20:44+00:00","dateModified":"2025-09-02T09:20:49+00:00","mainEntityOfPage":{"@id":"https:\/\/news.save.ch\/brandverhu%cc%88tung-in-der-landwirtschaft\/"},"wordCount":202,"publisher":{"@id":"https:\/\/news.save.ch\/de\/#organization"},"image":{"@id":"https:\/\/news.save.ch\/brandverhu%cc%88tung-in-der-landwirtschaft\/#primaryimage"},"thumbnailUrl":"https:\/\/news.save.ch\/wp-content\/uploads\/2025\/09\/Bildschirmfoto-2025-09-02-um-11.19.56.png","articleSection":["BRANDSCHUTZ"],"inLanguage":"de"},{"@type":"WebPage","@id":"https:\/\/news.save.ch\/brandverhu%cc%88tung-in-der-landwirtschaft\/","url":"https:\/\/news.save.ch\/brandverhu%cc%88tung-in-der-landwirtschaft\/","name":"Brandverhu\u0308tung in der Landwirtschaft - Save","isPartOf":{"@id":"https:\/\/news.save.ch\/de\/#website"},"primaryImageOfPage":{"@id":"https:\/\/news.save.ch\/brandverhu%cc%88tung-in-der-landwirtschaft\/#primaryimage"},"image":{"@id":"https:\/\/news.save.ch\/brandverhu%cc%88tung-in-der-landwirtschaft\/#primaryimage"},"thumbnailUrl":"https:\/\/news.save.ch\/wp-content\/uploads\/2025\/09\/Bildschirmfoto-2025-09-02-um-11.19.56.png","datePublished":"2025-09-02T09:20:44+00:00","dateModified":"2025-09-02T09:20:49+00:00","description":"Die Beratungsstelle fu\u0308r Brandverhu\u0308tung (BFB) und die Beratungsstelle fu\u0308r Unfallverhu\u0308tung in der Landwirtschaft (BUL) sind eine Partnerschaft eingegangen, um landwirtschaftliche Betriebe fu\u0308r die Brandgefahren zu sensibilisieren.","breadcrumb":{"@id":"https:\/\/news.save.ch\/brandverhu%cc%88tung-in-der-landwirtschaft\/#breadcrumb"},"inLanguage":"de","potentialAction":[{"@type":"ReadAction","target":["https:\/\/news.save.ch\/brandverhu%cc%88tung-in-der-landwirtschaft\/"]}]},{"@type":"ImageObject","inLanguage":"de","@id":"https:\/\/news.save.ch\/brandverhu%cc%88tung-in-der-landwirtschaft\/#primaryimage","url":"https:\/\/news.save.ch\/wp-content\/uploads\/2025\/09\/Bildschirmfoto-2025-09-02-um-11.19.56.png","contentUrl":"https:\/\/news.save.ch\/wp-content\/uploads\/2025\/09\/Bildschirmfoto-2025-09-02-um-11.19.56.png"},{"@type":"BreadcrumbList","@id":"https:\/\/news.save.ch\/brandverhu%cc%88tung-in-der-landwirtschaft\/#breadcrumb","itemListElement":[{"@type":"ListItem","position":1,"name":"Home","item":"https:\/\/news.save.ch\/de\/"},{"@type":"ListItem","position":2,"name":"Brandverhu\u0308tung in der Landwirtschaft"}]},{"@type":"WebSite","@id":"https:\/\/news.save.ch\/de\/#website","url":"https:\/\/news.save.ch\/de\/","name":"Save","description":"Schweizer Fachzeitschrift f\u00fcr Sicherheit","publisher":{"@id":"https:\/\/news.save.ch\/de\/#organization"},"potentialAction":[{"@type":"SearchAction","target":{"@type":"EntryPoint","urlTemplate":"https:\/\/news.save.ch\/de\/?s={search_term_string}"},"query-input":{"@type":"PropertyValueSpecification","valueRequired":true,"valueName":"search_term_string"}}],"inLanguage":"de"},{"@type":"Organization","@id":"https:\/\/news.save.ch\/de\/#organization","name":"Sicherheitsforum","url":"https:\/\/news.save.ch\/de\/","logo":{"@type":"ImageObject","inLanguage":"de","@id":"https:\/\/news.save.ch\/de\/#\/schema\/logo\/image\/","url":"https:\/\/news.save.ch\/wp-content\/uploads\/2022\/06\/Logo_SF_2012.png","contentUrl":"https:\/\/news.save.ch\/wp-content\/uploads\/2022\/06\/Logo_SF_2012.png","width":1100,"height":91,"caption":"Sicherheitsforum"},"image":{"@id":"https:\/\/news.save.ch\/de\/#\/schema\/logo\/image\/"}},{"@type":"Person","@id":"https:\/\/news.save.ch\/de\/#\/schema\/person\/10917387362b3961e882740f6cf6f2a2","name":"stefanie Zeng","image":{"@type":"ImageObject","inLanguage":"de","@id":"https:\/\/secure.gravatar.com\/avatar\/eac43faa6e40bb2c41068c95c9d78bbd94c476d5efdff7abaab80bb3ea681e06?s=96&d=mm&r=g","url":"https:\/\/secure.gravatar.com\/avatar\/eac43faa6e40bb2c41068c95c9d78bbd94c476d5efdff7abaab80bb3ea681e06?s=96&d=mm&r=g","contentUrl":"https:\/\/secure.gravatar.com\/avatar\/eac43faa6e40bb2c41068c95c9d78bbd94c476d5efdff7abaab80bb3ea681e06?s=96&d=mm&r=g","caption":"stefanie Zeng"},"url":"https:\/\/news.save.ch\/de\/author\/stefanie-zeng\/"}]}},"_links":{"self":[{"href":"https:\/\/news.save.ch\/de\/wp-json\/wp\/v2\/posts\/24503","targetHints":{"allow":["GET"]}}],"collection":[{"href":"https:\/\/news.save.ch\/de\/wp-json\/wp\/v2\/posts"}],"about":[{"href":"https:\/\/news.save.ch\/de\/wp-json\/wp\/v2\/types\/post"}],"author":[{"embeddable":true,"href":"https:\/\/news.save.ch\/de\/wp-json\/wp\/v2\/users\/31"}],"replies":[{"embeddable":true,"href":"https:\/\/news.save.ch\/de\/wp-json\/wp\/v2\/comments?post=24503"}],"version-history":[{"count":3,"href":"https:\/\/news.save.ch\/de\/wp-json\/wp\/v2\/posts\/24503\/revisions"}],"predecessor-version":[{"id":24507,"href":"https:\/\/news.save.ch\/de\/wp-json\/wp\/v2\/posts\/24503\/revisions\/24507"}],"wp:attachment":[{"href":"https:\/\/news.save.ch\/de\/wp-json\/wp\/v2\/media?parent=24503"}],"wp:term":[{"taxonomy":"category","embeddable":true,"href":"https:\/\/news.save.ch\/de\/wp-json\/wp\/v2\/categories?post=24503"},{"taxonomy":"post_tag","embeddable":true,"href":"https:\/\/news.save.ch\/de\/wp-json\/wp\/v2\/tags?post=24503"}],"curies":[{"name":"wp","href":"https:\/\/api.w.org\/{rel}","templated":true}]}}