{"id":24512,"date":"2025-09-03T10:31:02","date_gmt":"2025-09-03T08:31:02","guid":{"rendered":"https:\/\/news.save.ch\/?p=24512"},"modified":"2025-09-03T10:31:04","modified_gmt":"2025-09-03T08:31:04","slug":"forschung-fuer-die-gesundheit-mit-innovativen-materialien-man-muss-das-gesamte-system-mensch-verstehen","status":null,"type":"post","link":"https:\/\/news.save.ch\/de\/forschung-fuer-die-gesundheit-mit-innovativen-materialien-man-muss-das-gesamte-system-mensch-verstehen\/","title":{"rendered":"Forschung f\u00fcr die Gesundheit mit innovativen Materialien: \u00abMan muss das gesamte System \u2039Mensch\u203a verstehen\u00bb"},"content":{"rendered":"<p><a href=\"https:\/\/news.save.ch\/forschung-fuer-die-gesundheit-mit-innovativen-materialien-man-muss-das-gesamte-system-mensch-verstehen\/0d5440d1-00f7-4066-bd73-03d5840dbed9-kopie\/\" rel=\"attachment wp-att-24513\"><img loading=\"lazy\" decoding=\"async\" class=\"alignnone wp-image-24513 size-full\" src=\"https:\/\/news.save.ch\/wp-content\/uploads\/2025\/09\/0d5440d1-00f7-4066-bd73-03d5840dbed9-Kopie-e1756887877519.jpg\" alt=\"\" width=\"1023\" height=\"697\" srcset=\"https:\/\/news.save.ch\/wp-content\/uploads\/2025\/09\/0d5440d1-00f7-4066-bd73-03d5840dbed9-Kopie-e1756887877519.jpg 1023w, https:\/\/news.save.ch\/wp-content\/uploads\/2025\/09\/0d5440d1-00f7-4066-bd73-03d5840dbed9-Kopie-e1756887877519-680x463.jpg 680w, https:\/\/news.save.ch\/wp-content\/uploads\/2025\/09\/0d5440d1-00f7-4066-bd73-03d5840dbed9-Kopie-e1756887877519-768x523.jpg 768w, https:\/\/news.save.ch\/wp-content\/uploads\/2025\/09\/0d5440d1-00f7-4066-bd73-03d5840dbed9-Kopie-e1756887877519-18x12.jpg 18w, https:\/\/news.save.ch\/wp-content\/uploads\/2025\/09\/0d5440d1-00f7-4066-bd73-03d5840dbed9-Kopie-e1756887877519-375x255.jpg 375w, https:\/\/news.save.ch\/wp-content\/uploads\/2025\/09\/0d5440d1-00f7-4066-bd73-03d5840dbed9-Kopie-e1756887877519-514x350.jpg 514w, https:\/\/news.save.ch\/wp-content\/uploads\/2025\/09\/0d5440d1-00f7-4066-bd73-03d5840dbed9-Kopie-e1756887877519-1000x681.jpg 1000w\" sizes=\"auto, (max-width: 1023px) 100vw, 1023px\" \/><\/a><\/p>\n<p id=\"doc-1j30q0hb30\" class=\"font--regular\"><strong>Warum betreibt ein Materialforschungsinstitut wie die Empa eigentlich biomedizinische Forschung?<\/strong><\/p>\n<p id=\"doc-1j30q0s2l0\" class=\"font--regular\">Laut einer EU-Studie sind rund 70% aller Innovationen materialgetrieben. Es gibt also zahlreiche wichtige Anwendungsfelder f\u00fcr neue Materialien, unter anderem eben im Gesundheitsbereich. Nehmen wir zum Beispiel ein Implantat: Das soll m\u00f6glichst lange halten, man will Infektionen vermeiden, und die Oberfl\u00e4chenbeschaffenheit soll sicherstellen, dass es zu einer m\u00f6glichst guten Integration ins Knochengewebe kommt, etwa bei einer k\u00fcnstlichen H\u00fcfte \u2013 alles hochkomplexe Themen, die enorm viel materialwissenschaftliches Knowhow ben\u00f6tigen.<\/p>\n<p id=\"doc-1j30q13180\" class=\"font--regular\"><strong>Was zeichnet Empa-Projekte im Gesundheitsbereich aus \u2013 was ist das Besondere?<\/strong><\/p>\n<p id=\"doc-1j30q1aa80\" class=\"font--regular\">In der Zusammenarbeit mit unseren klinischen Partnern sehen wir h\u00e4ufig einen \u00abPush-Pull\u00bb-Prozess, der getriggert wird durch einen intensiven Dialog. Die erfolgreichsten Projekte sind diejenigen, die im Wechselspiel mit unseren Spitalpartnern unmittelbar im klinischen Umfeld entstehen. Wir zeigen dabei die technologischen M\u00f6glichkeiten neuer Materialien auf, unsere Partner sagen uns, wo der Schuh im klinischen Alltag dr\u00fcckt. Sie wissen zwar genau, wo sie Probleme haben \u2013 aber oft nicht, dass es f\u00fcr manches bereits L\u00f6sungsans\u00e4tze gibt. Dieser intensive Austausch ist absolut zentral \u2013 und daf\u00fcr muss man sich Zeit nehmen, um Vertrauen und ein gegenseitiges Verst\u00e4ndnis aufzubauen. Das war auch f\u00fcr uns anfangs ein Lernprozess.<\/p>\n<p id=\"doc-1j30q1eh10\" class=\"font--regular\">Ausserdem sind viele unserer Partnerschaften, gerade im klinischen Bereich, langfristig angelegt. Das erlaubt es uns, Technologien \u00fcber verschiedene Reifegrade hinweg zu entwickeln, man spricht vom Technology Readiness Level\u00bb (TRL), vom ersten Prototyp im Labor bis zur marktreifen L\u00f6sung, die unsere Partner nutzen und umsetzen k\u00f6nnen. Deshalb pflegen wir strategische Partnerschaften mit ausgew\u00e4hlten Zentren, etwa mit dem Kantonsspital St. Gallen sowie mit den Universit\u00e4tsspit\u00e4lern in Z\u00fcrich und Bern. Und drittens sind unsere Projekte hochgradig interdisziplin\u00e4r.<\/p>\n<p id=\"doc-1j30q1qmi0\" class=\"font--regular\"><strong>Was verstehen Sie darunter, wie wird das an der Empa gelebt?<\/strong><\/p>\n<p id=\"doc-1j30q2clu0\" class=\"font--regular\">F\u00fcr uns heisst das, ein Problem aus ganz unterschiedlichen Blickwinkeln anzugehen, nur so kann man das Potenzial f\u00fcr wirklich Neues erkennen. Daf\u00fcr sind wir als Empa mit all den Natur- und Ingenieurwissenschaften unter einem Dach \u2013 von Nanotechnologie und Oberfl\u00e4chenanalytik, Textil- und Fasertechnologien, Molekular- und Zellbiologie bis hin zu Biomechanik und Modellierung \u2013 nat\u00fcrlich pr\u00e4destiniert. Auf der anderen Seite sind auch die modernen Gesundheitstechnologien vom Wesen her Systemwissenschaften, die zig Disziplinen vereinen. Man muss das gesamte System \u00abMensch\u00bb verstehen, um effektive L\u00f6sungen im Gesundheitsbereich zu entwickeln \u2013 von der molekularen Ebene bis zur Physiologie des menschlichen K\u00f6rpers inklusive psychologischer und soziologischer Aspekte.<\/p>\n<p id=\"doc-1j30q2i930\" class=\"font--regular\"><strong>Wie muss man sich ein typisches Empa-Produkt f\u00fcr klinische Anwendungen vorstellen?<\/strong><\/p>\n<p id=\"doc-1j30q3orf0\" class=\"font--regular\">Ein Beispiel sind \u00absmarte\u00bb Wundverb\u00e4nde. Wundheilungsprozesse sind enorm komplex und verlaufen in verschiedenen Phasen; der Wundverband muss die verschiedenen Phasen \u2013 idealerweise \u2013 optimal begleiten, vor allem in der Infektionsphase, die man fr\u00fchzeitig erkennen und behandeln muss. Dabei m\u00fcssen wir vor allem verhindern, dass eine Wunde chronisch wird. Und sp\u00e4ter sollte der Verband den Heilprozess unterst\u00fctzen und beschleunigen.<\/p>\n<p id=\"doc-1j30q3org0\" class=\"font--regular\">Ein damit verwandtes, sehr aktuelles Thema ist die weltweit zunehmende Antibiotika-Resistenz. Um dem nicht weiter Vorschub zu leisten, sollten wir Antibiotika nur dann einzusetzen, wenn sie absolut notwendig sind \u2013 wir m\u00fcssen also Infektionen m\u00f6glichst rasch erkennen, etwa via Sensoren, die dann zum Beispiel \u00fcber eine Farb\u00e4nderung am Verband einen Bakterienbefall anzeigen. Gleichzeitig arbeiten wir an neuen, alternativen Therapieans\u00e4tzen, etwa \u00ablebende\u00bb Materialien wie Bakteriophagen \u2013 also Bakterien-t\u00f6tende Viren, die f\u00fcr den Menschen harmlos sind \u2013 oder Probiotika, also \u00abgute\u00bb Bakterien. Und auch die sollten wir nur dann \u00abaktivieren\u00bb, wenn die Wunde tats\u00e4chlich infiziert ist, etwa indem wir sie in bestimmte Polymere verkapseln, die ihren Inhalt nur dann freisetzen, wenn beispielsweise der pH-Wert in der Wunde steigt, ein Fr\u00fchindikator f\u00fcr eine Infektion. Ein Wundverband, der all diese verschiedenen \u00abF\u00e4higkeiten\u00bb vereint, w\u00e4re so ein typisches Empa-Produkt.<\/p>\n<p id=\"doc-1j30q3org1\" class=\"font--regular\"><strong>Mit dem Thema Gesundheit assoziiert man immer auch Kosten. Wo sehen Sie M\u00f6glichkeiten, die Gesundheitskosten in den Griff zu bekommen?<\/strong><\/p>\n<p id=\"doc-1j30q3orh0\" class=\"font--regular\">In erster Linie in der Pr\u00e4vention und Fr\u00fcherkennung. Die Gesundheitskosten steigen vor allem in den letzten Jahren des Lebens stark an. Ein m\u00f6glicher Ansatz w\u00e4re, \u00e4ltere PatientInnen mit Hilfe tragbarer Sensoren und ihrer digitalen Zwillinge optimal begleiten und unterst\u00fctzen zu k\u00f6nnen. Der digitale Zwilling k\u00f6nnte aufgrund der \u00fcbermittelten Sensordaten \u2013 falls n\u00f6tig \u2013 personalisierte Therapien vorschlagen. Ausserdem haben verschiedene Studien festgestellt, dass bis zu 50% aller Therapien nicht korrekt angewendet werden. Wenn wir durch ein verbessertes \u00abHealth Monitoring\u00bb die Therapiesicherheit, aber auch die Compliance \u2013 und damit letztlich den Therapieerfolg \u2013 steigern k\u00f6nnten, w\u00e4re viel gewonnen.<\/p>\n<p id=\"doc-1j30q3ori0\" class=\"font--regular\"><strong>Ein Blick in die Zukunft: Was h\u00e4tten Sie in f\u00fcnf bis zehn Jahren gerne mit Ihrer Forschung erreicht?<\/strong><\/p>\n<p id=\"doc-1j30q3ori1\" class=\"font--regular\">Seit 2023 haben wir an der Empa drei \u00abBooster\u00bb-Programme gestartet, zum Beispiel f\u00fcr eine verbesserte Krebsbehandlung, die Bek\u00e4mpfung von Antibiotikaresistenzen und eins zum Thema Wundheilung. Ein Wundverband, dank dem sich Wundinfektionen und vor allem chronische Wunden vermeiden liessen, etwa bei Paraplegikern und bettl\u00e4gerigen Menschen, aber auch bei Neugeborenen, die aus irgendeinem Grund auf der Intensivstation liegen \u2013 das w\u00e4re ein toller Erfolg.<\/p>\n<p id=\"doc-1j30q3orj0\" class=\"font--regular\">Und in der Demenzforschung, um ein anderes Beispiel zu nennen, w\u00e4re es ein Riesen-Fortschritt, wenn wir die ersten Anzeichen einer Erkrankung mit Hilfe einfacher Diagnostik, etwa \u00fcber die Analyse von Bewegungsmustern, Vitalparametern wie Herz- und Atemfrequenz, K\u00f6rpertemperatur, Blutanalysen, etc. bereits im Anfangsstadium erkennen k\u00f6nnten. Denn je fr\u00fcher man bei degenerativen Erkrankungen einschreitet \u2013 was derzeit leider noch nicht m\u00f6glich ist \u2013, desto eher kann man den Krankheitsverlauf zumindest verlangsamen.<\/p>\n<p>Quelle: Empa<\/p>\n","protected":false},"excerpt":{"rendered":"<p>Warum betreibt ein Materialforschungsinstitut wie die Empa eigentlich biomedizinische Forschung? Laut einer EU-Studie sind rund 70% aller Innovationen materialgetrieben. Es gibt also zahlreiche wichtige Anwendungsfelder f\u00fcr neue Materialien, unter anderem eben im Gesundheitsbereich. Nehmen wir zum Beispiel ein Implantat: Das soll m\u00f6glichst lange halten, man will Infektionen vermeiden, und die Oberfl\u00e4chenbeschaffenheit soll sicherstellen, dass es [&hellip;]<\/p>\n","protected":false},"author":31,"featured_media":0,"comment_status":"closed","ping_status":"closed","sticky":false,"template":"","format":"standard","meta":{"_acf_changed":false,"pgc_sgb_lightbox_settings":"","footnotes":""},"categories":[1],"tags":[],"class_list":["post-24512","post","type-post","status-publish","format-standard","hentry","category-allgemein"],"acf":[],"hkrextid":null,"publication":null,"issue":null,"workflow":null,"startPage":null,"spitzmarke":null,"_posts_by_tag_page_fields":null,"_at_widget":null,"_yoast_wpseo_primary_category":"","_yoast_wpseo_focuskw_text_input":null,"_yoast_wpseo_opengraph-image":null,"_yoast_wpseo_opengraph-description":null,"_yoast_wpseo_opengraph-title":null,"enclosure":null,"_yoast_wpseo_twitter-title":null,"_yoast_wpseo_twitter-description":null,"_yoast_wpseo_twitter-image":null,"_wp_old_slug":null,"_yoast_wpseo_title":null,"_yoast_wpseo_canonical":null,"yoast_head":"<!-- This site is optimized with the Yoast SEO plugin v27.4 - https:\/\/yoast.com\/product\/yoast-seo-wordpress\/ -->\n<title>Forschung f\u00fcr die Gesundheit mit innovativen Materialien: \u00abMan muss das gesamte System \u2039Mensch\u203a verstehen\u00bb - Save<\/title>\n<meta name=\"description\" content=\"Was das Besondere an der Forschung im Gesundheitsbereich an der Empa ist, was das mit Materialien zu tun hat und auf welche Themen sich die Empa-Forschung konzentriert, erl\u00e4utert Ren\u00e9 Rossi, Co-Leiter des Departements \u00abMaterials meet Life\u00bb und des Forschungsschwerpunkts Gesundheit, im Interview.\" \/>\n<meta name=\"robots\" content=\"index, follow, max-snippet:-1, max-image-preview:large, max-video-preview:-1\" \/>\n<link rel=\"canonical\" href=\"https:\/\/news.save.ch\/de\/forschung-fuer-die-gesundheit-mit-innovativen-materialien-man-muss-das-gesamte-system-mensch-verstehen\/\" \/>\n<meta property=\"og:locale\" content=\"de_DE\" \/>\n<meta property=\"og:type\" content=\"article\" \/>\n<meta property=\"og:title\" content=\"Forschung f\u00fcr die Gesundheit mit innovativen Materialien: \u00abMan muss das gesamte System \u2039Mensch\u203a verstehen\u00bb - Save\" \/>\n<meta property=\"og:description\" content=\"Was das Besondere an der Forschung im Gesundheitsbereich an der Empa ist, was das mit Materialien zu tun hat und auf welche Themen sich die Empa-Forschung konzentriert, erl\u00e4utert Ren\u00e9 Rossi, Co-Leiter des Departements \u00abMaterials meet Life\u00bb und des Forschungsschwerpunkts Gesundheit, im Interview.\" \/>\n<meta property=\"og:url\" content=\"https:\/\/news.save.ch\/de\/forschung-fuer-die-gesundheit-mit-innovativen-materialien-man-muss-das-gesamte-system-mensch-verstehen\/\" \/>\n<meta property=\"og:site_name\" content=\"Save\" \/>\n<meta property=\"article:published_time\" content=\"2025-09-03T08:31:02+00:00\" \/>\n<meta property=\"article:modified_time\" content=\"2025-09-03T08:31:04+00:00\" \/>\n<meta property=\"og:image\" content=\"https:\/\/news.save.ch\/wp-content\/uploads\/2025\/09\/0d5440d1-00f7-4066-bd73-03d5840dbed9-Kopie-e1756887877519.jpg\" \/>\n\t<meta property=\"og:image:width\" content=\"1023\" \/>\n\t<meta property=\"og:image:height\" content=\"697\" \/>\n\t<meta property=\"og:image:type\" content=\"image\/jpeg\" \/>\n<meta name=\"author\" content=\"stefanie Zeng\" \/>\n<meta name=\"twitter:card\" content=\"summary_large_image\" \/>\n<meta name=\"twitter:label1\" content=\"Geschrieben von\" \/>\n\t<meta name=\"twitter:data1\" content=\"stefanie Zeng\" \/>\n\t<meta name=\"twitter:label2\" content=\"Gesch\u00e4tzte Lesezeit\" \/>\n\t<meta name=\"twitter:data2\" content=\"5\u00a0Minuten\" \/>\n<script type=\"application\/ld+json\" class=\"yoast-schema-graph\">{\"@context\":\"https:\\\/\\\/schema.org\",\"@graph\":[{\"@type\":\"Article\",\"@id\":\"https:\\\/\\\/news.save.ch\\\/forschung-fuer-die-gesundheit-mit-innovativen-materialien-man-muss-das-gesamte-system-mensch-verstehen\\\/#article\",\"isPartOf\":{\"@id\":\"https:\\\/\\\/news.save.ch\\\/forschung-fuer-die-gesundheit-mit-innovativen-materialien-man-muss-das-gesamte-system-mensch-verstehen\\\/\"},\"author\":{\"name\":\"stefanie Zeng\",\"@id\":\"https:\\\/\\\/news.save.ch\\\/de\\\/#\\\/schema\\\/person\\\/10917387362b3961e882740f6cf6f2a2\"},\"headline\":\"Forschung f\u00fcr die Gesundheit mit innovativen Materialien: \u00abMan muss das gesamte System \u2039Mensch\u203a verstehen\u00bb\",\"datePublished\":\"2025-09-03T08:31:02+00:00\",\"dateModified\":\"2025-09-03T08:31:04+00:00\",\"mainEntityOfPage\":{\"@id\":\"https:\\\/\\\/news.save.ch\\\/forschung-fuer-die-gesundheit-mit-innovativen-materialien-man-muss-das-gesamte-system-mensch-verstehen\\\/\"},\"wordCount\":914,\"publisher\":{\"@id\":\"https:\\\/\\\/news.save.ch\\\/de\\\/#organization\"},\"image\":{\"@id\":\"https:\\\/\\\/news.save.ch\\\/forschung-fuer-die-gesundheit-mit-innovativen-materialien-man-muss-das-gesamte-system-mensch-verstehen\\\/#primaryimage\"},\"thumbnailUrl\":\"https:\\\/\\\/news.save.ch\\\/wp-content\\\/uploads\\\/2025\\\/09\\\/0d5440d1-00f7-4066-bd73-03d5840dbed9-Kopie-e1756887877519.jpg\",\"articleSection\":[\"ALLGEMEIN\"],\"inLanguage\":\"de\"},{\"@type\":\"WebPage\",\"@id\":\"https:\\\/\\\/news.save.ch\\\/forschung-fuer-die-gesundheit-mit-innovativen-materialien-man-muss-das-gesamte-system-mensch-verstehen\\\/\",\"url\":\"https:\\\/\\\/news.save.ch\\\/forschung-fuer-die-gesundheit-mit-innovativen-materialien-man-muss-das-gesamte-system-mensch-verstehen\\\/\",\"name\":\"Forschung f\u00fcr die Gesundheit mit innovativen Materialien: \u00abMan muss das gesamte System \u2039Mensch\u203a verstehen\u00bb - Save\",\"isPartOf\":{\"@id\":\"https:\\\/\\\/news.save.ch\\\/de\\\/#website\"},\"primaryImageOfPage\":{\"@id\":\"https:\\\/\\\/news.save.ch\\\/forschung-fuer-die-gesundheit-mit-innovativen-materialien-man-muss-das-gesamte-system-mensch-verstehen\\\/#primaryimage\"},\"image\":{\"@id\":\"https:\\\/\\\/news.save.ch\\\/forschung-fuer-die-gesundheit-mit-innovativen-materialien-man-muss-das-gesamte-system-mensch-verstehen\\\/#primaryimage\"},\"thumbnailUrl\":\"https:\\\/\\\/news.save.ch\\\/wp-content\\\/uploads\\\/2025\\\/09\\\/0d5440d1-00f7-4066-bd73-03d5840dbed9-Kopie-e1756887877519.jpg\",\"datePublished\":\"2025-09-03T08:31:02+00:00\",\"dateModified\":\"2025-09-03T08:31:04+00:00\",\"description\":\"Was das Besondere an der Forschung im Gesundheitsbereich an der Empa ist, was das mit Materialien zu tun hat und auf welche Themen sich die Empa-Forschung konzentriert, erl\u00e4utert Ren\u00e9 Rossi, Co-Leiter des Departements \u00abMaterials meet Life\u00bb und des Forschungsschwerpunkts Gesundheit, im Interview.\",\"breadcrumb\":{\"@id\":\"https:\\\/\\\/news.save.ch\\\/forschung-fuer-die-gesundheit-mit-innovativen-materialien-man-muss-das-gesamte-system-mensch-verstehen\\\/#breadcrumb\"},\"inLanguage\":\"de\",\"potentialAction\":[{\"@type\":\"ReadAction\",\"target\":[\"https:\\\/\\\/news.save.ch\\\/forschung-fuer-die-gesundheit-mit-innovativen-materialien-man-muss-das-gesamte-system-mensch-verstehen\\\/\"]}]},{\"@type\":\"ImageObject\",\"inLanguage\":\"de\",\"@id\":\"https:\\\/\\\/news.save.ch\\\/forschung-fuer-die-gesundheit-mit-innovativen-materialien-man-muss-das-gesamte-system-mensch-verstehen\\\/#primaryimage\",\"url\":\"https:\\\/\\\/news.save.ch\\\/wp-content\\\/uploads\\\/2025\\\/09\\\/0d5440d1-00f7-4066-bd73-03d5840dbed9-Kopie-e1756887877519.jpg\",\"contentUrl\":\"https:\\\/\\\/news.save.ch\\\/wp-content\\\/uploads\\\/2025\\\/09\\\/0d5440d1-00f7-4066-bd73-03d5840dbed9-Kopie-e1756887877519.jpg\"},{\"@type\":\"BreadcrumbList\",\"@id\":\"https:\\\/\\\/news.save.ch\\\/forschung-fuer-die-gesundheit-mit-innovativen-materialien-man-muss-das-gesamte-system-mensch-verstehen\\\/#breadcrumb\",\"itemListElement\":[{\"@type\":\"ListItem\",\"position\":1,\"name\":\"Home\",\"item\":\"https:\\\/\\\/news.save.ch\\\/de\\\/\"},{\"@type\":\"ListItem\",\"position\":2,\"name\":\"Forschung f\u00fcr die Gesundheit mit innovativen Materialien: \u00abMan muss das gesamte System \u2039Mensch\u203a verstehen\u00bb\"}]},{\"@type\":\"WebSite\",\"@id\":\"https:\\\/\\\/news.save.ch\\\/de\\\/#website\",\"url\":\"https:\\\/\\\/news.save.ch\\\/de\\\/\",\"name\":\"Save\",\"description\":\"Schweizer Fachzeitschrift f\u00fcr Sicherheit\",\"publisher\":{\"@id\":\"https:\\\/\\\/news.save.ch\\\/de\\\/#organization\"},\"potentialAction\":[{\"@type\":\"SearchAction\",\"target\":{\"@type\":\"EntryPoint\",\"urlTemplate\":\"https:\\\/\\\/news.save.ch\\\/de\\\/?s={search_term_string}\"},\"query-input\":{\"@type\":\"PropertyValueSpecification\",\"valueRequired\":true,\"valueName\":\"search_term_string\"}}],\"inLanguage\":\"de\"},{\"@type\":\"Organization\",\"@id\":\"https:\\\/\\\/news.save.ch\\\/de\\\/#organization\",\"name\":\"Sicherheitsforum\",\"url\":\"https:\\\/\\\/news.save.ch\\\/de\\\/\",\"logo\":{\"@type\":\"ImageObject\",\"inLanguage\":\"de\",\"@id\":\"https:\\\/\\\/news.save.ch\\\/de\\\/#\\\/schema\\\/logo\\\/image\\\/\",\"url\":\"https:\\\/\\\/news.save.ch\\\/wp-content\\\/uploads\\\/2022\\\/06\\\/Logo_SF_2012.png\",\"contentUrl\":\"https:\\\/\\\/news.save.ch\\\/wp-content\\\/uploads\\\/2022\\\/06\\\/Logo_SF_2012.png\",\"width\":1100,\"height\":91,\"caption\":\"Sicherheitsforum\"},\"image\":{\"@id\":\"https:\\\/\\\/news.save.ch\\\/de\\\/#\\\/schema\\\/logo\\\/image\\\/\"}},{\"@type\":\"Person\",\"@id\":\"https:\\\/\\\/news.save.ch\\\/de\\\/#\\\/schema\\\/person\\\/10917387362b3961e882740f6cf6f2a2\",\"name\":\"stefanie Zeng\",\"image\":{\"@type\":\"ImageObject\",\"inLanguage\":\"de\",\"@id\":\"https:\\\/\\\/secure.gravatar.com\\\/avatar\\\/eac43faa6e40bb2c41068c95c9d78bbd94c476d5efdff7abaab80bb3ea681e06?s=96&d=mm&r=g\",\"url\":\"https:\\\/\\\/secure.gravatar.com\\\/avatar\\\/eac43faa6e40bb2c41068c95c9d78bbd94c476d5efdff7abaab80bb3ea681e06?s=96&d=mm&r=g\",\"contentUrl\":\"https:\\\/\\\/secure.gravatar.com\\\/avatar\\\/eac43faa6e40bb2c41068c95c9d78bbd94c476d5efdff7abaab80bb3ea681e06?s=96&d=mm&r=g\",\"caption\":\"stefanie Zeng\"},\"url\":\"https:\\\/\\\/news.save.ch\\\/de\\\/author\\\/stefanie-zeng\\\/\"}]}<\/script>\n<!-- \/ Yoast SEO plugin. -->","yoast_head_json":{"title":"Forschung f\u00fcr die Gesundheit mit innovativen Materialien: \u00abMan muss das gesamte System \u2039Mensch\u203a verstehen\u00bb - Save","description":"Was das Besondere an der Forschung im Gesundheitsbereich an der Empa ist, was das mit Materialien zu tun hat und auf welche Themen sich die Empa-Forschung konzentriert, erl\u00e4utert Ren\u00e9 Rossi, Co-Leiter des Departements \u00abMaterials meet Life\u00bb und des Forschungsschwerpunkts Gesundheit, im Interview.","robots":{"index":"index","follow":"follow","max-snippet":"max-snippet:-1","max-image-preview":"max-image-preview:large","max-video-preview":"max-video-preview:-1"},"canonical":"https:\/\/news.save.ch\/de\/forschung-fuer-die-gesundheit-mit-innovativen-materialien-man-muss-das-gesamte-system-mensch-verstehen\/","og_locale":"de_DE","og_type":"article","og_title":"Forschung f\u00fcr die Gesundheit mit innovativen Materialien: \u00abMan muss das gesamte System \u2039Mensch\u203a verstehen\u00bb - Save","og_description":"Was das Besondere an der Forschung im Gesundheitsbereich an der Empa ist, was das mit Materialien zu tun hat und auf welche Themen sich die Empa-Forschung konzentriert, erl\u00e4utert Ren\u00e9 Rossi, Co-Leiter des Departements \u00abMaterials meet Life\u00bb und des Forschungsschwerpunkts Gesundheit, im Interview.","og_url":"https:\/\/news.save.ch\/de\/forschung-fuer-die-gesundheit-mit-innovativen-materialien-man-muss-das-gesamte-system-mensch-verstehen\/","og_site_name":"Save","article_published_time":"2025-09-03T08:31:02+00:00","article_modified_time":"2025-09-03T08:31:04+00:00","og_image":[{"width":1023,"height":697,"url":"https:\/\/news.save.ch\/wp-content\/uploads\/2025\/09\/0d5440d1-00f7-4066-bd73-03d5840dbed9-Kopie-e1756887877519.jpg","type":"image\/jpeg"}],"author":"stefanie Zeng","twitter_card":"summary_large_image","twitter_misc":{"Geschrieben von":"stefanie Zeng","Gesch\u00e4tzte Lesezeit":"5\u00a0Minuten"},"schema":{"@context":"https:\/\/schema.org","@graph":[{"@type":"Article","@id":"https:\/\/news.save.ch\/forschung-fuer-die-gesundheit-mit-innovativen-materialien-man-muss-das-gesamte-system-mensch-verstehen\/#article","isPartOf":{"@id":"https:\/\/news.save.ch\/forschung-fuer-die-gesundheit-mit-innovativen-materialien-man-muss-das-gesamte-system-mensch-verstehen\/"},"author":{"name":"stefanie Zeng","@id":"https:\/\/news.save.ch\/de\/#\/schema\/person\/10917387362b3961e882740f6cf6f2a2"},"headline":"Forschung f\u00fcr die Gesundheit mit innovativen Materialien: \u00abMan muss das gesamte System \u2039Mensch\u203a verstehen\u00bb","datePublished":"2025-09-03T08:31:02+00:00","dateModified":"2025-09-03T08:31:04+00:00","mainEntityOfPage":{"@id":"https:\/\/news.save.ch\/forschung-fuer-die-gesundheit-mit-innovativen-materialien-man-muss-das-gesamte-system-mensch-verstehen\/"},"wordCount":914,"publisher":{"@id":"https:\/\/news.save.ch\/de\/#organization"},"image":{"@id":"https:\/\/news.save.ch\/forschung-fuer-die-gesundheit-mit-innovativen-materialien-man-muss-das-gesamte-system-mensch-verstehen\/#primaryimage"},"thumbnailUrl":"https:\/\/news.save.ch\/wp-content\/uploads\/2025\/09\/0d5440d1-00f7-4066-bd73-03d5840dbed9-Kopie-e1756887877519.jpg","articleSection":["ALLGEMEIN"],"inLanguage":"de"},{"@type":"WebPage","@id":"https:\/\/news.save.ch\/forschung-fuer-die-gesundheit-mit-innovativen-materialien-man-muss-das-gesamte-system-mensch-verstehen\/","url":"https:\/\/news.save.ch\/forschung-fuer-die-gesundheit-mit-innovativen-materialien-man-muss-das-gesamte-system-mensch-verstehen\/","name":"Forschung f\u00fcr die Gesundheit mit innovativen Materialien: \u00abMan muss das gesamte System \u2039Mensch\u203a verstehen\u00bb - Save","isPartOf":{"@id":"https:\/\/news.save.ch\/de\/#website"},"primaryImageOfPage":{"@id":"https:\/\/news.save.ch\/forschung-fuer-die-gesundheit-mit-innovativen-materialien-man-muss-das-gesamte-system-mensch-verstehen\/#primaryimage"},"image":{"@id":"https:\/\/news.save.ch\/forschung-fuer-die-gesundheit-mit-innovativen-materialien-man-muss-das-gesamte-system-mensch-verstehen\/#primaryimage"},"thumbnailUrl":"https:\/\/news.save.ch\/wp-content\/uploads\/2025\/09\/0d5440d1-00f7-4066-bd73-03d5840dbed9-Kopie-e1756887877519.jpg","datePublished":"2025-09-03T08:31:02+00:00","dateModified":"2025-09-03T08:31:04+00:00","description":"Was das Besondere an der Forschung im Gesundheitsbereich an der Empa ist, was das mit Materialien zu tun hat und auf welche Themen sich die Empa-Forschung konzentriert, erl\u00e4utert Ren\u00e9 Rossi, Co-Leiter des Departements \u00abMaterials meet Life\u00bb und des Forschungsschwerpunkts Gesundheit, im Interview.","breadcrumb":{"@id":"https:\/\/news.save.ch\/forschung-fuer-die-gesundheit-mit-innovativen-materialien-man-muss-das-gesamte-system-mensch-verstehen\/#breadcrumb"},"inLanguage":"de","potentialAction":[{"@type":"ReadAction","target":["https:\/\/news.save.ch\/forschung-fuer-die-gesundheit-mit-innovativen-materialien-man-muss-das-gesamte-system-mensch-verstehen\/"]}]},{"@type":"ImageObject","inLanguage":"de","@id":"https:\/\/news.save.ch\/forschung-fuer-die-gesundheit-mit-innovativen-materialien-man-muss-das-gesamte-system-mensch-verstehen\/#primaryimage","url":"https:\/\/news.save.ch\/wp-content\/uploads\/2025\/09\/0d5440d1-00f7-4066-bd73-03d5840dbed9-Kopie-e1756887877519.jpg","contentUrl":"https:\/\/news.save.ch\/wp-content\/uploads\/2025\/09\/0d5440d1-00f7-4066-bd73-03d5840dbed9-Kopie-e1756887877519.jpg"},{"@type":"BreadcrumbList","@id":"https:\/\/news.save.ch\/forschung-fuer-die-gesundheit-mit-innovativen-materialien-man-muss-das-gesamte-system-mensch-verstehen\/#breadcrumb","itemListElement":[{"@type":"ListItem","position":1,"name":"Home","item":"https:\/\/news.save.ch\/de\/"},{"@type":"ListItem","position":2,"name":"Forschung f\u00fcr die Gesundheit mit innovativen Materialien: \u00abMan muss das gesamte System \u2039Mensch\u203a verstehen\u00bb"}]},{"@type":"WebSite","@id":"https:\/\/news.save.ch\/de\/#website","url":"https:\/\/news.save.ch\/de\/","name":"Save","description":"Schweizer Fachzeitschrift f\u00fcr Sicherheit","publisher":{"@id":"https:\/\/news.save.ch\/de\/#organization"},"potentialAction":[{"@type":"SearchAction","target":{"@type":"EntryPoint","urlTemplate":"https:\/\/news.save.ch\/de\/?s={search_term_string}"},"query-input":{"@type":"PropertyValueSpecification","valueRequired":true,"valueName":"search_term_string"}}],"inLanguage":"de"},{"@type":"Organization","@id":"https:\/\/news.save.ch\/de\/#organization","name":"Sicherheitsforum","url":"https:\/\/news.save.ch\/de\/","logo":{"@type":"ImageObject","inLanguage":"de","@id":"https:\/\/news.save.ch\/de\/#\/schema\/logo\/image\/","url":"https:\/\/news.save.ch\/wp-content\/uploads\/2022\/06\/Logo_SF_2012.png","contentUrl":"https:\/\/news.save.ch\/wp-content\/uploads\/2022\/06\/Logo_SF_2012.png","width":1100,"height":91,"caption":"Sicherheitsforum"},"image":{"@id":"https:\/\/news.save.ch\/de\/#\/schema\/logo\/image\/"}},{"@type":"Person","@id":"https:\/\/news.save.ch\/de\/#\/schema\/person\/10917387362b3961e882740f6cf6f2a2","name":"stefanie Zeng","image":{"@type":"ImageObject","inLanguage":"de","@id":"https:\/\/secure.gravatar.com\/avatar\/eac43faa6e40bb2c41068c95c9d78bbd94c476d5efdff7abaab80bb3ea681e06?s=96&d=mm&r=g","url":"https:\/\/secure.gravatar.com\/avatar\/eac43faa6e40bb2c41068c95c9d78bbd94c476d5efdff7abaab80bb3ea681e06?s=96&d=mm&r=g","contentUrl":"https:\/\/secure.gravatar.com\/avatar\/eac43faa6e40bb2c41068c95c9d78bbd94c476d5efdff7abaab80bb3ea681e06?s=96&d=mm&r=g","caption":"stefanie Zeng"},"url":"https:\/\/news.save.ch\/de\/author\/stefanie-zeng\/"}]}},"_links":{"self":[{"href":"https:\/\/news.save.ch\/de\/wp-json\/wp\/v2\/posts\/24512","targetHints":{"allow":["GET"]}}],"collection":[{"href":"https:\/\/news.save.ch\/de\/wp-json\/wp\/v2\/posts"}],"about":[{"href":"https:\/\/news.save.ch\/de\/wp-json\/wp\/v2\/types\/post"}],"author":[{"embeddable":true,"href":"https:\/\/news.save.ch\/de\/wp-json\/wp\/v2\/users\/31"}],"replies":[{"embeddable":true,"href":"https:\/\/news.save.ch\/de\/wp-json\/wp\/v2\/comments?post=24512"}],"version-history":[{"count":3,"href":"https:\/\/news.save.ch\/de\/wp-json\/wp\/v2\/posts\/24512\/revisions"}],"predecessor-version":[{"id":24516,"href":"https:\/\/news.save.ch\/de\/wp-json\/wp\/v2\/posts\/24512\/revisions\/24516"}],"wp:attachment":[{"href":"https:\/\/news.save.ch\/de\/wp-json\/wp\/v2\/media?parent=24512"}],"wp:term":[{"taxonomy":"category","embeddable":true,"href":"https:\/\/news.save.ch\/de\/wp-json\/wp\/v2\/categories?post=24512"},{"taxonomy":"post_tag","embeddable":true,"href":"https:\/\/news.save.ch\/de\/wp-json\/wp\/v2\/tags?post=24512"}],"curies":[{"name":"wp","href":"https:\/\/api.w.org\/{rel}","templated":true}]}}