{"id":24656,"date":"2025-10-28T10:02:10","date_gmt":"2025-10-28T09:02:10","guid":{"rendered":"https:\/\/news.save.ch\/?p=24656"},"modified":"2025-10-28T10:02:10","modified_gmt":"2025-10-28T09:02:10","slug":"3g-abschaltung-autos-verlieren-den-automatischen-notruf-ecall","status":null,"type":"post","link":"https:\/\/news.save.ch\/de\/3g-abschaltung-autos-verlieren-den-automatischen-notruf-ecall\/","title":{"rendered":"3G-Abschaltung: Autos verlieren den automatischen Notruf eCall"},"content":{"rendered":"<figure id=\"attachment_24657\" aria-describedby=\"caption-attachment-24657\" style=\"width: 680px\" class=\"wp-caption alignnone\"><img loading=\"lazy\" decoding=\"async\" class=\"size-medium wp-image-24657\" src=\"https:\/\/news.save.ch\/wp-content\/uploads\/2025\/10\/54851980514_c603404b6f_o-680x452.jpg\" alt=\"\" width=\"680\" height=\"452\" srcset=\"https:\/\/news.save.ch\/wp-content\/uploads\/2025\/10\/54851980514_c603404b6f_o-680x452.jpg 680w, https:\/\/news.save.ch\/wp-content\/uploads\/2025\/10\/54851980514_c603404b6f_o-1024x680.jpg 1024w, https:\/\/news.save.ch\/wp-content\/uploads\/2025\/10\/54851980514_c603404b6f_o-768x510.jpg 768w, https:\/\/news.save.ch\/wp-content\/uploads\/2025\/10\/54851980514_c603404b6f_o-1536x1020.jpg 1536w, https:\/\/news.save.ch\/wp-content\/uploads\/2025\/10\/54851980514_c603404b6f_o-2048x1360.jpg 2048w, https:\/\/news.save.ch\/wp-content\/uploads\/2025\/10\/54851980514_c603404b6f_o-18x12.jpg 18w, https:\/\/news.save.ch\/wp-content\/uploads\/2025\/10\/54851980514_c603404b6f_o-375x249.jpg 375w, https:\/\/news.save.ch\/wp-content\/uploads\/2025\/10\/54851980514_c603404b6f_o-527x350.jpg 527w, https:\/\/news.save.ch\/wp-content\/uploads\/2025\/10\/54851980514_c603404b6f_o-1000x664.jpg 1000w, https:\/\/news.save.ch\/wp-content\/uploads\/2025\/10\/54851980514_c603404b6f_o-scaled.jpg 1200w\" sizes=\"auto, (max-width: 680px) 100vw, 680px\" \/><figcaption id=\"caption-attachment-24657\" class=\"wp-caption-text\">Foto: Touring Club Suisse\/Schweiz\/Svizzero TCS<\/figcaption><\/figure>\n<div class=\"elementStandard elementContent elementText elementText_var0 elementTextAlign_var0 elementTextWidth-no\">\n<p>Mit der Abschaltung des 3G-Netzes in der Schweiz bis zum Jahresende ist eine Umstellung auf 4G oder 5G erforderlich, um die Funktionsf\u00e4higkeit des eCall-Systems zu gew\u00e4hrleisten. Das Abschalten der alten Netze hat direkte Auswirkungen auf die integrierte Notfallkommunikation: Nur neuere Fahrzeuge, die mit den aktuellen Technologien kompatibel sind, k\u00f6nnen dieses System auch weiterhin nutzen.<\/p>\n<\/div>\n<div class=\"elementStandard elementContent elementHeadline elementHeadline_var0 elementHeadlineWidth-no\">\n<h3>eCall \u2013 ein System, um Leben zu retten<\/h3>\n<\/div>\n<div class=\"elementStandard elementContent elementText elementText_var0 elementTextAlign_var0 elementTextWidth-no\">\n<p>Seit dem 31. M\u00e4rz 2018 ist der Notrufdienst f\u00fcr in Europa und der Schweiz zugelassene Personen- und Lastwagen obligatorisch. Bei schweren Unf\u00e4llen stellt dieses System automatisch eine Sprachverbindung zwischen den Fahrzeuginsassen und einer Notrufzentrale her. Der TCS hat im Jahr 2024 mehr als 2\u2019700 solche Anrufe bearbeitet. Bei einem Zusammenstoss, insbesondere wenn die Airbags ausgel\u00f6st werden, \u00fcbermittelt das Fahrzeug automatisch wichtige Informationen: Uhrzeit und Ort des Unfalls, Antriebsart und Anzahl der angeschnallten Insassen. Durch die Sprachkommunikation k\u00f6nnen die Einsatzkr\u00e4fte die Situation besser einsch\u00e4tzen und die Rettungsmassnahmen entsprechend anpassen. eCall kann von einer Insassin oder einem, Insassen auch manuell \u00fcber einen SOS-Knopf aktiviert werden, sodass die Notfallkommunikation auch dann gew\u00e4hrleistet ist, wenn der Alarm nicht automatisch ausgel\u00f6st wird.<\/p>\n<\/div>\n<div class=\"elementStandard elementContent elementHeadline elementHeadline_var0 elementHeadlineWidth-no\">\n<h3>Entscheidend ist das Baujahr des Fahrzeugs<\/h3>\n<\/div>\n<div class=\"elementStandard elementContent elementText elementText_var0 elementTextAlign_var0 elementTextWidth-no\">\n<p>Vor allem die Modelle, die vor 2018 hergestellt wurden, k\u00f6nnen von der Abschaltung des 3G-Netzes betroffen sein. Einige Hersteller bieten auf ihrer Website die M\u00f6glichkeit, zu \u00fcberpr\u00fcfen, ob ein Fahrzeug betroffen ist und ob Updates verf\u00fcgbar sind, um das eCall-System weiterhin nutzen zu k\u00f6nnen. Autorisierte H\u00e4ndler und Werkst\u00e4tten k\u00f6nnen diese Informationen ebenfalls bereitstellen. Bei Fahrzeugen, die ausschliesslich mit 3G-Modulen ausgestattet sind, kann das eCall-System nicht mehr genutzt werden. F\u00fcr einige \u00e4ltere Modelle sind keine Updates verf\u00fcgbar. Das bedeutet, dass die verbauten Notfallsysteme nicht mehr funktionsf\u00e4hig sind. Auf dem Markt sind Nachr\u00fcstl\u00f6sungen, beispielsweise Adapter f\u00fcr 12-V-Steckdosen (Zigarettenanz\u00fcnder), erh\u00e4ltlich. Damit die Anrufe jedoch an die im Telefon gespeicherten Notrufnummern weitergeleitet werden k\u00f6nnen, m\u00fcssen diese Ger\u00e4te in der Regel mit einem Mobiltelefon verbunden sein. Neuere Fahrzeuge, die mit 4G oder 5G kompatibel sind, k\u00f6nnen eCall jedoch auch weiterhin nutzen.<\/p>\n<\/div>\n<div class=\"elementStandard elementContent elementHeadline elementHeadline_var0 elementHeadlineWidth-no\">\n<h3>Was im Notfall zu tun ist<\/h3>\n<\/div>\n<div class=\"elementStandard elementContent elementText elementText_var0 elementTextAlign_var0 elementTextWidth-no\">\n<p>Im Falle eines Unfalls oder einer Not-Situation erreicht man Hilfe unter folgenden Notrufnummern: Polizei 117, Feuerwehr 118, Ambulanz 144 und allgemeiner Notruf 112 (g\u00fcltig in der gesamten Europ\u00e4ischen Union). Dar\u00fcber hinaus k\u00f6nnen TCS-Mitglieder \u00fcber die TCS-App geolokalisierte Notrufe t\u00e4tigen, die von \u00fcberall genutzt werden k\u00f6nnen, zum Beispiel auch auf der Skipiste oder auf Wandertouren. Die App ist kostenlos und \u00fcbermittelt bei einem Anruf innerhalb der Schweiz automatisch den Standort. Bei einer Panne oder einem Unfall ist so schnelle Hilfe gew\u00e4hrleistet.<\/p>\n<\/div>\n<p><em>Quelle: TCS\u00a0<\/em><\/p>\n<div class=\"elementStandard elementNote elementNote_5e9b5a64c71ceb101e603bfeb9358c2b elementNote_pos0 elementNote_bgColor0 elementNote_fontColor1 elementNote_icon10\">\n<div class=\"elementNoteInner\"><\/div>\n<\/div>\n<p>&nbsp;<\/p>\n","protected":false},"excerpt":{"rendered":"<p>Mit der Abschaltung des 3G-Netzes in der Schweiz bis zum Jahresende ist eine Umstellung auf 4G oder 5G erforderlich, um die Funktionsf\u00e4higkeit des eCall-Systems zu gew\u00e4hrleisten. Das Abschalten der alten Netze hat direkte Auswirkungen auf die integrierte Notfallkommunikation: Nur neuere Fahrzeuge, die mit den aktuellen Technologien kompatibel sind, k\u00f6nnen dieses System auch weiterhin nutzen. eCall [&hellip;]<\/p>\n","protected":false},"author":31,"featured_media":0,"comment_status":"closed","ping_status":"closed","sticky":false,"template":"","format":"standard","meta":{"_acf_changed":false,"pgc_sgb_lightbox_settings":"","footnotes":""},"categories":[1,3314],"tags":[6617,6616,6367],"class_list":["post-24656","post","type-post","status-publish","format-standard","hentry","category-allgemein","category-health-safety","tag-3g-netz","tag-ecall","tag-notruf"],"acf":[],"hkrextid":null,"publication":null,"issue":null,"workflow":null,"startPage":null,"spitzmarke":null,"_posts_by_tag_page_fields":null,"_at_widget":null,"_yoast_wpseo_primary_category":"1","_yoast_wpseo_focuskw_text_input":null,"_yoast_wpseo_opengraph-image":null,"_yoast_wpseo_opengraph-description":null,"_yoast_wpseo_opengraph-title":null,"enclosure":null,"_yoast_wpseo_twitter-title":null,"_yoast_wpseo_twitter-description":null,"_yoast_wpseo_twitter-image":null,"_wp_old_slug":null,"_yoast_wpseo_title":null,"_yoast_wpseo_canonical":null,"yoast_head":"<!-- This site is optimized with the Yoast SEO plugin v27.4 - https:\/\/yoast.com\/product\/yoast-seo-wordpress\/ -->\n<title>3G-Abschaltung: Autos verlieren den automatischen Notruf eCall - Save<\/title>\n<meta name=\"description\" content=\"Die f\u00fcr Ende 2025 geplante Abschaltung des 3G-Netzes wird den automatischen Notrufdienst eCall deaktivieren.\" \/>\n<meta name=\"robots\" content=\"index, follow, max-snippet:-1, max-image-preview:large, max-video-preview:-1\" \/>\n<link rel=\"canonical\" href=\"https:\/\/news.save.ch\/de\/3g-abschaltung-autos-verlieren-den-automatischen-notruf-ecall\/\" \/>\n<meta property=\"og:locale\" content=\"de_DE\" \/>\n<meta property=\"og:type\" content=\"article\" \/>\n<meta property=\"og:title\" content=\"3G-Abschaltung: Autos verlieren den automatischen Notruf eCall - Save\" \/>\n<meta property=\"og:description\" content=\"Die f\u00fcr Ende 2025 geplante Abschaltung des 3G-Netzes wird den automatischen Notrufdienst eCall deaktivieren.\" \/>\n<meta property=\"og:url\" content=\"https:\/\/news.save.ch\/de\/3g-abschaltung-autos-verlieren-den-automatischen-notruf-ecall\/\" \/>\n<meta property=\"og:site_name\" content=\"Save\" \/>\n<meta property=\"article:published_time\" content=\"2025-10-28T09:02:10+00:00\" \/>\n<meta property=\"og:image\" content=\"https:\/\/news.save.ch\/wp-content\/uploads\/2025\/10\/54851980514_c603404b6f_o-scaled.jpg\" \/>\n\t<meta property=\"og:image:width\" content=\"1200\" \/>\n\t<meta property=\"og:image:height\" content=\"797\" \/>\n\t<meta property=\"og:image:type\" content=\"image\/jpeg\" \/>\n<meta name=\"author\" content=\"stefanie Zeng\" \/>\n<meta name=\"twitter:card\" content=\"summary_large_image\" \/>\n<meta name=\"twitter:label1\" content=\"Geschrieben von\" \/>\n\t<meta name=\"twitter:data1\" content=\"stefanie Zeng\" \/>\n\t<meta name=\"twitter:label2\" content=\"Gesch\u00e4tzte Lesezeit\" \/>\n\t<meta name=\"twitter:data2\" content=\"3\u00a0Minuten\" \/>\n<script type=\"application\/ld+json\" class=\"yoast-schema-graph\">{\"@context\":\"https:\\\/\\\/schema.org\",\"@graph\":[{\"@type\":\"Article\",\"@id\":\"https:\\\/\\\/news.save.ch\\\/3g-abschaltung-autos-verlieren-den-automatischen-notruf-ecall\\\/#article\",\"isPartOf\":{\"@id\":\"https:\\\/\\\/news.save.ch\\\/3g-abschaltung-autos-verlieren-den-automatischen-notruf-ecall\\\/\"},\"author\":{\"name\":\"stefanie Zeng\",\"@id\":\"https:\\\/\\\/news.save.ch\\\/de\\\/#\\\/schema\\\/person\\\/10917387362b3961e882740f6cf6f2a2\"},\"headline\":\"3G-Abschaltung: Autos verlieren den automatischen Notruf eCall\",\"datePublished\":\"2025-10-28T09:02:10+00:00\",\"mainEntityOfPage\":{\"@id\":\"https:\\\/\\\/news.save.ch\\\/3g-abschaltung-autos-verlieren-den-automatischen-notruf-ecall\\\/\"},\"wordCount\":460,\"publisher\":{\"@id\":\"https:\\\/\\\/news.save.ch\\\/de\\\/#organization\"},\"image\":{\"@id\":\"https:\\\/\\\/news.save.ch\\\/3g-abschaltung-autos-verlieren-den-automatischen-notruf-ecall\\\/#primaryimage\"},\"thumbnailUrl\":\"https:\\\/\\\/news.save.ch\\\/wp-content\\\/uploads\\\/2025\\\/10\\\/54851980514_c603404b6f_o-680x452.jpg\",\"keywords\":[\"3G-Netz\",\"eCall\",\"Notruf\"],\"articleSection\":[\"ALLGEMEIN\",\"HEALTH &amp; SAFETY\"],\"inLanguage\":\"de\"},{\"@type\":\"WebPage\",\"@id\":\"https:\\\/\\\/news.save.ch\\\/3g-abschaltung-autos-verlieren-den-automatischen-notruf-ecall\\\/\",\"url\":\"https:\\\/\\\/news.save.ch\\\/3g-abschaltung-autos-verlieren-den-automatischen-notruf-ecall\\\/\",\"name\":\"3G-Abschaltung: Autos verlieren den automatischen Notruf eCall - Save\",\"isPartOf\":{\"@id\":\"https:\\\/\\\/news.save.ch\\\/de\\\/#website\"},\"primaryImageOfPage\":{\"@id\":\"https:\\\/\\\/news.save.ch\\\/3g-abschaltung-autos-verlieren-den-automatischen-notruf-ecall\\\/#primaryimage\"},\"image\":{\"@id\":\"https:\\\/\\\/news.save.ch\\\/3g-abschaltung-autos-verlieren-den-automatischen-notruf-ecall\\\/#primaryimage\"},\"thumbnailUrl\":\"https:\\\/\\\/news.save.ch\\\/wp-content\\\/uploads\\\/2025\\\/10\\\/54851980514_c603404b6f_o-680x452.jpg\",\"datePublished\":\"2025-10-28T09:02:10+00:00\",\"description\":\"Die f\u00fcr Ende 2025 geplante Abschaltung des 3G-Netzes wird den automatischen Notrufdienst eCall deaktivieren.\",\"breadcrumb\":{\"@id\":\"https:\\\/\\\/news.save.ch\\\/3g-abschaltung-autos-verlieren-den-automatischen-notruf-ecall\\\/#breadcrumb\"},\"inLanguage\":\"de\",\"potentialAction\":[{\"@type\":\"ReadAction\",\"target\":[\"https:\\\/\\\/news.save.ch\\\/3g-abschaltung-autos-verlieren-den-automatischen-notruf-ecall\\\/\"]}]},{\"@type\":\"ImageObject\",\"inLanguage\":\"de\",\"@id\":\"https:\\\/\\\/news.save.ch\\\/3g-abschaltung-autos-verlieren-den-automatischen-notruf-ecall\\\/#primaryimage\",\"url\":\"https:\\\/\\\/news.save.ch\\\/wp-content\\\/uploads\\\/2025\\\/10\\\/54851980514_c603404b6f_o-680x452.jpg\",\"contentUrl\":\"https:\\\/\\\/news.save.ch\\\/wp-content\\\/uploads\\\/2025\\\/10\\\/54851980514_c603404b6f_o-680x452.jpg\"},{\"@type\":\"BreadcrumbList\",\"@id\":\"https:\\\/\\\/news.save.ch\\\/3g-abschaltung-autos-verlieren-den-automatischen-notruf-ecall\\\/#breadcrumb\",\"itemListElement\":[{\"@type\":\"ListItem\",\"position\":1,\"name\":\"Home\",\"item\":\"https:\\\/\\\/news.save.ch\\\/de\\\/\"},{\"@type\":\"ListItem\",\"position\":2,\"name\":\"3G-Abschaltung: Autos verlieren den automatischen Notruf eCall\"}]},{\"@type\":\"WebSite\",\"@id\":\"https:\\\/\\\/news.save.ch\\\/de\\\/#website\",\"url\":\"https:\\\/\\\/news.save.ch\\\/de\\\/\",\"name\":\"Save\",\"description\":\"Schweizer Fachzeitschrift f\u00fcr Sicherheit\",\"publisher\":{\"@id\":\"https:\\\/\\\/news.save.ch\\\/de\\\/#organization\"},\"potentialAction\":[{\"@type\":\"SearchAction\",\"target\":{\"@type\":\"EntryPoint\",\"urlTemplate\":\"https:\\\/\\\/news.save.ch\\\/de\\\/?s={search_term_string}\"},\"query-input\":{\"@type\":\"PropertyValueSpecification\",\"valueRequired\":true,\"valueName\":\"search_term_string\"}}],\"inLanguage\":\"de\"},{\"@type\":\"Organization\",\"@id\":\"https:\\\/\\\/news.save.ch\\\/de\\\/#organization\",\"name\":\"Sicherheitsforum\",\"url\":\"https:\\\/\\\/news.save.ch\\\/de\\\/\",\"logo\":{\"@type\":\"ImageObject\",\"inLanguage\":\"de\",\"@id\":\"https:\\\/\\\/news.save.ch\\\/de\\\/#\\\/schema\\\/logo\\\/image\\\/\",\"url\":\"https:\\\/\\\/news.save.ch\\\/wp-content\\\/uploads\\\/2022\\\/06\\\/Logo_SF_2012.png\",\"contentUrl\":\"https:\\\/\\\/news.save.ch\\\/wp-content\\\/uploads\\\/2022\\\/06\\\/Logo_SF_2012.png\",\"width\":1100,\"height\":91,\"caption\":\"Sicherheitsforum\"},\"image\":{\"@id\":\"https:\\\/\\\/news.save.ch\\\/de\\\/#\\\/schema\\\/logo\\\/image\\\/\"}},{\"@type\":\"Person\",\"@id\":\"https:\\\/\\\/news.save.ch\\\/de\\\/#\\\/schema\\\/person\\\/10917387362b3961e882740f6cf6f2a2\",\"name\":\"stefanie Zeng\",\"image\":{\"@type\":\"ImageObject\",\"inLanguage\":\"de\",\"@id\":\"https:\\\/\\\/secure.gravatar.com\\\/avatar\\\/eac43faa6e40bb2c41068c95c9d78bbd94c476d5efdff7abaab80bb3ea681e06?s=96&d=mm&r=g\",\"url\":\"https:\\\/\\\/secure.gravatar.com\\\/avatar\\\/eac43faa6e40bb2c41068c95c9d78bbd94c476d5efdff7abaab80bb3ea681e06?s=96&d=mm&r=g\",\"contentUrl\":\"https:\\\/\\\/secure.gravatar.com\\\/avatar\\\/eac43faa6e40bb2c41068c95c9d78bbd94c476d5efdff7abaab80bb3ea681e06?s=96&d=mm&r=g\",\"caption\":\"stefanie Zeng\"},\"url\":\"https:\\\/\\\/news.save.ch\\\/de\\\/author\\\/stefanie-zeng\\\/\"}]}<\/script>\n<!-- \/ Yoast SEO plugin. -->","yoast_head_json":{"title":"3G-Abschaltung: Autos verlieren den automatischen Notruf eCall - Save","description":"Die f\u00fcr Ende 2025 geplante Abschaltung des 3G-Netzes wird den automatischen Notrufdienst eCall deaktivieren.","robots":{"index":"index","follow":"follow","max-snippet":"max-snippet:-1","max-image-preview":"max-image-preview:large","max-video-preview":"max-video-preview:-1"},"canonical":"https:\/\/news.save.ch\/de\/3g-abschaltung-autos-verlieren-den-automatischen-notruf-ecall\/","og_locale":"de_DE","og_type":"article","og_title":"3G-Abschaltung: Autos verlieren den automatischen Notruf eCall - Save","og_description":"Die f\u00fcr Ende 2025 geplante Abschaltung des 3G-Netzes wird den automatischen Notrufdienst eCall deaktivieren.","og_url":"https:\/\/news.save.ch\/de\/3g-abschaltung-autos-verlieren-den-automatischen-notruf-ecall\/","og_site_name":"Save","article_published_time":"2025-10-28T09:02:10+00:00","og_image":[{"width":1200,"height":797,"url":"https:\/\/news.save.ch\/wp-content\/uploads\/2025\/10\/54851980514_c603404b6f_o-scaled.jpg","type":"image\/jpeg"}],"author":"stefanie Zeng","twitter_card":"summary_large_image","twitter_misc":{"Geschrieben von":"stefanie Zeng","Gesch\u00e4tzte Lesezeit":"3\u00a0Minuten"},"schema":{"@context":"https:\/\/schema.org","@graph":[{"@type":"Article","@id":"https:\/\/news.save.ch\/3g-abschaltung-autos-verlieren-den-automatischen-notruf-ecall\/#article","isPartOf":{"@id":"https:\/\/news.save.ch\/3g-abschaltung-autos-verlieren-den-automatischen-notruf-ecall\/"},"author":{"name":"stefanie Zeng","@id":"https:\/\/news.save.ch\/de\/#\/schema\/person\/10917387362b3961e882740f6cf6f2a2"},"headline":"3G-Abschaltung: Autos verlieren den automatischen Notruf eCall","datePublished":"2025-10-28T09:02:10+00:00","mainEntityOfPage":{"@id":"https:\/\/news.save.ch\/3g-abschaltung-autos-verlieren-den-automatischen-notruf-ecall\/"},"wordCount":460,"publisher":{"@id":"https:\/\/news.save.ch\/de\/#organization"},"image":{"@id":"https:\/\/news.save.ch\/3g-abschaltung-autos-verlieren-den-automatischen-notruf-ecall\/#primaryimage"},"thumbnailUrl":"https:\/\/news.save.ch\/wp-content\/uploads\/2025\/10\/54851980514_c603404b6f_o-680x452.jpg","keywords":["3G-Netz","eCall","Notruf"],"articleSection":["ALLGEMEIN","HEALTH &amp; SAFETY"],"inLanguage":"de"},{"@type":"WebPage","@id":"https:\/\/news.save.ch\/3g-abschaltung-autos-verlieren-den-automatischen-notruf-ecall\/","url":"https:\/\/news.save.ch\/3g-abschaltung-autos-verlieren-den-automatischen-notruf-ecall\/","name":"3G-Abschaltung: Autos verlieren den automatischen Notruf eCall - Save","isPartOf":{"@id":"https:\/\/news.save.ch\/de\/#website"},"primaryImageOfPage":{"@id":"https:\/\/news.save.ch\/3g-abschaltung-autos-verlieren-den-automatischen-notruf-ecall\/#primaryimage"},"image":{"@id":"https:\/\/news.save.ch\/3g-abschaltung-autos-verlieren-den-automatischen-notruf-ecall\/#primaryimage"},"thumbnailUrl":"https:\/\/news.save.ch\/wp-content\/uploads\/2025\/10\/54851980514_c603404b6f_o-680x452.jpg","datePublished":"2025-10-28T09:02:10+00:00","description":"Die f\u00fcr Ende 2025 geplante Abschaltung des 3G-Netzes wird den automatischen Notrufdienst eCall deaktivieren.","breadcrumb":{"@id":"https:\/\/news.save.ch\/3g-abschaltung-autos-verlieren-den-automatischen-notruf-ecall\/#breadcrumb"},"inLanguage":"de","potentialAction":[{"@type":"ReadAction","target":["https:\/\/news.save.ch\/3g-abschaltung-autos-verlieren-den-automatischen-notruf-ecall\/"]}]},{"@type":"ImageObject","inLanguage":"de","@id":"https:\/\/news.save.ch\/3g-abschaltung-autos-verlieren-den-automatischen-notruf-ecall\/#primaryimage","url":"https:\/\/news.save.ch\/wp-content\/uploads\/2025\/10\/54851980514_c603404b6f_o-680x452.jpg","contentUrl":"https:\/\/news.save.ch\/wp-content\/uploads\/2025\/10\/54851980514_c603404b6f_o-680x452.jpg"},{"@type":"BreadcrumbList","@id":"https:\/\/news.save.ch\/3g-abschaltung-autos-verlieren-den-automatischen-notruf-ecall\/#breadcrumb","itemListElement":[{"@type":"ListItem","position":1,"name":"Home","item":"https:\/\/news.save.ch\/de\/"},{"@type":"ListItem","position":2,"name":"3G-Abschaltung: Autos verlieren den automatischen Notruf eCall"}]},{"@type":"WebSite","@id":"https:\/\/news.save.ch\/de\/#website","url":"https:\/\/news.save.ch\/de\/","name":"Save","description":"Schweizer Fachzeitschrift f\u00fcr Sicherheit","publisher":{"@id":"https:\/\/news.save.ch\/de\/#organization"},"potentialAction":[{"@type":"SearchAction","target":{"@type":"EntryPoint","urlTemplate":"https:\/\/news.save.ch\/de\/?s={search_term_string}"},"query-input":{"@type":"PropertyValueSpecification","valueRequired":true,"valueName":"search_term_string"}}],"inLanguage":"de"},{"@type":"Organization","@id":"https:\/\/news.save.ch\/de\/#organization","name":"Sicherheitsforum","url":"https:\/\/news.save.ch\/de\/","logo":{"@type":"ImageObject","inLanguage":"de","@id":"https:\/\/news.save.ch\/de\/#\/schema\/logo\/image\/","url":"https:\/\/news.save.ch\/wp-content\/uploads\/2022\/06\/Logo_SF_2012.png","contentUrl":"https:\/\/news.save.ch\/wp-content\/uploads\/2022\/06\/Logo_SF_2012.png","width":1100,"height":91,"caption":"Sicherheitsforum"},"image":{"@id":"https:\/\/news.save.ch\/de\/#\/schema\/logo\/image\/"}},{"@type":"Person","@id":"https:\/\/news.save.ch\/de\/#\/schema\/person\/10917387362b3961e882740f6cf6f2a2","name":"stefanie Zeng","image":{"@type":"ImageObject","inLanguage":"de","@id":"https:\/\/secure.gravatar.com\/avatar\/eac43faa6e40bb2c41068c95c9d78bbd94c476d5efdff7abaab80bb3ea681e06?s=96&d=mm&r=g","url":"https:\/\/secure.gravatar.com\/avatar\/eac43faa6e40bb2c41068c95c9d78bbd94c476d5efdff7abaab80bb3ea681e06?s=96&d=mm&r=g","contentUrl":"https:\/\/secure.gravatar.com\/avatar\/eac43faa6e40bb2c41068c95c9d78bbd94c476d5efdff7abaab80bb3ea681e06?s=96&d=mm&r=g","caption":"stefanie Zeng"},"url":"https:\/\/news.save.ch\/de\/author\/stefanie-zeng\/"}]}},"_links":{"self":[{"href":"https:\/\/news.save.ch\/de\/wp-json\/wp\/v2\/posts\/24656","targetHints":{"allow":["GET"]}}],"collection":[{"href":"https:\/\/news.save.ch\/de\/wp-json\/wp\/v2\/posts"}],"about":[{"href":"https:\/\/news.save.ch\/de\/wp-json\/wp\/v2\/types\/post"}],"author":[{"embeddable":true,"href":"https:\/\/news.save.ch\/de\/wp-json\/wp\/v2\/users\/31"}],"replies":[{"embeddable":true,"href":"https:\/\/news.save.ch\/de\/wp-json\/wp\/v2\/comments?post=24656"}],"version-history":[{"count":1,"href":"https:\/\/news.save.ch\/de\/wp-json\/wp\/v2\/posts\/24656\/revisions"}],"predecessor-version":[{"id":24658,"href":"https:\/\/news.save.ch\/de\/wp-json\/wp\/v2\/posts\/24656\/revisions\/24658"}],"wp:attachment":[{"href":"https:\/\/news.save.ch\/de\/wp-json\/wp\/v2\/media?parent=24656"}],"wp:term":[{"taxonomy":"category","embeddable":true,"href":"https:\/\/news.save.ch\/de\/wp-json\/wp\/v2\/categories?post=24656"},{"taxonomy":"post_tag","embeddable":true,"href":"https:\/\/news.save.ch\/de\/wp-json\/wp\/v2\/tags?post=24656"}],"curies":[{"name":"wp","href":"https:\/\/api.w.org\/{rel}","templated":true}]}}