{"id":24663,"date":"2025-10-29T11:02:38","date_gmt":"2025-10-29T10:02:38","guid":{"rendered":"https:\/\/news.save.ch\/?p=24663"},"modified":"2025-10-29T11:02:38","modified_gmt":"2025-10-29T10:02:38","slug":"neue-comics-des-bundes-zu-den-risiken-der-digitalisierung","status":null,"type":"post","link":"https:\/\/news.save.ch\/de\/neue-comics-des-bundes-zu-den-risiken-der-digitalisierung\/","title":{"rendered":"Neue Comics des Bundes zu den Risiken der Digitalisierung"},"content":{"rendered":"<figure id=\"attachment_24665\" aria-describedby=\"caption-attachment-24665\" style=\"width: 680px\" class=\"wp-caption alignnone\"><img loading=\"lazy\" decoding=\"async\" class=\"size-medium wp-image-24665\" src=\"https:\/\/news.save.ch\/wp-content\/uploads\/2025\/10\/websters25_neu-680x383.png\" alt=\"\" width=\"680\" height=\"383\" srcset=\"https:\/\/news.save.ch\/wp-content\/uploads\/2025\/10\/websters25_neu-680x383.png 680w, https:\/\/news.save.ch\/wp-content\/uploads\/2025\/10\/websters25_neu-1024x576.png 1024w, https:\/\/news.save.ch\/wp-content\/uploads\/2025\/10\/websters25_neu-768x432.png 768w, https:\/\/news.save.ch\/wp-content\/uploads\/2025\/10\/websters25_neu-18x10.png 18w, https:\/\/news.save.ch\/wp-content\/uploads\/2025\/10\/websters25_neu-375x211.png 375w, https:\/\/news.save.ch\/wp-content\/uploads\/2025\/10\/websters25_neu-622x350.png 622w, https:\/\/news.save.ch\/wp-content\/uploads\/2025\/10\/websters25_neu-1000x563.png 1000w, https:\/\/news.save.ch\/wp-content\/uploads\/2025\/10\/websters25_neu-scaled.png 1200w\" sizes=\"auto, (max-width: 680px) 100vw, 680px\" \/><figcaption id=\"caption-attachment-24665\" class=\"wp-caption-text\">Grafik: Bakom<\/figcaption><\/figure>\n<p id=\"doc-1j7hb47ah0\" class=\"font--regular\">Die sechsk\u00f6pfige Familie Webster und ihre Freunde erleben im digitalen Alltag zahlreiche unangenehme Situationen und Gefahren, die uns allen begegnen k\u00f6nnten. Die Comicgeschichten der neuen Serie behandeln Themen wie Deep Fakes, Sexismus bei Online-Spielen, Mobbing, gef\u00e4lschte Markenprodukte im Netz, den Einsatz rechtskonformer Funkger\u00e4te oder effektiven Passwortschutz. Die Abenteuer der Websters sind Teil einer Pr\u00e4ventionskampagne verschiedener Bundesstellen und der Schweizerischen Kriminalpr\u00e4vention zur Sensibilisierung der Schweizer Bev\u00f6lkerung f\u00fcr die allt\u00e4glichen Herausforderungen in der digitalen Welt.<\/p>\n<h3 id=\"doc-1j7hb49q70\" class=\"h2\"><strong>Comics als Hilfsmittel f\u00fcr Schulen und zu Hause<\/strong><\/h3>\n<p id=\"doc-1j7hb49q80\" class=\"font--regular\">Die Comicgeschichten k\u00f6nnen im Schulunterricht oder privat eingesetzt werden. Sie f\u00f6rdern die Diskussion mit Kindern und Jugendlichen rund um den digitalen Alltag, bieten praktische Ratschl\u00e4ge und weitere Informationen zu den einzelnen Themen. Das BAKOM hat die Geschichten in Zusammenarbeit dem Bundesamt f\u00fcr Sozialversicherungen (Plattform Jugend und Medien), der Schweizerischen Kriminalpr\u00e4vention, dem Bundesamt f\u00fcr Cybersicherheit und Stop Piracy erarbeitet. Die Comics erscheinen als Druckbrosch\u00fcre und in digitaler Form. Sie sind in den vier Landessprachen und in Englisch erh\u00e4ltlich. Die Geschichten sind auf der Webseite\u00a0<a class=\"link--external\" href=\"https:\/\/www.websters.swiss\/de\/s4\" target=\"_blank\" rel=\"external noopener\" aria-label=\"www.websters.swiss\/de\/s4 Link in einem neuen Tab \u00f6ffnen\">www.websters.swiss<\/a>\u00a0zug\u00e4nglich und werden auch auf Instagram publiziert. F\u00fcr die Visualisierung arbeitete das BAKOM mit dem Schweizer Illustrator Matthias Leutwyler zusammen.<\/p>\n<h3 id=\"doc-1j7hb49q90\" class=\"h2\"><strong>Internationale Verbreitung<\/strong><\/h3>\n<p id=\"doc-1j7hb49qa0\" class=\"font--regular\">Das BAKOM und seine Partner publizieren seit 2015 regelm\u00e4ssig neue Geschichten rund um die Familie Webster, die zu Tausenden in Schweizer Schulen verteilt werden und im Unterricht zum Einsatz kommen. Auch international sind die Comics ein Erfolg: Alle Ausgaben wurden u.a. ins Rum\u00e4nische \u00fcbersetzt und werden in Rum\u00e4nien in der Pr\u00e4ventionsarbeit eingesetzt.<\/p>\n<h3 id=\"doc-1j7hb5ak80\" class=\"h2\">Kostenlose Bestellung der Brosch\u00fcre<\/h3>\n<p id=\"doc-1j7hb49qa1\" class=\"font--regular\">F\u00fcr den Schulunterricht, f\u00fcr die Auslage an geeigneten Orten oder auch f\u00fcr den Privatgebrauch k\u00f6nnen die Comics gratis beim\u00a0<a class=\"link--external\" href=\"https:\/\/www.bundespublikationen.admin.ch\/de\/product\/000000000862731698\/geschichten-aus-dem-digitalen-alltag-s4\" target=\"_blank\" rel=\"external noopener\" aria-label=\"www.bundespublikationen.admin.ch\/de\/product\/000000000862731698\/geschichten-aus-dem-digitalen-alltag-s4 Link in einem neuen Tab \u00f6ffnen\">Bundesamt f\u00fcr Bauten und Logistik<\/a>\u00a0bestellt werden.<\/p>\n<p>&nbsp;<\/p>\n<p><em>Quelle: Bakom<\/em><\/p>\n","protected":false},"excerpt":{"rendered":"<p>Die sechsk\u00f6pfige Familie Webster und ihre Freunde erleben im digitalen Alltag zahlreiche unangenehme Situationen und Gefahren, die uns allen begegnen k\u00f6nnten. Die Comicgeschichten der neuen Serie behandeln Themen wie Deep Fakes, Sexismus bei Online-Spielen, Mobbing, gef\u00e4lschte Markenprodukte im Netz, den Einsatz rechtskonformer Funkger\u00e4te oder effektiven Passwortschutz. Die Abenteuer der Websters sind Teil einer Pr\u00e4ventionskampagne verschiedener [&hellip;]<\/p>\n","protected":false},"author":31,"featured_media":0,"comment_status":"closed","ping_status":"closed","sticky":false,"template":"","format":"standard","meta":{"_acf_changed":false,"pgc_sgb_lightbox_settings":"","footnotes":""},"categories":[3313],"tags":[1486],"class_list":["post-24663","post","type-post","status-publish","format-standard","hentry","category-digitalisierung","tag-bakom"],"acf":[],"hkrextid":null,"publication":null,"issue":null,"workflow":null,"startPage":null,"spitzmarke":null,"_posts_by_tag_page_fields":null,"_at_widget":null,"_yoast_wpseo_primary_category":"3313","_yoast_wpseo_focuskw_text_input":null,"_yoast_wpseo_opengraph-image":null,"_yoast_wpseo_opengraph-description":null,"_yoast_wpseo_opengraph-title":null,"enclosure":null,"_yoast_wpseo_twitter-title":null,"_yoast_wpseo_twitter-description":null,"_yoast_wpseo_twitter-image":null,"_wp_old_slug":null,"_yoast_wpseo_title":null,"_yoast_wpseo_canonical":null,"yoast_head":"<!-- This site is optimized with the Yoast SEO plugin v27.4 - https:\/\/yoast.com\/product\/yoast-seo-wordpress\/ -->\n<title>Neue Comics des Bundes zu den Risiken der Digitalisierung - Save<\/title>\n<meta name=\"description\" content=\"Das BAKOM hat die vierte Ausgabe der Comic-Serie \u00abGeschichten aus dem digitalen Alltag\u00bb ver\u00f6ffentlicht.\" \/>\n<meta name=\"robots\" content=\"index, follow, max-snippet:-1, max-image-preview:large, max-video-preview:-1\" \/>\n<link rel=\"canonical\" href=\"https:\/\/news.save.ch\/de\/neue-comics-des-bundes-zu-den-risiken-der-digitalisierung\/\" \/>\n<meta property=\"og:locale\" content=\"de_DE\" \/>\n<meta property=\"og:type\" content=\"article\" \/>\n<meta property=\"og:title\" content=\"Neue Comics des Bundes zu den Risiken der Digitalisierung - Save\" \/>\n<meta property=\"og:description\" content=\"Das BAKOM hat die vierte Ausgabe der Comic-Serie \u00abGeschichten aus dem digitalen Alltag\u00bb ver\u00f6ffentlicht.\" \/>\n<meta property=\"og:url\" content=\"https:\/\/news.save.ch\/de\/neue-comics-des-bundes-zu-den-risiken-der-digitalisierung\/\" \/>\n<meta property=\"og:site_name\" content=\"Save\" \/>\n<meta property=\"article:published_time\" content=\"2025-10-29T10:02:38+00:00\" \/>\n<meta property=\"og:image\" content=\"https:\/\/news.save.ch\/wp-content\/uploads\/2025\/10\/websters25_neu-scaled.png\" \/>\n\t<meta property=\"og:image:width\" content=\"1200\" \/>\n\t<meta property=\"og:image:height\" content=\"675\" \/>\n\t<meta property=\"og:image:type\" content=\"image\/png\" \/>\n<meta name=\"author\" content=\"stefanie Zeng\" \/>\n<meta name=\"twitter:card\" content=\"summary_large_image\" \/>\n<meta name=\"twitter:label1\" content=\"Geschrieben von\" \/>\n\t<meta name=\"twitter:data1\" content=\"stefanie Zeng\" \/>\n\t<meta name=\"twitter:label2\" content=\"Gesch\u00e4tzte Lesezeit\" \/>\n\t<meta name=\"twitter:data2\" content=\"2\u00a0Minuten\" \/>\n<script type=\"application\/ld+json\" class=\"yoast-schema-graph\">{\"@context\":\"https:\\\/\\\/schema.org\",\"@graph\":[{\"@type\":\"Article\",\"@id\":\"https:\\\/\\\/news.save.ch\\\/neue-comics-des-bundes-zu-den-risiken-der-digitalisierung\\\/#article\",\"isPartOf\":{\"@id\":\"https:\\\/\\\/news.save.ch\\\/neue-comics-des-bundes-zu-den-risiken-der-digitalisierung\\\/\"},\"author\":{\"name\":\"stefanie Zeng\",\"@id\":\"https:\\\/\\\/news.save.ch\\\/de\\\/#\\\/schema\\\/person\\\/10917387362b3961e882740f6cf6f2a2\"},\"headline\":\"Neue Comics des Bundes zu den Risiken der Digitalisierung\",\"datePublished\":\"2025-10-29T10:02:38+00:00\",\"mainEntityOfPage\":{\"@id\":\"https:\\\/\\\/news.save.ch\\\/neue-comics-des-bundes-zu-den-risiken-der-digitalisierung\\\/\"},\"wordCount\":322,\"publisher\":{\"@id\":\"https:\\\/\\\/news.save.ch\\\/de\\\/#organization\"},\"image\":{\"@id\":\"https:\\\/\\\/news.save.ch\\\/neue-comics-des-bundes-zu-den-risiken-der-digitalisierung\\\/#primaryimage\"},\"thumbnailUrl\":\"https:\\\/\\\/news.save.ch\\\/wp-content\\\/uploads\\\/2025\\\/10\\\/websters25_neu-680x383.png\",\"keywords\":[\"Bakom\"],\"articleSection\":[\"DIGITALISIERUNG\"],\"inLanguage\":\"de\"},{\"@type\":\"WebPage\",\"@id\":\"https:\\\/\\\/news.save.ch\\\/neue-comics-des-bundes-zu-den-risiken-der-digitalisierung\\\/\",\"url\":\"https:\\\/\\\/news.save.ch\\\/neue-comics-des-bundes-zu-den-risiken-der-digitalisierung\\\/\",\"name\":\"Neue Comics des Bundes zu den Risiken der Digitalisierung - Save\",\"isPartOf\":{\"@id\":\"https:\\\/\\\/news.save.ch\\\/de\\\/#website\"},\"primaryImageOfPage\":{\"@id\":\"https:\\\/\\\/news.save.ch\\\/neue-comics-des-bundes-zu-den-risiken-der-digitalisierung\\\/#primaryimage\"},\"image\":{\"@id\":\"https:\\\/\\\/news.save.ch\\\/neue-comics-des-bundes-zu-den-risiken-der-digitalisierung\\\/#primaryimage\"},\"thumbnailUrl\":\"https:\\\/\\\/news.save.ch\\\/wp-content\\\/uploads\\\/2025\\\/10\\\/websters25_neu-680x383.png\",\"datePublished\":\"2025-10-29T10:02:38+00:00\",\"description\":\"Das BAKOM hat die vierte Ausgabe der Comic-Serie \u00abGeschichten aus dem digitalen Alltag\u00bb ver\u00f6ffentlicht.\",\"breadcrumb\":{\"@id\":\"https:\\\/\\\/news.save.ch\\\/neue-comics-des-bundes-zu-den-risiken-der-digitalisierung\\\/#breadcrumb\"},\"inLanguage\":\"de\",\"potentialAction\":[{\"@type\":\"ReadAction\",\"target\":[\"https:\\\/\\\/news.save.ch\\\/neue-comics-des-bundes-zu-den-risiken-der-digitalisierung\\\/\"]}]},{\"@type\":\"ImageObject\",\"inLanguage\":\"de\",\"@id\":\"https:\\\/\\\/news.save.ch\\\/neue-comics-des-bundes-zu-den-risiken-der-digitalisierung\\\/#primaryimage\",\"url\":\"https:\\\/\\\/news.save.ch\\\/wp-content\\\/uploads\\\/2025\\\/10\\\/websters25_neu-680x383.png\",\"contentUrl\":\"https:\\\/\\\/news.save.ch\\\/wp-content\\\/uploads\\\/2025\\\/10\\\/websters25_neu-680x383.png\"},{\"@type\":\"BreadcrumbList\",\"@id\":\"https:\\\/\\\/news.save.ch\\\/neue-comics-des-bundes-zu-den-risiken-der-digitalisierung\\\/#breadcrumb\",\"itemListElement\":[{\"@type\":\"ListItem\",\"position\":1,\"name\":\"Home\",\"item\":\"https:\\\/\\\/news.save.ch\\\/de\\\/\"},{\"@type\":\"ListItem\",\"position\":2,\"name\":\"Neue Comics des Bundes zu den Risiken der Digitalisierung\"}]},{\"@type\":\"WebSite\",\"@id\":\"https:\\\/\\\/news.save.ch\\\/de\\\/#website\",\"url\":\"https:\\\/\\\/news.save.ch\\\/de\\\/\",\"name\":\"Save\",\"description\":\"Schweizer Fachzeitschrift f\u00fcr Sicherheit\",\"publisher\":{\"@id\":\"https:\\\/\\\/news.save.ch\\\/de\\\/#organization\"},\"potentialAction\":[{\"@type\":\"SearchAction\",\"target\":{\"@type\":\"EntryPoint\",\"urlTemplate\":\"https:\\\/\\\/news.save.ch\\\/de\\\/?s={search_term_string}\"},\"query-input\":{\"@type\":\"PropertyValueSpecification\",\"valueRequired\":true,\"valueName\":\"search_term_string\"}}],\"inLanguage\":\"de\"},{\"@type\":\"Organization\",\"@id\":\"https:\\\/\\\/news.save.ch\\\/de\\\/#organization\",\"name\":\"Sicherheitsforum\",\"url\":\"https:\\\/\\\/news.save.ch\\\/de\\\/\",\"logo\":{\"@type\":\"ImageObject\",\"inLanguage\":\"de\",\"@id\":\"https:\\\/\\\/news.save.ch\\\/de\\\/#\\\/schema\\\/logo\\\/image\\\/\",\"url\":\"https:\\\/\\\/news.save.ch\\\/wp-content\\\/uploads\\\/2022\\\/06\\\/Logo_SF_2012.png\",\"contentUrl\":\"https:\\\/\\\/news.save.ch\\\/wp-content\\\/uploads\\\/2022\\\/06\\\/Logo_SF_2012.png\",\"width\":1100,\"height\":91,\"caption\":\"Sicherheitsforum\"},\"image\":{\"@id\":\"https:\\\/\\\/news.save.ch\\\/de\\\/#\\\/schema\\\/logo\\\/image\\\/\"}},{\"@type\":\"Person\",\"@id\":\"https:\\\/\\\/news.save.ch\\\/de\\\/#\\\/schema\\\/person\\\/10917387362b3961e882740f6cf6f2a2\",\"name\":\"stefanie Zeng\",\"image\":{\"@type\":\"ImageObject\",\"inLanguage\":\"de\",\"@id\":\"https:\\\/\\\/secure.gravatar.com\\\/avatar\\\/eac43faa6e40bb2c41068c95c9d78bbd94c476d5efdff7abaab80bb3ea681e06?s=96&d=mm&r=g\",\"url\":\"https:\\\/\\\/secure.gravatar.com\\\/avatar\\\/eac43faa6e40bb2c41068c95c9d78bbd94c476d5efdff7abaab80bb3ea681e06?s=96&d=mm&r=g\",\"contentUrl\":\"https:\\\/\\\/secure.gravatar.com\\\/avatar\\\/eac43faa6e40bb2c41068c95c9d78bbd94c476d5efdff7abaab80bb3ea681e06?s=96&d=mm&r=g\",\"caption\":\"stefanie Zeng\"},\"url\":\"https:\\\/\\\/news.save.ch\\\/de\\\/author\\\/stefanie-zeng\\\/\"}]}<\/script>\n<!-- \/ Yoast SEO plugin. -->","yoast_head_json":{"title":"Neue Comics des Bundes zu den Risiken der Digitalisierung - Save","description":"Das BAKOM hat die vierte Ausgabe der Comic-Serie \u00abGeschichten aus dem digitalen Alltag\u00bb ver\u00f6ffentlicht.","robots":{"index":"index","follow":"follow","max-snippet":"max-snippet:-1","max-image-preview":"max-image-preview:large","max-video-preview":"max-video-preview:-1"},"canonical":"https:\/\/news.save.ch\/de\/neue-comics-des-bundes-zu-den-risiken-der-digitalisierung\/","og_locale":"de_DE","og_type":"article","og_title":"Neue Comics des Bundes zu den Risiken der Digitalisierung - Save","og_description":"Das BAKOM hat die vierte Ausgabe der Comic-Serie \u00abGeschichten aus dem digitalen Alltag\u00bb ver\u00f6ffentlicht.","og_url":"https:\/\/news.save.ch\/de\/neue-comics-des-bundes-zu-den-risiken-der-digitalisierung\/","og_site_name":"Save","article_published_time":"2025-10-29T10:02:38+00:00","og_image":[{"width":1200,"height":675,"url":"https:\/\/news.save.ch\/wp-content\/uploads\/2025\/10\/websters25_neu-scaled.png","type":"image\/png"}],"author":"stefanie Zeng","twitter_card":"summary_large_image","twitter_misc":{"Geschrieben von":"stefanie Zeng","Gesch\u00e4tzte Lesezeit":"2\u00a0Minuten"},"schema":{"@context":"https:\/\/schema.org","@graph":[{"@type":"Article","@id":"https:\/\/news.save.ch\/neue-comics-des-bundes-zu-den-risiken-der-digitalisierung\/#article","isPartOf":{"@id":"https:\/\/news.save.ch\/neue-comics-des-bundes-zu-den-risiken-der-digitalisierung\/"},"author":{"name":"stefanie Zeng","@id":"https:\/\/news.save.ch\/de\/#\/schema\/person\/10917387362b3961e882740f6cf6f2a2"},"headline":"Neue Comics des Bundes zu den Risiken der Digitalisierung","datePublished":"2025-10-29T10:02:38+00:00","mainEntityOfPage":{"@id":"https:\/\/news.save.ch\/neue-comics-des-bundes-zu-den-risiken-der-digitalisierung\/"},"wordCount":322,"publisher":{"@id":"https:\/\/news.save.ch\/de\/#organization"},"image":{"@id":"https:\/\/news.save.ch\/neue-comics-des-bundes-zu-den-risiken-der-digitalisierung\/#primaryimage"},"thumbnailUrl":"https:\/\/news.save.ch\/wp-content\/uploads\/2025\/10\/websters25_neu-680x383.png","keywords":["Bakom"],"articleSection":["DIGITALISIERUNG"],"inLanguage":"de"},{"@type":"WebPage","@id":"https:\/\/news.save.ch\/neue-comics-des-bundes-zu-den-risiken-der-digitalisierung\/","url":"https:\/\/news.save.ch\/neue-comics-des-bundes-zu-den-risiken-der-digitalisierung\/","name":"Neue Comics des Bundes zu den Risiken der Digitalisierung - Save","isPartOf":{"@id":"https:\/\/news.save.ch\/de\/#website"},"primaryImageOfPage":{"@id":"https:\/\/news.save.ch\/neue-comics-des-bundes-zu-den-risiken-der-digitalisierung\/#primaryimage"},"image":{"@id":"https:\/\/news.save.ch\/neue-comics-des-bundes-zu-den-risiken-der-digitalisierung\/#primaryimage"},"thumbnailUrl":"https:\/\/news.save.ch\/wp-content\/uploads\/2025\/10\/websters25_neu-680x383.png","datePublished":"2025-10-29T10:02:38+00:00","description":"Das BAKOM hat die vierte Ausgabe der Comic-Serie \u00abGeschichten aus dem digitalen Alltag\u00bb ver\u00f6ffentlicht.","breadcrumb":{"@id":"https:\/\/news.save.ch\/neue-comics-des-bundes-zu-den-risiken-der-digitalisierung\/#breadcrumb"},"inLanguage":"de","potentialAction":[{"@type":"ReadAction","target":["https:\/\/news.save.ch\/neue-comics-des-bundes-zu-den-risiken-der-digitalisierung\/"]}]},{"@type":"ImageObject","inLanguage":"de","@id":"https:\/\/news.save.ch\/neue-comics-des-bundes-zu-den-risiken-der-digitalisierung\/#primaryimage","url":"https:\/\/news.save.ch\/wp-content\/uploads\/2025\/10\/websters25_neu-680x383.png","contentUrl":"https:\/\/news.save.ch\/wp-content\/uploads\/2025\/10\/websters25_neu-680x383.png"},{"@type":"BreadcrumbList","@id":"https:\/\/news.save.ch\/neue-comics-des-bundes-zu-den-risiken-der-digitalisierung\/#breadcrumb","itemListElement":[{"@type":"ListItem","position":1,"name":"Home","item":"https:\/\/news.save.ch\/de\/"},{"@type":"ListItem","position":2,"name":"Neue Comics des Bundes zu den Risiken der Digitalisierung"}]},{"@type":"WebSite","@id":"https:\/\/news.save.ch\/de\/#website","url":"https:\/\/news.save.ch\/de\/","name":"Save","description":"Schweizer Fachzeitschrift f\u00fcr Sicherheit","publisher":{"@id":"https:\/\/news.save.ch\/de\/#organization"},"potentialAction":[{"@type":"SearchAction","target":{"@type":"EntryPoint","urlTemplate":"https:\/\/news.save.ch\/de\/?s={search_term_string}"},"query-input":{"@type":"PropertyValueSpecification","valueRequired":true,"valueName":"search_term_string"}}],"inLanguage":"de"},{"@type":"Organization","@id":"https:\/\/news.save.ch\/de\/#organization","name":"Sicherheitsforum","url":"https:\/\/news.save.ch\/de\/","logo":{"@type":"ImageObject","inLanguage":"de","@id":"https:\/\/news.save.ch\/de\/#\/schema\/logo\/image\/","url":"https:\/\/news.save.ch\/wp-content\/uploads\/2022\/06\/Logo_SF_2012.png","contentUrl":"https:\/\/news.save.ch\/wp-content\/uploads\/2022\/06\/Logo_SF_2012.png","width":1100,"height":91,"caption":"Sicherheitsforum"},"image":{"@id":"https:\/\/news.save.ch\/de\/#\/schema\/logo\/image\/"}},{"@type":"Person","@id":"https:\/\/news.save.ch\/de\/#\/schema\/person\/10917387362b3961e882740f6cf6f2a2","name":"stefanie Zeng","image":{"@type":"ImageObject","inLanguage":"de","@id":"https:\/\/secure.gravatar.com\/avatar\/eac43faa6e40bb2c41068c95c9d78bbd94c476d5efdff7abaab80bb3ea681e06?s=96&d=mm&r=g","url":"https:\/\/secure.gravatar.com\/avatar\/eac43faa6e40bb2c41068c95c9d78bbd94c476d5efdff7abaab80bb3ea681e06?s=96&d=mm&r=g","contentUrl":"https:\/\/secure.gravatar.com\/avatar\/eac43faa6e40bb2c41068c95c9d78bbd94c476d5efdff7abaab80bb3ea681e06?s=96&d=mm&r=g","caption":"stefanie Zeng"},"url":"https:\/\/news.save.ch\/de\/author\/stefanie-zeng\/"}]}},"_links":{"self":[{"href":"https:\/\/news.save.ch\/de\/wp-json\/wp\/v2\/posts\/24663","targetHints":{"allow":["GET"]}}],"collection":[{"href":"https:\/\/news.save.ch\/de\/wp-json\/wp\/v2\/posts"}],"about":[{"href":"https:\/\/news.save.ch\/de\/wp-json\/wp\/v2\/types\/post"}],"author":[{"embeddable":true,"href":"https:\/\/news.save.ch\/de\/wp-json\/wp\/v2\/users\/31"}],"replies":[{"embeddable":true,"href":"https:\/\/news.save.ch\/de\/wp-json\/wp\/v2\/comments?post=24663"}],"version-history":[{"count":2,"href":"https:\/\/news.save.ch\/de\/wp-json\/wp\/v2\/posts\/24663\/revisions"}],"predecessor-version":[{"id":24667,"href":"https:\/\/news.save.ch\/de\/wp-json\/wp\/v2\/posts\/24663\/revisions\/24667"}],"wp:attachment":[{"href":"https:\/\/news.save.ch\/de\/wp-json\/wp\/v2\/media?parent=24663"}],"wp:term":[{"taxonomy":"category","embeddable":true,"href":"https:\/\/news.save.ch\/de\/wp-json\/wp\/v2\/categories?post=24663"},{"taxonomy":"post_tag","embeddable":true,"href":"https:\/\/news.save.ch\/de\/wp-json\/wp\/v2\/tags?post=24663"}],"curies":[{"name":"wp","href":"https:\/\/api.w.org\/{rel}","templated":true}]}}