{"id":24694,"date":"2025-11-04T14:06:57","date_gmt":"2025-11-04T13:06:57","guid":{"rendered":"https:\/\/news.save.ch\/?p=24694"},"modified":"2025-11-04T14:06:57","modified_gmt":"2025-11-04T13:06:57","slug":"konzept-fuer-die-koordinierte-bewaeltigung-von-cybervorfaellen","status":null,"type":"post","link":"https:\/\/news.save.ch\/de\/konzept-fuer-die-koordinierte-bewaeltigung-von-cybervorfaellen\/","title":{"rendered":"Konzept f\u00fcr die koordinierte Bew\u00e4ltigung von Cybervorf\u00e4llen"},"content":{"rendered":"<figure id=\"attachment_24695\" aria-describedby=\"caption-attachment-24695\" style=\"width: 680px\" class=\"wp-caption alignnone\"><img loading=\"lazy\" decoding=\"async\" class=\"size-medium wp-image-24695\" src=\"https:\/\/news.save.ch\/wp-content\/uploads\/2025\/11\/Depositphotos_100700990_S-680x447.jpg\" alt=\"\" width=\"680\" height=\"447\" srcset=\"https:\/\/news.save.ch\/wp-content\/uploads\/2025\/11\/Depositphotos_100700990_S-680x447.jpg 680w, https:\/\/news.save.ch\/wp-content\/uploads\/2025\/11\/Depositphotos_100700990_S-768x505.jpg 768w, https:\/\/news.save.ch\/wp-content\/uploads\/2025\/11\/Depositphotos_100700990_S-18x12.jpg 18w, https:\/\/news.save.ch\/wp-content\/uploads\/2025\/11\/Depositphotos_100700990_S-375x246.jpg 375w, https:\/\/news.save.ch\/wp-content\/uploads\/2025\/11\/Depositphotos_100700990_S-533x350.jpg 533w, https:\/\/news.save.ch\/wp-content\/uploads\/2025\/11\/Depositphotos_100700990_S.jpg 1000w\" sizes=\"auto, (max-width: 680px) 100vw, 680px\" \/><figcaption id=\"caption-attachment-24695\" class=\"wp-caption-text\">Foto: Depositphotos\/Rawpixel<\/figcaption><\/figure>\n<p id=\"doc-1j6a8j74p1\" class=\"font--regular\">Cybervorf\u00e4lle k\u00f6nnen weitreichende Folgen haben. Neben den unmittelbaren Folgen der Funktionsausf\u00e4lle und Betriebsst\u00f6rungen bei den Betroffenen selbst, k\u00f6nnen sie auch die Cybersicherheit von Dritten gef\u00e4hrden. Dies ist dann der Fall, wenn Daten oder Informatikmittel betroffen sind, welche von mehreren Akteuren genutzt werden. In solchen F\u00e4llen ist es entscheidend, dass alle betroffenen Stellen in die Vorfallbew\u00e4ltigung einbezogen werden. Unternehmen, Bund und Kantone m\u00fcssen rasch und abgestimmt zusammenarbeiten. Dabei spielen klare Zust\u00e4ndigkeiten und ein transparentes Vorgehen eine zentrale Rolle, denn je schneller klar ist, wer welche Aufgaben \u00fcbernimmt, desto besser l\u00e4sst sich der Schaden begrenzen. Mit dem Inkrafttreten des Informationssicherheitsgesetzes (ISG) im Jahr 2024 sowie der Cybersicherheitsverordnung (CSV) und der Verordnung \u00fcber die Krisenorganisation der Bundesverwaltung (KOBV) im Jahr 2025 wurden rechtliche Grundlagen zur Kl\u00e4rung der Aufgaben und Zust\u00e4ndigkeiten geschaffen.<\/p>\n<h3 id=\"doc-1j8ig0ie40\" class=\"h2\">Vierstufiges Bewertungsmodell sorgt f\u00fcr Klarheit<\/h3>\n<p id=\"doc-1j8ig0ie50\" class=\"font--regular\">Auf der Grundlage dieser Rechtsgrundlagen hat das BACS ein Konzept erarbeitet, welches aufzeigt, wie die koordinierte Vorfallbew\u00e4ltigung ausgestaltet wird. Kernelement des Konzepts ist ein vierstufiges Modell zur Einstufung von Cybervorf\u00e4llen: gering, moderat, erheblich und kritisch. Die Beurteilung erfolgt dabei aus einer gesamtgesellschaftlichen Perspektive. Ausschlaggebend ist, wie viele Organisationen in der Schweiz betroffen sind und welche Auswirkungen der Cybervorfall auf Wirtschaft und Bev\u00f6lkerung hat. Je nach Einstufung werden unterschiedliche Koordinationsprozesse aktiviert und spezifische Organisationen in die Vorfallbew\u00e4ltigung eingebunden. Bei Vorf\u00e4llen der Stufe \u00abgering\u00bb ist keine Koordination durch das BACS vorgesehen. Bei Vorf\u00e4llen der Stufe \u00abmoderat\u00bb unterst\u00fctzt das BACS die betroffenen Organisationen subsidi\u00e4r und bei der Stufe \u00aberheblich\u00bb \u00fcbernimmt es eine aktive Rolle in der Koordination. Bei Vorf\u00e4llen, welche die Stufe \u00abkritisch\u00bb erreichen erfolgt schliesslich ein Antrag an den Bundesrat zur Einsetzung eines Krisenstabs gem\u00e4ss den in der KOBV daf\u00fcr vorgesehenen Prozesse. Die Systematik zur Einstufung von Cybervorf\u00e4llen stellt sicher, dass die Massnahmen dem tats\u00e4chlichen Ausmass des Vorfalls angemessen sind und Ressourcen gezielt eingesetzt werden. Die Einstufung bleibt flexibel und kann sich im Verlauf eines Vorfalls \u00e4ndern, da das Ausmass von Cyberangriffen oft erst im Laufe der Analyse vollst\u00e4ndig sichtbar wird.<\/p>\n<h3 id=\"doc-1j8ig0ie51\" class=\"h2\">Umsetzung der koordinierten Vorfallbew\u00e4ltigung<\/h3>\n<p id=\"doc-1j8ig0ie60\" class=\"font--regular\">Die Prozesse der koordinierten Vorfallbew\u00e4ltigung werden bereits gelebt. Vorf\u00e4lle der Stufen \u00abgering\u00bb und \u00abmoderat\u00bb geh\u00f6ren zum Alltag und die Zusammenarbeit des BACS mit Betreiberinnen kritischer Infrastrukturen und Beh\u00f6rden des Bundes und der Kantone sind gut eingespielt. Die Prozesse bei Vorf\u00e4llen der Stufen \u00aberheblich\u00bb und \u00abkritisch\u00bb sind dank den nun bestehenden rechtlichen Grundlagen definiert. Die Zust\u00e4ndigkeiten und Aufgaben sind aber nicht allen Akteuren im gleichen Ausmass bekannt und die Prozesse m\u00fcssen sich noch besser etablieren. Das nun vorliegende Konzept soll dazu einen Beitrag leisten. Das BACS wird es nutzen, um transparent \u00fcber die Aufgaben und Zust\u00e4ndigkeiten bei der koordinierten Vorfallbew\u00e4ltigung zu informieren.<\/p>\n<p class=\"h1 hero__title\"><a href=\"https:\/\/cms.news.admin.ch\/dam\/de\/bacs\/ASmAlkScj6Xb\/Prozesse-des-Bundes-zur-koordinierten-Cybervorfallbewaeltigung_DE.pdf\">Konzept f\u00fcr die koordinierte Bew\u00e4ltigung von Cybervorf\u00e4llen<\/a><\/p>\n<p>&nbsp;<\/p>\n","protected":false},"excerpt":{"rendered":"<p>Cybervorf\u00e4lle k\u00f6nnen weitreichende Folgen haben. Neben den unmittelbaren Folgen der Funktionsausf\u00e4lle und Betriebsst\u00f6rungen bei den Betroffenen selbst, k\u00f6nnen sie auch die Cybersicherheit von Dritten gef\u00e4hrden. Dies ist dann der Fall, wenn Daten oder Informatikmittel betroffen sind, welche von mehreren Akteuren genutzt werden. In solchen F\u00e4llen ist es entscheidend, dass alle betroffenen Stellen in die Vorfallbew\u00e4ltigung [&hellip;]<\/p>\n","protected":false},"author":31,"featured_media":24695,"comment_status":"closed","ping_status":"closed","sticky":false,"template":"","format":"standard","meta":{"_acf_changed":false,"pgc_sgb_lightbox_settings":"","footnotes":""},"categories":[3313],"tags":[3338,670],"class_list":["post-24694","post","type-post","status-publish","format-standard","has-post-thumbnail","hentry","category-digitalisierung","tag-bundesamt-fuer-cybersicherheit","tag-cybersicherheit"],"acf":[],"hkrextid":null,"publication":null,"issue":null,"workflow":null,"startPage":null,"spitzmarke":null,"_posts_by_tag_page_fields":null,"_at_widget":null,"_yoast_wpseo_primary_category":"3313","_yoast_wpseo_focuskw_text_input":null,"_yoast_wpseo_opengraph-image":null,"_yoast_wpseo_opengraph-description":null,"_yoast_wpseo_opengraph-title":null,"enclosure":null,"_yoast_wpseo_twitter-title":null,"_yoast_wpseo_twitter-description":null,"_yoast_wpseo_twitter-image":null,"_wp_old_slug":null,"_yoast_wpseo_title":null,"_yoast_wpseo_canonical":null,"yoast_head":"<!-- This site is optimized with the Yoast SEO plugin v27.5 - https:\/\/yoast.com\/product\/yoast-seo-wordpress\/ -->\n<title>Konzept f\u00fcr die koordinierte Bew\u00e4ltigung von Cybervorf\u00e4llen - Save<\/title>\n<meta name=\"description\" content=\"Das Bundesamt f\u00fcr Cybersicherheit (BACS) hat ein Konzept erarbeitet, welches aufzeigt, wie sich der Bund organisiert, um die koordinierte Vorfallbew\u00e4ltigung sicherzustellen.\" \/>\n<meta name=\"robots\" content=\"index, follow, max-snippet:-1, max-image-preview:large, max-video-preview:-1\" \/>\n<link rel=\"canonical\" href=\"https:\/\/news.save.ch\/de\/konzept-fuer-die-koordinierte-bewaeltigung-von-cybervorfaellen\/\" \/>\n<meta property=\"og:locale\" content=\"de_DE\" \/>\n<meta property=\"og:type\" content=\"article\" \/>\n<meta property=\"og:title\" content=\"Konzept f\u00fcr die koordinierte Bew\u00e4ltigung von Cybervorf\u00e4llen - Save\" \/>\n<meta property=\"og:description\" content=\"Das Bundesamt f\u00fcr Cybersicherheit (BACS) hat ein Konzept erarbeitet, welches aufzeigt, wie sich der Bund organisiert, um die koordinierte Vorfallbew\u00e4ltigung sicherzustellen.\" \/>\n<meta property=\"og:url\" content=\"https:\/\/news.save.ch\/de\/konzept-fuer-die-koordinierte-bewaeltigung-von-cybervorfaellen\/\" \/>\n<meta property=\"og:site_name\" content=\"Save\" \/>\n<meta property=\"article:published_time\" content=\"2025-11-04T13:06:57+00:00\" \/>\n<meta property=\"og:image\" content=\"https:\/\/news.save.ch\/wp-content\/uploads\/2025\/11\/Depositphotos_100700990_S.jpg\" \/>\n\t<meta property=\"og:image:width\" content=\"1000\" \/>\n\t<meta property=\"og:image:height\" content=\"657\" \/>\n\t<meta property=\"og:image:type\" content=\"image\/jpeg\" \/>\n<meta name=\"author\" content=\"stefanie Zeng\" \/>\n<meta name=\"twitter:card\" content=\"summary_large_image\" \/>\n<meta name=\"twitter:label1\" content=\"Geschrieben von\" \/>\n\t<meta name=\"twitter:data1\" content=\"stefanie Zeng\" \/>\n\t<meta name=\"twitter:label2\" content=\"Gesch\u00e4tzte Lesezeit\" \/>\n\t<meta name=\"twitter:data2\" content=\"3\u00a0Minuten\" \/>\n<script type=\"application\/ld+json\" class=\"yoast-schema-graph\">{\"@context\":\"https:\\\/\\\/schema.org\",\"@graph\":[{\"@type\":\"Article\",\"@id\":\"https:\\\/\\\/news.save.ch\\\/konzept-fuer-die-koordinierte-bewaeltigung-von-cybervorfaellen\\\/#article\",\"isPartOf\":{\"@id\":\"https:\\\/\\\/news.save.ch\\\/konzept-fuer-die-koordinierte-bewaeltigung-von-cybervorfaellen\\\/\"},\"author\":{\"name\":\"stefanie Zeng\",\"@id\":\"https:\\\/\\\/news.save.ch\\\/de\\\/#\\\/schema\\\/person\\\/10917387362b3961e882740f6cf6f2a2\"},\"headline\":\"Konzept f\u00fcr die koordinierte Bew\u00e4ltigung von Cybervorf\u00e4llen\",\"datePublished\":\"2025-11-04T13:06:57+00:00\",\"mainEntityOfPage\":{\"@id\":\"https:\\\/\\\/news.save.ch\\\/konzept-fuer-die-koordinierte-bewaeltigung-von-cybervorfaellen\\\/\"},\"wordCount\":494,\"publisher\":{\"@id\":\"https:\\\/\\\/news.save.ch\\\/de\\\/#organization\"},\"image\":{\"@id\":\"https:\\\/\\\/news.save.ch\\\/konzept-fuer-die-koordinierte-bewaeltigung-von-cybervorfaellen\\\/#primaryimage\"},\"thumbnailUrl\":\"https:\\\/\\\/news.save.ch\\\/wp-content\\\/uploads\\\/2025\\\/11\\\/Depositphotos_100700990_S.jpg\",\"keywords\":[\"Bundesamt f\u00fcr Cybersicherheit\",\"Cybersicherheit\"],\"articleSection\":[\"DIGITALISIERUNG\"],\"inLanguage\":\"de\"},{\"@type\":\"WebPage\",\"@id\":\"https:\\\/\\\/news.save.ch\\\/konzept-fuer-die-koordinierte-bewaeltigung-von-cybervorfaellen\\\/\",\"url\":\"https:\\\/\\\/news.save.ch\\\/konzept-fuer-die-koordinierte-bewaeltigung-von-cybervorfaellen\\\/\",\"name\":\"Konzept f\u00fcr die koordinierte Bew\u00e4ltigung von Cybervorf\u00e4llen - Save\",\"isPartOf\":{\"@id\":\"https:\\\/\\\/news.save.ch\\\/de\\\/#website\"},\"primaryImageOfPage\":{\"@id\":\"https:\\\/\\\/news.save.ch\\\/konzept-fuer-die-koordinierte-bewaeltigung-von-cybervorfaellen\\\/#primaryimage\"},\"image\":{\"@id\":\"https:\\\/\\\/news.save.ch\\\/konzept-fuer-die-koordinierte-bewaeltigung-von-cybervorfaellen\\\/#primaryimage\"},\"thumbnailUrl\":\"https:\\\/\\\/news.save.ch\\\/wp-content\\\/uploads\\\/2025\\\/11\\\/Depositphotos_100700990_S.jpg\",\"datePublished\":\"2025-11-04T13:06:57+00:00\",\"description\":\"Das Bundesamt f\u00fcr Cybersicherheit (BACS) hat ein Konzept erarbeitet, welches aufzeigt, wie sich der Bund organisiert, um die koordinierte Vorfallbew\u00e4ltigung sicherzustellen.\",\"breadcrumb\":{\"@id\":\"https:\\\/\\\/news.save.ch\\\/konzept-fuer-die-koordinierte-bewaeltigung-von-cybervorfaellen\\\/#breadcrumb\"},\"inLanguage\":\"de\",\"potentialAction\":[{\"@type\":\"ReadAction\",\"target\":[\"https:\\\/\\\/news.save.ch\\\/konzept-fuer-die-koordinierte-bewaeltigung-von-cybervorfaellen\\\/\"]}]},{\"@type\":\"ImageObject\",\"inLanguage\":\"de\",\"@id\":\"https:\\\/\\\/news.save.ch\\\/konzept-fuer-die-koordinierte-bewaeltigung-von-cybervorfaellen\\\/#primaryimage\",\"url\":\"https:\\\/\\\/news.save.ch\\\/wp-content\\\/uploads\\\/2025\\\/11\\\/Depositphotos_100700990_S.jpg\",\"contentUrl\":\"https:\\\/\\\/news.save.ch\\\/wp-content\\\/uploads\\\/2025\\\/11\\\/Depositphotos_100700990_S.jpg\",\"width\":1000,\"height\":657,\"caption\":\"Foto: Depositphotos\\\/Rawpixel\"},{\"@type\":\"BreadcrumbList\",\"@id\":\"https:\\\/\\\/news.save.ch\\\/konzept-fuer-die-koordinierte-bewaeltigung-von-cybervorfaellen\\\/#breadcrumb\",\"itemListElement\":[{\"@type\":\"ListItem\",\"position\":1,\"name\":\"Home\",\"item\":\"https:\\\/\\\/news.save.ch\\\/de\\\/\"},{\"@type\":\"ListItem\",\"position\":2,\"name\":\"Konzept f\u00fcr die koordinierte Bew\u00e4ltigung von Cybervorf\u00e4llen\"}]},{\"@type\":\"WebSite\",\"@id\":\"https:\\\/\\\/news.save.ch\\\/de\\\/#website\",\"url\":\"https:\\\/\\\/news.save.ch\\\/de\\\/\",\"name\":\"Save\",\"description\":\"Schweizer Fachzeitschrift f\u00fcr Sicherheit\",\"publisher\":{\"@id\":\"https:\\\/\\\/news.save.ch\\\/de\\\/#organization\"},\"potentialAction\":[{\"@type\":\"SearchAction\",\"target\":{\"@type\":\"EntryPoint\",\"urlTemplate\":\"https:\\\/\\\/news.save.ch\\\/de\\\/?s={search_term_string}\"},\"query-input\":{\"@type\":\"PropertyValueSpecification\",\"valueRequired\":true,\"valueName\":\"search_term_string\"}}],\"inLanguage\":\"de\"},{\"@type\":\"Organization\",\"@id\":\"https:\\\/\\\/news.save.ch\\\/de\\\/#organization\",\"name\":\"Sicherheitsforum\",\"url\":\"https:\\\/\\\/news.save.ch\\\/de\\\/\",\"logo\":{\"@type\":\"ImageObject\",\"inLanguage\":\"de\",\"@id\":\"https:\\\/\\\/news.save.ch\\\/de\\\/#\\\/schema\\\/logo\\\/image\\\/\",\"url\":\"https:\\\/\\\/news.save.ch\\\/wp-content\\\/uploads\\\/2022\\\/06\\\/Logo_SF_2012.png\",\"contentUrl\":\"https:\\\/\\\/news.save.ch\\\/wp-content\\\/uploads\\\/2022\\\/06\\\/Logo_SF_2012.png\",\"width\":1100,\"height\":91,\"caption\":\"Sicherheitsforum\"},\"image\":{\"@id\":\"https:\\\/\\\/news.save.ch\\\/de\\\/#\\\/schema\\\/logo\\\/image\\\/\"}},{\"@type\":\"Person\",\"@id\":\"https:\\\/\\\/news.save.ch\\\/de\\\/#\\\/schema\\\/person\\\/10917387362b3961e882740f6cf6f2a2\",\"name\":\"stefanie Zeng\",\"image\":{\"@type\":\"ImageObject\",\"inLanguage\":\"de\",\"@id\":\"https:\\\/\\\/secure.gravatar.com\\\/avatar\\\/eac43faa6e40bb2c41068c95c9d78bbd94c476d5efdff7abaab80bb3ea681e06?s=96&d=mm&r=g\",\"url\":\"https:\\\/\\\/secure.gravatar.com\\\/avatar\\\/eac43faa6e40bb2c41068c95c9d78bbd94c476d5efdff7abaab80bb3ea681e06?s=96&d=mm&r=g\",\"contentUrl\":\"https:\\\/\\\/secure.gravatar.com\\\/avatar\\\/eac43faa6e40bb2c41068c95c9d78bbd94c476d5efdff7abaab80bb3ea681e06?s=96&d=mm&r=g\",\"caption\":\"stefanie Zeng\"},\"url\":\"https:\\\/\\\/news.save.ch\\\/de\\\/author\\\/stefanie-zeng\\\/\"}]}<\/script>\n<!-- \/ Yoast SEO plugin. -->","yoast_head_json":{"title":"Konzept f\u00fcr die koordinierte Bew\u00e4ltigung von Cybervorf\u00e4llen - Save","description":"Das Bundesamt f\u00fcr Cybersicherheit (BACS) hat ein Konzept erarbeitet, welches aufzeigt, wie sich der Bund organisiert, um die koordinierte Vorfallbew\u00e4ltigung sicherzustellen.","robots":{"index":"index","follow":"follow","max-snippet":"max-snippet:-1","max-image-preview":"max-image-preview:large","max-video-preview":"max-video-preview:-1"},"canonical":"https:\/\/news.save.ch\/de\/konzept-fuer-die-koordinierte-bewaeltigung-von-cybervorfaellen\/","og_locale":"de_DE","og_type":"article","og_title":"Konzept f\u00fcr die koordinierte Bew\u00e4ltigung von Cybervorf\u00e4llen - Save","og_description":"Das Bundesamt f\u00fcr Cybersicherheit (BACS) hat ein Konzept erarbeitet, welches aufzeigt, wie sich der Bund organisiert, um die koordinierte Vorfallbew\u00e4ltigung sicherzustellen.","og_url":"https:\/\/news.save.ch\/de\/konzept-fuer-die-koordinierte-bewaeltigung-von-cybervorfaellen\/","og_site_name":"Save","article_published_time":"2025-11-04T13:06:57+00:00","og_image":[{"width":1000,"height":657,"url":"https:\/\/news.save.ch\/wp-content\/uploads\/2025\/11\/Depositphotos_100700990_S.jpg","type":"image\/jpeg"}],"author":"stefanie Zeng","twitter_card":"summary_large_image","twitter_misc":{"Geschrieben von":"stefanie Zeng","Gesch\u00e4tzte Lesezeit":"3\u00a0Minuten"},"schema":{"@context":"https:\/\/schema.org","@graph":[{"@type":"Article","@id":"https:\/\/news.save.ch\/konzept-fuer-die-koordinierte-bewaeltigung-von-cybervorfaellen\/#article","isPartOf":{"@id":"https:\/\/news.save.ch\/konzept-fuer-die-koordinierte-bewaeltigung-von-cybervorfaellen\/"},"author":{"name":"stefanie Zeng","@id":"https:\/\/news.save.ch\/de\/#\/schema\/person\/10917387362b3961e882740f6cf6f2a2"},"headline":"Konzept f\u00fcr die koordinierte Bew\u00e4ltigung von Cybervorf\u00e4llen","datePublished":"2025-11-04T13:06:57+00:00","mainEntityOfPage":{"@id":"https:\/\/news.save.ch\/konzept-fuer-die-koordinierte-bewaeltigung-von-cybervorfaellen\/"},"wordCount":494,"publisher":{"@id":"https:\/\/news.save.ch\/de\/#organization"},"image":{"@id":"https:\/\/news.save.ch\/konzept-fuer-die-koordinierte-bewaeltigung-von-cybervorfaellen\/#primaryimage"},"thumbnailUrl":"https:\/\/news.save.ch\/wp-content\/uploads\/2025\/11\/Depositphotos_100700990_S.jpg","keywords":["Bundesamt f\u00fcr Cybersicherheit","Cybersicherheit"],"articleSection":["DIGITALISIERUNG"],"inLanguage":"de"},{"@type":"WebPage","@id":"https:\/\/news.save.ch\/konzept-fuer-die-koordinierte-bewaeltigung-von-cybervorfaellen\/","url":"https:\/\/news.save.ch\/konzept-fuer-die-koordinierte-bewaeltigung-von-cybervorfaellen\/","name":"Konzept f\u00fcr die koordinierte Bew\u00e4ltigung von Cybervorf\u00e4llen - Save","isPartOf":{"@id":"https:\/\/news.save.ch\/de\/#website"},"primaryImageOfPage":{"@id":"https:\/\/news.save.ch\/konzept-fuer-die-koordinierte-bewaeltigung-von-cybervorfaellen\/#primaryimage"},"image":{"@id":"https:\/\/news.save.ch\/konzept-fuer-die-koordinierte-bewaeltigung-von-cybervorfaellen\/#primaryimage"},"thumbnailUrl":"https:\/\/news.save.ch\/wp-content\/uploads\/2025\/11\/Depositphotos_100700990_S.jpg","datePublished":"2025-11-04T13:06:57+00:00","description":"Das Bundesamt f\u00fcr Cybersicherheit (BACS) hat ein Konzept erarbeitet, welches aufzeigt, wie sich der Bund organisiert, um die koordinierte Vorfallbew\u00e4ltigung sicherzustellen.","breadcrumb":{"@id":"https:\/\/news.save.ch\/konzept-fuer-die-koordinierte-bewaeltigung-von-cybervorfaellen\/#breadcrumb"},"inLanguage":"de","potentialAction":[{"@type":"ReadAction","target":["https:\/\/news.save.ch\/konzept-fuer-die-koordinierte-bewaeltigung-von-cybervorfaellen\/"]}]},{"@type":"ImageObject","inLanguage":"de","@id":"https:\/\/news.save.ch\/konzept-fuer-die-koordinierte-bewaeltigung-von-cybervorfaellen\/#primaryimage","url":"https:\/\/news.save.ch\/wp-content\/uploads\/2025\/11\/Depositphotos_100700990_S.jpg","contentUrl":"https:\/\/news.save.ch\/wp-content\/uploads\/2025\/11\/Depositphotos_100700990_S.jpg","width":1000,"height":657,"caption":"Foto: Depositphotos\/Rawpixel"},{"@type":"BreadcrumbList","@id":"https:\/\/news.save.ch\/konzept-fuer-die-koordinierte-bewaeltigung-von-cybervorfaellen\/#breadcrumb","itemListElement":[{"@type":"ListItem","position":1,"name":"Home","item":"https:\/\/news.save.ch\/de\/"},{"@type":"ListItem","position":2,"name":"Konzept f\u00fcr die koordinierte Bew\u00e4ltigung von Cybervorf\u00e4llen"}]},{"@type":"WebSite","@id":"https:\/\/news.save.ch\/de\/#website","url":"https:\/\/news.save.ch\/de\/","name":"Save","description":"Schweizer Fachzeitschrift f\u00fcr Sicherheit","publisher":{"@id":"https:\/\/news.save.ch\/de\/#organization"},"potentialAction":[{"@type":"SearchAction","target":{"@type":"EntryPoint","urlTemplate":"https:\/\/news.save.ch\/de\/?s={search_term_string}"},"query-input":{"@type":"PropertyValueSpecification","valueRequired":true,"valueName":"search_term_string"}}],"inLanguage":"de"},{"@type":"Organization","@id":"https:\/\/news.save.ch\/de\/#organization","name":"Sicherheitsforum","url":"https:\/\/news.save.ch\/de\/","logo":{"@type":"ImageObject","inLanguage":"de","@id":"https:\/\/news.save.ch\/de\/#\/schema\/logo\/image\/","url":"https:\/\/news.save.ch\/wp-content\/uploads\/2022\/06\/Logo_SF_2012.png","contentUrl":"https:\/\/news.save.ch\/wp-content\/uploads\/2022\/06\/Logo_SF_2012.png","width":1100,"height":91,"caption":"Sicherheitsforum"},"image":{"@id":"https:\/\/news.save.ch\/de\/#\/schema\/logo\/image\/"}},{"@type":"Person","@id":"https:\/\/news.save.ch\/de\/#\/schema\/person\/10917387362b3961e882740f6cf6f2a2","name":"stefanie Zeng","image":{"@type":"ImageObject","inLanguage":"de","@id":"https:\/\/secure.gravatar.com\/avatar\/eac43faa6e40bb2c41068c95c9d78bbd94c476d5efdff7abaab80bb3ea681e06?s=96&d=mm&r=g","url":"https:\/\/secure.gravatar.com\/avatar\/eac43faa6e40bb2c41068c95c9d78bbd94c476d5efdff7abaab80bb3ea681e06?s=96&d=mm&r=g","contentUrl":"https:\/\/secure.gravatar.com\/avatar\/eac43faa6e40bb2c41068c95c9d78bbd94c476d5efdff7abaab80bb3ea681e06?s=96&d=mm&r=g","caption":"stefanie Zeng"},"url":"https:\/\/news.save.ch\/de\/author\/stefanie-zeng\/"}]}},"_links":{"self":[{"href":"https:\/\/news.save.ch\/de\/wp-json\/wp\/v2\/posts\/24694","targetHints":{"allow":["GET"]}}],"collection":[{"href":"https:\/\/news.save.ch\/de\/wp-json\/wp\/v2\/posts"}],"about":[{"href":"https:\/\/news.save.ch\/de\/wp-json\/wp\/v2\/types\/post"}],"author":[{"embeddable":true,"href":"https:\/\/news.save.ch\/de\/wp-json\/wp\/v2\/users\/31"}],"replies":[{"embeddable":true,"href":"https:\/\/news.save.ch\/de\/wp-json\/wp\/v2\/comments?post=24694"}],"version-history":[{"count":1,"href":"https:\/\/news.save.ch\/de\/wp-json\/wp\/v2\/posts\/24694\/revisions"}],"predecessor-version":[{"id":24696,"href":"https:\/\/news.save.ch\/de\/wp-json\/wp\/v2\/posts\/24694\/revisions\/24696"}],"wp:featuredmedia":[{"embeddable":true,"href":"https:\/\/news.save.ch\/de\/wp-json\/wp\/v2\/media\/24695"}],"wp:attachment":[{"href":"https:\/\/news.save.ch\/de\/wp-json\/wp\/v2\/media?parent=24694"}],"wp:term":[{"taxonomy":"category","embeddable":true,"href":"https:\/\/news.save.ch\/de\/wp-json\/wp\/v2\/categories?post=24694"},{"taxonomy":"post_tag","embeddable":true,"href":"https:\/\/news.save.ch\/de\/wp-json\/wp\/v2\/tags?post=24694"}],"curies":[{"name":"wp","href":"https:\/\/api.w.org\/{rel}","templated":true}]}}