{"id":24701,"date":"2025-11-11T14:48:49","date_gmt":"2025-11-11T13:48:49","guid":{"rendered":"https:\/\/news.save.ch\/?p=24701"},"modified":"2025-11-11T14:49:40","modified_gmt":"2025-11-11T13:49:40","slug":"sicherheit-der-bevoelkerung-verbessern-bundesrat-will-luecken-bei-der-planung-von-grossraeumigen-evakuierungen-schliessen","status":null,"type":"post","link":"https:\/\/news.save.ch\/de\/sicherheit-der-bevoelkerung-verbessern-bundesrat-will-luecken-bei-der-planung-von-grossraeumigen-evakuierungen-schliessen\/","title":{"rendered":"Sicherheit der Bev\u00f6lkerung verbessern: Bundesrat will L\u00fccken bei der Planung von grossr\u00e4umigen Evakuierungen schliessen"},"content":{"rendered":"<figure id=\"attachment_24702\" aria-describedby=\"caption-attachment-24702\" style=\"width: 680px\" class=\"wp-caption alignnone\"><img loading=\"lazy\" decoding=\"async\" class=\"size-medium wp-image-24702\" src=\"https:\/\/news.save.ch\/wp-content\/uploads\/2025\/11\/Depositphotos_599616798_S-680x454.jpg\" alt=\"\" width=\"680\" height=\"454\" srcset=\"https:\/\/news.save.ch\/wp-content\/uploads\/2025\/11\/Depositphotos_599616798_S-680x454.jpg 680w, https:\/\/news.save.ch\/wp-content\/uploads\/2025\/11\/Depositphotos_599616798_S-768x512.jpg 768w, https:\/\/news.save.ch\/wp-content\/uploads\/2025\/11\/Depositphotos_599616798_S-18x12.jpg 18w, https:\/\/news.save.ch\/wp-content\/uploads\/2025\/11\/Depositphotos_599616798_S-375x250.jpg 375w, https:\/\/news.save.ch\/wp-content\/uploads\/2025\/11\/Depositphotos_599616798_S-525x350.jpg 525w, https:\/\/news.save.ch\/wp-content\/uploads\/2025\/11\/Depositphotos_599616798_S.jpg 1000w\" sizes=\"auto, (max-width: 680px) 100vw, 680px\" \/><figcaption id=\"caption-attachment-24702\" class=\"wp-caption-text\">Foto: Depositphotos\/surachetsh<\/figcaption><\/figure>\n<p id=\"doc-1j981uaqa0\" class=\"font--regular\">Die Evakuierung \u2013 insbesondere eines umfangreichen Gebiets \u2013 ist eine der wichtigsten und zugleich herausforderndsten Massnahmen des Bev\u00f6lkerungsschutzes, um die Auswirkungen eines Ereignisses zu begrenzen. Beh\u00f6rden und Einsatzorganisationen stehen in einem solchen Fall unter besonders hohem Zeitdruck, m\u00fcssen die Verf\u00fcgbarkeit der notwendigen Transportinfrastruktur gew\u00e4hrleisten und die Regelung der Verkehrslage unter erschwerten Bedingungen sicherstellen.<\/p>\n<p id=\"doc-1j981ucel0\" class=\"font--regular\">Die aktuellen schweizweit etablierten Grundlagen f\u00fcr eine grossr\u00e4umige Evakuierung basieren auf Planungen, die im Nachgang an den Kernkraftwerkunfall in Fukushima von 2011 durch Kantone, das Bundesamt f\u00fcr Bev\u00f6lkerungsschutz (BABS) und die zust\u00e4ndigen Stellen im Bereich Verkehr (unter anderem SBB und PostAuto) initiiert worden sind. Das daraus resultierte Evakuierungsmodell ist zwar haupts\u00e4chlich auf das Szenario eines KKW-Unfalls ausgerichtet. Dank seiner einfachen Kernidee und seinem modularen Aufbau mit den drei Elementen \u00abNotfalltreffpunkte\u00bb, \u00abAufnahmestellen\u00bb und \u00abBetreuungsstellen\u00bb kann das Modell auch f\u00fcr eine Vielzahl anderer Szenarien angewendet werden.<\/p>\n<h3 id=\"doc-1j981ucem0\" class=\"h2\">Notfalltreffpunkt schweizweit eingerichtet<\/h3>\n<p id=\"doc-1j981ucem1\" class=\"font--regular\">Insbesondere die Notfalltreffpunkte sind in der Schweiz mittlerweile fast fl\u00e4chendeckend eingerichtet worden. Sie dienen als zentrale Anlaufstellen f\u00fcr die Bev\u00f6lkerung bei Katastrophen und Notlagen, um Informationen zu erhalten, Notrufe abzusetzen und bei Bedarf weitere Unterst\u00fctzung zu erhalten.<\/p>\n<p id=\"doc-1j981ucem2\" class=\"font--regular\">Im Weiteren besteht mit der Koordination des Verkehrs in Ausnahmesituationen (KOVE) eine Krisenorganisation, die auch im Falle von vorsorglichen grossr\u00e4umigen Evakuierungen zum Einsatz kommt.<\/p>\n<h3 id=\"doc-1j981ucen0\" class=\"h2\">Evakuierungskonzepte gezielt weiterentwickeln<\/h3>\n<p id=\"doc-1j981ucen1\" class=\"font--regular\">\u00dcbungen auf kantonaler und Bundesebene haben in den vergangenen Jahren jedoch gezeigt, dass bei der Planung von grossr\u00e4umigen Evakuierungen noch konzeptionelle L\u00fccken bestehen wie beispielsweise f\u00fcr die Evakuierung sogenannter besonderer Einrichtungen, zu denen unter anderem Spit\u00e4ler geh\u00f6ren. Vor diesem Hintergrund und aufgrund des sich ver\u00e4ndernden sicherheitspolitischen Umfeldes, sind verschiedene Projekte mit Beteiligung von Bund, Kantonen und der Armee initiiert worden, die sich der Thematik von Evakuierungen im Rahmen ziviler Ereignisse beziehungsweise im Fall eines bewaffneten Konflikts widmen. Dazu geh\u00f6rt beispielsweise die \u00abF\u00e4higkeitsanalyse Bev\u00f6lkerungsschutz\u00bb, die sich unter anderem mit den Herausforderungen von Evakuierungen bei einer direkten milit\u00e4rischen Bedrohung gegen die Schweiz auseinandersetzt.<\/p>\n<p id=\"doc-1j981uceo0\" class=\"font--regular\">Der <a href=\"https:\/\/cms.news.admin.ch\/dam\/de\/der-schweizerische-bundesrat\/NEknqZNFvBej\/Bericht_Bundesrat_Postulat_Riniker_23.3740.pdf\">Bericht des Bundesrates in Beantwortung des Postulats 23.3740 Riniker<\/a> dient als Grundlage f\u00fcr die notwendigen Folgearbeiten zur Schliessung der L\u00fccken im Bereich der Planung von Evakuierungen. Es geht insbesondere auch darum, die bestehenden Grundlagen zu verbessern und weiterzuentwickeln. Das \u00fcbergeordnete Ziel besteht darin, die in der Schweiz vorhandenen F\u00e4higkeiten so zu b\u00fcndeln und zu nutzen, dass die Evakuierung im Ereignisfall als eine Massnahme mit gr\u00f6sstm\u00f6glichem Schutz f\u00fcr die Bev\u00f6lkerung durchgef\u00fchrt werden kann.<\/p>\n<p><em>Quelle: babs.admin.ch<\/em><\/p>\n","protected":false},"excerpt":{"rendered":"<p>Die Evakuierung \u2013 insbesondere eines umfangreichen Gebiets \u2013 ist eine der wichtigsten und zugleich herausforderndsten Massnahmen des Bev\u00f6lkerungsschutzes, um die Auswirkungen eines Ereignisses zu begrenzen. Beh\u00f6rden und Einsatzorganisationen stehen in einem solchen Fall unter besonders hohem Zeitdruck, m\u00fcssen die Verf\u00fcgbarkeit der notwendigen Transportinfrastruktur gew\u00e4hrleisten und die Regelung der Verkehrslage unter erschwerten Bedingungen sicherstellen. Die aktuellen [&hellip;]<\/p>\n","protected":false},"author":31,"featured_media":0,"comment_status":"closed","ping_status":"closed","sticky":false,"template":"","format":"standard","meta":{"_acf_changed":false,"pgc_sgb_lightbox_settings":"","footnotes":""},"categories":[3312],"tags":[73,302,303,6557],"class_list":["post-24701","post","type-post","status-publish","format-standard","hentry","category-sicherheit","tag-babs","tag-evakuierung","tag-notfall","tag-notfalltreffpunkte"],"acf":[],"hkrextid":null,"publication":null,"issue":null,"workflow":null,"startPage":null,"spitzmarke":null,"_posts_by_tag_page_fields":null,"_at_widget":null,"_yoast_wpseo_primary_category":"3312","_yoast_wpseo_focuskw_text_input":null,"_yoast_wpseo_opengraph-image":null,"_yoast_wpseo_opengraph-description":null,"_yoast_wpseo_opengraph-title":null,"enclosure":null,"_yoast_wpseo_twitter-title":null,"_yoast_wpseo_twitter-description":null,"_yoast_wpseo_twitter-image":null,"_wp_old_slug":null,"_yoast_wpseo_title":null,"_yoast_wpseo_canonical":null,"yoast_head":"<!-- This site is optimized with the Yoast SEO plugin v27.4 - https:\/\/yoast.com\/product\/yoast-seo-wordpress\/ -->\n<title>Sicherheit der Bev\u00f6lkerung verbessern: Bundesrat will L\u00fccken bei der Planung von grossr\u00e4umigen Evakuierungen schliessen - Save<\/title>\n<meta name=\"description\" content=\"In der Planung grossr\u00e4umiger Evakuierungen zeigen sich L\u00fccken, beispielsweise bei der Evakuierung von besonderen Einrichtungen wie Spit\u00e4ler. Der Bundesrat will die Sicherheit der Bev\u00f6lkerung gew\u00e4hrleisten und deshalb die Grundlagen verbessern.\" \/>\n<meta name=\"robots\" content=\"index, follow, max-snippet:-1, max-image-preview:large, max-video-preview:-1\" \/>\n<link rel=\"canonical\" href=\"https:\/\/news.save.ch\/de\/sicherheit-der-bevoelkerung-verbessern-bundesrat-will-luecken-bei-der-planung-von-grossraeumigen-evakuierungen-schliessen\/\" \/>\n<meta property=\"og:locale\" content=\"de_DE\" \/>\n<meta property=\"og:type\" content=\"article\" \/>\n<meta property=\"og:title\" content=\"Sicherheit der Bev\u00f6lkerung verbessern: Bundesrat will L\u00fccken bei der Planung von grossr\u00e4umigen Evakuierungen schliessen - Save\" \/>\n<meta property=\"og:description\" content=\"In der Planung grossr\u00e4umiger Evakuierungen zeigen sich L\u00fccken, beispielsweise bei der Evakuierung von besonderen Einrichtungen wie Spit\u00e4ler. Der Bundesrat will die Sicherheit der Bev\u00f6lkerung gew\u00e4hrleisten und deshalb die Grundlagen verbessern.\" \/>\n<meta property=\"og:url\" content=\"https:\/\/news.save.ch\/de\/sicherheit-der-bevoelkerung-verbessern-bundesrat-will-luecken-bei-der-planung-von-grossraeumigen-evakuierungen-schliessen\/\" \/>\n<meta property=\"og:site_name\" content=\"Save\" \/>\n<meta property=\"article:published_time\" content=\"2025-11-11T13:48:49+00:00\" \/>\n<meta property=\"article:modified_time\" content=\"2025-11-11T13:49:40+00:00\" \/>\n<meta property=\"og:image\" content=\"https:\/\/news.save.ch\/wp-content\/uploads\/2025\/11\/Depositphotos_599616798_S.jpg\" \/>\n\t<meta property=\"og:image:width\" content=\"1000\" \/>\n\t<meta property=\"og:image:height\" content=\"667\" \/>\n\t<meta property=\"og:image:type\" content=\"image\/jpeg\" \/>\n<meta name=\"author\" content=\"stefanie Zeng\" \/>\n<meta name=\"twitter:card\" content=\"summary_large_image\" \/>\n<meta name=\"twitter:label1\" content=\"Geschrieben von\" \/>\n\t<meta name=\"twitter:data1\" content=\"stefanie Zeng\" \/>\n\t<meta name=\"twitter:label2\" content=\"Gesch\u00e4tzte Lesezeit\" \/>\n\t<meta name=\"twitter:data2\" content=\"3\u00a0Minuten\" \/>\n<script type=\"application\/ld+json\" class=\"yoast-schema-graph\">{\"@context\":\"https:\\\/\\\/schema.org\",\"@graph\":[{\"@type\":\"Article\",\"@id\":\"https:\\\/\\\/news.save.ch\\\/sicherheit-der-bevoelkerung-verbessern-bundesrat-will-luecken-bei-der-planung-von-grossraeumigen-evakuierungen-schliessen\\\/#article\",\"isPartOf\":{\"@id\":\"https:\\\/\\\/news.save.ch\\\/sicherheit-der-bevoelkerung-verbessern-bundesrat-will-luecken-bei-der-planung-von-grossraeumigen-evakuierungen-schliessen\\\/\"},\"author\":{\"name\":\"stefanie Zeng\",\"@id\":\"https:\\\/\\\/news.save.ch\\\/de\\\/#\\\/schema\\\/person\\\/10917387362b3961e882740f6cf6f2a2\"},\"headline\":\"Sicherheit der Bev\u00f6lkerung verbessern: Bundesrat will L\u00fccken bei der Planung von grossr\u00e4umigen Evakuierungen schliessen\",\"datePublished\":\"2025-11-11T13:48:49+00:00\",\"dateModified\":\"2025-11-11T13:49:40+00:00\",\"mainEntityOfPage\":{\"@id\":\"https:\\\/\\\/news.save.ch\\\/sicherheit-der-bevoelkerung-verbessern-bundesrat-will-luecken-bei-der-planung-von-grossraeumigen-evakuierungen-schliessen\\\/\"},\"wordCount\":441,\"publisher\":{\"@id\":\"https:\\\/\\\/news.save.ch\\\/de\\\/#organization\"},\"image\":{\"@id\":\"https:\\\/\\\/news.save.ch\\\/sicherheit-der-bevoelkerung-verbessern-bundesrat-will-luecken-bei-der-planung-von-grossraeumigen-evakuierungen-schliessen\\\/#primaryimage\"},\"thumbnailUrl\":\"https:\\\/\\\/news.save.ch\\\/wp-content\\\/uploads\\\/2025\\\/11\\\/Depositphotos_599616798_S-680x454.jpg\",\"keywords\":[\"BABS\",\"Evakuierung\",\"Notfall\",\"Notfalltreffpunkte\"],\"articleSection\":[\"SICHERHEIT\"],\"inLanguage\":\"de\"},{\"@type\":\"WebPage\",\"@id\":\"https:\\\/\\\/news.save.ch\\\/sicherheit-der-bevoelkerung-verbessern-bundesrat-will-luecken-bei-der-planung-von-grossraeumigen-evakuierungen-schliessen\\\/\",\"url\":\"https:\\\/\\\/news.save.ch\\\/sicherheit-der-bevoelkerung-verbessern-bundesrat-will-luecken-bei-der-planung-von-grossraeumigen-evakuierungen-schliessen\\\/\",\"name\":\"Sicherheit der Bev\u00f6lkerung verbessern: Bundesrat will L\u00fccken bei der Planung von grossr\u00e4umigen Evakuierungen schliessen - Save\",\"isPartOf\":{\"@id\":\"https:\\\/\\\/news.save.ch\\\/de\\\/#website\"},\"primaryImageOfPage\":{\"@id\":\"https:\\\/\\\/news.save.ch\\\/sicherheit-der-bevoelkerung-verbessern-bundesrat-will-luecken-bei-der-planung-von-grossraeumigen-evakuierungen-schliessen\\\/#primaryimage\"},\"image\":{\"@id\":\"https:\\\/\\\/news.save.ch\\\/sicherheit-der-bevoelkerung-verbessern-bundesrat-will-luecken-bei-der-planung-von-grossraeumigen-evakuierungen-schliessen\\\/#primaryimage\"},\"thumbnailUrl\":\"https:\\\/\\\/news.save.ch\\\/wp-content\\\/uploads\\\/2025\\\/11\\\/Depositphotos_599616798_S-680x454.jpg\",\"datePublished\":\"2025-11-11T13:48:49+00:00\",\"dateModified\":\"2025-11-11T13:49:40+00:00\",\"description\":\"In der Planung grossr\u00e4umiger Evakuierungen zeigen sich L\u00fccken, beispielsweise bei der Evakuierung von besonderen Einrichtungen wie Spit\u00e4ler. Der Bundesrat will die Sicherheit der Bev\u00f6lkerung gew\u00e4hrleisten und deshalb die Grundlagen verbessern.\",\"breadcrumb\":{\"@id\":\"https:\\\/\\\/news.save.ch\\\/sicherheit-der-bevoelkerung-verbessern-bundesrat-will-luecken-bei-der-planung-von-grossraeumigen-evakuierungen-schliessen\\\/#breadcrumb\"},\"inLanguage\":\"de\",\"potentialAction\":[{\"@type\":\"ReadAction\",\"target\":[\"https:\\\/\\\/news.save.ch\\\/sicherheit-der-bevoelkerung-verbessern-bundesrat-will-luecken-bei-der-planung-von-grossraeumigen-evakuierungen-schliessen\\\/\"]}]},{\"@type\":\"ImageObject\",\"inLanguage\":\"de\",\"@id\":\"https:\\\/\\\/news.save.ch\\\/sicherheit-der-bevoelkerung-verbessern-bundesrat-will-luecken-bei-der-planung-von-grossraeumigen-evakuierungen-schliessen\\\/#primaryimage\",\"url\":\"https:\\\/\\\/news.save.ch\\\/wp-content\\\/uploads\\\/2025\\\/11\\\/Depositphotos_599616798_S-680x454.jpg\",\"contentUrl\":\"https:\\\/\\\/news.save.ch\\\/wp-content\\\/uploads\\\/2025\\\/11\\\/Depositphotos_599616798_S-680x454.jpg\"},{\"@type\":\"BreadcrumbList\",\"@id\":\"https:\\\/\\\/news.save.ch\\\/sicherheit-der-bevoelkerung-verbessern-bundesrat-will-luecken-bei-der-planung-von-grossraeumigen-evakuierungen-schliessen\\\/#breadcrumb\",\"itemListElement\":[{\"@type\":\"ListItem\",\"position\":1,\"name\":\"Home\",\"item\":\"https:\\\/\\\/news.save.ch\\\/de\\\/\"},{\"@type\":\"ListItem\",\"position\":2,\"name\":\"Sicherheit der Bev\u00f6lkerung verbessern: Bundesrat will L\u00fccken bei der Planung von grossr\u00e4umigen Evakuierungen schliessen\"}]},{\"@type\":\"WebSite\",\"@id\":\"https:\\\/\\\/news.save.ch\\\/de\\\/#website\",\"url\":\"https:\\\/\\\/news.save.ch\\\/de\\\/\",\"name\":\"Save\",\"description\":\"Schweizer Fachzeitschrift f\u00fcr Sicherheit\",\"publisher\":{\"@id\":\"https:\\\/\\\/news.save.ch\\\/de\\\/#organization\"},\"potentialAction\":[{\"@type\":\"SearchAction\",\"target\":{\"@type\":\"EntryPoint\",\"urlTemplate\":\"https:\\\/\\\/news.save.ch\\\/de\\\/?s={search_term_string}\"},\"query-input\":{\"@type\":\"PropertyValueSpecification\",\"valueRequired\":true,\"valueName\":\"search_term_string\"}}],\"inLanguage\":\"de\"},{\"@type\":\"Organization\",\"@id\":\"https:\\\/\\\/news.save.ch\\\/de\\\/#organization\",\"name\":\"Sicherheitsforum\",\"url\":\"https:\\\/\\\/news.save.ch\\\/de\\\/\",\"logo\":{\"@type\":\"ImageObject\",\"inLanguage\":\"de\",\"@id\":\"https:\\\/\\\/news.save.ch\\\/de\\\/#\\\/schema\\\/logo\\\/image\\\/\",\"url\":\"https:\\\/\\\/news.save.ch\\\/wp-content\\\/uploads\\\/2022\\\/06\\\/Logo_SF_2012.png\",\"contentUrl\":\"https:\\\/\\\/news.save.ch\\\/wp-content\\\/uploads\\\/2022\\\/06\\\/Logo_SF_2012.png\",\"width\":1100,\"height\":91,\"caption\":\"Sicherheitsforum\"},\"image\":{\"@id\":\"https:\\\/\\\/news.save.ch\\\/de\\\/#\\\/schema\\\/logo\\\/image\\\/\"}},{\"@type\":\"Person\",\"@id\":\"https:\\\/\\\/news.save.ch\\\/de\\\/#\\\/schema\\\/person\\\/10917387362b3961e882740f6cf6f2a2\",\"name\":\"stefanie Zeng\",\"image\":{\"@type\":\"ImageObject\",\"inLanguage\":\"de\",\"@id\":\"https:\\\/\\\/secure.gravatar.com\\\/avatar\\\/eac43faa6e40bb2c41068c95c9d78bbd94c476d5efdff7abaab80bb3ea681e06?s=96&d=mm&r=g\",\"url\":\"https:\\\/\\\/secure.gravatar.com\\\/avatar\\\/eac43faa6e40bb2c41068c95c9d78bbd94c476d5efdff7abaab80bb3ea681e06?s=96&d=mm&r=g\",\"contentUrl\":\"https:\\\/\\\/secure.gravatar.com\\\/avatar\\\/eac43faa6e40bb2c41068c95c9d78bbd94c476d5efdff7abaab80bb3ea681e06?s=96&d=mm&r=g\",\"caption\":\"stefanie Zeng\"},\"url\":\"https:\\\/\\\/news.save.ch\\\/de\\\/author\\\/stefanie-zeng\\\/\"}]}<\/script>\n<!-- \/ Yoast SEO plugin. -->","yoast_head_json":{"title":"Sicherheit der Bev\u00f6lkerung verbessern: Bundesrat will L\u00fccken bei der Planung von grossr\u00e4umigen Evakuierungen schliessen - Save","description":"In der Planung grossr\u00e4umiger Evakuierungen zeigen sich L\u00fccken, beispielsweise bei der Evakuierung von besonderen Einrichtungen wie Spit\u00e4ler. Der Bundesrat will die Sicherheit der Bev\u00f6lkerung gew\u00e4hrleisten und deshalb die Grundlagen verbessern.","robots":{"index":"index","follow":"follow","max-snippet":"max-snippet:-1","max-image-preview":"max-image-preview:large","max-video-preview":"max-video-preview:-1"},"canonical":"https:\/\/news.save.ch\/de\/sicherheit-der-bevoelkerung-verbessern-bundesrat-will-luecken-bei-der-planung-von-grossraeumigen-evakuierungen-schliessen\/","og_locale":"de_DE","og_type":"article","og_title":"Sicherheit der Bev\u00f6lkerung verbessern: Bundesrat will L\u00fccken bei der Planung von grossr\u00e4umigen Evakuierungen schliessen - Save","og_description":"In der Planung grossr\u00e4umiger Evakuierungen zeigen sich L\u00fccken, beispielsweise bei der Evakuierung von besonderen Einrichtungen wie Spit\u00e4ler. Der Bundesrat will die Sicherheit der Bev\u00f6lkerung gew\u00e4hrleisten und deshalb die Grundlagen verbessern.","og_url":"https:\/\/news.save.ch\/de\/sicherheit-der-bevoelkerung-verbessern-bundesrat-will-luecken-bei-der-planung-von-grossraeumigen-evakuierungen-schliessen\/","og_site_name":"Save","article_published_time":"2025-11-11T13:48:49+00:00","article_modified_time":"2025-11-11T13:49:40+00:00","og_image":[{"width":1000,"height":667,"url":"https:\/\/news.save.ch\/wp-content\/uploads\/2025\/11\/Depositphotos_599616798_S.jpg","type":"image\/jpeg"}],"author":"stefanie Zeng","twitter_card":"summary_large_image","twitter_misc":{"Geschrieben von":"stefanie Zeng","Gesch\u00e4tzte Lesezeit":"3\u00a0Minuten"},"schema":{"@context":"https:\/\/schema.org","@graph":[{"@type":"Article","@id":"https:\/\/news.save.ch\/sicherheit-der-bevoelkerung-verbessern-bundesrat-will-luecken-bei-der-planung-von-grossraeumigen-evakuierungen-schliessen\/#article","isPartOf":{"@id":"https:\/\/news.save.ch\/sicherheit-der-bevoelkerung-verbessern-bundesrat-will-luecken-bei-der-planung-von-grossraeumigen-evakuierungen-schliessen\/"},"author":{"name":"stefanie Zeng","@id":"https:\/\/news.save.ch\/de\/#\/schema\/person\/10917387362b3961e882740f6cf6f2a2"},"headline":"Sicherheit der Bev\u00f6lkerung verbessern: Bundesrat will L\u00fccken bei der Planung von grossr\u00e4umigen Evakuierungen schliessen","datePublished":"2025-11-11T13:48:49+00:00","dateModified":"2025-11-11T13:49:40+00:00","mainEntityOfPage":{"@id":"https:\/\/news.save.ch\/sicherheit-der-bevoelkerung-verbessern-bundesrat-will-luecken-bei-der-planung-von-grossraeumigen-evakuierungen-schliessen\/"},"wordCount":441,"publisher":{"@id":"https:\/\/news.save.ch\/de\/#organization"},"image":{"@id":"https:\/\/news.save.ch\/sicherheit-der-bevoelkerung-verbessern-bundesrat-will-luecken-bei-der-planung-von-grossraeumigen-evakuierungen-schliessen\/#primaryimage"},"thumbnailUrl":"https:\/\/news.save.ch\/wp-content\/uploads\/2025\/11\/Depositphotos_599616798_S-680x454.jpg","keywords":["BABS","Evakuierung","Notfall","Notfalltreffpunkte"],"articleSection":["SICHERHEIT"],"inLanguage":"de"},{"@type":"WebPage","@id":"https:\/\/news.save.ch\/sicherheit-der-bevoelkerung-verbessern-bundesrat-will-luecken-bei-der-planung-von-grossraeumigen-evakuierungen-schliessen\/","url":"https:\/\/news.save.ch\/sicherheit-der-bevoelkerung-verbessern-bundesrat-will-luecken-bei-der-planung-von-grossraeumigen-evakuierungen-schliessen\/","name":"Sicherheit der Bev\u00f6lkerung verbessern: Bundesrat will L\u00fccken bei der Planung von grossr\u00e4umigen Evakuierungen schliessen - Save","isPartOf":{"@id":"https:\/\/news.save.ch\/de\/#website"},"primaryImageOfPage":{"@id":"https:\/\/news.save.ch\/sicherheit-der-bevoelkerung-verbessern-bundesrat-will-luecken-bei-der-planung-von-grossraeumigen-evakuierungen-schliessen\/#primaryimage"},"image":{"@id":"https:\/\/news.save.ch\/sicherheit-der-bevoelkerung-verbessern-bundesrat-will-luecken-bei-der-planung-von-grossraeumigen-evakuierungen-schliessen\/#primaryimage"},"thumbnailUrl":"https:\/\/news.save.ch\/wp-content\/uploads\/2025\/11\/Depositphotos_599616798_S-680x454.jpg","datePublished":"2025-11-11T13:48:49+00:00","dateModified":"2025-11-11T13:49:40+00:00","description":"In der Planung grossr\u00e4umiger Evakuierungen zeigen sich L\u00fccken, beispielsweise bei der Evakuierung von besonderen Einrichtungen wie Spit\u00e4ler. Der Bundesrat will die Sicherheit der Bev\u00f6lkerung gew\u00e4hrleisten und deshalb die Grundlagen verbessern.","breadcrumb":{"@id":"https:\/\/news.save.ch\/sicherheit-der-bevoelkerung-verbessern-bundesrat-will-luecken-bei-der-planung-von-grossraeumigen-evakuierungen-schliessen\/#breadcrumb"},"inLanguage":"de","potentialAction":[{"@type":"ReadAction","target":["https:\/\/news.save.ch\/sicherheit-der-bevoelkerung-verbessern-bundesrat-will-luecken-bei-der-planung-von-grossraeumigen-evakuierungen-schliessen\/"]}]},{"@type":"ImageObject","inLanguage":"de","@id":"https:\/\/news.save.ch\/sicherheit-der-bevoelkerung-verbessern-bundesrat-will-luecken-bei-der-planung-von-grossraeumigen-evakuierungen-schliessen\/#primaryimage","url":"https:\/\/news.save.ch\/wp-content\/uploads\/2025\/11\/Depositphotos_599616798_S-680x454.jpg","contentUrl":"https:\/\/news.save.ch\/wp-content\/uploads\/2025\/11\/Depositphotos_599616798_S-680x454.jpg"},{"@type":"BreadcrumbList","@id":"https:\/\/news.save.ch\/sicherheit-der-bevoelkerung-verbessern-bundesrat-will-luecken-bei-der-planung-von-grossraeumigen-evakuierungen-schliessen\/#breadcrumb","itemListElement":[{"@type":"ListItem","position":1,"name":"Home","item":"https:\/\/news.save.ch\/de\/"},{"@type":"ListItem","position":2,"name":"Sicherheit der Bev\u00f6lkerung verbessern: Bundesrat will L\u00fccken bei der Planung von grossr\u00e4umigen Evakuierungen schliessen"}]},{"@type":"WebSite","@id":"https:\/\/news.save.ch\/de\/#website","url":"https:\/\/news.save.ch\/de\/","name":"Save","description":"Schweizer Fachzeitschrift f\u00fcr Sicherheit","publisher":{"@id":"https:\/\/news.save.ch\/de\/#organization"},"potentialAction":[{"@type":"SearchAction","target":{"@type":"EntryPoint","urlTemplate":"https:\/\/news.save.ch\/de\/?s={search_term_string}"},"query-input":{"@type":"PropertyValueSpecification","valueRequired":true,"valueName":"search_term_string"}}],"inLanguage":"de"},{"@type":"Organization","@id":"https:\/\/news.save.ch\/de\/#organization","name":"Sicherheitsforum","url":"https:\/\/news.save.ch\/de\/","logo":{"@type":"ImageObject","inLanguage":"de","@id":"https:\/\/news.save.ch\/de\/#\/schema\/logo\/image\/","url":"https:\/\/news.save.ch\/wp-content\/uploads\/2022\/06\/Logo_SF_2012.png","contentUrl":"https:\/\/news.save.ch\/wp-content\/uploads\/2022\/06\/Logo_SF_2012.png","width":1100,"height":91,"caption":"Sicherheitsforum"},"image":{"@id":"https:\/\/news.save.ch\/de\/#\/schema\/logo\/image\/"}},{"@type":"Person","@id":"https:\/\/news.save.ch\/de\/#\/schema\/person\/10917387362b3961e882740f6cf6f2a2","name":"stefanie Zeng","image":{"@type":"ImageObject","inLanguage":"de","@id":"https:\/\/secure.gravatar.com\/avatar\/eac43faa6e40bb2c41068c95c9d78bbd94c476d5efdff7abaab80bb3ea681e06?s=96&d=mm&r=g","url":"https:\/\/secure.gravatar.com\/avatar\/eac43faa6e40bb2c41068c95c9d78bbd94c476d5efdff7abaab80bb3ea681e06?s=96&d=mm&r=g","contentUrl":"https:\/\/secure.gravatar.com\/avatar\/eac43faa6e40bb2c41068c95c9d78bbd94c476d5efdff7abaab80bb3ea681e06?s=96&d=mm&r=g","caption":"stefanie Zeng"},"url":"https:\/\/news.save.ch\/de\/author\/stefanie-zeng\/"}]}},"_links":{"self":[{"href":"https:\/\/news.save.ch\/de\/wp-json\/wp\/v2\/posts\/24701","targetHints":{"allow":["GET"]}}],"collection":[{"href":"https:\/\/news.save.ch\/de\/wp-json\/wp\/v2\/posts"}],"about":[{"href":"https:\/\/news.save.ch\/de\/wp-json\/wp\/v2\/types\/post"}],"author":[{"embeddable":true,"href":"https:\/\/news.save.ch\/de\/wp-json\/wp\/v2\/users\/31"}],"replies":[{"embeddable":true,"href":"https:\/\/news.save.ch\/de\/wp-json\/wp\/v2\/comments?post=24701"}],"version-history":[{"count":2,"href":"https:\/\/news.save.ch\/de\/wp-json\/wp\/v2\/posts\/24701\/revisions"}],"predecessor-version":[{"id":24704,"href":"https:\/\/news.save.ch\/de\/wp-json\/wp\/v2\/posts\/24701\/revisions\/24704"}],"wp:attachment":[{"href":"https:\/\/news.save.ch\/de\/wp-json\/wp\/v2\/media?parent=24701"}],"wp:term":[{"taxonomy":"category","embeddable":true,"href":"https:\/\/news.save.ch\/de\/wp-json\/wp\/v2\/categories?post=24701"},{"taxonomy":"post_tag","embeddable":true,"href":"https:\/\/news.save.ch\/de\/wp-json\/wp\/v2\/tags?post=24701"}],"curies":[{"name":"wp","href":"https:\/\/api.w.org\/{rel}","templated":true}]}}