{"id":24723,"date":"2025-11-17T14:55:46","date_gmt":"2025-11-17T13:55:46","guid":{"rendered":"https:\/\/news.save.ch\/?p=24723"},"modified":"2025-11-17T14:55:46","modified_gmt":"2025-11-17T13:55:46","slug":"warnungen-vor-schwerwiegenden-cyberbedrohungen-neu-auch-ueber-alertswiss","status":null,"type":"post","link":"https:\/\/news.save.ch\/de\/warnungen-vor-schwerwiegenden-cyberbedrohungen-neu-auch-ueber-alertswiss\/","title":{"rendered":"Warnungen vor schwerwiegenden Cyberbedrohungen neu auch \u00fcber Alertswiss"},"content":{"rendered":"<figure id=\"attachment_24725\" aria-describedby=\"caption-attachment-24725\" style=\"width: 680px\" class=\"wp-caption alignnone\"><img loading=\"lazy\" decoding=\"async\" class=\"size-medium wp-image-24725\" src=\"https:\/\/news.save.ch\/wp-content\/uploads\/2025\/11\/7821_045-680x453.jpg\" alt=\"\" width=\"680\" height=\"453\" srcset=\"https:\/\/news.save.ch\/wp-content\/uploads\/2025\/11\/7821_045-680x453.jpg 680w, https:\/\/news.save.ch\/wp-content\/uploads\/2025\/11\/7821_045-1024x683.jpg 1024w, https:\/\/news.save.ch\/wp-content\/uploads\/2025\/11\/7821_045-768x512.jpg 768w, https:\/\/news.save.ch\/wp-content\/uploads\/2025\/11\/7821_045-1536x1024.jpg 1536w, https:\/\/news.save.ch\/wp-content\/uploads\/2025\/11\/7821_045-2048x1365.jpg 2048w, https:\/\/news.save.ch\/wp-content\/uploads\/2025\/11\/7821_045-18x12.jpg 18w, https:\/\/news.save.ch\/wp-content\/uploads\/2025\/11\/7821_045-375x250.jpg 375w, https:\/\/news.save.ch\/wp-content\/uploads\/2025\/11\/7821_045-525x350.jpg 525w, https:\/\/news.save.ch\/wp-content\/uploads\/2025\/11\/7821_045-1000x667.jpg 1000w, https:\/\/news.save.ch\/wp-content\/uploads\/2025\/11\/7821_045-scaled.jpg 1200w\" sizes=\"auto, (max-width: 680px) 100vw, 680px\" \/><figcaption id=\"caption-attachment-24725\" class=\"wp-caption-text\">Foto: VBS\/DDPS\/ Joshua Kropf<\/figcaption><\/figure>\n<p id=\"doc-1j9u7dov60\" class=\"font--regular\">Bei einem grossfl\u00e4chigen Cyberangriff k\u00f6nnen die ersten Stunden und pr\u00e4ventive Schutzmassnahmen entscheidend sein. Daher haben das Bundesamt f\u00fcr Cybersicherheit (BACS) und das Bundesamt f\u00fcr Bev\u00f6lkerungsschutz (BABS) ihre Zusammenarbeit f\u00fcr die Warnung vor Cyberbedrohungen intensiviert. Das BACS wird k\u00fcnftig neben den bereits etablierten Kan\u00e4len neu auch \u00fcber Alertswiss warnen, wenn neuartige oder grossfl\u00e4chige Cyberangriffe die Bev\u00f6lkerung oder Unternehmen gef\u00e4hrden. Allt\u00e4gliche Cybergefahren wie Phishing-Kampagnen kommuniziert das BACS weiterhin \u00fcber seine gewohnten Kan\u00e4le, um die Bev\u00f6lkerung kontinuierlich zu sensibilisieren und zu sch\u00fctzen.<\/p>\n<h3 id=\"doc-1j9u7dqmj0\" class=\"h2\">Push-Mitteilungen mit Handlungshinweisen<\/h3>\n<p id=\"doc-1j9u7dqmk0\" class=\"font--regular\">Jede vom BACS publizierte Cyberwarnung enth\u00e4lt konkrete Handlungshinweise, damit sich Bev\u00f6lkerung und Unternehmen wirksam sch\u00fctzen k\u00f6nnen. Die Meldungen werden \u00fcber die Webseite des BACS, den Cyber Security Hub, LinkedIn sowie neu \u00fcber die Alertswiss-Plattform (App und Web) verbreitet. Um einen Vorfall zu melden oder bei Fragen, steht auf der Webseite des BACS ein Meldeformular zur Verf\u00fcgung, \u00fcber welches sich die Bev\u00f6lkerung und Unternehmen an das BACS wenden k\u00f6nnen. Die Alertswiss-App ist aktuell auf mehr als 2,3 Millionen Smartphones installiert und erreicht damit einen grossen Teil der Bev\u00f6lkerung. Mit der App k\u00f6nnen sich Benutzerinnen und Benutzer mit Push-Mitteilungen bei bev\u00f6lkerungsschutzrelevanten Ereignissen in selbst ausgew\u00e4hlten Favoritenkantonen und am eigenen Standort informieren, warnen und alarmieren lassen. Durch das BACS publizierte Cyberwarnungen werden via Alertswiss, je nach Bedrohung, auf der Stufe \u00abWarnung\u00bb oder \u00abInformation\u00bb f\u00fcr die ganze Schweiz oder betroffene Regionen ver\u00f6ffentlicht.<\/p>\n<p><a class=\"link--external\" href=\"https:\/\/www.alert.swiss\/de\/app.html\" target=\"_blank\" rel=\"external noopener\" aria-label=\"www.alert.swiss\/de\/app.html Link in einem neuen Tab \u00f6ffnen\">Alertswiss-App<\/a><\/p>\n","protected":false},"excerpt":{"rendered":"<p>Bei einem grossfl\u00e4chigen Cyberangriff k\u00f6nnen die ersten Stunden und pr\u00e4ventive Schutzmassnahmen entscheidend sein. Daher haben das Bundesamt f\u00fcr Cybersicherheit (BACS) und das Bundesamt f\u00fcr Bev\u00f6lkerungsschutz (BABS) ihre Zusammenarbeit f\u00fcr die Warnung vor Cyberbedrohungen intensiviert. Das BACS wird k\u00fcnftig neben den bereits etablierten Kan\u00e4len neu auch \u00fcber Alertswiss warnen, wenn neuartige oder grossfl\u00e4chige Cyberangriffe die Bev\u00f6lkerung [&hellip;]<\/p>\n","protected":false},"author":31,"featured_media":0,"comment_status":"closed","ping_status":"closed","sticky":false,"template":"","format":"standard","meta":{"_acf_changed":false,"pgc_sgb_lightbox_settings":"","footnotes":""},"categories":[3313],"tags":[663,3338,1288,670],"class_list":["post-24723","post","type-post","status-publish","format-standard","hentry","category-digitalisierung","tag-alertswiss","tag-bundesamt-fuer-cybersicherheit","tag-cyberbedrohungen","tag-cybersicherheit"],"acf":[],"hkrextid":null,"publication":null,"issue":null,"workflow":null,"startPage":null,"spitzmarke":null,"_posts_by_tag_page_fields":null,"_at_widget":null,"_yoast_wpseo_primary_category":"3313","_yoast_wpseo_focuskw_text_input":null,"_yoast_wpseo_opengraph-image":null,"_yoast_wpseo_opengraph-description":null,"_yoast_wpseo_opengraph-title":null,"enclosure":null,"_yoast_wpseo_twitter-title":null,"_yoast_wpseo_twitter-description":null,"_yoast_wpseo_twitter-image":null,"_wp_old_slug":null,"_yoast_wpseo_title":null,"_yoast_wpseo_canonical":null,"yoast_head":"<!-- This site is optimized with the Yoast SEO plugin v27.5 - https:\/\/yoast.com\/product\/yoast-seo-wordpress\/ -->\n<title>Warnungen vor schwerwiegenden Cyberbedrohungen neu auch \u00fcber Alertswiss - Save<\/title>\n<meta name=\"description\" content=\"Ab sofort k\u00f6nnen Bev\u00f6lkerung und Unternehmen \u00fcber Alertswiss vor schwerwiegenden Cyberbedrohungen gewarnt werden.\" \/>\n<meta name=\"robots\" content=\"index, follow, max-snippet:-1, max-image-preview:large, max-video-preview:-1\" \/>\n<link rel=\"canonical\" href=\"https:\/\/news.save.ch\/de\/warnungen-vor-schwerwiegenden-cyberbedrohungen-neu-auch-ueber-alertswiss\/\" \/>\n<meta property=\"og:locale\" content=\"de_DE\" \/>\n<meta property=\"og:type\" content=\"article\" \/>\n<meta property=\"og:title\" content=\"Warnungen vor schwerwiegenden Cyberbedrohungen neu auch \u00fcber Alertswiss - Save\" \/>\n<meta property=\"og:description\" content=\"Ab sofort k\u00f6nnen Bev\u00f6lkerung und Unternehmen \u00fcber Alertswiss vor schwerwiegenden Cyberbedrohungen gewarnt werden.\" \/>\n<meta property=\"og:url\" content=\"https:\/\/news.save.ch\/de\/warnungen-vor-schwerwiegenden-cyberbedrohungen-neu-auch-ueber-alertswiss\/\" \/>\n<meta property=\"og:site_name\" content=\"Save\" \/>\n<meta property=\"article:published_time\" content=\"2025-11-17T13:55:46+00:00\" \/>\n<meta property=\"og:image\" content=\"https:\/\/news.save.ch\/wp-content\/uploads\/2025\/11\/7821_045-scaled.jpg\" \/>\n\t<meta property=\"og:image:width\" content=\"1200\" \/>\n\t<meta property=\"og:image:height\" content=\"800\" \/>\n\t<meta property=\"og:image:type\" content=\"image\/jpeg\" \/>\n<meta name=\"author\" content=\"stefanie Zeng\" \/>\n<meta name=\"twitter:card\" content=\"summary_large_image\" \/>\n<meta name=\"twitter:label1\" content=\"Geschrieben von\" \/>\n\t<meta name=\"twitter:data1\" content=\"stefanie Zeng\" \/>\n\t<meta name=\"twitter:label2\" content=\"Gesch\u00e4tzte Lesezeit\" \/>\n\t<meta name=\"twitter:data2\" content=\"2\u00a0Minuten\" \/>\n<script type=\"application\/ld+json\" class=\"yoast-schema-graph\">{\"@context\":\"https:\\\/\\\/schema.org\",\"@graph\":[{\"@type\":\"Article\",\"@id\":\"https:\\\/\\\/news.save.ch\\\/warnungen-vor-schwerwiegenden-cyberbedrohungen-neu-auch-ueber-alertswiss\\\/#article\",\"isPartOf\":{\"@id\":\"https:\\\/\\\/news.save.ch\\\/warnungen-vor-schwerwiegenden-cyberbedrohungen-neu-auch-ueber-alertswiss\\\/\"},\"author\":{\"name\":\"stefanie Zeng\",\"@id\":\"https:\\\/\\\/news.save.ch\\\/de\\\/#\\\/schema\\\/person\\\/10917387362b3961e882740f6cf6f2a2\"},\"headline\":\"Warnungen vor schwerwiegenden Cyberbedrohungen neu auch \u00fcber Alertswiss\",\"datePublished\":\"2025-11-17T13:55:46+00:00\",\"mainEntityOfPage\":{\"@id\":\"https:\\\/\\\/news.save.ch\\\/warnungen-vor-schwerwiegenden-cyberbedrohungen-neu-auch-ueber-alertswiss\\\/\"},\"wordCount\":269,\"publisher\":{\"@id\":\"https:\\\/\\\/news.save.ch\\\/de\\\/#organization\"},\"image\":{\"@id\":\"https:\\\/\\\/news.save.ch\\\/warnungen-vor-schwerwiegenden-cyberbedrohungen-neu-auch-ueber-alertswiss\\\/#primaryimage\"},\"thumbnailUrl\":\"https:\\\/\\\/news.save.ch\\\/wp-content\\\/uploads\\\/2025\\\/11\\\/7821_045-680x453.jpg\",\"keywords\":[\"Alertswiss\",\"Bundesamt f\u00fcr Cybersicherheit\",\"Cyberbedrohungen\",\"Cybersicherheit\"],\"articleSection\":[\"DIGITALISIERUNG\"],\"inLanguage\":\"de\"},{\"@type\":\"WebPage\",\"@id\":\"https:\\\/\\\/news.save.ch\\\/warnungen-vor-schwerwiegenden-cyberbedrohungen-neu-auch-ueber-alertswiss\\\/\",\"url\":\"https:\\\/\\\/news.save.ch\\\/warnungen-vor-schwerwiegenden-cyberbedrohungen-neu-auch-ueber-alertswiss\\\/\",\"name\":\"Warnungen vor schwerwiegenden Cyberbedrohungen neu auch \u00fcber Alertswiss - Save\",\"isPartOf\":{\"@id\":\"https:\\\/\\\/news.save.ch\\\/de\\\/#website\"},\"primaryImageOfPage\":{\"@id\":\"https:\\\/\\\/news.save.ch\\\/warnungen-vor-schwerwiegenden-cyberbedrohungen-neu-auch-ueber-alertswiss\\\/#primaryimage\"},\"image\":{\"@id\":\"https:\\\/\\\/news.save.ch\\\/warnungen-vor-schwerwiegenden-cyberbedrohungen-neu-auch-ueber-alertswiss\\\/#primaryimage\"},\"thumbnailUrl\":\"https:\\\/\\\/news.save.ch\\\/wp-content\\\/uploads\\\/2025\\\/11\\\/7821_045-680x453.jpg\",\"datePublished\":\"2025-11-17T13:55:46+00:00\",\"description\":\"Ab sofort k\u00f6nnen Bev\u00f6lkerung und Unternehmen \u00fcber Alertswiss vor schwerwiegenden Cyberbedrohungen gewarnt werden.\",\"breadcrumb\":{\"@id\":\"https:\\\/\\\/news.save.ch\\\/warnungen-vor-schwerwiegenden-cyberbedrohungen-neu-auch-ueber-alertswiss\\\/#breadcrumb\"},\"inLanguage\":\"de\",\"potentialAction\":[{\"@type\":\"ReadAction\",\"target\":[\"https:\\\/\\\/news.save.ch\\\/warnungen-vor-schwerwiegenden-cyberbedrohungen-neu-auch-ueber-alertswiss\\\/\"]}]},{\"@type\":\"ImageObject\",\"inLanguage\":\"de\",\"@id\":\"https:\\\/\\\/news.save.ch\\\/warnungen-vor-schwerwiegenden-cyberbedrohungen-neu-auch-ueber-alertswiss\\\/#primaryimage\",\"url\":\"https:\\\/\\\/news.save.ch\\\/wp-content\\\/uploads\\\/2025\\\/11\\\/7821_045-680x453.jpg\",\"contentUrl\":\"https:\\\/\\\/news.save.ch\\\/wp-content\\\/uploads\\\/2025\\\/11\\\/7821_045-680x453.jpg\"},{\"@type\":\"BreadcrumbList\",\"@id\":\"https:\\\/\\\/news.save.ch\\\/warnungen-vor-schwerwiegenden-cyberbedrohungen-neu-auch-ueber-alertswiss\\\/#breadcrumb\",\"itemListElement\":[{\"@type\":\"ListItem\",\"position\":1,\"name\":\"Home\",\"item\":\"https:\\\/\\\/news.save.ch\\\/de\\\/\"},{\"@type\":\"ListItem\",\"position\":2,\"name\":\"Warnungen vor schwerwiegenden Cyberbedrohungen neu auch \u00fcber Alertswiss\"}]},{\"@type\":\"WebSite\",\"@id\":\"https:\\\/\\\/news.save.ch\\\/de\\\/#website\",\"url\":\"https:\\\/\\\/news.save.ch\\\/de\\\/\",\"name\":\"Save\",\"description\":\"Schweizer Fachzeitschrift f\u00fcr Sicherheit\",\"publisher\":{\"@id\":\"https:\\\/\\\/news.save.ch\\\/de\\\/#organization\"},\"potentialAction\":[{\"@type\":\"SearchAction\",\"target\":{\"@type\":\"EntryPoint\",\"urlTemplate\":\"https:\\\/\\\/news.save.ch\\\/de\\\/?s={search_term_string}\"},\"query-input\":{\"@type\":\"PropertyValueSpecification\",\"valueRequired\":true,\"valueName\":\"search_term_string\"}}],\"inLanguage\":\"de\"},{\"@type\":\"Organization\",\"@id\":\"https:\\\/\\\/news.save.ch\\\/de\\\/#organization\",\"name\":\"Sicherheitsforum\",\"url\":\"https:\\\/\\\/news.save.ch\\\/de\\\/\",\"logo\":{\"@type\":\"ImageObject\",\"inLanguage\":\"de\",\"@id\":\"https:\\\/\\\/news.save.ch\\\/de\\\/#\\\/schema\\\/logo\\\/image\\\/\",\"url\":\"https:\\\/\\\/news.save.ch\\\/wp-content\\\/uploads\\\/2022\\\/06\\\/Logo_SF_2012.png\",\"contentUrl\":\"https:\\\/\\\/news.save.ch\\\/wp-content\\\/uploads\\\/2022\\\/06\\\/Logo_SF_2012.png\",\"width\":1100,\"height\":91,\"caption\":\"Sicherheitsforum\"},\"image\":{\"@id\":\"https:\\\/\\\/news.save.ch\\\/de\\\/#\\\/schema\\\/logo\\\/image\\\/\"}},{\"@type\":\"Person\",\"@id\":\"https:\\\/\\\/news.save.ch\\\/de\\\/#\\\/schema\\\/person\\\/10917387362b3961e882740f6cf6f2a2\",\"name\":\"stefanie Zeng\",\"image\":{\"@type\":\"ImageObject\",\"inLanguage\":\"de\",\"@id\":\"https:\\\/\\\/secure.gravatar.com\\\/avatar\\\/eac43faa6e40bb2c41068c95c9d78bbd94c476d5efdff7abaab80bb3ea681e06?s=96&d=mm&r=g\",\"url\":\"https:\\\/\\\/secure.gravatar.com\\\/avatar\\\/eac43faa6e40bb2c41068c95c9d78bbd94c476d5efdff7abaab80bb3ea681e06?s=96&d=mm&r=g\",\"contentUrl\":\"https:\\\/\\\/secure.gravatar.com\\\/avatar\\\/eac43faa6e40bb2c41068c95c9d78bbd94c476d5efdff7abaab80bb3ea681e06?s=96&d=mm&r=g\",\"caption\":\"stefanie Zeng\"},\"url\":\"https:\\\/\\\/news.save.ch\\\/de\\\/author\\\/stefanie-zeng\\\/\"}]}<\/script>\n<!-- \/ Yoast SEO plugin. -->","yoast_head_json":{"title":"Warnungen vor schwerwiegenden Cyberbedrohungen neu auch \u00fcber Alertswiss - Save","description":"Ab sofort k\u00f6nnen Bev\u00f6lkerung und Unternehmen \u00fcber Alertswiss vor schwerwiegenden Cyberbedrohungen gewarnt werden.","robots":{"index":"index","follow":"follow","max-snippet":"max-snippet:-1","max-image-preview":"max-image-preview:large","max-video-preview":"max-video-preview:-1"},"canonical":"https:\/\/news.save.ch\/de\/warnungen-vor-schwerwiegenden-cyberbedrohungen-neu-auch-ueber-alertswiss\/","og_locale":"de_DE","og_type":"article","og_title":"Warnungen vor schwerwiegenden Cyberbedrohungen neu auch \u00fcber Alertswiss - Save","og_description":"Ab sofort k\u00f6nnen Bev\u00f6lkerung und Unternehmen \u00fcber Alertswiss vor schwerwiegenden Cyberbedrohungen gewarnt werden.","og_url":"https:\/\/news.save.ch\/de\/warnungen-vor-schwerwiegenden-cyberbedrohungen-neu-auch-ueber-alertswiss\/","og_site_name":"Save","article_published_time":"2025-11-17T13:55:46+00:00","og_image":[{"width":1200,"height":800,"url":"https:\/\/news.save.ch\/wp-content\/uploads\/2025\/11\/7821_045-scaled.jpg","type":"image\/jpeg"}],"author":"stefanie Zeng","twitter_card":"summary_large_image","twitter_misc":{"Geschrieben von":"stefanie Zeng","Gesch\u00e4tzte Lesezeit":"2\u00a0Minuten"},"schema":{"@context":"https:\/\/schema.org","@graph":[{"@type":"Article","@id":"https:\/\/news.save.ch\/warnungen-vor-schwerwiegenden-cyberbedrohungen-neu-auch-ueber-alertswiss\/#article","isPartOf":{"@id":"https:\/\/news.save.ch\/warnungen-vor-schwerwiegenden-cyberbedrohungen-neu-auch-ueber-alertswiss\/"},"author":{"name":"stefanie Zeng","@id":"https:\/\/news.save.ch\/de\/#\/schema\/person\/10917387362b3961e882740f6cf6f2a2"},"headline":"Warnungen vor schwerwiegenden Cyberbedrohungen neu auch \u00fcber Alertswiss","datePublished":"2025-11-17T13:55:46+00:00","mainEntityOfPage":{"@id":"https:\/\/news.save.ch\/warnungen-vor-schwerwiegenden-cyberbedrohungen-neu-auch-ueber-alertswiss\/"},"wordCount":269,"publisher":{"@id":"https:\/\/news.save.ch\/de\/#organization"},"image":{"@id":"https:\/\/news.save.ch\/warnungen-vor-schwerwiegenden-cyberbedrohungen-neu-auch-ueber-alertswiss\/#primaryimage"},"thumbnailUrl":"https:\/\/news.save.ch\/wp-content\/uploads\/2025\/11\/7821_045-680x453.jpg","keywords":["Alertswiss","Bundesamt f\u00fcr Cybersicherheit","Cyberbedrohungen","Cybersicherheit"],"articleSection":["DIGITALISIERUNG"],"inLanguage":"de"},{"@type":"WebPage","@id":"https:\/\/news.save.ch\/warnungen-vor-schwerwiegenden-cyberbedrohungen-neu-auch-ueber-alertswiss\/","url":"https:\/\/news.save.ch\/warnungen-vor-schwerwiegenden-cyberbedrohungen-neu-auch-ueber-alertswiss\/","name":"Warnungen vor schwerwiegenden Cyberbedrohungen neu auch \u00fcber Alertswiss - Save","isPartOf":{"@id":"https:\/\/news.save.ch\/de\/#website"},"primaryImageOfPage":{"@id":"https:\/\/news.save.ch\/warnungen-vor-schwerwiegenden-cyberbedrohungen-neu-auch-ueber-alertswiss\/#primaryimage"},"image":{"@id":"https:\/\/news.save.ch\/warnungen-vor-schwerwiegenden-cyberbedrohungen-neu-auch-ueber-alertswiss\/#primaryimage"},"thumbnailUrl":"https:\/\/news.save.ch\/wp-content\/uploads\/2025\/11\/7821_045-680x453.jpg","datePublished":"2025-11-17T13:55:46+00:00","description":"Ab sofort k\u00f6nnen Bev\u00f6lkerung und Unternehmen \u00fcber Alertswiss vor schwerwiegenden Cyberbedrohungen gewarnt werden.","breadcrumb":{"@id":"https:\/\/news.save.ch\/warnungen-vor-schwerwiegenden-cyberbedrohungen-neu-auch-ueber-alertswiss\/#breadcrumb"},"inLanguage":"de","potentialAction":[{"@type":"ReadAction","target":["https:\/\/news.save.ch\/warnungen-vor-schwerwiegenden-cyberbedrohungen-neu-auch-ueber-alertswiss\/"]}]},{"@type":"ImageObject","inLanguage":"de","@id":"https:\/\/news.save.ch\/warnungen-vor-schwerwiegenden-cyberbedrohungen-neu-auch-ueber-alertswiss\/#primaryimage","url":"https:\/\/news.save.ch\/wp-content\/uploads\/2025\/11\/7821_045-680x453.jpg","contentUrl":"https:\/\/news.save.ch\/wp-content\/uploads\/2025\/11\/7821_045-680x453.jpg"},{"@type":"BreadcrumbList","@id":"https:\/\/news.save.ch\/warnungen-vor-schwerwiegenden-cyberbedrohungen-neu-auch-ueber-alertswiss\/#breadcrumb","itemListElement":[{"@type":"ListItem","position":1,"name":"Home","item":"https:\/\/news.save.ch\/de\/"},{"@type":"ListItem","position":2,"name":"Warnungen vor schwerwiegenden Cyberbedrohungen neu auch \u00fcber Alertswiss"}]},{"@type":"WebSite","@id":"https:\/\/news.save.ch\/de\/#website","url":"https:\/\/news.save.ch\/de\/","name":"Save","description":"Schweizer Fachzeitschrift f\u00fcr Sicherheit","publisher":{"@id":"https:\/\/news.save.ch\/de\/#organization"},"potentialAction":[{"@type":"SearchAction","target":{"@type":"EntryPoint","urlTemplate":"https:\/\/news.save.ch\/de\/?s={search_term_string}"},"query-input":{"@type":"PropertyValueSpecification","valueRequired":true,"valueName":"search_term_string"}}],"inLanguage":"de"},{"@type":"Organization","@id":"https:\/\/news.save.ch\/de\/#organization","name":"Sicherheitsforum","url":"https:\/\/news.save.ch\/de\/","logo":{"@type":"ImageObject","inLanguage":"de","@id":"https:\/\/news.save.ch\/de\/#\/schema\/logo\/image\/","url":"https:\/\/news.save.ch\/wp-content\/uploads\/2022\/06\/Logo_SF_2012.png","contentUrl":"https:\/\/news.save.ch\/wp-content\/uploads\/2022\/06\/Logo_SF_2012.png","width":1100,"height":91,"caption":"Sicherheitsforum"},"image":{"@id":"https:\/\/news.save.ch\/de\/#\/schema\/logo\/image\/"}},{"@type":"Person","@id":"https:\/\/news.save.ch\/de\/#\/schema\/person\/10917387362b3961e882740f6cf6f2a2","name":"stefanie Zeng","image":{"@type":"ImageObject","inLanguage":"de","@id":"https:\/\/secure.gravatar.com\/avatar\/eac43faa6e40bb2c41068c95c9d78bbd94c476d5efdff7abaab80bb3ea681e06?s=96&d=mm&r=g","url":"https:\/\/secure.gravatar.com\/avatar\/eac43faa6e40bb2c41068c95c9d78bbd94c476d5efdff7abaab80bb3ea681e06?s=96&d=mm&r=g","contentUrl":"https:\/\/secure.gravatar.com\/avatar\/eac43faa6e40bb2c41068c95c9d78bbd94c476d5efdff7abaab80bb3ea681e06?s=96&d=mm&r=g","caption":"stefanie Zeng"},"url":"https:\/\/news.save.ch\/de\/author\/stefanie-zeng\/"}]}},"_links":{"self":[{"href":"https:\/\/news.save.ch\/de\/wp-json\/wp\/v2\/posts\/24723","targetHints":{"allow":["GET"]}}],"collection":[{"href":"https:\/\/news.save.ch\/de\/wp-json\/wp\/v2\/posts"}],"about":[{"href":"https:\/\/news.save.ch\/de\/wp-json\/wp\/v2\/types\/post"}],"author":[{"embeddable":true,"href":"https:\/\/news.save.ch\/de\/wp-json\/wp\/v2\/users\/31"}],"replies":[{"embeddable":true,"href":"https:\/\/news.save.ch\/de\/wp-json\/wp\/v2\/comments?post=24723"}],"version-history":[{"count":2,"href":"https:\/\/news.save.ch\/de\/wp-json\/wp\/v2\/posts\/24723\/revisions"}],"predecessor-version":[{"id":24726,"href":"https:\/\/news.save.ch\/de\/wp-json\/wp\/v2\/posts\/24723\/revisions\/24726"}],"wp:attachment":[{"href":"https:\/\/news.save.ch\/de\/wp-json\/wp\/v2\/media?parent=24723"}],"wp:term":[{"taxonomy":"category","embeddable":true,"href":"https:\/\/news.save.ch\/de\/wp-json\/wp\/v2\/categories?post=24723"},{"taxonomy":"post_tag","embeddable":true,"href":"https:\/\/news.save.ch\/de\/wp-json\/wp\/v2\/tags?post=24723"}],"curies":[{"name":"wp","href":"https:\/\/api.w.org\/{rel}","templated":true}]}}