{"id":24730,"date":"2025-11-25T11:50:50","date_gmt":"2025-11-25T10:50:50","guid":{"rendered":"https:\/\/news.save.ch\/?p=24730"},"modified":"2025-11-25T11:50:50","modified_gmt":"2025-11-25T10:50:50","slug":"bund-aktualisiert-naturgefahrenportal","status":null,"type":"post","link":"https:\/\/news.save.ch\/de\/bund-aktualisiert-naturgefahrenportal\/","title":{"rendered":"Bund aktualisiert Naturgefahrenportal"},"content":{"rendered":"<figure id=\"attachment_24732\" aria-describedby=\"caption-attachment-24732\" style=\"width: 2048px\" class=\"wp-caption alignnone\"><img loading=\"lazy\" decoding=\"async\" class=\"size-full wp-image-24732\" src=\"https:\/\/news.save.ch\/wp-content\/uploads\/2025\/11\/dBildMMRelaunchNGP.avif\" alt=\"\" width=\"2048\" height=\"1742\" \/><figcaption id=\"caption-attachment-24732\" class=\"wp-caption-text\">Foto: zVg<\/figcaption><\/figure>\n<p id=\"doc-1jabmmc380\" class=\"font--regular\">Der Bund nutzt verschiedene Kan\u00e4le, um die Bev\u00f6lkerung vor Naturgefahren zu warnen. Einer davon ist das Naturgefahrenportal, das seit \u00fcber zehn Jahren in den Landessprachen und Englisch verf\u00fcgbar ist. Das Bundesamt f\u00fcr Meteorologie und Klimatologie MeteoSchweiz ist f\u00fcr den Betrieb des Naturgefahrenportals zust\u00e4ndig. Unter der Leitung von MeteoSchweiz haben die weiteren Naturgefahrenfachstellen des Bundes, d.h. das Bundesamt f\u00fcr Umwelt BAFU, das WSL-Institut f\u00fcr Schnee- und Lawinenforschung SLF und der Schweizerische Erdbebendienst SED an der ETH Z\u00fcrich, das Portal per 20. November 2025 aktualisiert.<\/p>\n<p id=\"doc-1jabmmdnm0\" class=\"font--regular\">Das Portal ist \u00fcber www.naturgefahren.ch zug\u00e4nglich und bietet einen schnellen \u00dcberblick \u00fcber die aktuelle Naturgefahrenlage in der Schweiz. Auf einer Karte sind die aktuellen Warnungen und Meldungen f\u00fcr zurzeit zw\u00f6lf verschiedene Naturgefahren wie Hochwasser, Lawinen, Regen oder Hitzewellen farblich gekennzeichnet. Zus\u00e4tzlich gibt es einzelne Warnkarten pro Naturgefahr, die je nach dem gleichen Prinzip aufgebaut sind. In besonders kritischen Lagen ver\u00f6ffentlichen die Fachstellen zudem Naturgefahrenbulletins mit fachlich vertiefteren Informationen und Experteneinsch\u00e4tzungen zur Naturgefahrenlage.<\/p>\n<h3 id=\"doc-1jabmmdno0\" class=\"h2\">Warnungen als Grundlage f\u00fcr risikoangepasstes Verhalten<\/h3>\n<p id=\"doc-1jabmmdnp0\" class=\"font--regular\">Rechtzeitige Warnungen erm\u00f6glichen es der Bev\u00f6lkerung, sich eigenverantwortlich vorzubereiten und Schutzmassnahmen zu ergreifen. Dadurch k\u00f6nnen potenzielle Sch\u00e4den vermieden oder zumindest minimiert werden. Daf\u00fcr ist es entscheidend, die Risiken von Naturgefahren zu kennen und im Ernstfall richtig zu handeln. Verhaltensempfehlungen, basierend auf den Gefahrenstufen, erg\u00e4nzen deshalb die Warnungen auf dem Naturgefahrenportal.<\/p>\n<p id=\"doc-1jabmmdnp1\" class=\"font--regular\">Auch die kantonalen und kommunalen Beh\u00f6rden nutzen Warnungen, um konkrete Massnahmen zu planen oder einzuleiten und bei Bedarf Verhaltensanweisungen an die lokale Bev\u00f6lkerung herauszugeben. Ein gemeinsames Verst\u00e4ndnis der Gefahren und eine koordinierte Zusammenarbeit zwischen den Beh\u00f6rden und der Bev\u00f6lkerung sind entscheidend, damit Warnabl\u00e4ufe reibungslos funktionieren.<\/p>\n<h3 id=\"doc-1jabmmdnq0\" class=\"h2\">Benutzerfreundlichkeit im Fokus<\/h3>\n<p id=\"doc-1jabmmdnr0\" class=\"font--regular\">Die Weiterentwicklung des Naturgefahrenportals ist ein wichtiger Schritt, um auch in Zukunft den Anforderungen der Nutzerinnen und Nutzer gerecht zu werden. Es bietet eine verbesserte Benutzererfahrung: Warnungen und Meldungen sowie die Informationen zu Gefahrenstufen und Verhaltensempfehlungen sind \u00fcbersichtlicher gestaltet und leicht auffindbar. In einem n\u00e4chsten Schritt folgen zentrale Inhalte in leichter Sprache und Informationen in Geb\u00e4rdensprache sowie weitere inhaltliche Anpassungen<\/p>\n<h3 id=\"doc-1jabmnmt20\" class=\"h2\">Informationen und Warnungen zu Naturgefahren<\/h3>\n<p id=\"doc-1jabmom4h0\" class=\"font--regular\">Im Zuge der Auftr\u00e4ge zur Optimierung der Warnung und Alarmierung im Bereich Naturgefahren (OWARNA) haben die Naturgefahrenfachstellen des Bundes im Auftrag des Bundesrates gemeinsam das Naturgefahrenportal entwickelt und im Jahr 2014 lanciert.<\/p>\n<p id=\"doc-1jabmom4i0\" class=\"font--regular\">Die Warnungen und Informationen zu Naturereignissen werden auch weiterhin auf den Internetseiten der jeweils zust\u00e4ndigen Naturgefahrenfachstelle ver\u00f6ffentlicht. Dort gibt es zudem wie bisher detaillierte Hintergrundinformationen, beispielsweise zu Messwerten, wissenschaftlichen Zusammenh\u00e4ngen oder Warnungen f\u00fcr spezielle Nutzergruppen wie Landwirte, Kanufahrerinnen, Segler oder Skitourengeherinnen. Das Naturgefahrenportal des Bundes hingegen richtet sich an die breite Bev\u00f6lkerung<\/p>\n<p><a href=\"https:\/\/www.naturgefahren.ch\/#hazards-tab=all\">www.naturgefahren.ch<\/a><\/p>\n<p>&nbsp;<\/p>\n<p><em>Quelle: Bundesamt f\u00fcr Umwelt<\/em><\/p>\n","protected":false},"excerpt":{"rendered":"<p>Der Bund nutzt verschiedene Kan\u00e4le, um die Bev\u00f6lkerung vor Naturgefahren zu warnen. Einer davon ist das Naturgefahrenportal, das seit \u00fcber zehn Jahren in den Landessprachen und Englisch verf\u00fcgbar ist. Das Bundesamt f\u00fcr Meteorologie und Klimatologie MeteoSchweiz ist f\u00fcr den Betrieb des Naturgefahrenportals zust\u00e4ndig. Unter der Leitung von MeteoSchweiz haben die weiteren Naturgefahrenfachstellen des Bundes, d.h. [&hellip;]<\/p>\n","protected":false},"author":31,"featured_media":0,"comment_status":"closed","ping_status":"closed","sticky":false,"template":"","format":"standard","meta":{"_acf_changed":false,"pgc_sgb_lightbox_settings":"","footnotes":""},"categories":[3312],"tags":[1728,170],"class_list":["post-24730","post","type-post","status-publish","format-standard","hentry","category-sicherheit","tag-bafu","tag-naturgefahren"],"acf":[],"hkrextid":null,"publication":null,"issue":null,"workflow":null,"startPage":null,"spitzmarke":null,"_posts_by_tag_page_fields":null,"_at_widget":null,"_yoast_wpseo_primary_category":"3312","_yoast_wpseo_focuskw_text_input":null,"_yoast_wpseo_opengraph-image":null,"_yoast_wpseo_opengraph-description":null,"_yoast_wpseo_opengraph-title":null,"enclosure":null,"_yoast_wpseo_twitter-title":null,"_yoast_wpseo_twitter-description":null,"_yoast_wpseo_twitter-image":null,"_wp_old_slug":null,"_yoast_wpseo_title":null,"_yoast_wpseo_canonical":null,"yoast_head":"<!-- This site is optimized with the Yoast SEO plugin v27.4 - https:\/\/yoast.com\/product\/yoast-seo-wordpress\/ -->\n<title>Bund aktualisiert Naturgefahrenportal - Save<\/title>\n<meta name=\"robots\" content=\"index, follow, max-snippet:-1, max-image-preview:large, max-video-preview:-1\" \/>\n<link rel=\"canonical\" href=\"https:\/\/news.save.ch\/de\/bund-aktualisiert-naturgefahrenportal\/\" \/>\n<meta property=\"og:locale\" content=\"de_DE\" \/>\n<meta property=\"og:type\" content=\"article\" \/>\n<meta property=\"og:title\" content=\"Bund aktualisiert Naturgefahrenportal - Save\" \/>\n<meta property=\"og:description\" content=\"Der Bund nutzt verschiedene Kan\u00e4le, um die Bev\u00f6lkerung vor Naturgefahren zu warnen. Einer davon ist das Naturgefahrenportal, das seit \u00fcber zehn Jahren in den Landessprachen und Englisch verf\u00fcgbar ist. Das Bundesamt f\u00fcr Meteorologie und Klimatologie MeteoSchweiz ist f\u00fcr den Betrieb des Naturgefahrenportals zust\u00e4ndig. Unter der Leitung von MeteoSchweiz haben die weiteren Naturgefahrenfachstellen des Bundes, d.h. [&hellip;]\" \/>\n<meta property=\"og:url\" content=\"https:\/\/news.save.ch\/de\/bund-aktualisiert-naturgefahrenportal\/\" \/>\n<meta property=\"og:site_name\" content=\"Save\" \/>\n<meta property=\"article:published_time\" content=\"2025-11-25T10:50:50+00:00\" \/>\n<meta name=\"author\" content=\"stefanie Zeng\" \/>\n<meta name=\"twitter:card\" content=\"summary_large_image\" \/>\n<meta name=\"twitter:label1\" content=\"Geschrieben von\" \/>\n\t<meta name=\"twitter:data1\" content=\"stefanie Zeng\" \/>\n\t<meta name=\"twitter:label2\" content=\"Gesch\u00e4tzte Lesezeit\" \/>\n\t<meta name=\"twitter:data2\" content=\"3\u00a0Minuten\" \/>\n<script type=\"application\/ld+json\" class=\"yoast-schema-graph\">{\"@context\":\"https:\\\/\\\/schema.org\",\"@graph\":[{\"@type\":\"Article\",\"@id\":\"https:\\\/\\\/news.save.ch\\\/bund-aktualisiert-naturgefahrenportal\\\/#article\",\"isPartOf\":{\"@id\":\"https:\\\/\\\/news.save.ch\\\/bund-aktualisiert-naturgefahrenportal\\\/\"},\"author\":{\"name\":\"stefanie Zeng\",\"@id\":\"https:\\\/\\\/news.save.ch\\\/de\\\/#\\\/schema\\\/person\\\/10917387362b3961e882740f6cf6f2a2\"},\"headline\":\"Bund aktualisiert Naturgefahrenportal\",\"datePublished\":\"2025-11-25T10:50:50+00:00\",\"mainEntityOfPage\":{\"@id\":\"https:\\\/\\\/news.save.ch\\\/bund-aktualisiert-naturgefahrenportal\\\/\"},\"wordCount\":465,\"publisher\":{\"@id\":\"https:\\\/\\\/news.save.ch\\\/de\\\/#organization\"},\"image\":{\"@id\":\"https:\\\/\\\/news.save.ch\\\/bund-aktualisiert-naturgefahrenportal\\\/#primaryimage\"},\"thumbnailUrl\":\"https:\\\/\\\/news.save.ch\\\/wp-content\\\/uploads\\\/2025\\\/11\\\/dBildMMRelaunchNGP.avif\",\"keywords\":[\"BAFU\",\"Naturgefahren\"],\"articleSection\":[\"SICHERHEIT\"],\"inLanguage\":\"de\"},{\"@type\":\"WebPage\",\"@id\":\"https:\\\/\\\/news.save.ch\\\/bund-aktualisiert-naturgefahrenportal\\\/\",\"url\":\"https:\\\/\\\/news.save.ch\\\/bund-aktualisiert-naturgefahrenportal\\\/\",\"name\":\"Bund aktualisiert Naturgefahrenportal - Save\",\"isPartOf\":{\"@id\":\"https:\\\/\\\/news.save.ch\\\/de\\\/#website\"},\"primaryImageOfPage\":{\"@id\":\"https:\\\/\\\/news.save.ch\\\/bund-aktualisiert-naturgefahrenportal\\\/#primaryimage\"},\"image\":{\"@id\":\"https:\\\/\\\/news.save.ch\\\/bund-aktualisiert-naturgefahrenportal\\\/#primaryimage\"},\"thumbnailUrl\":\"https:\\\/\\\/news.save.ch\\\/wp-content\\\/uploads\\\/2025\\\/11\\\/dBildMMRelaunchNGP.avif\",\"datePublished\":\"2025-11-25T10:50:50+00:00\",\"breadcrumb\":{\"@id\":\"https:\\\/\\\/news.save.ch\\\/bund-aktualisiert-naturgefahrenportal\\\/#breadcrumb\"},\"inLanguage\":\"de\",\"potentialAction\":[{\"@type\":\"ReadAction\",\"target\":[\"https:\\\/\\\/news.save.ch\\\/bund-aktualisiert-naturgefahrenportal\\\/\"]}]},{\"@type\":\"ImageObject\",\"inLanguage\":\"de\",\"@id\":\"https:\\\/\\\/news.save.ch\\\/bund-aktualisiert-naturgefahrenportal\\\/#primaryimage\",\"url\":\"https:\\\/\\\/news.save.ch\\\/wp-content\\\/uploads\\\/2025\\\/11\\\/dBildMMRelaunchNGP.avif\",\"contentUrl\":\"https:\\\/\\\/news.save.ch\\\/wp-content\\\/uploads\\\/2025\\\/11\\\/dBildMMRelaunchNGP.avif\"},{\"@type\":\"BreadcrumbList\",\"@id\":\"https:\\\/\\\/news.save.ch\\\/bund-aktualisiert-naturgefahrenportal\\\/#breadcrumb\",\"itemListElement\":[{\"@type\":\"ListItem\",\"position\":1,\"name\":\"Home\",\"item\":\"https:\\\/\\\/news.save.ch\\\/de\\\/\"},{\"@type\":\"ListItem\",\"position\":2,\"name\":\"Bund aktualisiert Naturgefahrenportal\"}]},{\"@type\":\"WebSite\",\"@id\":\"https:\\\/\\\/news.save.ch\\\/de\\\/#website\",\"url\":\"https:\\\/\\\/news.save.ch\\\/de\\\/\",\"name\":\"Save\",\"description\":\"Schweizer Fachzeitschrift f\u00fcr Sicherheit\",\"publisher\":{\"@id\":\"https:\\\/\\\/news.save.ch\\\/de\\\/#organization\"},\"potentialAction\":[{\"@type\":\"SearchAction\",\"target\":{\"@type\":\"EntryPoint\",\"urlTemplate\":\"https:\\\/\\\/news.save.ch\\\/de\\\/?s={search_term_string}\"},\"query-input\":{\"@type\":\"PropertyValueSpecification\",\"valueRequired\":true,\"valueName\":\"search_term_string\"}}],\"inLanguage\":\"de\"},{\"@type\":\"Organization\",\"@id\":\"https:\\\/\\\/news.save.ch\\\/de\\\/#organization\",\"name\":\"Sicherheitsforum\",\"url\":\"https:\\\/\\\/news.save.ch\\\/de\\\/\",\"logo\":{\"@type\":\"ImageObject\",\"inLanguage\":\"de\",\"@id\":\"https:\\\/\\\/news.save.ch\\\/de\\\/#\\\/schema\\\/logo\\\/image\\\/\",\"url\":\"https:\\\/\\\/news.save.ch\\\/wp-content\\\/uploads\\\/2022\\\/06\\\/Logo_SF_2012.png\",\"contentUrl\":\"https:\\\/\\\/news.save.ch\\\/wp-content\\\/uploads\\\/2022\\\/06\\\/Logo_SF_2012.png\",\"width\":1100,\"height\":91,\"caption\":\"Sicherheitsforum\"},\"image\":{\"@id\":\"https:\\\/\\\/news.save.ch\\\/de\\\/#\\\/schema\\\/logo\\\/image\\\/\"}},{\"@type\":\"Person\",\"@id\":\"https:\\\/\\\/news.save.ch\\\/de\\\/#\\\/schema\\\/person\\\/10917387362b3961e882740f6cf6f2a2\",\"name\":\"stefanie Zeng\",\"image\":{\"@type\":\"ImageObject\",\"inLanguage\":\"de\",\"@id\":\"https:\\\/\\\/secure.gravatar.com\\\/avatar\\\/eac43faa6e40bb2c41068c95c9d78bbd94c476d5efdff7abaab80bb3ea681e06?s=96&d=mm&r=g\",\"url\":\"https:\\\/\\\/secure.gravatar.com\\\/avatar\\\/eac43faa6e40bb2c41068c95c9d78bbd94c476d5efdff7abaab80bb3ea681e06?s=96&d=mm&r=g\",\"contentUrl\":\"https:\\\/\\\/secure.gravatar.com\\\/avatar\\\/eac43faa6e40bb2c41068c95c9d78bbd94c476d5efdff7abaab80bb3ea681e06?s=96&d=mm&r=g\",\"caption\":\"stefanie Zeng\"},\"url\":\"https:\\\/\\\/news.save.ch\\\/de\\\/author\\\/stefanie-zeng\\\/\"}]}<\/script>\n<!-- \/ Yoast SEO plugin. -->","yoast_head_json":{"title":"Bund aktualisiert Naturgefahrenportal - Save","robots":{"index":"index","follow":"follow","max-snippet":"max-snippet:-1","max-image-preview":"max-image-preview:large","max-video-preview":"max-video-preview:-1"},"canonical":"https:\/\/news.save.ch\/de\/bund-aktualisiert-naturgefahrenportal\/","og_locale":"de_DE","og_type":"article","og_title":"Bund aktualisiert Naturgefahrenportal - Save","og_description":"Der Bund nutzt verschiedene Kan\u00e4le, um die Bev\u00f6lkerung vor Naturgefahren zu warnen. Einer davon ist das Naturgefahrenportal, das seit \u00fcber zehn Jahren in den Landessprachen und Englisch verf\u00fcgbar ist. Das Bundesamt f\u00fcr Meteorologie und Klimatologie MeteoSchweiz ist f\u00fcr den Betrieb des Naturgefahrenportals zust\u00e4ndig. Unter der Leitung von MeteoSchweiz haben die weiteren Naturgefahrenfachstellen des Bundes, d.h. [&hellip;]","og_url":"https:\/\/news.save.ch\/de\/bund-aktualisiert-naturgefahrenportal\/","og_site_name":"Save","article_published_time":"2025-11-25T10:50:50+00:00","author":"stefanie Zeng","twitter_card":"summary_large_image","twitter_misc":{"Geschrieben von":"stefanie Zeng","Gesch\u00e4tzte Lesezeit":"3\u00a0Minuten"},"schema":{"@context":"https:\/\/schema.org","@graph":[{"@type":"Article","@id":"https:\/\/news.save.ch\/bund-aktualisiert-naturgefahrenportal\/#article","isPartOf":{"@id":"https:\/\/news.save.ch\/bund-aktualisiert-naturgefahrenportal\/"},"author":{"name":"stefanie Zeng","@id":"https:\/\/news.save.ch\/de\/#\/schema\/person\/10917387362b3961e882740f6cf6f2a2"},"headline":"Bund aktualisiert Naturgefahrenportal","datePublished":"2025-11-25T10:50:50+00:00","mainEntityOfPage":{"@id":"https:\/\/news.save.ch\/bund-aktualisiert-naturgefahrenportal\/"},"wordCount":465,"publisher":{"@id":"https:\/\/news.save.ch\/de\/#organization"},"image":{"@id":"https:\/\/news.save.ch\/bund-aktualisiert-naturgefahrenportal\/#primaryimage"},"thumbnailUrl":"https:\/\/news.save.ch\/wp-content\/uploads\/2025\/11\/dBildMMRelaunchNGP.avif","keywords":["BAFU","Naturgefahren"],"articleSection":["SICHERHEIT"],"inLanguage":"de"},{"@type":"WebPage","@id":"https:\/\/news.save.ch\/bund-aktualisiert-naturgefahrenportal\/","url":"https:\/\/news.save.ch\/bund-aktualisiert-naturgefahrenportal\/","name":"Bund aktualisiert Naturgefahrenportal - Save","isPartOf":{"@id":"https:\/\/news.save.ch\/de\/#website"},"primaryImageOfPage":{"@id":"https:\/\/news.save.ch\/bund-aktualisiert-naturgefahrenportal\/#primaryimage"},"image":{"@id":"https:\/\/news.save.ch\/bund-aktualisiert-naturgefahrenportal\/#primaryimage"},"thumbnailUrl":"https:\/\/news.save.ch\/wp-content\/uploads\/2025\/11\/dBildMMRelaunchNGP.avif","datePublished":"2025-11-25T10:50:50+00:00","breadcrumb":{"@id":"https:\/\/news.save.ch\/bund-aktualisiert-naturgefahrenportal\/#breadcrumb"},"inLanguage":"de","potentialAction":[{"@type":"ReadAction","target":["https:\/\/news.save.ch\/bund-aktualisiert-naturgefahrenportal\/"]}]},{"@type":"ImageObject","inLanguage":"de","@id":"https:\/\/news.save.ch\/bund-aktualisiert-naturgefahrenportal\/#primaryimage","url":"https:\/\/news.save.ch\/wp-content\/uploads\/2025\/11\/dBildMMRelaunchNGP.avif","contentUrl":"https:\/\/news.save.ch\/wp-content\/uploads\/2025\/11\/dBildMMRelaunchNGP.avif"},{"@type":"BreadcrumbList","@id":"https:\/\/news.save.ch\/bund-aktualisiert-naturgefahrenportal\/#breadcrumb","itemListElement":[{"@type":"ListItem","position":1,"name":"Home","item":"https:\/\/news.save.ch\/de\/"},{"@type":"ListItem","position":2,"name":"Bund aktualisiert Naturgefahrenportal"}]},{"@type":"WebSite","@id":"https:\/\/news.save.ch\/de\/#website","url":"https:\/\/news.save.ch\/de\/","name":"Save","description":"Schweizer Fachzeitschrift f\u00fcr Sicherheit","publisher":{"@id":"https:\/\/news.save.ch\/de\/#organization"},"potentialAction":[{"@type":"SearchAction","target":{"@type":"EntryPoint","urlTemplate":"https:\/\/news.save.ch\/de\/?s={search_term_string}"},"query-input":{"@type":"PropertyValueSpecification","valueRequired":true,"valueName":"search_term_string"}}],"inLanguage":"de"},{"@type":"Organization","@id":"https:\/\/news.save.ch\/de\/#organization","name":"Sicherheitsforum","url":"https:\/\/news.save.ch\/de\/","logo":{"@type":"ImageObject","inLanguage":"de","@id":"https:\/\/news.save.ch\/de\/#\/schema\/logo\/image\/","url":"https:\/\/news.save.ch\/wp-content\/uploads\/2022\/06\/Logo_SF_2012.png","contentUrl":"https:\/\/news.save.ch\/wp-content\/uploads\/2022\/06\/Logo_SF_2012.png","width":1100,"height":91,"caption":"Sicherheitsforum"},"image":{"@id":"https:\/\/news.save.ch\/de\/#\/schema\/logo\/image\/"}},{"@type":"Person","@id":"https:\/\/news.save.ch\/de\/#\/schema\/person\/10917387362b3961e882740f6cf6f2a2","name":"stefanie Zeng","image":{"@type":"ImageObject","inLanguage":"de","@id":"https:\/\/secure.gravatar.com\/avatar\/eac43faa6e40bb2c41068c95c9d78bbd94c476d5efdff7abaab80bb3ea681e06?s=96&d=mm&r=g","url":"https:\/\/secure.gravatar.com\/avatar\/eac43faa6e40bb2c41068c95c9d78bbd94c476d5efdff7abaab80bb3ea681e06?s=96&d=mm&r=g","contentUrl":"https:\/\/secure.gravatar.com\/avatar\/eac43faa6e40bb2c41068c95c9d78bbd94c476d5efdff7abaab80bb3ea681e06?s=96&d=mm&r=g","caption":"stefanie Zeng"},"url":"https:\/\/news.save.ch\/de\/author\/stefanie-zeng\/"}]}},"_links":{"self":[{"href":"https:\/\/news.save.ch\/de\/wp-json\/wp\/v2\/posts\/24730","targetHints":{"allow":["GET"]}}],"collection":[{"href":"https:\/\/news.save.ch\/de\/wp-json\/wp\/v2\/posts"}],"about":[{"href":"https:\/\/news.save.ch\/de\/wp-json\/wp\/v2\/types\/post"}],"author":[{"embeddable":true,"href":"https:\/\/news.save.ch\/de\/wp-json\/wp\/v2\/users\/31"}],"replies":[{"embeddable":true,"href":"https:\/\/news.save.ch\/de\/wp-json\/wp\/v2\/comments?post=24730"}],"version-history":[{"count":1,"href":"https:\/\/news.save.ch\/de\/wp-json\/wp\/v2\/posts\/24730\/revisions"}],"predecessor-version":[{"id":24733,"href":"https:\/\/news.save.ch\/de\/wp-json\/wp\/v2\/posts\/24730\/revisions\/24733"}],"wp:attachment":[{"href":"https:\/\/news.save.ch\/de\/wp-json\/wp\/v2\/media?parent=24730"}],"wp:term":[{"taxonomy":"category","embeddable":true,"href":"https:\/\/news.save.ch\/de\/wp-json\/wp\/v2\/categories?post=24730"},{"taxonomy":"post_tag","embeddable":true,"href":"https:\/\/news.save.ch\/de\/wp-json\/wp\/v2\/tags?post=24730"}],"curies":[{"name":"wp","href":"https:\/\/api.w.org\/{rel}","templated":true}]}}