{"id":24746,"date":"2025-11-26T09:25:14","date_gmt":"2025-11-26T08:25:14","guid":{"rendered":"https:\/\/news.save.ch\/?p=24746"},"modified":"2025-11-26T09:30:18","modified_gmt":"2025-11-26T08:30:18","slug":"megatrends-und-erdbebenresilienz-im-fokus-der-bevoelkerungsschutzkonferenz","status":null,"type":"post","link":"https:\/\/news.save.ch\/de\/megatrends-und-erdbebenresilienz-im-fokus-der-bevoelkerungsschutzkonferenz\/","title":{"rendered":"Megatrends und Erdbebenresilienz im Fokus der Bev\u00f6lkerungsschutzkonferenz"},"content":{"rendered":"<figure id=\"attachment_24757\" aria-describedby=\"caption-attachment-24757\" style=\"width: 680px\" class=\"wp-caption alignnone\"><img loading=\"lazy\" decoding=\"async\" class=\"size-medium wp-image-24757\" src=\"https:\/\/news.save.ch\/wp-content\/uploads\/2025\/11\/Depositphotos_639034164_S-680x383.jpg\" alt=\"\" width=\"680\" height=\"383\" srcset=\"https:\/\/news.save.ch\/wp-content\/uploads\/2025\/11\/Depositphotos_639034164_S-680x383.jpg 680w, https:\/\/news.save.ch\/wp-content\/uploads\/2025\/11\/Depositphotos_639034164_S-768x432.jpg 768w, https:\/\/news.save.ch\/wp-content\/uploads\/2025\/11\/Depositphotos_639034164_S-18x10.jpg 18w, https:\/\/news.save.ch\/wp-content\/uploads\/2025\/11\/Depositphotos_639034164_S-375x211.jpg 375w, https:\/\/news.save.ch\/wp-content\/uploads\/2025\/11\/Depositphotos_639034164_S-622x350.jpg 622w, https:\/\/news.save.ch\/wp-content\/uploads\/2025\/11\/Depositphotos_639034164_S.jpg 1000w\" sizes=\"auto, (max-width: 680px) 100vw, 680px\" \/><figcaption id=\"caption-attachment-24757\" class=\"wp-caption-text\">Foto: Depositphotos\/destinacigdem<\/figcaption><\/figure>\n<p id=\"doc-1jat3buge0\" class=\"font--regular\">Die vom Bundesamt f\u00fcr Bev\u00f6lkerungsschutz (BABS) organisierte Bev\u00f6lkerungsschutzkonferenz 2025 (BSK25) fand im Bieler Volkshaus statt. Die Veranstaltung dient nicht nur der Vermittlung von Wissen zu einem bestimmten Thema, sondern auch der Vernetzung unter den Teilnehmenden, bei denen es sich \u00fcberwiegend um Akteure aus dem Bev\u00f6lkerungsschutz handelt (Polizei, Feuerwehr, sanit\u00e4tsdienstliches Rettungswesen, technische Dienste und Zivilschutz).<\/p>\n<p id=\"doc-1jat3c0n20\" class=\"font--regular\">Die BSK25 begann mit den Grussworten von Martin Pfister, Bundesrat und Vorsteher des Eidgen\u00f6ssischen Departements f\u00fcr Verteidigung, Bev\u00f6lkerungsschutz und Sport (VBS), und Philippe M\u00fcller, Regierungsrat und Sicherheitsdirektor des Kantons Bern. In seiner Rede hielt Bundesrat Martin Pfister fest, dass in Zeiten einer sich stark verschlechternden sicherheitspolitischen Lage der Bev\u00f6lkerungsschutz in der Schweiz ein zentrales Element unserer Sicherheitsarchitektur und unseres Schutzdispositivs bleibt.<\/p>\n<p id=\"doc-1jat3c0n30\" class=\"font--regular\">Die ersten Konferenzbeitr\u00e4ge widmeten sich den Megatrends, ihrer Relevanz f\u00fcr den Bev\u00f6lkerungsschutz sowie ihren Auswirkungen auf das Risikomanagement und beinhalteten einen \u00dcberblick \u00fcber die Erdbebenvorsorge in der Schweiz. Auch die Reaktion des Bundes und der Kantone auf ein Erdbeben war Gegenstand eines Referats.<\/p>\n<p id=\"doc-1jat3c0n40\" class=\"font--regular\">Die Erdbebengefahr war als eines der beiden zentralen Themen der Konferenz ausgew\u00e4hlt worden, weil diese Naturkatastrophe von den Organisationen des Bev\u00f6lkerungsschutzes den Einsatz der meisten ihrer zur Bew\u00e4ltigung von Grossereignissen erforderlichen F\u00e4higkeiten erfordert und weil ihr Schadenspotenzial besonders hoch ist.<\/p>\n<h3 id=\"doc-1jat3c0n41\" class=\"h2\">Robotik zur Ortung von Erdbebenopfern<\/h3>\n<p id=\"doc-1jat3c0n50\" class=\"font--regular\">In weiteren Referaten wurde die Thematik vertieft. Anhand von Big-Data- und KI-Instrumenten sind sich anbahnende Erdbeben im Voraus erkennbar, was eine fr\u00fchzeitige Warnung erm\u00f6glicht. Ein weiterer Megatrend, die Robotik, kann wiederum bei der Ortung von Opfern und in Tr\u00fcmmern eingeschlossenen Personen helfen, w\u00e4hrend die Digitalisierung zu einer besseren Beurteilung des Geb\u00e4udezustands nach einem Erdbeben beitragen kann.<\/p>\n<p id=\"doc-1jat3c0n51\" class=\"font--regular\">Gegen Ende der Konferenz wurde auf die Analyse umfangreicher anonymisierter Mobiltelefondaten eingegangen. Damit liesse sich das Verhalten der von einer Katastrophe betroffenen Bev\u00f6lkerung besser verstehen und deren Schutz verbessern. Bevor jedoch ein solches Instrument eingef\u00fchrt werden kann, gilt es, die hohen Datenschutzanforderungen zu bew\u00e4ltigen. Im zweitletzten Konferenzbeitrag wurde ein Projekt vorgestellt, das darauf abzielt, durch die St\u00e4rkung der gesellschaftlichen und individuellen Resilienz die F\u00e4higkeit der Bev\u00f6lkerung zur Krisenbew\u00e4ltigung zu erh\u00f6hen. Thema des letzten Referats war die Koordinierung der internationalen Hilfe.<\/p>\n<p id=\"doc-1jat3c0n60\" class=\"font--regular\">Im Anschluss an die Referate hatten die Teilnehmenden bei einem kleinen Ap\u00e9ro Gelegenheit, Kontakte zu pflegen: Wenn sich die wichtigsten Akteure bereits kennen, l\u00e4sst sich eine Krise effektiver bew\u00e4ltigen. Michaela Sch\u00e4rer, Direktorin des BABS, betonte in ihrem Schlusswort denn auch die Wichtigkeit einer guten Zusammenarbeit zwischen den verschiedenen Partnern, insbesondere zwischen Bund und Kantonen, damit Innovationen rasch zugunsten des Bev\u00f6lkerungsschutzes eingesetzt werden k\u00f6nnen.<\/p>\n<p><em>Quelle: <a href=\"mailto:media@babs.admin.ch\">babs.admin.ch<\/a><\/em><\/p>\n","protected":false},"excerpt":{"rendered":"<p>Die vom Bundesamt f\u00fcr Bev\u00f6lkerungsschutz (BABS) organisierte Bev\u00f6lkerungsschutzkonferenz 2025 (BSK25) fand im Bieler Volkshaus statt. Die Veranstaltung dient nicht nur der Vermittlung von Wissen zu einem bestimmten Thema, sondern auch der Vernetzung unter den Teilnehmenden, bei denen es sich \u00fcberwiegend um Akteure aus dem Bev\u00f6lkerungsschutz handelt (Polizei, Feuerwehr, sanit\u00e4tsdienstliches Rettungswesen, technische Dienste und Zivilschutz). Die [&hellip;]<\/p>\n","protected":false},"author":31,"featured_media":0,"comment_status":"closed","ping_status":"closed","sticky":false,"template":"","format":"standard","meta":{"_acf_changed":false,"pgc_sgb_lightbox_settings":"","footnotes":""},"categories":[3315],"tags":[73,371,6360],"class_list":["post-24746","post","type-post","status-publish","format-standard","hentry","category-infrastruktur","tag-babs","tag-bevoelkerungsschutz","tag-erdbeben"],"acf":[],"hkrextid":null,"publication":null,"issue":null,"workflow":null,"startPage":null,"spitzmarke":null,"_posts_by_tag_page_fields":null,"_at_widget":null,"_yoast_wpseo_primary_category":"3315","_yoast_wpseo_focuskw_text_input":null,"_yoast_wpseo_opengraph-image":null,"_yoast_wpseo_opengraph-description":null,"_yoast_wpseo_opengraph-title":null,"enclosure":null,"_yoast_wpseo_twitter-title":null,"_yoast_wpseo_twitter-description":null,"_yoast_wpseo_twitter-image":null,"_wp_old_slug":null,"_yoast_wpseo_title":null,"_yoast_wpseo_canonical":null,"yoast_head":"<!-- This site is optimized with the Yoast SEO plugin v27.4 - https:\/\/yoast.com\/product\/yoast-seo-wordpress\/ -->\n<title>Megatrends und Erdbebenresilienz im Fokus der Bev\u00f6lkerungsschutzkonferenz - Save<\/title>\n<meta name=\"description\" content=\"Bev\u00f6lkerungsschutzkonferenz 2025: Die Veranstaltung widmete sich zw\u00f6lf globalen Megatrends \u2013 darunter die k\u00fcnstliche Intelligenz, Big Data und Drohnen \u2013 sowie deren potenzieller Nutzung bei der Erdbebenvorsorge und -bew\u00e4ltigung in der Schweiz.\" \/>\n<meta name=\"robots\" content=\"index, follow, max-snippet:-1, max-image-preview:large, max-video-preview:-1\" \/>\n<link rel=\"canonical\" href=\"https:\/\/news.save.ch\/de\/megatrends-und-erdbebenresilienz-im-fokus-der-bevoelkerungsschutzkonferenz\/\" \/>\n<meta property=\"og:locale\" content=\"de_DE\" \/>\n<meta property=\"og:type\" content=\"article\" \/>\n<meta property=\"og:title\" content=\"Megatrends und Erdbebenresilienz im Fokus der Bev\u00f6lkerungsschutzkonferenz - Save\" \/>\n<meta property=\"og:description\" content=\"Bev\u00f6lkerungsschutzkonferenz 2025: Die Veranstaltung widmete sich zw\u00f6lf globalen Megatrends \u2013 darunter die k\u00fcnstliche Intelligenz, Big Data und Drohnen \u2013 sowie deren potenzieller Nutzung bei der Erdbebenvorsorge und -bew\u00e4ltigung in der Schweiz.\" \/>\n<meta property=\"og:url\" content=\"https:\/\/news.save.ch\/de\/megatrends-und-erdbebenresilienz-im-fokus-der-bevoelkerungsschutzkonferenz\/\" \/>\n<meta property=\"og:site_name\" content=\"Save\" \/>\n<meta property=\"article:published_time\" content=\"2025-11-26T08:25:14+00:00\" \/>\n<meta property=\"article:modified_time\" content=\"2025-11-26T08:30:18+00:00\" \/>\n<meta property=\"og:image\" content=\"https:\/\/news.save.ch\/wp-content\/uploads\/2025\/11\/Depositphotos_639034164_S.jpg\" \/>\n\t<meta property=\"og:image:width\" content=\"1000\" \/>\n\t<meta property=\"og:image:height\" content=\"563\" \/>\n\t<meta property=\"og:image:type\" content=\"image\/jpeg\" \/>\n<meta name=\"author\" content=\"stefanie Zeng\" \/>\n<meta name=\"twitter:card\" content=\"summary_large_image\" \/>\n<meta name=\"twitter:label1\" content=\"Geschrieben von\" \/>\n\t<meta name=\"twitter:data1\" content=\"stefanie Zeng\" \/>\n\t<meta name=\"twitter:label2\" content=\"Gesch\u00e4tzte Lesezeit\" \/>\n\t<meta name=\"twitter:data2\" content=\"3\u00a0Minuten\" \/>\n<script type=\"application\/ld+json\" class=\"yoast-schema-graph\">{\"@context\":\"https:\\\/\\\/schema.org\",\"@graph\":[{\"@type\":\"Article\",\"@id\":\"https:\\\/\\\/news.save.ch\\\/megatrends-und-erdbebenresilienz-im-fokus-der-bevoelkerungsschutzkonferenz\\\/#article\",\"isPartOf\":{\"@id\":\"https:\\\/\\\/news.save.ch\\\/megatrends-und-erdbebenresilienz-im-fokus-der-bevoelkerungsschutzkonferenz\\\/\"},\"author\":{\"name\":\"stefanie Zeng\",\"@id\":\"https:\\\/\\\/news.save.ch\\\/de\\\/#\\\/schema\\\/person\\\/10917387362b3961e882740f6cf6f2a2\"},\"headline\":\"Megatrends und Erdbebenresilienz im Fokus der Bev\u00f6lkerungsschutzkonferenz\",\"datePublished\":\"2025-11-26T08:25:14+00:00\",\"dateModified\":\"2025-11-26T08:30:18+00:00\",\"mainEntityOfPage\":{\"@id\":\"https:\\\/\\\/news.save.ch\\\/megatrends-und-erdbebenresilienz-im-fokus-der-bevoelkerungsschutzkonferenz\\\/\"},\"wordCount\":459,\"publisher\":{\"@id\":\"https:\\\/\\\/news.save.ch\\\/de\\\/#organization\"},\"image\":{\"@id\":\"https:\\\/\\\/news.save.ch\\\/megatrends-und-erdbebenresilienz-im-fokus-der-bevoelkerungsschutzkonferenz\\\/#primaryimage\"},\"thumbnailUrl\":\"https:\\\/\\\/news.save.ch\\\/wp-content\\\/uploads\\\/2025\\\/11\\\/Depositphotos_639034164_S-680x383.jpg\",\"keywords\":[\"BABS\",\"Bev\u00f6lkerungsschutz\",\"Erdbeben\"],\"articleSection\":[\"INFRASTRUKTUREN\"],\"inLanguage\":\"de\"},{\"@type\":\"WebPage\",\"@id\":\"https:\\\/\\\/news.save.ch\\\/megatrends-und-erdbebenresilienz-im-fokus-der-bevoelkerungsschutzkonferenz\\\/\",\"url\":\"https:\\\/\\\/news.save.ch\\\/megatrends-und-erdbebenresilienz-im-fokus-der-bevoelkerungsschutzkonferenz\\\/\",\"name\":\"Megatrends und Erdbebenresilienz im Fokus der Bev\u00f6lkerungsschutzkonferenz - Save\",\"isPartOf\":{\"@id\":\"https:\\\/\\\/news.save.ch\\\/de\\\/#website\"},\"primaryImageOfPage\":{\"@id\":\"https:\\\/\\\/news.save.ch\\\/megatrends-und-erdbebenresilienz-im-fokus-der-bevoelkerungsschutzkonferenz\\\/#primaryimage\"},\"image\":{\"@id\":\"https:\\\/\\\/news.save.ch\\\/megatrends-und-erdbebenresilienz-im-fokus-der-bevoelkerungsschutzkonferenz\\\/#primaryimage\"},\"thumbnailUrl\":\"https:\\\/\\\/news.save.ch\\\/wp-content\\\/uploads\\\/2025\\\/11\\\/Depositphotos_639034164_S-680x383.jpg\",\"datePublished\":\"2025-11-26T08:25:14+00:00\",\"dateModified\":\"2025-11-26T08:30:18+00:00\",\"description\":\"Bev\u00f6lkerungsschutzkonferenz 2025: Die Veranstaltung widmete sich zw\u00f6lf globalen Megatrends \u2013 darunter die k\u00fcnstliche Intelligenz, Big Data und Drohnen \u2013 sowie deren potenzieller Nutzung bei der Erdbebenvorsorge und -bew\u00e4ltigung in der Schweiz.\",\"breadcrumb\":{\"@id\":\"https:\\\/\\\/news.save.ch\\\/megatrends-und-erdbebenresilienz-im-fokus-der-bevoelkerungsschutzkonferenz\\\/#breadcrumb\"},\"inLanguage\":\"de\",\"potentialAction\":[{\"@type\":\"ReadAction\",\"target\":[\"https:\\\/\\\/news.save.ch\\\/megatrends-und-erdbebenresilienz-im-fokus-der-bevoelkerungsschutzkonferenz\\\/\"]}]},{\"@type\":\"ImageObject\",\"inLanguage\":\"de\",\"@id\":\"https:\\\/\\\/news.save.ch\\\/megatrends-und-erdbebenresilienz-im-fokus-der-bevoelkerungsschutzkonferenz\\\/#primaryimage\",\"url\":\"https:\\\/\\\/news.save.ch\\\/wp-content\\\/uploads\\\/2025\\\/11\\\/Depositphotos_639034164_S-680x383.jpg\",\"contentUrl\":\"https:\\\/\\\/news.save.ch\\\/wp-content\\\/uploads\\\/2025\\\/11\\\/Depositphotos_639034164_S-680x383.jpg\"},{\"@type\":\"BreadcrumbList\",\"@id\":\"https:\\\/\\\/news.save.ch\\\/megatrends-und-erdbebenresilienz-im-fokus-der-bevoelkerungsschutzkonferenz\\\/#breadcrumb\",\"itemListElement\":[{\"@type\":\"ListItem\",\"position\":1,\"name\":\"Home\",\"item\":\"https:\\\/\\\/news.save.ch\\\/de\\\/\"},{\"@type\":\"ListItem\",\"position\":2,\"name\":\"Megatrends und Erdbebenresilienz im Fokus der Bev\u00f6lkerungsschutzkonferenz\"}]},{\"@type\":\"WebSite\",\"@id\":\"https:\\\/\\\/news.save.ch\\\/de\\\/#website\",\"url\":\"https:\\\/\\\/news.save.ch\\\/de\\\/\",\"name\":\"Save\",\"description\":\"Schweizer Fachzeitschrift f\u00fcr Sicherheit\",\"publisher\":{\"@id\":\"https:\\\/\\\/news.save.ch\\\/de\\\/#organization\"},\"potentialAction\":[{\"@type\":\"SearchAction\",\"target\":{\"@type\":\"EntryPoint\",\"urlTemplate\":\"https:\\\/\\\/news.save.ch\\\/de\\\/?s={search_term_string}\"},\"query-input\":{\"@type\":\"PropertyValueSpecification\",\"valueRequired\":true,\"valueName\":\"search_term_string\"}}],\"inLanguage\":\"de\"},{\"@type\":\"Organization\",\"@id\":\"https:\\\/\\\/news.save.ch\\\/de\\\/#organization\",\"name\":\"Sicherheitsforum\",\"url\":\"https:\\\/\\\/news.save.ch\\\/de\\\/\",\"logo\":{\"@type\":\"ImageObject\",\"inLanguage\":\"de\",\"@id\":\"https:\\\/\\\/news.save.ch\\\/de\\\/#\\\/schema\\\/logo\\\/image\\\/\",\"url\":\"https:\\\/\\\/news.save.ch\\\/wp-content\\\/uploads\\\/2022\\\/06\\\/Logo_SF_2012.png\",\"contentUrl\":\"https:\\\/\\\/news.save.ch\\\/wp-content\\\/uploads\\\/2022\\\/06\\\/Logo_SF_2012.png\",\"width\":1100,\"height\":91,\"caption\":\"Sicherheitsforum\"},\"image\":{\"@id\":\"https:\\\/\\\/news.save.ch\\\/de\\\/#\\\/schema\\\/logo\\\/image\\\/\"}},{\"@type\":\"Person\",\"@id\":\"https:\\\/\\\/news.save.ch\\\/de\\\/#\\\/schema\\\/person\\\/10917387362b3961e882740f6cf6f2a2\",\"name\":\"stefanie Zeng\",\"image\":{\"@type\":\"ImageObject\",\"inLanguage\":\"de\",\"@id\":\"https:\\\/\\\/secure.gravatar.com\\\/avatar\\\/eac43faa6e40bb2c41068c95c9d78bbd94c476d5efdff7abaab80bb3ea681e06?s=96&d=mm&r=g\",\"url\":\"https:\\\/\\\/secure.gravatar.com\\\/avatar\\\/eac43faa6e40bb2c41068c95c9d78bbd94c476d5efdff7abaab80bb3ea681e06?s=96&d=mm&r=g\",\"contentUrl\":\"https:\\\/\\\/secure.gravatar.com\\\/avatar\\\/eac43faa6e40bb2c41068c95c9d78bbd94c476d5efdff7abaab80bb3ea681e06?s=96&d=mm&r=g\",\"caption\":\"stefanie Zeng\"},\"url\":\"https:\\\/\\\/news.save.ch\\\/de\\\/author\\\/stefanie-zeng\\\/\"}]}<\/script>\n<!-- \/ Yoast SEO plugin. -->","yoast_head_json":{"title":"Megatrends und Erdbebenresilienz im Fokus der Bev\u00f6lkerungsschutzkonferenz - Save","description":"Bev\u00f6lkerungsschutzkonferenz 2025: Die Veranstaltung widmete sich zw\u00f6lf globalen Megatrends \u2013 darunter die k\u00fcnstliche Intelligenz, Big Data und Drohnen \u2013 sowie deren potenzieller Nutzung bei der Erdbebenvorsorge und -bew\u00e4ltigung in der Schweiz.","robots":{"index":"index","follow":"follow","max-snippet":"max-snippet:-1","max-image-preview":"max-image-preview:large","max-video-preview":"max-video-preview:-1"},"canonical":"https:\/\/news.save.ch\/de\/megatrends-und-erdbebenresilienz-im-fokus-der-bevoelkerungsschutzkonferenz\/","og_locale":"de_DE","og_type":"article","og_title":"Megatrends und Erdbebenresilienz im Fokus der Bev\u00f6lkerungsschutzkonferenz - Save","og_description":"Bev\u00f6lkerungsschutzkonferenz 2025: Die Veranstaltung widmete sich zw\u00f6lf globalen Megatrends \u2013 darunter die k\u00fcnstliche Intelligenz, Big Data und Drohnen \u2013 sowie deren potenzieller Nutzung bei der Erdbebenvorsorge und -bew\u00e4ltigung in der Schweiz.","og_url":"https:\/\/news.save.ch\/de\/megatrends-und-erdbebenresilienz-im-fokus-der-bevoelkerungsschutzkonferenz\/","og_site_name":"Save","article_published_time":"2025-11-26T08:25:14+00:00","article_modified_time":"2025-11-26T08:30:18+00:00","og_image":[{"width":1000,"height":563,"url":"https:\/\/news.save.ch\/wp-content\/uploads\/2025\/11\/Depositphotos_639034164_S.jpg","type":"image\/jpeg"}],"author":"stefanie Zeng","twitter_card":"summary_large_image","twitter_misc":{"Geschrieben von":"stefanie Zeng","Gesch\u00e4tzte Lesezeit":"3\u00a0Minuten"},"schema":{"@context":"https:\/\/schema.org","@graph":[{"@type":"Article","@id":"https:\/\/news.save.ch\/megatrends-und-erdbebenresilienz-im-fokus-der-bevoelkerungsschutzkonferenz\/#article","isPartOf":{"@id":"https:\/\/news.save.ch\/megatrends-und-erdbebenresilienz-im-fokus-der-bevoelkerungsschutzkonferenz\/"},"author":{"name":"stefanie Zeng","@id":"https:\/\/news.save.ch\/de\/#\/schema\/person\/10917387362b3961e882740f6cf6f2a2"},"headline":"Megatrends und Erdbebenresilienz im Fokus der Bev\u00f6lkerungsschutzkonferenz","datePublished":"2025-11-26T08:25:14+00:00","dateModified":"2025-11-26T08:30:18+00:00","mainEntityOfPage":{"@id":"https:\/\/news.save.ch\/megatrends-und-erdbebenresilienz-im-fokus-der-bevoelkerungsschutzkonferenz\/"},"wordCount":459,"publisher":{"@id":"https:\/\/news.save.ch\/de\/#organization"},"image":{"@id":"https:\/\/news.save.ch\/megatrends-und-erdbebenresilienz-im-fokus-der-bevoelkerungsschutzkonferenz\/#primaryimage"},"thumbnailUrl":"https:\/\/news.save.ch\/wp-content\/uploads\/2025\/11\/Depositphotos_639034164_S-680x383.jpg","keywords":["BABS","Bev\u00f6lkerungsschutz","Erdbeben"],"articleSection":["INFRASTRUKTUREN"],"inLanguage":"de"},{"@type":"WebPage","@id":"https:\/\/news.save.ch\/megatrends-und-erdbebenresilienz-im-fokus-der-bevoelkerungsschutzkonferenz\/","url":"https:\/\/news.save.ch\/megatrends-und-erdbebenresilienz-im-fokus-der-bevoelkerungsschutzkonferenz\/","name":"Megatrends und Erdbebenresilienz im Fokus der Bev\u00f6lkerungsschutzkonferenz - Save","isPartOf":{"@id":"https:\/\/news.save.ch\/de\/#website"},"primaryImageOfPage":{"@id":"https:\/\/news.save.ch\/megatrends-und-erdbebenresilienz-im-fokus-der-bevoelkerungsschutzkonferenz\/#primaryimage"},"image":{"@id":"https:\/\/news.save.ch\/megatrends-und-erdbebenresilienz-im-fokus-der-bevoelkerungsschutzkonferenz\/#primaryimage"},"thumbnailUrl":"https:\/\/news.save.ch\/wp-content\/uploads\/2025\/11\/Depositphotos_639034164_S-680x383.jpg","datePublished":"2025-11-26T08:25:14+00:00","dateModified":"2025-11-26T08:30:18+00:00","description":"Bev\u00f6lkerungsschutzkonferenz 2025: Die Veranstaltung widmete sich zw\u00f6lf globalen Megatrends \u2013 darunter die k\u00fcnstliche Intelligenz, Big Data und Drohnen \u2013 sowie deren potenzieller Nutzung bei der Erdbebenvorsorge und -bew\u00e4ltigung in der Schweiz.","breadcrumb":{"@id":"https:\/\/news.save.ch\/megatrends-und-erdbebenresilienz-im-fokus-der-bevoelkerungsschutzkonferenz\/#breadcrumb"},"inLanguage":"de","potentialAction":[{"@type":"ReadAction","target":["https:\/\/news.save.ch\/megatrends-und-erdbebenresilienz-im-fokus-der-bevoelkerungsschutzkonferenz\/"]}]},{"@type":"ImageObject","inLanguage":"de","@id":"https:\/\/news.save.ch\/megatrends-und-erdbebenresilienz-im-fokus-der-bevoelkerungsschutzkonferenz\/#primaryimage","url":"https:\/\/news.save.ch\/wp-content\/uploads\/2025\/11\/Depositphotos_639034164_S-680x383.jpg","contentUrl":"https:\/\/news.save.ch\/wp-content\/uploads\/2025\/11\/Depositphotos_639034164_S-680x383.jpg"},{"@type":"BreadcrumbList","@id":"https:\/\/news.save.ch\/megatrends-und-erdbebenresilienz-im-fokus-der-bevoelkerungsschutzkonferenz\/#breadcrumb","itemListElement":[{"@type":"ListItem","position":1,"name":"Home","item":"https:\/\/news.save.ch\/de\/"},{"@type":"ListItem","position":2,"name":"Megatrends und Erdbebenresilienz im Fokus der Bev\u00f6lkerungsschutzkonferenz"}]},{"@type":"WebSite","@id":"https:\/\/news.save.ch\/de\/#website","url":"https:\/\/news.save.ch\/de\/","name":"Save","description":"Schweizer Fachzeitschrift f\u00fcr Sicherheit","publisher":{"@id":"https:\/\/news.save.ch\/de\/#organization"},"potentialAction":[{"@type":"SearchAction","target":{"@type":"EntryPoint","urlTemplate":"https:\/\/news.save.ch\/de\/?s={search_term_string}"},"query-input":{"@type":"PropertyValueSpecification","valueRequired":true,"valueName":"search_term_string"}}],"inLanguage":"de"},{"@type":"Organization","@id":"https:\/\/news.save.ch\/de\/#organization","name":"Sicherheitsforum","url":"https:\/\/news.save.ch\/de\/","logo":{"@type":"ImageObject","inLanguage":"de","@id":"https:\/\/news.save.ch\/de\/#\/schema\/logo\/image\/","url":"https:\/\/news.save.ch\/wp-content\/uploads\/2022\/06\/Logo_SF_2012.png","contentUrl":"https:\/\/news.save.ch\/wp-content\/uploads\/2022\/06\/Logo_SF_2012.png","width":1100,"height":91,"caption":"Sicherheitsforum"},"image":{"@id":"https:\/\/news.save.ch\/de\/#\/schema\/logo\/image\/"}},{"@type":"Person","@id":"https:\/\/news.save.ch\/de\/#\/schema\/person\/10917387362b3961e882740f6cf6f2a2","name":"stefanie Zeng","image":{"@type":"ImageObject","inLanguage":"de","@id":"https:\/\/secure.gravatar.com\/avatar\/eac43faa6e40bb2c41068c95c9d78bbd94c476d5efdff7abaab80bb3ea681e06?s=96&d=mm&r=g","url":"https:\/\/secure.gravatar.com\/avatar\/eac43faa6e40bb2c41068c95c9d78bbd94c476d5efdff7abaab80bb3ea681e06?s=96&d=mm&r=g","contentUrl":"https:\/\/secure.gravatar.com\/avatar\/eac43faa6e40bb2c41068c95c9d78bbd94c476d5efdff7abaab80bb3ea681e06?s=96&d=mm&r=g","caption":"stefanie Zeng"},"url":"https:\/\/news.save.ch\/de\/author\/stefanie-zeng\/"}]}},"_links":{"self":[{"href":"https:\/\/news.save.ch\/de\/wp-json\/wp\/v2\/posts\/24746","targetHints":{"allow":["GET"]}}],"collection":[{"href":"https:\/\/news.save.ch\/de\/wp-json\/wp\/v2\/posts"}],"about":[{"href":"https:\/\/news.save.ch\/de\/wp-json\/wp\/v2\/types\/post"}],"author":[{"embeddable":true,"href":"https:\/\/news.save.ch\/de\/wp-json\/wp\/v2\/users\/31"}],"replies":[{"embeddable":true,"href":"https:\/\/news.save.ch\/de\/wp-json\/wp\/v2\/comments?post=24746"}],"version-history":[{"count":2,"href":"https:\/\/news.save.ch\/de\/wp-json\/wp\/v2\/posts\/24746\/revisions"}],"predecessor-version":[{"id":24758,"href":"https:\/\/news.save.ch\/de\/wp-json\/wp\/v2\/posts\/24746\/revisions\/24758"}],"wp:attachment":[{"href":"https:\/\/news.save.ch\/de\/wp-json\/wp\/v2\/media?parent=24746"}],"wp:term":[{"taxonomy":"category","embeddable":true,"href":"https:\/\/news.save.ch\/de\/wp-json\/wp\/v2\/categories?post=24746"},{"taxonomy":"post_tag","embeddable":true,"href":"https:\/\/news.save.ch\/de\/wp-json\/wp\/v2\/tags?post=24746"}],"curies":[{"name":"wp","href":"https:\/\/api.w.org\/{rel}","templated":true}]}}