{"id":24791,"date":"2025-12-03T07:27:53","date_gmt":"2025-12-03T06:27:53","guid":{"rendered":"https:\/\/news.save.ch\/?p=24791"},"modified":"2025-12-03T07:27:53","modified_gmt":"2025-12-03T06:27:53","slug":"bundesrat-setzt-interdepartementale-arbeitsgruppe-gegen-beeinflussungsaktivitaeten-und-desinformation-ein","status":null,"type":"post","link":"https:\/\/news.save.ch\/de\/bundesrat-setzt-interdepartementale-arbeitsgruppe-gegen-beeinflussungsaktivitaeten-und-desinformation-ein\/","title":{"rendered":"Bundesrat setzt interdepartementale Arbeitsgruppe gegen Beeinflussungsaktivit\u00e4ten und Desinformation ein"},"content":{"rendered":"<figure id=\"attachment_24792\" aria-describedby=\"caption-attachment-24792\" style=\"width: 680px\" class=\"wp-caption alignnone\"><img loading=\"lazy\" decoding=\"async\" class=\"size-medium wp-image-24792\" src=\"https:\/\/news.save.ch\/wp-content\/uploads\/2025\/12\/Depositphotos_10171240_S-680x510.jpg\" alt=\"\" width=\"680\" height=\"510\" srcset=\"https:\/\/news.save.ch\/wp-content\/uploads\/2025\/12\/Depositphotos_10171240_S-680x510.jpg 680w, https:\/\/news.save.ch\/wp-content\/uploads\/2025\/12\/Depositphotos_10171240_S-768x576.jpg 768w, https:\/\/news.save.ch\/wp-content\/uploads\/2025\/12\/Depositphotos_10171240_S-16x12.jpg 16w, https:\/\/news.save.ch\/wp-content\/uploads\/2025\/12\/Depositphotos_10171240_S-375x281.jpg 375w, https:\/\/news.save.ch\/wp-content\/uploads\/2025\/12\/Depositphotos_10171240_S-467x350.jpg 467w, https:\/\/news.save.ch\/wp-content\/uploads\/2025\/12\/Depositphotos_10171240_S.jpg 1000w\" sizes=\"auto, (max-width: 680px) 100vw, 680px\" \/><figcaption id=\"caption-attachment-24792\" class=\"wp-caption-text\">Foto: Depositphotos\/Andreus<\/figcaption><\/figure>\n<p id=\"doc-1javi93cq0\" class=\"font--regular\">Beeinflussungsaktivit\u00e4ten wollen die Wahrnehmung, das Denken und das Handeln von Personen und Gesellschaften manipulieren. Gewisse Staaten setzen Beeinflussungsaktivit\u00e4ten gegen die Schweiz ein. Dazu geh\u00f6ren beispielsweise Desinformation, Propaganda und transnationale Repression, die darauf abzielen, Schweizer Institutionen als dysfunktional darzustellen, das Vertrauen in die Demokratie zu schw\u00e4chen oder Menschen einzusch\u00fcchtern. Solche Aktivit\u00e4ten sind Teil der hybriden Konfliktf\u00fchrung.<\/p>\n<p id=\"doc-1javi9trd0\" class=\"font--regular\">Mit wachsenden geopolitischen Spannungen d\u00fcrften auch Beeinflussungsaktivit\u00e4ten gegen die Schweiz weiter zunehmen. Dagegen will der Bundesrat vorgehen und hat deshalb die Interdepartementale Arbeitsgruppe (IDAG) Beeinflussungsaktivit\u00e4ten und Desinformation ins Leben gerufen. Ziel ist, die Arbeiten innerhalb der Bundesverwaltung zum Thema Beeinflussungsaktivit\u00e4ten und Desinformation zu st\u00e4rken.<\/p>\n<p id=\"doc-1javi9tre0\" class=\"font--regular\">Die IDAG geht insbesondere zur\u00fcck auf den Bericht des Bundesrates \u00abBeeinflussungsaktivit\u00e4ten und Desinformation\u00bb vom 19. Juni 2024 in Erf\u00fcllung des Postulats 22.3006 der Sicherheitspolitischen Kommission des Nationalrats, aber auch auf den Bericht \u00abSituation von tibetischen und uigurischen Personen in der Schweiz\u00bb vom 12. Februar 2025 in Erf\u00fcllung des Postulats 20.4333. In diesen Berichten hat der Bundesrat Massnahmen gegen diese Bedrohungen beschlossen.<\/p>\n<h3 id=\"doc-1javi9tre1\" class=\"h2\">Weitere Massnahmen gegen Beeinflussungsaktivit\u00e4ten und Desinformation entwickeln<\/h3>\n<p id=\"doc-1javi9trf0\" class=\"font--regular\">Die IDAG koordiniert die Arbeiten der Bundesverwaltung zum Thema und wird auch die nationale und internationale Zusammenarbeit st\u00e4rken, um Beeinflussungsaktivit\u00e4ten und Desinformation zu begegnen. Weiter soll sie ein Lageverst\u00e4ndnis zur Situation in der Schweiz und aktuellen Entwicklungen im Bereich Beeinflussungsaktivit\u00e4ten und Desinformation erarbeiten. Basierend darauf kann sie bei Bedarf den politischen Entscheidungstragenden Massnahmen zur Pr\u00e4vention, St\u00e4rkung der Resilienz oder zur Abwehr von Angriffen vorschlagen. Zudem tr\u00e4gt sie zur Sensibilisierung von Beh\u00f6rden und allf\u00e4llig der Bev\u00f6lkerung bei.<\/p>\n<p class=\"font--regular\">Die IDAG wird vom Staatssekretariat f\u00fcr Sicherheitspolitik (SEPOS) geleitet und umfasst die von der Bedrohung meistbetroffenen \u00c4mter aus dem VBS, dem EDA, dem WBF, dem UVEK, dem EJPD, der Bundeskanzlei sowie den Delegierten des Sicherheitsverbunds Schweiz (SVS). Fachpersonen aus der Wissenschaft, Zivilgesellschaft oder dem Ausland werden fallweise eingebunden.<\/p>\n<p><em>Quelle: Staatssekretariat f\u00fcr Sicherheitspolitik SEPOS<\/em><\/p>\n","protected":false},"excerpt":{"rendered":"<p>Beeinflussungsaktivit\u00e4ten wollen die Wahrnehmung, das Denken und das Handeln von Personen und Gesellschaften manipulieren. Gewisse Staaten setzen Beeinflussungsaktivit\u00e4ten gegen die Schweiz ein. Dazu geh\u00f6ren beispielsweise Desinformation, Propaganda und transnationale Repression, die darauf abzielen, Schweizer Institutionen als dysfunktional darzustellen, das Vertrauen in die Demokratie zu schw\u00e4chen oder Menschen einzusch\u00fcchtern. Solche Aktivit\u00e4ten sind Teil der hybriden Konfliktf\u00fchrung. [&hellip;]<\/p>\n","protected":false},"author":31,"featured_media":0,"comment_status":"closed","ping_status":"closed","sticky":false,"template":"","format":"standard","meta":{"_acf_changed":false,"pgc_sgb_lightbox_settings":"","footnotes":""},"categories":[3312],"tags":[6631,922],"class_list":["post-24791","post","type-post","status-publish","format-standard","hentry","category-sicherheit","tag-sepos","tag-vbs"],"acf":[],"hkrextid":null,"publication":null,"issue":null,"workflow":null,"startPage":null,"spitzmarke":null,"_posts_by_tag_page_fields":null,"_at_widget":null,"_yoast_wpseo_primary_category":"3312","_yoast_wpseo_focuskw_text_input":null,"_yoast_wpseo_opengraph-image":null,"_yoast_wpseo_opengraph-description":null,"_yoast_wpseo_opengraph-title":null,"enclosure":null,"_yoast_wpseo_twitter-title":null,"_yoast_wpseo_twitter-description":null,"_yoast_wpseo_twitter-image":null,"_wp_old_slug":null,"_yoast_wpseo_title":null,"_yoast_wpseo_canonical":null,"yoast_head":"<!-- This site is optimized with the Yoast SEO plugin v27.4 - https:\/\/yoast.com\/product\/yoast-seo-wordpress\/ -->\n<title>Bundesrat setzt interdepartementale Arbeitsgruppe gegen Beeinflussungsaktivit\u00e4ten und Desinformation ein - Save<\/title>\n<meta name=\"description\" content=\"Der Bundesrat hat das VBS beauftragt, die Interdepartementale Arbeitsgruppe Beeinflussungsaktivit\u00e4ten und Desinformation einzusetzen.\" \/>\n<meta name=\"robots\" content=\"index, follow, max-snippet:-1, max-image-preview:large, max-video-preview:-1\" \/>\n<link rel=\"canonical\" href=\"https:\/\/news.save.ch\/de\/bundesrat-setzt-interdepartementale-arbeitsgruppe-gegen-beeinflussungsaktivitaeten-und-desinformation-ein\/\" \/>\n<meta property=\"og:locale\" content=\"de_DE\" \/>\n<meta property=\"og:type\" content=\"article\" \/>\n<meta property=\"og:title\" content=\"Bundesrat setzt interdepartementale Arbeitsgruppe gegen Beeinflussungsaktivit\u00e4ten und Desinformation ein - Save\" \/>\n<meta property=\"og:description\" content=\"Der Bundesrat hat das VBS beauftragt, die Interdepartementale Arbeitsgruppe Beeinflussungsaktivit\u00e4ten und Desinformation einzusetzen.\" \/>\n<meta property=\"og:url\" content=\"https:\/\/news.save.ch\/de\/bundesrat-setzt-interdepartementale-arbeitsgruppe-gegen-beeinflussungsaktivitaeten-und-desinformation-ein\/\" \/>\n<meta property=\"og:site_name\" content=\"Save\" \/>\n<meta property=\"article:published_time\" content=\"2025-12-03T06:27:53+00:00\" \/>\n<meta property=\"og:image\" content=\"https:\/\/news.save.ch\/wp-content\/uploads\/2025\/12\/Depositphotos_10171240_S.jpg\" \/>\n\t<meta property=\"og:image:width\" content=\"1000\" \/>\n\t<meta property=\"og:image:height\" content=\"750\" \/>\n\t<meta property=\"og:image:type\" content=\"image\/jpeg\" \/>\n<meta name=\"author\" content=\"stefanie Zeng\" \/>\n<meta name=\"twitter:card\" content=\"summary_large_image\" \/>\n<meta name=\"twitter:label1\" content=\"Geschrieben von\" \/>\n\t<meta name=\"twitter:data1\" content=\"stefanie Zeng\" \/>\n\t<meta name=\"twitter:label2\" content=\"Gesch\u00e4tzte Lesezeit\" \/>\n\t<meta name=\"twitter:data2\" content=\"2\u00a0Minuten\" \/>\n<script type=\"application\/ld+json\" class=\"yoast-schema-graph\">{\"@context\":\"https:\\\/\\\/schema.org\",\"@graph\":[{\"@type\":\"Article\",\"@id\":\"https:\\\/\\\/news.save.ch\\\/bundesrat-setzt-interdepartementale-arbeitsgruppe-gegen-beeinflussungsaktivitaeten-und-desinformation-ein\\\/#article\",\"isPartOf\":{\"@id\":\"https:\\\/\\\/news.save.ch\\\/bundesrat-setzt-interdepartementale-arbeitsgruppe-gegen-beeinflussungsaktivitaeten-und-desinformation-ein\\\/\"},\"author\":{\"name\":\"stefanie Zeng\",\"@id\":\"https:\\\/\\\/news.save.ch\\\/de\\\/#\\\/schema\\\/person\\\/10917387362b3961e882740f6cf6f2a2\"},\"headline\":\"Bundesrat setzt interdepartementale Arbeitsgruppe gegen Beeinflussungsaktivit\u00e4ten und Desinformation ein\",\"datePublished\":\"2025-12-03T06:27:53+00:00\",\"mainEntityOfPage\":{\"@id\":\"https:\\\/\\\/news.save.ch\\\/bundesrat-setzt-interdepartementale-arbeitsgruppe-gegen-beeinflussungsaktivitaeten-und-desinformation-ein\\\/\"},\"wordCount\":339,\"publisher\":{\"@id\":\"https:\\\/\\\/news.save.ch\\\/de\\\/#organization\"},\"image\":{\"@id\":\"https:\\\/\\\/news.save.ch\\\/bundesrat-setzt-interdepartementale-arbeitsgruppe-gegen-beeinflussungsaktivitaeten-und-desinformation-ein\\\/#primaryimage\"},\"thumbnailUrl\":\"https:\\\/\\\/news.save.ch\\\/wp-content\\\/uploads\\\/2025\\\/12\\\/Depositphotos_10171240_S-680x510.jpg\",\"keywords\":[\"SEPOS\",\"VBS\"],\"articleSection\":[\"SICHERHEIT\"],\"inLanguage\":\"de\"},{\"@type\":\"WebPage\",\"@id\":\"https:\\\/\\\/news.save.ch\\\/bundesrat-setzt-interdepartementale-arbeitsgruppe-gegen-beeinflussungsaktivitaeten-und-desinformation-ein\\\/\",\"url\":\"https:\\\/\\\/news.save.ch\\\/bundesrat-setzt-interdepartementale-arbeitsgruppe-gegen-beeinflussungsaktivitaeten-und-desinformation-ein\\\/\",\"name\":\"Bundesrat setzt interdepartementale Arbeitsgruppe gegen Beeinflussungsaktivit\u00e4ten und Desinformation ein - Save\",\"isPartOf\":{\"@id\":\"https:\\\/\\\/news.save.ch\\\/de\\\/#website\"},\"primaryImageOfPage\":{\"@id\":\"https:\\\/\\\/news.save.ch\\\/bundesrat-setzt-interdepartementale-arbeitsgruppe-gegen-beeinflussungsaktivitaeten-und-desinformation-ein\\\/#primaryimage\"},\"image\":{\"@id\":\"https:\\\/\\\/news.save.ch\\\/bundesrat-setzt-interdepartementale-arbeitsgruppe-gegen-beeinflussungsaktivitaeten-und-desinformation-ein\\\/#primaryimage\"},\"thumbnailUrl\":\"https:\\\/\\\/news.save.ch\\\/wp-content\\\/uploads\\\/2025\\\/12\\\/Depositphotos_10171240_S-680x510.jpg\",\"datePublished\":\"2025-12-03T06:27:53+00:00\",\"description\":\"Der Bundesrat hat das VBS beauftragt, die Interdepartementale Arbeitsgruppe Beeinflussungsaktivit\u00e4ten und Desinformation einzusetzen.\",\"breadcrumb\":{\"@id\":\"https:\\\/\\\/news.save.ch\\\/bundesrat-setzt-interdepartementale-arbeitsgruppe-gegen-beeinflussungsaktivitaeten-und-desinformation-ein\\\/#breadcrumb\"},\"inLanguage\":\"de\",\"potentialAction\":[{\"@type\":\"ReadAction\",\"target\":[\"https:\\\/\\\/news.save.ch\\\/bundesrat-setzt-interdepartementale-arbeitsgruppe-gegen-beeinflussungsaktivitaeten-und-desinformation-ein\\\/\"]}]},{\"@type\":\"ImageObject\",\"inLanguage\":\"de\",\"@id\":\"https:\\\/\\\/news.save.ch\\\/bundesrat-setzt-interdepartementale-arbeitsgruppe-gegen-beeinflussungsaktivitaeten-und-desinformation-ein\\\/#primaryimage\",\"url\":\"https:\\\/\\\/news.save.ch\\\/wp-content\\\/uploads\\\/2025\\\/12\\\/Depositphotos_10171240_S-680x510.jpg\",\"contentUrl\":\"https:\\\/\\\/news.save.ch\\\/wp-content\\\/uploads\\\/2025\\\/12\\\/Depositphotos_10171240_S-680x510.jpg\"},{\"@type\":\"BreadcrumbList\",\"@id\":\"https:\\\/\\\/news.save.ch\\\/bundesrat-setzt-interdepartementale-arbeitsgruppe-gegen-beeinflussungsaktivitaeten-und-desinformation-ein\\\/#breadcrumb\",\"itemListElement\":[{\"@type\":\"ListItem\",\"position\":1,\"name\":\"Home\",\"item\":\"https:\\\/\\\/news.save.ch\\\/de\\\/\"},{\"@type\":\"ListItem\",\"position\":2,\"name\":\"Bundesrat setzt interdepartementale Arbeitsgruppe gegen Beeinflussungsaktivit\u00e4ten und Desinformation ein\"}]},{\"@type\":\"WebSite\",\"@id\":\"https:\\\/\\\/news.save.ch\\\/de\\\/#website\",\"url\":\"https:\\\/\\\/news.save.ch\\\/de\\\/\",\"name\":\"Save\",\"description\":\"Schweizer Fachzeitschrift f\u00fcr Sicherheit\",\"publisher\":{\"@id\":\"https:\\\/\\\/news.save.ch\\\/de\\\/#organization\"},\"potentialAction\":[{\"@type\":\"SearchAction\",\"target\":{\"@type\":\"EntryPoint\",\"urlTemplate\":\"https:\\\/\\\/news.save.ch\\\/de\\\/?s={search_term_string}\"},\"query-input\":{\"@type\":\"PropertyValueSpecification\",\"valueRequired\":true,\"valueName\":\"search_term_string\"}}],\"inLanguage\":\"de\"},{\"@type\":\"Organization\",\"@id\":\"https:\\\/\\\/news.save.ch\\\/de\\\/#organization\",\"name\":\"Sicherheitsforum\",\"url\":\"https:\\\/\\\/news.save.ch\\\/de\\\/\",\"logo\":{\"@type\":\"ImageObject\",\"inLanguage\":\"de\",\"@id\":\"https:\\\/\\\/news.save.ch\\\/de\\\/#\\\/schema\\\/logo\\\/image\\\/\",\"url\":\"https:\\\/\\\/news.save.ch\\\/wp-content\\\/uploads\\\/2022\\\/06\\\/Logo_SF_2012.png\",\"contentUrl\":\"https:\\\/\\\/news.save.ch\\\/wp-content\\\/uploads\\\/2022\\\/06\\\/Logo_SF_2012.png\",\"width\":1100,\"height\":91,\"caption\":\"Sicherheitsforum\"},\"image\":{\"@id\":\"https:\\\/\\\/news.save.ch\\\/de\\\/#\\\/schema\\\/logo\\\/image\\\/\"}},{\"@type\":\"Person\",\"@id\":\"https:\\\/\\\/news.save.ch\\\/de\\\/#\\\/schema\\\/person\\\/10917387362b3961e882740f6cf6f2a2\",\"name\":\"stefanie Zeng\",\"image\":{\"@type\":\"ImageObject\",\"inLanguage\":\"de\",\"@id\":\"https:\\\/\\\/secure.gravatar.com\\\/avatar\\\/eac43faa6e40bb2c41068c95c9d78bbd94c476d5efdff7abaab80bb3ea681e06?s=96&d=mm&r=g\",\"url\":\"https:\\\/\\\/secure.gravatar.com\\\/avatar\\\/eac43faa6e40bb2c41068c95c9d78bbd94c476d5efdff7abaab80bb3ea681e06?s=96&d=mm&r=g\",\"contentUrl\":\"https:\\\/\\\/secure.gravatar.com\\\/avatar\\\/eac43faa6e40bb2c41068c95c9d78bbd94c476d5efdff7abaab80bb3ea681e06?s=96&d=mm&r=g\",\"caption\":\"stefanie Zeng\"},\"url\":\"https:\\\/\\\/news.save.ch\\\/de\\\/author\\\/stefanie-zeng\\\/\"}]}<\/script>\n<!-- \/ Yoast SEO plugin. -->","yoast_head_json":{"title":"Bundesrat setzt interdepartementale Arbeitsgruppe gegen Beeinflussungsaktivit\u00e4ten und Desinformation ein - Save","description":"Der Bundesrat hat das VBS beauftragt, die Interdepartementale Arbeitsgruppe Beeinflussungsaktivit\u00e4ten und Desinformation einzusetzen.","robots":{"index":"index","follow":"follow","max-snippet":"max-snippet:-1","max-image-preview":"max-image-preview:large","max-video-preview":"max-video-preview:-1"},"canonical":"https:\/\/news.save.ch\/de\/bundesrat-setzt-interdepartementale-arbeitsgruppe-gegen-beeinflussungsaktivitaeten-und-desinformation-ein\/","og_locale":"de_DE","og_type":"article","og_title":"Bundesrat setzt interdepartementale Arbeitsgruppe gegen Beeinflussungsaktivit\u00e4ten und Desinformation ein - Save","og_description":"Der Bundesrat hat das VBS beauftragt, die Interdepartementale Arbeitsgruppe Beeinflussungsaktivit\u00e4ten und Desinformation einzusetzen.","og_url":"https:\/\/news.save.ch\/de\/bundesrat-setzt-interdepartementale-arbeitsgruppe-gegen-beeinflussungsaktivitaeten-und-desinformation-ein\/","og_site_name":"Save","article_published_time":"2025-12-03T06:27:53+00:00","og_image":[{"width":1000,"height":750,"url":"https:\/\/news.save.ch\/wp-content\/uploads\/2025\/12\/Depositphotos_10171240_S.jpg","type":"image\/jpeg"}],"author":"stefanie Zeng","twitter_card":"summary_large_image","twitter_misc":{"Geschrieben von":"stefanie Zeng","Gesch\u00e4tzte Lesezeit":"2\u00a0Minuten"},"schema":{"@context":"https:\/\/schema.org","@graph":[{"@type":"Article","@id":"https:\/\/news.save.ch\/bundesrat-setzt-interdepartementale-arbeitsgruppe-gegen-beeinflussungsaktivitaeten-und-desinformation-ein\/#article","isPartOf":{"@id":"https:\/\/news.save.ch\/bundesrat-setzt-interdepartementale-arbeitsgruppe-gegen-beeinflussungsaktivitaeten-und-desinformation-ein\/"},"author":{"name":"stefanie Zeng","@id":"https:\/\/news.save.ch\/de\/#\/schema\/person\/10917387362b3961e882740f6cf6f2a2"},"headline":"Bundesrat setzt interdepartementale Arbeitsgruppe gegen Beeinflussungsaktivit\u00e4ten und Desinformation ein","datePublished":"2025-12-03T06:27:53+00:00","mainEntityOfPage":{"@id":"https:\/\/news.save.ch\/bundesrat-setzt-interdepartementale-arbeitsgruppe-gegen-beeinflussungsaktivitaeten-und-desinformation-ein\/"},"wordCount":339,"publisher":{"@id":"https:\/\/news.save.ch\/de\/#organization"},"image":{"@id":"https:\/\/news.save.ch\/bundesrat-setzt-interdepartementale-arbeitsgruppe-gegen-beeinflussungsaktivitaeten-und-desinformation-ein\/#primaryimage"},"thumbnailUrl":"https:\/\/news.save.ch\/wp-content\/uploads\/2025\/12\/Depositphotos_10171240_S-680x510.jpg","keywords":["SEPOS","VBS"],"articleSection":["SICHERHEIT"],"inLanguage":"de"},{"@type":"WebPage","@id":"https:\/\/news.save.ch\/bundesrat-setzt-interdepartementale-arbeitsgruppe-gegen-beeinflussungsaktivitaeten-und-desinformation-ein\/","url":"https:\/\/news.save.ch\/bundesrat-setzt-interdepartementale-arbeitsgruppe-gegen-beeinflussungsaktivitaeten-und-desinformation-ein\/","name":"Bundesrat setzt interdepartementale Arbeitsgruppe gegen Beeinflussungsaktivit\u00e4ten und Desinformation ein - Save","isPartOf":{"@id":"https:\/\/news.save.ch\/de\/#website"},"primaryImageOfPage":{"@id":"https:\/\/news.save.ch\/bundesrat-setzt-interdepartementale-arbeitsgruppe-gegen-beeinflussungsaktivitaeten-und-desinformation-ein\/#primaryimage"},"image":{"@id":"https:\/\/news.save.ch\/bundesrat-setzt-interdepartementale-arbeitsgruppe-gegen-beeinflussungsaktivitaeten-und-desinformation-ein\/#primaryimage"},"thumbnailUrl":"https:\/\/news.save.ch\/wp-content\/uploads\/2025\/12\/Depositphotos_10171240_S-680x510.jpg","datePublished":"2025-12-03T06:27:53+00:00","description":"Der Bundesrat hat das VBS beauftragt, die Interdepartementale Arbeitsgruppe Beeinflussungsaktivit\u00e4ten und Desinformation einzusetzen.","breadcrumb":{"@id":"https:\/\/news.save.ch\/bundesrat-setzt-interdepartementale-arbeitsgruppe-gegen-beeinflussungsaktivitaeten-und-desinformation-ein\/#breadcrumb"},"inLanguage":"de","potentialAction":[{"@type":"ReadAction","target":["https:\/\/news.save.ch\/bundesrat-setzt-interdepartementale-arbeitsgruppe-gegen-beeinflussungsaktivitaeten-und-desinformation-ein\/"]}]},{"@type":"ImageObject","inLanguage":"de","@id":"https:\/\/news.save.ch\/bundesrat-setzt-interdepartementale-arbeitsgruppe-gegen-beeinflussungsaktivitaeten-und-desinformation-ein\/#primaryimage","url":"https:\/\/news.save.ch\/wp-content\/uploads\/2025\/12\/Depositphotos_10171240_S-680x510.jpg","contentUrl":"https:\/\/news.save.ch\/wp-content\/uploads\/2025\/12\/Depositphotos_10171240_S-680x510.jpg"},{"@type":"BreadcrumbList","@id":"https:\/\/news.save.ch\/bundesrat-setzt-interdepartementale-arbeitsgruppe-gegen-beeinflussungsaktivitaeten-und-desinformation-ein\/#breadcrumb","itemListElement":[{"@type":"ListItem","position":1,"name":"Home","item":"https:\/\/news.save.ch\/de\/"},{"@type":"ListItem","position":2,"name":"Bundesrat setzt interdepartementale Arbeitsgruppe gegen Beeinflussungsaktivit\u00e4ten und Desinformation ein"}]},{"@type":"WebSite","@id":"https:\/\/news.save.ch\/de\/#website","url":"https:\/\/news.save.ch\/de\/","name":"Save","description":"Schweizer Fachzeitschrift f\u00fcr Sicherheit","publisher":{"@id":"https:\/\/news.save.ch\/de\/#organization"},"potentialAction":[{"@type":"SearchAction","target":{"@type":"EntryPoint","urlTemplate":"https:\/\/news.save.ch\/de\/?s={search_term_string}"},"query-input":{"@type":"PropertyValueSpecification","valueRequired":true,"valueName":"search_term_string"}}],"inLanguage":"de"},{"@type":"Organization","@id":"https:\/\/news.save.ch\/de\/#organization","name":"Sicherheitsforum","url":"https:\/\/news.save.ch\/de\/","logo":{"@type":"ImageObject","inLanguage":"de","@id":"https:\/\/news.save.ch\/de\/#\/schema\/logo\/image\/","url":"https:\/\/news.save.ch\/wp-content\/uploads\/2022\/06\/Logo_SF_2012.png","contentUrl":"https:\/\/news.save.ch\/wp-content\/uploads\/2022\/06\/Logo_SF_2012.png","width":1100,"height":91,"caption":"Sicherheitsforum"},"image":{"@id":"https:\/\/news.save.ch\/de\/#\/schema\/logo\/image\/"}},{"@type":"Person","@id":"https:\/\/news.save.ch\/de\/#\/schema\/person\/10917387362b3961e882740f6cf6f2a2","name":"stefanie Zeng","image":{"@type":"ImageObject","inLanguage":"de","@id":"https:\/\/secure.gravatar.com\/avatar\/eac43faa6e40bb2c41068c95c9d78bbd94c476d5efdff7abaab80bb3ea681e06?s=96&d=mm&r=g","url":"https:\/\/secure.gravatar.com\/avatar\/eac43faa6e40bb2c41068c95c9d78bbd94c476d5efdff7abaab80bb3ea681e06?s=96&d=mm&r=g","contentUrl":"https:\/\/secure.gravatar.com\/avatar\/eac43faa6e40bb2c41068c95c9d78bbd94c476d5efdff7abaab80bb3ea681e06?s=96&d=mm&r=g","caption":"stefanie Zeng"},"url":"https:\/\/news.save.ch\/de\/author\/stefanie-zeng\/"}]}},"_links":{"self":[{"href":"https:\/\/news.save.ch\/de\/wp-json\/wp\/v2\/posts\/24791","targetHints":{"allow":["GET"]}}],"collection":[{"href":"https:\/\/news.save.ch\/de\/wp-json\/wp\/v2\/posts"}],"about":[{"href":"https:\/\/news.save.ch\/de\/wp-json\/wp\/v2\/types\/post"}],"author":[{"embeddable":true,"href":"https:\/\/news.save.ch\/de\/wp-json\/wp\/v2\/users\/31"}],"replies":[{"embeddable":true,"href":"https:\/\/news.save.ch\/de\/wp-json\/wp\/v2\/comments?post=24791"}],"version-history":[{"count":2,"href":"https:\/\/news.save.ch\/de\/wp-json\/wp\/v2\/posts\/24791\/revisions"}],"predecessor-version":[{"id":24794,"href":"https:\/\/news.save.ch\/de\/wp-json\/wp\/v2\/posts\/24791\/revisions\/24794"}],"wp:attachment":[{"href":"https:\/\/news.save.ch\/de\/wp-json\/wp\/v2\/media?parent=24791"}],"wp:term":[{"taxonomy":"category","embeddable":true,"href":"https:\/\/news.save.ch\/de\/wp-json\/wp\/v2\/categories?post=24791"},{"taxonomy":"post_tag","embeddable":true,"href":"https:\/\/news.save.ch\/de\/wp-json\/wp\/v2\/tags?post=24791"}],"curies":[{"name":"wp","href":"https:\/\/api.w.org\/{rel}","templated":true}]}}