{"id":24795,"date":"2025-12-08T19:32:15","date_gmt":"2025-12-08T18:32:15","guid":{"rendered":"https:\/\/news.save.ch\/?p=24795"},"modified":"2025-12-08T19:32:15","modified_gmt":"2025-12-08T18:32:15","slug":"fokus-bevoelkerungsschutz-zuercher-feuerwehrleute-trainieren-fuer-ein-grossflaechiges-elementarereignis","status":null,"type":"post","link":"https:\/\/news.save.ch\/de\/fokus-bevoelkerungsschutz-zuercher-feuerwehrleute-trainieren-fuer-ein-grossflaechiges-elementarereignis\/","title":{"rendered":"Fokus Bev\u00f6lkerungsschutz: Z\u00fcrcher Feuerwehrleute trainieren f\u00fcr ein grossfl\u00e4chiges Elementarereignis"},"content":{"rendered":"<figure id=\"attachment_24796\" aria-describedby=\"caption-attachment-24796\" style=\"width: 680px\" class=\"wp-caption alignnone\"><img loading=\"lazy\" decoding=\"async\" class=\"size-medium wp-image-24796\" src=\"https:\/\/news.save.ch\/wp-content\/uploads\/2025\/12\/Bildschirmfoto-2025-12-08-um-19.30.48-680x381.png\" alt=\"\" width=\"680\" height=\"381\" srcset=\"https:\/\/news.save.ch\/wp-content\/uploads\/2025\/12\/Bildschirmfoto-2025-12-08-um-19.30.48-680x381.png 680w, https:\/\/news.save.ch\/wp-content\/uploads\/2025\/12\/Bildschirmfoto-2025-12-08-um-19.30.48-1024x573.png 1024w, https:\/\/news.save.ch\/wp-content\/uploads\/2025\/12\/Bildschirmfoto-2025-12-08-um-19.30.48-768x430.png 768w, https:\/\/news.save.ch\/wp-content\/uploads\/2025\/12\/Bildschirmfoto-2025-12-08-um-19.30.48-18x10.png 18w, https:\/\/news.save.ch\/wp-content\/uploads\/2025\/12\/Bildschirmfoto-2025-12-08-um-19.30.48-375x210.png 375w, https:\/\/news.save.ch\/wp-content\/uploads\/2025\/12\/Bildschirmfoto-2025-12-08-um-19.30.48-625x350.png 625w, https:\/\/news.save.ch\/wp-content\/uploads\/2025\/12\/Bildschirmfoto-2025-12-08-um-19.30.48-1000x560.png 1000w, https:\/\/news.save.ch\/wp-content\/uploads\/2025\/12\/Bildschirmfoto-2025-12-08-um-19.30.48.png 1200w\" sizes=\"auto, (max-width: 680px) 100vw, 680px\" \/><figcaption id=\"caption-attachment-24796\" class=\"wp-caption-text\">Foto: zVg<\/figcaption><\/figure>\n<p>Bev\u00f6lkerungsschutzorganisationen und insbesondere die Feuerwehren stehen vor der Herausforderung, ihre F\u00fchrung und Koordination, sowohl von personellen als auch materiellen Ressourcen, auf Grossereignisse auszurichten. Statistiken zeigen, dass grossfl\u00e4chige Natur- und Elementarereignisse wie \u00dcberschwemmung, Sturm oder Erdbeben aller Voraussicht nach zunehmen werden. Unter anderem ist zu erwarten, dass der Klimawandel in der Schweiz zu h\u00e4ufigeren und intensiveren Naturereignissen f\u00fchrt \u2013 selbst in bisher verschonten Gebieten.<\/p>\n<p>Die GVZ hat im Rahmen ihres gesetzlichen Ausbildungsauftrages ein Trainingskonzept entwickelt, das speziell darauf abzielt, ein \u00fcber mehrere Tage andauerndes Elementarereignis erfolgreich zu bew\u00e4ltigen. Dieses Konzept richtet sich insbesondere an die obersten F\u00fchrungskr\u00e4fte der Z\u00fcrcher Feuerwehren. Die Umsetzung erfolgt im Rahmen einer Langzeit\u00fcbung in der Woche vom 19. Januar 2026.<\/p>\n<h3><strong>Ideales \u00dcbungsgel\u00e4nde<\/strong><\/h3>\n<p>Die ehemalige britische Luftwaffenbasis Weeze (D) mit rund 60 ha \u00dcbungsfl\u00e4che bietet daf\u00fcr einzigartige Voraussetzungen. Wohn- und Industriebrachen, Infrastrukturbauten wie Bahn oder Einkaufsl\u00e4den bieten den Feuerwehren ideale Trainingsb\u00fchnen. In der Schweiz steht derzeit kein vergleichbares Gel\u00e4nde f\u00fcr derartige Gross\u00fcbungen zur Verf\u00fcgung.<\/p>\n<p>Renato Mathys, Leiter Feuerwehr, GVZ, erkl\u00e4rt: \u00abFeuerwehren m\u00fcssen sich permanent neuen Herausforderungen stellen. Dazu ben\u00f6tigen sie Fertigkeiten, die nicht in Lehrb\u00fcchern stehen, sondern im Einsatz entstehen. In Weeze lernen die Feuerwehrleute, kritische Situationen und Gefahren unter Druck richtig einzusch\u00e4tzen und sie gewinnen wichtige Erkenntnisse zur Weiterentwicklung der Feuerwehrarbeit.\u00bb<\/p>\n<p>Die Langzeit\u00fcbung wird prim\u00e4r unter der Leitung der Teilnehmenden selbst stehen. Einsatz und Umgang mit vorhandenen Ressourcen sind Kernst\u00fccke des Erlebnis- und Erfahrungsprozesses, der nachgelagert in die Ausbildung der Z\u00fcrcher Feuerwehren einfliessen soll.<\/p>\n<p>Verschiedene Z\u00fcrcher St\u00fctzpunktfahrzeuge sowie teils eigenes \u00dcbungsmaterial werden in die Langzeit\u00fcbung einbezogen. Um maximale Effektivit\u00e4t f\u00fcr Teilnehmende zu erreichen, werden vorab keine Details zu den Trainingsinhalte bekanntgegeben. Die GVZ tr\u00e4gt die Kosten f\u00fcr diese \u00dcbung, die aus den Brandschutzabgaben finanziert wird.<\/p>\n<h3><strong>Im Schulterschluss mit den Bev\u00f6lkerungsschutzorganisationen<\/strong><\/h3>\n<p>Neben den Kommandantinnen, Kommandanten und Ausbildungsverantwortlichen sind Hilfspersonal und ein \u00dcbungsleiter-Stab der GVZ vor Ort. Unter dem Aspekt der regionalen und kantons\u00fcbergreifenden Zusammenarbeit nehmen Mitglieder von Partnerorganisationen wie der Z\u00fcrcher Kantonspolizei, dem Zivilschutz und den Rettungsdiensten sowie weitere Fachleute aus verschiedenen Kantonen als Beobachterinnen und Beobachter teil. Insgesamt sind rund 300 Personen im Trainingsablauf involviert.<\/p>\n<div id=\"\">\n<div class=\"greybox\">\n<p>Die GVZ Geb\u00e4udeversicherung Kanton Z\u00fcrich versichert die Geb\u00e4ude im Kanton Z\u00fcrich gegen Feuer- und Elementarsch\u00e4den und engagiert sich zum Schutz von Personen und Sachwerten in der Pr\u00e4vention. Im gesetzlichen Auftrag erf\u00fcllt sie in enger Zusammenarbeit mit den Gemeinden den Brandschutz und das Feuerwehrwesen. Die GVZ ist ein selbstst\u00e4ndiges \u00f6ffentliches Unternehmen und besch\u00e4ftigt rund 140 hauptberufliche und 250 nebenberufliche Mitarbeitende.<\/p>\n<\/div>\n<\/div>\n<div id=\"\"><\/div>\n<div id=\"\"><\/div>\n<div><em>Quelle: GVZ<\/em><\/div>\n","protected":false},"excerpt":{"rendered":"<p>Bev\u00f6lkerungsschutzorganisationen und insbesondere die Feuerwehren stehen vor der Herausforderung, ihre F\u00fchrung und Koordination, sowohl von personellen als auch materiellen Ressourcen, auf Grossereignisse auszurichten. Statistiken zeigen, dass grossfl\u00e4chige Natur- und Elementarereignisse wie \u00dcberschwemmung, Sturm oder Erdbeben aller Voraussicht nach zunehmen werden. Unter anderem ist zu erwarten, dass der Klimawandel in der Schweiz zu h\u00e4ufigeren und intensiveren [&hellip;]<\/p>\n","protected":false},"author":31,"featured_media":0,"comment_status":"closed","ping_status":"closed","sticky":false,"template":"","format":"standard","meta":{"_acf_changed":false,"pgc_sgb_lightbox_settings":"","footnotes":""},"categories":[67],"tags":[],"class_list":["post-24795","post","type-post","status-publish","format-standard","hentry","category-brandschutz"],"acf":[],"hkrextid":null,"publication":null,"issue":null,"workflow":null,"startPage":null,"spitzmarke":null,"_posts_by_tag_page_fields":null,"_at_widget":null,"_yoast_wpseo_primary_category":"67","_yoast_wpseo_focuskw_text_input":null,"_yoast_wpseo_opengraph-image":null,"_yoast_wpseo_opengraph-description":null,"_yoast_wpseo_opengraph-title":null,"enclosure":null,"_yoast_wpseo_twitter-title":null,"_yoast_wpseo_twitter-description":null,"_yoast_wpseo_twitter-image":null,"_wp_old_slug":null,"_yoast_wpseo_title":null,"_yoast_wpseo_canonical":null,"yoast_head":"<!-- This site is optimized with the Yoast SEO plugin v27.4 - https:\/\/yoast.com\/product\/yoast-seo-wordpress\/ -->\n<title>Fokus Bev\u00f6lkerungsschutz: Z\u00fcrcher Feuerwehrleute trainieren f\u00fcr ein grossfl\u00e4chiges Elementarereignis - Save<\/title>\n<meta name=\"description\" content=\"Ende Januar 2026 nehmen 200 Kommandantinnen und Kommandanten sowie Ausbildungsverantwortliche der Z\u00fcrcher Feuerwehren auf Europas gr\u00f6sster Trainingsbasis an einer dreit\u00e4gigen Ernstfall\u00fcbung teil.\" \/>\n<meta name=\"robots\" content=\"index, follow, max-snippet:-1, max-image-preview:large, max-video-preview:-1\" \/>\n<link rel=\"canonical\" href=\"https:\/\/news.save.ch\/de\/fokus-bevoelkerungsschutz-zuercher-feuerwehrleute-trainieren-fuer-ein-grossflaechiges-elementarereignis\/\" \/>\n<meta property=\"og:locale\" content=\"de_DE\" \/>\n<meta property=\"og:type\" content=\"article\" \/>\n<meta property=\"og:title\" content=\"Fokus Bev\u00f6lkerungsschutz: Z\u00fcrcher Feuerwehrleute trainieren f\u00fcr ein grossfl\u00e4chiges Elementarereignis - Save\" \/>\n<meta property=\"og:description\" content=\"Ende Januar 2026 nehmen 200 Kommandantinnen und Kommandanten sowie Ausbildungsverantwortliche der Z\u00fcrcher Feuerwehren auf Europas gr\u00f6sster Trainingsbasis an einer dreit\u00e4gigen Ernstfall\u00fcbung teil.\" \/>\n<meta property=\"og:url\" content=\"https:\/\/news.save.ch\/de\/fokus-bevoelkerungsschutz-zuercher-feuerwehrleute-trainieren-fuer-ein-grossflaechiges-elementarereignis\/\" \/>\n<meta property=\"og:site_name\" content=\"Save\" \/>\n<meta property=\"article:published_time\" content=\"2025-12-08T18:32:15+00:00\" \/>\n<meta property=\"og:image\" content=\"https:\/\/news.save.ch\/wp-content\/uploads\/2025\/12\/Bildschirmfoto-2025-12-08-um-19.30.48.png\" \/>\n\t<meta property=\"og:image:width\" content=\"1200\" \/>\n\t<meta property=\"og:image:height\" content=\"672\" \/>\n\t<meta property=\"og:image:type\" content=\"image\/png\" \/>\n<meta name=\"author\" content=\"stefanie Zeng\" \/>\n<meta name=\"twitter:card\" content=\"summary_large_image\" \/>\n<meta name=\"twitter:label1\" content=\"Geschrieben von\" \/>\n\t<meta name=\"twitter:data1\" content=\"stefanie Zeng\" \/>\n\t<meta name=\"twitter:label2\" content=\"Gesch\u00e4tzte Lesezeit\" \/>\n\t<meta name=\"twitter:data2\" content=\"3\u00a0Minuten\" \/>\n<script type=\"application\/ld+json\" class=\"yoast-schema-graph\">{\"@context\":\"https:\\\/\\\/schema.org\",\"@graph\":[{\"@type\":\"Article\",\"@id\":\"https:\\\/\\\/news.save.ch\\\/fokus-bevoelkerungsschutz-zuercher-feuerwehrleute-trainieren-fuer-ein-grossflaechiges-elementarereignis\\\/#article\",\"isPartOf\":{\"@id\":\"https:\\\/\\\/news.save.ch\\\/fokus-bevoelkerungsschutz-zuercher-feuerwehrleute-trainieren-fuer-ein-grossflaechiges-elementarereignis\\\/\"},\"author\":{\"name\":\"stefanie Zeng\",\"@id\":\"https:\\\/\\\/news.save.ch\\\/de\\\/#\\\/schema\\\/person\\\/10917387362b3961e882740f6cf6f2a2\"},\"headline\":\"Fokus Bev\u00f6lkerungsschutz: Z\u00fcrcher Feuerwehrleute trainieren f\u00fcr ein grossfl\u00e4chiges Elementarereignis\",\"datePublished\":\"2025-12-08T18:32:15+00:00\",\"mainEntityOfPage\":{\"@id\":\"https:\\\/\\\/news.save.ch\\\/fokus-bevoelkerungsschutz-zuercher-feuerwehrleute-trainieren-fuer-ein-grossflaechiges-elementarereignis\\\/\"},\"wordCount\":461,\"publisher\":{\"@id\":\"https:\\\/\\\/news.save.ch\\\/de\\\/#organization\"},\"image\":{\"@id\":\"https:\\\/\\\/news.save.ch\\\/fokus-bevoelkerungsschutz-zuercher-feuerwehrleute-trainieren-fuer-ein-grossflaechiges-elementarereignis\\\/#primaryimage\"},\"thumbnailUrl\":\"https:\\\/\\\/news.save.ch\\\/wp-content\\\/uploads\\\/2025\\\/12\\\/Bildschirmfoto-2025-12-08-um-19.30.48-680x381.png\",\"articleSection\":[\"BRANDSCHUTZ\"],\"inLanguage\":\"de\"},{\"@type\":\"WebPage\",\"@id\":\"https:\\\/\\\/news.save.ch\\\/fokus-bevoelkerungsschutz-zuercher-feuerwehrleute-trainieren-fuer-ein-grossflaechiges-elementarereignis\\\/\",\"url\":\"https:\\\/\\\/news.save.ch\\\/fokus-bevoelkerungsschutz-zuercher-feuerwehrleute-trainieren-fuer-ein-grossflaechiges-elementarereignis\\\/\",\"name\":\"Fokus Bev\u00f6lkerungsschutz: Z\u00fcrcher Feuerwehrleute trainieren f\u00fcr ein grossfl\u00e4chiges Elementarereignis - Save\",\"isPartOf\":{\"@id\":\"https:\\\/\\\/news.save.ch\\\/de\\\/#website\"},\"primaryImageOfPage\":{\"@id\":\"https:\\\/\\\/news.save.ch\\\/fokus-bevoelkerungsschutz-zuercher-feuerwehrleute-trainieren-fuer-ein-grossflaechiges-elementarereignis\\\/#primaryimage\"},\"image\":{\"@id\":\"https:\\\/\\\/news.save.ch\\\/fokus-bevoelkerungsschutz-zuercher-feuerwehrleute-trainieren-fuer-ein-grossflaechiges-elementarereignis\\\/#primaryimage\"},\"thumbnailUrl\":\"https:\\\/\\\/news.save.ch\\\/wp-content\\\/uploads\\\/2025\\\/12\\\/Bildschirmfoto-2025-12-08-um-19.30.48-680x381.png\",\"datePublished\":\"2025-12-08T18:32:15+00:00\",\"description\":\"Ende Januar 2026 nehmen 200 Kommandantinnen und Kommandanten sowie Ausbildungsverantwortliche der Z\u00fcrcher Feuerwehren auf Europas gr\u00f6sster Trainingsbasis an einer dreit\u00e4gigen Ernstfall\u00fcbung teil.\",\"breadcrumb\":{\"@id\":\"https:\\\/\\\/news.save.ch\\\/fokus-bevoelkerungsschutz-zuercher-feuerwehrleute-trainieren-fuer-ein-grossflaechiges-elementarereignis\\\/#breadcrumb\"},\"inLanguage\":\"de\",\"potentialAction\":[{\"@type\":\"ReadAction\",\"target\":[\"https:\\\/\\\/news.save.ch\\\/fokus-bevoelkerungsschutz-zuercher-feuerwehrleute-trainieren-fuer-ein-grossflaechiges-elementarereignis\\\/\"]}]},{\"@type\":\"ImageObject\",\"inLanguage\":\"de\",\"@id\":\"https:\\\/\\\/news.save.ch\\\/fokus-bevoelkerungsschutz-zuercher-feuerwehrleute-trainieren-fuer-ein-grossflaechiges-elementarereignis\\\/#primaryimage\",\"url\":\"https:\\\/\\\/news.save.ch\\\/wp-content\\\/uploads\\\/2025\\\/12\\\/Bildschirmfoto-2025-12-08-um-19.30.48-680x381.png\",\"contentUrl\":\"https:\\\/\\\/news.save.ch\\\/wp-content\\\/uploads\\\/2025\\\/12\\\/Bildschirmfoto-2025-12-08-um-19.30.48-680x381.png\"},{\"@type\":\"BreadcrumbList\",\"@id\":\"https:\\\/\\\/news.save.ch\\\/fokus-bevoelkerungsschutz-zuercher-feuerwehrleute-trainieren-fuer-ein-grossflaechiges-elementarereignis\\\/#breadcrumb\",\"itemListElement\":[{\"@type\":\"ListItem\",\"position\":1,\"name\":\"Home\",\"item\":\"https:\\\/\\\/news.save.ch\\\/de\\\/\"},{\"@type\":\"ListItem\",\"position\":2,\"name\":\"Fokus Bev\u00f6lkerungsschutz: Z\u00fcrcher Feuerwehrleute trainieren f\u00fcr ein grossfl\u00e4chiges Elementarereignis\"}]},{\"@type\":\"WebSite\",\"@id\":\"https:\\\/\\\/news.save.ch\\\/de\\\/#website\",\"url\":\"https:\\\/\\\/news.save.ch\\\/de\\\/\",\"name\":\"Save\",\"description\":\"Schweizer Fachzeitschrift f\u00fcr Sicherheit\",\"publisher\":{\"@id\":\"https:\\\/\\\/news.save.ch\\\/de\\\/#organization\"},\"potentialAction\":[{\"@type\":\"SearchAction\",\"target\":{\"@type\":\"EntryPoint\",\"urlTemplate\":\"https:\\\/\\\/news.save.ch\\\/de\\\/?s={search_term_string}\"},\"query-input\":{\"@type\":\"PropertyValueSpecification\",\"valueRequired\":true,\"valueName\":\"search_term_string\"}}],\"inLanguage\":\"de\"},{\"@type\":\"Organization\",\"@id\":\"https:\\\/\\\/news.save.ch\\\/de\\\/#organization\",\"name\":\"Sicherheitsforum\",\"url\":\"https:\\\/\\\/news.save.ch\\\/de\\\/\",\"logo\":{\"@type\":\"ImageObject\",\"inLanguage\":\"de\",\"@id\":\"https:\\\/\\\/news.save.ch\\\/de\\\/#\\\/schema\\\/logo\\\/image\\\/\",\"url\":\"https:\\\/\\\/news.save.ch\\\/wp-content\\\/uploads\\\/2022\\\/06\\\/Logo_SF_2012.png\",\"contentUrl\":\"https:\\\/\\\/news.save.ch\\\/wp-content\\\/uploads\\\/2022\\\/06\\\/Logo_SF_2012.png\",\"width\":1100,\"height\":91,\"caption\":\"Sicherheitsforum\"},\"image\":{\"@id\":\"https:\\\/\\\/news.save.ch\\\/de\\\/#\\\/schema\\\/logo\\\/image\\\/\"}},{\"@type\":\"Person\",\"@id\":\"https:\\\/\\\/news.save.ch\\\/de\\\/#\\\/schema\\\/person\\\/10917387362b3961e882740f6cf6f2a2\",\"name\":\"stefanie Zeng\",\"image\":{\"@type\":\"ImageObject\",\"inLanguage\":\"de\",\"@id\":\"https:\\\/\\\/secure.gravatar.com\\\/avatar\\\/eac43faa6e40bb2c41068c95c9d78bbd94c476d5efdff7abaab80bb3ea681e06?s=96&d=mm&r=g\",\"url\":\"https:\\\/\\\/secure.gravatar.com\\\/avatar\\\/eac43faa6e40bb2c41068c95c9d78bbd94c476d5efdff7abaab80bb3ea681e06?s=96&d=mm&r=g\",\"contentUrl\":\"https:\\\/\\\/secure.gravatar.com\\\/avatar\\\/eac43faa6e40bb2c41068c95c9d78bbd94c476d5efdff7abaab80bb3ea681e06?s=96&d=mm&r=g\",\"caption\":\"stefanie Zeng\"},\"url\":\"https:\\\/\\\/news.save.ch\\\/de\\\/author\\\/stefanie-zeng\\\/\"}]}<\/script>\n<!-- \/ Yoast SEO plugin. -->","yoast_head_json":{"title":"Fokus Bev\u00f6lkerungsschutz: Z\u00fcrcher Feuerwehrleute trainieren f\u00fcr ein grossfl\u00e4chiges Elementarereignis - Save","description":"Ende Januar 2026 nehmen 200 Kommandantinnen und Kommandanten sowie Ausbildungsverantwortliche der Z\u00fcrcher Feuerwehren auf Europas gr\u00f6sster Trainingsbasis an einer dreit\u00e4gigen Ernstfall\u00fcbung teil.","robots":{"index":"index","follow":"follow","max-snippet":"max-snippet:-1","max-image-preview":"max-image-preview:large","max-video-preview":"max-video-preview:-1"},"canonical":"https:\/\/news.save.ch\/de\/fokus-bevoelkerungsschutz-zuercher-feuerwehrleute-trainieren-fuer-ein-grossflaechiges-elementarereignis\/","og_locale":"de_DE","og_type":"article","og_title":"Fokus Bev\u00f6lkerungsschutz: Z\u00fcrcher Feuerwehrleute trainieren f\u00fcr ein grossfl\u00e4chiges Elementarereignis - Save","og_description":"Ende Januar 2026 nehmen 200 Kommandantinnen und Kommandanten sowie Ausbildungsverantwortliche der Z\u00fcrcher Feuerwehren auf Europas gr\u00f6sster Trainingsbasis an einer dreit\u00e4gigen Ernstfall\u00fcbung teil.","og_url":"https:\/\/news.save.ch\/de\/fokus-bevoelkerungsschutz-zuercher-feuerwehrleute-trainieren-fuer-ein-grossflaechiges-elementarereignis\/","og_site_name":"Save","article_published_time":"2025-12-08T18:32:15+00:00","og_image":[{"width":1200,"height":672,"url":"https:\/\/news.save.ch\/wp-content\/uploads\/2025\/12\/Bildschirmfoto-2025-12-08-um-19.30.48.png","type":"image\/png"}],"author":"stefanie Zeng","twitter_card":"summary_large_image","twitter_misc":{"Geschrieben von":"stefanie Zeng","Gesch\u00e4tzte Lesezeit":"3\u00a0Minuten"},"schema":{"@context":"https:\/\/schema.org","@graph":[{"@type":"Article","@id":"https:\/\/news.save.ch\/fokus-bevoelkerungsschutz-zuercher-feuerwehrleute-trainieren-fuer-ein-grossflaechiges-elementarereignis\/#article","isPartOf":{"@id":"https:\/\/news.save.ch\/fokus-bevoelkerungsschutz-zuercher-feuerwehrleute-trainieren-fuer-ein-grossflaechiges-elementarereignis\/"},"author":{"name":"stefanie Zeng","@id":"https:\/\/news.save.ch\/de\/#\/schema\/person\/10917387362b3961e882740f6cf6f2a2"},"headline":"Fokus Bev\u00f6lkerungsschutz: Z\u00fcrcher Feuerwehrleute trainieren f\u00fcr ein grossfl\u00e4chiges Elementarereignis","datePublished":"2025-12-08T18:32:15+00:00","mainEntityOfPage":{"@id":"https:\/\/news.save.ch\/fokus-bevoelkerungsschutz-zuercher-feuerwehrleute-trainieren-fuer-ein-grossflaechiges-elementarereignis\/"},"wordCount":461,"publisher":{"@id":"https:\/\/news.save.ch\/de\/#organization"},"image":{"@id":"https:\/\/news.save.ch\/fokus-bevoelkerungsschutz-zuercher-feuerwehrleute-trainieren-fuer-ein-grossflaechiges-elementarereignis\/#primaryimage"},"thumbnailUrl":"https:\/\/news.save.ch\/wp-content\/uploads\/2025\/12\/Bildschirmfoto-2025-12-08-um-19.30.48-680x381.png","articleSection":["BRANDSCHUTZ"],"inLanguage":"de"},{"@type":"WebPage","@id":"https:\/\/news.save.ch\/fokus-bevoelkerungsschutz-zuercher-feuerwehrleute-trainieren-fuer-ein-grossflaechiges-elementarereignis\/","url":"https:\/\/news.save.ch\/fokus-bevoelkerungsschutz-zuercher-feuerwehrleute-trainieren-fuer-ein-grossflaechiges-elementarereignis\/","name":"Fokus Bev\u00f6lkerungsschutz: Z\u00fcrcher Feuerwehrleute trainieren f\u00fcr ein grossfl\u00e4chiges Elementarereignis - Save","isPartOf":{"@id":"https:\/\/news.save.ch\/de\/#website"},"primaryImageOfPage":{"@id":"https:\/\/news.save.ch\/fokus-bevoelkerungsschutz-zuercher-feuerwehrleute-trainieren-fuer-ein-grossflaechiges-elementarereignis\/#primaryimage"},"image":{"@id":"https:\/\/news.save.ch\/fokus-bevoelkerungsschutz-zuercher-feuerwehrleute-trainieren-fuer-ein-grossflaechiges-elementarereignis\/#primaryimage"},"thumbnailUrl":"https:\/\/news.save.ch\/wp-content\/uploads\/2025\/12\/Bildschirmfoto-2025-12-08-um-19.30.48-680x381.png","datePublished":"2025-12-08T18:32:15+00:00","description":"Ende Januar 2026 nehmen 200 Kommandantinnen und Kommandanten sowie Ausbildungsverantwortliche der Z\u00fcrcher Feuerwehren auf Europas gr\u00f6sster Trainingsbasis an einer dreit\u00e4gigen Ernstfall\u00fcbung teil.","breadcrumb":{"@id":"https:\/\/news.save.ch\/fokus-bevoelkerungsschutz-zuercher-feuerwehrleute-trainieren-fuer-ein-grossflaechiges-elementarereignis\/#breadcrumb"},"inLanguage":"de","potentialAction":[{"@type":"ReadAction","target":["https:\/\/news.save.ch\/fokus-bevoelkerungsschutz-zuercher-feuerwehrleute-trainieren-fuer-ein-grossflaechiges-elementarereignis\/"]}]},{"@type":"ImageObject","inLanguage":"de","@id":"https:\/\/news.save.ch\/fokus-bevoelkerungsschutz-zuercher-feuerwehrleute-trainieren-fuer-ein-grossflaechiges-elementarereignis\/#primaryimage","url":"https:\/\/news.save.ch\/wp-content\/uploads\/2025\/12\/Bildschirmfoto-2025-12-08-um-19.30.48-680x381.png","contentUrl":"https:\/\/news.save.ch\/wp-content\/uploads\/2025\/12\/Bildschirmfoto-2025-12-08-um-19.30.48-680x381.png"},{"@type":"BreadcrumbList","@id":"https:\/\/news.save.ch\/fokus-bevoelkerungsschutz-zuercher-feuerwehrleute-trainieren-fuer-ein-grossflaechiges-elementarereignis\/#breadcrumb","itemListElement":[{"@type":"ListItem","position":1,"name":"Home","item":"https:\/\/news.save.ch\/de\/"},{"@type":"ListItem","position":2,"name":"Fokus Bev\u00f6lkerungsschutz: Z\u00fcrcher Feuerwehrleute trainieren f\u00fcr ein grossfl\u00e4chiges Elementarereignis"}]},{"@type":"WebSite","@id":"https:\/\/news.save.ch\/de\/#website","url":"https:\/\/news.save.ch\/de\/","name":"Save","description":"Schweizer Fachzeitschrift f\u00fcr Sicherheit","publisher":{"@id":"https:\/\/news.save.ch\/de\/#organization"},"potentialAction":[{"@type":"SearchAction","target":{"@type":"EntryPoint","urlTemplate":"https:\/\/news.save.ch\/de\/?s={search_term_string}"},"query-input":{"@type":"PropertyValueSpecification","valueRequired":true,"valueName":"search_term_string"}}],"inLanguage":"de"},{"@type":"Organization","@id":"https:\/\/news.save.ch\/de\/#organization","name":"Sicherheitsforum","url":"https:\/\/news.save.ch\/de\/","logo":{"@type":"ImageObject","inLanguage":"de","@id":"https:\/\/news.save.ch\/de\/#\/schema\/logo\/image\/","url":"https:\/\/news.save.ch\/wp-content\/uploads\/2022\/06\/Logo_SF_2012.png","contentUrl":"https:\/\/news.save.ch\/wp-content\/uploads\/2022\/06\/Logo_SF_2012.png","width":1100,"height":91,"caption":"Sicherheitsforum"},"image":{"@id":"https:\/\/news.save.ch\/de\/#\/schema\/logo\/image\/"}},{"@type":"Person","@id":"https:\/\/news.save.ch\/de\/#\/schema\/person\/10917387362b3961e882740f6cf6f2a2","name":"stefanie Zeng","image":{"@type":"ImageObject","inLanguage":"de","@id":"https:\/\/secure.gravatar.com\/avatar\/eac43faa6e40bb2c41068c95c9d78bbd94c476d5efdff7abaab80bb3ea681e06?s=96&d=mm&r=g","url":"https:\/\/secure.gravatar.com\/avatar\/eac43faa6e40bb2c41068c95c9d78bbd94c476d5efdff7abaab80bb3ea681e06?s=96&d=mm&r=g","contentUrl":"https:\/\/secure.gravatar.com\/avatar\/eac43faa6e40bb2c41068c95c9d78bbd94c476d5efdff7abaab80bb3ea681e06?s=96&d=mm&r=g","caption":"stefanie Zeng"},"url":"https:\/\/news.save.ch\/de\/author\/stefanie-zeng\/"}]}},"_links":{"self":[{"href":"https:\/\/news.save.ch\/de\/wp-json\/wp\/v2\/posts\/24795","targetHints":{"allow":["GET"]}}],"collection":[{"href":"https:\/\/news.save.ch\/de\/wp-json\/wp\/v2\/posts"}],"about":[{"href":"https:\/\/news.save.ch\/de\/wp-json\/wp\/v2\/types\/post"}],"author":[{"embeddable":true,"href":"https:\/\/news.save.ch\/de\/wp-json\/wp\/v2\/users\/31"}],"replies":[{"embeddable":true,"href":"https:\/\/news.save.ch\/de\/wp-json\/wp\/v2\/comments?post=24795"}],"version-history":[{"count":1,"href":"https:\/\/news.save.ch\/de\/wp-json\/wp\/v2\/posts\/24795\/revisions"}],"predecessor-version":[{"id":24797,"href":"https:\/\/news.save.ch\/de\/wp-json\/wp\/v2\/posts\/24795\/revisions\/24797"}],"wp:attachment":[{"href":"https:\/\/news.save.ch\/de\/wp-json\/wp\/v2\/media?parent=24795"}],"wp:term":[{"taxonomy":"category","embeddable":true,"href":"https:\/\/news.save.ch\/de\/wp-json\/wp\/v2\/categories?post=24795"},{"taxonomy":"post_tag","embeddable":true,"href":"https:\/\/news.save.ch\/de\/wp-json\/wp\/v2\/tags?post=24795"}],"curies":[{"name":"wp","href":"https:\/\/api.w.org\/{rel}","templated":true}]}}