{"id":24805,"date":"2025-11-27T09:53:15","date_gmt":"2025-11-27T08:53:15","guid":{"rendered":"https:\/\/news.save.ch\/?p=24805"},"modified":"2025-12-10T10:47:36","modified_gmt":"2025-12-10T09:47:36","slug":"unnoetige-strahlung-bei-radiologischen-untersuchungen-und-behandlungen-soll-weiter-reduziert-werden","status":null,"type":"post","link":"https:\/\/news.save.ch\/de\/unnoetige-strahlung-bei-radiologischen-untersuchungen-und-behandlungen-soll-weiter-reduziert-werden\/","title":{"rendered":"Unn\u00f6tige Strahlung bei radiologischen Untersuchungen und Behandlungen soll weiter reduziert werden"},"content":{"rendered":"<figure id=\"attachment_24806\" aria-describedby=\"caption-attachment-24806\" style=\"width: 680px\" class=\"wp-caption alignnone\"><img loading=\"lazy\" decoding=\"async\" class=\"size-medium wp-image-24806\" src=\"https:\/\/news.save.ch\/wp-content\/uploads\/2025\/12\/Depositphotos_404952416_S-680x454.jpg\" alt=\"\" width=\"680\" height=\"454\" srcset=\"https:\/\/news.save.ch\/wp-content\/uploads\/2025\/12\/Depositphotos_404952416_S-680x454.jpg 680w, https:\/\/news.save.ch\/wp-content\/uploads\/2025\/12\/Depositphotos_404952416_S-768x512.jpg 768w, https:\/\/news.save.ch\/wp-content\/uploads\/2025\/12\/Depositphotos_404952416_S-18x12.jpg 18w, https:\/\/news.save.ch\/wp-content\/uploads\/2025\/12\/Depositphotos_404952416_S-375x250.jpg 375w, https:\/\/news.save.ch\/wp-content\/uploads\/2025\/12\/Depositphotos_404952416_S-525x350.jpg 525w, https:\/\/news.save.ch\/wp-content\/uploads\/2025\/12\/Depositphotos_404952416_S.jpg 1000w\" sizes=\"auto, (max-width: 680px) 100vw, 680px\" \/><figcaption id=\"caption-attachment-24806\" class=\"wp-caption-text\">Foto: Depositphotos\/wedmov<\/figcaption><\/figure>\n<p id=\"doc-1jb25js8a0\" class=\"font--regular\">In der Schweiz ist die durchschnittliche Strahlenexposition der Bev\u00f6lkerung durch medizinische Anwendungen in den letzten 20 Jahren um rund 40 Prozent gestiegen. Hauptgrund daf\u00fcr ist die zunehmende Zahl von Computertomografie-Untersuchungen.<\/p>\n<p id=\"doc-1jb25lctl0\" class=\"font--regular\">Angesichts der Auswirkungen ionisierender Strahlung auf die Gesundheit, wurden in der ganzen Schweiz in \u00fcber 190 Betrieben klinische Audits in den Bereichen Radiologie und Nuklearmedizin, Radiotherapie sowie Kardiologie durchgef\u00fchrt. Diese haben ergeben, dass die Betriebe beim Strahlenschutz organisatorisch gut aufgestellt sind. Verbesserungspotential gibt es beispielsweise bei der Frage, ob die Untersuchung gerechtfertigt ist oder auch ohne Strahlung m\u00f6glich w\u00e4re.<\/p>\n<p id=\"doc-1jb25lctn0\" class=\"font--regular\">Auch f\u00fcr die Verringerung der Strahlenbelastung erwiesen sich die Begutachtungen vor Ort als sehr n\u00fctzlich \u2013 auf beiden Seiten: Zum einen wurde die Anwendung von ionisierender Strahlung in den untersuchten Bertrieben optimiert. So zeigte etwa eine Studie der Klinik f\u00fcr Kardiologie des Universit\u00e4tsspitals Z\u00fcrich, dass die Strahlendosis pro Patienten bzw. beim Einsetzen von Herzschrittmachern durch klinische Audits deutlich verringert werden konnte. Die Audits tragen in den Betrieben auch dazu bei, den Strahlenschutz f\u00fcr das Personal im Operationssaal zu verbessern. Zum anderen konnten durch die Erkenntnisse der Fachpersonen, welche die Audits durchf\u00fchrten, Prozesse im Betrieb angepasst werden.<\/p>\n<p id=\"doc-1jb25lcto0\" class=\"font--regular\">Die Strahlenschutzverordnung sieht seit 2018 die M\u00f6glichkeit vor, alle f\u00fcnf Jahre klinische Audits in Betrieben mit Anwendungen von medizinischer Strahlung durchzuf\u00fchren. Die zust\u00e4ndigen Fachgesellschaften waren von Anfang an eng in das Projekt des Bundesamtes f\u00fcr Gesundheit (BAG) einbezogen. Dies st\u00e4rkte die Akzeptanz des Projekts und f\u00f6rderte die enge Zusammenarbeit aller Beteiligten.<\/p>\n<p id=\"doc-1jb25lctp0\" class=\"font--regular\">Anfang 2026 wird das Projekt in ein nationales Programm \u00fcberf\u00fchrt. K\u00fcnftig sollen pro Jahr gegen 30 Betriebe in der ganzen Schweiz einem Audit unterzogen werden. Ab 2030 ist eine Bewertung des Programms durch das BAG geplant.<\/p>\n","protected":false},"excerpt":{"rendered":"<p>In der Schweiz ist die durchschnittliche Strahlenexposition der Bev\u00f6lkerung durch medizinische Anwendungen in den letzten 20 Jahren um rund 40 Prozent gestiegen. Hauptgrund daf\u00fcr ist die zunehmende Zahl von Computertomografie-Untersuchungen. Angesichts der Auswirkungen ionisierender Strahlung auf die Gesundheit, wurden in der ganzen Schweiz in \u00fcber 190 Betrieben klinische Audits in den Bereichen Radiologie und Nuklearmedizin, [&hellip;]<\/p>\n","protected":false},"author":31,"featured_media":0,"comment_status":"closed","ping_status":"closed","sticky":false,"template":"","format":"standard","meta":{"_acf_changed":false,"pgc_sgb_lightbox_settings":"","footnotes":""},"categories":[3314],"tags":[2640,3005],"class_list":["post-24805","post","type-post","status-publish","format-standard","hentry","category-health-safety","tag-nuklearmedizin","tag-strahlung"],"acf":[],"hkrextid":null,"publication":null,"issue":null,"workflow":null,"startPage":null,"spitzmarke":null,"_posts_by_tag_page_fields":null,"_at_widget":null,"_yoast_wpseo_primary_category":"3314","_yoast_wpseo_focuskw_text_input":null,"_yoast_wpseo_opengraph-image":null,"_yoast_wpseo_opengraph-description":null,"_yoast_wpseo_opengraph-title":null,"enclosure":null,"_yoast_wpseo_twitter-title":null,"_yoast_wpseo_twitter-description":null,"_yoast_wpseo_twitter-image":null,"_wp_old_slug":null,"_yoast_wpseo_title":null,"_yoast_wpseo_canonical":null,"yoast_head":"<!-- This site is optimized with the Yoast SEO plugin v27.4 - https:\/\/yoast.com\/product\/yoast-seo-wordpress\/ -->\n<title>Unn\u00f6tige Strahlung bei radiologischen Untersuchungen und Behandlungen soll weiter reduziert werden - Save<\/title>\n<meta name=\"description\" content=\"Unn\u00f6tige Strahlung bei radiologischen Untersuchungen und Behandlungen soll weiter reduziert werden.\" \/>\n<meta name=\"robots\" content=\"index, follow, max-snippet:-1, max-image-preview:large, max-video-preview:-1\" \/>\n<link rel=\"canonical\" href=\"https:\/\/news.save.ch\/de\/unnoetige-strahlung-bei-radiologischen-untersuchungen-und-behandlungen-soll-weiter-reduziert-werden\/\" \/>\n<meta property=\"og:locale\" content=\"de_DE\" \/>\n<meta property=\"og:type\" content=\"article\" \/>\n<meta property=\"og:title\" content=\"Unn\u00f6tige Strahlung bei radiologischen Untersuchungen und Behandlungen soll weiter reduziert werden - Save\" \/>\n<meta property=\"og:description\" content=\"Unn\u00f6tige Strahlung bei radiologischen Untersuchungen und Behandlungen soll weiter reduziert werden.\" \/>\n<meta property=\"og:url\" content=\"https:\/\/news.save.ch\/de\/unnoetige-strahlung-bei-radiologischen-untersuchungen-und-behandlungen-soll-weiter-reduziert-werden\/\" \/>\n<meta property=\"og:site_name\" content=\"Save\" \/>\n<meta property=\"article:published_time\" content=\"2025-11-27T08:53:15+00:00\" \/>\n<meta property=\"article:modified_time\" content=\"2025-12-10T09:47:36+00:00\" \/>\n<meta property=\"og:image\" content=\"https:\/\/news.save.ch\/wp-content\/uploads\/2025\/12\/Depositphotos_404952416_S.jpg\" \/>\n\t<meta property=\"og:image:width\" content=\"1000\" \/>\n\t<meta property=\"og:image:height\" content=\"667\" \/>\n\t<meta property=\"og:image:type\" content=\"image\/jpeg\" \/>\n<meta name=\"author\" content=\"stefanie Zeng\" \/>\n<meta name=\"twitter:card\" content=\"summary_large_image\" \/>\n<meta name=\"twitter:label1\" content=\"Geschrieben von\" \/>\n\t<meta name=\"twitter:data1\" content=\"stefanie Zeng\" \/>\n\t<meta name=\"twitter:label2\" content=\"Gesch\u00e4tzte Lesezeit\" \/>\n\t<meta name=\"twitter:data2\" content=\"2\u00a0Minuten\" \/>\n<script type=\"application\/ld+json\" class=\"yoast-schema-graph\">{\"@context\":\"https:\\\/\\\/schema.org\",\"@graph\":[{\"@type\":\"Article\",\"@id\":\"https:\\\/\\\/news.save.ch\\\/unnoetige-strahlung-bei-radiologischen-untersuchungen-und-behandlungen-soll-weiter-reduziert-werden\\\/#article\",\"isPartOf\":{\"@id\":\"https:\\\/\\\/news.save.ch\\\/unnoetige-strahlung-bei-radiologischen-untersuchungen-und-behandlungen-soll-weiter-reduziert-werden\\\/\"},\"author\":{\"name\":\"stefanie Zeng\",\"@id\":\"https:\\\/\\\/news.save.ch\\\/de\\\/#\\\/schema\\\/person\\\/10917387362b3961e882740f6cf6f2a2\"},\"headline\":\"Unn\u00f6tige Strahlung bei radiologischen Untersuchungen und Behandlungen soll weiter reduziert werden\",\"datePublished\":\"2025-11-27T08:53:15+00:00\",\"dateModified\":\"2025-12-10T09:47:36+00:00\",\"mainEntityOfPage\":{\"@id\":\"https:\\\/\\\/news.save.ch\\\/unnoetige-strahlung-bei-radiologischen-untersuchungen-und-behandlungen-soll-weiter-reduziert-werden\\\/\"},\"wordCount\":307,\"publisher\":{\"@id\":\"https:\\\/\\\/news.save.ch\\\/de\\\/#organization\"},\"image\":{\"@id\":\"https:\\\/\\\/news.save.ch\\\/unnoetige-strahlung-bei-radiologischen-untersuchungen-und-behandlungen-soll-weiter-reduziert-werden\\\/#primaryimage\"},\"thumbnailUrl\":\"https:\\\/\\\/news.save.ch\\\/wp-content\\\/uploads\\\/2025\\\/12\\\/Depositphotos_404952416_S-680x454.jpg\",\"keywords\":[\"Nuklearmedizin\",\"Strahlung\"],\"articleSection\":[\"HEALTH &amp; SAFETY\"],\"inLanguage\":\"de\"},{\"@type\":\"WebPage\",\"@id\":\"https:\\\/\\\/news.save.ch\\\/unnoetige-strahlung-bei-radiologischen-untersuchungen-und-behandlungen-soll-weiter-reduziert-werden\\\/\",\"url\":\"https:\\\/\\\/news.save.ch\\\/unnoetige-strahlung-bei-radiologischen-untersuchungen-und-behandlungen-soll-weiter-reduziert-werden\\\/\",\"name\":\"Unn\u00f6tige Strahlung bei radiologischen Untersuchungen und Behandlungen soll weiter reduziert werden - Save\",\"isPartOf\":{\"@id\":\"https:\\\/\\\/news.save.ch\\\/de\\\/#website\"},\"primaryImageOfPage\":{\"@id\":\"https:\\\/\\\/news.save.ch\\\/unnoetige-strahlung-bei-radiologischen-untersuchungen-und-behandlungen-soll-weiter-reduziert-werden\\\/#primaryimage\"},\"image\":{\"@id\":\"https:\\\/\\\/news.save.ch\\\/unnoetige-strahlung-bei-radiologischen-untersuchungen-und-behandlungen-soll-weiter-reduziert-werden\\\/#primaryimage\"},\"thumbnailUrl\":\"https:\\\/\\\/news.save.ch\\\/wp-content\\\/uploads\\\/2025\\\/12\\\/Depositphotos_404952416_S-680x454.jpg\",\"datePublished\":\"2025-11-27T08:53:15+00:00\",\"dateModified\":\"2025-12-10T09:47:36+00:00\",\"description\":\"Unn\u00f6tige Strahlung bei radiologischen Untersuchungen und Behandlungen soll weiter reduziert werden.\",\"breadcrumb\":{\"@id\":\"https:\\\/\\\/news.save.ch\\\/unnoetige-strahlung-bei-radiologischen-untersuchungen-und-behandlungen-soll-weiter-reduziert-werden\\\/#breadcrumb\"},\"inLanguage\":\"de\",\"potentialAction\":[{\"@type\":\"ReadAction\",\"target\":[\"https:\\\/\\\/news.save.ch\\\/unnoetige-strahlung-bei-radiologischen-untersuchungen-und-behandlungen-soll-weiter-reduziert-werden\\\/\"]}]},{\"@type\":\"ImageObject\",\"inLanguage\":\"de\",\"@id\":\"https:\\\/\\\/news.save.ch\\\/unnoetige-strahlung-bei-radiologischen-untersuchungen-und-behandlungen-soll-weiter-reduziert-werden\\\/#primaryimage\",\"url\":\"https:\\\/\\\/news.save.ch\\\/wp-content\\\/uploads\\\/2025\\\/12\\\/Depositphotos_404952416_S-680x454.jpg\",\"contentUrl\":\"https:\\\/\\\/news.save.ch\\\/wp-content\\\/uploads\\\/2025\\\/12\\\/Depositphotos_404952416_S-680x454.jpg\"},{\"@type\":\"BreadcrumbList\",\"@id\":\"https:\\\/\\\/news.save.ch\\\/unnoetige-strahlung-bei-radiologischen-untersuchungen-und-behandlungen-soll-weiter-reduziert-werden\\\/#breadcrumb\",\"itemListElement\":[{\"@type\":\"ListItem\",\"position\":1,\"name\":\"Home\",\"item\":\"https:\\\/\\\/news.save.ch\\\/de\\\/\"},{\"@type\":\"ListItem\",\"position\":2,\"name\":\"Unn\u00f6tige Strahlung bei radiologischen Untersuchungen und Behandlungen soll weiter reduziert werden\"}]},{\"@type\":\"WebSite\",\"@id\":\"https:\\\/\\\/news.save.ch\\\/de\\\/#website\",\"url\":\"https:\\\/\\\/news.save.ch\\\/de\\\/\",\"name\":\"Save\",\"description\":\"Schweizer Fachzeitschrift f\u00fcr Sicherheit\",\"publisher\":{\"@id\":\"https:\\\/\\\/news.save.ch\\\/de\\\/#organization\"},\"potentialAction\":[{\"@type\":\"SearchAction\",\"target\":{\"@type\":\"EntryPoint\",\"urlTemplate\":\"https:\\\/\\\/news.save.ch\\\/de\\\/?s={search_term_string}\"},\"query-input\":{\"@type\":\"PropertyValueSpecification\",\"valueRequired\":true,\"valueName\":\"search_term_string\"}}],\"inLanguage\":\"de\"},{\"@type\":\"Organization\",\"@id\":\"https:\\\/\\\/news.save.ch\\\/de\\\/#organization\",\"name\":\"Sicherheitsforum\",\"url\":\"https:\\\/\\\/news.save.ch\\\/de\\\/\",\"logo\":{\"@type\":\"ImageObject\",\"inLanguage\":\"de\",\"@id\":\"https:\\\/\\\/news.save.ch\\\/de\\\/#\\\/schema\\\/logo\\\/image\\\/\",\"url\":\"https:\\\/\\\/news.save.ch\\\/wp-content\\\/uploads\\\/2022\\\/06\\\/Logo_SF_2012.png\",\"contentUrl\":\"https:\\\/\\\/news.save.ch\\\/wp-content\\\/uploads\\\/2022\\\/06\\\/Logo_SF_2012.png\",\"width\":1100,\"height\":91,\"caption\":\"Sicherheitsforum\"},\"image\":{\"@id\":\"https:\\\/\\\/news.save.ch\\\/de\\\/#\\\/schema\\\/logo\\\/image\\\/\"}},{\"@type\":\"Person\",\"@id\":\"https:\\\/\\\/news.save.ch\\\/de\\\/#\\\/schema\\\/person\\\/10917387362b3961e882740f6cf6f2a2\",\"name\":\"stefanie Zeng\",\"image\":{\"@type\":\"ImageObject\",\"inLanguage\":\"de\",\"@id\":\"https:\\\/\\\/secure.gravatar.com\\\/avatar\\\/eac43faa6e40bb2c41068c95c9d78bbd94c476d5efdff7abaab80bb3ea681e06?s=96&d=mm&r=g\",\"url\":\"https:\\\/\\\/secure.gravatar.com\\\/avatar\\\/eac43faa6e40bb2c41068c95c9d78bbd94c476d5efdff7abaab80bb3ea681e06?s=96&d=mm&r=g\",\"contentUrl\":\"https:\\\/\\\/secure.gravatar.com\\\/avatar\\\/eac43faa6e40bb2c41068c95c9d78bbd94c476d5efdff7abaab80bb3ea681e06?s=96&d=mm&r=g\",\"caption\":\"stefanie Zeng\"},\"url\":\"https:\\\/\\\/news.save.ch\\\/de\\\/author\\\/stefanie-zeng\\\/\"}]}<\/script>\n<!-- \/ Yoast SEO plugin. -->","yoast_head_json":{"title":"Unn\u00f6tige Strahlung bei radiologischen Untersuchungen und Behandlungen soll weiter reduziert werden - Save","description":"Unn\u00f6tige Strahlung bei radiologischen Untersuchungen und Behandlungen soll weiter reduziert werden.","robots":{"index":"index","follow":"follow","max-snippet":"max-snippet:-1","max-image-preview":"max-image-preview:large","max-video-preview":"max-video-preview:-1"},"canonical":"https:\/\/news.save.ch\/de\/unnoetige-strahlung-bei-radiologischen-untersuchungen-und-behandlungen-soll-weiter-reduziert-werden\/","og_locale":"de_DE","og_type":"article","og_title":"Unn\u00f6tige Strahlung bei radiologischen Untersuchungen und Behandlungen soll weiter reduziert werden - Save","og_description":"Unn\u00f6tige Strahlung bei radiologischen Untersuchungen und Behandlungen soll weiter reduziert werden.","og_url":"https:\/\/news.save.ch\/de\/unnoetige-strahlung-bei-radiologischen-untersuchungen-und-behandlungen-soll-weiter-reduziert-werden\/","og_site_name":"Save","article_published_time":"2025-11-27T08:53:15+00:00","article_modified_time":"2025-12-10T09:47:36+00:00","og_image":[{"width":1000,"height":667,"url":"https:\/\/news.save.ch\/wp-content\/uploads\/2025\/12\/Depositphotos_404952416_S.jpg","type":"image\/jpeg"}],"author":"stefanie Zeng","twitter_card":"summary_large_image","twitter_misc":{"Geschrieben von":"stefanie Zeng","Gesch\u00e4tzte Lesezeit":"2\u00a0Minuten"},"schema":{"@context":"https:\/\/schema.org","@graph":[{"@type":"Article","@id":"https:\/\/news.save.ch\/unnoetige-strahlung-bei-radiologischen-untersuchungen-und-behandlungen-soll-weiter-reduziert-werden\/#article","isPartOf":{"@id":"https:\/\/news.save.ch\/unnoetige-strahlung-bei-radiologischen-untersuchungen-und-behandlungen-soll-weiter-reduziert-werden\/"},"author":{"name":"stefanie Zeng","@id":"https:\/\/news.save.ch\/de\/#\/schema\/person\/10917387362b3961e882740f6cf6f2a2"},"headline":"Unn\u00f6tige Strahlung bei radiologischen Untersuchungen und Behandlungen soll weiter reduziert werden","datePublished":"2025-11-27T08:53:15+00:00","dateModified":"2025-12-10T09:47:36+00:00","mainEntityOfPage":{"@id":"https:\/\/news.save.ch\/unnoetige-strahlung-bei-radiologischen-untersuchungen-und-behandlungen-soll-weiter-reduziert-werden\/"},"wordCount":307,"publisher":{"@id":"https:\/\/news.save.ch\/de\/#organization"},"image":{"@id":"https:\/\/news.save.ch\/unnoetige-strahlung-bei-radiologischen-untersuchungen-und-behandlungen-soll-weiter-reduziert-werden\/#primaryimage"},"thumbnailUrl":"https:\/\/news.save.ch\/wp-content\/uploads\/2025\/12\/Depositphotos_404952416_S-680x454.jpg","keywords":["Nuklearmedizin","Strahlung"],"articleSection":["HEALTH &amp; SAFETY"],"inLanguage":"de"},{"@type":"WebPage","@id":"https:\/\/news.save.ch\/unnoetige-strahlung-bei-radiologischen-untersuchungen-und-behandlungen-soll-weiter-reduziert-werden\/","url":"https:\/\/news.save.ch\/unnoetige-strahlung-bei-radiologischen-untersuchungen-und-behandlungen-soll-weiter-reduziert-werden\/","name":"Unn\u00f6tige Strahlung bei radiologischen Untersuchungen und Behandlungen soll weiter reduziert werden - Save","isPartOf":{"@id":"https:\/\/news.save.ch\/de\/#website"},"primaryImageOfPage":{"@id":"https:\/\/news.save.ch\/unnoetige-strahlung-bei-radiologischen-untersuchungen-und-behandlungen-soll-weiter-reduziert-werden\/#primaryimage"},"image":{"@id":"https:\/\/news.save.ch\/unnoetige-strahlung-bei-radiologischen-untersuchungen-und-behandlungen-soll-weiter-reduziert-werden\/#primaryimage"},"thumbnailUrl":"https:\/\/news.save.ch\/wp-content\/uploads\/2025\/12\/Depositphotos_404952416_S-680x454.jpg","datePublished":"2025-11-27T08:53:15+00:00","dateModified":"2025-12-10T09:47:36+00:00","description":"Unn\u00f6tige Strahlung bei radiologischen Untersuchungen und Behandlungen soll weiter reduziert werden.","breadcrumb":{"@id":"https:\/\/news.save.ch\/unnoetige-strahlung-bei-radiologischen-untersuchungen-und-behandlungen-soll-weiter-reduziert-werden\/#breadcrumb"},"inLanguage":"de","potentialAction":[{"@type":"ReadAction","target":["https:\/\/news.save.ch\/unnoetige-strahlung-bei-radiologischen-untersuchungen-und-behandlungen-soll-weiter-reduziert-werden\/"]}]},{"@type":"ImageObject","inLanguage":"de","@id":"https:\/\/news.save.ch\/unnoetige-strahlung-bei-radiologischen-untersuchungen-und-behandlungen-soll-weiter-reduziert-werden\/#primaryimage","url":"https:\/\/news.save.ch\/wp-content\/uploads\/2025\/12\/Depositphotos_404952416_S-680x454.jpg","contentUrl":"https:\/\/news.save.ch\/wp-content\/uploads\/2025\/12\/Depositphotos_404952416_S-680x454.jpg"},{"@type":"BreadcrumbList","@id":"https:\/\/news.save.ch\/unnoetige-strahlung-bei-radiologischen-untersuchungen-und-behandlungen-soll-weiter-reduziert-werden\/#breadcrumb","itemListElement":[{"@type":"ListItem","position":1,"name":"Home","item":"https:\/\/news.save.ch\/de\/"},{"@type":"ListItem","position":2,"name":"Unn\u00f6tige Strahlung bei radiologischen Untersuchungen und Behandlungen soll weiter reduziert werden"}]},{"@type":"WebSite","@id":"https:\/\/news.save.ch\/de\/#website","url":"https:\/\/news.save.ch\/de\/","name":"Save","description":"Schweizer Fachzeitschrift f\u00fcr Sicherheit","publisher":{"@id":"https:\/\/news.save.ch\/de\/#organization"},"potentialAction":[{"@type":"SearchAction","target":{"@type":"EntryPoint","urlTemplate":"https:\/\/news.save.ch\/de\/?s={search_term_string}"},"query-input":{"@type":"PropertyValueSpecification","valueRequired":true,"valueName":"search_term_string"}}],"inLanguage":"de"},{"@type":"Organization","@id":"https:\/\/news.save.ch\/de\/#organization","name":"Sicherheitsforum","url":"https:\/\/news.save.ch\/de\/","logo":{"@type":"ImageObject","inLanguage":"de","@id":"https:\/\/news.save.ch\/de\/#\/schema\/logo\/image\/","url":"https:\/\/news.save.ch\/wp-content\/uploads\/2022\/06\/Logo_SF_2012.png","contentUrl":"https:\/\/news.save.ch\/wp-content\/uploads\/2022\/06\/Logo_SF_2012.png","width":1100,"height":91,"caption":"Sicherheitsforum"},"image":{"@id":"https:\/\/news.save.ch\/de\/#\/schema\/logo\/image\/"}},{"@type":"Person","@id":"https:\/\/news.save.ch\/de\/#\/schema\/person\/10917387362b3961e882740f6cf6f2a2","name":"stefanie Zeng","image":{"@type":"ImageObject","inLanguage":"de","@id":"https:\/\/secure.gravatar.com\/avatar\/eac43faa6e40bb2c41068c95c9d78bbd94c476d5efdff7abaab80bb3ea681e06?s=96&d=mm&r=g","url":"https:\/\/secure.gravatar.com\/avatar\/eac43faa6e40bb2c41068c95c9d78bbd94c476d5efdff7abaab80bb3ea681e06?s=96&d=mm&r=g","contentUrl":"https:\/\/secure.gravatar.com\/avatar\/eac43faa6e40bb2c41068c95c9d78bbd94c476d5efdff7abaab80bb3ea681e06?s=96&d=mm&r=g","caption":"stefanie Zeng"},"url":"https:\/\/news.save.ch\/de\/author\/stefanie-zeng\/"}]}},"_links":{"self":[{"href":"https:\/\/news.save.ch\/de\/wp-json\/wp\/v2\/posts\/24805","targetHints":{"allow":["GET"]}}],"collection":[{"href":"https:\/\/news.save.ch\/de\/wp-json\/wp\/v2\/posts"}],"about":[{"href":"https:\/\/news.save.ch\/de\/wp-json\/wp\/v2\/types\/post"}],"author":[{"embeddable":true,"href":"https:\/\/news.save.ch\/de\/wp-json\/wp\/v2\/users\/31"}],"replies":[{"embeddable":true,"href":"https:\/\/news.save.ch\/de\/wp-json\/wp\/v2\/comments?post=24805"}],"version-history":[{"count":2,"href":"https:\/\/news.save.ch\/de\/wp-json\/wp\/v2\/posts\/24805\/revisions"}],"predecessor-version":[{"id":24808,"href":"https:\/\/news.save.ch\/de\/wp-json\/wp\/v2\/posts\/24805\/revisions\/24808"}],"wp:attachment":[{"href":"https:\/\/news.save.ch\/de\/wp-json\/wp\/v2\/media?parent=24805"}],"wp:term":[{"taxonomy":"category","embeddable":true,"href":"https:\/\/news.save.ch\/de\/wp-json\/wp\/v2\/categories?post=24805"},{"taxonomy":"post_tag","embeddable":true,"href":"https:\/\/news.save.ch\/de\/wp-json\/wp\/v2\/tags?post=24805"}],"curies":[{"name":"wp","href":"https:\/\/api.w.org\/{rel}","templated":true}]}}