{"id":24826,"date":"2025-12-15T13:18:16","date_gmt":"2025-12-15T12:18:16","guid":{"rendered":"https:\/\/news.save.ch\/?p=24826"},"modified":"2025-12-15T13:32:28","modified_gmt":"2025-12-15T12:32:28","slug":"30-bis-39-jaehrige-sterben-am-haeufigsten-bei-alkoholbedingten-verkehrsunfaellen","status":null,"type":"post","link":"https:\/\/news.save.ch\/de\/30-bis-39-jaehrige-sterben-am-haeufigsten-bei-alkoholbedingten-verkehrsunfaellen\/","title":{"rendered":"30 bis 39-J\u00e4hrige sterben am h\u00e4ufigsten bei alkoholbedingten Verkehrsunf\u00e4llen"},"content":{"rendered":"<figure id=\"attachment_24827\" aria-describedby=\"caption-attachment-24827\" style=\"width: 680px\" class=\"wp-caption alignnone\"><img loading=\"lazy\" decoding=\"async\" class=\"size-medium wp-image-24827\" src=\"https:\/\/news.save.ch\/wp-content\/uploads\/2025\/12\/Depositphotos_135204070_S-680x454.jpg\" alt=\"\" width=\"680\" height=\"454\" srcset=\"https:\/\/news.save.ch\/wp-content\/uploads\/2025\/12\/Depositphotos_135204070_S-680x454.jpg 680w, https:\/\/news.save.ch\/wp-content\/uploads\/2025\/12\/Depositphotos_135204070_S-768x512.jpg 768w, https:\/\/news.save.ch\/wp-content\/uploads\/2025\/12\/Depositphotos_135204070_S-18x12.jpg 18w, https:\/\/news.save.ch\/wp-content\/uploads\/2025\/12\/Depositphotos_135204070_S-375x250.jpg 375w, https:\/\/news.save.ch\/wp-content\/uploads\/2025\/12\/Depositphotos_135204070_S-525x350.jpg 525w, https:\/\/news.save.ch\/wp-content\/uploads\/2025\/12\/Depositphotos_135204070_S.jpg 1000w\" sizes=\"auto, (max-width: 680px) 100vw, 680px\" \/><figcaption id=\"caption-attachment-24827\" class=\"wp-caption-text\">Foto: Depositphotos\/belchonock<\/figcaption><\/figure>\n<p>Im Jahr 2024 kam es auf Schweizer Strassen zu mehr t\u00f6dlichen Unf\u00e4llen, bei denen Alkohol im Spiel war. 33 Todesopfer bedeuten eine Zunahme von 32 Prozent gegen\u00fcber dem Jahr 2023. Die Altersgruppe der 30 bis 39-J\u00e4hrigen war mit neun t\u00f6dlichen Unf\u00e4llen am st\u00e4rksten vertreten, gefolgt von Personen zwischen 50 und 59 Jahren mit acht Unf\u00e4llen. Die Altersgruppen 20 bis 29 Jahre, 40 bis 49 Jahre und 60 Jahre plus verzeichneten jeweils f\u00fcnf t\u00f6dliche Unf\u00e4lle, w\u00e4hrend die unter 20-J\u00e4hrigen nur f\u00fcr einen einzigen alkoholbedingten Todesfall verantwortlich waren. \u00abMit Blick auf die Festtage sollten wir daran denken, dass ein gelungenes Fest sicher endet. Wenn Sie Alkohol konsumieren, lassen Sie das Auto stehen und planen Sie eine sichere R\u00fcckkehr, zum Beispiel mit einem n\u00fcchternen Fahrer, \u00f6ffentlichen Verkehrsmitteln oder Nez Rouge\u00bb, erinnert Christophe Nydegger, Leiter Verkehrssicherheit beim TCS.<\/p>\n<h3 class=\"elementStandard elementContent elementHeadline elementHeadline_var0 elementHeadlineWidth-no\">Glarus verdr\u00e4ngt Genf<\/h3>\n<div class=\"elementStandard elementContent elementText elementText_var0 elementTextAlign_var0 elementTextWidth-no\">\n<p>Im Jahr 2024 verzeichnete der Kanton Glarus den h\u00f6chsten Anteil schwerer alkoholbedingter Unf\u00e4lle mit 1,43 Unf\u00e4llen pro 10&#8217;000 Einwohner, gegen\u00fcber 0,48 im Vorjahr. Uri folgt mit 1,05 schweren Unf\u00e4llen pro 10&#8217;000 Einwohner, ein Anstieg gegen\u00fcber 0,54 im Jahr 2023. Diese Ver\u00e4nderungen lassen sich insbesondere durch die geringe Bev\u00f6lkerungszahl in diesen Kantonen erkl\u00e4ren, bei der ein zus\u00e4tzlicher Unfall die Statistik stark beeinflusst.<\/p>\n<p>Genf, sieben Jahre in Folge Spitzenreiter, folgt mit 1,01 schweren Unf\u00e4llen pro 10&#8217;000 Einwohner. Diese Zahl ist im Vergleich zum nationalen Durchschnitt von 0,47 weiterhin hoch.<\/p>\n<p>Direkt hinter Genf folgen Jura (0,80), Obwalden (0,76), Wallis (0,74), Basel-Stadt (0,70), Tessin (0,70), Neuenburg (0,67) und Waadt (0,58). Im Vergleich zu 2023 stieg dieser Anteil in den Kantonen Jura (0,27), Obwalden (0,26), Wallis (0,62), Basel-Stadt (0,66) und Neuenburg (0,57), w\u00e4hrend er im Tessin (0,73 im Jahr 2023) und im Kanton Waadt (0,64) zur\u00fcckging.<\/p>\n<\/div>\n<div class=\"elementStandard elementContent elementHeadline elementHeadline_var0 elementHeadlineWidth-no\">\n<h3>Die beiden Appenzell verzeichnen keine schweren Unf\u00e4lle<\/h3>\n<\/div>\n<div class=\"elementStandard elementContent elementText elementText_var0 elementTextAlign_var0 elementTextWidth-no\">\n<p>Appenzell Innerrhoden und Appenzell Ausserrhoden zeichnen sich positiv aus, da dort im Jahr 2024 kein schwerer alkoholbedingter Unfall registriert wurde. Die anderen Kantone mit den niedrigsten Raten sind Schaffhausen (0,11), Z\u00fcrich (0,29), Basel-Landschaft (0,30), Bern (0,34) und Luzern (0,37).<\/p>\n<\/div>\n<div class=\"elementStandard elementContent elementHeadline elementHeadline_var0 elementHeadlineWidth-no\">\n<h3>Waadt verzeichnet die meisten Todesf\u00e4lle<\/h3>\n<\/div>\n<div class=\"elementStandard elementContent elementText elementText_var0 elementTextAlign_var0 elementTextWidth-no\">\n<p>In absoluten Zahlen weist der Kanton Waadt die h\u00f6chste Zahl t\u00f6dlicher alkoholbedingter Unf\u00e4lle auf den Strassen auf, mit insgesamt 5 t\u00f6dlichen Unf\u00e4llen. Es folgen Tessin mit 4 t\u00f6dlichen Unf\u00e4llen sowie Wallis und Z\u00fcrich mit jeweils 3 Unf\u00e4llen. Insgesamt verzeichneten 16 Kantone im Jahr 2024 mindestens einen t\u00f6dlichen alkoholbedingten Unfall, 7 mehr als 2023, als nur 9 Kantone betroffen waren.<\/p>\n<p><em>Quelle: TCS<\/em><\/p>\n<\/div>\n","protected":false},"excerpt":{"rendered":"<p>Im Jahr 2024 kam es auf Schweizer Strassen zu mehr t\u00f6dlichen Unf\u00e4llen, bei denen Alkohol im Spiel war. 33 Todesopfer bedeuten eine Zunahme von 32 Prozent gegen\u00fcber dem Jahr 2023. Die Altersgruppe der 30 bis 39-J\u00e4hrigen war mit neun t\u00f6dlichen Unf\u00e4llen am st\u00e4rksten vertreten, gefolgt von Personen zwischen 50 und 59 Jahren mit acht Unf\u00e4llen. [&hellip;]<\/p>\n","protected":false},"author":31,"featured_media":24827,"comment_status":"closed","ping_status":"closed","sticky":false,"template":"","format":"standard","meta":{"_acf_changed":false,"pgc_sgb_lightbox_settings":"","footnotes":""},"categories":[3314],"tags":[1615,4234],"class_list":["post-24826","post","type-post","status-publish","format-standard","has-post-thumbnail","hentry","category-health-safety","tag-alkohol","tag-strassenverkehrsunfaelle"],"acf":[],"hkrextid":null,"publication":null,"issue":null,"workflow":null,"startPage":null,"spitzmarke":null,"_posts_by_tag_page_fields":null,"_at_widget":null,"_yoast_wpseo_primary_category":"3314","_yoast_wpseo_focuskw_text_input":null,"_yoast_wpseo_opengraph-image":null,"_yoast_wpseo_opengraph-description":null,"_yoast_wpseo_opengraph-title":null,"enclosure":null,"_yoast_wpseo_twitter-title":null,"_yoast_wpseo_twitter-description":null,"_yoast_wpseo_twitter-image":null,"_wp_old_slug":null,"_yoast_wpseo_title":null,"_yoast_wpseo_canonical":null,"yoast_head":"<!-- This site is optimized with the Yoast SEO plugin v27.4 - https:\/\/yoast.com\/product\/yoast-seo-wordpress\/ -->\n<title>30 bis 39-J\u00e4hrige sterben am h\u00e4ufigsten bei alkoholbedingten Verkehrsunf\u00e4llen - Save<\/title>\n<meta name=\"description\" content=\"Im Jahr 2024 starben 33 Personen bei alkoholbedingten Verkehrsunf\u00e4llen in der Schweiz - eine Zunahme von 32 Prozent gegen\u00fcber dem Vorjahr.\" \/>\n<meta name=\"robots\" content=\"index, follow, max-snippet:-1, max-image-preview:large, max-video-preview:-1\" \/>\n<link rel=\"canonical\" href=\"https:\/\/news.save.ch\/de\/30-bis-39-jaehrige-sterben-am-haeufigsten-bei-alkoholbedingten-verkehrsunfaellen\/\" \/>\n<meta property=\"og:locale\" content=\"de_DE\" \/>\n<meta property=\"og:type\" content=\"article\" \/>\n<meta property=\"og:title\" content=\"30 bis 39-J\u00e4hrige sterben am h\u00e4ufigsten bei alkoholbedingten Verkehrsunf\u00e4llen - Save\" \/>\n<meta property=\"og:description\" content=\"Im Jahr 2024 starben 33 Personen bei alkoholbedingten Verkehrsunf\u00e4llen in der Schweiz - eine Zunahme von 32 Prozent gegen\u00fcber dem Vorjahr.\" \/>\n<meta property=\"og:url\" content=\"https:\/\/news.save.ch\/de\/30-bis-39-jaehrige-sterben-am-haeufigsten-bei-alkoholbedingten-verkehrsunfaellen\/\" \/>\n<meta property=\"og:site_name\" content=\"Save\" \/>\n<meta property=\"article:published_time\" content=\"2025-12-15T12:18:16+00:00\" \/>\n<meta property=\"article:modified_time\" content=\"2025-12-15T12:32:28+00:00\" \/>\n<meta property=\"og:image\" content=\"https:\/\/news.save.ch\/wp-content\/uploads\/2025\/12\/Depositphotos_135204070_S.jpg\" \/>\n\t<meta property=\"og:image:width\" content=\"1000\" \/>\n\t<meta property=\"og:image:height\" content=\"667\" \/>\n\t<meta property=\"og:image:type\" content=\"image\/jpeg\" \/>\n<meta name=\"author\" content=\"stefanie Zeng\" \/>\n<meta name=\"twitter:card\" content=\"summary_large_image\" \/>\n<meta name=\"twitter:label1\" content=\"Geschrieben von\" \/>\n\t<meta name=\"twitter:data1\" content=\"stefanie Zeng\" \/>\n\t<meta name=\"twitter:label2\" content=\"Gesch\u00e4tzte Lesezeit\" \/>\n\t<meta name=\"twitter:data2\" content=\"3\u00a0Minuten\" \/>\n<script type=\"application\/ld+json\" class=\"yoast-schema-graph\">{\"@context\":\"https:\\\/\\\/schema.org\",\"@graph\":[{\"@type\":\"Article\",\"@id\":\"https:\\\/\\\/news.save.ch\\\/30-bis-39-jaehrige-sterben-am-haeufigsten-bei-alkoholbedingten-verkehrsunfaellen\\\/#article\",\"isPartOf\":{\"@id\":\"https:\\\/\\\/news.save.ch\\\/30-bis-39-jaehrige-sterben-am-haeufigsten-bei-alkoholbedingten-verkehrsunfaellen\\\/\"},\"author\":{\"name\":\"stefanie Zeng\",\"@id\":\"https:\\\/\\\/news.save.ch\\\/de\\\/#\\\/schema\\\/person\\\/10917387362b3961e882740f6cf6f2a2\"},\"headline\":\"30 bis 39-J\u00e4hrige sterben am h\u00e4ufigsten bei alkoholbedingten Verkehrsunf\u00e4llen\",\"datePublished\":\"2025-12-15T12:18:16+00:00\",\"dateModified\":\"2025-12-15T12:32:28+00:00\",\"mainEntityOfPage\":{\"@id\":\"https:\\\/\\\/news.save.ch\\\/30-bis-39-jaehrige-sterben-am-haeufigsten-bei-alkoholbedingten-verkehrsunfaellen\\\/\"},\"wordCount\":401,\"publisher\":{\"@id\":\"https:\\\/\\\/news.save.ch\\\/de\\\/#organization\"},\"image\":{\"@id\":\"https:\\\/\\\/news.save.ch\\\/30-bis-39-jaehrige-sterben-am-haeufigsten-bei-alkoholbedingten-verkehrsunfaellen\\\/#primaryimage\"},\"thumbnailUrl\":\"https:\\\/\\\/news.save.ch\\\/wp-content\\\/uploads\\\/2025\\\/12\\\/Depositphotos_135204070_S.jpg\",\"keywords\":[\"Alkohol\",\"Strassenverkehrsunf\u00e4lle\"],\"articleSection\":[\"HEALTH &amp; SAFETY\"],\"inLanguage\":\"de\"},{\"@type\":\"WebPage\",\"@id\":\"https:\\\/\\\/news.save.ch\\\/30-bis-39-jaehrige-sterben-am-haeufigsten-bei-alkoholbedingten-verkehrsunfaellen\\\/\",\"url\":\"https:\\\/\\\/news.save.ch\\\/30-bis-39-jaehrige-sterben-am-haeufigsten-bei-alkoholbedingten-verkehrsunfaellen\\\/\",\"name\":\"30 bis 39-J\u00e4hrige sterben am h\u00e4ufigsten bei alkoholbedingten Verkehrsunf\u00e4llen - Save\",\"isPartOf\":{\"@id\":\"https:\\\/\\\/news.save.ch\\\/de\\\/#website\"},\"primaryImageOfPage\":{\"@id\":\"https:\\\/\\\/news.save.ch\\\/30-bis-39-jaehrige-sterben-am-haeufigsten-bei-alkoholbedingten-verkehrsunfaellen\\\/#primaryimage\"},\"image\":{\"@id\":\"https:\\\/\\\/news.save.ch\\\/30-bis-39-jaehrige-sterben-am-haeufigsten-bei-alkoholbedingten-verkehrsunfaellen\\\/#primaryimage\"},\"thumbnailUrl\":\"https:\\\/\\\/news.save.ch\\\/wp-content\\\/uploads\\\/2025\\\/12\\\/Depositphotos_135204070_S.jpg\",\"datePublished\":\"2025-12-15T12:18:16+00:00\",\"dateModified\":\"2025-12-15T12:32:28+00:00\",\"description\":\"Im Jahr 2024 starben 33 Personen bei alkoholbedingten Verkehrsunf\u00e4llen in der Schweiz - eine Zunahme von 32 Prozent gegen\u00fcber dem Vorjahr.\",\"breadcrumb\":{\"@id\":\"https:\\\/\\\/news.save.ch\\\/30-bis-39-jaehrige-sterben-am-haeufigsten-bei-alkoholbedingten-verkehrsunfaellen\\\/#breadcrumb\"},\"inLanguage\":\"de\",\"potentialAction\":[{\"@type\":\"ReadAction\",\"target\":[\"https:\\\/\\\/news.save.ch\\\/30-bis-39-jaehrige-sterben-am-haeufigsten-bei-alkoholbedingten-verkehrsunfaellen\\\/\"]}]},{\"@type\":\"ImageObject\",\"inLanguage\":\"de\",\"@id\":\"https:\\\/\\\/news.save.ch\\\/30-bis-39-jaehrige-sterben-am-haeufigsten-bei-alkoholbedingten-verkehrsunfaellen\\\/#primaryimage\",\"url\":\"https:\\\/\\\/news.save.ch\\\/wp-content\\\/uploads\\\/2025\\\/12\\\/Depositphotos_135204070_S.jpg\",\"contentUrl\":\"https:\\\/\\\/news.save.ch\\\/wp-content\\\/uploads\\\/2025\\\/12\\\/Depositphotos_135204070_S.jpg\",\"width\":1000,\"height\":667,\"caption\":\"Foto: Depositphotos\\\/belchonock\"},{\"@type\":\"BreadcrumbList\",\"@id\":\"https:\\\/\\\/news.save.ch\\\/30-bis-39-jaehrige-sterben-am-haeufigsten-bei-alkoholbedingten-verkehrsunfaellen\\\/#breadcrumb\",\"itemListElement\":[{\"@type\":\"ListItem\",\"position\":1,\"name\":\"Home\",\"item\":\"https:\\\/\\\/news.save.ch\\\/de\\\/\"},{\"@type\":\"ListItem\",\"position\":2,\"name\":\"30 bis 39-J\u00e4hrige sterben am h\u00e4ufigsten bei alkoholbedingten Verkehrsunf\u00e4llen\"}]},{\"@type\":\"WebSite\",\"@id\":\"https:\\\/\\\/news.save.ch\\\/de\\\/#website\",\"url\":\"https:\\\/\\\/news.save.ch\\\/de\\\/\",\"name\":\"Save\",\"description\":\"Schweizer Fachzeitschrift f\u00fcr Sicherheit\",\"publisher\":{\"@id\":\"https:\\\/\\\/news.save.ch\\\/de\\\/#organization\"},\"potentialAction\":[{\"@type\":\"SearchAction\",\"target\":{\"@type\":\"EntryPoint\",\"urlTemplate\":\"https:\\\/\\\/news.save.ch\\\/de\\\/?s={search_term_string}\"},\"query-input\":{\"@type\":\"PropertyValueSpecification\",\"valueRequired\":true,\"valueName\":\"search_term_string\"}}],\"inLanguage\":\"de\"},{\"@type\":\"Organization\",\"@id\":\"https:\\\/\\\/news.save.ch\\\/de\\\/#organization\",\"name\":\"Sicherheitsforum\",\"url\":\"https:\\\/\\\/news.save.ch\\\/de\\\/\",\"logo\":{\"@type\":\"ImageObject\",\"inLanguage\":\"de\",\"@id\":\"https:\\\/\\\/news.save.ch\\\/de\\\/#\\\/schema\\\/logo\\\/image\\\/\",\"url\":\"https:\\\/\\\/news.save.ch\\\/wp-content\\\/uploads\\\/2022\\\/06\\\/Logo_SF_2012.png\",\"contentUrl\":\"https:\\\/\\\/news.save.ch\\\/wp-content\\\/uploads\\\/2022\\\/06\\\/Logo_SF_2012.png\",\"width\":1100,\"height\":91,\"caption\":\"Sicherheitsforum\"},\"image\":{\"@id\":\"https:\\\/\\\/news.save.ch\\\/de\\\/#\\\/schema\\\/logo\\\/image\\\/\"}},{\"@type\":\"Person\",\"@id\":\"https:\\\/\\\/news.save.ch\\\/de\\\/#\\\/schema\\\/person\\\/10917387362b3961e882740f6cf6f2a2\",\"name\":\"stefanie Zeng\",\"image\":{\"@type\":\"ImageObject\",\"inLanguage\":\"de\",\"@id\":\"https:\\\/\\\/secure.gravatar.com\\\/avatar\\\/eac43faa6e40bb2c41068c95c9d78bbd94c476d5efdff7abaab80bb3ea681e06?s=96&d=mm&r=g\",\"url\":\"https:\\\/\\\/secure.gravatar.com\\\/avatar\\\/eac43faa6e40bb2c41068c95c9d78bbd94c476d5efdff7abaab80bb3ea681e06?s=96&d=mm&r=g\",\"contentUrl\":\"https:\\\/\\\/secure.gravatar.com\\\/avatar\\\/eac43faa6e40bb2c41068c95c9d78bbd94c476d5efdff7abaab80bb3ea681e06?s=96&d=mm&r=g\",\"caption\":\"stefanie Zeng\"},\"url\":\"https:\\\/\\\/news.save.ch\\\/de\\\/author\\\/stefanie-zeng\\\/\"}]}<\/script>\n<!-- \/ Yoast SEO plugin. -->","yoast_head_json":{"title":"30 bis 39-J\u00e4hrige sterben am h\u00e4ufigsten bei alkoholbedingten Verkehrsunf\u00e4llen - Save","description":"Im Jahr 2024 starben 33 Personen bei alkoholbedingten Verkehrsunf\u00e4llen in der Schweiz - eine Zunahme von 32 Prozent gegen\u00fcber dem Vorjahr.","robots":{"index":"index","follow":"follow","max-snippet":"max-snippet:-1","max-image-preview":"max-image-preview:large","max-video-preview":"max-video-preview:-1"},"canonical":"https:\/\/news.save.ch\/de\/30-bis-39-jaehrige-sterben-am-haeufigsten-bei-alkoholbedingten-verkehrsunfaellen\/","og_locale":"de_DE","og_type":"article","og_title":"30 bis 39-J\u00e4hrige sterben am h\u00e4ufigsten bei alkoholbedingten Verkehrsunf\u00e4llen - Save","og_description":"Im Jahr 2024 starben 33 Personen bei alkoholbedingten Verkehrsunf\u00e4llen in der Schweiz - eine Zunahme von 32 Prozent gegen\u00fcber dem Vorjahr.","og_url":"https:\/\/news.save.ch\/de\/30-bis-39-jaehrige-sterben-am-haeufigsten-bei-alkoholbedingten-verkehrsunfaellen\/","og_site_name":"Save","article_published_time":"2025-12-15T12:18:16+00:00","article_modified_time":"2025-12-15T12:32:28+00:00","og_image":[{"width":1000,"height":667,"url":"https:\/\/news.save.ch\/wp-content\/uploads\/2025\/12\/Depositphotos_135204070_S.jpg","type":"image\/jpeg"}],"author":"stefanie Zeng","twitter_card":"summary_large_image","twitter_misc":{"Geschrieben von":"stefanie Zeng","Gesch\u00e4tzte Lesezeit":"3\u00a0Minuten"},"schema":{"@context":"https:\/\/schema.org","@graph":[{"@type":"Article","@id":"https:\/\/news.save.ch\/30-bis-39-jaehrige-sterben-am-haeufigsten-bei-alkoholbedingten-verkehrsunfaellen\/#article","isPartOf":{"@id":"https:\/\/news.save.ch\/30-bis-39-jaehrige-sterben-am-haeufigsten-bei-alkoholbedingten-verkehrsunfaellen\/"},"author":{"name":"stefanie Zeng","@id":"https:\/\/news.save.ch\/de\/#\/schema\/person\/10917387362b3961e882740f6cf6f2a2"},"headline":"30 bis 39-J\u00e4hrige sterben am h\u00e4ufigsten bei alkoholbedingten Verkehrsunf\u00e4llen","datePublished":"2025-12-15T12:18:16+00:00","dateModified":"2025-12-15T12:32:28+00:00","mainEntityOfPage":{"@id":"https:\/\/news.save.ch\/30-bis-39-jaehrige-sterben-am-haeufigsten-bei-alkoholbedingten-verkehrsunfaellen\/"},"wordCount":401,"publisher":{"@id":"https:\/\/news.save.ch\/de\/#organization"},"image":{"@id":"https:\/\/news.save.ch\/30-bis-39-jaehrige-sterben-am-haeufigsten-bei-alkoholbedingten-verkehrsunfaellen\/#primaryimage"},"thumbnailUrl":"https:\/\/news.save.ch\/wp-content\/uploads\/2025\/12\/Depositphotos_135204070_S.jpg","keywords":["Alkohol","Strassenverkehrsunf\u00e4lle"],"articleSection":["HEALTH &amp; SAFETY"],"inLanguage":"de"},{"@type":"WebPage","@id":"https:\/\/news.save.ch\/30-bis-39-jaehrige-sterben-am-haeufigsten-bei-alkoholbedingten-verkehrsunfaellen\/","url":"https:\/\/news.save.ch\/30-bis-39-jaehrige-sterben-am-haeufigsten-bei-alkoholbedingten-verkehrsunfaellen\/","name":"30 bis 39-J\u00e4hrige sterben am h\u00e4ufigsten bei alkoholbedingten Verkehrsunf\u00e4llen - Save","isPartOf":{"@id":"https:\/\/news.save.ch\/de\/#website"},"primaryImageOfPage":{"@id":"https:\/\/news.save.ch\/30-bis-39-jaehrige-sterben-am-haeufigsten-bei-alkoholbedingten-verkehrsunfaellen\/#primaryimage"},"image":{"@id":"https:\/\/news.save.ch\/30-bis-39-jaehrige-sterben-am-haeufigsten-bei-alkoholbedingten-verkehrsunfaellen\/#primaryimage"},"thumbnailUrl":"https:\/\/news.save.ch\/wp-content\/uploads\/2025\/12\/Depositphotos_135204070_S.jpg","datePublished":"2025-12-15T12:18:16+00:00","dateModified":"2025-12-15T12:32:28+00:00","description":"Im Jahr 2024 starben 33 Personen bei alkoholbedingten Verkehrsunf\u00e4llen in der Schweiz - eine Zunahme von 32 Prozent gegen\u00fcber dem Vorjahr.","breadcrumb":{"@id":"https:\/\/news.save.ch\/30-bis-39-jaehrige-sterben-am-haeufigsten-bei-alkoholbedingten-verkehrsunfaellen\/#breadcrumb"},"inLanguage":"de","potentialAction":[{"@type":"ReadAction","target":["https:\/\/news.save.ch\/30-bis-39-jaehrige-sterben-am-haeufigsten-bei-alkoholbedingten-verkehrsunfaellen\/"]}]},{"@type":"ImageObject","inLanguage":"de","@id":"https:\/\/news.save.ch\/30-bis-39-jaehrige-sterben-am-haeufigsten-bei-alkoholbedingten-verkehrsunfaellen\/#primaryimage","url":"https:\/\/news.save.ch\/wp-content\/uploads\/2025\/12\/Depositphotos_135204070_S.jpg","contentUrl":"https:\/\/news.save.ch\/wp-content\/uploads\/2025\/12\/Depositphotos_135204070_S.jpg","width":1000,"height":667,"caption":"Foto: Depositphotos\/belchonock"},{"@type":"BreadcrumbList","@id":"https:\/\/news.save.ch\/30-bis-39-jaehrige-sterben-am-haeufigsten-bei-alkoholbedingten-verkehrsunfaellen\/#breadcrumb","itemListElement":[{"@type":"ListItem","position":1,"name":"Home","item":"https:\/\/news.save.ch\/de\/"},{"@type":"ListItem","position":2,"name":"30 bis 39-J\u00e4hrige sterben am h\u00e4ufigsten bei alkoholbedingten Verkehrsunf\u00e4llen"}]},{"@type":"WebSite","@id":"https:\/\/news.save.ch\/de\/#website","url":"https:\/\/news.save.ch\/de\/","name":"Save","description":"Schweizer Fachzeitschrift f\u00fcr Sicherheit","publisher":{"@id":"https:\/\/news.save.ch\/de\/#organization"},"potentialAction":[{"@type":"SearchAction","target":{"@type":"EntryPoint","urlTemplate":"https:\/\/news.save.ch\/de\/?s={search_term_string}"},"query-input":{"@type":"PropertyValueSpecification","valueRequired":true,"valueName":"search_term_string"}}],"inLanguage":"de"},{"@type":"Organization","@id":"https:\/\/news.save.ch\/de\/#organization","name":"Sicherheitsforum","url":"https:\/\/news.save.ch\/de\/","logo":{"@type":"ImageObject","inLanguage":"de","@id":"https:\/\/news.save.ch\/de\/#\/schema\/logo\/image\/","url":"https:\/\/news.save.ch\/wp-content\/uploads\/2022\/06\/Logo_SF_2012.png","contentUrl":"https:\/\/news.save.ch\/wp-content\/uploads\/2022\/06\/Logo_SF_2012.png","width":1100,"height":91,"caption":"Sicherheitsforum"},"image":{"@id":"https:\/\/news.save.ch\/de\/#\/schema\/logo\/image\/"}},{"@type":"Person","@id":"https:\/\/news.save.ch\/de\/#\/schema\/person\/10917387362b3961e882740f6cf6f2a2","name":"stefanie Zeng","image":{"@type":"ImageObject","inLanguage":"de","@id":"https:\/\/secure.gravatar.com\/avatar\/eac43faa6e40bb2c41068c95c9d78bbd94c476d5efdff7abaab80bb3ea681e06?s=96&d=mm&r=g","url":"https:\/\/secure.gravatar.com\/avatar\/eac43faa6e40bb2c41068c95c9d78bbd94c476d5efdff7abaab80bb3ea681e06?s=96&d=mm&r=g","contentUrl":"https:\/\/secure.gravatar.com\/avatar\/eac43faa6e40bb2c41068c95c9d78bbd94c476d5efdff7abaab80bb3ea681e06?s=96&d=mm&r=g","caption":"stefanie Zeng"},"url":"https:\/\/news.save.ch\/de\/author\/stefanie-zeng\/"}]}},"_links":{"self":[{"href":"https:\/\/news.save.ch\/de\/wp-json\/wp\/v2\/posts\/24826","targetHints":{"allow":["GET"]}}],"collection":[{"href":"https:\/\/news.save.ch\/de\/wp-json\/wp\/v2\/posts"}],"about":[{"href":"https:\/\/news.save.ch\/de\/wp-json\/wp\/v2\/types\/post"}],"author":[{"embeddable":true,"href":"https:\/\/news.save.ch\/de\/wp-json\/wp\/v2\/users\/31"}],"replies":[{"embeddable":true,"href":"https:\/\/news.save.ch\/de\/wp-json\/wp\/v2\/comments?post=24826"}],"version-history":[{"count":1,"href":"https:\/\/news.save.ch\/de\/wp-json\/wp\/v2\/posts\/24826\/revisions"}],"predecessor-version":[{"id":24828,"href":"https:\/\/news.save.ch\/de\/wp-json\/wp\/v2\/posts\/24826\/revisions\/24828"}],"wp:featuredmedia":[{"embeddable":true,"href":"https:\/\/news.save.ch\/de\/wp-json\/wp\/v2\/media\/24827"}],"wp:attachment":[{"href":"https:\/\/news.save.ch\/de\/wp-json\/wp\/v2\/media?parent=24826"}],"wp:term":[{"taxonomy":"category","embeddable":true,"href":"https:\/\/news.save.ch\/de\/wp-json\/wp\/v2\/categories?post=24826"},{"taxonomy":"post_tag","embeddable":true,"href":"https:\/\/news.save.ch\/de\/wp-json\/wp\/v2\/tags?post=24826"}],"curies":[{"name":"wp","href":"https:\/\/api.w.org\/{rel}","templated":true}]}}