{"id":24829,"date":"2025-12-15T13:37:38","date_gmt":"2025-12-15T12:37:38","guid":{"rendered":"https:\/\/news.save.ch\/?p=24829"},"modified":"2025-12-15T13:37:38","modified_gmt":"2025-12-15T12:37:38","slug":"neuerungen-im-strassenverkehr-2026","status":null,"type":"post","link":"https:\/\/news.save.ch\/de\/neuerungen-im-strassenverkehr-2026\/","title":{"rendered":"Neuerungen im Strassenverkehr 2026"},"content":{"rendered":"<div>\n<section class=\"section section--default\">\n<div class=\"container container--grid gap--responsive\">\n<div class=\"container__center--xs vertical-spacing\">\n<figure id=\"attachment_24831\" aria-describedby=\"caption-attachment-24831\" style=\"width: 4096px\" class=\"wp-caption alignnone\"><img loading=\"lazy\" decoding=\"async\" class=\"size-full wp-image-24831\" src=\"https:\/\/news.save.ch\/wp-content\/uploads\/2025\/12\/Blog_Zulassung_automatisiertes_Fahren_1920_1080.avif\" alt=\"\" width=\"4096\" height=\"2304\" \/><figcaption id=\"caption-attachment-24831\" class=\"wp-caption-text\">Foto: ASTRA<\/figcaption><\/figure>\n<p id=\"doc-1jc66p6jg0\" class=\"font--regular\">Die wichtigsten Neuerungen bis Juli 2026 im \u00dcberblick:<\/p>\n<h3 id=\"doc-1jc66puhc0\" class=\"h2\">Ab 1. Januar 2026:<\/h3>\n<p id=\"doc-1jc66puhd0\" class=\"font--regular\"><strong>Digitalisierung der Fahrzeugzulassung<br \/>\n<\/strong>Mit Beginn des neuen Jahres wird die Fahrzeugzulassung digitaler und effizienter. Elektronische EU-\u00dcbereinstimmungsbescheinigungen (eCoC) k\u00f6nnen neu direkt aus europ\u00e4ischen Datenbanken bezogen werden. Dadurch stehen die Einzelfahrzeugdaten elektronisch im Informationssystem Verkehrszulassung (IVZ) zur Verf\u00fcgung. Hersteller, Importeure, H\u00e4ndler, Zulieferer, Spediteure, Werkst\u00e4tten und Beh\u00f6rden erhalten direkten Zugriff auf die relevanten Fahrzeugdaten.<\/p>\n<p id=\"doc-1jc66puhd1\" class=\"font--regular\"><strong>Bezahlung der CO<\/strong><strong>\u2082-Sanktion neu Voraussetzung f\u00fcr Zulassung<\/strong><br \/>\nDer Vollzug des CO2-Gesetzes wird ab Anfang Jahr konsequenter an die Fahrzeugzulassung gekoppelt: Fahrzeugausweise und Kontrollschilder werden nur noch erteilt, wenn eine allf\u00e4llige CO\u2082-Sanktion gem\u00e4ss CO\u2082-Gesetz vollst\u00e4ndig entrichtet ist oder das Fahrzeug einer Neuwagenflotte zugewiesen wurde.<\/p>\n<h3 id=\"doc-1jc66puhe0\" class=\"h2\">Ab 1. Juli 2026<\/h3>\n<p id=\"doc-1jc66puhe1\" class=\"font--regular\"><strong>Neue Regeln f\u00fcr Arbeits- und Ruhezeiten im internationalen Strassentransport<\/strong><br \/>\nIm internationalen G\u00fcterverkehr unterstehen Fahrzeuge und Fahrzeugkombinationen \u00fcber 2.5 t k\u00fcnftig der Arbeits- und Ruhezeitverordnung (ARV 1), wenn der F\u00fchrer oder die F\u00fchrerin mehr als die H\u00e4lfte der Arbeitszeit mit Fahren verbringt. F\u00fcr den inl\u00e4ndischen Verkehr \u00e4ndert sich nichts. Ziel ist, die Verkehrssicherheit und faire Arbeitsbedingungen im grenz\u00fcberschreitenden Transport zu f\u00f6rdern.<\/p>\n<p id=\"doc-1jc66puhe2\" class=\"font--regular\">S\u00e4mtliche Neuerungen finden Sie auf der Webseite des ASTRA:<br \/>\n<a class=\"link--external\" href=\"https:\/\/www.astra.admin.ch\/astra\/de\/home\/themen\/verkehrsregeln\/neue-verkehrsregeln.html\" target=\"_blank\" rel=\"external noopener\" aria-label=\"www.astra.admin.ch\/astra\/de\/home\/themen\/verkehrsregeln\/neue-verkehrsregeln.html Link in einem neuen Tab \u00f6ffnen\">Neue Verkehrsregeln ab 2026<\/a><\/p>\n<div class=\"greybox\">\n<h3 id=\"doc-1jc67cshs0\" class=\"h2\">Automatisiertes Fahren und Automatisierungssysteme<\/h3>\n<p id=\"doc-1jc67dh3c0\" class=\"font--regular\">Mit der seit M\u00e4rz 2025 geltenden Verordnung zum automatisierten Fahren verf\u00fcgt die Schweiz \u00fcber einen klaren Rechtsrahmen f\u00fcr drei definierte Anwendungsf\u00e4lle des automatisierten Fahrens:<\/p>\n<p id=\"doc-1jc67l75b0\" class=\"font--regular\"><strong>Autobahnpilot:<\/strong><br \/>\nAuf Autobahnen d\u00fcrfen Lenkerinnen und Lenker einen Autobahnpiloten nutzen, der das Fahren zeitweise \u00fcbernimmt, w\u00e4hrend sie jederzeit eingriffsbereit bleiben m\u00fcssen. Derzeit sind in der Schweiz noch keine Fahrzeuge mit einem entsprechenden System zugelassen; das ASTRA steht hierzu in Austausch mit Herstellern.<\/p>\n<p id=\"doc-1jc67imrh0\" class=\"font--regular\"><strong>F\u00fchrerlose Fahrzeuge:<\/strong><br \/>\nAuf von den Kantonen genehmigten Strecken k\u00f6nnen f\u00fchrerlose Fahrzeuge eingesetzt werden, die aus einer Zentrale \u00fcberwacht werden. 2025 wurden vom ASTRA gemeinsam mit den Kantonen mehrere entsprechende Pilotprojekte genehmigt.<\/p>\n<p id=\"doc-1jc67ii0s0\" class=\"font--regular\"><strong>Automatisiertes Parkieren:<\/strong><br \/>\nInnerhalb definierter und signalisierter Parkh\u00e4user und Parkfl\u00e4chen ist automatisiertes Parkieren ohne anwesende Fahrzeuglenkende m\u00f6glich.<\/p>\n<p id=\"doc-1jc67ig5d0\" class=\"font--regular\">Daneben k\u00f6nnen Verkehrsteilnehmende bereits heute die Vorteile von zugelassenen Assistenzsystemen (z. B. adaptiver Tempomat, Spurhalteassistenz) nutzen. Seit dem 1. Juli 2025 sind Automatisierungs- und Assistenzsysteme auch Teil der theoretischen und praktischen F\u00fchrerpr\u00fcfung. Zudem sollen sie k\u00fcnftig auch im Verkehrskundeunterricht (VKU) thematisiert werden.<\/p>\n<\/div>\n<\/div>\n<\/div>\n<\/section>\n<\/div>\n<section class=\"section section--default\">\n<div class=\"container container--grid gap--responsive\">\n<div class=\"container__center--xs vertical-spacing\">\n<div><\/div>\n<div>Quelle: Astra<\/div>\n<\/div>\n<\/div>\n<\/section>\n","protected":false},"excerpt":{"rendered":"<p>Die wichtigsten Neuerungen bis Juli 2026 im \u00dcberblick: Ab 1. Januar 2026: Digitalisierung der Fahrzeugzulassung Mit Beginn des neuen Jahres wird die Fahrzeugzulassung digitaler und effizienter. Elektronische EU-\u00dcbereinstimmungsbescheinigungen (eCoC) k\u00f6nnen neu direkt aus europ\u00e4ischen Datenbanken bezogen werden. Dadurch stehen die Einzelfahrzeugdaten elektronisch im Informationssystem Verkehrszulassung (IVZ) zur Verf\u00fcgung. Hersteller, Importeure, H\u00e4ndler, Zulieferer, Spediteure, Werkst\u00e4tten und [&hellip;]<\/p>\n","protected":false},"author":31,"featured_media":24831,"comment_status":"closed","ping_status":"closed","sticky":false,"template":"","format":"standard","meta":{"_acf_changed":false,"pgc_sgb_lightbox_settings":"","footnotes":""},"categories":[3312],"tags":[6160,80,6638,6447,327],"class_list":["post-24829","post","type-post","status-publish","format-standard","has-post-thumbnail","hentry","category-sicherheit","tag-arbeits-und-ruhezeiten","tag-astra","tag-co2-sanktionen","tag-fahrzeugzulassung","tag-strassenverkehr"],"acf":[],"hkrextid":null,"publication":null,"issue":null,"workflow":null,"startPage":null,"spitzmarke":null,"_posts_by_tag_page_fields":null,"_at_widget":null,"_yoast_wpseo_primary_category":"3312","_yoast_wpseo_focuskw_text_input":null,"_yoast_wpseo_opengraph-image":null,"_yoast_wpseo_opengraph-description":null,"_yoast_wpseo_opengraph-title":null,"enclosure":null,"_yoast_wpseo_twitter-title":null,"_yoast_wpseo_twitter-description":null,"_yoast_wpseo_twitter-image":null,"_wp_old_slug":null,"_yoast_wpseo_title":null,"_yoast_wpseo_canonical":null,"yoast_head":"<!-- This site is optimized with the Yoast SEO plugin v27.4 - https:\/\/yoast.com\/product\/yoast-seo-wordpress\/ -->\n<title>Neuerungen im Strassenverkehr 2026 - Save<\/title>\n<meta name=\"description\" content=\"Ab dem 1. Januar 2026 treten verschiedene \u00c4nderungen im Strassenverkehrsrecht in Kraft.\" \/>\n<meta name=\"robots\" content=\"index, follow, max-snippet:-1, max-image-preview:large, max-video-preview:-1\" \/>\n<link rel=\"canonical\" href=\"https:\/\/news.save.ch\/de\/neuerungen-im-strassenverkehr-2026\/\" \/>\n<meta property=\"og:locale\" content=\"de_DE\" \/>\n<meta property=\"og:type\" content=\"article\" \/>\n<meta property=\"og:title\" content=\"Neuerungen im Strassenverkehr 2026 - Save\" \/>\n<meta property=\"og:description\" content=\"Ab dem 1. Januar 2026 treten verschiedene \u00c4nderungen im Strassenverkehrsrecht in Kraft.\" \/>\n<meta property=\"og:url\" content=\"https:\/\/news.save.ch\/de\/neuerungen-im-strassenverkehr-2026\/\" \/>\n<meta property=\"og:site_name\" content=\"Save\" \/>\n<meta property=\"article:published_time\" content=\"2025-12-15T12:37:38+00:00\" \/>\n<meta name=\"author\" content=\"stefanie Zeng\" \/>\n<meta name=\"twitter:card\" content=\"summary_large_image\" \/>\n<meta name=\"twitter:label1\" content=\"Geschrieben von\" \/>\n\t<meta name=\"twitter:data1\" content=\"stefanie Zeng\" \/>\n\t<meta name=\"twitter:label2\" content=\"Gesch\u00e4tzte Lesezeit\" \/>\n\t<meta name=\"twitter:data2\" content=\"3\u00a0Minuten\" \/>\n<script type=\"application\/ld+json\" class=\"yoast-schema-graph\">{\"@context\":\"https:\\\/\\\/schema.org\",\"@graph\":[{\"@type\":\"Article\",\"@id\":\"https:\\\/\\\/news.save.ch\\\/neuerungen-im-strassenverkehr-2026\\\/#article\",\"isPartOf\":{\"@id\":\"https:\\\/\\\/news.save.ch\\\/neuerungen-im-strassenverkehr-2026\\\/\"},\"author\":{\"name\":\"stefanie Zeng\",\"@id\":\"https:\\\/\\\/news.save.ch\\\/de\\\/#\\\/schema\\\/person\\\/10917387362b3961e882740f6cf6f2a2\"},\"headline\":\"Neuerungen im Strassenverkehr 2026\",\"datePublished\":\"2025-12-15T12:37:38+00:00\",\"mainEntityOfPage\":{\"@id\":\"https:\\\/\\\/news.save.ch\\\/neuerungen-im-strassenverkehr-2026\\\/\"},\"wordCount\":387,\"publisher\":{\"@id\":\"https:\\\/\\\/news.save.ch\\\/de\\\/#organization\"},\"image\":{\"@id\":\"https:\\\/\\\/news.save.ch\\\/neuerungen-im-strassenverkehr-2026\\\/#primaryimage\"},\"thumbnailUrl\":\"https:\\\/\\\/news.save.ch\\\/wp-content\\\/uploads\\\/2025\\\/12\\\/Blog_Zulassung_automatisiertes_Fahren_1920_1080.avif\",\"keywords\":[\"Arbeits- und Ruhezeiten\",\"Astra\",\"CO2-Sanktionen\",\"Fahrzeugzulassung\",\"Strassenverkehr\"],\"articleSection\":[\"SICHERHEIT\"],\"inLanguage\":\"de\"},{\"@type\":\"WebPage\",\"@id\":\"https:\\\/\\\/news.save.ch\\\/neuerungen-im-strassenverkehr-2026\\\/\",\"url\":\"https:\\\/\\\/news.save.ch\\\/neuerungen-im-strassenverkehr-2026\\\/\",\"name\":\"Neuerungen im Strassenverkehr 2026 - Save\",\"isPartOf\":{\"@id\":\"https:\\\/\\\/news.save.ch\\\/de\\\/#website\"},\"primaryImageOfPage\":{\"@id\":\"https:\\\/\\\/news.save.ch\\\/neuerungen-im-strassenverkehr-2026\\\/#primaryimage\"},\"image\":{\"@id\":\"https:\\\/\\\/news.save.ch\\\/neuerungen-im-strassenverkehr-2026\\\/#primaryimage\"},\"thumbnailUrl\":\"https:\\\/\\\/news.save.ch\\\/wp-content\\\/uploads\\\/2025\\\/12\\\/Blog_Zulassung_automatisiertes_Fahren_1920_1080.avif\",\"datePublished\":\"2025-12-15T12:37:38+00:00\",\"description\":\"Ab dem 1. Januar 2026 treten verschiedene \u00c4nderungen im Strassenverkehrsrecht in Kraft.\",\"breadcrumb\":{\"@id\":\"https:\\\/\\\/news.save.ch\\\/neuerungen-im-strassenverkehr-2026\\\/#breadcrumb\"},\"inLanguage\":\"de\",\"potentialAction\":[{\"@type\":\"ReadAction\",\"target\":[\"https:\\\/\\\/news.save.ch\\\/neuerungen-im-strassenverkehr-2026\\\/\"]}]},{\"@type\":\"ImageObject\",\"inLanguage\":\"de\",\"@id\":\"https:\\\/\\\/news.save.ch\\\/neuerungen-im-strassenverkehr-2026\\\/#primaryimage\",\"url\":\"https:\\\/\\\/news.save.ch\\\/wp-content\\\/uploads\\\/2025\\\/12\\\/Blog_Zulassung_automatisiertes_Fahren_1920_1080.avif\",\"contentUrl\":\"https:\\\/\\\/news.save.ch\\\/wp-content\\\/uploads\\\/2025\\\/12\\\/Blog_Zulassung_automatisiertes_Fahren_1920_1080.avif\",\"width\":4096,\"height\":2304,\"caption\":\"Foto: ASTRA\"},{\"@type\":\"BreadcrumbList\",\"@id\":\"https:\\\/\\\/news.save.ch\\\/neuerungen-im-strassenverkehr-2026\\\/#breadcrumb\",\"itemListElement\":[{\"@type\":\"ListItem\",\"position\":1,\"name\":\"Home\",\"item\":\"https:\\\/\\\/news.save.ch\\\/de\\\/\"},{\"@type\":\"ListItem\",\"position\":2,\"name\":\"Neuerungen im Strassenverkehr 2026\"}]},{\"@type\":\"WebSite\",\"@id\":\"https:\\\/\\\/news.save.ch\\\/de\\\/#website\",\"url\":\"https:\\\/\\\/news.save.ch\\\/de\\\/\",\"name\":\"Save\",\"description\":\"Schweizer Fachzeitschrift f\u00fcr Sicherheit\",\"publisher\":{\"@id\":\"https:\\\/\\\/news.save.ch\\\/de\\\/#organization\"},\"potentialAction\":[{\"@type\":\"SearchAction\",\"target\":{\"@type\":\"EntryPoint\",\"urlTemplate\":\"https:\\\/\\\/news.save.ch\\\/de\\\/?s={search_term_string}\"},\"query-input\":{\"@type\":\"PropertyValueSpecification\",\"valueRequired\":true,\"valueName\":\"search_term_string\"}}],\"inLanguage\":\"de\"},{\"@type\":\"Organization\",\"@id\":\"https:\\\/\\\/news.save.ch\\\/de\\\/#organization\",\"name\":\"Sicherheitsforum\",\"url\":\"https:\\\/\\\/news.save.ch\\\/de\\\/\",\"logo\":{\"@type\":\"ImageObject\",\"inLanguage\":\"de\",\"@id\":\"https:\\\/\\\/news.save.ch\\\/de\\\/#\\\/schema\\\/logo\\\/image\\\/\",\"url\":\"https:\\\/\\\/news.save.ch\\\/wp-content\\\/uploads\\\/2022\\\/06\\\/Logo_SF_2012.png\",\"contentUrl\":\"https:\\\/\\\/news.save.ch\\\/wp-content\\\/uploads\\\/2022\\\/06\\\/Logo_SF_2012.png\",\"width\":1100,\"height\":91,\"caption\":\"Sicherheitsforum\"},\"image\":{\"@id\":\"https:\\\/\\\/news.save.ch\\\/de\\\/#\\\/schema\\\/logo\\\/image\\\/\"}},{\"@type\":\"Person\",\"@id\":\"https:\\\/\\\/news.save.ch\\\/de\\\/#\\\/schema\\\/person\\\/10917387362b3961e882740f6cf6f2a2\",\"name\":\"stefanie Zeng\",\"image\":{\"@type\":\"ImageObject\",\"inLanguage\":\"de\",\"@id\":\"https:\\\/\\\/secure.gravatar.com\\\/avatar\\\/eac43faa6e40bb2c41068c95c9d78bbd94c476d5efdff7abaab80bb3ea681e06?s=96&d=mm&r=g\",\"url\":\"https:\\\/\\\/secure.gravatar.com\\\/avatar\\\/eac43faa6e40bb2c41068c95c9d78bbd94c476d5efdff7abaab80bb3ea681e06?s=96&d=mm&r=g\",\"contentUrl\":\"https:\\\/\\\/secure.gravatar.com\\\/avatar\\\/eac43faa6e40bb2c41068c95c9d78bbd94c476d5efdff7abaab80bb3ea681e06?s=96&d=mm&r=g\",\"caption\":\"stefanie Zeng\"},\"url\":\"https:\\\/\\\/news.save.ch\\\/de\\\/author\\\/stefanie-zeng\\\/\"}]}<\/script>\n<!-- \/ Yoast SEO plugin. -->","yoast_head_json":{"title":"Neuerungen im Strassenverkehr 2026 - Save","description":"Ab dem 1. Januar 2026 treten verschiedene \u00c4nderungen im Strassenverkehrsrecht in Kraft.","robots":{"index":"index","follow":"follow","max-snippet":"max-snippet:-1","max-image-preview":"max-image-preview:large","max-video-preview":"max-video-preview:-1"},"canonical":"https:\/\/news.save.ch\/de\/neuerungen-im-strassenverkehr-2026\/","og_locale":"de_DE","og_type":"article","og_title":"Neuerungen im Strassenverkehr 2026 - Save","og_description":"Ab dem 1. Januar 2026 treten verschiedene \u00c4nderungen im Strassenverkehrsrecht in Kraft.","og_url":"https:\/\/news.save.ch\/de\/neuerungen-im-strassenverkehr-2026\/","og_site_name":"Save","article_published_time":"2025-12-15T12:37:38+00:00","author":"stefanie Zeng","twitter_card":"summary_large_image","twitter_misc":{"Geschrieben von":"stefanie Zeng","Gesch\u00e4tzte Lesezeit":"3\u00a0Minuten"},"schema":{"@context":"https:\/\/schema.org","@graph":[{"@type":"Article","@id":"https:\/\/news.save.ch\/neuerungen-im-strassenverkehr-2026\/#article","isPartOf":{"@id":"https:\/\/news.save.ch\/neuerungen-im-strassenverkehr-2026\/"},"author":{"name":"stefanie Zeng","@id":"https:\/\/news.save.ch\/de\/#\/schema\/person\/10917387362b3961e882740f6cf6f2a2"},"headline":"Neuerungen im Strassenverkehr 2026","datePublished":"2025-12-15T12:37:38+00:00","mainEntityOfPage":{"@id":"https:\/\/news.save.ch\/neuerungen-im-strassenverkehr-2026\/"},"wordCount":387,"publisher":{"@id":"https:\/\/news.save.ch\/de\/#organization"},"image":{"@id":"https:\/\/news.save.ch\/neuerungen-im-strassenverkehr-2026\/#primaryimage"},"thumbnailUrl":"https:\/\/news.save.ch\/wp-content\/uploads\/2025\/12\/Blog_Zulassung_automatisiertes_Fahren_1920_1080.avif","keywords":["Arbeits- und Ruhezeiten","Astra","CO2-Sanktionen","Fahrzeugzulassung","Strassenverkehr"],"articleSection":["SICHERHEIT"],"inLanguage":"de"},{"@type":"WebPage","@id":"https:\/\/news.save.ch\/neuerungen-im-strassenverkehr-2026\/","url":"https:\/\/news.save.ch\/neuerungen-im-strassenverkehr-2026\/","name":"Neuerungen im Strassenverkehr 2026 - Save","isPartOf":{"@id":"https:\/\/news.save.ch\/de\/#website"},"primaryImageOfPage":{"@id":"https:\/\/news.save.ch\/neuerungen-im-strassenverkehr-2026\/#primaryimage"},"image":{"@id":"https:\/\/news.save.ch\/neuerungen-im-strassenverkehr-2026\/#primaryimage"},"thumbnailUrl":"https:\/\/news.save.ch\/wp-content\/uploads\/2025\/12\/Blog_Zulassung_automatisiertes_Fahren_1920_1080.avif","datePublished":"2025-12-15T12:37:38+00:00","description":"Ab dem 1. Januar 2026 treten verschiedene \u00c4nderungen im Strassenverkehrsrecht in Kraft.","breadcrumb":{"@id":"https:\/\/news.save.ch\/neuerungen-im-strassenverkehr-2026\/#breadcrumb"},"inLanguage":"de","potentialAction":[{"@type":"ReadAction","target":["https:\/\/news.save.ch\/neuerungen-im-strassenverkehr-2026\/"]}]},{"@type":"ImageObject","inLanguage":"de","@id":"https:\/\/news.save.ch\/neuerungen-im-strassenverkehr-2026\/#primaryimage","url":"https:\/\/news.save.ch\/wp-content\/uploads\/2025\/12\/Blog_Zulassung_automatisiertes_Fahren_1920_1080.avif","contentUrl":"https:\/\/news.save.ch\/wp-content\/uploads\/2025\/12\/Blog_Zulassung_automatisiertes_Fahren_1920_1080.avif","width":4096,"height":2304,"caption":"Foto: ASTRA"},{"@type":"BreadcrumbList","@id":"https:\/\/news.save.ch\/neuerungen-im-strassenverkehr-2026\/#breadcrumb","itemListElement":[{"@type":"ListItem","position":1,"name":"Home","item":"https:\/\/news.save.ch\/de\/"},{"@type":"ListItem","position":2,"name":"Neuerungen im Strassenverkehr 2026"}]},{"@type":"WebSite","@id":"https:\/\/news.save.ch\/de\/#website","url":"https:\/\/news.save.ch\/de\/","name":"Save","description":"Schweizer Fachzeitschrift f\u00fcr Sicherheit","publisher":{"@id":"https:\/\/news.save.ch\/de\/#organization"},"potentialAction":[{"@type":"SearchAction","target":{"@type":"EntryPoint","urlTemplate":"https:\/\/news.save.ch\/de\/?s={search_term_string}"},"query-input":{"@type":"PropertyValueSpecification","valueRequired":true,"valueName":"search_term_string"}}],"inLanguage":"de"},{"@type":"Organization","@id":"https:\/\/news.save.ch\/de\/#organization","name":"Sicherheitsforum","url":"https:\/\/news.save.ch\/de\/","logo":{"@type":"ImageObject","inLanguage":"de","@id":"https:\/\/news.save.ch\/de\/#\/schema\/logo\/image\/","url":"https:\/\/news.save.ch\/wp-content\/uploads\/2022\/06\/Logo_SF_2012.png","contentUrl":"https:\/\/news.save.ch\/wp-content\/uploads\/2022\/06\/Logo_SF_2012.png","width":1100,"height":91,"caption":"Sicherheitsforum"},"image":{"@id":"https:\/\/news.save.ch\/de\/#\/schema\/logo\/image\/"}},{"@type":"Person","@id":"https:\/\/news.save.ch\/de\/#\/schema\/person\/10917387362b3961e882740f6cf6f2a2","name":"stefanie Zeng","image":{"@type":"ImageObject","inLanguage":"de","@id":"https:\/\/secure.gravatar.com\/avatar\/eac43faa6e40bb2c41068c95c9d78bbd94c476d5efdff7abaab80bb3ea681e06?s=96&d=mm&r=g","url":"https:\/\/secure.gravatar.com\/avatar\/eac43faa6e40bb2c41068c95c9d78bbd94c476d5efdff7abaab80bb3ea681e06?s=96&d=mm&r=g","contentUrl":"https:\/\/secure.gravatar.com\/avatar\/eac43faa6e40bb2c41068c95c9d78bbd94c476d5efdff7abaab80bb3ea681e06?s=96&d=mm&r=g","caption":"stefanie Zeng"},"url":"https:\/\/news.save.ch\/de\/author\/stefanie-zeng\/"}]}},"_links":{"self":[{"href":"https:\/\/news.save.ch\/de\/wp-json\/wp\/v2\/posts\/24829","targetHints":{"allow":["GET"]}}],"collection":[{"href":"https:\/\/news.save.ch\/de\/wp-json\/wp\/v2\/posts"}],"about":[{"href":"https:\/\/news.save.ch\/de\/wp-json\/wp\/v2\/types\/post"}],"author":[{"embeddable":true,"href":"https:\/\/news.save.ch\/de\/wp-json\/wp\/v2\/users\/31"}],"replies":[{"embeddable":true,"href":"https:\/\/news.save.ch\/de\/wp-json\/wp\/v2\/comments?post=24829"}],"version-history":[{"count":1,"href":"https:\/\/news.save.ch\/de\/wp-json\/wp\/v2\/posts\/24829\/revisions"}],"predecessor-version":[{"id":24832,"href":"https:\/\/news.save.ch\/de\/wp-json\/wp\/v2\/posts\/24829\/revisions\/24832"}],"wp:featuredmedia":[{"embeddable":true,"href":"https:\/\/news.save.ch\/de\/wp-json\/wp\/v2\/media\/24831"}],"wp:attachment":[{"href":"https:\/\/news.save.ch\/de\/wp-json\/wp\/v2\/media?parent=24829"}],"wp:term":[{"taxonomy":"category","embeddable":true,"href":"https:\/\/news.save.ch\/de\/wp-json\/wp\/v2\/categories?post=24829"},{"taxonomy":"post_tag","embeddable":true,"href":"https:\/\/news.save.ch\/de\/wp-json\/wp\/v2\/tags?post=24829"}],"curies":[{"name":"wp","href":"https:\/\/api.w.org\/{rel}","templated":true}]}}