{"id":24880,"date":"2026-01-19T08:27:24","date_gmt":"2026-01-19T07:27:24","guid":{"rendered":"https:\/\/news.save.ch\/?p=24880"},"modified":"2026-01-20T08:52:50","modified_gmt":"2026-01-20T07:52:50","slug":"diplomfeier-projektleiter-sicherheitstechnik-fachkraefte-fuer-eine-wachsende-branche","status":null,"type":"post","link":"https:\/\/news.save.ch\/de\/diplomfeier-projektleiter-sicherheitstechnik-fachkraefte-fuer-eine-wachsende-branche\/","title":{"rendered":"Diplomfeier Projektleiter Sicherheitssysteme:  Fachkr\u00e4fte f\u00fcr eine wachsende Branche"},"content":{"rendered":"<figure id=\"attachment_24881\" aria-describedby=\"caption-attachment-24881\" style=\"width: 680px\" class=\"wp-caption alignnone\"><img loading=\"lazy\" decoding=\"async\" class=\"size-medium wp-image-24881\" src=\"https:\/\/news.save.ch\/wp-content\/uploads\/2026\/01\/IMG_2781-680x510.jpg\" alt=\"\" width=\"680\" height=\"510\" srcset=\"https:\/\/news.save.ch\/wp-content\/uploads\/2026\/01\/IMG_2781-680x510.jpg 680w, https:\/\/news.save.ch\/wp-content\/uploads\/2026\/01\/IMG_2781-1024x768.jpg 1024w, https:\/\/news.save.ch\/wp-content\/uploads\/2026\/01\/IMG_2781-768x576.jpg 768w, https:\/\/news.save.ch\/wp-content\/uploads\/2026\/01\/IMG_2781-1536x1152.jpg 1536w, https:\/\/news.save.ch\/wp-content\/uploads\/2026\/01\/IMG_2781-2048x1536.jpg 2048w, https:\/\/news.save.ch\/wp-content\/uploads\/2026\/01\/IMG_2781-16x12.jpg 16w, https:\/\/news.save.ch\/wp-content\/uploads\/2026\/01\/IMG_2781-375x281.jpg 375w, https:\/\/news.save.ch\/wp-content\/uploads\/2026\/01\/IMG_2781-467x350.jpg 467w, https:\/\/news.save.ch\/wp-content\/uploads\/2026\/01\/IMG_2781-1000x750.jpg 1000w, https:\/\/news.save.ch\/wp-content\/uploads\/2026\/01\/IMG_2781-scaled.jpg 1200w\" sizes=\"auto, (max-width: 680px) 100vw, 680px\" \/><figcaption id=\"caption-attachment-24881\" class=\"wp-caption-text\">Diese Nachwuchskr\u00e4fte haben die Weiterbildung \u00abProjektleiter Sicherheitssysteme\u00bb erfolgreich absolviert. Ganz rechts: SES-Pr\u00e4sident Martin Altorfer. Bild: save<\/figcaption><\/figure>\n<p>In seiner Festrede w\u00fcrdigte Martin Altorfer, Pr\u00e4sident vom Verband Schweizerischer Errichter von Sicherheitsanlagen (SES) den grossen Einsatz der Teilnehmenden. Er erinnerte daran, dass eine Weiterbildung dieser Art mehr sei als reines Lernen: \u00abOft haben Sie bis sp\u00e4t in die Nacht gelernt, Neues entdeckt, gezweifelt und auf vieles verzichtet. Hoffentlich war es auch schwer \u2013 denn genau das macht Sie stark f\u00fcr die Praxis.\u00bb<\/p>\n<p>Altorfer ermutigte die Absolventinnen und Absolventen, diesen Moment bewusst mit ihren Liebsten zu geniessen. Gleichzeitig ordnete er ihre Leistung in einen gr\u00f6sseren Kontext ein: Seit 2009 haben \u00fcber 300 Personen den Lehrgang absolviert. Damit leiste der Verband SES einen wichtigen Beitrag zur nachhaltigen Entwicklung der Branche.<\/p>\n<h3><strong>Sicherheitstechnik: Keine Nische mehr<\/strong><\/h3>\n<p>Die Bedeutung der Sicherheitstechnik nehme stetig zu, betonte Altorfer. Der Schweizer<br \/>\nSicherheitstechnikmarkt generiere heute rund 850 Millionen Franken Umsatz und wachse kontinuierlich. \u00abSicherheitstechnik ist keine Nische in der Geb\u00e4udetechnik, sondern eine eigenst\u00e4ndige und zentrale Disziplin. Der Bedarf an gut ausgebildeten Fachkr\u00e4ften steigt stetig.\u00bb<\/p>\n<p>Besonders im Fachbereich \u00abFire\u00bb habe die j\u00fcngere Vergangenheit gezeigt, wie wichtig Brandschutz sei. Die Brandkatastrophe von Crans Montana h\u00e4tte deutlich gemacht, dass Brandschutz keine theoretische \u00dcbung, sondern eine praktische Notwendigkeit sei. Er unterst\u00fctze daher, dass die neuen Brandschutzvorschriften (BSV) die Erkenntnisse aus diesem Ungl\u00fccke aufnehmen und k\u00fcnftig noch strengere Standards setzen.<\/p>\n<p>Auch im Fachbereich \u00abSecurity\u00bb werde es immer komplexer: Neue Technologien, internationale Vorgaben wie NIS 2, und die zunehmende Verbindung von physischer und digitaler Sicherheit fordern neue Kompetenzen. \u00abPhysische Sicherheit ist keine K\u00fcr, sondern eine Pflicht. Und auch wenn K\u00fcnstliche Intelligenz vieles ver\u00e4ndert \u2013 sie ersetzt nicht den Menschen..\u00bb<\/p>\n<h3>Stimmen aus dem Absolventenkreis<\/h3>\n<p>Einer der Diplomanden ist Alex Kilbey von Securiton. F\u00fcr ihn war die Weiterbildung eng mit seiner beruflichen Entwicklung verkn\u00fcpft: \u00abDie Weiterbildung war eine Anforderung f\u00fcr den internen Stufenwechsel \u2013 mein Arbeitgeber hat mich daher auch unterst\u00fctzt.\u00bb<\/p>\n<p>Heute arbeitet Kilbey im Aussendienst im Verkauf und ist zust\u00e4ndig f\u00fcr Videosicherheitssysteme. Die Weiterbildung habe ihm jedoch weit mehr gebracht als einen formalen Abschluss: \u00abSie hat mir die Augen ge\u00f6ffnet f\u00fcr die anderen Sicherheitsgewerke: Einbruchmeldeanlagen, Zutrittskontrollsysteme, T\u00fcrmanagementsysteme, Sicherheitsleitsysteme. Auch wenn ich auf Videosicherheitssysteme spezialisiert bin, verstehe ich jetzt das Gesamtsystem viel besser.\u00bb<\/p>\n<p>Auch Jan Gr\u00fcndler best\u00e4tigt einen gesch\u00e4rften Blick f\u00fcr \u00abdas grosse Ganze\u00bb, den er durch die Weiterbildung gewinnen konnte. Bei seinem Arbeitgeber der ES Sicherheit in St. Gallen konnte er sich so zum Stv. des technischen Leiters weiterentwickeln.<\/p>\n<h3><strong>Gute Entscheidung f\u00fcr die Zukunft<\/strong><\/h3>\n<p>Die Diplomfeier machte deutlich: Die Absolventinnen und Absolventen haben sich f\u00fcr eine Weiterbildung entschieden, die sie fit f\u00fcr eine anspruchsvolle Zukunft macht. Sie verbinden Technik und Mensch\u2013 und tragen damit dazu bei, dass die Schweiz auch in Zukunft ein sicherer Ort bleibt.<\/p>\n<p>&nbsp;<\/p>\n<div class=\"greybox\">\n<h3 data-start=\"3189\" data-end=\"3501\">Die Absolventen<\/h3>\n<p>Sina Bernet, Tim B\u00fcrkli, Michael Caruso, Halil Ibrahin Caruso, Reto Christen, Elior Fink, Marko Gligorijevic, Jan Gr\u00fcndler, Sandro H\u00fcrlimann, Alex Kilbey, Stefan Leemann, Lukas Oswald, Joel Rodel, Joachim Schmid, Tobias Speich, Alex Stuppan, Lukas W\u00fcrsch, Myrdhin Allaert, Dzenan Isovic<\/p>\n<\/div>\n","protected":false},"excerpt":{"rendered":"<p>In seiner Festrede w\u00fcrdigte Martin Altorfer, Pr\u00e4sident vom Verband Schweizerischer Errichter von Sicherheitsanlagen (SES) den grossen Einsatz der Teilnehmenden. Er erinnerte daran, dass eine Weiterbildung dieser Art mehr sei als reines Lernen: \u00abOft haben Sie bis sp\u00e4t in die Nacht gelernt, Neues entdeckt, gezweifelt und auf vieles verzichtet. Hoffentlich war es auch schwer \u2013 denn [&hellip;]<\/p>\n","protected":false},"author":31,"featured_media":0,"comment_status":"closed","ping_status":"closed","sticky":false,"template":"","format":"standard","meta":{"_acf_changed":false,"pgc_sgb_lightbox_settings":"","footnotes":""},"categories":[3317],"tags":[],"class_list":["post-24880","post","type-post","status-publish","format-standard","hentry","category-friends"],"acf":[],"hkrextid":null,"publication":null,"issue":null,"workflow":null,"startPage":null,"spitzmarke":null,"_posts_by_tag_page_fields":null,"_at_widget":null,"_yoast_wpseo_primary_category":"3317","_yoast_wpseo_focuskw_text_input":null,"_yoast_wpseo_opengraph-image":null,"_yoast_wpseo_opengraph-description":null,"_yoast_wpseo_opengraph-title":null,"enclosure":null,"_yoast_wpseo_twitter-title":null,"_yoast_wpseo_twitter-description":null,"_yoast_wpseo_twitter-image":null,"_wp_old_slug":null,"_yoast_wpseo_title":null,"_yoast_wpseo_canonical":null,"yoast_head":"<!-- This site is optimized with the Yoast SEO plugin v27.5 - https:\/\/yoast.com\/product\/yoast-seo-wordpress\/ -->\n<title>Diplomfeier Projektleiter Sicherheitssysteme: Fachkr\u00e4fte f\u00fcr eine wachsende Branche - Save<\/title>\n<meta name=\"robots\" content=\"index, follow, max-snippet:-1, max-image-preview:large, max-video-preview:-1\" \/>\n<link rel=\"canonical\" href=\"https:\/\/news.save.ch\/de\/diplomfeier-projektleiter-sicherheitstechnik-fachkraefte-fuer-eine-wachsende-branche\/\" \/>\n<meta property=\"og:locale\" content=\"de_DE\" \/>\n<meta property=\"og:type\" content=\"article\" \/>\n<meta property=\"og:title\" content=\"Diplomfeier Projektleiter Sicherheitssysteme: Fachkr\u00e4fte f\u00fcr eine wachsende Branche - Save\" \/>\n<meta property=\"og:description\" content=\"In seiner Festrede w\u00fcrdigte Martin Altorfer, Pr\u00e4sident vom Verband Schweizerischer Errichter von Sicherheitsanlagen (SES) den grossen Einsatz der Teilnehmenden. Er erinnerte daran, dass eine Weiterbildung dieser Art mehr sei als reines Lernen: \u00abOft haben Sie bis sp\u00e4t in die Nacht gelernt, Neues entdeckt, gezweifelt und auf vieles verzichtet. Hoffentlich war es auch schwer \u2013 denn [&hellip;]\" \/>\n<meta property=\"og:url\" content=\"https:\/\/news.save.ch\/de\/diplomfeier-projektleiter-sicherheitstechnik-fachkraefte-fuer-eine-wachsende-branche\/\" \/>\n<meta property=\"og:site_name\" content=\"Save\" \/>\n<meta property=\"article:published_time\" content=\"2026-01-19T07:27:24+00:00\" \/>\n<meta property=\"article:modified_time\" content=\"2026-01-20T07:52:50+00:00\" \/>\n<meta property=\"og:image\" content=\"https:\/\/news.save.ch\/wp-content\/uploads\/2026\/01\/IMG_2781-scaled.jpg\" \/>\n\t<meta property=\"og:image:width\" content=\"1200\" \/>\n\t<meta property=\"og:image:height\" content=\"900\" \/>\n\t<meta property=\"og:image:type\" content=\"image\/jpeg\" \/>\n<meta name=\"author\" content=\"stefanie Zeng\" \/>\n<meta name=\"twitter:card\" content=\"summary_large_image\" \/>\n<meta name=\"twitter:label1\" content=\"Geschrieben von\" \/>\n\t<meta name=\"twitter:data1\" content=\"stefanie Zeng\" \/>\n\t<meta name=\"twitter:label2\" content=\"Gesch\u00e4tzte Lesezeit\" \/>\n\t<meta name=\"twitter:data2\" content=\"3\u00a0Minuten\" \/>\n<script type=\"application\/ld+json\" class=\"yoast-schema-graph\">{\"@context\":\"https:\\\/\\\/schema.org\",\"@graph\":[{\"@type\":\"Article\",\"@id\":\"https:\\\/\\\/news.save.ch\\\/diplomfeier-projektleiter-sicherheitstechnik-fachkraefte-fuer-eine-wachsende-branche\\\/#article\",\"isPartOf\":{\"@id\":\"https:\\\/\\\/news.save.ch\\\/diplomfeier-projektleiter-sicherheitstechnik-fachkraefte-fuer-eine-wachsende-branche\\\/\"},\"author\":{\"name\":\"stefanie Zeng\",\"@id\":\"https:\\\/\\\/news.save.ch\\\/de\\\/#\\\/schema\\\/person\\\/10917387362b3961e882740f6cf6f2a2\"},\"headline\":\"Diplomfeier Projektleiter Sicherheitssysteme: Fachkr\u00e4fte f\u00fcr eine wachsende Branche\",\"datePublished\":\"2026-01-19T07:27:24+00:00\",\"dateModified\":\"2026-01-20T07:52:50+00:00\",\"mainEntityOfPage\":{\"@id\":\"https:\\\/\\\/news.save.ch\\\/diplomfeier-projektleiter-sicherheitstechnik-fachkraefte-fuer-eine-wachsende-branche\\\/\"},\"wordCount\":537,\"publisher\":{\"@id\":\"https:\\\/\\\/news.save.ch\\\/de\\\/#organization\"},\"image\":{\"@id\":\"https:\\\/\\\/news.save.ch\\\/diplomfeier-projektleiter-sicherheitstechnik-fachkraefte-fuer-eine-wachsende-branche\\\/#primaryimage\"},\"thumbnailUrl\":\"https:\\\/\\\/news.save.ch\\\/wp-content\\\/uploads\\\/2026\\\/01\\\/IMG_2781-680x510.jpg\",\"articleSection\":[\"FRIENDS\"],\"inLanguage\":\"de\"},{\"@type\":\"WebPage\",\"@id\":\"https:\\\/\\\/news.save.ch\\\/diplomfeier-projektleiter-sicherheitstechnik-fachkraefte-fuer-eine-wachsende-branche\\\/\",\"url\":\"https:\\\/\\\/news.save.ch\\\/diplomfeier-projektleiter-sicherheitstechnik-fachkraefte-fuer-eine-wachsende-branche\\\/\",\"name\":\"Diplomfeier Projektleiter Sicherheitssysteme: Fachkr\u00e4fte f\u00fcr eine wachsende Branche - Save\",\"isPartOf\":{\"@id\":\"https:\\\/\\\/news.save.ch\\\/de\\\/#website\"},\"primaryImageOfPage\":{\"@id\":\"https:\\\/\\\/news.save.ch\\\/diplomfeier-projektleiter-sicherheitstechnik-fachkraefte-fuer-eine-wachsende-branche\\\/#primaryimage\"},\"image\":{\"@id\":\"https:\\\/\\\/news.save.ch\\\/diplomfeier-projektleiter-sicherheitstechnik-fachkraefte-fuer-eine-wachsende-branche\\\/#primaryimage\"},\"thumbnailUrl\":\"https:\\\/\\\/news.save.ch\\\/wp-content\\\/uploads\\\/2026\\\/01\\\/IMG_2781-680x510.jpg\",\"datePublished\":\"2026-01-19T07:27:24+00:00\",\"dateModified\":\"2026-01-20T07:52:50+00:00\",\"breadcrumb\":{\"@id\":\"https:\\\/\\\/news.save.ch\\\/diplomfeier-projektleiter-sicherheitstechnik-fachkraefte-fuer-eine-wachsende-branche\\\/#breadcrumb\"},\"inLanguage\":\"de\",\"potentialAction\":[{\"@type\":\"ReadAction\",\"target\":[\"https:\\\/\\\/news.save.ch\\\/diplomfeier-projektleiter-sicherheitstechnik-fachkraefte-fuer-eine-wachsende-branche\\\/\"]}]},{\"@type\":\"ImageObject\",\"inLanguage\":\"de\",\"@id\":\"https:\\\/\\\/news.save.ch\\\/diplomfeier-projektleiter-sicherheitstechnik-fachkraefte-fuer-eine-wachsende-branche\\\/#primaryimage\",\"url\":\"https:\\\/\\\/news.save.ch\\\/wp-content\\\/uploads\\\/2026\\\/01\\\/IMG_2781-680x510.jpg\",\"contentUrl\":\"https:\\\/\\\/news.save.ch\\\/wp-content\\\/uploads\\\/2026\\\/01\\\/IMG_2781-680x510.jpg\"},{\"@type\":\"BreadcrumbList\",\"@id\":\"https:\\\/\\\/news.save.ch\\\/diplomfeier-projektleiter-sicherheitstechnik-fachkraefte-fuer-eine-wachsende-branche\\\/#breadcrumb\",\"itemListElement\":[{\"@type\":\"ListItem\",\"position\":1,\"name\":\"Home\",\"item\":\"https:\\\/\\\/news.save.ch\\\/de\\\/\"},{\"@type\":\"ListItem\",\"position\":2,\"name\":\"Diplomfeier Projektleiter Sicherheitssysteme: Fachkr\u00e4fte f\u00fcr eine wachsende Branche\"}]},{\"@type\":\"WebSite\",\"@id\":\"https:\\\/\\\/news.save.ch\\\/de\\\/#website\",\"url\":\"https:\\\/\\\/news.save.ch\\\/de\\\/\",\"name\":\"Save\",\"description\":\"Schweizer Fachzeitschrift f\u00fcr Sicherheit\",\"publisher\":{\"@id\":\"https:\\\/\\\/news.save.ch\\\/de\\\/#organization\"},\"potentialAction\":[{\"@type\":\"SearchAction\",\"target\":{\"@type\":\"EntryPoint\",\"urlTemplate\":\"https:\\\/\\\/news.save.ch\\\/de\\\/?s={search_term_string}\"},\"query-input\":{\"@type\":\"PropertyValueSpecification\",\"valueRequired\":true,\"valueName\":\"search_term_string\"}}],\"inLanguage\":\"de\"},{\"@type\":\"Organization\",\"@id\":\"https:\\\/\\\/news.save.ch\\\/de\\\/#organization\",\"name\":\"Sicherheitsforum\",\"url\":\"https:\\\/\\\/news.save.ch\\\/de\\\/\",\"logo\":{\"@type\":\"ImageObject\",\"inLanguage\":\"de\",\"@id\":\"https:\\\/\\\/news.save.ch\\\/de\\\/#\\\/schema\\\/logo\\\/image\\\/\",\"url\":\"https:\\\/\\\/news.save.ch\\\/wp-content\\\/uploads\\\/2022\\\/06\\\/Logo_SF_2012.png\",\"contentUrl\":\"https:\\\/\\\/news.save.ch\\\/wp-content\\\/uploads\\\/2022\\\/06\\\/Logo_SF_2012.png\",\"width\":1100,\"height\":91,\"caption\":\"Sicherheitsforum\"},\"image\":{\"@id\":\"https:\\\/\\\/news.save.ch\\\/de\\\/#\\\/schema\\\/logo\\\/image\\\/\"}},{\"@type\":\"Person\",\"@id\":\"https:\\\/\\\/news.save.ch\\\/de\\\/#\\\/schema\\\/person\\\/10917387362b3961e882740f6cf6f2a2\",\"name\":\"stefanie Zeng\",\"image\":{\"@type\":\"ImageObject\",\"inLanguage\":\"de\",\"@id\":\"https:\\\/\\\/secure.gravatar.com\\\/avatar\\\/eac43faa6e40bb2c41068c95c9d78bbd94c476d5efdff7abaab80bb3ea681e06?s=96&d=mm&r=g\",\"url\":\"https:\\\/\\\/secure.gravatar.com\\\/avatar\\\/eac43faa6e40bb2c41068c95c9d78bbd94c476d5efdff7abaab80bb3ea681e06?s=96&d=mm&r=g\",\"contentUrl\":\"https:\\\/\\\/secure.gravatar.com\\\/avatar\\\/eac43faa6e40bb2c41068c95c9d78bbd94c476d5efdff7abaab80bb3ea681e06?s=96&d=mm&r=g\",\"caption\":\"stefanie Zeng\"},\"url\":\"https:\\\/\\\/news.save.ch\\\/de\\\/author\\\/stefanie-zeng\\\/\"}]}<\/script>\n<!-- \/ Yoast SEO plugin. -->","yoast_head_json":{"title":"Diplomfeier Projektleiter Sicherheitssysteme: Fachkr\u00e4fte f\u00fcr eine wachsende Branche - Save","robots":{"index":"index","follow":"follow","max-snippet":"max-snippet:-1","max-image-preview":"max-image-preview:large","max-video-preview":"max-video-preview:-1"},"canonical":"https:\/\/news.save.ch\/de\/diplomfeier-projektleiter-sicherheitstechnik-fachkraefte-fuer-eine-wachsende-branche\/","og_locale":"de_DE","og_type":"article","og_title":"Diplomfeier Projektleiter Sicherheitssysteme: Fachkr\u00e4fte f\u00fcr eine wachsende Branche - Save","og_description":"In seiner Festrede w\u00fcrdigte Martin Altorfer, Pr\u00e4sident vom Verband Schweizerischer Errichter von Sicherheitsanlagen (SES) den grossen Einsatz der Teilnehmenden. Er erinnerte daran, dass eine Weiterbildung dieser Art mehr sei als reines Lernen: \u00abOft haben Sie bis sp\u00e4t in die Nacht gelernt, Neues entdeckt, gezweifelt und auf vieles verzichtet. Hoffentlich war es auch schwer \u2013 denn [&hellip;]","og_url":"https:\/\/news.save.ch\/de\/diplomfeier-projektleiter-sicherheitstechnik-fachkraefte-fuer-eine-wachsende-branche\/","og_site_name":"Save","article_published_time":"2026-01-19T07:27:24+00:00","article_modified_time":"2026-01-20T07:52:50+00:00","og_image":[{"width":1200,"height":900,"url":"https:\/\/news.save.ch\/wp-content\/uploads\/2026\/01\/IMG_2781-scaled.jpg","type":"image\/jpeg"}],"author":"stefanie Zeng","twitter_card":"summary_large_image","twitter_misc":{"Geschrieben von":"stefanie Zeng","Gesch\u00e4tzte Lesezeit":"3\u00a0Minuten"},"schema":{"@context":"https:\/\/schema.org","@graph":[{"@type":"Article","@id":"https:\/\/news.save.ch\/diplomfeier-projektleiter-sicherheitstechnik-fachkraefte-fuer-eine-wachsende-branche\/#article","isPartOf":{"@id":"https:\/\/news.save.ch\/diplomfeier-projektleiter-sicherheitstechnik-fachkraefte-fuer-eine-wachsende-branche\/"},"author":{"name":"stefanie Zeng","@id":"https:\/\/news.save.ch\/de\/#\/schema\/person\/10917387362b3961e882740f6cf6f2a2"},"headline":"Diplomfeier Projektleiter Sicherheitssysteme: Fachkr\u00e4fte f\u00fcr eine wachsende Branche","datePublished":"2026-01-19T07:27:24+00:00","dateModified":"2026-01-20T07:52:50+00:00","mainEntityOfPage":{"@id":"https:\/\/news.save.ch\/diplomfeier-projektleiter-sicherheitstechnik-fachkraefte-fuer-eine-wachsende-branche\/"},"wordCount":537,"publisher":{"@id":"https:\/\/news.save.ch\/de\/#organization"},"image":{"@id":"https:\/\/news.save.ch\/diplomfeier-projektleiter-sicherheitstechnik-fachkraefte-fuer-eine-wachsende-branche\/#primaryimage"},"thumbnailUrl":"https:\/\/news.save.ch\/wp-content\/uploads\/2026\/01\/IMG_2781-680x510.jpg","articleSection":["FRIENDS"],"inLanguage":"de"},{"@type":"WebPage","@id":"https:\/\/news.save.ch\/diplomfeier-projektleiter-sicherheitstechnik-fachkraefte-fuer-eine-wachsende-branche\/","url":"https:\/\/news.save.ch\/diplomfeier-projektleiter-sicherheitstechnik-fachkraefte-fuer-eine-wachsende-branche\/","name":"Diplomfeier Projektleiter Sicherheitssysteme: Fachkr\u00e4fte f\u00fcr eine wachsende Branche - Save","isPartOf":{"@id":"https:\/\/news.save.ch\/de\/#website"},"primaryImageOfPage":{"@id":"https:\/\/news.save.ch\/diplomfeier-projektleiter-sicherheitstechnik-fachkraefte-fuer-eine-wachsende-branche\/#primaryimage"},"image":{"@id":"https:\/\/news.save.ch\/diplomfeier-projektleiter-sicherheitstechnik-fachkraefte-fuer-eine-wachsende-branche\/#primaryimage"},"thumbnailUrl":"https:\/\/news.save.ch\/wp-content\/uploads\/2026\/01\/IMG_2781-680x510.jpg","datePublished":"2026-01-19T07:27:24+00:00","dateModified":"2026-01-20T07:52:50+00:00","breadcrumb":{"@id":"https:\/\/news.save.ch\/diplomfeier-projektleiter-sicherheitstechnik-fachkraefte-fuer-eine-wachsende-branche\/#breadcrumb"},"inLanguage":"de","potentialAction":[{"@type":"ReadAction","target":["https:\/\/news.save.ch\/diplomfeier-projektleiter-sicherheitstechnik-fachkraefte-fuer-eine-wachsende-branche\/"]}]},{"@type":"ImageObject","inLanguage":"de","@id":"https:\/\/news.save.ch\/diplomfeier-projektleiter-sicherheitstechnik-fachkraefte-fuer-eine-wachsende-branche\/#primaryimage","url":"https:\/\/news.save.ch\/wp-content\/uploads\/2026\/01\/IMG_2781-680x510.jpg","contentUrl":"https:\/\/news.save.ch\/wp-content\/uploads\/2026\/01\/IMG_2781-680x510.jpg"},{"@type":"BreadcrumbList","@id":"https:\/\/news.save.ch\/diplomfeier-projektleiter-sicherheitstechnik-fachkraefte-fuer-eine-wachsende-branche\/#breadcrumb","itemListElement":[{"@type":"ListItem","position":1,"name":"Home","item":"https:\/\/news.save.ch\/de\/"},{"@type":"ListItem","position":2,"name":"Diplomfeier Projektleiter Sicherheitssysteme: Fachkr\u00e4fte f\u00fcr eine wachsende Branche"}]},{"@type":"WebSite","@id":"https:\/\/news.save.ch\/de\/#website","url":"https:\/\/news.save.ch\/de\/","name":"Save","description":"Schweizer Fachzeitschrift f\u00fcr Sicherheit","publisher":{"@id":"https:\/\/news.save.ch\/de\/#organization"},"potentialAction":[{"@type":"SearchAction","target":{"@type":"EntryPoint","urlTemplate":"https:\/\/news.save.ch\/de\/?s={search_term_string}"},"query-input":{"@type":"PropertyValueSpecification","valueRequired":true,"valueName":"search_term_string"}}],"inLanguage":"de"},{"@type":"Organization","@id":"https:\/\/news.save.ch\/de\/#organization","name":"Sicherheitsforum","url":"https:\/\/news.save.ch\/de\/","logo":{"@type":"ImageObject","inLanguage":"de","@id":"https:\/\/news.save.ch\/de\/#\/schema\/logo\/image\/","url":"https:\/\/news.save.ch\/wp-content\/uploads\/2022\/06\/Logo_SF_2012.png","contentUrl":"https:\/\/news.save.ch\/wp-content\/uploads\/2022\/06\/Logo_SF_2012.png","width":1100,"height":91,"caption":"Sicherheitsforum"},"image":{"@id":"https:\/\/news.save.ch\/de\/#\/schema\/logo\/image\/"}},{"@type":"Person","@id":"https:\/\/news.save.ch\/de\/#\/schema\/person\/10917387362b3961e882740f6cf6f2a2","name":"stefanie Zeng","image":{"@type":"ImageObject","inLanguage":"de","@id":"https:\/\/secure.gravatar.com\/avatar\/eac43faa6e40bb2c41068c95c9d78bbd94c476d5efdff7abaab80bb3ea681e06?s=96&d=mm&r=g","url":"https:\/\/secure.gravatar.com\/avatar\/eac43faa6e40bb2c41068c95c9d78bbd94c476d5efdff7abaab80bb3ea681e06?s=96&d=mm&r=g","contentUrl":"https:\/\/secure.gravatar.com\/avatar\/eac43faa6e40bb2c41068c95c9d78bbd94c476d5efdff7abaab80bb3ea681e06?s=96&d=mm&r=g","caption":"stefanie Zeng"},"url":"https:\/\/news.save.ch\/de\/author\/stefanie-zeng\/"}]}},"_links":{"self":[{"href":"https:\/\/news.save.ch\/de\/wp-json\/wp\/v2\/posts\/24880","targetHints":{"allow":["GET"]}}],"collection":[{"href":"https:\/\/news.save.ch\/de\/wp-json\/wp\/v2\/posts"}],"about":[{"href":"https:\/\/news.save.ch\/de\/wp-json\/wp\/v2\/types\/post"}],"author":[{"embeddable":true,"href":"https:\/\/news.save.ch\/de\/wp-json\/wp\/v2\/users\/31"}],"replies":[{"embeddable":true,"href":"https:\/\/news.save.ch\/de\/wp-json\/wp\/v2\/comments?post=24880"}],"version-history":[{"count":5,"href":"https:\/\/news.save.ch\/de\/wp-json\/wp\/v2\/posts\/24880\/revisions"}],"predecessor-version":[{"id":24886,"href":"https:\/\/news.save.ch\/de\/wp-json\/wp\/v2\/posts\/24880\/revisions\/24886"}],"wp:attachment":[{"href":"https:\/\/news.save.ch\/de\/wp-json\/wp\/v2\/media?parent=24880"}],"wp:term":[{"taxonomy":"category","embeddable":true,"href":"https:\/\/news.save.ch\/de\/wp-json\/wp\/v2\/categories?post=24880"},{"taxonomy":"post_tag","embeddable":true,"href":"https:\/\/news.save.ch\/de\/wp-json\/wp\/v2\/tags?post=24880"}],"curies":[{"name":"wp","href":"https:\/\/api.w.org\/{rel}","templated":true}]}}