{"id":24897,"date":"2026-01-16T11:39:27","date_gmt":"2026-01-16T10:39:27","guid":{"rendered":"https:\/\/news.save.ch\/?p=24897"},"modified":"2026-01-21T11:57:43","modified_gmt":"2026-01-21T10:57:43","slug":"bundesrat-will-moderne-regeln-fuer-den-berufsmaessigen-personentransport","status":null,"type":"post","link":"https:\/\/news.save.ch\/de\/bundesrat-will-moderne-regeln-fuer-den-berufsmaessigen-personentransport\/","title":{"rendered":"Bundesrat will moderne Regeln f\u00fcr den berufsm\u00e4ssigen Personentransport"},"content":{"rendered":"<figure id=\"attachment_24899\" aria-describedby=\"caption-attachment-24899\" style=\"width: 680px\" class=\"wp-caption alignnone\"><img loading=\"lazy\" decoding=\"async\" class=\"size-medium wp-image-24899\" src=\"https:\/\/news.save.ch\/wp-content\/uploads\/2026\/01\/Depositphotos_167033096_S-680x454.jpg\" alt=\"\" width=\"680\" height=\"454\" srcset=\"https:\/\/news.save.ch\/wp-content\/uploads\/2026\/01\/Depositphotos_167033096_S-680x454.jpg 680w, https:\/\/news.save.ch\/wp-content\/uploads\/2026\/01\/Depositphotos_167033096_S-768x512.jpg 768w, https:\/\/news.save.ch\/wp-content\/uploads\/2026\/01\/Depositphotos_167033096_S-18x12.jpg 18w, https:\/\/news.save.ch\/wp-content\/uploads\/2026\/01\/Depositphotos_167033096_S-375x250.jpg 375w, https:\/\/news.save.ch\/wp-content\/uploads\/2026\/01\/Depositphotos_167033096_S-525x350.jpg 525w, https:\/\/news.save.ch\/wp-content\/uploads\/2026\/01\/Depositphotos_167033096_S.jpg 1000w\" sizes=\"auto, (max-width: 680px) 100vw, 680px\" \/><figcaption id=\"caption-attachment-24899\" class=\"wp-caption-text\">Foto: Depositphotos\/ArturVerkhovetskiy<\/figcaption><\/figure>\n<p id=\"doc-1jcop421i0\" class=\"font--regular\">Wer berufsm\u00e4ssig Personen mit Personenwagen transportieren will (z.B. Taxi), braucht eine Bewilligung f\u00fcr den berufsm\u00e4ssigen Personentransport (BPT-Bewilligung) und muss erh\u00f6hte medizinische Mindestanforderungen erf\u00fcllen. Die Fahrzeuge m\u00fcssen zudem mit einem Fahrtschreiber ausger\u00fcstet sein. Dieser wird zur \u00dcberpr\u00fcfung der Arbeits-, Lenk- und Ruhezeiten verwendet.<\/p>\n<p id=\"doc-1jcop4a1p0\" class=\"font--regular\">Der Bundesrat will diese Regelungen vereinfachen und modernisieren. Damit erf\u00fcllt er auch mehrere vom Parlament \u00fcberwiesene Motionen (16.3066 Nantermod \u00abTaxi, Uber und andere Fahrdienste. F\u00fcr einen fairen Wettbewerb\u00bb; 16.3068 Derder \u00abAnpassung des Strassenverkehrsgesetzes an die neuen Angebote\u00bb und 17.3924 Nantermod \u00abF\u00fchrerausweis. Gleiche Fahrzeuge, gleiche Strassen, gleicher Ausweis\u00bb).<\/p>\n<h3 id=\"doc-1jcop4a1r0\" class=\"h2\">\u00c4nderungen bei Bewilligung und Fahrtschreiber<\/h3>\n<p id=\"doc-1jcop4a1r1\" class=\"font--regular\">Konkret schl\u00e4gt der Bundesrat folgende Anpassungen vor:<\/p>\n<ul id=\"doc-1jcop4o9u0\" class=\"list list--default\" title=\"\">\n<li>Berufsfahrerinnen und -fahrer ben\u00f6tigen keine BPT-Bewilligung mehr, wenn sie Personen transportieren (Wegfall der zus\u00e4tzlichen theoretischen und praktischen F\u00fchrerpr\u00fcfung).<\/li>\n<li>Es gelten jene medizinischen Voraussetzungen wie f\u00fcr die F\u00fchrerausweiskategorie B (Wegfall der zus\u00e4tzlichen medizinischen Anforderungen).<\/li>\n<li>Die Arbeits- und Ruhezeiten k\u00f6nnen auch mittels App erfasst werden. Die eingesetzten Fahrzeuge ben\u00f6tigen so keinen Fahrtschreiber mehr.<\/li>\n<\/ul>\n<h3 id=\"doc-1jcop4a1u0\" class=\"font--regular\"><strong>H\u00fcrden f\u00fcr Personentransporte senken<\/strong><\/h3>\n<p id=\"doc-1jcop4a1u1\" class=\"font--regular\">Mit den Anpassungen will der Bundesrat den berufsm\u00e4ssigen Personentransport den heutigen Gegebenheiten anpassen, die M\u00f6glichkeiten der Digitalisierung nutzen und auf Pflichten verzichten, die sich als nicht mehr notwendig erweisen. Um die Verkehrssicherheit zu gew\u00e4hrleisten, h\u00e4lt der Bundesrat an den Arbeits-, Lenk- und Ruhezeiten der Berufsfahrerinnen und -fahrer fest.<\/p>\n<p id=\"doc-1jcop4a1v0\" class=\"font--regular\">Die Vernehmlassung zu den geplanten Anpassungen dauert bis zum 3. April 2026.<\/p>\n<p><em>Quelle: ASTRA<\/em><\/p>\n","protected":false},"excerpt":{"rendered":"<p>Wer berufsm\u00e4ssig Personen mit Personenwagen transportieren will (z.B. Taxi), braucht eine Bewilligung f\u00fcr den berufsm\u00e4ssigen Personentransport (BPT-Bewilligung) und muss erh\u00f6hte medizinische Mindestanforderungen erf\u00fcllen. Die Fahrzeuge m\u00fcssen zudem mit einem Fahrtschreiber ausger\u00fcstet sein. Dieser wird zur \u00dcberpr\u00fcfung der Arbeits-, Lenk- und Ruhezeiten verwendet. Der Bundesrat will diese Regelungen vereinfachen und modernisieren. Damit erf\u00fcllt er auch mehrere [&hellip;]<\/p>\n","protected":false},"author":31,"featured_media":0,"comment_status":"closed","ping_status":"closed","sticky":false,"template":"","format":"standard","meta":{"_acf_changed":false,"pgc_sgb_lightbox_settings":"","footnotes":""},"categories":[3314],"tags":[6645,6646,6643,6644,3118],"class_list":["post-24897","post","type-post","status-publish","format-standard","hentry","category-health-safety","tag-befoerderung","tag-berufsfahrer","tag-personentransport","tag-taxi","tag-uber"],"acf":[],"hkrextid":null,"publication":null,"issue":null,"workflow":null,"startPage":null,"spitzmarke":null,"_posts_by_tag_page_fields":null,"_at_widget":null,"_yoast_wpseo_primary_category":"3314","_yoast_wpseo_focuskw_text_input":null,"_yoast_wpseo_opengraph-image":null,"_yoast_wpseo_opengraph-description":null,"_yoast_wpseo_opengraph-title":null,"enclosure":null,"_yoast_wpseo_twitter-title":null,"_yoast_wpseo_twitter-description":null,"_yoast_wpseo_twitter-image":null,"_wp_old_slug":null,"_yoast_wpseo_title":null,"_yoast_wpseo_canonical":null,"yoast_head":"<!-- This site is optimized with the Yoast SEO plugin v27.5 - https:\/\/yoast.com\/product\/yoast-seo-wordpress\/ -->\n<title>Bundesrat will moderne Regeln f\u00fcr den berufsm\u00e4ssigen Personentransport - Save<\/title>\n<meta name=\"description\" content=\"Der Bundesrat will den berufsm\u00e4ssigen Personentransport mit Personenwagen vereinfachen. Die Arbeits- und Ruhezeiten sollen neu mit einer App erfasst werden k\u00f6nnen.\" \/>\n<meta name=\"robots\" content=\"index, follow, max-snippet:-1, max-image-preview:large, max-video-preview:-1\" \/>\n<link rel=\"canonical\" href=\"https:\/\/news.save.ch\/de\/bundesrat-will-moderne-regeln-fuer-den-berufsmaessigen-personentransport\/\" \/>\n<meta property=\"og:locale\" content=\"de_DE\" \/>\n<meta property=\"og:type\" content=\"article\" \/>\n<meta property=\"og:title\" content=\"Bundesrat will moderne Regeln f\u00fcr den berufsm\u00e4ssigen Personentransport - Save\" \/>\n<meta property=\"og:description\" content=\"Der Bundesrat will den berufsm\u00e4ssigen Personentransport mit Personenwagen vereinfachen. Die Arbeits- und Ruhezeiten sollen neu mit einer App erfasst werden k\u00f6nnen.\" \/>\n<meta property=\"og:url\" content=\"https:\/\/news.save.ch\/de\/bundesrat-will-moderne-regeln-fuer-den-berufsmaessigen-personentransport\/\" \/>\n<meta property=\"og:site_name\" content=\"Save\" \/>\n<meta property=\"article:published_time\" content=\"2026-01-16T10:39:27+00:00\" \/>\n<meta property=\"article:modified_time\" content=\"2026-01-21T10:57:43+00:00\" \/>\n<meta property=\"og:image\" content=\"https:\/\/news.save.ch\/wp-content\/uploads\/2026\/01\/Depositphotos_167033096_S.jpg\" \/>\n\t<meta property=\"og:image:width\" content=\"1000\" \/>\n\t<meta property=\"og:image:height\" content=\"667\" \/>\n\t<meta property=\"og:image:type\" content=\"image\/jpeg\" \/>\n<meta name=\"author\" content=\"stefanie Zeng\" \/>\n<meta name=\"twitter:card\" content=\"summary_large_image\" \/>\n<meta name=\"twitter:label1\" content=\"Geschrieben von\" \/>\n\t<meta name=\"twitter:data1\" content=\"stefanie Zeng\" \/>\n\t<meta name=\"twitter:label2\" content=\"Gesch\u00e4tzte Lesezeit\" \/>\n\t<meta name=\"twitter:data2\" content=\"2\u00a0Minuten\" \/>\n<script type=\"application\/ld+json\" class=\"yoast-schema-graph\">{\"@context\":\"https:\\\/\\\/schema.org\",\"@graph\":[{\"@type\":\"Article\",\"@id\":\"https:\\\/\\\/news.save.ch\\\/bundesrat-will-moderne-regeln-fuer-den-berufsmaessigen-personentransport\\\/#article\",\"isPartOf\":{\"@id\":\"https:\\\/\\\/news.save.ch\\\/bundesrat-will-moderne-regeln-fuer-den-berufsmaessigen-personentransport\\\/\"},\"author\":{\"name\":\"stefanie Zeng\",\"@id\":\"https:\\\/\\\/news.save.ch\\\/de\\\/#\\\/schema\\\/person\\\/10917387362b3961e882740f6cf6f2a2\"},\"headline\":\"Bundesrat will moderne Regeln f\u00fcr den berufsm\u00e4ssigen Personentransport\",\"datePublished\":\"2026-01-16T10:39:27+00:00\",\"dateModified\":\"2026-01-21T10:57:43+00:00\",\"mainEntityOfPage\":{\"@id\":\"https:\\\/\\\/news.save.ch\\\/bundesrat-will-moderne-regeln-fuer-den-berufsmaessigen-personentransport\\\/\"},\"wordCount\":261,\"publisher\":{\"@id\":\"https:\\\/\\\/news.save.ch\\\/de\\\/#organization\"},\"image\":{\"@id\":\"https:\\\/\\\/news.save.ch\\\/bundesrat-will-moderne-regeln-fuer-den-berufsmaessigen-personentransport\\\/#primaryimage\"},\"thumbnailUrl\":\"https:\\\/\\\/news.save.ch\\\/wp-content\\\/uploads\\\/2026\\\/01\\\/Depositphotos_167033096_S-680x454.jpg\",\"keywords\":[\"Bef\u00f6rderung\",\"Berufsfahrer\",\"Personentransport\",\"Taxi\",\"UBER\"],\"articleSection\":[\"HEALTH &amp; SAFETY\"],\"inLanguage\":\"de\"},{\"@type\":\"WebPage\",\"@id\":\"https:\\\/\\\/news.save.ch\\\/bundesrat-will-moderne-regeln-fuer-den-berufsmaessigen-personentransport\\\/\",\"url\":\"https:\\\/\\\/news.save.ch\\\/bundesrat-will-moderne-regeln-fuer-den-berufsmaessigen-personentransport\\\/\",\"name\":\"Bundesrat will moderne Regeln f\u00fcr den berufsm\u00e4ssigen Personentransport - Save\",\"isPartOf\":{\"@id\":\"https:\\\/\\\/news.save.ch\\\/de\\\/#website\"},\"primaryImageOfPage\":{\"@id\":\"https:\\\/\\\/news.save.ch\\\/bundesrat-will-moderne-regeln-fuer-den-berufsmaessigen-personentransport\\\/#primaryimage\"},\"image\":{\"@id\":\"https:\\\/\\\/news.save.ch\\\/bundesrat-will-moderne-regeln-fuer-den-berufsmaessigen-personentransport\\\/#primaryimage\"},\"thumbnailUrl\":\"https:\\\/\\\/news.save.ch\\\/wp-content\\\/uploads\\\/2026\\\/01\\\/Depositphotos_167033096_S-680x454.jpg\",\"datePublished\":\"2026-01-16T10:39:27+00:00\",\"dateModified\":\"2026-01-21T10:57:43+00:00\",\"description\":\"Der Bundesrat will den berufsm\u00e4ssigen Personentransport mit Personenwagen vereinfachen. Die Arbeits- und Ruhezeiten sollen neu mit einer App erfasst werden k\u00f6nnen.\",\"breadcrumb\":{\"@id\":\"https:\\\/\\\/news.save.ch\\\/bundesrat-will-moderne-regeln-fuer-den-berufsmaessigen-personentransport\\\/#breadcrumb\"},\"inLanguage\":\"de\",\"potentialAction\":[{\"@type\":\"ReadAction\",\"target\":[\"https:\\\/\\\/news.save.ch\\\/bundesrat-will-moderne-regeln-fuer-den-berufsmaessigen-personentransport\\\/\"]}]},{\"@type\":\"ImageObject\",\"inLanguage\":\"de\",\"@id\":\"https:\\\/\\\/news.save.ch\\\/bundesrat-will-moderne-regeln-fuer-den-berufsmaessigen-personentransport\\\/#primaryimage\",\"url\":\"https:\\\/\\\/news.save.ch\\\/wp-content\\\/uploads\\\/2026\\\/01\\\/Depositphotos_167033096_S-680x454.jpg\",\"contentUrl\":\"https:\\\/\\\/news.save.ch\\\/wp-content\\\/uploads\\\/2026\\\/01\\\/Depositphotos_167033096_S-680x454.jpg\"},{\"@type\":\"BreadcrumbList\",\"@id\":\"https:\\\/\\\/news.save.ch\\\/bundesrat-will-moderne-regeln-fuer-den-berufsmaessigen-personentransport\\\/#breadcrumb\",\"itemListElement\":[{\"@type\":\"ListItem\",\"position\":1,\"name\":\"Home\",\"item\":\"https:\\\/\\\/news.save.ch\\\/de\\\/\"},{\"@type\":\"ListItem\",\"position\":2,\"name\":\"Bundesrat will moderne Regeln f\u00fcr den berufsm\u00e4ssigen Personentransport\"}]},{\"@type\":\"WebSite\",\"@id\":\"https:\\\/\\\/news.save.ch\\\/de\\\/#website\",\"url\":\"https:\\\/\\\/news.save.ch\\\/de\\\/\",\"name\":\"Save\",\"description\":\"Schweizer Fachzeitschrift f\u00fcr Sicherheit\",\"publisher\":{\"@id\":\"https:\\\/\\\/news.save.ch\\\/de\\\/#organization\"},\"potentialAction\":[{\"@type\":\"SearchAction\",\"target\":{\"@type\":\"EntryPoint\",\"urlTemplate\":\"https:\\\/\\\/news.save.ch\\\/de\\\/?s={search_term_string}\"},\"query-input\":{\"@type\":\"PropertyValueSpecification\",\"valueRequired\":true,\"valueName\":\"search_term_string\"}}],\"inLanguage\":\"de\"},{\"@type\":\"Organization\",\"@id\":\"https:\\\/\\\/news.save.ch\\\/de\\\/#organization\",\"name\":\"Sicherheitsforum\",\"url\":\"https:\\\/\\\/news.save.ch\\\/de\\\/\",\"logo\":{\"@type\":\"ImageObject\",\"inLanguage\":\"de\",\"@id\":\"https:\\\/\\\/news.save.ch\\\/de\\\/#\\\/schema\\\/logo\\\/image\\\/\",\"url\":\"https:\\\/\\\/news.save.ch\\\/wp-content\\\/uploads\\\/2022\\\/06\\\/Logo_SF_2012.png\",\"contentUrl\":\"https:\\\/\\\/news.save.ch\\\/wp-content\\\/uploads\\\/2022\\\/06\\\/Logo_SF_2012.png\",\"width\":1100,\"height\":91,\"caption\":\"Sicherheitsforum\"},\"image\":{\"@id\":\"https:\\\/\\\/news.save.ch\\\/de\\\/#\\\/schema\\\/logo\\\/image\\\/\"}},{\"@type\":\"Person\",\"@id\":\"https:\\\/\\\/news.save.ch\\\/de\\\/#\\\/schema\\\/person\\\/10917387362b3961e882740f6cf6f2a2\",\"name\":\"stefanie Zeng\",\"image\":{\"@type\":\"ImageObject\",\"inLanguage\":\"de\",\"@id\":\"https:\\\/\\\/secure.gravatar.com\\\/avatar\\\/eac43faa6e40bb2c41068c95c9d78bbd94c476d5efdff7abaab80bb3ea681e06?s=96&d=mm&r=g\",\"url\":\"https:\\\/\\\/secure.gravatar.com\\\/avatar\\\/eac43faa6e40bb2c41068c95c9d78bbd94c476d5efdff7abaab80bb3ea681e06?s=96&d=mm&r=g\",\"contentUrl\":\"https:\\\/\\\/secure.gravatar.com\\\/avatar\\\/eac43faa6e40bb2c41068c95c9d78bbd94c476d5efdff7abaab80bb3ea681e06?s=96&d=mm&r=g\",\"caption\":\"stefanie Zeng\"},\"url\":\"https:\\\/\\\/news.save.ch\\\/de\\\/author\\\/stefanie-zeng\\\/\"}]}<\/script>\n<!-- \/ Yoast SEO plugin. -->","yoast_head_json":{"title":"Bundesrat will moderne Regeln f\u00fcr den berufsm\u00e4ssigen Personentransport - Save","description":"Der Bundesrat will den berufsm\u00e4ssigen Personentransport mit Personenwagen vereinfachen. Die Arbeits- und Ruhezeiten sollen neu mit einer App erfasst werden k\u00f6nnen.","robots":{"index":"index","follow":"follow","max-snippet":"max-snippet:-1","max-image-preview":"max-image-preview:large","max-video-preview":"max-video-preview:-1"},"canonical":"https:\/\/news.save.ch\/de\/bundesrat-will-moderne-regeln-fuer-den-berufsmaessigen-personentransport\/","og_locale":"de_DE","og_type":"article","og_title":"Bundesrat will moderne Regeln f\u00fcr den berufsm\u00e4ssigen Personentransport - Save","og_description":"Der Bundesrat will den berufsm\u00e4ssigen Personentransport mit Personenwagen vereinfachen. Die Arbeits- und Ruhezeiten sollen neu mit einer App erfasst werden k\u00f6nnen.","og_url":"https:\/\/news.save.ch\/de\/bundesrat-will-moderne-regeln-fuer-den-berufsmaessigen-personentransport\/","og_site_name":"Save","article_published_time":"2026-01-16T10:39:27+00:00","article_modified_time":"2026-01-21T10:57:43+00:00","og_image":[{"width":1000,"height":667,"url":"https:\/\/news.save.ch\/wp-content\/uploads\/2026\/01\/Depositphotos_167033096_S.jpg","type":"image\/jpeg"}],"author":"stefanie Zeng","twitter_card":"summary_large_image","twitter_misc":{"Geschrieben von":"stefanie Zeng","Gesch\u00e4tzte Lesezeit":"2\u00a0Minuten"},"schema":{"@context":"https:\/\/schema.org","@graph":[{"@type":"Article","@id":"https:\/\/news.save.ch\/bundesrat-will-moderne-regeln-fuer-den-berufsmaessigen-personentransport\/#article","isPartOf":{"@id":"https:\/\/news.save.ch\/bundesrat-will-moderne-regeln-fuer-den-berufsmaessigen-personentransport\/"},"author":{"name":"stefanie Zeng","@id":"https:\/\/news.save.ch\/de\/#\/schema\/person\/10917387362b3961e882740f6cf6f2a2"},"headline":"Bundesrat will moderne Regeln f\u00fcr den berufsm\u00e4ssigen Personentransport","datePublished":"2026-01-16T10:39:27+00:00","dateModified":"2026-01-21T10:57:43+00:00","mainEntityOfPage":{"@id":"https:\/\/news.save.ch\/bundesrat-will-moderne-regeln-fuer-den-berufsmaessigen-personentransport\/"},"wordCount":261,"publisher":{"@id":"https:\/\/news.save.ch\/de\/#organization"},"image":{"@id":"https:\/\/news.save.ch\/bundesrat-will-moderne-regeln-fuer-den-berufsmaessigen-personentransport\/#primaryimage"},"thumbnailUrl":"https:\/\/news.save.ch\/wp-content\/uploads\/2026\/01\/Depositphotos_167033096_S-680x454.jpg","keywords":["Bef\u00f6rderung","Berufsfahrer","Personentransport","Taxi","UBER"],"articleSection":["HEALTH &amp; SAFETY"],"inLanguage":"de"},{"@type":"WebPage","@id":"https:\/\/news.save.ch\/bundesrat-will-moderne-regeln-fuer-den-berufsmaessigen-personentransport\/","url":"https:\/\/news.save.ch\/bundesrat-will-moderne-regeln-fuer-den-berufsmaessigen-personentransport\/","name":"Bundesrat will moderne Regeln f\u00fcr den berufsm\u00e4ssigen Personentransport - Save","isPartOf":{"@id":"https:\/\/news.save.ch\/de\/#website"},"primaryImageOfPage":{"@id":"https:\/\/news.save.ch\/bundesrat-will-moderne-regeln-fuer-den-berufsmaessigen-personentransport\/#primaryimage"},"image":{"@id":"https:\/\/news.save.ch\/bundesrat-will-moderne-regeln-fuer-den-berufsmaessigen-personentransport\/#primaryimage"},"thumbnailUrl":"https:\/\/news.save.ch\/wp-content\/uploads\/2026\/01\/Depositphotos_167033096_S-680x454.jpg","datePublished":"2026-01-16T10:39:27+00:00","dateModified":"2026-01-21T10:57:43+00:00","description":"Der Bundesrat will den berufsm\u00e4ssigen Personentransport mit Personenwagen vereinfachen. Die Arbeits- und Ruhezeiten sollen neu mit einer App erfasst werden k\u00f6nnen.","breadcrumb":{"@id":"https:\/\/news.save.ch\/bundesrat-will-moderne-regeln-fuer-den-berufsmaessigen-personentransport\/#breadcrumb"},"inLanguage":"de","potentialAction":[{"@type":"ReadAction","target":["https:\/\/news.save.ch\/bundesrat-will-moderne-regeln-fuer-den-berufsmaessigen-personentransport\/"]}]},{"@type":"ImageObject","inLanguage":"de","@id":"https:\/\/news.save.ch\/bundesrat-will-moderne-regeln-fuer-den-berufsmaessigen-personentransport\/#primaryimage","url":"https:\/\/news.save.ch\/wp-content\/uploads\/2026\/01\/Depositphotos_167033096_S-680x454.jpg","contentUrl":"https:\/\/news.save.ch\/wp-content\/uploads\/2026\/01\/Depositphotos_167033096_S-680x454.jpg"},{"@type":"BreadcrumbList","@id":"https:\/\/news.save.ch\/bundesrat-will-moderne-regeln-fuer-den-berufsmaessigen-personentransport\/#breadcrumb","itemListElement":[{"@type":"ListItem","position":1,"name":"Home","item":"https:\/\/news.save.ch\/de\/"},{"@type":"ListItem","position":2,"name":"Bundesrat will moderne Regeln f\u00fcr den berufsm\u00e4ssigen Personentransport"}]},{"@type":"WebSite","@id":"https:\/\/news.save.ch\/de\/#website","url":"https:\/\/news.save.ch\/de\/","name":"Save","description":"Schweizer Fachzeitschrift f\u00fcr Sicherheit","publisher":{"@id":"https:\/\/news.save.ch\/de\/#organization"},"potentialAction":[{"@type":"SearchAction","target":{"@type":"EntryPoint","urlTemplate":"https:\/\/news.save.ch\/de\/?s={search_term_string}"},"query-input":{"@type":"PropertyValueSpecification","valueRequired":true,"valueName":"search_term_string"}}],"inLanguage":"de"},{"@type":"Organization","@id":"https:\/\/news.save.ch\/de\/#organization","name":"Sicherheitsforum","url":"https:\/\/news.save.ch\/de\/","logo":{"@type":"ImageObject","inLanguage":"de","@id":"https:\/\/news.save.ch\/de\/#\/schema\/logo\/image\/","url":"https:\/\/news.save.ch\/wp-content\/uploads\/2022\/06\/Logo_SF_2012.png","contentUrl":"https:\/\/news.save.ch\/wp-content\/uploads\/2022\/06\/Logo_SF_2012.png","width":1100,"height":91,"caption":"Sicherheitsforum"},"image":{"@id":"https:\/\/news.save.ch\/de\/#\/schema\/logo\/image\/"}},{"@type":"Person","@id":"https:\/\/news.save.ch\/de\/#\/schema\/person\/10917387362b3961e882740f6cf6f2a2","name":"stefanie Zeng","image":{"@type":"ImageObject","inLanguage":"de","@id":"https:\/\/secure.gravatar.com\/avatar\/eac43faa6e40bb2c41068c95c9d78bbd94c476d5efdff7abaab80bb3ea681e06?s=96&d=mm&r=g","url":"https:\/\/secure.gravatar.com\/avatar\/eac43faa6e40bb2c41068c95c9d78bbd94c476d5efdff7abaab80bb3ea681e06?s=96&d=mm&r=g","contentUrl":"https:\/\/secure.gravatar.com\/avatar\/eac43faa6e40bb2c41068c95c9d78bbd94c476d5efdff7abaab80bb3ea681e06?s=96&d=mm&r=g","caption":"stefanie Zeng"},"url":"https:\/\/news.save.ch\/de\/author\/stefanie-zeng\/"}]}},"_links":{"self":[{"href":"https:\/\/news.save.ch\/de\/wp-json\/wp\/v2\/posts\/24897","targetHints":{"allow":["GET"]}}],"collection":[{"href":"https:\/\/news.save.ch\/de\/wp-json\/wp\/v2\/posts"}],"about":[{"href":"https:\/\/news.save.ch\/de\/wp-json\/wp\/v2\/types\/post"}],"author":[{"embeddable":true,"href":"https:\/\/news.save.ch\/de\/wp-json\/wp\/v2\/users\/31"}],"replies":[{"embeddable":true,"href":"https:\/\/news.save.ch\/de\/wp-json\/wp\/v2\/comments?post=24897"}],"version-history":[{"count":2,"href":"https:\/\/news.save.ch\/de\/wp-json\/wp\/v2\/posts\/24897\/revisions"}],"predecessor-version":[{"id":24901,"href":"https:\/\/news.save.ch\/de\/wp-json\/wp\/v2\/posts\/24897\/revisions\/24901"}],"wp:attachment":[{"href":"https:\/\/news.save.ch\/de\/wp-json\/wp\/v2\/media?parent=24897"}],"wp:term":[{"taxonomy":"category","embeddable":true,"href":"https:\/\/news.save.ch\/de\/wp-json\/wp\/v2\/categories?post=24897"},{"taxonomy":"post_tag","embeddable":true,"href":"https:\/\/news.save.ch\/de\/wp-json\/wp\/v2\/tags?post=24897"}],"curies":[{"name":"wp","href":"https:\/\/api.w.org\/{rel}","templated":true}]}}