{"id":2493,"date":"2016-07-12T12:06:02","date_gmt":"2016-07-12T10:06:02","guid":{"rendered":"https:\/\/dev.sicherheitsforum.ch\/?p=2493"},"modified":"2023-03-14T08:59:00","modified_gmt":"2023-03-14T07:59:00","slug":"hagel-sturm-co-in-der-buchhaltung","status":null,"type":"post","link":"https:\/\/news.save.ch\/de\/hagel-sturm-co-in-der-buchhaltung\/","title":{"rendered":"Hagel, Sturm &#038; Co. in der Buchhaltung"},"content":{"rendered":"<figure id=\"attachment_2494\" aria-describedby=\"caption-attachment-2494\" style=\"width: 680px\" class=\"wp-caption alignnone\"><img loading=\"lazy\" decoding=\"async\" class=\"size-medium wp-image-2494\" src=\"https:\/\/news.save.ch\/wp-content\/uploads\/2016\/12\/Hagel-Sturm-Co.-in-der-Buchhaltung_sicherheitsforum.jpg\" alt=\"\" width=\"680\" height=\"454\" srcset=\"https:\/\/news.save.ch\/wp-content\/uploads\/2016\/12\/Hagel-Sturm-Co.-in-der-Buchhaltung_sicherheitsforum.jpg 1000w, https:\/\/news.save.ch\/wp-content\/uploads\/2016\/12\/Hagel-Sturm-Co.-in-der-Buchhaltung_sicherheitsforum-375x250.jpg 375w\" sizes=\"auto, (max-width: 680px) 100vw, 680px\" \/><figcaption id=\"caption-attachment-2494\" class=\"wp-caption-text\">Foto: depositphotos<\/figcaption><\/figure>\n<p>Das Wetter der vergangenen Wochen zeigte sich in der Schweiz nicht gerade von der freundlichen Seite: teilweise heftige Unwetter und \u00dcberschwemmungen haben in einigen Ortschaften nicht nur die Bev\u00f6lkerung und Rettungskr\u00e4fte in Atem gehalten &#8211; auch die Sch\u00e4den f\u00fcr die Versicherer gingen in die Millionen. Allein die Allianz Suisse rechnet durch den Hagelsturm &#8222;Elvira&#8220; Ende Mai und das Sturmtief &#8222;Friederike&#8220; Anfang Juni mit rund 3&#8217;000 Schadenf\u00e4llen und einer Schadensumme von rund 10 Millionen Franken. Zwar war das Schadenausmass bei weitem nicht so gross wie in vielen Teilen Deutschlands, Frankreichs oder \u00d6sterreichs &#8211; aber nach dem Unwetter ist auch in der Schweiz wieder vor dem n\u00e4chsten Unwetter. Denn das Klima ist hierzulande stark von den Alpen als wichtigster Wetterscheide Mitteleuropas mit grossen klimatischen Unterschieden auf engem Raum gepr\u00e4gt. Die Folge sind schwere Gewitter mit zum Teil tennisballgrossen Hagelk\u00f6rnern, sintflutartige Regenf\u00e4lle und schwere St\u00fcrme, die gerade auch in den Sommermonaten oftmals ein Bild der Verw\u00fcstung hinterlassen. Dabei sticht der Juni 2016 im Zehnjahresvergleich gar nicht einmal so besonders heraus, obwohl er als einer der feuchtesten Monate seit Beginn der Wetteraufzeichnungen gilt. Das zeigt der Naturereigniskalender der Allianz Suisse, f\u00fcr den die Schadenzahlen der vergangenen zehn Jahre analysiert wurden.<\/p>\n<p><strong>Hagel und \u00dcberschwemmungen sind am teuersten<\/strong><\/p>\n<p>Seit 2006 hat die Allianz Suisse laut Schadenstatistik rund 200&#8217;000 Schadenf\u00e4lle zu verzeichnen gehabt, die durch Naturereignisse wie Hagel, \u00dcberschwemmungen, Sturm, Blitz, Lawinen und Erdbeben verursacht wurden. Die Schadensumme belief sich dabei auf insgesamt rund 640 Millionen Franken, wovon fast exakt die H\u00e4lfte auf Hagelereignisse (rund 320 Mio. Fr. bei 96&#8217;000 Schadenf\u00e4llen) fiel, \u00dcberschwemmungen schlugen mit rund 170 Millionen Franken bei 42&#8217;000 Schadenf\u00e4llen zu Buche. Mit deutlichem Abstand folgen Sch\u00e4den, bei denen Sturm (rund 55 Mio. Fr. bei 17&#8217;000 Schadenf\u00e4llen) und Blitz (rund 32 Mio. Fr. bei 21&#8217;000 Schadenf\u00e4llen) die Hauptrolle spielten. Am Ende der Rangliste stehen Erdbebensch\u00e4den mit einem Schadenaufwand von 120&#8217;000 Franken bei 51 Schadenf\u00e4llen in den vergangenen zehn Jahren.<\/p>\n<p>Ein Blick auf den Kalender verr\u00e4t: Vor allem die Jahre 2009 und 2013 waren f\u00fcr die Allianz Suisse im Zehnjahresvergleich die schadenintensivsten &#8211; mit versicherten Sch\u00e4den von jeweils mehr als 85 Millionen Franken. &#8222;Durch die Klimaerw\u00e4rmung wird die Luftfeuchtigkeit in der Atmosph\u00e4re immer gr\u00f6sser &#8211; deshalb rechnen wir k\u00fcnftig mit einer weiteren Zunahme von schweren Unwettern&#8220;, erkl\u00e4rt Markus Deplazes, Leiter Schaden der Allianz Suisse.<\/p>\n<p><strong>Am h\u00e4ufigsten in den Sommermonaten<\/strong><\/p>\n<p>Mehr als ein Drittel der Naturereignisse treten allein im Juli auf, das Tessin und der Kanton Bern sind am h\u00e4ufigsten betroffen. Diese schweren Unwetter treten dabei am h\u00e4ufigsten dann auf, wenn Herr und Frau Schweizer es sich am wenigsten w\u00fcnschen &#8211; in den Sommermonaten Juni und Juli, auf die mehr als die H\u00e4lfte der Natureignisse fallen (rund 110\u2018000). Die Wahrscheinlichkeit f\u00fcr ein Unwetter ist im Juli aufgrund der zahlreichen W\u00e4rmegewitter am gr\u00f6ssten &#8211; mit insgesamt 70&#8217;000 Naturereignissen belegt der Juli bei der Allianz Suisse den einsamen Spitzenplatz. Die entsprechend schaden\u00e4rmsten Monate sind im langj\u00e4hrigen Vergleich \u00fcbrigens der November (ca. 4&#8217;700 Schadenf\u00e4lle), der Februar (ca. 6&#8217;200 Schadenf\u00e4lle) und der Oktober (ca. 6&#8217;500 Schadenf\u00e4lle). Und was die Schadenstatistiken noch verraten: die meisten Schadenf\u00e4lle durch Naturereignisse werden der Allianz Suisse aus den Kantonen Bern und Tessin gemeldet (jeweils ca. 25&#8217;000 Schadenf\u00e4lle), gefolgt von Z\u00fcrich (ca. 23&#8217;000 Schadenf\u00e4lle). Das aus Versicherersicht erfreuliche Schlusslicht bildet in dieser Rangliste der Kanton Appenzell Innerrhoden mit nur 86 Schadenf\u00e4llen seit 2006 &#8211; er ist allerdings mit rund 16&#8217;000 Einwohnern auch der bev\u00f6lkerungs\u00e4rmste Kanton der Schweiz.<\/p>\n<p><em>Quelle: ots\/Allianz Suisse<\/em><\/p>\n","protected":false},"excerpt":{"rendered":"<p>Das Wetter der vergangenen Wochen zeigte sich in der Schweiz nicht gerade von der freundlichen Seite: teilweise heftige Unwetter und \u00dcberschwemmungen haben in einigen Ortschaften nicht nur die Bev\u00f6lkerung und Rettungskr\u00e4fte in Atem gehalten &#8211; auch die Sch\u00e4den f\u00fcr die Versicherer gingen in die Millionen. Allein die Allianz Suisse rechnet durch den Hagelsturm &#8222;Elvira&#8220; Ende [&hellip;]<\/p>\n","protected":false},"author":1,"featured_media":2494,"comment_status":"open","ping_status":"open","sticky":false,"template":"","format":"standard","meta":{"_acf_changed":false,"pgc_sgb_lightbox_settings":"","footnotes":""},"categories":[3312],"tags":[170],"class_list":["post-2493","post","type-post","status-publish","format-standard","has-post-thumbnail","hentry","category-sicherheit","tag-naturgefahren"],"acf":[],"hkrextid":null,"publication":null,"issue":null,"workflow":null,"startPage":null,"spitzmarke":null,"_posts_by_tag_page_fields":{"widget_title":"","widget_tags":""},"_at_widget":"1","_yoast_wpseo_primary_category":"5","_yoast_wpseo_focuskw_text_input":"Naturgefahren","_yoast_wpseo_opengraph-image":null,"_yoast_wpseo_opengraph-description":null,"_yoast_wpseo_opengraph-title":null,"enclosure":null,"_yoast_wpseo_twitter-title":null,"_yoast_wpseo_twitter-description":null,"_yoast_wpseo_twitter-image":null,"_wp_old_slug":null,"_yoast_wpseo_title":null,"_yoast_wpseo_canonical":null,"yoast_head":"<!-- This site is optimized with the Yoast SEO plugin v27.5 - https:\/\/yoast.com\/product\/yoast-seo-wordpress\/ -->\n<title>Hagel, Sturm &amp; Co. in der Buchhaltung - Save<\/title>\n<meta name=\"robots\" content=\"index, follow, max-snippet:-1, max-image-preview:large, max-video-preview:-1\" \/>\n<link rel=\"canonical\" href=\"https:\/\/news.save.ch\/de\/hagel-sturm-co-in-der-buchhaltung\/\" \/>\n<meta property=\"og:locale\" content=\"de_DE\" \/>\n<meta property=\"og:type\" content=\"article\" \/>\n<meta property=\"og:title\" content=\"Hagel, Sturm &amp; Co. in der Buchhaltung - Save\" \/>\n<meta property=\"og:description\" content=\"Das Wetter der vergangenen Wochen zeigte sich in der Schweiz nicht gerade von der freundlichen Seite: teilweise heftige Unwetter und \u00dcberschwemmungen haben in einigen Ortschaften nicht nur die Bev\u00f6lkerung und Rettungskr\u00e4fte in Atem gehalten &#8211; auch die Sch\u00e4den f\u00fcr die Versicherer gingen in die Millionen. Allein die Allianz Suisse rechnet durch den Hagelsturm &#8222;Elvira&#8220; Ende [&hellip;]\" \/>\n<meta property=\"og:url\" content=\"https:\/\/news.save.ch\/de\/hagel-sturm-co-in-der-buchhaltung\/\" \/>\n<meta property=\"og:site_name\" content=\"Save\" \/>\n<meta property=\"article:published_time\" content=\"2016-07-12T10:06:02+00:00\" \/>\n<meta property=\"article:modified_time\" content=\"2023-03-14T07:59:00+00:00\" \/>\n<meta property=\"og:image\" content=\"https:\/\/news.save.ch\/wp-content\/uploads\/2016\/12\/Hagel-Sturm-Co.-in-der-Buchhaltung_sicherheitsforum.jpg\" \/>\n\t<meta property=\"og:image:width\" content=\"1000\" \/>\n\t<meta property=\"og:image:height\" content=\"667\" \/>\n\t<meta property=\"og:image:type\" content=\"image\/jpeg\" \/>\n<meta name=\"author\" content=\"admin\" \/>\n<meta name=\"twitter:card\" content=\"summary_large_image\" \/>\n<meta name=\"twitter:label1\" content=\"Geschrieben von\" \/>\n\t<meta name=\"twitter:data1\" content=\"admin\" \/>\n\t<meta name=\"twitter:label2\" content=\"Gesch\u00e4tzte Lesezeit\" \/>\n\t<meta name=\"twitter:data2\" content=\"3\u00a0Minuten\" \/>\n<script type=\"application\/ld+json\" class=\"yoast-schema-graph\">{\"@context\":\"https:\\\/\\\/schema.org\",\"@graph\":[{\"@type\":\"Article\",\"@id\":\"https:\\\/\\\/news.save.ch\\\/hagel-sturm-co-in-der-buchhaltung\\\/#article\",\"isPartOf\":{\"@id\":\"https:\\\/\\\/news.save.ch\\\/hagel-sturm-co-in-der-buchhaltung\\\/\"},\"author\":{\"name\":\"admin\",\"@id\":\"https:\\\/\\\/news.save.ch\\\/de\\\/#\\\/schema\\\/person\\\/d49e199490bad7c70d64b9ab51142f2b\"},\"headline\":\"Hagel, Sturm &#038; Co. in der Buchhaltung\",\"datePublished\":\"2016-07-12T10:06:02+00:00\",\"dateModified\":\"2023-03-14T07:59:00+00:00\",\"mainEntityOfPage\":{\"@id\":\"https:\\\/\\\/news.save.ch\\\/hagel-sturm-co-in-der-buchhaltung\\\/\"},\"wordCount\":599,\"commentCount\":0,\"publisher\":{\"@id\":\"https:\\\/\\\/news.save.ch\\\/de\\\/#organization\"},\"image\":{\"@id\":\"https:\\\/\\\/news.save.ch\\\/hagel-sturm-co-in-der-buchhaltung\\\/#primaryimage\"},\"thumbnailUrl\":\"https:\\\/\\\/news.save.ch\\\/wp-content\\\/uploads\\\/2016\\\/12\\\/Hagel-Sturm-Co.-in-der-Buchhaltung_sicherheitsforum.jpg\",\"keywords\":[\"Naturgefahren\"],\"articleSection\":[\"SICHERHEIT\"],\"inLanguage\":\"de\"},{\"@type\":\"WebPage\",\"@id\":\"https:\\\/\\\/news.save.ch\\\/hagel-sturm-co-in-der-buchhaltung\\\/\",\"url\":\"https:\\\/\\\/news.save.ch\\\/hagel-sturm-co-in-der-buchhaltung\\\/\",\"name\":\"Hagel, Sturm & Co. in der Buchhaltung - Save\",\"isPartOf\":{\"@id\":\"https:\\\/\\\/news.save.ch\\\/de\\\/#website\"},\"primaryImageOfPage\":{\"@id\":\"https:\\\/\\\/news.save.ch\\\/hagel-sturm-co-in-der-buchhaltung\\\/#primaryimage\"},\"image\":{\"@id\":\"https:\\\/\\\/news.save.ch\\\/hagel-sturm-co-in-der-buchhaltung\\\/#primaryimage\"},\"thumbnailUrl\":\"https:\\\/\\\/news.save.ch\\\/wp-content\\\/uploads\\\/2016\\\/12\\\/Hagel-Sturm-Co.-in-der-Buchhaltung_sicherheitsforum.jpg\",\"datePublished\":\"2016-07-12T10:06:02+00:00\",\"dateModified\":\"2023-03-14T07:59:00+00:00\",\"breadcrumb\":{\"@id\":\"https:\\\/\\\/news.save.ch\\\/hagel-sturm-co-in-der-buchhaltung\\\/#breadcrumb\"},\"inLanguage\":\"de\",\"potentialAction\":[{\"@type\":\"ReadAction\",\"target\":[\"https:\\\/\\\/news.save.ch\\\/hagel-sturm-co-in-der-buchhaltung\\\/\"]}]},{\"@type\":\"ImageObject\",\"inLanguage\":\"de\",\"@id\":\"https:\\\/\\\/news.save.ch\\\/hagel-sturm-co-in-der-buchhaltung\\\/#primaryimage\",\"url\":\"https:\\\/\\\/news.save.ch\\\/wp-content\\\/uploads\\\/2016\\\/12\\\/Hagel-Sturm-Co.-in-der-Buchhaltung_sicherheitsforum.jpg\",\"contentUrl\":\"https:\\\/\\\/news.save.ch\\\/wp-content\\\/uploads\\\/2016\\\/12\\\/Hagel-Sturm-Co.-in-der-Buchhaltung_sicherheitsforum.jpg\",\"width\":1000,\"height\":667,\"caption\":\"Foto: depositphotos\"},{\"@type\":\"BreadcrumbList\",\"@id\":\"https:\\\/\\\/news.save.ch\\\/hagel-sturm-co-in-der-buchhaltung\\\/#breadcrumb\",\"itemListElement\":[{\"@type\":\"ListItem\",\"position\":1,\"name\":\"Home\",\"item\":\"https:\\\/\\\/news.save.ch\\\/de\\\/\"},{\"@type\":\"ListItem\",\"position\":2,\"name\":\"Hagel, Sturm &#038; Co. in der Buchhaltung\"}]},{\"@type\":\"WebSite\",\"@id\":\"https:\\\/\\\/news.save.ch\\\/de\\\/#website\",\"url\":\"https:\\\/\\\/news.save.ch\\\/de\\\/\",\"name\":\"Save\",\"description\":\"Schweizer Fachzeitschrift f\u00fcr Sicherheit\",\"publisher\":{\"@id\":\"https:\\\/\\\/news.save.ch\\\/de\\\/#organization\"},\"potentialAction\":[{\"@type\":\"SearchAction\",\"target\":{\"@type\":\"EntryPoint\",\"urlTemplate\":\"https:\\\/\\\/news.save.ch\\\/de\\\/?s={search_term_string}\"},\"query-input\":{\"@type\":\"PropertyValueSpecification\",\"valueRequired\":true,\"valueName\":\"search_term_string\"}}],\"inLanguage\":\"de\"},{\"@type\":\"Organization\",\"@id\":\"https:\\\/\\\/news.save.ch\\\/de\\\/#organization\",\"name\":\"Sicherheitsforum\",\"url\":\"https:\\\/\\\/news.save.ch\\\/de\\\/\",\"logo\":{\"@type\":\"ImageObject\",\"inLanguage\":\"de\",\"@id\":\"https:\\\/\\\/news.save.ch\\\/de\\\/#\\\/schema\\\/logo\\\/image\\\/\",\"url\":\"https:\\\/\\\/news.save.ch\\\/wp-content\\\/uploads\\\/2022\\\/06\\\/Logo_SF_2012.png\",\"contentUrl\":\"https:\\\/\\\/news.save.ch\\\/wp-content\\\/uploads\\\/2022\\\/06\\\/Logo_SF_2012.png\",\"width\":1100,\"height\":91,\"caption\":\"Sicherheitsforum\"},\"image\":{\"@id\":\"https:\\\/\\\/news.save.ch\\\/de\\\/#\\\/schema\\\/logo\\\/image\\\/\"}},{\"@type\":\"Person\",\"@id\":\"https:\\\/\\\/news.save.ch\\\/de\\\/#\\\/schema\\\/person\\\/d49e199490bad7c70d64b9ab51142f2b\",\"name\":\"admin\",\"image\":{\"@type\":\"ImageObject\",\"inLanguage\":\"de\",\"@id\":\"https:\\\/\\\/secure.gravatar.com\\\/avatar\\\/ae2f4d718e6c49043e314ce431e7e645d646302a24a5ef5a8bc8e3f5a032e319?s=96&d=mm&r=g\",\"url\":\"https:\\\/\\\/secure.gravatar.com\\\/avatar\\\/ae2f4d718e6c49043e314ce431e7e645d646302a24a5ef5a8bc8e3f5a032e319?s=96&d=mm&r=g\",\"contentUrl\":\"https:\\\/\\\/secure.gravatar.com\\\/avatar\\\/ae2f4d718e6c49043e314ce431e7e645d646302a24a5ef5a8bc8e3f5a032e319?s=96&d=mm&r=g\",\"caption\":\"admin\"},\"sameAs\":[\"https:\\\/\\\/develop.organisator.galledia.ch\"],\"url\":\"https:\\\/\\\/news.save.ch\\\/de\\\/author\\\/admin\\\/\"}]}<\/script>\n<!-- \/ Yoast SEO plugin. -->","yoast_head_json":{"title":"Hagel, Sturm & Co. in der Buchhaltung - Save","robots":{"index":"index","follow":"follow","max-snippet":"max-snippet:-1","max-image-preview":"max-image-preview:large","max-video-preview":"max-video-preview:-1"},"canonical":"https:\/\/news.save.ch\/de\/hagel-sturm-co-in-der-buchhaltung\/","og_locale":"de_DE","og_type":"article","og_title":"Hagel, Sturm & Co. in der Buchhaltung - Save","og_description":"Das Wetter der vergangenen Wochen zeigte sich in der Schweiz nicht gerade von der freundlichen Seite: teilweise heftige Unwetter und \u00dcberschwemmungen haben in einigen Ortschaften nicht nur die Bev\u00f6lkerung und Rettungskr\u00e4fte in Atem gehalten &#8211; auch die Sch\u00e4den f\u00fcr die Versicherer gingen in die Millionen. Allein die Allianz Suisse rechnet durch den Hagelsturm &#8222;Elvira&#8220; Ende [&hellip;]","og_url":"https:\/\/news.save.ch\/de\/hagel-sturm-co-in-der-buchhaltung\/","og_site_name":"Save","article_published_time":"2016-07-12T10:06:02+00:00","article_modified_time":"2023-03-14T07:59:00+00:00","og_image":[{"width":1000,"height":667,"url":"https:\/\/news.save.ch\/wp-content\/uploads\/2016\/12\/Hagel-Sturm-Co.-in-der-Buchhaltung_sicherheitsforum.jpg","type":"image\/jpeg"}],"author":"admin","twitter_card":"summary_large_image","twitter_misc":{"Geschrieben von":"admin","Gesch\u00e4tzte Lesezeit":"3\u00a0Minuten"},"schema":{"@context":"https:\/\/schema.org","@graph":[{"@type":"Article","@id":"https:\/\/news.save.ch\/hagel-sturm-co-in-der-buchhaltung\/#article","isPartOf":{"@id":"https:\/\/news.save.ch\/hagel-sturm-co-in-der-buchhaltung\/"},"author":{"name":"admin","@id":"https:\/\/news.save.ch\/de\/#\/schema\/person\/d49e199490bad7c70d64b9ab51142f2b"},"headline":"Hagel, Sturm &#038; Co. in der Buchhaltung","datePublished":"2016-07-12T10:06:02+00:00","dateModified":"2023-03-14T07:59:00+00:00","mainEntityOfPage":{"@id":"https:\/\/news.save.ch\/hagel-sturm-co-in-der-buchhaltung\/"},"wordCount":599,"commentCount":0,"publisher":{"@id":"https:\/\/news.save.ch\/de\/#organization"},"image":{"@id":"https:\/\/news.save.ch\/hagel-sturm-co-in-der-buchhaltung\/#primaryimage"},"thumbnailUrl":"https:\/\/news.save.ch\/wp-content\/uploads\/2016\/12\/Hagel-Sturm-Co.-in-der-Buchhaltung_sicherheitsforum.jpg","keywords":["Naturgefahren"],"articleSection":["SICHERHEIT"],"inLanguage":"de"},{"@type":"WebPage","@id":"https:\/\/news.save.ch\/hagel-sturm-co-in-der-buchhaltung\/","url":"https:\/\/news.save.ch\/hagel-sturm-co-in-der-buchhaltung\/","name":"Hagel, Sturm & Co. in der Buchhaltung - Save","isPartOf":{"@id":"https:\/\/news.save.ch\/de\/#website"},"primaryImageOfPage":{"@id":"https:\/\/news.save.ch\/hagel-sturm-co-in-der-buchhaltung\/#primaryimage"},"image":{"@id":"https:\/\/news.save.ch\/hagel-sturm-co-in-der-buchhaltung\/#primaryimage"},"thumbnailUrl":"https:\/\/news.save.ch\/wp-content\/uploads\/2016\/12\/Hagel-Sturm-Co.-in-der-Buchhaltung_sicherheitsforum.jpg","datePublished":"2016-07-12T10:06:02+00:00","dateModified":"2023-03-14T07:59:00+00:00","breadcrumb":{"@id":"https:\/\/news.save.ch\/hagel-sturm-co-in-der-buchhaltung\/#breadcrumb"},"inLanguage":"de","potentialAction":[{"@type":"ReadAction","target":["https:\/\/news.save.ch\/hagel-sturm-co-in-der-buchhaltung\/"]}]},{"@type":"ImageObject","inLanguage":"de","@id":"https:\/\/news.save.ch\/hagel-sturm-co-in-der-buchhaltung\/#primaryimage","url":"https:\/\/news.save.ch\/wp-content\/uploads\/2016\/12\/Hagel-Sturm-Co.-in-der-Buchhaltung_sicherheitsforum.jpg","contentUrl":"https:\/\/news.save.ch\/wp-content\/uploads\/2016\/12\/Hagel-Sturm-Co.-in-der-Buchhaltung_sicherheitsforum.jpg","width":1000,"height":667,"caption":"Foto: depositphotos"},{"@type":"BreadcrumbList","@id":"https:\/\/news.save.ch\/hagel-sturm-co-in-der-buchhaltung\/#breadcrumb","itemListElement":[{"@type":"ListItem","position":1,"name":"Home","item":"https:\/\/news.save.ch\/de\/"},{"@type":"ListItem","position":2,"name":"Hagel, Sturm &#038; Co. in der Buchhaltung"}]},{"@type":"WebSite","@id":"https:\/\/news.save.ch\/de\/#website","url":"https:\/\/news.save.ch\/de\/","name":"Save","description":"Schweizer Fachzeitschrift f\u00fcr Sicherheit","publisher":{"@id":"https:\/\/news.save.ch\/de\/#organization"},"potentialAction":[{"@type":"SearchAction","target":{"@type":"EntryPoint","urlTemplate":"https:\/\/news.save.ch\/de\/?s={search_term_string}"},"query-input":{"@type":"PropertyValueSpecification","valueRequired":true,"valueName":"search_term_string"}}],"inLanguage":"de"},{"@type":"Organization","@id":"https:\/\/news.save.ch\/de\/#organization","name":"Sicherheitsforum","url":"https:\/\/news.save.ch\/de\/","logo":{"@type":"ImageObject","inLanguage":"de","@id":"https:\/\/news.save.ch\/de\/#\/schema\/logo\/image\/","url":"https:\/\/news.save.ch\/wp-content\/uploads\/2022\/06\/Logo_SF_2012.png","contentUrl":"https:\/\/news.save.ch\/wp-content\/uploads\/2022\/06\/Logo_SF_2012.png","width":1100,"height":91,"caption":"Sicherheitsforum"},"image":{"@id":"https:\/\/news.save.ch\/de\/#\/schema\/logo\/image\/"}},{"@type":"Person","@id":"https:\/\/news.save.ch\/de\/#\/schema\/person\/d49e199490bad7c70d64b9ab51142f2b","name":"admin","image":{"@type":"ImageObject","inLanguage":"de","@id":"https:\/\/secure.gravatar.com\/avatar\/ae2f4d718e6c49043e314ce431e7e645d646302a24a5ef5a8bc8e3f5a032e319?s=96&d=mm&r=g","url":"https:\/\/secure.gravatar.com\/avatar\/ae2f4d718e6c49043e314ce431e7e645d646302a24a5ef5a8bc8e3f5a032e319?s=96&d=mm&r=g","contentUrl":"https:\/\/secure.gravatar.com\/avatar\/ae2f4d718e6c49043e314ce431e7e645d646302a24a5ef5a8bc8e3f5a032e319?s=96&d=mm&r=g","caption":"admin"},"sameAs":["https:\/\/develop.organisator.galledia.ch"],"url":"https:\/\/news.save.ch\/de\/author\/admin\/"}]}},"_links":{"self":[{"href":"https:\/\/news.save.ch\/de\/wp-json\/wp\/v2\/posts\/2493","targetHints":{"allow":["GET"]}}],"collection":[{"href":"https:\/\/news.save.ch\/de\/wp-json\/wp\/v2\/posts"}],"about":[{"href":"https:\/\/news.save.ch\/de\/wp-json\/wp\/v2\/types\/post"}],"author":[{"embeddable":true,"href":"https:\/\/news.save.ch\/de\/wp-json\/wp\/v2\/users\/1"}],"replies":[{"embeddable":true,"href":"https:\/\/news.save.ch\/de\/wp-json\/wp\/v2\/comments?post=2493"}],"version-history":[{"count":1,"href":"https:\/\/news.save.ch\/de\/wp-json\/wp\/v2\/posts\/2493\/revisions"}],"predecessor-version":[{"id":17881,"href":"https:\/\/news.save.ch\/de\/wp-json\/wp\/v2\/posts\/2493\/revisions\/17881"}],"wp:featuredmedia":[{"embeddable":true,"href":"https:\/\/news.save.ch\/de\/wp-json\/wp\/v2\/media\/2494"}],"wp:attachment":[{"href":"https:\/\/news.save.ch\/de\/wp-json\/wp\/v2\/media?parent=2493"}],"wp:term":[{"taxonomy":"category","embeddable":true,"href":"https:\/\/news.save.ch\/de\/wp-json\/wp\/v2\/categories?post=2493"},{"taxonomy":"post_tag","embeddable":true,"href":"https:\/\/news.save.ch\/de\/wp-json\/wp\/v2\/tags?post=2493"}],"curies":[{"name":"wp","href":"https:\/\/api.w.org\/{rel}","templated":true}]}}