{"id":24933,"date":"2026-01-29T14:05:32","date_gmt":"2026-01-29T13:05:32","guid":{"rendered":"https:\/\/news.save.ch\/?p=24933"},"modified":"2026-01-29T14:05:32","modified_gmt":"2026-01-29T13:05:32","slug":"verschlechterte-bedrohungslage-befristete-mehrwertsteuer-erhoehung-zur-staerkung-der-sicherheit","status":null,"type":"post","link":"https:\/\/news.save.ch\/de\/verschlechterte-bedrohungslage-befristete-mehrwertsteuer-erhoehung-zur-staerkung-der-sicherheit\/","title":{"rendered":"Verschlechterte Bedrohungslage: Befristete Mehrwertsteuer-Erh\u00f6hung zur St\u00e4rkung der Sicherheit"},"content":{"rendered":"<figure id=\"attachment_24934\" aria-describedby=\"caption-attachment-24934\" style=\"width: 680px\" class=\"wp-caption alignnone\"><img loading=\"lazy\" decoding=\"async\" class=\"size-medium wp-image-24934\" src=\"https:\/\/news.save.ch\/wp-content\/uploads\/2026\/01\/Depositphotos_319525530_S-680x499.jpg\" alt=\"\" width=\"680\" height=\"499\" srcset=\"https:\/\/news.save.ch\/wp-content\/uploads\/2026\/01\/Depositphotos_319525530_S-680x499.jpg 680w, https:\/\/news.save.ch\/wp-content\/uploads\/2026\/01\/Depositphotos_319525530_S-768x564.jpg 768w, https:\/\/news.save.ch\/wp-content\/uploads\/2026\/01\/Depositphotos_319525530_S-16x12.jpg 16w, https:\/\/news.save.ch\/wp-content\/uploads\/2026\/01\/Depositphotos_319525530_S-375x275.jpg 375w, https:\/\/news.save.ch\/wp-content\/uploads\/2026\/01\/Depositphotos_319525530_S-477x350.jpg 477w, https:\/\/news.save.ch\/wp-content\/uploads\/2026\/01\/Depositphotos_319525530_S.jpg 1000w\" sizes=\"auto, (max-width: 680px) 100vw, 680px\" \/><figcaption id=\"caption-attachment-24934\" class=\"wp-caption-text\">Die Schweiz will wegen der unsicherer gewordenen Welt ihre Armee st\u00e4rken (Foto: Depositphotos\/Bumble-Dee)<\/figcaption><\/figure>\n<p id=\"doc-1jg22436o0\" class=\"font--regular\">Die globale Sicherheitslage und das geopolitische Umfeld der Schweiz haben sich in den letzten Jahren zusehends verschlechtert. Die Welt ist volatiler und unsicherer geworden, die v\u00f6lkerrechtsbasierte internationale Ordnung ist einer Belastungsprobe ausgesetzt.<\/p>\n<p class=\"font--regular\">Diverse L\u00e4nder im europ\u00e4ischen Umfeld reagieren darauf, in dem sie ihre Verteidigungsf\u00e4higkeiten st\u00e4rken. Auch die Schweiz ist von diesen Entwicklungen betroffen und sieht sich bereits mit hybrider Konfliktf\u00fchrung konfrontiert, unter anderem durch Cyberangriffe und Desinformation.<\/p>\n<p class=\"font--regular\">Hinzu kommt, dass die Armee aufgrund der Einsparungen der vergangenen Jahrzehnte nicht ausreichend ausger\u00fcstet ist, um besonders den wahrscheinlichsten Bedrohungen \u2013 Angriffe aus der Distanz und hybride Konflikte \u2013 gen\u00fcgend begegnen zu k\u00f6nnen. Zum Schutz von Bev\u00f6lkerung und Land und um k\u00fcnftig kein Sicherheitsrisiko in der Verteidigungsarchitektur Europas darzustellen, entsteht daher ein Mehrbedarf an finanziellen Mitteln; das vorgesehene Wachstum der Armeeausgaben auf 1 Prozent des BIP bis 2032 gen\u00fcgt daf\u00fcr nicht.<\/p>\n<h3 id=\"doc-1jg2245fu0\" class=\"h2\">Priorisierung von R\u00fcstungsbeschaffungen der Armee<\/h3>\n<p id=\"doc-1jg2245fv0\" class=\"font--regular\">Um die Schweiz zu sch\u00fctzen, hat die Armee ihre R\u00fcstungsplanung innerhalb des ordentlichen Budgets erneut priorisiert. Dadurch k\u00f6nnen dringende L\u00fccken in der Abwehr von wahrscheinlichen Bedrohungen schneller geschlossen werden.<\/p>\n<p class=\"font--regular\">Vorgezogen und bereits in die Armeebotschaften 2026 und 2027 aufgenommen werden beispielsweise neue Systeme zur bodengest\u00fctzten Luftverteidigung kleiner Reichweite und zur Abwehr von Mini-Drohnen oder zus\u00e4tzliche Systeme zur bodengest\u00fctzten Luftverteidigung mittlerer Reichweite. Ebenfalls Priorit\u00e4t haben Investitionen in die Informatik, in den Cyberschutz oder in die elektromagnetische Aufkl\u00e4rung und Abwehr.<\/p>\n<p id=\"doc-1jg2245fv1\" class=\"font--regular\">Mit dieser Priorisierung ist es im Rahmen der zur Verf\u00fcgung stehenden finanziellen Mittel m\u00f6glich, den Schutz vor den wahrscheinlichsten Bedrohungen bis in die 2030er Jahre zu verbessern. Dieser Schutz ist aber noch nicht umfassend.<\/p>\n<h3 id=\"doc-1jg2245g00\" class=\"h2\">Angespannter R\u00fcstungsmarkt: Preissteigerungen und hohe Anzahlungen<\/h3>\n<p id=\"doc-1jg2245g01\" class=\"font--regular\">Herausforderungen bestehen darin, dass die im aktuellen Budget und Finanzplan enthaltenen finanziellen Mittel nicht mehr den Realit\u00e4ten des R\u00fcstungsmarkts entsprechen. Unter anderem werden R\u00fcstungsg\u00fcter laufend teurer, dies bis zu 40 Prozent (Teuerung, gesteigerte Nachfrage). Hinzu kommt, dass in der Regel eine Anzahlung von mindestens einem Drittel des Kaufpreises zu leisten ist. Ohne Anpassung der Finanzmittel an die neue Preisrealit\u00e4t w\u00fcrde sich der F\u00e4higkeitsaufbau reduzieren. Dies wirkt sich negativ auf den Schutz von Bev\u00f6lkerung und Land vor Bedrohungen aus.<\/p>\n<h3 class=\"font--regular\">Zus\u00e4tzliche Einnahmen f\u00fcr die Armee und zivile Bundes\u00e4mter mit Sicherheitsaufgaben<\/h3>\n<p id=\"doc-1jg2245g10\" class=\"font--regular\">Der Mehrbedarf besteht nicht nur f\u00fcr R\u00fcstungsinvestitionen. F\u00fcr einen umfassenden Schutz braucht es auch bei den zivilen Bundes\u00e4mtern mit sicherheitsrelevanten Aufgaben einen F\u00e4higkeitsaufbau und -ausbau. Denn milit\u00e4rischer Schutz ist ohne Nachrichtendienst, zivile Alarmierung, innere Sicherheit (Polizei und Grenzschutz), Sicherheitskommunikation oder resiliente Krisenbew\u00e4ltigungskapazit\u00e4ten nur eingeschr\u00e4nkt wirksam.<\/p>\n<p id=\"doc-1jg2245g11\" class=\"font--regular\">Der Bundesrat nimmt zur Kenntnis, dass dieser finanzielle Mehrbedarf ab 2028 rund 31 Milliarden Franken betr\u00e4gt. Dieser Mehrbedarf muss mit zus\u00e4tzlichen Einnahmen finanziert werden, da im Bundesbudget der finanzielle Spielraum fehlt und die Schuldenbremse eingehalten werden soll. Der Bundesrat ist zum Schluss gekommen, dass eine Erh\u00f6hung der Mehrwertsteuer im Hinblick auf die Auswirkungen auf die Wirtschaft und die Gesellschaft anderen M\u00f6glichkeiten vorzuziehen ist.<\/p>\n<h3 id=\"doc-1jg2245g12\" class=\"h2\">Befristete Erh\u00f6hung der Mehrwertsteuer um 0,8 Prozentpunkte f\u00fcr zehn Jahre<\/h3>\n<p id=\"doc-1jg2245g20\" class=\"font--regular\">F\u00fcr die Erh\u00f6hung der Mehrwertsteuer braucht es eine \u00c4nderung der Bundesverfassung. Deshalb hat der Bundesrat das VBS beauftragt, ihm bis Ende M\u00e4rz 2026 eine Vernehmlassungsvorlage vorzulegen. Die Mehrwertsteuer soll ab 2028 befristet f\u00fcr zehn Jahre um 0,8 Prozentpunkte erh\u00f6ht werden. Diese Einnahmen werden zugunsten der St\u00e4rkung der Sicherheit und Verteidigung der Schweiz zweckgebunden und priorit\u00e4r f\u00fcr die R\u00fcstungsausgaben der Armee eingesetzt.<\/p>\n<p id=\"doc-1jg2245g21\" class=\"font--regular\">Vorgesehen ist, dass die Botschaft im Herbst an das Parlament \u00fcberwiesen wird. Die Volksabstimmung k\u00f6nnte im Sommer 2027 stattfinden und die Mehrwertsteuer-Erh\u00f6hung per 1. Januar 2028 in Kraft treten.<\/p>\n<p id=\"doc-1jg2245ga1\" class=\"font--regular\"><em>Quelle: VBS<\/em><\/p>\n","protected":false},"excerpt":{"rendered":"<p>Die globale Sicherheitslage und das geopolitische Umfeld der Schweiz haben sich in den letzten Jahren zusehends verschlechtert. Die Welt ist volatiler und unsicherer geworden, die v\u00f6lkerrechtsbasierte internationale Ordnung ist einer Belastungsprobe ausgesetzt. Diverse L\u00e4nder im europ\u00e4ischen Umfeld reagieren darauf, in dem sie ihre Verteidigungsf\u00e4higkeiten st\u00e4rken. Auch die Schweiz ist von diesen Entwicklungen betroffen und sieht [&hellip;]<\/p>\n","protected":false},"author":31,"featured_media":24934,"comment_status":"closed","ping_status":"closed","sticky":false,"template":"","format":"standard","meta":{"_acf_changed":false,"pgc_sgb_lightbox_settings":"","footnotes":""},"categories":[3312],"tags":[620,4351,6649,6648,776],"class_list":["post-24933","post","type-post","status-publish","format-standard","has-post-thumbnail","hentry","category-sicherheit","tag-armee","tag-armeeausgaben","tag-geopolitik","tag-mehrwertsteuererhoehung","tag-sicherheitslage"],"acf":[],"hkrextid":null,"publication":null,"issue":null,"workflow":null,"startPage":null,"spitzmarke":null,"_posts_by_tag_page_fields":null,"_at_widget":null,"_yoast_wpseo_primary_category":"3312","_yoast_wpseo_focuskw_text_input":null,"_yoast_wpseo_opengraph-image":null,"_yoast_wpseo_opengraph-description":null,"_yoast_wpseo_opengraph-title":null,"enclosure":null,"_yoast_wpseo_twitter-title":null,"_yoast_wpseo_twitter-description":null,"_yoast_wpseo_twitter-image":null,"_wp_old_slug":null,"_yoast_wpseo_title":null,"_yoast_wpseo_canonical":null,"yoast_head":"<!-- This site is optimized with the Yoast SEO plugin v27.5 - https:\/\/yoast.com\/product\/yoast-seo-wordpress\/ -->\n<title>Verschlechterte Bedrohungslage: Befristete Mehrwertsteuer-Erh\u00f6hung zur St\u00e4rkung der Sicherheit - Save<\/title>\n<meta name=\"description\" content=\"Wegen der angespannten weltpolitischen Lage will der Bundesrat die Sicherheit und Verteidigung der Schweiz deutlich st\u00e4rken. Daf\u00fcr werden rund 31 Milliarden Franken ben\u00f6tigt.\" \/>\n<meta name=\"robots\" content=\"index, follow, max-snippet:-1, max-image-preview:large, max-video-preview:-1\" \/>\n<link rel=\"canonical\" href=\"https:\/\/news.save.ch\/de\/verschlechterte-bedrohungslage-befristete-mehrwertsteuer-erhoehung-zur-staerkung-der-sicherheit\/\" \/>\n<meta property=\"og:locale\" content=\"de_DE\" \/>\n<meta property=\"og:type\" content=\"article\" \/>\n<meta property=\"og:title\" content=\"Verschlechterte Bedrohungslage: Befristete Mehrwertsteuer-Erh\u00f6hung zur St\u00e4rkung der Sicherheit - Save\" \/>\n<meta property=\"og:description\" content=\"Wegen der angespannten weltpolitischen Lage will der Bundesrat die Sicherheit und Verteidigung der Schweiz deutlich st\u00e4rken. Daf\u00fcr werden rund 31 Milliarden Franken ben\u00f6tigt.\" \/>\n<meta property=\"og:url\" content=\"https:\/\/news.save.ch\/de\/verschlechterte-bedrohungslage-befristete-mehrwertsteuer-erhoehung-zur-staerkung-der-sicherheit\/\" \/>\n<meta property=\"og:site_name\" content=\"Save\" \/>\n<meta property=\"article:published_time\" content=\"2026-01-29T13:05:32+00:00\" \/>\n<meta property=\"og:image\" content=\"https:\/\/news.save.ch\/wp-content\/uploads\/2026\/01\/Depositphotos_319525530_S.jpg\" \/>\n\t<meta property=\"og:image:width\" content=\"1000\" \/>\n\t<meta property=\"og:image:height\" content=\"734\" \/>\n\t<meta property=\"og:image:type\" content=\"image\/jpeg\" \/>\n<meta name=\"author\" content=\"stefanie Zeng\" \/>\n<meta name=\"twitter:card\" content=\"summary_large_image\" \/>\n<meta name=\"twitter:label1\" content=\"Geschrieben von\" \/>\n\t<meta name=\"twitter:data1\" content=\"stefanie Zeng\" \/>\n\t<meta name=\"twitter:label2\" content=\"Gesch\u00e4tzte Lesezeit\" \/>\n\t<meta name=\"twitter:data2\" content=\"4\u00a0Minuten\" \/>\n<script type=\"application\/ld+json\" class=\"yoast-schema-graph\">{\"@context\":\"https:\\\/\\\/schema.org\",\"@graph\":[{\"@type\":\"Article\",\"@id\":\"https:\\\/\\\/news.save.ch\\\/verschlechterte-bedrohungslage-befristete-mehrwertsteuer-erhoehung-zur-staerkung-der-sicherheit\\\/#article\",\"isPartOf\":{\"@id\":\"https:\\\/\\\/news.save.ch\\\/verschlechterte-bedrohungslage-befristete-mehrwertsteuer-erhoehung-zur-staerkung-der-sicherheit\\\/\"},\"author\":{\"name\":\"stefanie Zeng\",\"@id\":\"https:\\\/\\\/news.save.ch\\\/de\\\/#\\\/schema\\\/person\\\/10917387362b3961e882740f6cf6f2a2\"},\"headline\":\"Verschlechterte Bedrohungslage: Befristete Mehrwertsteuer-Erh\u00f6hung zur St\u00e4rkung der Sicherheit\",\"datePublished\":\"2026-01-29T13:05:32+00:00\",\"mainEntityOfPage\":{\"@id\":\"https:\\\/\\\/news.save.ch\\\/verschlechterte-bedrohungslage-befristete-mehrwertsteuer-erhoehung-zur-staerkung-der-sicherheit\\\/\"},\"wordCount\":638,\"publisher\":{\"@id\":\"https:\\\/\\\/news.save.ch\\\/de\\\/#organization\"},\"image\":{\"@id\":\"https:\\\/\\\/news.save.ch\\\/verschlechterte-bedrohungslage-befristete-mehrwertsteuer-erhoehung-zur-staerkung-der-sicherheit\\\/#primaryimage\"},\"thumbnailUrl\":\"https:\\\/\\\/news.save.ch\\\/wp-content\\\/uploads\\\/2026\\\/01\\\/Depositphotos_319525530_S.jpg\",\"keywords\":[\"Armee\",\"Armeeausgaben\",\"Geopolitik\",\"Mehrwertsteuererh\u00f6hung\",\"Sicherheitslage\"],\"articleSection\":[\"SICHERHEIT\"],\"inLanguage\":\"de\"},{\"@type\":\"WebPage\",\"@id\":\"https:\\\/\\\/news.save.ch\\\/verschlechterte-bedrohungslage-befristete-mehrwertsteuer-erhoehung-zur-staerkung-der-sicherheit\\\/\",\"url\":\"https:\\\/\\\/news.save.ch\\\/verschlechterte-bedrohungslage-befristete-mehrwertsteuer-erhoehung-zur-staerkung-der-sicherheit\\\/\",\"name\":\"Verschlechterte Bedrohungslage: Befristete Mehrwertsteuer-Erh\u00f6hung zur St\u00e4rkung der Sicherheit - Save\",\"isPartOf\":{\"@id\":\"https:\\\/\\\/news.save.ch\\\/de\\\/#website\"},\"primaryImageOfPage\":{\"@id\":\"https:\\\/\\\/news.save.ch\\\/verschlechterte-bedrohungslage-befristete-mehrwertsteuer-erhoehung-zur-staerkung-der-sicherheit\\\/#primaryimage\"},\"image\":{\"@id\":\"https:\\\/\\\/news.save.ch\\\/verschlechterte-bedrohungslage-befristete-mehrwertsteuer-erhoehung-zur-staerkung-der-sicherheit\\\/#primaryimage\"},\"thumbnailUrl\":\"https:\\\/\\\/news.save.ch\\\/wp-content\\\/uploads\\\/2026\\\/01\\\/Depositphotos_319525530_S.jpg\",\"datePublished\":\"2026-01-29T13:05:32+00:00\",\"description\":\"Wegen der angespannten weltpolitischen Lage will der Bundesrat die Sicherheit und Verteidigung der Schweiz deutlich st\u00e4rken. Daf\u00fcr werden rund 31 Milliarden Franken ben\u00f6tigt.\",\"breadcrumb\":{\"@id\":\"https:\\\/\\\/news.save.ch\\\/verschlechterte-bedrohungslage-befristete-mehrwertsteuer-erhoehung-zur-staerkung-der-sicherheit\\\/#breadcrumb\"},\"inLanguage\":\"de\",\"potentialAction\":[{\"@type\":\"ReadAction\",\"target\":[\"https:\\\/\\\/news.save.ch\\\/verschlechterte-bedrohungslage-befristete-mehrwertsteuer-erhoehung-zur-staerkung-der-sicherheit\\\/\"]}]},{\"@type\":\"ImageObject\",\"inLanguage\":\"de\",\"@id\":\"https:\\\/\\\/news.save.ch\\\/verschlechterte-bedrohungslage-befristete-mehrwertsteuer-erhoehung-zur-staerkung-der-sicherheit\\\/#primaryimage\",\"url\":\"https:\\\/\\\/news.save.ch\\\/wp-content\\\/uploads\\\/2026\\\/01\\\/Depositphotos_319525530_S.jpg\",\"contentUrl\":\"https:\\\/\\\/news.save.ch\\\/wp-content\\\/uploads\\\/2026\\\/01\\\/Depositphotos_319525530_S.jpg\",\"width\":1000,\"height\":734,\"caption\":\"Die Schweiz will wegen der unsicherer gewordenen Welt ihre Armee st\u00e4rken (Foto: Depositphotos\\\/Bumble-Dee)\"},{\"@type\":\"BreadcrumbList\",\"@id\":\"https:\\\/\\\/news.save.ch\\\/verschlechterte-bedrohungslage-befristete-mehrwertsteuer-erhoehung-zur-staerkung-der-sicherheit\\\/#breadcrumb\",\"itemListElement\":[{\"@type\":\"ListItem\",\"position\":1,\"name\":\"Home\",\"item\":\"https:\\\/\\\/news.save.ch\\\/de\\\/\"},{\"@type\":\"ListItem\",\"position\":2,\"name\":\"Verschlechterte Bedrohungslage: Befristete Mehrwertsteuer-Erh\u00f6hung zur St\u00e4rkung der Sicherheit\"}]},{\"@type\":\"WebSite\",\"@id\":\"https:\\\/\\\/news.save.ch\\\/de\\\/#website\",\"url\":\"https:\\\/\\\/news.save.ch\\\/de\\\/\",\"name\":\"Save\",\"description\":\"Schweizer Fachzeitschrift f\u00fcr Sicherheit\",\"publisher\":{\"@id\":\"https:\\\/\\\/news.save.ch\\\/de\\\/#organization\"},\"potentialAction\":[{\"@type\":\"SearchAction\",\"target\":{\"@type\":\"EntryPoint\",\"urlTemplate\":\"https:\\\/\\\/news.save.ch\\\/de\\\/?s={search_term_string}\"},\"query-input\":{\"@type\":\"PropertyValueSpecification\",\"valueRequired\":true,\"valueName\":\"search_term_string\"}}],\"inLanguage\":\"de\"},{\"@type\":\"Organization\",\"@id\":\"https:\\\/\\\/news.save.ch\\\/de\\\/#organization\",\"name\":\"Sicherheitsforum\",\"url\":\"https:\\\/\\\/news.save.ch\\\/de\\\/\",\"logo\":{\"@type\":\"ImageObject\",\"inLanguage\":\"de\",\"@id\":\"https:\\\/\\\/news.save.ch\\\/de\\\/#\\\/schema\\\/logo\\\/image\\\/\",\"url\":\"https:\\\/\\\/news.save.ch\\\/wp-content\\\/uploads\\\/2022\\\/06\\\/Logo_SF_2012.png\",\"contentUrl\":\"https:\\\/\\\/news.save.ch\\\/wp-content\\\/uploads\\\/2022\\\/06\\\/Logo_SF_2012.png\",\"width\":1100,\"height\":91,\"caption\":\"Sicherheitsforum\"},\"image\":{\"@id\":\"https:\\\/\\\/news.save.ch\\\/de\\\/#\\\/schema\\\/logo\\\/image\\\/\"}},{\"@type\":\"Person\",\"@id\":\"https:\\\/\\\/news.save.ch\\\/de\\\/#\\\/schema\\\/person\\\/10917387362b3961e882740f6cf6f2a2\",\"name\":\"stefanie Zeng\",\"image\":{\"@type\":\"ImageObject\",\"inLanguage\":\"de\",\"@id\":\"https:\\\/\\\/secure.gravatar.com\\\/avatar\\\/eac43faa6e40bb2c41068c95c9d78bbd94c476d5efdff7abaab80bb3ea681e06?s=96&d=mm&r=g\",\"url\":\"https:\\\/\\\/secure.gravatar.com\\\/avatar\\\/eac43faa6e40bb2c41068c95c9d78bbd94c476d5efdff7abaab80bb3ea681e06?s=96&d=mm&r=g\",\"contentUrl\":\"https:\\\/\\\/secure.gravatar.com\\\/avatar\\\/eac43faa6e40bb2c41068c95c9d78bbd94c476d5efdff7abaab80bb3ea681e06?s=96&d=mm&r=g\",\"caption\":\"stefanie Zeng\"},\"url\":\"https:\\\/\\\/news.save.ch\\\/de\\\/author\\\/stefanie-zeng\\\/\"}]}<\/script>\n<!-- \/ Yoast SEO plugin. -->","yoast_head_json":{"title":"Verschlechterte Bedrohungslage: Befristete Mehrwertsteuer-Erh\u00f6hung zur St\u00e4rkung der Sicherheit - Save","description":"Wegen der angespannten weltpolitischen Lage will der Bundesrat die Sicherheit und Verteidigung der Schweiz deutlich st\u00e4rken. Daf\u00fcr werden rund 31 Milliarden Franken ben\u00f6tigt.","robots":{"index":"index","follow":"follow","max-snippet":"max-snippet:-1","max-image-preview":"max-image-preview:large","max-video-preview":"max-video-preview:-1"},"canonical":"https:\/\/news.save.ch\/de\/verschlechterte-bedrohungslage-befristete-mehrwertsteuer-erhoehung-zur-staerkung-der-sicherheit\/","og_locale":"de_DE","og_type":"article","og_title":"Verschlechterte Bedrohungslage: Befristete Mehrwertsteuer-Erh\u00f6hung zur St\u00e4rkung der Sicherheit - Save","og_description":"Wegen der angespannten weltpolitischen Lage will der Bundesrat die Sicherheit und Verteidigung der Schweiz deutlich st\u00e4rken. Daf\u00fcr werden rund 31 Milliarden Franken ben\u00f6tigt.","og_url":"https:\/\/news.save.ch\/de\/verschlechterte-bedrohungslage-befristete-mehrwertsteuer-erhoehung-zur-staerkung-der-sicherheit\/","og_site_name":"Save","article_published_time":"2026-01-29T13:05:32+00:00","og_image":[{"width":1000,"height":734,"url":"https:\/\/news.save.ch\/wp-content\/uploads\/2026\/01\/Depositphotos_319525530_S.jpg","type":"image\/jpeg"}],"author":"stefanie Zeng","twitter_card":"summary_large_image","twitter_misc":{"Geschrieben von":"stefanie Zeng","Gesch\u00e4tzte Lesezeit":"4\u00a0Minuten"},"schema":{"@context":"https:\/\/schema.org","@graph":[{"@type":"Article","@id":"https:\/\/news.save.ch\/verschlechterte-bedrohungslage-befristete-mehrwertsteuer-erhoehung-zur-staerkung-der-sicherheit\/#article","isPartOf":{"@id":"https:\/\/news.save.ch\/verschlechterte-bedrohungslage-befristete-mehrwertsteuer-erhoehung-zur-staerkung-der-sicherheit\/"},"author":{"name":"stefanie Zeng","@id":"https:\/\/news.save.ch\/de\/#\/schema\/person\/10917387362b3961e882740f6cf6f2a2"},"headline":"Verschlechterte Bedrohungslage: Befristete Mehrwertsteuer-Erh\u00f6hung zur St\u00e4rkung der Sicherheit","datePublished":"2026-01-29T13:05:32+00:00","mainEntityOfPage":{"@id":"https:\/\/news.save.ch\/verschlechterte-bedrohungslage-befristete-mehrwertsteuer-erhoehung-zur-staerkung-der-sicherheit\/"},"wordCount":638,"publisher":{"@id":"https:\/\/news.save.ch\/de\/#organization"},"image":{"@id":"https:\/\/news.save.ch\/verschlechterte-bedrohungslage-befristete-mehrwertsteuer-erhoehung-zur-staerkung-der-sicherheit\/#primaryimage"},"thumbnailUrl":"https:\/\/news.save.ch\/wp-content\/uploads\/2026\/01\/Depositphotos_319525530_S.jpg","keywords":["Armee","Armeeausgaben","Geopolitik","Mehrwertsteuererh\u00f6hung","Sicherheitslage"],"articleSection":["SICHERHEIT"],"inLanguage":"de"},{"@type":"WebPage","@id":"https:\/\/news.save.ch\/verschlechterte-bedrohungslage-befristete-mehrwertsteuer-erhoehung-zur-staerkung-der-sicherheit\/","url":"https:\/\/news.save.ch\/verschlechterte-bedrohungslage-befristete-mehrwertsteuer-erhoehung-zur-staerkung-der-sicherheit\/","name":"Verschlechterte Bedrohungslage: Befristete Mehrwertsteuer-Erh\u00f6hung zur St\u00e4rkung der Sicherheit - Save","isPartOf":{"@id":"https:\/\/news.save.ch\/de\/#website"},"primaryImageOfPage":{"@id":"https:\/\/news.save.ch\/verschlechterte-bedrohungslage-befristete-mehrwertsteuer-erhoehung-zur-staerkung-der-sicherheit\/#primaryimage"},"image":{"@id":"https:\/\/news.save.ch\/verschlechterte-bedrohungslage-befristete-mehrwertsteuer-erhoehung-zur-staerkung-der-sicherheit\/#primaryimage"},"thumbnailUrl":"https:\/\/news.save.ch\/wp-content\/uploads\/2026\/01\/Depositphotos_319525530_S.jpg","datePublished":"2026-01-29T13:05:32+00:00","description":"Wegen der angespannten weltpolitischen Lage will der Bundesrat die Sicherheit und Verteidigung der Schweiz deutlich st\u00e4rken. Daf\u00fcr werden rund 31 Milliarden Franken ben\u00f6tigt.","breadcrumb":{"@id":"https:\/\/news.save.ch\/verschlechterte-bedrohungslage-befristete-mehrwertsteuer-erhoehung-zur-staerkung-der-sicherheit\/#breadcrumb"},"inLanguage":"de","potentialAction":[{"@type":"ReadAction","target":["https:\/\/news.save.ch\/verschlechterte-bedrohungslage-befristete-mehrwertsteuer-erhoehung-zur-staerkung-der-sicherheit\/"]}]},{"@type":"ImageObject","inLanguage":"de","@id":"https:\/\/news.save.ch\/verschlechterte-bedrohungslage-befristete-mehrwertsteuer-erhoehung-zur-staerkung-der-sicherheit\/#primaryimage","url":"https:\/\/news.save.ch\/wp-content\/uploads\/2026\/01\/Depositphotos_319525530_S.jpg","contentUrl":"https:\/\/news.save.ch\/wp-content\/uploads\/2026\/01\/Depositphotos_319525530_S.jpg","width":1000,"height":734,"caption":"Die Schweiz will wegen der unsicherer gewordenen Welt ihre Armee st\u00e4rken (Foto: Depositphotos\/Bumble-Dee)"},{"@type":"BreadcrumbList","@id":"https:\/\/news.save.ch\/verschlechterte-bedrohungslage-befristete-mehrwertsteuer-erhoehung-zur-staerkung-der-sicherheit\/#breadcrumb","itemListElement":[{"@type":"ListItem","position":1,"name":"Home","item":"https:\/\/news.save.ch\/de\/"},{"@type":"ListItem","position":2,"name":"Verschlechterte Bedrohungslage: Befristete Mehrwertsteuer-Erh\u00f6hung zur St\u00e4rkung der Sicherheit"}]},{"@type":"WebSite","@id":"https:\/\/news.save.ch\/de\/#website","url":"https:\/\/news.save.ch\/de\/","name":"Save","description":"Schweizer Fachzeitschrift f\u00fcr Sicherheit","publisher":{"@id":"https:\/\/news.save.ch\/de\/#organization"},"potentialAction":[{"@type":"SearchAction","target":{"@type":"EntryPoint","urlTemplate":"https:\/\/news.save.ch\/de\/?s={search_term_string}"},"query-input":{"@type":"PropertyValueSpecification","valueRequired":true,"valueName":"search_term_string"}}],"inLanguage":"de"},{"@type":"Organization","@id":"https:\/\/news.save.ch\/de\/#organization","name":"Sicherheitsforum","url":"https:\/\/news.save.ch\/de\/","logo":{"@type":"ImageObject","inLanguage":"de","@id":"https:\/\/news.save.ch\/de\/#\/schema\/logo\/image\/","url":"https:\/\/news.save.ch\/wp-content\/uploads\/2022\/06\/Logo_SF_2012.png","contentUrl":"https:\/\/news.save.ch\/wp-content\/uploads\/2022\/06\/Logo_SF_2012.png","width":1100,"height":91,"caption":"Sicherheitsforum"},"image":{"@id":"https:\/\/news.save.ch\/de\/#\/schema\/logo\/image\/"}},{"@type":"Person","@id":"https:\/\/news.save.ch\/de\/#\/schema\/person\/10917387362b3961e882740f6cf6f2a2","name":"stefanie Zeng","image":{"@type":"ImageObject","inLanguage":"de","@id":"https:\/\/secure.gravatar.com\/avatar\/eac43faa6e40bb2c41068c95c9d78bbd94c476d5efdff7abaab80bb3ea681e06?s=96&d=mm&r=g","url":"https:\/\/secure.gravatar.com\/avatar\/eac43faa6e40bb2c41068c95c9d78bbd94c476d5efdff7abaab80bb3ea681e06?s=96&d=mm&r=g","contentUrl":"https:\/\/secure.gravatar.com\/avatar\/eac43faa6e40bb2c41068c95c9d78bbd94c476d5efdff7abaab80bb3ea681e06?s=96&d=mm&r=g","caption":"stefanie Zeng"},"url":"https:\/\/news.save.ch\/de\/author\/stefanie-zeng\/"}]}},"_links":{"self":[{"href":"https:\/\/news.save.ch\/de\/wp-json\/wp\/v2\/posts\/24933","targetHints":{"allow":["GET"]}}],"collection":[{"href":"https:\/\/news.save.ch\/de\/wp-json\/wp\/v2\/posts"}],"about":[{"href":"https:\/\/news.save.ch\/de\/wp-json\/wp\/v2\/types\/post"}],"author":[{"embeddable":true,"href":"https:\/\/news.save.ch\/de\/wp-json\/wp\/v2\/users\/31"}],"replies":[{"embeddable":true,"href":"https:\/\/news.save.ch\/de\/wp-json\/wp\/v2\/comments?post=24933"}],"version-history":[{"count":2,"href":"https:\/\/news.save.ch\/de\/wp-json\/wp\/v2\/posts\/24933\/revisions"}],"predecessor-version":[{"id":24936,"href":"https:\/\/news.save.ch\/de\/wp-json\/wp\/v2\/posts\/24933\/revisions\/24936"}],"wp:featuredmedia":[{"embeddable":true,"href":"https:\/\/news.save.ch\/de\/wp-json\/wp\/v2\/media\/24934"}],"wp:attachment":[{"href":"https:\/\/news.save.ch\/de\/wp-json\/wp\/v2\/media?parent=24933"}],"wp:term":[{"taxonomy":"category","embeddable":true,"href":"https:\/\/news.save.ch\/de\/wp-json\/wp\/v2\/categories?post=24933"},{"taxonomy":"post_tag","embeddable":true,"href":"https:\/\/news.save.ch\/de\/wp-json\/wp\/v2\/tags?post=24933"}],"curies":[{"name":"wp","href":"https:\/\/api.w.org\/{rel}","templated":true}]}}