{"id":24955,"date":"2026-02-10T10:24:35","date_gmt":"2026-02-10T09:24:35","guid":{"rendered":"https:\/\/news.save.ch\/?p=24955"},"modified":"2026-02-10T10:38:54","modified_gmt":"2026-02-10T09:38:54","slug":"skiunfaelle-verursachen-jedes-jahr-ueber-800-000-absenztage","status":null,"type":"post","link":"https:\/\/news.save.ch\/de\/skiunfaelle-verursachen-jedes-jahr-ueber-800-000-absenztage\/","title":{"rendered":"Skiunf\u00e4lle verursachen  jedes Jahr \u00fcber 800\u202f000 Absenztage"},"content":{"rendered":"<div class=\"container\">\n<div class=\"row sch-page-intro\">\n<section class=\"col-lg-7 offset-md-1\">\n<figure id=\"attachment_24956\" aria-describedby=\"caption-attachment-24956\" style=\"width: 680px\" class=\"wp-caption alignnone\"><img loading=\"lazy\" decoding=\"async\" class=\"size-medium wp-image-24956\" src=\"https:\/\/news.save.ch\/wp-content\/uploads\/2026\/02\/Depositphotos_327236256_S-680x454.jpg\" alt=\"\" width=\"680\" height=\"454\" srcset=\"https:\/\/news.save.ch\/wp-content\/uploads\/2026\/02\/Depositphotos_327236256_S-680x454.jpg 680w, https:\/\/news.save.ch\/wp-content\/uploads\/2026\/02\/Depositphotos_327236256_S-768x512.jpg 768w, https:\/\/news.save.ch\/wp-content\/uploads\/2026\/02\/Depositphotos_327236256_S-18x12.jpg 18w, https:\/\/news.save.ch\/wp-content\/uploads\/2026\/02\/Depositphotos_327236256_S-375x250.jpg 375w, https:\/\/news.save.ch\/wp-content\/uploads\/2026\/02\/Depositphotos_327236256_S-525x350.jpg 525w, https:\/\/news.save.ch\/wp-content\/uploads\/2026\/02\/Depositphotos_327236256_S.jpg 1000w\" sizes=\"auto, (max-width: 680px) 100vw, 680px\" \/><figcaption id=\"caption-attachment-24956\" class=\"wp-caption-text\">Foto: Depositphotos\/HayDimitri<\/figcaption><\/figure>\n<\/section>\n<\/div>\n<\/div>\n<section class=\"container sux-section-content\">\n<div class=\"row\">\n<div class=\"col-lg-6 offset-lg-3 col-md-8 offset-md-2 col-sm-10 offset-sm-1\">\n<div>\n<p>Ski- und Snowboardfahren z\u00e4hlt zu den beliebtesten Wintersportarten in der Schweiz. Gleichzeitig zeigen die Zahlen der Schweizer Unfallversicherungen, dass die Auswirkungen von Schneesportunf\u00e4llen erheblich sind. Nicht nur f\u00fcr die Betroffenen, sondern auch f\u00fcr die Unternehmen und Arbeitsteams, die die Ausf\u00e4lle von knapp 827\u202f000 Arbeitstagen auffangen m\u00fcssen.<\/p>\n<\/div>\n<h3 id=\"anchor-9E3A55C4-C5A0-4188-A20F-2C8E341A7941\" class=\"h3 sch-h3\">Ausfalltage nach Altersgruppen\u00a0pro Jahr<\/h3>\n<div>\n<ul>\n<li>15\u201324 Jahre: rund 4700 Unf\u00e4lle, ca. 108\u202f700 entsch\u00e4digte Arbeitstage<\/li>\n<li>25\u201334 Jahre: rund 7600 Unf\u00e4lle, ca. 171\u202f900 entsch\u00e4digte Arbeitstage<\/li>\n<li>35\u201344 Jahre: rund 7600 Unf\u00e4lle, ca. 163\u202f100 entsch\u00e4digte Arbeitstage<\/li>\n<li>45\u201354 Jahre: rund 9200 Unf\u00e4lle, ca. 228\u202f100 entsch\u00e4digte Arbeitstage<\/li>\n<li>55\u201364 Jahre: rund 5300 Unf\u00e4lle, ca. 147\u202f700 entsch\u00e4digte Arbeitstage<\/li>\n<li>65+ Jahre: rund 360 Unf\u00e4lle, ca. 7100 entsch\u00e4digte Arbeitstage<\/li>\n<\/ul>\n<p>Schneesportunf\u00e4lle betreffen damit alle Altersgruppen. Die h\u00f6chste Anzahl an Ausfalltagen entstehen bei den 45- bis 54-J\u00e4hrigen. Zudem zeigt sich ein deutlicher Altersunterschied bei der Dauer der Arbeitsunf\u00e4higkeit:\u00a0 W\u00e4hrend Personen im Alter von 15 bis 24\u00a0Jahren nach einem Schneesportunfall im Durchschnitt rund 21\u00a0entsch\u00e4digte Ausfalltage pro Fall verzeichnen, bel\u00e4uft sich dieser Wert bei den 55- bis 64-J\u00e4hrigen auf rund 27\u00a0Tage.<\/p>\n<\/div>\n<h3 id=\"anchor-BFEFA2C3-72F0-40B1-8C61-A8C45C00076E\" class=\"h3 sch-h3\">Mehr Ausfalltage trotz stabiler Unfallzahlen<\/h3>\n<div>\n<p>Ein Blick auf die Entwicklung der letzten 15\u00a0Jahre zeigt: Die Zahl der Wintersportunf\u00e4lle ist seit Mitte der 2000er-Jahre nur leicht gestiegen (+6\u00a0%). Die entsch\u00e4digten Arbeitstage haben im gleichen Zeitraum jedoch \u00fcberproportional zugenommen (+16\u00a0%). Mit anderen Worten: Menschen fallen heute nach Skiunf\u00e4llen deutlich l\u00e4nger aus als fr\u00fcher. Das liegt haupts\u00e4chlich an der demografischen Entwicklung: Unter den Verunfallten hat der Anteil der \u00fcber 44-J\u00e4hrigen in den letzten 15\u00a0Jahren deutlich zugenommen.<\/p>\n<\/div>\n<h3 id=\"anchor-580BC9C5-AE52-4D04-ABE5-A100C32EDEDB\" class=\"h3 sch-h3\">Unf\u00e4lle vermeiden, Ausf\u00e4lle verk\u00fcrzen<\/h3>\n<div>\n<p>Viele Unf\u00e4lle lassen sich verhindern. Die Suva empfiehlt Schneesportlerinnen und Schneesportlern:<\/p>\n<ul>\n<li>gut gewartete Ausr\u00fcstung und korrekt eingestellte Bindungen zu verwenden<\/li>\n<li>die eigenen F\u00e4higkeiten nicht zu \u00fcbersch\u00e4tzen<\/li>\n<li>richtig aufw\u00e4rmen vor dem Start<\/li>\n<li>das Tempo der Situation und dem eigenen K\u00f6nnen anzupassen<\/li>\n<li>regelm\u00e4ssig Pausen einzulegen<\/li>\n<li>mit klarem Kopf Ski- und Snowboard fahren, mit den Gedanken auf der Piste bleiben<\/li>\n<\/ul>\n<p>Wer bewusst und r\u00fccksichtsvoll unterwegs ist, reduziert das Unfallrisiko und tr\u00e4gt dazu bei, Ausf\u00e4lle im Arbeitsalltag zu vermeiden.<\/p>\n<p><em>Quelle: Suva<\/em><\/p>\n<\/div>\n<div class=\"sch-teaser\">\n<div class=\"sch-teaser-click-animation\">\n<div class=\"sch-teaser-content-container sch-teaser-small-image sch-teaser-list-item\"><\/div>\n<\/div>\n<\/div>\n<\/div>\n<\/div>\n<\/section>\n","protected":false},"excerpt":{"rendered":"<p>Ski- und Snowboardfahren z\u00e4hlt zu den beliebtesten Wintersportarten in der Schweiz. Gleichzeitig zeigen die Zahlen der Schweizer Unfallversicherungen, dass die Auswirkungen von Schneesportunf\u00e4llen erheblich sind. Nicht nur f\u00fcr die Betroffenen, sondern auch f\u00fcr die Unternehmen und Arbeitsteams, die die Ausf\u00e4lle von knapp 827\u202f000 Arbeitstagen auffangen m\u00fcssen. Ausfalltage nach Altersgruppen\u00a0pro Jahr 15\u201324 Jahre: rund 4700 Unf\u00e4lle, [&hellip;]<\/p>\n","protected":false},"author":31,"featured_media":24956,"comment_status":"closed","ping_status":"closed","sticky":false,"template":"","format":"standard","meta":{"_acf_changed":false,"pgc_sgb_lightbox_settings":"","footnotes":""},"categories":[3314],"tags":[2853,2926,2928,2938,167],"class_list":["post-24955","post","type-post","status-publish","format-standard","has-post-thumbnail","hentry","category-health-safety","tag-schneesportunfall","tag-skifahren","tag-skiunfall","tag-snowboard","tag-suva"],"acf":[],"hkrextid":null,"publication":null,"issue":null,"workflow":null,"startPage":null,"spitzmarke":null,"_posts_by_tag_page_fields":null,"_at_widget":null,"_yoast_wpseo_primary_category":"3314","_yoast_wpseo_focuskw_text_input":null,"_yoast_wpseo_opengraph-image":null,"_yoast_wpseo_opengraph-description":null,"_yoast_wpseo_opengraph-title":null,"enclosure":null,"_yoast_wpseo_twitter-title":null,"_yoast_wpseo_twitter-description":null,"_yoast_wpseo_twitter-image":null,"_wp_old_slug":null,"_yoast_wpseo_title":null,"_yoast_wpseo_canonical":null,"yoast_head":"<!-- This site is optimized with the Yoast SEO plugin v27.5 - https:\/\/yoast.com\/product\/yoast-seo-wordpress\/ -->\n<title>Skiunf\u00e4lle verursachen jedes Jahr \u00fcber 800\u202f000 Absenztage - Save<\/title>\n<meta name=\"description\" content=\"Rund 35\u202f000 Ski- und Snowboardunf\u00e4lle verursachen\u00a0jedes Jahr\u00a0einen Ausfall an Arbeitszeit im Umfang von rund 3300\u00a0Arbeitsjahren.\" \/>\n<meta name=\"robots\" content=\"index, follow, max-snippet:-1, max-image-preview:large, max-video-preview:-1\" \/>\n<link rel=\"canonical\" href=\"https:\/\/news.save.ch\/de\/skiunfaelle-verursachen-jedes-jahr-ueber-800-000-absenztage\/\" \/>\n<meta property=\"og:locale\" content=\"de_DE\" \/>\n<meta property=\"og:type\" content=\"article\" \/>\n<meta property=\"og:title\" content=\"Skiunf\u00e4lle verursachen jedes Jahr \u00fcber 800\u202f000 Absenztage - Save\" \/>\n<meta property=\"og:description\" content=\"Rund 35\u202f000 Ski- und Snowboardunf\u00e4lle verursachen\u00a0jedes Jahr\u00a0einen Ausfall an Arbeitszeit im Umfang von rund 3300\u00a0Arbeitsjahren.\" \/>\n<meta property=\"og:url\" content=\"https:\/\/news.save.ch\/de\/skiunfaelle-verursachen-jedes-jahr-ueber-800-000-absenztage\/\" \/>\n<meta property=\"og:site_name\" content=\"Save\" \/>\n<meta property=\"article:published_time\" content=\"2026-02-10T09:24:35+00:00\" \/>\n<meta property=\"article:modified_time\" content=\"2026-02-10T09:38:54+00:00\" \/>\n<meta property=\"og:image\" content=\"https:\/\/news.save.ch\/wp-content\/uploads\/2026\/02\/Depositphotos_327236256_S.jpg\" \/>\n\t<meta property=\"og:image:width\" content=\"1000\" \/>\n\t<meta property=\"og:image:height\" content=\"667\" \/>\n\t<meta property=\"og:image:type\" content=\"image\/jpeg\" \/>\n<meta name=\"author\" content=\"stefanie Zeng\" \/>\n<meta name=\"twitter:card\" content=\"summary_large_image\" \/>\n<meta name=\"twitter:label1\" content=\"Geschrieben von\" \/>\n\t<meta name=\"twitter:data1\" content=\"stefanie Zeng\" \/>\n\t<meta name=\"twitter:label2\" content=\"Gesch\u00e4tzte Lesezeit\" \/>\n\t<meta name=\"twitter:data2\" content=\"3\u00a0Minuten\" \/>\n<script type=\"application\/ld+json\" class=\"yoast-schema-graph\">{\"@context\":\"https:\\\/\\\/schema.org\",\"@graph\":[{\"@type\":\"Article\",\"@id\":\"https:\\\/\\\/news.save.ch\\\/skiunfaelle-verursachen-jedes-jahr-ueber-800-000-absenztage\\\/#article\",\"isPartOf\":{\"@id\":\"https:\\\/\\\/news.save.ch\\\/skiunfaelle-verursachen-jedes-jahr-ueber-800-000-absenztage\\\/\"},\"author\":{\"name\":\"stefanie Zeng\",\"@id\":\"https:\\\/\\\/news.save.ch\\\/de\\\/#\\\/schema\\\/person\\\/10917387362b3961e882740f6cf6f2a2\"},\"headline\":\"Skiunf\u00e4lle verursachen jedes Jahr \u00fcber 800\u202f000 Absenztage\",\"datePublished\":\"2026-02-10T09:24:35+00:00\",\"dateModified\":\"2026-02-10T09:38:54+00:00\",\"mainEntityOfPage\":{\"@id\":\"https:\\\/\\\/news.save.ch\\\/skiunfaelle-verursachen-jedes-jahr-ueber-800-000-absenztage\\\/\"},\"wordCount\":358,\"publisher\":{\"@id\":\"https:\\\/\\\/news.save.ch\\\/de\\\/#organization\"},\"image\":{\"@id\":\"https:\\\/\\\/news.save.ch\\\/skiunfaelle-verursachen-jedes-jahr-ueber-800-000-absenztage\\\/#primaryimage\"},\"thumbnailUrl\":\"https:\\\/\\\/news.save.ch\\\/wp-content\\\/uploads\\\/2026\\\/02\\\/Depositphotos_327236256_S.jpg\",\"keywords\":[\"Schneesportunfall\",\"Skifahren\",\"Skiunfall\",\"Snowboard\",\"SUVA\"],\"articleSection\":[\"HEALTH &amp; SAFETY\"],\"inLanguage\":\"de\"},{\"@type\":\"WebPage\",\"@id\":\"https:\\\/\\\/news.save.ch\\\/skiunfaelle-verursachen-jedes-jahr-ueber-800-000-absenztage\\\/\",\"url\":\"https:\\\/\\\/news.save.ch\\\/skiunfaelle-verursachen-jedes-jahr-ueber-800-000-absenztage\\\/\",\"name\":\"Skiunf\u00e4lle verursachen jedes Jahr \u00fcber 800\u202f000 Absenztage - Save\",\"isPartOf\":{\"@id\":\"https:\\\/\\\/news.save.ch\\\/de\\\/#website\"},\"primaryImageOfPage\":{\"@id\":\"https:\\\/\\\/news.save.ch\\\/skiunfaelle-verursachen-jedes-jahr-ueber-800-000-absenztage\\\/#primaryimage\"},\"image\":{\"@id\":\"https:\\\/\\\/news.save.ch\\\/skiunfaelle-verursachen-jedes-jahr-ueber-800-000-absenztage\\\/#primaryimage\"},\"thumbnailUrl\":\"https:\\\/\\\/news.save.ch\\\/wp-content\\\/uploads\\\/2026\\\/02\\\/Depositphotos_327236256_S.jpg\",\"datePublished\":\"2026-02-10T09:24:35+00:00\",\"dateModified\":\"2026-02-10T09:38:54+00:00\",\"description\":\"Rund 35\u202f000 Ski- und Snowboardunf\u00e4lle verursachen\u00a0jedes Jahr\u00a0einen Ausfall an Arbeitszeit im Umfang von rund 3300\u00a0Arbeitsjahren.\",\"breadcrumb\":{\"@id\":\"https:\\\/\\\/news.save.ch\\\/skiunfaelle-verursachen-jedes-jahr-ueber-800-000-absenztage\\\/#breadcrumb\"},\"inLanguage\":\"de\",\"potentialAction\":[{\"@type\":\"ReadAction\",\"target\":[\"https:\\\/\\\/news.save.ch\\\/skiunfaelle-verursachen-jedes-jahr-ueber-800-000-absenztage\\\/\"]}]},{\"@type\":\"ImageObject\",\"inLanguage\":\"de\",\"@id\":\"https:\\\/\\\/news.save.ch\\\/skiunfaelle-verursachen-jedes-jahr-ueber-800-000-absenztage\\\/#primaryimage\",\"url\":\"https:\\\/\\\/news.save.ch\\\/wp-content\\\/uploads\\\/2026\\\/02\\\/Depositphotos_327236256_S.jpg\",\"contentUrl\":\"https:\\\/\\\/news.save.ch\\\/wp-content\\\/uploads\\\/2026\\\/02\\\/Depositphotos_327236256_S.jpg\",\"width\":1000,\"height\":667,\"caption\":\"Foto: Depositphotos\\\/HayDimitri\"},{\"@type\":\"BreadcrumbList\",\"@id\":\"https:\\\/\\\/news.save.ch\\\/skiunfaelle-verursachen-jedes-jahr-ueber-800-000-absenztage\\\/#breadcrumb\",\"itemListElement\":[{\"@type\":\"ListItem\",\"position\":1,\"name\":\"Home\",\"item\":\"https:\\\/\\\/news.save.ch\\\/de\\\/\"},{\"@type\":\"ListItem\",\"position\":2,\"name\":\"Skiunf\u00e4lle verursachen jedes Jahr \u00fcber 800\u202f000 Absenztage\"}]},{\"@type\":\"WebSite\",\"@id\":\"https:\\\/\\\/news.save.ch\\\/de\\\/#website\",\"url\":\"https:\\\/\\\/news.save.ch\\\/de\\\/\",\"name\":\"Save\",\"description\":\"Schweizer Fachzeitschrift f\u00fcr Sicherheit\",\"publisher\":{\"@id\":\"https:\\\/\\\/news.save.ch\\\/de\\\/#organization\"},\"potentialAction\":[{\"@type\":\"SearchAction\",\"target\":{\"@type\":\"EntryPoint\",\"urlTemplate\":\"https:\\\/\\\/news.save.ch\\\/de\\\/?s={search_term_string}\"},\"query-input\":{\"@type\":\"PropertyValueSpecification\",\"valueRequired\":true,\"valueName\":\"search_term_string\"}}],\"inLanguage\":\"de\"},{\"@type\":\"Organization\",\"@id\":\"https:\\\/\\\/news.save.ch\\\/de\\\/#organization\",\"name\":\"Sicherheitsforum\",\"url\":\"https:\\\/\\\/news.save.ch\\\/de\\\/\",\"logo\":{\"@type\":\"ImageObject\",\"inLanguage\":\"de\",\"@id\":\"https:\\\/\\\/news.save.ch\\\/de\\\/#\\\/schema\\\/logo\\\/image\\\/\",\"url\":\"https:\\\/\\\/news.save.ch\\\/wp-content\\\/uploads\\\/2022\\\/06\\\/Logo_SF_2012.png\",\"contentUrl\":\"https:\\\/\\\/news.save.ch\\\/wp-content\\\/uploads\\\/2022\\\/06\\\/Logo_SF_2012.png\",\"width\":1100,\"height\":91,\"caption\":\"Sicherheitsforum\"},\"image\":{\"@id\":\"https:\\\/\\\/news.save.ch\\\/de\\\/#\\\/schema\\\/logo\\\/image\\\/\"}},{\"@type\":\"Person\",\"@id\":\"https:\\\/\\\/news.save.ch\\\/de\\\/#\\\/schema\\\/person\\\/10917387362b3961e882740f6cf6f2a2\",\"name\":\"stefanie Zeng\",\"image\":{\"@type\":\"ImageObject\",\"inLanguage\":\"de\",\"@id\":\"https:\\\/\\\/secure.gravatar.com\\\/avatar\\\/eac43faa6e40bb2c41068c95c9d78bbd94c476d5efdff7abaab80bb3ea681e06?s=96&d=mm&r=g\",\"url\":\"https:\\\/\\\/secure.gravatar.com\\\/avatar\\\/eac43faa6e40bb2c41068c95c9d78bbd94c476d5efdff7abaab80bb3ea681e06?s=96&d=mm&r=g\",\"contentUrl\":\"https:\\\/\\\/secure.gravatar.com\\\/avatar\\\/eac43faa6e40bb2c41068c95c9d78bbd94c476d5efdff7abaab80bb3ea681e06?s=96&d=mm&r=g\",\"caption\":\"stefanie Zeng\"},\"url\":\"https:\\\/\\\/news.save.ch\\\/de\\\/author\\\/stefanie-zeng\\\/\"}]}<\/script>\n<!-- \/ Yoast SEO plugin. -->","yoast_head_json":{"title":"Skiunf\u00e4lle verursachen jedes Jahr \u00fcber 800\u202f000 Absenztage - Save","description":"Rund 35\u202f000 Ski- und Snowboardunf\u00e4lle verursachen\u00a0jedes Jahr\u00a0einen Ausfall an Arbeitszeit im Umfang von rund 3300\u00a0Arbeitsjahren.","robots":{"index":"index","follow":"follow","max-snippet":"max-snippet:-1","max-image-preview":"max-image-preview:large","max-video-preview":"max-video-preview:-1"},"canonical":"https:\/\/news.save.ch\/de\/skiunfaelle-verursachen-jedes-jahr-ueber-800-000-absenztage\/","og_locale":"de_DE","og_type":"article","og_title":"Skiunf\u00e4lle verursachen jedes Jahr \u00fcber 800\u202f000 Absenztage - Save","og_description":"Rund 35\u202f000 Ski- und Snowboardunf\u00e4lle verursachen\u00a0jedes Jahr\u00a0einen Ausfall an Arbeitszeit im Umfang von rund 3300\u00a0Arbeitsjahren.","og_url":"https:\/\/news.save.ch\/de\/skiunfaelle-verursachen-jedes-jahr-ueber-800-000-absenztage\/","og_site_name":"Save","article_published_time":"2026-02-10T09:24:35+00:00","article_modified_time":"2026-02-10T09:38:54+00:00","og_image":[{"width":1000,"height":667,"url":"https:\/\/news.save.ch\/wp-content\/uploads\/2026\/02\/Depositphotos_327236256_S.jpg","type":"image\/jpeg"}],"author":"stefanie Zeng","twitter_card":"summary_large_image","twitter_misc":{"Geschrieben von":"stefanie Zeng","Gesch\u00e4tzte Lesezeit":"3\u00a0Minuten"},"schema":{"@context":"https:\/\/schema.org","@graph":[{"@type":"Article","@id":"https:\/\/news.save.ch\/skiunfaelle-verursachen-jedes-jahr-ueber-800-000-absenztage\/#article","isPartOf":{"@id":"https:\/\/news.save.ch\/skiunfaelle-verursachen-jedes-jahr-ueber-800-000-absenztage\/"},"author":{"name":"stefanie Zeng","@id":"https:\/\/news.save.ch\/de\/#\/schema\/person\/10917387362b3961e882740f6cf6f2a2"},"headline":"Skiunf\u00e4lle verursachen jedes Jahr \u00fcber 800\u202f000 Absenztage","datePublished":"2026-02-10T09:24:35+00:00","dateModified":"2026-02-10T09:38:54+00:00","mainEntityOfPage":{"@id":"https:\/\/news.save.ch\/skiunfaelle-verursachen-jedes-jahr-ueber-800-000-absenztage\/"},"wordCount":358,"publisher":{"@id":"https:\/\/news.save.ch\/de\/#organization"},"image":{"@id":"https:\/\/news.save.ch\/skiunfaelle-verursachen-jedes-jahr-ueber-800-000-absenztage\/#primaryimage"},"thumbnailUrl":"https:\/\/news.save.ch\/wp-content\/uploads\/2026\/02\/Depositphotos_327236256_S.jpg","keywords":["Schneesportunfall","Skifahren","Skiunfall","Snowboard","SUVA"],"articleSection":["HEALTH &amp; SAFETY"],"inLanguage":"de"},{"@type":"WebPage","@id":"https:\/\/news.save.ch\/skiunfaelle-verursachen-jedes-jahr-ueber-800-000-absenztage\/","url":"https:\/\/news.save.ch\/skiunfaelle-verursachen-jedes-jahr-ueber-800-000-absenztage\/","name":"Skiunf\u00e4lle verursachen jedes Jahr \u00fcber 800\u202f000 Absenztage - Save","isPartOf":{"@id":"https:\/\/news.save.ch\/de\/#website"},"primaryImageOfPage":{"@id":"https:\/\/news.save.ch\/skiunfaelle-verursachen-jedes-jahr-ueber-800-000-absenztage\/#primaryimage"},"image":{"@id":"https:\/\/news.save.ch\/skiunfaelle-verursachen-jedes-jahr-ueber-800-000-absenztage\/#primaryimage"},"thumbnailUrl":"https:\/\/news.save.ch\/wp-content\/uploads\/2026\/02\/Depositphotos_327236256_S.jpg","datePublished":"2026-02-10T09:24:35+00:00","dateModified":"2026-02-10T09:38:54+00:00","description":"Rund 35\u202f000 Ski- und Snowboardunf\u00e4lle verursachen\u00a0jedes Jahr\u00a0einen Ausfall an Arbeitszeit im Umfang von rund 3300\u00a0Arbeitsjahren.","breadcrumb":{"@id":"https:\/\/news.save.ch\/skiunfaelle-verursachen-jedes-jahr-ueber-800-000-absenztage\/#breadcrumb"},"inLanguage":"de","potentialAction":[{"@type":"ReadAction","target":["https:\/\/news.save.ch\/skiunfaelle-verursachen-jedes-jahr-ueber-800-000-absenztage\/"]}]},{"@type":"ImageObject","inLanguage":"de","@id":"https:\/\/news.save.ch\/skiunfaelle-verursachen-jedes-jahr-ueber-800-000-absenztage\/#primaryimage","url":"https:\/\/news.save.ch\/wp-content\/uploads\/2026\/02\/Depositphotos_327236256_S.jpg","contentUrl":"https:\/\/news.save.ch\/wp-content\/uploads\/2026\/02\/Depositphotos_327236256_S.jpg","width":1000,"height":667,"caption":"Foto: Depositphotos\/HayDimitri"},{"@type":"BreadcrumbList","@id":"https:\/\/news.save.ch\/skiunfaelle-verursachen-jedes-jahr-ueber-800-000-absenztage\/#breadcrumb","itemListElement":[{"@type":"ListItem","position":1,"name":"Home","item":"https:\/\/news.save.ch\/de\/"},{"@type":"ListItem","position":2,"name":"Skiunf\u00e4lle verursachen jedes Jahr \u00fcber 800\u202f000 Absenztage"}]},{"@type":"WebSite","@id":"https:\/\/news.save.ch\/de\/#website","url":"https:\/\/news.save.ch\/de\/","name":"Save","description":"Schweizer Fachzeitschrift f\u00fcr Sicherheit","publisher":{"@id":"https:\/\/news.save.ch\/de\/#organization"},"potentialAction":[{"@type":"SearchAction","target":{"@type":"EntryPoint","urlTemplate":"https:\/\/news.save.ch\/de\/?s={search_term_string}"},"query-input":{"@type":"PropertyValueSpecification","valueRequired":true,"valueName":"search_term_string"}}],"inLanguage":"de"},{"@type":"Organization","@id":"https:\/\/news.save.ch\/de\/#organization","name":"Sicherheitsforum","url":"https:\/\/news.save.ch\/de\/","logo":{"@type":"ImageObject","inLanguage":"de","@id":"https:\/\/news.save.ch\/de\/#\/schema\/logo\/image\/","url":"https:\/\/news.save.ch\/wp-content\/uploads\/2022\/06\/Logo_SF_2012.png","contentUrl":"https:\/\/news.save.ch\/wp-content\/uploads\/2022\/06\/Logo_SF_2012.png","width":1100,"height":91,"caption":"Sicherheitsforum"},"image":{"@id":"https:\/\/news.save.ch\/de\/#\/schema\/logo\/image\/"}},{"@type":"Person","@id":"https:\/\/news.save.ch\/de\/#\/schema\/person\/10917387362b3961e882740f6cf6f2a2","name":"stefanie Zeng","image":{"@type":"ImageObject","inLanguage":"de","@id":"https:\/\/secure.gravatar.com\/avatar\/eac43faa6e40bb2c41068c95c9d78bbd94c476d5efdff7abaab80bb3ea681e06?s=96&d=mm&r=g","url":"https:\/\/secure.gravatar.com\/avatar\/eac43faa6e40bb2c41068c95c9d78bbd94c476d5efdff7abaab80bb3ea681e06?s=96&d=mm&r=g","contentUrl":"https:\/\/secure.gravatar.com\/avatar\/eac43faa6e40bb2c41068c95c9d78bbd94c476d5efdff7abaab80bb3ea681e06?s=96&d=mm&r=g","caption":"stefanie Zeng"},"url":"https:\/\/news.save.ch\/de\/author\/stefanie-zeng\/"}]}},"_links":{"self":[{"href":"https:\/\/news.save.ch\/de\/wp-json\/wp\/v2\/posts\/24955","targetHints":{"allow":["GET"]}}],"collection":[{"href":"https:\/\/news.save.ch\/de\/wp-json\/wp\/v2\/posts"}],"about":[{"href":"https:\/\/news.save.ch\/de\/wp-json\/wp\/v2\/types\/post"}],"author":[{"embeddable":true,"href":"https:\/\/news.save.ch\/de\/wp-json\/wp\/v2\/users\/31"}],"replies":[{"embeddable":true,"href":"https:\/\/news.save.ch\/de\/wp-json\/wp\/v2\/comments?post=24955"}],"version-history":[{"count":1,"href":"https:\/\/news.save.ch\/de\/wp-json\/wp\/v2\/posts\/24955\/revisions"}],"predecessor-version":[{"id":24957,"href":"https:\/\/news.save.ch\/de\/wp-json\/wp\/v2\/posts\/24955\/revisions\/24957"}],"wp:featuredmedia":[{"embeddable":true,"href":"https:\/\/news.save.ch\/de\/wp-json\/wp\/v2\/media\/24956"}],"wp:attachment":[{"href":"https:\/\/news.save.ch\/de\/wp-json\/wp\/v2\/media?parent=24955"}],"wp:term":[{"taxonomy":"category","embeddable":true,"href":"https:\/\/news.save.ch\/de\/wp-json\/wp\/v2\/categories?post=24955"},{"taxonomy":"post_tag","embeddable":true,"href":"https:\/\/news.save.ch\/de\/wp-json\/wp\/v2\/tags?post=24955"}],"curies":[{"name":"wp","href":"https:\/\/api.w.org\/{rel}","templated":true}]}}