{"id":24982,"date":"2026-02-17T13:51:59","date_gmt":"2026-02-17T12:51:59","guid":{"rendered":"https:\/\/news.save.ch\/?p=24982"},"modified":"2026-02-17T13:55:04","modified_gmt":"2026-02-17T12:55:04","slug":"ein-meilenstein-fuer-die-videosicherheit","status":null,"type":"post","link":"https:\/\/news.save.ch\/de\/ein-meilenstein-fuer-die-videosicherheit\/","title":{"rendered":"Ein Meilenstein f\u00fcr die Video\u00adsicherheit"},"content":{"rendered":"<figure id=\"attachment_24983\" aria-describedby=\"caption-attachment-24983\" style=\"width: 680px\" class=\"wp-caption alignnone\"><img loading=\"lazy\" decoding=\"async\" class=\"size-medium wp-image-24983\" src=\"https:\/\/news.save.ch\/wp-content\/uploads\/2026\/02\/Bildschirmfoto-2026-02-17-um-13.48.54-680x452.png\" alt=\"\" width=\"680\" height=\"452\" srcset=\"https:\/\/news.save.ch\/wp-content\/uploads\/2026\/02\/Bildschirmfoto-2026-02-17-um-13.48.54-680x452.png 680w, https:\/\/news.save.ch\/wp-content\/uploads\/2026\/02\/Bildschirmfoto-2026-02-17-um-13.48.54-1024x680.png 1024w, https:\/\/news.save.ch\/wp-content\/uploads\/2026\/02\/Bildschirmfoto-2026-02-17-um-13.48.54-768x510.png 768w, https:\/\/news.save.ch\/wp-content\/uploads\/2026\/02\/Bildschirmfoto-2026-02-17-um-13.48.54-1536x1020.png 1536w, https:\/\/news.save.ch\/wp-content\/uploads\/2026\/02\/Bildschirmfoto-2026-02-17-um-13.48.54-2048x1360.png 2048w, https:\/\/news.save.ch\/wp-content\/uploads\/2026\/02\/Bildschirmfoto-2026-02-17-um-13.48.54-18x12.png 18w, https:\/\/news.save.ch\/wp-content\/uploads\/2026\/02\/Bildschirmfoto-2026-02-17-um-13.48.54-375x249.png 375w, https:\/\/news.save.ch\/wp-content\/uploads\/2026\/02\/Bildschirmfoto-2026-02-17-um-13.48.54-527x350.png 527w, https:\/\/news.save.ch\/wp-content\/uploads\/2026\/02\/Bildschirmfoto-2026-02-17-um-13.48.54-1000x664.png 1000w, https:\/\/news.save.ch\/wp-content\/uploads\/2026\/02\/Bildschirmfoto-2026-02-17-um-13.48.54-scaled.png 1200w\" sizes=\"auto, (max-width: 680px) 100vw, 680px\" \/><figcaption id=\"caption-attachment-24983\" class=\"wp-caption-text\">Sicherheit sollte f\u00fcr Unternehmen Teil ihrer Strategie sein. \u00a9 depositphotos\/gorgev<\/figcaption><\/figure>\n<p>Die technische Entwicklung in der Video\u00fcberwachungsbranche hat in den vergangenen 15 Jahren rasante Fortschritte gemacht. Die Ausgabe von 2014 basierte auf den technischen Standards der fr\u00fchen 2010er-Jahre und war die erste IEC-Norm, die aus der EN 50132-7 hervorging. Im Vergleich zu etablierten Normen in der Brand- oder Einbruchmeldetechnik waren die Standards im Bereich der Video\u00fcberwachung noch relativ jung und weniger ausgereift. Dies f\u00fchrte zu einer Lernkurve, die eine \u00dcberarbeitung und Verbesserung der Anwendungsrichtlinien erforderlich machte.<\/p>\n<p>Ein wesentlicher inhaltlicher Fehler in der vorherigen Version betraf die Identifizierung von Personen auf Videoaufzeichnungen. Die Norm von 2014 ging davon aus, dass eine Person, die in voller K\u00f6rpergr\u00f6sse auf einem analogen PAL-Monitor dargestellt wird, zweifelsfrei identifiziert werden kann. Diese Annahme erwies sich jedoch als fehlerhaft, da selbst DNA-Analysen keine absolut zweifelsfreie Identifizierung liefern k\u00f6nnen. Dies f\u00fchrte dazu, dass die Norm in der professionellen Video\u00fcberwachung nur selten in ihrer vollen Tragweite Anwendung fand.<\/p>\n<h3>Neuerungen in der IEC 62676-4:2025<\/h3>\n<p>Um unter anderem die fehlerhafte Annahme der Vorg\u00e4ngerversion zu korrigieren, wurden s\u00e4mtliche Pixeldichten vollst\u00e4ndig neu definiert. Daraus resultieren neue Testtafeln, mit denen nachgewiesen werden kann, dass die Qualit\u00e4t von Videoaufzeichnungen den zuvor festgelegten betrieblichen Anforderungen entspricht. Dar\u00fcber hinaus fordert die neue Norm die Erstellung eines Sicherheitskonzepts als Grundlage f\u00fcr die Planung eines VSS. Dieses Konzept soll der Abfolge Gef\u00e4hrdungsanalyse &#8211;&gt; Risikobewertung &#8211;&gt; Festlegung von Risikobehandlungsmassnahmen folgen und dient als Basis f\u00fcr die Zuweisung in vier verschiedene Sicherheitsgrade entweder nach Systemgr\u00f6sse (Anzahl Kameras), Anwendungen, sowie f\u00fcr Systeme in kritischen Infrastrukturen mit den h\u00f6chsten Sicherheitsgraden.<\/p>\n<p>Aus dem Sicherheitskonzept wird eine formelle Erkl\u00e4rung erstellt, die die Notwendigkeit, Begr\u00fcndung und den Zweck des VSS festh\u00e4lt. Die betrieblichen Anforderungen (Operational Requirements, OR) definieren eindeutig die vom Kunden erwarteten Systemfunktionen. Besteht eine Vereinbarung zwischen Errichter und Kunde, k\u00f6nnen die OR im Rahmen des Systemdesigns und der Spezifikation festgelegt und im Dokument klar ausgewiesen werden.<\/p>\n<p>Der Planungsprozess f\u00f6rdert die Kl\u00e4rung, wer das VSS nutzt, wo und wann es eingesetzt wird und wozu es dient. Die OR werden von Eigent\u00fcmern, Betreibern und allen Stakeholdern erstellt, welche Informationen aus dem VSS ben\u00f6tigen. In sp\u00e4teren Phasen sollten Fachleute eingebunden werden, welche die erw\u00e4hnten Anforderungen in technische Spezifikationen und Testverfahren \u00fcberf\u00fchren k\u00f6nnen.<\/p>\n<p>Regelm\u00e4ssige \u00dcberpr\u00fcfungen stellen sicher, dass die Umsetzung die OR erf\u00fcllt. Ohne OR und entsprechende Tests l\u00e4sst sich im Betrieb nicht beurteilen, ob das VSS seinen Zweck erreicht. Auch der Betrieb eines VSS ist nun geregelt und auf ein vergleichbares Niveau mit anderen Sicherheitsdisziplinen angehoben. Sicherheit ist l\u00e4ngst kein \u00abNice-to-have\u00bb mehr.<\/p>\n<h3>Was bedeutet das f\u00fcr Betreiber?<\/h3>\n<p>Sicherheit darf nicht l\u00e4nger als Reaktion verstanden werden \u2013 sie muss integraler Bestandteil der Unternehmensstrategie sein. Nationale wie europ\u00e4ische Institutionen reagieren mit neuen Vorschriften, die aktives, nachvollziehbares Handeln fordern. Sicherheitsverantwortliche m\u00fcssen heute mehr denn je beweisen, dass sie Risiken vorausschauend erkennen, dokumentieren, kontrollieren und kommunizieren k\u00f6nnen.<\/p>\n<h3>Was bedeutet das f\u00fcr Planer und Errichter von Videosicherheits\u00adsystemen?<\/h3>\n<p>Die neue Norm erfordert sowohl eine umfassende und strukturierte Herangehensweise an die Planung und den Betrieb von Videosicherheitssystemen. Sowohl Planer und Errichter werden sich mit den neuen Anforderungen vertraut machen m\u00fcssen, um sicherzustellen, dass ihre Systeme den neuen Standards entsprechen. Dies bedeutet eine umfassende Schulung und Kompetenznachweise f\u00fcr aller beteiligten Stakeholder.<\/p>\n<h3>Von der Theorie zur Praxis: Die Kernanforderungen der Norm<\/h3>\n<p>Die IEC 62676-4 beschreibt den kompletten Lebenszyklus eines professionellen Videosicherheitssystems: von der Risikoanalyse und Planung \u00fcber die technische Umsetzung bis hin zu Betrieb, Wartung und Schulung. Dabei definiert sie auch Mindeststandards f\u00fcr Technik, Personal und Prozesse \u2013 also genau die Faktoren, die in einer vernetzten Sicherheitslandschaft entscheidend sind.<\/p>\n<h3>Warum ist die Norm so relevant?<\/h3>\n<p>In einer Zeit, in der immer mehr gesetzliche Anforderungen auf Unternehmen zukommen \u2013 etwa durch KRITIS, NIS2 oder CRA \u2013 schafft IEC 62676-4 ein verbindliches Regelwerk, das Sicherheitskonzepte standardisiert, Auditf\u00e4higkeit verbessert, F\u00f6rderf\u00e4higkeit erm\u00f6glicht und Anforderungen an die Betriebssicherheit konkretisiert. Unternehmen, die sich daran orientieren, dokumentieren aktiv deren Willen zur professionellen, regelkonformen Sicherheitsgestaltung \u2013 ein starkes Signal gegen\u00fcber Beh\u00f6rden, Kunden und Partnern. F\u00fcr Betreiber kritischer Infrastrukturen, \u00f6ffentliche Einrichtungen und viele Unternehmen wird sie mehr und mehr zu einer gesetzlich verankerten Pflicht. Wer nicht sch\u00fctzt, riskiert nicht nur Datenverluste oder Betriebsunterbrechungen, sondern auch empfindliche Bussgelder, Imagesch\u00e4den oder sogar ein Betriebsverbot.<\/p>\n<div class=\"greybox\">\n<h3>Key Takeaways der IEC 62676-4: 2025<\/h3>\n<p><strong>Ver\u00f6ffentlichungsdatum:<\/strong> Die neue Ausgabe der IEC 62676-4 wurde am 15. September 2025 ver\u00f6ffentlicht. Die Ausgabe in deutscher Sprache wird in den n\u00e4chsten Monaten verf\u00fcgbar.<\/p>\n<p><strong>Neue Pixeldichten:<\/strong> Die Pixeldichten wurden vollst\u00e4ndig neu definiert, was zu neuen Testtafeln mit wesentlich h\u00f6herer Aufl\u00f6sung f\u00fchrte.<\/p>\n<p><strong>Sicherheitskonzept:<\/strong> Die neue Norm fordert die Erstellung eines Sicherheitskonzepts als Grundlage f\u00fcr die Planung eines Videosicherheitssystems. Jedes Videosystem braucht ein schriftlich dokumentiertes Sicherheitskonzept mit Risikoanalyse und Schutzzielen.<\/p>\n<p><strong>Betriebsanforderungen:<\/strong> Aus dem Sicherheitskonzept wird eine formelle Erkl\u00e4rung der betrieblichen Anforderungen erstellt, welche die Notwendigkeit, Begr\u00fcndung und den Zweck des VSS festh\u00e4lt und die vom Kunden erwarteten Systemfunktionen eindeutig definieren. Es muss ein detailliertes Pflichtenheft vorliegen (Operational Requirements).<\/p>\n<\/div>\n<p>&nbsp;<\/p>\n<div class=\"greybox\">\n<p><strong>Autor<\/strong><\/p>\n<p>Thomas Adler<\/p>\n<p>Obmann f\u00fcr die Sektion Video-Security-Anlagen beim Verband Schweizerischer Errichter von Sicherheitsanlagen (SES).<\/p>\n<p>&gt;\u2009sicher-ses.ch<\/p>\n<\/div>\n","protected":false},"excerpt":{"rendered":"<p>Die technische Entwicklung in der Video\u00fcberwachungsbranche hat in den vergangenen 15 Jahren rasante Fortschritte gemacht. Die Ausgabe von 2014 basierte auf den technischen Standards der fr\u00fchen 2010er-Jahre und war die erste IEC-Norm, die aus der EN 50132-7 hervorging. Im Vergleich zu etablierten Normen in der Brand- oder Einbruchmeldetechnik waren die Standards im Bereich der Video\u00fcberwachung [&hellip;]<\/p>\n","protected":false},"author":31,"featured_media":0,"comment_status":"closed","ping_status":"closed","sticky":false,"template":"","format":"standard","meta":{"_acf_changed":false,"pgc_sgb_lightbox_settings":"","footnotes":""},"categories":[1,3312],"tags":[6653,450,78],"class_list":["post-24982","post","type-post","status-publish","format-standard","hentry","category-allgemein","category-sicherheit","tag-iec-62676-4-2025","tag-ses","tag-videoueberwachung"],"acf":[],"hkrextid":null,"publication":null,"issue":null,"workflow":null,"startPage":null,"spitzmarke":null,"_posts_by_tag_page_fields":null,"_at_widget":null,"_yoast_wpseo_primary_category":"1","_yoast_wpseo_focuskw_text_input":null,"_yoast_wpseo_opengraph-image":null,"_yoast_wpseo_opengraph-description":null,"_yoast_wpseo_opengraph-title":null,"enclosure":null,"_yoast_wpseo_twitter-title":null,"_yoast_wpseo_twitter-description":null,"_yoast_wpseo_twitter-image":null,"_wp_old_slug":null,"_yoast_wpseo_title":null,"_yoast_wpseo_canonical":null,"yoast_head":"<!-- This site is optimized with the Yoast SEO plugin v27.5 - https:\/\/yoast.com\/product\/yoast-seo-wordpress\/ -->\n<title>Ein Meilenstein f\u00fcr die Video\u00adsicherheit - Save<\/title>\n<meta name=\"description\" content=\"Eine neue Norm beschreibt die Anwendungsrichtlinien f\u00fcr Videosicherheitssysteme (VSS) im Bereich der Sicherheitstechnik und ersetzt die bisherige Fassung aus dem Jahr 2014.\" \/>\n<meta name=\"robots\" content=\"index, follow, max-snippet:-1, max-image-preview:large, max-video-preview:-1\" \/>\n<link rel=\"canonical\" href=\"https:\/\/news.save.ch\/de\/ein-meilenstein-fuer-die-videosicherheit\/\" \/>\n<meta property=\"og:locale\" content=\"de_DE\" \/>\n<meta property=\"og:type\" content=\"article\" \/>\n<meta property=\"og:title\" content=\"Ein Meilenstein f\u00fcr die Video\u00adsicherheit - Save\" \/>\n<meta property=\"og:description\" content=\"Eine neue Norm beschreibt die Anwendungsrichtlinien f\u00fcr Videosicherheitssysteme (VSS) im Bereich der Sicherheitstechnik und ersetzt die bisherige Fassung aus dem Jahr 2014.\" \/>\n<meta property=\"og:url\" content=\"https:\/\/news.save.ch\/de\/ein-meilenstein-fuer-die-videosicherheit\/\" \/>\n<meta property=\"og:site_name\" content=\"Save\" \/>\n<meta property=\"article:published_time\" content=\"2026-02-17T12:51:59+00:00\" \/>\n<meta property=\"article:modified_time\" content=\"2026-02-17T12:55:04+00:00\" \/>\n<meta property=\"og:image\" content=\"https:\/\/news.save.ch\/wp-content\/uploads\/2026\/02\/Bildschirmfoto-2026-02-17-um-13.48.54-scaled.png\" \/>\n\t<meta property=\"og:image:width\" content=\"1200\" \/>\n\t<meta property=\"og:image:height\" content=\"797\" \/>\n\t<meta property=\"og:image:type\" content=\"image\/png\" \/>\n<meta name=\"author\" content=\"stefanie Zeng\" \/>\n<meta name=\"twitter:card\" content=\"summary_large_image\" \/>\n<meta name=\"twitter:label1\" content=\"Geschrieben von\" \/>\n\t<meta name=\"twitter:data1\" content=\"stefanie Zeng\" \/>\n\t<meta name=\"twitter:label2\" content=\"Gesch\u00e4tzte Lesezeit\" \/>\n\t<meta name=\"twitter:data2\" content=\"5\u00a0Minuten\" \/>\n<script type=\"application\/ld+json\" class=\"yoast-schema-graph\">{\"@context\":\"https:\\\/\\\/schema.org\",\"@graph\":[{\"@type\":\"Article\",\"@id\":\"https:\\\/\\\/news.save.ch\\\/ein-meilenstein-fuer-die-videosicherheit\\\/#article\",\"isPartOf\":{\"@id\":\"https:\\\/\\\/news.save.ch\\\/ein-meilenstein-fuer-die-videosicherheit\\\/\"},\"author\":{\"name\":\"stefanie Zeng\",\"@id\":\"https:\\\/\\\/news.save.ch\\\/de\\\/#\\\/schema\\\/person\\\/10917387362b3961e882740f6cf6f2a2\"},\"headline\":\"Ein Meilenstein f\u00fcr die Video\u00adsicherheit\",\"datePublished\":\"2026-02-17T12:51:59+00:00\",\"dateModified\":\"2026-02-17T12:55:04+00:00\",\"mainEntityOfPage\":{\"@id\":\"https:\\\/\\\/news.save.ch\\\/ein-meilenstein-fuer-die-videosicherheit\\\/\"},\"wordCount\":892,\"publisher\":{\"@id\":\"https:\\\/\\\/news.save.ch\\\/de\\\/#organization\"},\"image\":{\"@id\":\"https:\\\/\\\/news.save.ch\\\/ein-meilenstein-fuer-die-videosicherheit\\\/#primaryimage\"},\"thumbnailUrl\":\"https:\\\/\\\/news.save.ch\\\/wp-content\\\/uploads\\\/2026\\\/02\\\/Bildschirmfoto-2026-02-17-um-13.48.54-680x452.png\",\"keywords\":[\"IEC 62676-4: 2025\",\"SES\",\"Video\u00fcberwachung\"],\"articleSection\":[\"ALLGEMEIN\",\"SICHERHEIT\"],\"inLanguage\":\"de\"},{\"@type\":\"WebPage\",\"@id\":\"https:\\\/\\\/news.save.ch\\\/ein-meilenstein-fuer-die-videosicherheit\\\/\",\"url\":\"https:\\\/\\\/news.save.ch\\\/ein-meilenstein-fuer-die-videosicherheit\\\/\",\"name\":\"Ein Meilenstein f\u00fcr die Video\u00adsicherheit - Save\",\"isPartOf\":{\"@id\":\"https:\\\/\\\/news.save.ch\\\/de\\\/#website\"},\"primaryImageOfPage\":{\"@id\":\"https:\\\/\\\/news.save.ch\\\/ein-meilenstein-fuer-die-videosicherheit\\\/#primaryimage\"},\"image\":{\"@id\":\"https:\\\/\\\/news.save.ch\\\/ein-meilenstein-fuer-die-videosicherheit\\\/#primaryimage\"},\"thumbnailUrl\":\"https:\\\/\\\/news.save.ch\\\/wp-content\\\/uploads\\\/2026\\\/02\\\/Bildschirmfoto-2026-02-17-um-13.48.54-680x452.png\",\"datePublished\":\"2026-02-17T12:51:59+00:00\",\"dateModified\":\"2026-02-17T12:55:04+00:00\",\"description\":\"Eine neue Norm beschreibt die Anwendungsrichtlinien f\u00fcr Videosicherheitssysteme (VSS) im Bereich der Sicherheitstechnik und ersetzt die bisherige Fassung aus dem Jahr 2014.\",\"breadcrumb\":{\"@id\":\"https:\\\/\\\/news.save.ch\\\/ein-meilenstein-fuer-die-videosicherheit\\\/#breadcrumb\"},\"inLanguage\":\"de\",\"potentialAction\":[{\"@type\":\"ReadAction\",\"target\":[\"https:\\\/\\\/news.save.ch\\\/ein-meilenstein-fuer-die-videosicherheit\\\/\"]}]},{\"@type\":\"ImageObject\",\"inLanguage\":\"de\",\"@id\":\"https:\\\/\\\/news.save.ch\\\/ein-meilenstein-fuer-die-videosicherheit\\\/#primaryimage\",\"url\":\"https:\\\/\\\/news.save.ch\\\/wp-content\\\/uploads\\\/2026\\\/02\\\/Bildschirmfoto-2026-02-17-um-13.48.54-680x452.png\",\"contentUrl\":\"https:\\\/\\\/news.save.ch\\\/wp-content\\\/uploads\\\/2026\\\/02\\\/Bildschirmfoto-2026-02-17-um-13.48.54-680x452.png\"},{\"@type\":\"BreadcrumbList\",\"@id\":\"https:\\\/\\\/news.save.ch\\\/ein-meilenstein-fuer-die-videosicherheit\\\/#breadcrumb\",\"itemListElement\":[{\"@type\":\"ListItem\",\"position\":1,\"name\":\"Home\",\"item\":\"https:\\\/\\\/news.save.ch\\\/de\\\/\"},{\"@type\":\"ListItem\",\"position\":2,\"name\":\"Ein Meilenstein f\u00fcr die Video\u00adsicherheit\"}]},{\"@type\":\"WebSite\",\"@id\":\"https:\\\/\\\/news.save.ch\\\/de\\\/#website\",\"url\":\"https:\\\/\\\/news.save.ch\\\/de\\\/\",\"name\":\"Save\",\"description\":\"Schweizer Fachzeitschrift f\u00fcr Sicherheit\",\"publisher\":{\"@id\":\"https:\\\/\\\/news.save.ch\\\/de\\\/#organization\"},\"potentialAction\":[{\"@type\":\"SearchAction\",\"target\":{\"@type\":\"EntryPoint\",\"urlTemplate\":\"https:\\\/\\\/news.save.ch\\\/de\\\/?s={search_term_string}\"},\"query-input\":{\"@type\":\"PropertyValueSpecification\",\"valueRequired\":true,\"valueName\":\"search_term_string\"}}],\"inLanguage\":\"de\"},{\"@type\":\"Organization\",\"@id\":\"https:\\\/\\\/news.save.ch\\\/de\\\/#organization\",\"name\":\"Sicherheitsforum\",\"url\":\"https:\\\/\\\/news.save.ch\\\/de\\\/\",\"logo\":{\"@type\":\"ImageObject\",\"inLanguage\":\"de\",\"@id\":\"https:\\\/\\\/news.save.ch\\\/de\\\/#\\\/schema\\\/logo\\\/image\\\/\",\"url\":\"https:\\\/\\\/news.save.ch\\\/wp-content\\\/uploads\\\/2022\\\/06\\\/Logo_SF_2012.png\",\"contentUrl\":\"https:\\\/\\\/news.save.ch\\\/wp-content\\\/uploads\\\/2022\\\/06\\\/Logo_SF_2012.png\",\"width\":1100,\"height\":91,\"caption\":\"Sicherheitsforum\"},\"image\":{\"@id\":\"https:\\\/\\\/news.save.ch\\\/de\\\/#\\\/schema\\\/logo\\\/image\\\/\"}},{\"@type\":\"Person\",\"@id\":\"https:\\\/\\\/news.save.ch\\\/de\\\/#\\\/schema\\\/person\\\/10917387362b3961e882740f6cf6f2a2\",\"name\":\"stefanie Zeng\",\"image\":{\"@type\":\"ImageObject\",\"inLanguage\":\"de\",\"@id\":\"https:\\\/\\\/secure.gravatar.com\\\/avatar\\\/eac43faa6e40bb2c41068c95c9d78bbd94c476d5efdff7abaab80bb3ea681e06?s=96&d=mm&r=g\",\"url\":\"https:\\\/\\\/secure.gravatar.com\\\/avatar\\\/eac43faa6e40bb2c41068c95c9d78bbd94c476d5efdff7abaab80bb3ea681e06?s=96&d=mm&r=g\",\"contentUrl\":\"https:\\\/\\\/secure.gravatar.com\\\/avatar\\\/eac43faa6e40bb2c41068c95c9d78bbd94c476d5efdff7abaab80bb3ea681e06?s=96&d=mm&r=g\",\"caption\":\"stefanie Zeng\"},\"url\":\"https:\\\/\\\/news.save.ch\\\/de\\\/author\\\/stefanie-zeng\\\/\"}]}<\/script>\n<!-- \/ Yoast SEO plugin. -->","yoast_head_json":{"title":"Ein Meilenstein f\u00fcr die Video\u00adsicherheit - Save","description":"Eine neue Norm beschreibt die Anwendungsrichtlinien f\u00fcr Videosicherheitssysteme (VSS) im Bereich der Sicherheitstechnik und ersetzt die bisherige Fassung aus dem Jahr 2014.","robots":{"index":"index","follow":"follow","max-snippet":"max-snippet:-1","max-image-preview":"max-image-preview:large","max-video-preview":"max-video-preview:-1"},"canonical":"https:\/\/news.save.ch\/de\/ein-meilenstein-fuer-die-videosicherheit\/","og_locale":"de_DE","og_type":"article","og_title":"Ein Meilenstein f\u00fcr die Video\u00adsicherheit - Save","og_description":"Eine neue Norm beschreibt die Anwendungsrichtlinien f\u00fcr Videosicherheitssysteme (VSS) im Bereich der Sicherheitstechnik und ersetzt die bisherige Fassung aus dem Jahr 2014.","og_url":"https:\/\/news.save.ch\/de\/ein-meilenstein-fuer-die-videosicherheit\/","og_site_name":"Save","article_published_time":"2026-02-17T12:51:59+00:00","article_modified_time":"2026-02-17T12:55:04+00:00","og_image":[{"width":1200,"height":797,"url":"https:\/\/news.save.ch\/wp-content\/uploads\/2026\/02\/Bildschirmfoto-2026-02-17-um-13.48.54-scaled.png","type":"image\/png"}],"author":"stefanie Zeng","twitter_card":"summary_large_image","twitter_misc":{"Geschrieben von":"stefanie Zeng","Gesch\u00e4tzte Lesezeit":"5\u00a0Minuten"},"schema":{"@context":"https:\/\/schema.org","@graph":[{"@type":"Article","@id":"https:\/\/news.save.ch\/ein-meilenstein-fuer-die-videosicherheit\/#article","isPartOf":{"@id":"https:\/\/news.save.ch\/ein-meilenstein-fuer-die-videosicherheit\/"},"author":{"name":"stefanie Zeng","@id":"https:\/\/news.save.ch\/de\/#\/schema\/person\/10917387362b3961e882740f6cf6f2a2"},"headline":"Ein Meilenstein f\u00fcr die Video\u00adsicherheit","datePublished":"2026-02-17T12:51:59+00:00","dateModified":"2026-02-17T12:55:04+00:00","mainEntityOfPage":{"@id":"https:\/\/news.save.ch\/ein-meilenstein-fuer-die-videosicherheit\/"},"wordCount":892,"publisher":{"@id":"https:\/\/news.save.ch\/de\/#organization"},"image":{"@id":"https:\/\/news.save.ch\/ein-meilenstein-fuer-die-videosicherheit\/#primaryimage"},"thumbnailUrl":"https:\/\/news.save.ch\/wp-content\/uploads\/2026\/02\/Bildschirmfoto-2026-02-17-um-13.48.54-680x452.png","keywords":["IEC 62676-4: 2025","SES","Video\u00fcberwachung"],"articleSection":["ALLGEMEIN","SICHERHEIT"],"inLanguage":"de"},{"@type":"WebPage","@id":"https:\/\/news.save.ch\/ein-meilenstein-fuer-die-videosicherheit\/","url":"https:\/\/news.save.ch\/ein-meilenstein-fuer-die-videosicherheit\/","name":"Ein Meilenstein f\u00fcr die Video\u00adsicherheit - Save","isPartOf":{"@id":"https:\/\/news.save.ch\/de\/#website"},"primaryImageOfPage":{"@id":"https:\/\/news.save.ch\/ein-meilenstein-fuer-die-videosicherheit\/#primaryimage"},"image":{"@id":"https:\/\/news.save.ch\/ein-meilenstein-fuer-die-videosicherheit\/#primaryimage"},"thumbnailUrl":"https:\/\/news.save.ch\/wp-content\/uploads\/2026\/02\/Bildschirmfoto-2026-02-17-um-13.48.54-680x452.png","datePublished":"2026-02-17T12:51:59+00:00","dateModified":"2026-02-17T12:55:04+00:00","description":"Eine neue Norm beschreibt die Anwendungsrichtlinien f\u00fcr Videosicherheitssysteme (VSS) im Bereich der Sicherheitstechnik und ersetzt die bisherige Fassung aus dem Jahr 2014.","breadcrumb":{"@id":"https:\/\/news.save.ch\/ein-meilenstein-fuer-die-videosicherheit\/#breadcrumb"},"inLanguage":"de","potentialAction":[{"@type":"ReadAction","target":["https:\/\/news.save.ch\/ein-meilenstein-fuer-die-videosicherheit\/"]}]},{"@type":"ImageObject","inLanguage":"de","@id":"https:\/\/news.save.ch\/ein-meilenstein-fuer-die-videosicherheit\/#primaryimage","url":"https:\/\/news.save.ch\/wp-content\/uploads\/2026\/02\/Bildschirmfoto-2026-02-17-um-13.48.54-680x452.png","contentUrl":"https:\/\/news.save.ch\/wp-content\/uploads\/2026\/02\/Bildschirmfoto-2026-02-17-um-13.48.54-680x452.png"},{"@type":"BreadcrumbList","@id":"https:\/\/news.save.ch\/ein-meilenstein-fuer-die-videosicherheit\/#breadcrumb","itemListElement":[{"@type":"ListItem","position":1,"name":"Home","item":"https:\/\/news.save.ch\/de\/"},{"@type":"ListItem","position":2,"name":"Ein Meilenstein f\u00fcr die Video\u00adsicherheit"}]},{"@type":"WebSite","@id":"https:\/\/news.save.ch\/de\/#website","url":"https:\/\/news.save.ch\/de\/","name":"Save","description":"Schweizer Fachzeitschrift f\u00fcr Sicherheit","publisher":{"@id":"https:\/\/news.save.ch\/de\/#organization"},"potentialAction":[{"@type":"SearchAction","target":{"@type":"EntryPoint","urlTemplate":"https:\/\/news.save.ch\/de\/?s={search_term_string}"},"query-input":{"@type":"PropertyValueSpecification","valueRequired":true,"valueName":"search_term_string"}}],"inLanguage":"de"},{"@type":"Organization","@id":"https:\/\/news.save.ch\/de\/#organization","name":"Sicherheitsforum","url":"https:\/\/news.save.ch\/de\/","logo":{"@type":"ImageObject","inLanguage":"de","@id":"https:\/\/news.save.ch\/de\/#\/schema\/logo\/image\/","url":"https:\/\/news.save.ch\/wp-content\/uploads\/2022\/06\/Logo_SF_2012.png","contentUrl":"https:\/\/news.save.ch\/wp-content\/uploads\/2022\/06\/Logo_SF_2012.png","width":1100,"height":91,"caption":"Sicherheitsforum"},"image":{"@id":"https:\/\/news.save.ch\/de\/#\/schema\/logo\/image\/"}},{"@type":"Person","@id":"https:\/\/news.save.ch\/de\/#\/schema\/person\/10917387362b3961e882740f6cf6f2a2","name":"stefanie Zeng","image":{"@type":"ImageObject","inLanguage":"de","@id":"https:\/\/secure.gravatar.com\/avatar\/eac43faa6e40bb2c41068c95c9d78bbd94c476d5efdff7abaab80bb3ea681e06?s=96&d=mm&r=g","url":"https:\/\/secure.gravatar.com\/avatar\/eac43faa6e40bb2c41068c95c9d78bbd94c476d5efdff7abaab80bb3ea681e06?s=96&d=mm&r=g","contentUrl":"https:\/\/secure.gravatar.com\/avatar\/eac43faa6e40bb2c41068c95c9d78bbd94c476d5efdff7abaab80bb3ea681e06?s=96&d=mm&r=g","caption":"stefanie Zeng"},"url":"https:\/\/news.save.ch\/de\/author\/stefanie-zeng\/"}]}},"_links":{"self":[{"href":"https:\/\/news.save.ch\/de\/wp-json\/wp\/v2\/posts\/24982","targetHints":{"allow":["GET"]}}],"collection":[{"href":"https:\/\/news.save.ch\/de\/wp-json\/wp\/v2\/posts"}],"about":[{"href":"https:\/\/news.save.ch\/de\/wp-json\/wp\/v2\/types\/post"}],"author":[{"embeddable":true,"href":"https:\/\/news.save.ch\/de\/wp-json\/wp\/v2\/users\/31"}],"replies":[{"embeddable":true,"href":"https:\/\/news.save.ch\/de\/wp-json\/wp\/v2\/comments?post=24982"}],"version-history":[{"count":5,"href":"https:\/\/news.save.ch\/de\/wp-json\/wp\/v2\/posts\/24982\/revisions"}],"predecessor-version":[{"id":24989,"href":"https:\/\/news.save.ch\/de\/wp-json\/wp\/v2\/posts\/24982\/revisions\/24989"}],"wp:attachment":[{"href":"https:\/\/news.save.ch\/de\/wp-json\/wp\/v2\/media?parent=24982"}],"wp:term":[{"taxonomy":"category","embeddable":true,"href":"https:\/\/news.save.ch\/de\/wp-json\/wp\/v2\/categories?post=24982"},{"taxonomy":"post_tag","embeddable":true,"href":"https:\/\/news.save.ch\/de\/wp-json\/wp\/v2\/tags?post=24982"}],"curies":[{"name":"wp","href":"https:\/\/api.w.org\/{rel}","templated":true}]}}