{"id":24995,"date":"2026-02-20T10:07:54","date_gmt":"2026-02-20T09:07:54","guid":{"rendered":"https:\/\/news.save.ch\/?p=24995"},"modified":"2026-02-20T10:07:54","modified_gmt":"2026-02-20T09:07:54","slug":"neues-verstaerkungssystem-fuer-stahlbetonbruecken-bruecken-sanieren-mit-smartem-stahl","status":null,"type":"post","link":"https:\/\/news.save.ch\/de\/neues-verstaerkungssystem-fuer-stahlbetonbruecken-bruecken-sanieren-mit-smartem-stahl\/","title":{"rendered":"Neues Verst\u00e4rkungssystem f\u00fcr Stahlbetonbr\u00fccken: Br\u00fccken sanieren mit \u00absmartem\u00bb Stahl"},"content":{"rendered":"<figure id=\"attachment_24996\" aria-describedby=\"caption-attachment-24996\" style=\"width: 680px\" class=\"wp-caption alignnone\"><img loading=\"lazy\" decoding=\"async\" class=\"size-medium wp-image-24996\" src=\"https:\/\/news.save.ch\/wp-content\/uploads\/2026\/02\/bruecken-1-Kopie-680x510.jpg\" alt=\"\" width=\"680\" height=\"510\" srcset=\"https:\/\/news.save.ch\/wp-content\/uploads\/2026\/02\/bruecken-1-Kopie-680x510.jpg 680w, https:\/\/news.save.ch\/wp-content\/uploads\/2026\/02\/bruecken-1-Kopie-1024x768.jpg 1024w, https:\/\/news.save.ch\/wp-content\/uploads\/2026\/02\/bruecken-1-Kopie-768x576.jpg 768w, https:\/\/news.save.ch\/wp-content\/uploads\/2026\/02\/bruecken-1-Kopie-1536x1152.jpg 1536w, https:\/\/news.save.ch\/wp-content\/uploads\/2026\/02\/bruecken-1-Kopie-2048x1536.jpg 2048w, https:\/\/news.save.ch\/wp-content\/uploads\/2026\/02\/bruecken-1-Kopie-16x12.jpg 16w, https:\/\/news.save.ch\/wp-content\/uploads\/2026\/02\/bruecken-1-Kopie-375x281.jpg 375w, https:\/\/news.save.ch\/wp-content\/uploads\/2026\/02\/bruecken-1-Kopie-467x350.jpg 467w, https:\/\/news.save.ch\/wp-content\/uploads\/2026\/02\/bruecken-1-Kopie-1000x750.jpg 1000w, https:\/\/news.save.ch\/wp-content\/uploads\/2026\/02\/bruecken-1-Kopie-scaled.jpg 1200w\" sizes=\"auto, (max-width: 680px) 100vw, 680px\" \/><figcaption id=\"caption-attachment-24996\" class=\"wp-caption-text\">eine Fasern: Die beim Versuch entstandenen Risse machen die Faserbewehrung im ultrahochfesten Beton sichtbar. \u2014 \u00a9 Empa<\/figcaption><\/figure>\n<p id=\"doc-1jhnqqd8m0\" class=\"font--regular\">Heute werden Br\u00fccken bereits mit einer zus\u00e4tzlichen Schicht aus ultrahochfestem faserbewehrtem Beton (UHPFRC) verst\u00e4rkt. Dieser Hochleistungsbeton wird direkt auf die Fahrbahnplatten aufgebracht, ist besonders dicht und widerstandsf\u00e4hig gegen Wasser. Herk\u00f6mmlicher Bewehrungsstahl wird darin eingebettet, um die Tragf\u00e4higkeit zu erh\u00f6hen.<\/p>\n<p id=\"doc-1jhnquvbi0\" class=\"font--regular\">Ein Empa-Team um Forscherin Angela Sequeira Lemos und Christoph Czaderski aus der Abteilung \u00abStructural Engineering\u00bb ging nun einen Schritt weiter: Sie ersetzen die herk\u00f6mmliche Stahlbewehrung durch Formged\u00e4chtnisstahl auf Eisenbasis (Fe-SMA) \u2013 ein \u00abintelligentes\u00bb Material, das sich an seine urspr\u00fcngliche Form erinnern kann. Nach dem Einbau werden die St\u00e4be auf etwa 200 Grad Celsius erhitzt. Da sie sich zusammenziehen wollen, aber durch den Beton zur\u00fcckgehalten werden, entsteht eine innere Spannung. Diese inneren Kr\u00e4fte k\u00f6nnen Risse schliessen, deformierte Elemente anheben und die Lebensdauer einer Br\u00fccke verl\u00e4ngern \u2013 ganz ohne aufwendige Spannvorrichtungen. \u00abDas Sch\u00f6ne an diesem Verst\u00e4rkungssystem ist seine Einfachheit\u00bb, sagt Sequeira Lemos. \u00abMan verankert die St\u00e4be, erw\u00e4rmt sie \u2013 und sie erledigen den Rest von selbst.\u00bb<\/p>\n<h3 id=\"doc-1jhnqqeup0\" class=\"h2\">Grossversuche in der Empa-Bauhalle<\/h3>\n<figure id=\"attachment_24997\" aria-describedby=\"caption-attachment-24997\" style=\"width: 680px\" class=\"wp-caption alignnone\"><img loading=\"lazy\" decoding=\"async\" class=\"size-medium wp-image-24997\" src=\"https:\/\/news.save.ch\/wp-content\/uploads\/2026\/02\/bruecken-2-Kopie-680x510.jpg\" alt=\"\" width=\"680\" height=\"510\" srcset=\"https:\/\/news.save.ch\/wp-content\/uploads\/2026\/02\/bruecken-2-Kopie-680x510.jpg 680w, https:\/\/news.save.ch\/wp-content\/uploads\/2026\/02\/bruecken-2-Kopie-1024x768.jpg 1024w, https:\/\/news.save.ch\/wp-content\/uploads\/2026\/02\/bruecken-2-Kopie-768x576.jpg 768w, https:\/\/news.save.ch\/wp-content\/uploads\/2026\/02\/bruecken-2-Kopie-1536x1152.jpg 1536w, https:\/\/news.save.ch\/wp-content\/uploads\/2026\/02\/bruecken-2-Kopie-2048x1536.jpg 2048w, https:\/\/news.save.ch\/wp-content\/uploads\/2026\/02\/bruecken-2-Kopie-16x12.jpg 16w, https:\/\/news.save.ch\/wp-content\/uploads\/2026\/02\/bruecken-2-Kopie-375x281.jpg 375w, https:\/\/news.save.ch\/wp-content\/uploads\/2026\/02\/bruecken-2-Kopie-467x350.jpg 467w, https:\/\/news.save.ch\/wp-content\/uploads\/2026\/02\/bruecken-2-Kopie-1000x750.jpg 1000w, https:\/\/news.save.ch\/wp-content\/uploads\/2026\/02\/bruecken-2-Kopie-scaled.jpg 1200w\" sizes=\"auto, (max-width: 680px) 100vw, 680px\" \/><figcaption id=\"caption-attachment-24997\" class=\"wp-caption-text\">Unter Spannung: Empa-Forscherin Angela Sequeira Lemos und ihr Team haben die Betonplatten in Versuchen bewusst zu Riss gebracht. \u2014 \u00a9 Empa<\/figcaption><\/figure>\n<p id=\"doc-1jhnqqhb90\" class=\"font--regular\">Zun\u00e4chst untersuchte das Empa-Team das Zusammenspiel zwischen dem Formged\u00e4chtnisstahl und dem ultrahochfesten Faserbeton, die erstmals kombiniert wurden. Die Forschenden analysierten, wie gut die beiden Materialien auch nach dem Erhitzen des Formged\u00e4chtnisstahls miteinander verbunden sind und welche Kr\u00e4fte \u00fcbertragen werden k\u00f6nnen.<\/p>\n<p id=\"doc-1jhnr00j10\" class=\"font--regular\">Darauf folgten Grossversuche in der Bauhalle der Empa mit f\u00fcnf Betonplatten von jeweils f\u00fcnf Metern L\u00e4nge, die freitragende Br\u00fcckendecks nachbildeten. Eine Platte blieb unverst\u00e4rkt, w\u00e4hrend die anderen mit einer Schicht aus ultrahochfestem faserbewehrtem Beton versehen wurden \u2013 entweder mit herk\u00f6mmlicher Bewehrung oder mit Fe-SMA-St\u00e4ben. Um reale Bedingungen zu simulieren, brachte das Team die Platten zun\u00e4chst gezielt zum Riss, bevor sie verst\u00e4rkt wurden \u2013 so wie es auch bei einer echten Br\u00fcckensanierung der Fall w\u00e4re.<\/p>\n<p id=\"doc-1jhnr00j20\" class=\"font--regular\">Nach dem Einbau erhitzten die Forschenden die Fe-SMA-St\u00e4be, wodurch diese versuchten, sich in ihre urspr\u00fcngliche Form zusammenzuziehen und die Stahlbetonstruktur vorzuspannen. Bereits w\u00e4hrend der Aktivierung schlossen sich bestehende Risse sichtbar und verbliebene Verformungen bildeten sich vollst\u00e4ndig zur\u00fcck.<\/p>\n<h3 id=\"doc-1jhnqqj7f0\" class=\"h2\">Deutlich steifer und langlebiger<\/h3>\n<p><iframe loading=\"lazy\" title=\"Br\u00fccken sanieren mit smartem Stahl\" width=\"768\" height=\"432\" src=\"https:\/\/www.youtube.com\/embed\/yS3yNdl-t7E?feature=oembed\" frameborder=\"0\" allow=\"accelerometer; autoplay; clipboard-write; encrypted-media; gyroscope; picture-in-picture; web-share\" referrerpolicy=\"strict-origin-when-cross-origin\" allowfullscreen><\/iframe><\/p>\n<p id=\"doc-1jhnqqqmt0\" class=\"font--regular\">Mit modernsten Messmethoden verfolgten die Forschenden kontinuierlich Verformungen im Innern der Platten. Digitale Kameras \u00fcberwachten die Risse auf der Betonoberfl\u00e4che, w\u00e4hrend winzige faseroptische Sensoren entlang der St\u00e4be eingebettet waren. \u00abWir nutzen Sensoren, die \u00e4hnlich funktionieren wie Glasfaserkabel in der Telekommunikation\u00bb, erkl\u00e4rt die Empa-Forscherin. \u00abAnstatt jedoch verschl\u00fcsselte Daten durch die Fasern zu senden, analysieren wir das zur\u00fcckgestreute Licht. So k\u00f6nnen wir genau sehen, wie sich die St\u00e4be verformen.\u00bb<\/p>\n<p id=\"doc-1jhnr1png0\" class=\"font--regular\">Die Versuche zeigten: Sowohl die herk\u00f6mmliche Verst\u00e4rkung als auch das neuartige System mit Formged\u00e4chtnisstahl verdoppelten mindestens die Tragf\u00e4higkeit einer unverst\u00e4rkten Platte. Unter Alltagsbedingungen \u2013 wie sie beispielsweise durch normalen Strassenverkehr verursacht werden \u2013 erwies sich die Kombination aus faserbewehrtem Beton und Formged\u00e4chtnisstahl jedoch als \u00fcberlegen: Sie macht die Br\u00fcckenplatte steifer, verz\u00f6gert bleibende Verformungen und kann bereits vorhandene Risse schliessen oder durchh\u00e4ngende Bauteile leicht anheben. \u00abWir konnten zeigen, dass unser System nicht nur funktioniert, sondern bestehende Br\u00fccken tats\u00e4chlich wiederbeleben kann\u00bb, so Sequeira Lemos.<\/p>\n<h3 id=\"doc-1jhnqqslv0\" class=\"h2\">Perfekt f\u00fcr gesch\u00e4digte Br\u00fccken<\/h3>\n<figure id=\"attachment_24998\" aria-describedby=\"caption-attachment-24998\" style=\"width: 470px\" class=\"wp-caption alignleft\"><img loading=\"lazy\" decoding=\"async\" class=\" wp-image-24998\" src=\"https:\/\/news.save.ch\/wp-content\/uploads\/2026\/02\/bruecken-3-Kopie-680x907.jpg\" alt=\"\" width=\"470\" height=\"627\" srcset=\"https:\/\/news.save.ch\/wp-content\/uploads\/2026\/02\/bruecken-3-Kopie-680x907.jpg 680w, https:\/\/news.save.ch\/wp-content\/uploads\/2026\/02\/bruecken-3-Kopie-768x1024.jpg 768w, https:\/\/news.save.ch\/wp-content\/uploads\/2026\/02\/bruecken-3-Kopie-1152x1536.jpg 1152w, https:\/\/news.save.ch\/wp-content\/uploads\/2026\/02\/bruecken-3-Kopie-1536x2048.jpg 1536w, https:\/\/news.save.ch\/wp-content\/uploads\/2026\/02\/bruecken-3-Kopie-9x12.jpg 9w, https:\/\/news.save.ch\/wp-content\/uploads\/2026\/02\/bruecken-3-Kopie-225x300.jpg 225w, https:\/\/news.save.ch\/wp-content\/uploads\/2026\/02\/bruecken-3-Kopie-263x350.jpg 263w, https:\/\/news.save.ch\/wp-content\/uploads\/2026\/02\/bruecken-3-Kopie-600x800.jpg 600w, https:\/\/news.save.ch\/wp-content\/uploads\/2026\/02\/bruecken-3-Kopie-scaled.jpg 900w\" sizes=\"auto, (max-width: 470px) 100vw, 470px\" \/><figcaption id=\"caption-attachment-24998\" class=\"wp-caption-text\">Die Experimente in der Bauhalle der Empa zeigten: Das System kann selbst bereits gesch\u00e4digte Br\u00fccken steifer und tragf\u00e4higer machen. \u2014 \u00a9 Empa<\/figcaption><\/figure>\n<p id=\"doc-1jhnqqufe0\" class=\"font--regular\">Noch sind die verwendeten Materialien relativ teuer. Das System eignet sich deshalb vor allem f\u00fcr stark verformte oder bereits gesch\u00e4digte Br\u00fccken \u2013 also dort, wo herk\u00f6mmliche Verst\u00e4rkungsmethoden an ihre Grenzen stossen. Grunds\u00e4tzlich w\u00e4re laut Sequeira Lemos auch ein Einsatz im Hochbau denkbar, etwa bei Balkonen oder Flachd\u00e4chern, wo kompakte L\u00f6sungen oder gute Dichtungseigenschaften gefragt sind.<\/p>\n<p id=\"doc-1jhnr3jeo0\" class=\"font--regular\">Das von der Innosuisse gef\u00f6rderte Projekt entstand in enger Zusammenarbeit mit der Ostschweizer Fachhochschule OST, dem Empa-Spin-off re-fer und dem Verband der Schweizer Zementindustrie cemsuisse. Nach den erfolgreichen Tests sucht das Team nun nach einer geeigneten Br\u00fccke f\u00fcr den ersten Praxiseinsatz. \u00abWenn wir mit unserem System eine echte Br\u00fccke verst\u00e4rken k\u00f6nnen, d\u00fcrfte das Interesse der Industrie schnell wachsen\u00bb, sagt Sequeira Lemos. \u00abUnd mit zunehmender Nachfrage d\u00fcrften auch die Materialkosten sinken \u2013 dann k\u00f6nnte diese Technologie die Br\u00fcckensanierungen nachhaltig ver\u00e4ndern.\u00bb<\/p>\n<p><em>Quelle: empa.ch<\/em><\/p>\n","protected":false},"excerpt":{"rendered":"<p>Heute werden Br\u00fccken bereits mit einer zus\u00e4tzlichen Schicht aus ultrahochfestem faserbewehrtem Beton (UHPFRC) verst\u00e4rkt. Dieser Hochleistungsbeton wird direkt auf die Fahrbahnplatten aufgebracht, ist besonders dicht und widerstandsf\u00e4hig gegen Wasser. Herk\u00f6mmlicher Bewehrungsstahl wird darin eingebettet, um die Tragf\u00e4higkeit zu erh\u00f6hen. Ein Empa-Team um Forscherin Angela Sequeira Lemos und Christoph Czaderski aus der Abteilung \u00abStructural Engineering\u00bb ging [&hellip;]<\/p>\n","protected":false},"author":31,"featured_media":0,"comment_status":"closed","ping_status":"closed","sticky":false,"template":"","format":"standard","meta":{"_acf_changed":false,"pgc_sgb_lightbox_settings":"","footnotes":""},"categories":[3315],"tags":[],"class_list":["post-24995","post","type-post","status-publish","format-standard","hentry","category-infrastruktur"],"acf":[],"hkrextid":null,"publication":null,"issue":null,"workflow":null,"startPage":null,"spitzmarke":null,"_posts_by_tag_page_fields":null,"_at_widget":null,"_yoast_wpseo_primary_category":"3315","_yoast_wpseo_focuskw_text_input":null,"_yoast_wpseo_opengraph-image":null,"_yoast_wpseo_opengraph-description":null,"_yoast_wpseo_opengraph-title":null,"enclosure":null,"_yoast_wpseo_twitter-title":null,"_yoast_wpseo_twitter-description":null,"_yoast_wpseo_twitter-image":null,"_wp_old_slug":null,"_yoast_wpseo_title":null,"_yoast_wpseo_canonical":null,"yoast_head":"<!-- This site is optimized with the Yoast SEO plugin v27.5 - https:\/\/yoast.com\/product\/yoast-seo-wordpress\/ -->\n<title>Neues Verst\u00e4rkungssystem f\u00fcr Stahlbetonbr\u00fccken: Br\u00fccken sanieren mit \u00absmartem\u00bb Stahl - Save<\/title>\n<meta name=\"robots\" content=\"index, follow, max-snippet:-1, max-image-preview:large, max-video-preview:-1\" \/>\n<link rel=\"canonical\" href=\"https:\/\/news.save.ch\/de\/neues-verstaerkungssystem-fuer-stahlbetonbruecken-bruecken-sanieren-mit-smartem-stahl\/\" \/>\n<meta property=\"og:locale\" content=\"de_DE\" \/>\n<meta property=\"og:type\" content=\"article\" \/>\n<meta property=\"og:title\" content=\"Neues Verst\u00e4rkungssystem f\u00fcr Stahlbetonbr\u00fccken: Br\u00fccken sanieren mit \u00absmartem\u00bb Stahl - Save\" \/>\n<meta property=\"og:description\" content=\"Heute werden Br\u00fccken bereits mit einer zus\u00e4tzlichen Schicht aus ultrahochfestem faserbewehrtem Beton (UHPFRC) verst\u00e4rkt. Dieser Hochleistungsbeton wird direkt auf die Fahrbahnplatten aufgebracht, ist besonders dicht und widerstandsf\u00e4hig gegen Wasser. Herk\u00f6mmlicher Bewehrungsstahl wird darin eingebettet, um die Tragf\u00e4higkeit zu erh\u00f6hen. Ein Empa-Team um Forscherin Angela Sequeira Lemos und Christoph Czaderski aus der Abteilung \u00abStructural Engineering\u00bb ging [&hellip;]\" \/>\n<meta property=\"og:url\" content=\"https:\/\/news.save.ch\/de\/neues-verstaerkungssystem-fuer-stahlbetonbruecken-bruecken-sanieren-mit-smartem-stahl\/\" \/>\n<meta property=\"og:site_name\" content=\"Save\" \/>\n<meta property=\"article:published_time\" content=\"2026-02-20T09:07:54+00:00\" \/>\n<meta property=\"og:image\" content=\"https:\/\/news.save.ch\/wp-content\/uploads\/2026\/02\/bruecken-1-Kopie-scaled.jpg\" \/>\n\t<meta property=\"og:image:width\" content=\"1200\" \/>\n\t<meta property=\"og:image:height\" content=\"900\" \/>\n\t<meta property=\"og:image:type\" content=\"image\/jpeg\" \/>\n<meta name=\"author\" content=\"stefanie Zeng\" \/>\n<meta name=\"twitter:card\" content=\"summary_large_image\" \/>\n<meta name=\"twitter:label1\" content=\"Geschrieben von\" \/>\n\t<meta name=\"twitter:data1\" content=\"stefanie Zeng\" \/>\n\t<meta name=\"twitter:label2\" content=\"Gesch\u00e4tzte Lesezeit\" \/>\n\t<meta name=\"twitter:data2\" content=\"5\u00a0Minuten\" \/>\n<script type=\"application\/ld+json\" class=\"yoast-schema-graph\">{\"@context\":\"https:\\\/\\\/schema.org\",\"@graph\":[{\"@type\":\"Article\",\"@id\":\"https:\\\/\\\/news.save.ch\\\/neues-verstaerkungssystem-fuer-stahlbetonbruecken-bruecken-sanieren-mit-smartem-stahl\\\/#article\",\"isPartOf\":{\"@id\":\"https:\\\/\\\/news.save.ch\\\/neues-verstaerkungssystem-fuer-stahlbetonbruecken-bruecken-sanieren-mit-smartem-stahl\\\/\"},\"author\":{\"name\":\"stefanie Zeng\",\"@id\":\"https:\\\/\\\/news.save.ch\\\/de\\\/#\\\/schema\\\/person\\\/10917387362b3961e882740f6cf6f2a2\"},\"headline\":\"Neues Verst\u00e4rkungssystem f\u00fcr Stahlbetonbr\u00fccken: Br\u00fccken sanieren mit \u00absmartem\u00bb Stahl\",\"datePublished\":\"2026-02-20T09:07:54+00:00\",\"mainEntityOfPage\":{\"@id\":\"https:\\\/\\\/news.save.ch\\\/neues-verstaerkungssystem-fuer-stahlbetonbruecken-bruecken-sanieren-mit-smartem-stahl\\\/\"},\"wordCount\":775,\"publisher\":{\"@id\":\"https:\\\/\\\/news.save.ch\\\/de\\\/#organization\"},\"image\":{\"@id\":\"https:\\\/\\\/news.save.ch\\\/neues-verstaerkungssystem-fuer-stahlbetonbruecken-bruecken-sanieren-mit-smartem-stahl\\\/#primaryimage\"},\"thumbnailUrl\":\"https:\\\/\\\/news.save.ch\\\/wp-content\\\/uploads\\\/2026\\\/02\\\/bruecken-1-Kopie-680x510.jpg\",\"articleSection\":[\"INFRASTRUKTUREN\"],\"inLanguage\":\"de\"},{\"@type\":\"WebPage\",\"@id\":\"https:\\\/\\\/news.save.ch\\\/neues-verstaerkungssystem-fuer-stahlbetonbruecken-bruecken-sanieren-mit-smartem-stahl\\\/\",\"url\":\"https:\\\/\\\/news.save.ch\\\/neues-verstaerkungssystem-fuer-stahlbetonbruecken-bruecken-sanieren-mit-smartem-stahl\\\/\",\"name\":\"Neues Verst\u00e4rkungssystem f\u00fcr Stahlbetonbr\u00fccken: Br\u00fccken sanieren mit \u00absmartem\u00bb Stahl - Save\",\"isPartOf\":{\"@id\":\"https:\\\/\\\/news.save.ch\\\/de\\\/#website\"},\"primaryImageOfPage\":{\"@id\":\"https:\\\/\\\/news.save.ch\\\/neues-verstaerkungssystem-fuer-stahlbetonbruecken-bruecken-sanieren-mit-smartem-stahl\\\/#primaryimage\"},\"image\":{\"@id\":\"https:\\\/\\\/news.save.ch\\\/neues-verstaerkungssystem-fuer-stahlbetonbruecken-bruecken-sanieren-mit-smartem-stahl\\\/#primaryimage\"},\"thumbnailUrl\":\"https:\\\/\\\/news.save.ch\\\/wp-content\\\/uploads\\\/2026\\\/02\\\/bruecken-1-Kopie-680x510.jpg\",\"datePublished\":\"2026-02-20T09:07:54+00:00\",\"breadcrumb\":{\"@id\":\"https:\\\/\\\/news.save.ch\\\/neues-verstaerkungssystem-fuer-stahlbetonbruecken-bruecken-sanieren-mit-smartem-stahl\\\/#breadcrumb\"},\"inLanguage\":\"de\",\"potentialAction\":[{\"@type\":\"ReadAction\",\"target\":[\"https:\\\/\\\/news.save.ch\\\/neues-verstaerkungssystem-fuer-stahlbetonbruecken-bruecken-sanieren-mit-smartem-stahl\\\/\"]}]},{\"@type\":\"ImageObject\",\"inLanguage\":\"de\",\"@id\":\"https:\\\/\\\/news.save.ch\\\/neues-verstaerkungssystem-fuer-stahlbetonbruecken-bruecken-sanieren-mit-smartem-stahl\\\/#primaryimage\",\"url\":\"https:\\\/\\\/news.save.ch\\\/wp-content\\\/uploads\\\/2026\\\/02\\\/bruecken-1-Kopie-680x510.jpg\",\"contentUrl\":\"https:\\\/\\\/news.save.ch\\\/wp-content\\\/uploads\\\/2026\\\/02\\\/bruecken-1-Kopie-680x510.jpg\"},{\"@type\":\"BreadcrumbList\",\"@id\":\"https:\\\/\\\/news.save.ch\\\/neues-verstaerkungssystem-fuer-stahlbetonbruecken-bruecken-sanieren-mit-smartem-stahl\\\/#breadcrumb\",\"itemListElement\":[{\"@type\":\"ListItem\",\"position\":1,\"name\":\"Home\",\"item\":\"https:\\\/\\\/news.save.ch\\\/de\\\/\"},{\"@type\":\"ListItem\",\"position\":2,\"name\":\"Neues Verst\u00e4rkungssystem f\u00fcr Stahlbetonbr\u00fccken: Br\u00fccken sanieren mit \u00absmartem\u00bb Stahl\"}]},{\"@type\":\"WebSite\",\"@id\":\"https:\\\/\\\/news.save.ch\\\/de\\\/#website\",\"url\":\"https:\\\/\\\/news.save.ch\\\/de\\\/\",\"name\":\"Save\",\"description\":\"Schweizer Fachzeitschrift f\u00fcr Sicherheit\",\"publisher\":{\"@id\":\"https:\\\/\\\/news.save.ch\\\/de\\\/#organization\"},\"potentialAction\":[{\"@type\":\"SearchAction\",\"target\":{\"@type\":\"EntryPoint\",\"urlTemplate\":\"https:\\\/\\\/news.save.ch\\\/de\\\/?s={search_term_string}\"},\"query-input\":{\"@type\":\"PropertyValueSpecification\",\"valueRequired\":true,\"valueName\":\"search_term_string\"}}],\"inLanguage\":\"de\"},{\"@type\":\"Organization\",\"@id\":\"https:\\\/\\\/news.save.ch\\\/de\\\/#organization\",\"name\":\"Sicherheitsforum\",\"url\":\"https:\\\/\\\/news.save.ch\\\/de\\\/\",\"logo\":{\"@type\":\"ImageObject\",\"inLanguage\":\"de\",\"@id\":\"https:\\\/\\\/news.save.ch\\\/de\\\/#\\\/schema\\\/logo\\\/image\\\/\",\"url\":\"https:\\\/\\\/news.save.ch\\\/wp-content\\\/uploads\\\/2022\\\/06\\\/Logo_SF_2012.png\",\"contentUrl\":\"https:\\\/\\\/news.save.ch\\\/wp-content\\\/uploads\\\/2022\\\/06\\\/Logo_SF_2012.png\",\"width\":1100,\"height\":91,\"caption\":\"Sicherheitsforum\"},\"image\":{\"@id\":\"https:\\\/\\\/news.save.ch\\\/de\\\/#\\\/schema\\\/logo\\\/image\\\/\"}},{\"@type\":\"Person\",\"@id\":\"https:\\\/\\\/news.save.ch\\\/de\\\/#\\\/schema\\\/person\\\/10917387362b3961e882740f6cf6f2a2\",\"name\":\"stefanie Zeng\",\"image\":{\"@type\":\"ImageObject\",\"inLanguage\":\"de\",\"@id\":\"https:\\\/\\\/secure.gravatar.com\\\/avatar\\\/eac43faa6e40bb2c41068c95c9d78bbd94c476d5efdff7abaab80bb3ea681e06?s=96&d=mm&r=g\",\"url\":\"https:\\\/\\\/secure.gravatar.com\\\/avatar\\\/eac43faa6e40bb2c41068c95c9d78bbd94c476d5efdff7abaab80bb3ea681e06?s=96&d=mm&r=g\",\"contentUrl\":\"https:\\\/\\\/secure.gravatar.com\\\/avatar\\\/eac43faa6e40bb2c41068c95c9d78bbd94c476d5efdff7abaab80bb3ea681e06?s=96&d=mm&r=g\",\"caption\":\"stefanie Zeng\"},\"url\":\"https:\\\/\\\/news.save.ch\\\/de\\\/author\\\/stefanie-zeng\\\/\"}]}<\/script>\n<!-- \/ Yoast SEO plugin. -->","yoast_head_json":{"title":"Neues Verst\u00e4rkungssystem f\u00fcr Stahlbetonbr\u00fccken: Br\u00fccken sanieren mit \u00absmartem\u00bb Stahl - Save","robots":{"index":"index","follow":"follow","max-snippet":"max-snippet:-1","max-image-preview":"max-image-preview:large","max-video-preview":"max-video-preview:-1"},"canonical":"https:\/\/news.save.ch\/de\/neues-verstaerkungssystem-fuer-stahlbetonbruecken-bruecken-sanieren-mit-smartem-stahl\/","og_locale":"de_DE","og_type":"article","og_title":"Neues Verst\u00e4rkungssystem f\u00fcr Stahlbetonbr\u00fccken: Br\u00fccken sanieren mit \u00absmartem\u00bb Stahl - Save","og_description":"Heute werden Br\u00fccken bereits mit einer zus\u00e4tzlichen Schicht aus ultrahochfestem faserbewehrtem Beton (UHPFRC) verst\u00e4rkt. Dieser Hochleistungsbeton wird direkt auf die Fahrbahnplatten aufgebracht, ist besonders dicht und widerstandsf\u00e4hig gegen Wasser. Herk\u00f6mmlicher Bewehrungsstahl wird darin eingebettet, um die Tragf\u00e4higkeit zu erh\u00f6hen. Ein Empa-Team um Forscherin Angela Sequeira Lemos und Christoph Czaderski aus der Abteilung \u00abStructural Engineering\u00bb ging [&hellip;]","og_url":"https:\/\/news.save.ch\/de\/neues-verstaerkungssystem-fuer-stahlbetonbruecken-bruecken-sanieren-mit-smartem-stahl\/","og_site_name":"Save","article_published_time":"2026-02-20T09:07:54+00:00","og_image":[{"width":1200,"height":900,"url":"https:\/\/news.save.ch\/wp-content\/uploads\/2026\/02\/bruecken-1-Kopie-scaled.jpg","type":"image\/jpeg"}],"author":"stefanie Zeng","twitter_card":"summary_large_image","twitter_misc":{"Geschrieben von":"stefanie Zeng","Gesch\u00e4tzte Lesezeit":"5\u00a0Minuten"},"schema":{"@context":"https:\/\/schema.org","@graph":[{"@type":"Article","@id":"https:\/\/news.save.ch\/neues-verstaerkungssystem-fuer-stahlbetonbruecken-bruecken-sanieren-mit-smartem-stahl\/#article","isPartOf":{"@id":"https:\/\/news.save.ch\/neues-verstaerkungssystem-fuer-stahlbetonbruecken-bruecken-sanieren-mit-smartem-stahl\/"},"author":{"name":"stefanie Zeng","@id":"https:\/\/news.save.ch\/de\/#\/schema\/person\/10917387362b3961e882740f6cf6f2a2"},"headline":"Neues Verst\u00e4rkungssystem f\u00fcr Stahlbetonbr\u00fccken: Br\u00fccken sanieren mit \u00absmartem\u00bb Stahl","datePublished":"2026-02-20T09:07:54+00:00","mainEntityOfPage":{"@id":"https:\/\/news.save.ch\/neues-verstaerkungssystem-fuer-stahlbetonbruecken-bruecken-sanieren-mit-smartem-stahl\/"},"wordCount":775,"publisher":{"@id":"https:\/\/news.save.ch\/de\/#organization"},"image":{"@id":"https:\/\/news.save.ch\/neues-verstaerkungssystem-fuer-stahlbetonbruecken-bruecken-sanieren-mit-smartem-stahl\/#primaryimage"},"thumbnailUrl":"https:\/\/news.save.ch\/wp-content\/uploads\/2026\/02\/bruecken-1-Kopie-680x510.jpg","articleSection":["INFRASTRUKTUREN"],"inLanguage":"de"},{"@type":"WebPage","@id":"https:\/\/news.save.ch\/neues-verstaerkungssystem-fuer-stahlbetonbruecken-bruecken-sanieren-mit-smartem-stahl\/","url":"https:\/\/news.save.ch\/neues-verstaerkungssystem-fuer-stahlbetonbruecken-bruecken-sanieren-mit-smartem-stahl\/","name":"Neues Verst\u00e4rkungssystem f\u00fcr Stahlbetonbr\u00fccken: Br\u00fccken sanieren mit \u00absmartem\u00bb Stahl - Save","isPartOf":{"@id":"https:\/\/news.save.ch\/de\/#website"},"primaryImageOfPage":{"@id":"https:\/\/news.save.ch\/neues-verstaerkungssystem-fuer-stahlbetonbruecken-bruecken-sanieren-mit-smartem-stahl\/#primaryimage"},"image":{"@id":"https:\/\/news.save.ch\/neues-verstaerkungssystem-fuer-stahlbetonbruecken-bruecken-sanieren-mit-smartem-stahl\/#primaryimage"},"thumbnailUrl":"https:\/\/news.save.ch\/wp-content\/uploads\/2026\/02\/bruecken-1-Kopie-680x510.jpg","datePublished":"2026-02-20T09:07:54+00:00","breadcrumb":{"@id":"https:\/\/news.save.ch\/neues-verstaerkungssystem-fuer-stahlbetonbruecken-bruecken-sanieren-mit-smartem-stahl\/#breadcrumb"},"inLanguage":"de","potentialAction":[{"@type":"ReadAction","target":["https:\/\/news.save.ch\/neues-verstaerkungssystem-fuer-stahlbetonbruecken-bruecken-sanieren-mit-smartem-stahl\/"]}]},{"@type":"ImageObject","inLanguage":"de","@id":"https:\/\/news.save.ch\/neues-verstaerkungssystem-fuer-stahlbetonbruecken-bruecken-sanieren-mit-smartem-stahl\/#primaryimage","url":"https:\/\/news.save.ch\/wp-content\/uploads\/2026\/02\/bruecken-1-Kopie-680x510.jpg","contentUrl":"https:\/\/news.save.ch\/wp-content\/uploads\/2026\/02\/bruecken-1-Kopie-680x510.jpg"},{"@type":"BreadcrumbList","@id":"https:\/\/news.save.ch\/neues-verstaerkungssystem-fuer-stahlbetonbruecken-bruecken-sanieren-mit-smartem-stahl\/#breadcrumb","itemListElement":[{"@type":"ListItem","position":1,"name":"Home","item":"https:\/\/news.save.ch\/de\/"},{"@type":"ListItem","position":2,"name":"Neues Verst\u00e4rkungssystem f\u00fcr Stahlbetonbr\u00fccken: Br\u00fccken sanieren mit \u00absmartem\u00bb Stahl"}]},{"@type":"WebSite","@id":"https:\/\/news.save.ch\/de\/#website","url":"https:\/\/news.save.ch\/de\/","name":"Save","description":"Schweizer Fachzeitschrift f\u00fcr Sicherheit","publisher":{"@id":"https:\/\/news.save.ch\/de\/#organization"},"potentialAction":[{"@type":"SearchAction","target":{"@type":"EntryPoint","urlTemplate":"https:\/\/news.save.ch\/de\/?s={search_term_string}"},"query-input":{"@type":"PropertyValueSpecification","valueRequired":true,"valueName":"search_term_string"}}],"inLanguage":"de"},{"@type":"Organization","@id":"https:\/\/news.save.ch\/de\/#organization","name":"Sicherheitsforum","url":"https:\/\/news.save.ch\/de\/","logo":{"@type":"ImageObject","inLanguage":"de","@id":"https:\/\/news.save.ch\/de\/#\/schema\/logo\/image\/","url":"https:\/\/news.save.ch\/wp-content\/uploads\/2022\/06\/Logo_SF_2012.png","contentUrl":"https:\/\/news.save.ch\/wp-content\/uploads\/2022\/06\/Logo_SF_2012.png","width":1100,"height":91,"caption":"Sicherheitsforum"},"image":{"@id":"https:\/\/news.save.ch\/de\/#\/schema\/logo\/image\/"}},{"@type":"Person","@id":"https:\/\/news.save.ch\/de\/#\/schema\/person\/10917387362b3961e882740f6cf6f2a2","name":"stefanie Zeng","image":{"@type":"ImageObject","inLanguage":"de","@id":"https:\/\/secure.gravatar.com\/avatar\/eac43faa6e40bb2c41068c95c9d78bbd94c476d5efdff7abaab80bb3ea681e06?s=96&d=mm&r=g","url":"https:\/\/secure.gravatar.com\/avatar\/eac43faa6e40bb2c41068c95c9d78bbd94c476d5efdff7abaab80bb3ea681e06?s=96&d=mm&r=g","contentUrl":"https:\/\/secure.gravatar.com\/avatar\/eac43faa6e40bb2c41068c95c9d78bbd94c476d5efdff7abaab80bb3ea681e06?s=96&d=mm&r=g","caption":"stefanie Zeng"},"url":"https:\/\/news.save.ch\/de\/author\/stefanie-zeng\/"}]}},"_links":{"self":[{"href":"https:\/\/news.save.ch\/de\/wp-json\/wp\/v2\/posts\/24995","targetHints":{"allow":["GET"]}}],"collection":[{"href":"https:\/\/news.save.ch\/de\/wp-json\/wp\/v2\/posts"}],"about":[{"href":"https:\/\/news.save.ch\/de\/wp-json\/wp\/v2\/types\/post"}],"author":[{"embeddable":true,"href":"https:\/\/news.save.ch\/de\/wp-json\/wp\/v2\/users\/31"}],"replies":[{"embeddable":true,"href":"https:\/\/news.save.ch\/de\/wp-json\/wp\/v2\/comments?post=24995"}],"version-history":[{"count":1,"href":"https:\/\/news.save.ch\/de\/wp-json\/wp\/v2\/posts\/24995\/revisions"}],"predecessor-version":[{"id":24999,"href":"https:\/\/news.save.ch\/de\/wp-json\/wp\/v2\/posts\/24995\/revisions\/24999"}],"wp:attachment":[{"href":"https:\/\/news.save.ch\/de\/wp-json\/wp\/v2\/media?parent=24995"}],"wp:term":[{"taxonomy":"category","embeddable":true,"href":"https:\/\/news.save.ch\/de\/wp-json\/wp\/v2\/categories?post=24995"},{"taxonomy":"post_tag","embeddable":true,"href":"https:\/\/news.save.ch\/de\/wp-json\/wp\/v2\/tags?post=24995"}],"curies":[{"name":"wp","href":"https:\/\/api.w.org\/{rel}","templated":true}]}}