{"id":2502,"date":"2018-01-08T12:58:36","date_gmt":"2018-01-08T11:58:36","guid":{"rendered":"https:\/\/news.save.ch\/?p=2502"},"modified":"2023-03-14T09:04:18","modified_gmt":"2023-03-14T08:04:18","slug":"kuenftige-pillen-werden-elektronisch-sein","status":null,"type":"post","link":"https:\/\/news.save.ch\/de\/kuenftige-pillen-werden-elektronisch-sein\/","title":{"rendered":"K\u00fcnftige Pillen werden elektronisch sein"},"content":{"rendered":"<figure id=\"attachment_2503\" aria-describedby=\"caption-attachment-2503\" style=\"width: 680px\" class=\"wp-caption alignnone\"><img loading=\"lazy\" decoding=\"async\" class=\"size-medium wp-image-2503\" src=\"http:\/\/develop.safety-plus.ch\/wp-content\/uploads\/2018\/01\/image.imageformat.fullwidth.172966530.jpg\" alt=\"\" width=\"680\" height=\"340\" srcset=\"https:\/\/news.save.ch\/wp-content\/uploads\/2018\/01\/image.imageformat.fullwidth.172966530.jpg 930w, https:\/\/news.save.ch\/wp-content\/uploads\/2018\/01\/image.imageformat.fullwidth.172966530-680x340.jpg 680w, https:\/\/news.save.ch\/wp-content\/uploads\/2018\/01\/image.imageformat.fullwidth.172966530-768x384.jpg 768w, https:\/\/news.save.ch\/wp-content\/uploads\/2018\/01\/image.imageformat.fullwidth.172966530-18x9.jpg 18w, https:\/\/news.save.ch\/wp-content\/uploads\/2018\/01\/image.imageformat.fullwidth.172966530-375x188.jpg 375w, https:\/\/news.save.ch\/wp-content\/uploads\/2018\/01\/image.imageformat.fullwidth.172966530-700x350.jpg 700w\" sizes=\"auto, (max-width: 680px) 100vw, 680px\" \/><figcaption id=\"caption-attachment-2503\" class=\"wp-caption-text\">In ferner Zukunft werde es eine elektronische Alternative geben zu Tabletten, sagt Martin Fussenegger. (\u00a9 Symbolbild: Colourbox)<\/figcaption><\/figure>\n<p>Die Medizin benutzt seit Jahrhunderten dasselbe Therapiekonzept: F\u00fchlen wir uns schlecht, gehen wir zum Arzt, und dieser verschreibt uns eine Pille, die wir dreimal am Tag einnehmen m\u00fcssen. Die Medikamentendosis bestimmt der Arzt aufgrund unseres K\u00f6rpergewichts. Dieses Konzept hat mehrere Nachteile: Wir gehen immer erst dann zum Arzt, wenn wir schon krank sind. Die Dosierung der Medikamente ist unpr\u00e4zis. Und mit vielen Therapien versuchen wir zwar, Symptome in den Griff zu bekommen, oft heilen wir die Krankheit selbst jedoch gar nicht.<\/p>\n<p><strong>Bio-elektronisches Implantat<\/strong><\/p>\n<p>Ich wage daher eine These: In ferner Zukunft werden wir nicht mehr klassische Pillen schlucken, die wenig leisten, und mit denen wir wahrscheinlich nicht alle existierenden <a href=\"https:\/\/news.save.ch\/ernaehrungsstrategie-zur-gesundheitsfoerderung\/\" target=\"_blank\" rel=\"noopener\">Gesundheitsprobleme<\/a> l\u00f6sen k\u00f6nnen. Vielmehr werden die Pillen in 50 Jahren elektronisch sein. Sie werden aus einer Kapsel bestehen, die wir uns unter die Haut implantieren lassen k\u00f6nnen. Die Kapsel enth\u00e4lt einerseits Designerzellen, die unseren Stoffwechsel \u00fcberwachen und \u00fcber die Produktion von Proteinen und Stoffwechselprodukten korrigierend eingreifen k\u00f6nnen.<\/p>\n<p>Andererseits enth\u00e4lt die Kapsel eine Elektronik, welche die Designerzellen steuert und eine Verbindung zur Aussenwelt erm\u00f6glicht. \u00c4rzte werden \u00fcber ihr Smartphone die Funktion der elektronischen Pille justieren k\u00f6nnen, und wenn n\u00f6tig k\u00f6nnen sie intervenieren. Solche elektronischen Pillen werden Diagnose und Therapie miteinander verbinden. Die Therapie wird sofort eingeleitet und erfolgt in der individuell richtigen Dosis. Metabolische Krankheiten werden wir so im Keim ersticken k\u00f6nnen.<\/p>\n<p><strong>Molekulare Prothesen steuern Stoffwechsel<\/strong><\/p>\n<p>Erste Forschungserfolge, die in diese Richtung zielen, gibt es bereits. In unserer Gruppe erforschen und entwickeln wir seit Jahren sogenannte molekulare Prothesen. <a href=\"https:\/\/news.save.ch\/exoskelette-am-ersten-zuercher-cybathlon\/\" target=\"_blank\" rel=\"noopener\">Prothesen<\/a> sind bekannt von mechanischen Problemen: Wenn wir nicht mehr gehen k\u00f6nnen, wenn uns ein Zahn ausf\u00e4llt oder Haare ausfallen, behelfen wir uns mit Prothesen, um das Fehlende zu ersetzen. Auch f\u00fcr fehlerhaft funktionierende biochemische Vorg\u00e4nge kann man Prothesen entwickeln. Das w\u00e4ren dann umprogrammierte Zellen, die im K\u00f6rper die Funktion von defekten Zellen \u00fcbernehmen.<\/p>\n<p>Diese Designerzellen k\u00f6nnten dereinst f\u00fcr Diabetiker gen\u00fcgend Insulin herstellen, anderen Personen den Fettstoffwechsel so regulieren, dass sie nicht \u00fcbergewichtig werden, oder sie k\u00f6nnten das Wachstum von Tumorzellen in einem fr\u00fchen Stadium unterbinden. Die Zellen w\u00fcrden Krankheiten erkennen und \u00fcber die Produktion von Stoffwechselprodukten sofort eine Therapie einleiten. Wenn die Therapie abgeschlossen ist, w\u00fcrden die Zellen in den Standby-Modus zur\u00fcckfallen.<\/p>\n<p>Eine im Vergleich dazu noch einfache Art von Zelltherapie kann man bereits anwenden: Novartis hat im August in den USA die Zulassung f\u00fcr eine neue Leuk\u00e4mie-Therapieform erhalten, f\u00fcr die patientenspezifische Zellen genetisch ver\u00e4ndert werden. Diese ver\u00e4nderten Zellen sp\u00fcren im Blut Tumorzellen und zerst\u00f6ren sie. Die genetisch ver\u00e4nderten Zellen von Novartis haben noch nicht die Komplexit\u00e4t einer molekularen Prothese, wie sie uns vorschwebt, und noch keine Feedback-Kontrolle. Dennoch ist es ein gewaltiger Schritt, eine Zelle genetisch umzuprogrammieren und damit eine therapeutische Funktion zu erreichen.<\/p>\n<p><strong>Biologie und Elektronik kommunizieren<\/strong><\/p>\n<p>In der Elektronik geht die Entwicklung noch schneller voran, und bereits heute ist unser K\u00f6rper mit der digitalen Welt vernetzt. Wir tragen Bewegungssensoren, die unseren Schlaf aufzeichnen, unsere Schritte z\u00e4hlen und den Kalorienverbrauch ausrechnen. Ausserdem gibt es Forschungsprojekte, in denen in der Tr\u00e4nenfl\u00fcssigkeit und im K\u00f6rperschweiss Blutzuckerwerte und andere Gesundheitsparameter bestimmt werden. Schliesslich gibt es f\u00fcr Diabetiker Insulinpumpen, die elektronisch gesteuert sind, und Herzschrittmacher, die von ausserhalb des K\u00f6rpers justiert werden k\u00f6nnen.<\/p>\n<p>Diese Entwicklungen wird man in den n\u00e4chsten Jahrzehnten mit den Entwicklungen auf der <a href=\"https:\/\/news.save.ch\/plazentaschranke-medikation-fuers-ungeborene-kind\/\" target=\"_blank\" rel=\"noopener\">molekularen Ebene<\/a> verbinden k\u00f6nnen, und die biologische Welt wird mit der elektronischen Welt in beide Richtungen kommunizieren.<\/p>\n<p>Text: <a href=\"http:\/\/www.ethz.ch\/\" target=\"_blank\" rel=\"noopener\">ETH<\/a><\/p>\n","protected":false},"excerpt":{"rendered":"<p>Die Medizin benutzt seit Jahrhunderten dasselbe Therapiekonzept: F\u00fchlen wir uns schlecht, gehen wir zum Arzt, und dieser verschreibt uns eine Pille, die wir dreimal am Tag einnehmen m\u00fcssen. Die Medikamentendosis bestimmt der Arzt aufgrund unseres K\u00f6rpergewichts. Dieses Konzept hat mehrere Nachteile: Wir gehen immer erst dann zum Arzt, wenn wir schon krank sind. Die Dosierung [&hellip;]<\/p>\n","protected":false},"author":1,"featured_media":2503,"comment_status":"open","ping_status":"open","sticky":false,"template":"","format":"standard","meta":{"_acf_changed":false,"pgc_sgb_lightbox_settings":"","footnotes":""},"categories":[3314],"tags":[1775,1963,2165,2504,146,141],"class_list":["post-2502","post","type-post","status-publish","format-standard","has-post-thumbnail","hentry","category-health-safety","tag-betriebliches-gesundheitsmanagement","tag-elektronische-pillen","tag-gesundheitsfoerderung","tag-martin-fussenegger","tag-medikamente","tag-praevention"],"acf":[],"hkrextid":null,"publication":null,"issue":null,"workflow":null,"startPage":null,"spitzmarke":null,"_posts_by_tag_page_fields":{"widget_title":"","widget_tags":""},"_at_widget":"1","_yoast_wpseo_primary_category":"4","_yoast_wpseo_focuskw_text_input":"K\u00fcnftige Pillen werden elektronisch sein","_yoast_wpseo_opengraph-image":null,"_yoast_wpseo_opengraph-description":null,"_yoast_wpseo_opengraph-title":null,"enclosure":null,"_yoast_wpseo_twitter-title":null,"_yoast_wpseo_twitter-description":null,"_yoast_wpseo_twitter-image":null,"_wp_old_slug":null,"_yoast_wpseo_title":null,"_yoast_wpseo_canonical":null,"yoast_head":"<!-- This site is optimized with the Yoast SEO plugin v27.5 - https:\/\/yoast.com\/product\/yoast-seo-wordpress\/ -->\n<title>K\u00fcnftige Pillen werden elektronisch sein - Save<\/title>\n<meta name=\"description\" content=\"Die digitale Welt, in der wir leben, wird sich mit der biologischen Welt verbinden; in 50 Jahren werden uns vielleicht elektronische Pillen heilen.\" \/>\n<meta name=\"robots\" content=\"index, follow, max-snippet:-1, max-image-preview:large, max-video-preview:-1\" \/>\n<link rel=\"canonical\" href=\"https:\/\/news.save.ch\/de\/kuenftige-pillen-werden-elektronisch-sein\/\" \/>\n<meta property=\"og:locale\" content=\"de_DE\" \/>\n<meta property=\"og:type\" content=\"article\" \/>\n<meta property=\"og:title\" content=\"K\u00fcnftige Pillen werden elektronisch sein - Save\" \/>\n<meta property=\"og:description\" content=\"Die digitale Welt, in der wir leben, wird sich mit der biologischen Welt verbinden; in 50 Jahren werden uns vielleicht elektronische Pillen heilen.\" \/>\n<meta property=\"og:url\" content=\"https:\/\/news.save.ch\/de\/kuenftige-pillen-werden-elektronisch-sein\/\" \/>\n<meta property=\"og:site_name\" content=\"Save\" \/>\n<meta property=\"article:published_time\" content=\"2018-01-08T11:58:36+00:00\" \/>\n<meta property=\"article:modified_time\" content=\"2023-03-14T08:04:18+00:00\" \/>\n<meta property=\"og:image\" content=\"https:\/\/news.save.ch\/wp-content\/uploads\/2018\/01\/image.imageformat.fullwidth.172966530.jpg\" \/>\n\t<meta property=\"og:image:width\" content=\"930\" \/>\n\t<meta property=\"og:image:height\" content=\"465\" \/>\n\t<meta property=\"og:image:type\" content=\"image\/jpeg\" \/>\n<meta name=\"author\" content=\"admin\" \/>\n<meta name=\"twitter:card\" content=\"summary_large_image\" \/>\n<meta name=\"twitter:label1\" content=\"Geschrieben von\" \/>\n\t<meta name=\"twitter:data1\" content=\"admin\" \/>\n\t<meta name=\"twitter:label2\" content=\"Gesch\u00e4tzte Lesezeit\" \/>\n\t<meta name=\"twitter:data2\" content=\"3\u00a0Minuten\" \/>\n<script type=\"application\/ld+json\" class=\"yoast-schema-graph\">{\"@context\":\"https:\\\/\\\/schema.org\",\"@graph\":[{\"@type\":\"Article\",\"@id\":\"https:\\\/\\\/news.save.ch\\\/kuenftige-pillen-werden-elektronisch-sein\\\/#article\",\"isPartOf\":{\"@id\":\"https:\\\/\\\/news.save.ch\\\/kuenftige-pillen-werden-elektronisch-sein\\\/\"},\"author\":{\"name\":\"admin\",\"@id\":\"https:\\\/\\\/news.save.ch\\\/de\\\/#\\\/schema\\\/person\\\/d49e199490bad7c70d64b9ab51142f2b\"},\"headline\":\"K\u00fcnftige Pillen werden elektronisch sein\",\"datePublished\":\"2018-01-08T11:58:36+00:00\",\"dateModified\":\"2023-03-14T08:04:18+00:00\",\"mainEntityOfPage\":{\"@id\":\"https:\\\/\\\/news.save.ch\\\/kuenftige-pillen-werden-elektronisch-sein\\\/\"},\"wordCount\":626,\"commentCount\":0,\"publisher\":{\"@id\":\"https:\\\/\\\/news.save.ch\\\/de\\\/#organization\"},\"image\":{\"@id\":\"https:\\\/\\\/news.save.ch\\\/kuenftige-pillen-werden-elektronisch-sein\\\/#primaryimage\"},\"thumbnailUrl\":\"https:\\\/\\\/news.save.ch\\\/wp-content\\\/uploads\\\/2018\\\/01\\\/image.imageformat.fullwidth.172966530.jpg\",\"keywords\":[\"Betriebliches Gesundheitsmanagement\",\"elektronische Pillen\",\"Gesundheitsf\u00f6rderung\",\"Martin Fussenegger\",\"Medikamente\",\"Pr\u00e4vention\"],\"articleSection\":[\"HEALTH &amp; SAFETY\"],\"inLanguage\":\"de\"},{\"@type\":\"WebPage\",\"@id\":\"https:\\\/\\\/news.save.ch\\\/kuenftige-pillen-werden-elektronisch-sein\\\/\",\"url\":\"https:\\\/\\\/news.save.ch\\\/kuenftige-pillen-werden-elektronisch-sein\\\/\",\"name\":\"K\u00fcnftige Pillen werden elektronisch sein - Save\",\"isPartOf\":{\"@id\":\"https:\\\/\\\/news.save.ch\\\/de\\\/#website\"},\"primaryImageOfPage\":{\"@id\":\"https:\\\/\\\/news.save.ch\\\/kuenftige-pillen-werden-elektronisch-sein\\\/#primaryimage\"},\"image\":{\"@id\":\"https:\\\/\\\/news.save.ch\\\/kuenftige-pillen-werden-elektronisch-sein\\\/#primaryimage\"},\"thumbnailUrl\":\"https:\\\/\\\/news.save.ch\\\/wp-content\\\/uploads\\\/2018\\\/01\\\/image.imageformat.fullwidth.172966530.jpg\",\"datePublished\":\"2018-01-08T11:58:36+00:00\",\"dateModified\":\"2023-03-14T08:04:18+00:00\",\"description\":\"Die digitale Welt, in der wir leben, wird sich mit der biologischen Welt verbinden; in 50 Jahren werden uns vielleicht elektronische Pillen heilen.\",\"breadcrumb\":{\"@id\":\"https:\\\/\\\/news.save.ch\\\/kuenftige-pillen-werden-elektronisch-sein\\\/#breadcrumb\"},\"inLanguage\":\"de\",\"potentialAction\":[{\"@type\":\"ReadAction\",\"target\":[\"https:\\\/\\\/news.save.ch\\\/kuenftige-pillen-werden-elektronisch-sein\\\/\"]}]},{\"@type\":\"ImageObject\",\"inLanguage\":\"de\",\"@id\":\"https:\\\/\\\/news.save.ch\\\/kuenftige-pillen-werden-elektronisch-sein\\\/#primaryimage\",\"url\":\"https:\\\/\\\/news.save.ch\\\/wp-content\\\/uploads\\\/2018\\\/01\\\/image.imageformat.fullwidth.172966530.jpg\",\"contentUrl\":\"https:\\\/\\\/news.save.ch\\\/wp-content\\\/uploads\\\/2018\\\/01\\\/image.imageformat.fullwidth.172966530.jpg\",\"width\":930,\"height\":465,\"caption\":\"In ferner Zukunft werde es eine elektronische Alternative geben zu Tabletten, sagt Martin Fussenegger. (\u00a9 Symbolbild: Colourbox)\"},{\"@type\":\"BreadcrumbList\",\"@id\":\"https:\\\/\\\/news.save.ch\\\/kuenftige-pillen-werden-elektronisch-sein\\\/#breadcrumb\",\"itemListElement\":[{\"@type\":\"ListItem\",\"position\":1,\"name\":\"Home\",\"item\":\"https:\\\/\\\/news.save.ch\\\/de\\\/\"},{\"@type\":\"ListItem\",\"position\":2,\"name\":\"K\u00fcnftige Pillen werden elektronisch sein\"}]},{\"@type\":\"WebSite\",\"@id\":\"https:\\\/\\\/news.save.ch\\\/de\\\/#website\",\"url\":\"https:\\\/\\\/news.save.ch\\\/de\\\/\",\"name\":\"Save\",\"description\":\"Schweizer Fachzeitschrift f\u00fcr Sicherheit\",\"publisher\":{\"@id\":\"https:\\\/\\\/news.save.ch\\\/de\\\/#organization\"},\"potentialAction\":[{\"@type\":\"SearchAction\",\"target\":{\"@type\":\"EntryPoint\",\"urlTemplate\":\"https:\\\/\\\/news.save.ch\\\/de\\\/?s={search_term_string}\"},\"query-input\":{\"@type\":\"PropertyValueSpecification\",\"valueRequired\":true,\"valueName\":\"search_term_string\"}}],\"inLanguage\":\"de\"},{\"@type\":\"Organization\",\"@id\":\"https:\\\/\\\/news.save.ch\\\/de\\\/#organization\",\"name\":\"Sicherheitsforum\",\"url\":\"https:\\\/\\\/news.save.ch\\\/de\\\/\",\"logo\":{\"@type\":\"ImageObject\",\"inLanguage\":\"de\",\"@id\":\"https:\\\/\\\/news.save.ch\\\/de\\\/#\\\/schema\\\/logo\\\/image\\\/\",\"url\":\"https:\\\/\\\/news.save.ch\\\/wp-content\\\/uploads\\\/2022\\\/06\\\/Logo_SF_2012.png\",\"contentUrl\":\"https:\\\/\\\/news.save.ch\\\/wp-content\\\/uploads\\\/2022\\\/06\\\/Logo_SF_2012.png\",\"width\":1100,\"height\":91,\"caption\":\"Sicherheitsforum\"},\"image\":{\"@id\":\"https:\\\/\\\/news.save.ch\\\/de\\\/#\\\/schema\\\/logo\\\/image\\\/\"}},{\"@type\":\"Person\",\"@id\":\"https:\\\/\\\/news.save.ch\\\/de\\\/#\\\/schema\\\/person\\\/d49e199490bad7c70d64b9ab51142f2b\",\"name\":\"admin\",\"image\":{\"@type\":\"ImageObject\",\"inLanguage\":\"de\",\"@id\":\"https:\\\/\\\/secure.gravatar.com\\\/avatar\\\/ae2f4d718e6c49043e314ce431e7e645d646302a24a5ef5a8bc8e3f5a032e319?s=96&d=mm&r=g\",\"url\":\"https:\\\/\\\/secure.gravatar.com\\\/avatar\\\/ae2f4d718e6c49043e314ce431e7e645d646302a24a5ef5a8bc8e3f5a032e319?s=96&d=mm&r=g\",\"contentUrl\":\"https:\\\/\\\/secure.gravatar.com\\\/avatar\\\/ae2f4d718e6c49043e314ce431e7e645d646302a24a5ef5a8bc8e3f5a032e319?s=96&d=mm&r=g\",\"caption\":\"admin\"},\"sameAs\":[\"https:\\\/\\\/develop.organisator.galledia.ch\"],\"url\":\"https:\\\/\\\/news.save.ch\\\/de\\\/author\\\/admin\\\/\"}]}<\/script>\n<!-- \/ Yoast SEO plugin. -->","yoast_head_json":{"title":"K\u00fcnftige Pillen werden elektronisch sein - Save","description":"Die digitale Welt, in der wir leben, wird sich mit der biologischen Welt verbinden; in 50 Jahren werden uns vielleicht elektronische Pillen heilen.","robots":{"index":"index","follow":"follow","max-snippet":"max-snippet:-1","max-image-preview":"max-image-preview:large","max-video-preview":"max-video-preview:-1"},"canonical":"https:\/\/news.save.ch\/de\/kuenftige-pillen-werden-elektronisch-sein\/","og_locale":"de_DE","og_type":"article","og_title":"K\u00fcnftige Pillen werden elektronisch sein - Save","og_description":"Die digitale Welt, in der wir leben, wird sich mit der biologischen Welt verbinden; in 50 Jahren werden uns vielleicht elektronische Pillen heilen.","og_url":"https:\/\/news.save.ch\/de\/kuenftige-pillen-werden-elektronisch-sein\/","og_site_name":"Save","article_published_time":"2018-01-08T11:58:36+00:00","article_modified_time":"2023-03-14T08:04:18+00:00","og_image":[{"width":930,"height":465,"url":"https:\/\/news.save.ch\/wp-content\/uploads\/2018\/01\/image.imageformat.fullwidth.172966530.jpg","type":"image\/jpeg"}],"author":"admin","twitter_card":"summary_large_image","twitter_misc":{"Geschrieben von":"admin","Gesch\u00e4tzte Lesezeit":"3\u00a0Minuten"},"schema":{"@context":"https:\/\/schema.org","@graph":[{"@type":"Article","@id":"https:\/\/news.save.ch\/kuenftige-pillen-werden-elektronisch-sein\/#article","isPartOf":{"@id":"https:\/\/news.save.ch\/kuenftige-pillen-werden-elektronisch-sein\/"},"author":{"name":"admin","@id":"https:\/\/news.save.ch\/de\/#\/schema\/person\/d49e199490bad7c70d64b9ab51142f2b"},"headline":"K\u00fcnftige Pillen werden elektronisch sein","datePublished":"2018-01-08T11:58:36+00:00","dateModified":"2023-03-14T08:04:18+00:00","mainEntityOfPage":{"@id":"https:\/\/news.save.ch\/kuenftige-pillen-werden-elektronisch-sein\/"},"wordCount":626,"commentCount":0,"publisher":{"@id":"https:\/\/news.save.ch\/de\/#organization"},"image":{"@id":"https:\/\/news.save.ch\/kuenftige-pillen-werden-elektronisch-sein\/#primaryimage"},"thumbnailUrl":"https:\/\/news.save.ch\/wp-content\/uploads\/2018\/01\/image.imageformat.fullwidth.172966530.jpg","keywords":["Betriebliches Gesundheitsmanagement","elektronische Pillen","Gesundheitsf\u00f6rderung","Martin Fussenegger","Medikamente","Pr\u00e4vention"],"articleSection":["HEALTH &amp; SAFETY"],"inLanguage":"de"},{"@type":"WebPage","@id":"https:\/\/news.save.ch\/kuenftige-pillen-werden-elektronisch-sein\/","url":"https:\/\/news.save.ch\/kuenftige-pillen-werden-elektronisch-sein\/","name":"K\u00fcnftige Pillen werden elektronisch sein - Save","isPartOf":{"@id":"https:\/\/news.save.ch\/de\/#website"},"primaryImageOfPage":{"@id":"https:\/\/news.save.ch\/kuenftige-pillen-werden-elektronisch-sein\/#primaryimage"},"image":{"@id":"https:\/\/news.save.ch\/kuenftige-pillen-werden-elektronisch-sein\/#primaryimage"},"thumbnailUrl":"https:\/\/news.save.ch\/wp-content\/uploads\/2018\/01\/image.imageformat.fullwidth.172966530.jpg","datePublished":"2018-01-08T11:58:36+00:00","dateModified":"2023-03-14T08:04:18+00:00","description":"Die digitale Welt, in der wir leben, wird sich mit der biologischen Welt verbinden; in 50 Jahren werden uns vielleicht elektronische Pillen heilen.","breadcrumb":{"@id":"https:\/\/news.save.ch\/kuenftige-pillen-werden-elektronisch-sein\/#breadcrumb"},"inLanguage":"de","potentialAction":[{"@type":"ReadAction","target":["https:\/\/news.save.ch\/kuenftige-pillen-werden-elektronisch-sein\/"]}]},{"@type":"ImageObject","inLanguage":"de","@id":"https:\/\/news.save.ch\/kuenftige-pillen-werden-elektronisch-sein\/#primaryimage","url":"https:\/\/news.save.ch\/wp-content\/uploads\/2018\/01\/image.imageformat.fullwidth.172966530.jpg","contentUrl":"https:\/\/news.save.ch\/wp-content\/uploads\/2018\/01\/image.imageformat.fullwidth.172966530.jpg","width":930,"height":465,"caption":"In ferner Zukunft werde es eine elektronische Alternative geben zu Tabletten, sagt Martin Fussenegger. (\u00a9 Symbolbild: Colourbox)"},{"@type":"BreadcrumbList","@id":"https:\/\/news.save.ch\/kuenftige-pillen-werden-elektronisch-sein\/#breadcrumb","itemListElement":[{"@type":"ListItem","position":1,"name":"Home","item":"https:\/\/news.save.ch\/de\/"},{"@type":"ListItem","position":2,"name":"K\u00fcnftige Pillen werden elektronisch sein"}]},{"@type":"WebSite","@id":"https:\/\/news.save.ch\/de\/#website","url":"https:\/\/news.save.ch\/de\/","name":"Save","description":"Schweizer Fachzeitschrift f\u00fcr Sicherheit","publisher":{"@id":"https:\/\/news.save.ch\/de\/#organization"},"potentialAction":[{"@type":"SearchAction","target":{"@type":"EntryPoint","urlTemplate":"https:\/\/news.save.ch\/de\/?s={search_term_string}"},"query-input":{"@type":"PropertyValueSpecification","valueRequired":true,"valueName":"search_term_string"}}],"inLanguage":"de"},{"@type":"Organization","@id":"https:\/\/news.save.ch\/de\/#organization","name":"Sicherheitsforum","url":"https:\/\/news.save.ch\/de\/","logo":{"@type":"ImageObject","inLanguage":"de","@id":"https:\/\/news.save.ch\/de\/#\/schema\/logo\/image\/","url":"https:\/\/news.save.ch\/wp-content\/uploads\/2022\/06\/Logo_SF_2012.png","contentUrl":"https:\/\/news.save.ch\/wp-content\/uploads\/2022\/06\/Logo_SF_2012.png","width":1100,"height":91,"caption":"Sicherheitsforum"},"image":{"@id":"https:\/\/news.save.ch\/de\/#\/schema\/logo\/image\/"}},{"@type":"Person","@id":"https:\/\/news.save.ch\/de\/#\/schema\/person\/d49e199490bad7c70d64b9ab51142f2b","name":"admin","image":{"@type":"ImageObject","inLanguage":"de","@id":"https:\/\/secure.gravatar.com\/avatar\/ae2f4d718e6c49043e314ce431e7e645d646302a24a5ef5a8bc8e3f5a032e319?s=96&d=mm&r=g","url":"https:\/\/secure.gravatar.com\/avatar\/ae2f4d718e6c49043e314ce431e7e645d646302a24a5ef5a8bc8e3f5a032e319?s=96&d=mm&r=g","contentUrl":"https:\/\/secure.gravatar.com\/avatar\/ae2f4d718e6c49043e314ce431e7e645d646302a24a5ef5a8bc8e3f5a032e319?s=96&d=mm&r=g","caption":"admin"},"sameAs":["https:\/\/develop.organisator.galledia.ch"],"url":"https:\/\/news.save.ch\/de\/author\/admin\/"}]}},"_links":{"self":[{"href":"https:\/\/news.save.ch\/de\/wp-json\/wp\/v2\/posts\/2502","targetHints":{"allow":["GET"]}}],"collection":[{"href":"https:\/\/news.save.ch\/de\/wp-json\/wp\/v2\/posts"}],"about":[{"href":"https:\/\/news.save.ch\/de\/wp-json\/wp\/v2\/types\/post"}],"author":[{"embeddable":true,"href":"https:\/\/news.save.ch\/de\/wp-json\/wp\/v2\/users\/1"}],"replies":[{"embeddable":true,"href":"https:\/\/news.save.ch\/de\/wp-json\/wp\/v2\/comments?post=2502"}],"version-history":[{"count":1,"href":"https:\/\/news.save.ch\/de\/wp-json\/wp\/v2\/posts\/2502\/revisions"}],"predecessor-version":[{"id":18753,"href":"https:\/\/news.save.ch\/de\/wp-json\/wp\/v2\/posts\/2502\/revisions\/18753"}],"wp:featuredmedia":[{"embeddable":true,"href":"https:\/\/news.save.ch\/de\/wp-json\/wp\/v2\/media\/2503"}],"wp:attachment":[{"href":"https:\/\/news.save.ch\/de\/wp-json\/wp\/v2\/media?parent=2502"}],"wp:term":[{"taxonomy":"category","embeddable":true,"href":"https:\/\/news.save.ch\/de\/wp-json\/wp\/v2\/categories?post=2502"},{"taxonomy":"post_tag","embeddable":true,"href":"https:\/\/news.save.ch\/de\/wp-json\/wp\/v2\/tags?post=2502"}],"curies":[{"name":"wp","href":"https:\/\/api.w.org\/{rel}","templated":true}]}}