{"id":25102,"date":"2026-04-01T09:00:37","date_gmt":"2026-04-01T07:00:37","guid":{"rendered":"https:\/\/news.save.ch\/?p=25102"},"modified":"2026-04-01T12:40:19","modified_gmt":"2026-04-01T10:40:19","slug":"strassenverkehrsunfaelle-2025-weniger-todesfaelle-mehr-schwerverletzte","status":null,"type":"post","link":"https:\/\/news.save.ch\/de\/strassenverkehrsunfaelle-2025-weniger-todesfaelle-mehr-schwerverletzte\/","title":{"rendered":"Strassenverkehrsunf\u00e4lle 2025: weniger Todesf\u00e4lle, mehr Schwerverletzte"},"content":{"rendered":"<section id=\"doc-1jk06ur9f0\" class=\"hero hero--default\">\n<div class=\"container container--grid gap--responsive\">\n<div class=\"hero__content\">\n<figure style=\"width: 1820px\" class=\"wp-caption alignnone\"><img loading=\"lazy\" decoding=\"async\" tabindex=\"0\" src=\"https:\/\/prod-nsbcch-hcms-sdweb.imgix.net\/dam\/de\/astra\/frTpyfYk6VYm\/20260319_Bild_UAS_2025.jpg\" alt=\"Strassenverkehrsunfall-Statistik 2025\" usemap=\"https:\/\/www.news.admin.ch\/de\/newnsb\/1YsXu8Ku_fjsEph3gSrMp\" width=\"1820\" height=\"1024\" aria-hidden=\"false\" \/><figcaption class=\"wp-caption-text\">Foto: ASTRA<\/figcaption><\/figure>\n<\/div>\n<\/div>\n<\/section>\n<section class=\"section section--default\">\n<div class=\"container container--grid gap--responsive\">\n<div class=\"container__center--xs vertical-spacing\">\n<p id=\"doc-1jk0b9s250\" class=\"font--regular\">Insgesamt wurden im vergangenen Jahr 4149 Menschen get\u00f6tet oder schwer verletzt. Im Mehrjahresvergleich zeigt sich kein klarer Trend: Nach dem Anstieg 2024 geht die Zahl der Todesf\u00e4lle 2025 zwar zur\u00fcck, bewegt sich jedoch weiterhin im Bereich der letzten Jahre. Auch bei den Schwerverletzten halten sich die Werte seit mehreren Jahren auf gleichem Niveau. Damit sind weiterhin grosse Anstrengungen erforderlich, um die Strassenverkehrssicherheit zu verbessern.<\/p>\n<h3 id=\"doc-1jk0bg19l0\" class=\"h2\">Aufschl\u00fcsselung nach Verkehrsteilnahme f\u00fcr 2025 und Analyse:<\/h3>\n<ul id=\"doc-1jk0bgos20\" class=\"list list--default\" title=\"\">\n<li><strong>Personenwagen:\u00a0<\/strong>59 Insassen kamen ums Leben (- 22). Dies ist der tiefste Wert seit Einzelunfalldaten f\u00fcr die gesamte Schweiz vorliegen (1992). 719 Personen wurden schwer verletzt (+ 35).<\/li>\n<li><strong>Motorr\u00e4der:<\/strong>\u00a049 Motorradfahrende verungl\u00fcckten t\u00f6dlich (+ 2). 1085 Personen wurden schwer verletzt (+ 4).<\/li>\n<li><strong>Fahrr\u00e4der:<\/strong>\u00a020 Fahrradfahrende starben (unver\u00e4ndert). 671 Personen wurden schwer verletzt (+ 38).<\/li>\n<li><strong>E-Bikes:<\/strong>\u00a024 Personen kamen ums Leben (- 1). 586 Personen wurden schwer verletzt (+ 53).<\/li>\n<li><strong>Fussg\u00e4ngerinnen und Fussg\u00e4nger:<\/strong>\u00a039 Personen starben (- 9). 435 wurden schwer verletzt (- 6).<\/li>\n<\/ul>\n<p id=\"doc-1jk0bnvft0\" class=\"font--regular\">Die Auswertungen zeigen je nach Verkehrsteilnahme unterschiedliche Schwerpunkte bei den Hauptursachen. Bei Personenwagen standen insbesondere das Missachten des Vortritts, Unaufmerksamkeit und Ablenkung sowie Fehlverhalten bei Fahrbewegungen im Vordergrund. Bei Motorr\u00e4dern pr\u00e4gten vor allem Geschwindigkeit und Unaufmerksamkeit das Unfallgeschehen. Bei Fahrr\u00e4dern und E-Bikes spielten Unaufmerksamkeit und Ablenkung eine zentrale Rolle. Bei Fussg\u00e4ngerinnen und Fussg\u00e4ngern f\u00fchrte vorwiegend deren Verhalten zum Unfall. Eine Detail\u00fcbersicht \u00fcber die Unfallursachen pro Verkehrsteilnahme ist dem angeh\u00e4ngten Bericht zu entnehmen.<\/p>\n<h3 id=\"doc-1jk0boid00\" class=\"h2\">Mehr Schwerverunfallte bei 15- und 17-j\u00e4hrigen Motorradfahrenden: ASTRA erarbeitet Massnahmen<\/h3>\n<p id=\"doc-1jk0bp7ib0\" class=\"font--regular\">Seit der Senkung des Mindestalters f\u00fcr Motorr\u00e4der der Kategorie A1 analysiert das ASTRA die Entwicklung bei 15- und 17-J\u00e4hrigen vertieft. Auch 2025 nahmen die Zahl der Schwerverunfallten zu (11 get\u00f6tete Menschen, 154 Schwerverletzte).<\/p>\n<p id=\"doc-1jk0bphq60\" class=\"font--regular\">Um die Verkehrssicherheit in dieser Altersgruppe zu erh\u00f6hen, erarbeitet das ASTRA gemeinsam mit betroffenen Kreisen geeignete Massnahmen. In Diskussion sind Anpassungen bei der Ausbildung, etwa beim Inhalt oder bei der Dauer der praktischen Grundschulung f\u00fcr Motorrad-Fahrsch\u00fclerinnen und -fahrsch\u00fcler (PGS) oder eine Erh\u00f6hung des Mindestalters auf 18. Der Bundesrat wird die Vorschl\u00e4ge zur \u00dcberarbeitung der PGS voraussichtlich 2027 in die Vernehmlassung schicken.<\/p>\n<h3 id=\"doc-1jk0bpqnf0\" class=\"h2\">Zur Statistik<\/h3>\n<p id=\"doc-1jk0bqdgb0\" class=\"font--regular\">Erfasst werden alle polizeilich gemeldeten Unf\u00e4lle auf \u00f6ffentlichen Strassen. Als get\u00f6tet gelten Personen, die auf der Unfallstelle oder innerhalb von 30 Tagen an den Unfallfolgen sterben.<\/p>\n<p id=\"doc-1jk0bqo0g0\" class=\"font--regular\">Als schwerverletzt gelten Personen mit schweren k\u00f6rperlichen Verletzungen, die in der Regel eine Hospitalisierung erfordern. Seit 2015 wird bei den Schwerverletzten zwischen \u00ablebensbedrohlich\u00bb und \u00aberheblich\u00bb verletzt unterschieden. 2025 waren rund 4 Prozent lebensbedrohlich und 96 Prozent erheblich verletzt.<\/p>\n<p id=\"doc-1jk0bqo0i0\" class=\"font--regular\">Ziel der Statistik ist es, Entwicklungen im Unfallgeschehen systematisch zu beobachten und Grundlagen f\u00fcr Massnahmen zur Verbesserung der Verkehrssicherheit bereitzustellen.<\/p>\n<p><a class=\"link--external\" href=\"https:\/\/www.astra.admin.ch\/astra\/de\/home\/dokumentation\/daten-informationsprodukte\/unfalldaten.html\" target=\"_blank\" rel=\"external noopener\" aria-label=\"www.astra.admin.ch\/astra\/de\/home\/dokumentation\/daten-informationsprodukte\/unfalldaten.html Link in einem neuen Tab \u00f6ffnen\">Unfalldaten der Schweiz<\/a><\/p>\n<\/div>\n<p><em>Quelle: ASTRA<\/em><\/p>\n<\/div>\n<\/section>\n","protected":false},"excerpt":{"rendered":"<p>Insgesamt wurden im vergangenen Jahr 4149 Menschen get\u00f6tet oder schwer verletzt. Im Mehrjahresvergleich zeigt sich kein klarer Trend: Nach dem Anstieg 2024 geht die Zahl der Todesf\u00e4lle 2025 zwar zur\u00fcck, bewegt sich jedoch weiterhin im Bereich der letzten Jahre. Auch bei den Schwerverletzten halten sich die Werte seit mehreren Jahren auf gleichem Niveau. Damit sind [&hellip;]<\/p>\n","protected":false},"author":31,"featured_media":0,"comment_status":"closed","ping_status":"closed","sticky":false,"template":"","format":"standard","meta":{"_acf_changed":false,"pgc_sgb_lightbox_settings":"","footnotes":""},"categories":[3314],"tags":[80,1723,755],"class_list":["post-25102","post","type-post","status-publish","format-standard","hentry","category-health-safety","tag-astra","tag-autounfalle","tag-strassenverkehrsunfallstatistik"],"acf":[],"hkrextid":null,"publication":null,"issue":null,"workflow":null,"startPage":null,"spitzmarke":null,"_posts_by_tag_page_fields":null,"_at_widget":null,"_yoast_wpseo_primary_category":"3314","_yoast_wpseo_focuskw_text_input":null,"_yoast_wpseo_opengraph-image":null,"_yoast_wpseo_opengraph-description":null,"_yoast_wpseo_opengraph-title":null,"enclosure":null,"_yoast_wpseo_twitter-title":null,"_yoast_wpseo_twitter-description":null,"_yoast_wpseo_twitter-image":null,"_wp_old_slug":null,"_yoast_wpseo_title":null,"_yoast_wpseo_canonical":null,"yoast_head":"<!-- This site is optimized with the Yoast SEO plugin v27.4 - https:\/\/yoast.com\/product\/yoast-seo-wordpress\/ -->\n<title>Strassenverkehrsunf\u00e4lle 2025: weniger Todesf\u00e4lle, mehr Schwerverletzte - Save<\/title>\n<meta name=\"description\" content=\"Im Jahr 2025 haben in der Schweiz 214 Menschen bei einem Verkehrsunfall ihr Leben verloren. 3935 Personen wurden schwer verletzt.\" \/>\n<meta name=\"robots\" content=\"index, follow, max-snippet:-1, max-image-preview:large, max-video-preview:-1\" \/>\n<link rel=\"canonical\" href=\"https:\/\/news.save.ch\/de\/strassenverkehrsunfaelle-2025-weniger-todesfaelle-mehr-schwerverletzte\/\" \/>\n<meta property=\"og:locale\" content=\"de_DE\" \/>\n<meta property=\"og:type\" content=\"article\" \/>\n<meta property=\"og:title\" content=\"Strassenverkehrsunf\u00e4lle 2025: weniger Todesf\u00e4lle, mehr Schwerverletzte - Save\" \/>\n<meta property=\"og:description\" content=\"Im Jahr 2025 haben in der Schweiz 214 Menschen bei einem Verkehrsunfall ihr Leben verloren. 3935 Personen wurden schwer verletzt.\" \/>\n<meta property=\"og:url\" content=\"https:\/\/news.save.ch\/de\/strassenverkehrsunfaelle-2025-weniger-todesfaelle-mehr-schwerverletzte\/\" \/>\n<meta property=\"og:site_name\" content=\"Save\" \/>\n<meta property=\"article:published_time\" content=\"2026-04-01T07:00:37+00:00\" \/>\n<meta property=\"article:modified_time\" content=\"2026-04-01T10:40:19+00:00\" \/>\n<meta property=\"og:image\" content=\"https:\/\/prod-nsbcch-hcms-sdweb.imgix.net\/dam\/de\/astra\/frTpyfYk6VYm\/20260319_Bild_UAS_2025.jpg\" \/>\n<meta name=\"author\" content=\"stefanie Zeng\" \/>\n<meta name=\"twitter:card\" content=\"summary_large_image\" \/>\n<meta name=\"twitter:label1\" content=\"Geschrieben von\" \/>\n\t<meta name=\"twitter:data1\" content=\"stefanie Zeng\" \/>\n\t<meta name=\"twitter:label2\" content=\"Gesch\u00e4tzte Lesezeit\" \/>\n\t<meta name=\"twitter:data2\" content=\"3\u00a0Minuten\" \/>\n<script type=\"application\/ld+json\" class=\"yoast-schema-graph\">{\"@context\":\"https:\\\/\\\/schema.org\",\"@graph\":[{\"@type\":\"Article\",\"@id\":\"https:\\\/\\\/news.save.ch\\\/strassenverkehrsunfaelle-2025-weniger-todesfaelle-mehr-schwerverletzte\\\/#article\",\"isPartOf\":{\"@id\":\"https:\\\/\\\/news.save.ch\\\/strassenverkehrsunfaelle-2025-weniger-todesfaelle-mehr-schwerverletzte\\\/\"},\"author\":{\"name\":\"stefanie Zeng\",\"@id\":\"https:\\\/\\\/news.save.ch\\\/de\\\/#\\\/schema\\\/person\\\/10917387362b3961e882740f6cf6f2a2\"},\"headline\":\"Strassenverkehrsunf\u00e4lle 2025: weniger Todesf\u00e4lle, mehr Schwerverletzte\",\"datePublished\":\"2026-04-01T07:00:37+00:00\",\"dateModified\":\"2026-04-01T10:40:19+00:00\",\"mainEntityOfPage\":{\"@id\":\"https:\\\/\\\/news.save.ch\\\/strassenverkehrsunfaelle-2025-weniger-todesfaelle-mehr-schwerverletzte\\\/\"},\"wordCount\":433,\"publisher\":{\"@id\":\"https:\\\/\\\/news.save.ch\\\/de\\\/#organization\"},\"image\":{\"@id\":\"https:\\\/\\\/news.save.ch\\\/strassenverkehrsunfaelle-2025-weniger-todesfaelle-mehr-schwerverletzte\\\/#primaryimage\"},\"thumbnailUrl\":\"https:\\\/\\\/prod-nsbcch-hcms-sdweb.imgix.net\\\/dam\\\/de\\\/astra\\\/frTpyfYk6VYm\\\/20260319_Bild_UAS_2025.jpg\",\"keywords\":[\"Astra\",\"Autounfalle\",\"Strassenverkehrsunfallstatistik\"],\"articleSection\":[\"HEALTH &amp; SAFETY\"],\"inLanguage\":\"de\"},{\"@type\":\"WebPage\",\"@id\":\"https:\\\/\\\/news.save.ch\\\/strassenverkehrsunfaelle-2025-weniger-todesfaelle-mehr-schwerverletzte\\\/\",\"url\":\"https:\\\/\\\/news.save.ch\\\/strassenverkehrsunfaelle-2025-weniger-todesfaelle-mehr-schwerverletzte\\\/\",\"name\":\"Strassenverkehrsunf\u00e4lle 2025: weniger Todesf\u00e4lle, mehr Schwerverletzte - Save\",\"isPartOf\":{\"@id\":\"https:\\\/\\\/news.save.ch\\\/de\\\/#website\"},\"primaryImageOfPage\":{\"@id\":\"https:\\\/\\\/news.save.ch\\\/strassenverkehrsunfaelle-2025-weniger-todesfaelle-mehr-schwerverletzte\\\/#primaryimage\"},\"image\":{\"@id\":\"https:\\\/\\\/news.save.ch\\\/strassenverkehrsunfaelle-2025-weniger-todesfaelle-mehr-schwerverletzte\\\/#primaryimage\"},\"thumbnailUrl\":\"https:\\\/\\\/prod-nsbcch-hcms-sdweb.imgix.net\\\/dam\\\/de\\\/astra\\\/frTpyfYk6VYm\\\/20260319_Bild_UAS_2025.jpg\",\"datePublished\":\"2026-04-01T07:00:37+00:00\",\"dateModified\":\"2026-04-01T10:40:19+00:00\",\"description\":\"Im Jahr 2025 haben in der Schweiz 214 Menschen bei einem Verkehrsunfall ihr Leben verloren. 3935 Personen wurden schwer verletzt.\",\"breadcrumb\":{\"@id\":\"https:\\\/\\\/news.save.ch\\\/strassenverkehrsunfaelle-2025-weniger-todesfaelle-mehr-schwerverletzte\\\/#breadcrumb\"},\"inLanguage\":\"de\",\"potentialAction\":[{\"@type\":\"ReadAction\",\"target\":[\"https:\\\/\\\/news.save.ch\\\/strassenverkehrsunfaelle-2025-weniger-todesfaelle-mehr-schwerverletzte\\\/\"]}]},{\"@type\":\"ImageObject\",\"inLanguage\":\"de\",\"@id\":\"https:\\\/\\\/news.save.ch\\\/strassenverkehrsunfaelle-2025-weniger-todesfaelle-mehr-schwerverletzte\\\/#primaryimage\",\"url\":\"https:\\\/\\\/prod-nsbcch-hcms-sdweb.imgix.net\\\/dam\\\/de\\\/astra\\\/frTpyfYk6VYm\\\/20260319_Bild_UAS_2025.jpg\",\"contentUrl\":\"https:\\\/\\\/prod-nsbcch-hcms-sdweb.imgix.net\\\/dam\\\/de\\\/astra\\\/frTpyfYk6VYm\\\/20260319_Bild_UAS_2025.jpg\"},{\"@type\":\"BreadcrumbList\",\"@id\":\"https:\\\/\\\/news.save.ch\\\/strassenverkehrsunfaelle-2025-weniger-todesfaelle-mehr-schwerverletzte\\\/#breadcrumb\",\"itemListElement\":[{\"@type\":\"ListItem\",\"position\":1,\"name\":\"Home\",\"item\":\"https:\\\/\\\/news.save.ch\\\/de\\\/\"},{\"@type\":\"ListItem\",\"position\":2,\"name\":\"Strassenverkehrsunf\u00e4lle 2025: weniger Todesf\u00e4lle, mehr Schwerverletzte\"}]},{\"@type\":\"WebSite\",\"@id\":\"https:\\\/\\\/news.save.ch\\\/de\\\/#website\",\"url\":\"https:\\\/\\\/news.save.ch\\\/de\\\/\",\"name\":\"Save\",\"description\":\"Schweizer Fachzeitschrift f\u00fcr Sicherheit\",\"publisher\":{\"@id\":\"https:\\\/\\\/news.save.ch\\\/de\\\/#organization\"},\"potentialAction\":[{\"@type\":\"SearchAction\",\"target\":{\"@type\":\"EntryPoint\",\"urlTemplate\":\"https:\\\/\\\/news.save.ch\\\/de\\\/?s={search_term_string}\"},\"query-input\":{\"@type\":\"PropertyValueSpecification\",\"valueRequired\":true,\"valueName\":\"search_term_string\"}}],\"inLanguage\":\"de\"},{\"@type\":\"Organization\",\"@id\":\"https:\\\/\\\/news.save.ch\\\/de\\\/#organization\",\"name\":\"Sicherheitsforum\",\"url\":\"https:\\\/\\\/news.save.ch\\\/de\\\/\",\"logo\":{\"@type\":\"ImageObject\",\"inLanguage\":\"de\",\"@id\":\"https:\\\/\\\/news.save.ch\\\/de\\\/#\\\/schema\\\/logo\\\/image\\\/\",\"url\":\"https:\\\/\\\/news.save.ch\\\/wp-content\\\/uploads\\\/2022\\\/06\\\/Logo_SF_2012.png\",\"contentUrl\":\"https:\\\/\\\/news.save.ch\\\/wp-content\\\/uploads\\\/2022\\\/06\\\/Logo_SF_2012.png\",\"width\":1100,\"height\":91,\"caption\":\"Sicherheitsforum\"},\"image\":{\"@id\":\"https:\\\/\\\/news.save.ch\\\/de\\\/#\\\/schema\\\/logo\\\/image\\\/\"}},{\"@type\":\"Person\",\"@id\":\"https:\\\/\\\/news.save.ch\\\/de\\\/#\\\/schema\\\/person\\\/10917387362b3961e882740f6cf6f2a2\",\"name\":\"stefanie Zeng\",\"image\":{\"@type\":\"ImageObject\",\"inLanguage\":\"de\",\"@id\":\"https:\\\/\\\/secure.gravatar.com\\\/avatar\\\/eac43faa6e40bb2c41068c95c9d78bbd94c476d5efdff7abaab80bb3ea681e06?s=96&d=mm&r=g\",\"url\":\"https:\\\/\\\/secure.gravatar.com\\\/avatar\\\/eac43faa6e40bb2c41068c95c9d78bbd94c476d5efdff7abaab80bb3ea681e06?s=96&d=mm&r=g\",\"contentUrl\":\"https:\\\/\\\/secure.gravatar.com\\\/avatar\\\/eac43faa6e40bb2c41068c95c9d78bbd94c476d5efdff7abaab80bb3ea681e06?s=96&d=mm&r=g\",\"caption\":\"stefanie Zeng\"},\"url\":\"https:\\\/\\\/news.save.ch\\\/de\\\/author\\\/stefanie-zeng\\\/\"}]}<\/script>\n<!-- \/ Yoast SEO plugin. -->","yoast_head_json":{"title":"Strassenverkehrsunf\u00e4lle 2025: weniger Todesf\u00e4lle, mehr Schwerverletzte - Save","description":"Im Jahr 2025 haben in der Schweiz 214 Menschen bei einem Verkehrsunfall ihr Leben verloren. 3935 Personen wurden schwer verletzt.","robots":{"index":"index","follow":"follow","max-snippet":"max-snippet:-1","max-image-preview":"max-image-preview:large","max-video-preview":"max-video-preview:-1"},"canonical":"https:\/\/news.save.ch\/de\/strassenverkehrsunfaelle-2025-weniger-todesfaelle-mehr-schwerverletzte\/","og_locale":"de_DE","og_type":"article","og_title":"Strassenverkehrsunf\u00e4lle 2025: weniger Todesf\u00e4lle, mehr Schwerverletzte - Save","og_description":"Im Jahr 2025 haben in der Schweiz 214 Menschen bei einem Verkehrsunfall ihr Leben verloren. 3935 Personen wurden schwer verletzt.","og_url":"https:\/\/news.save.ch\/de\/strassenverkehrsunfaelle-2025-weniger-todesfaelle-mehr-schwerverletzte\/","og_site_name":"Save","article_published_time":"2026-04-01T07:00:37+00:00","article_modified_time":"2026-04-01T10:40:19+00:00","og_image":[{"url":"https:\/\/prod-nsbcch-hcms-sdweb.imgix.net\/dam\/de\/astra\/frTpyfYk6VYm\/20260319_Bild_UAS_2025.jpg","type":"","width":"","height":""}],"author":"stefanie Zeng","twitter_card":"summary_large_image","twitter_misc":{"Geschrieben von":"stefanie Zeng","Gesch\u00e4tzte Lesezeit":"3\u00a0Minuten"},"schema":{"@context":"https:\/\/schema.org","@graph":[{"@type":"Article","@id":"https:\/\/news.save.ch\/strassenverkehrsunfaelle-2025-weniger-todesfaelle-mehr-schwerverletzte\/#article","isPartOf":{"@id":"https:\/\/news.save.ch\/strassenverkehrsunfaelle-2025-weniger-todesfaelle-mehr-schwerverletzte\/"},"author":{"name":"stefanie Zeng","@id":"https:\/\/news.save.ch\/de\/#\/schema\/person\/10917387362b3961e882740f6cf6f2a2"},"headline":"Strassenverkehrsunf\u00e4lle 2025: weniger Todesf\u00e4lle, mehr Schwerverletzte","datePublished":"2026-04-01T07:00:37+00:00","dateModified":"2026-04-01T10:40:19+00:00","mainEntityOfPage":{"@id":"https:\/\/news.save.ch\/strassenverkehrsunfaelle-2025-weniger-todesfaelle-mehr-schwerverletzte\/"},"wordCount":433,"publisher":{"@id":"https:\/\/news.save.ch\/de\/#organization"},"image":{"@id":"https:\/\/news.save.ch\/strassenverkehrsunfaelle-2025-weniger-todesfaelle-mehr-schwerverletzte\/#primaryimage"},"thumbnailUrl":"https:\/\/prod-nsbcch-hcms-sdweb.imgix.net\/dam\/de\/astra\/frTpyfYk6VYm\/20260319_Bild_UAS_2025.jpg","keywords":["Astra","Autounfalle","Strassenverkehrsunfallstatistik"],"articleSection":["HEALTH &amp; SAFETY"],"inLanguage":"de"},{"@type":"WebPage","@id":"https:\/\/news.save.ch\/strassenverkehrsunfaelle-2025-weniger-todesfaelle-mehr-schwerverletzte\/","url":"https:\/\/news.save.ch\/strassenverkehrsunfaelle-2025-weniger-todesfaelle-mehr-schwerverletzte\/","name":"Strassenverkehrsunf\u00e4lle 2025: weniger Todesf\u00e4lle, mehr Schwerverletzte - Save","isPartOf":{"@id":"https:\/\/news.save.ch\/de\/#website"},"primaryImageOfPage":{"@id":"https:\/\/news.save.ch\/strassenverkehrsunfaelle-2025-weniger-todesfaelle-mehr-schwerverletzte\/#primaryimage"},"image":{"@id":"https:\/\/news.save.ch\/strassenverkehrsunfaelle-2025-weniger-todesfaelle-mehr-schwerverletzte\/#primaryimage"},"thumbnailUrl":"https:\/\/prod-nsbcch-hcms-sdweb.imgix.net\/dam\/de\/astra\/frTpyfYk6VYm\/20260319_Bild_UAS_2025.jpg","datePublished":"2026-04-01T07:00:37+00:00","dateModified":"2026-04-01T10:40:19+00:00","description":"Im Jahr 2025 haben in der Schweiz 214 Menschen bei einem Verkehrsunfall ihr Leben verloren. 3935 Personen wurden schwer verletzt.","breadcrumb":{"@id":"https:\/\/news.save.ch\/strassenverkehrsunfaelle-2025-weniger-todesfaelle-mehr-schwerverletzte\/#breadcrumb"},"inLanguage":"de","potentialAction":[{"@type":"ReadAction","target":["https:\/\/news.save.ch\/strassenverkehrsunfaelle-2025-weniger-todesfaelle-mehr-schwerverletzte\/"]}]},{"@type":"ImageObject","inLanguage":"de","@id":"https:\/\/news.save.ch\/strassenverkehrsunfaelle-2025-weniger-todesfaelle-mehr-schwerverletzte\/#primaryimage","url":"https:\/\/prod-nsbcch-hcms-sdweb.imgix.net\/dam\/de\/astra\/frTpyfYk6VYm\/20260319_Bild_UAS_2025.jpg","contentUrl":"https:\/\/prod-nsbcch-hcms-sdweb.imgix.net\/dam\/de\/astra\/frTpyfYk6VYm\/20260319_Bild_UAS_2025.jpg"},{"@type":"BreadcrumbList","@id":"https:\/\/news.save.ch\/strassenverkehrsunfaelle-2025-weniger-todesfaelle-mehr-schwerverletzte\/#breadcrumb","itemListElement":[{"@type":"ListItem","position":1,"name":"Home","item":"https:\/\/news.save.ch\/de\/"},{"@type":"ListItem","position":2,"name":"Strassenverkehrsunf\u00e4lle 2025: weniger Todesf\u00e4lle, mehr Schwerverletzte"}]},{"@type":"WebSite","@id":"https:\/\/news.save.ch\/de\/#website","url":"https:\/\/news.save.ch\/de\/","name":"Save","description":"Schweizer Fachzeitschrift f\u00fcr Sicherheit","publisher":{"@id":"https:\/\/news.save.ch\/de\/#organization"},"potentialAction":[{"@type":"SearchAction","target":{"@type":"EntryPoint","urlTemplate":"https:\/\/news.save.ch\/de\/?s={search_term_string}"},"query-input":{"@type":"PropertyValueSpecification","valueRequired":true,"valueName":"search_term_string"}}],"inLanguage":"de"},{"@type":"Organization","@id":"https:\/\/news.save.ch\/de\/#organization","name":"Sicherheitsforum","url":"https:\/\/news.save.ch\/de\/","logo":{"@type":"ImageObject","inLanguage":"de","@id":"https:\/\/news.save.ch\/de\/#\/schema\/logo\/image\/","url":"https:\/\/news.save.ch\/wp-content\/uploads\/2022\/06\/Logo_SF_2012.png","contentUrl":"https:\/\/news.save.ch\/wp-content\/uploads\/2022\/06\/Logo_SF_2012.png","width":1100,"height":91,"caption":"Sicherheitsforum"},"image":{"@id":"https:\/\/news.save.ch\/de\/#\/schema\/logo\/image\/"}},{"@type":"Person","@id":"https:\/\/news.save.ch\/de\/#\/schema\/person\/10917387362b3961e882740f6cf6f2a2","name":"stefanie Zeng","image":{"@type":"ImageObject","inLanguage":"de","@id":"https:\/\/secure.gravatar.com\/avatar\/eac43faa6e40bb2c41068c95c9d78bbd94c476d5efdff7abaab80bb3ea681e06?s=96&d=mm&r=g","url":"https:\/\/secure.gravatar.com\/avatar\/eac43faa6e40bb2c41068c95c9d78bbd94c476d5efdff7abaab80bb3ea681e06?s=96&d=mm&r=g","contentUrl":"https:\/\/secure.gravatar.com\/avatar\/eac43faa6e40bb2c41068c95c9d78bbd94c476d5efdff7abaab80bb3ea681e06?s=96&d=mm&r=g","caption":"stefanie Zeng"},"url":"https:\/\/news.save.ch\/de\/author\/stefanie-zeng\/"}]}},"_links":{"self":[{"href":"https:\/\/news.save.ch\/de\/wp-json\/wp\/v2\/posts\/25102","targetHints":{"allow":["GET"]}}],"collection":[{"href":"https:\/\/news.save.ch\/de\/wp-json\/wp\/v2\/posts"}],"about":[{"href":"https:\/\/news.save.ch\/de\/wp-json\/wp\/v2\/types\/post"}],"author":[{"embeddable":true,"href":"https:\/\/news.save.ch\/de\/wp-json\/wp\/v2\/users\/31"}],"replies":[{"embeddable":true,"href":"https:\/\/news.save.ch\/de\/wp-json\/wp\/v2\/comments?post=25102"}],"version-history":[{"count":2,"href":"https:\/\/news.save.ch\/de\/wp-json\/wp\/v2\/posts\/25102\/revisions"}],"predecessor-version":[{"id":25106,"href":"https:\/\/news.save.ch\/de\/wp-json\/wp\/v2\/posts\/25102\/revisions\/25106"}],"wp:attachment":[{"href":"https:\/\/news.save.ch\/de\/wp-json\/wp\/v2\/media?parent=25102"}],"wp:term":[{"taxonomy":"category","embeddable":true,"href":"https:\/\/news.save.ch\/de\/wp-json\/wp\/v2\/categories?post=25102"},{"taxonomy":"post_tag","embeddable":true,"href":"https:\/\/news.save.ch\/de\/wp-json\/wp\/v2\/tags?post=25102"}],"curies":[{"name":"wp","href":"https:\/\/api.w.org\/{rel}","templated":true}]}}