{"id":25150,"date":"2026-04-27T13:31:11","date_gmt":"2026-04-27T11:31:11","guid":{"rendered":"https:\/\/news.save.ch\/?p=25150"},"modified":"2026-04-27T13:31:11","modified_gmt":"2026-04-27T11:31:11","slug":"jubilaeums-gv-von-swiss-safety-im-kkl-luzern","status":null,"type":"post","link":"https:\/\/news.save.ch\/de\/jubilaeums-gv-von-swiss-safety-im-kkl-luzern\/","title":{"rendered":"Jubil\u00e4ums-GV von swiss safety im KKL Luzern"},"content":{"rendered":"<figure id=\"attachment_25152\" aria-describedby=\"caption-attachment-25152\" style=\"width: 680px\" class=\"wp-caption alignnone\"><img loading=\"lazy\" decoding=\"async\" class=\"wp-image-25152 size-medium\" src=\"https:\/\/news.save.ch\/wp-content\/uploads\/2026\/04\/Bild_02_DormanLaura_GraberDominique_Ehrenmitglied_MartinClaude-680x510.jpg\" alt=\"\" width=\"680\" height=\"510\" srcset=\"https:\/\/news.save.ch\/wp-content\/uploads\/2026\/04\/Bild_02_DormanLaura_GraberDominique_Ehrenmitglied_MartinClaude-680x510.jpg 680w, https:\/\/news.save.ch\/wp-content\/uploads\/2026\/04\/Bild_02_DormanLaura_GraberDominique_Ehrenmitglied_MartinClaude-1024x768.jpg 1024w, https:\/\/news.save.ch\/wp-content\/uploads\/2026\/04\/Bild_02_DormanLaura_GraberDominique_Ehrenmitglied_MartinClaude-768x576.jpg 768w, https:\/\/news.save.ch\/wp-content\/uploads\/2026\/04\/Bild_02_DormanLaura_GraberDominique_Ehrenmitglied_MartinClaude-1536x1152.jpg 1536w, https:\/\/news.save.ch\/wp-content\/uploads\/2026\/04\/Bild_02_DormanLaura_GraberDominique_Ehrenmitglied_MartinClaude-2048x1536.jpg 2048w, https:\/\/news.save.ch\/wp-content\/uploads\/2026\/04\/Bild_02_DormanLaura_GraberDominique_Ehrenmitglied_MartinClaude-16x12.jpg 16w, https:\/\/news.save.ch\/wp-content\/uploads\/2026\/04\/Bild_02_DormanLaura_GraberDominique_Ehrenmitglied_MartinClaude-375x281.jpg 375w, https:\/\/news.save.ch\/wp-content\/uploads\/2026\/04\/Bild_02_DormanLaura_GraberDominique_Ehrenmitglied_MartinClaude-467x350.jpg 467w, https:\/\/news.save.ch\/wp-content\/uploads\/2026\/04\/Bild_02_DormanLaura_GraberDominique_Ehrenmitglied_MartinClaude-1000x750.jpg 1000w, https:\/\/news.save.ch\/wp-content\/uploads\/2026\/04\/Bild_02_DormanLaura_GraberDominique_Ehrenmitglied_MartinClaude-scaled.jpg 1200w\" sizes=\"auto, (max-width: 680px) 100vw, 680px\" \/><figcaption id=\"caption-attachment-25152\" class=\"wp-caption-text\">Laura Dorman (neue Pr\u00e4sidentin von swiss safety) in Begleitung des abtretenden Dominique Graber und des Ehrenmitglieds Claude Martin (Foto: Markus Good)<\/figcaption><\/figure>\n<p>Die statutarischen Gesch\u00e4fte konnten speditiv behandelt werden. Der Verband steht auf einem soliden finanziellen Fundament und kann den f\u00fcr 2026 budgetierten Verlust aufgrund gr\u00f6sserer Aufwendungen im Bereich Marketing, Webauftritt und intensiveren Aktivit\u00e4ten auf Social Media locker verkraften. Auch die Mitgliederentwicklung wurde thematisiert. Swiss safety z\u00e4hlt aktuell 53 Aktivmitglieder, acht Fachmitglieder, f\u00fcnf Passivmitglieder sowie f\u00fcnf Ehrenmitglieder. Ebenfalls in der Kommunikation und in der Zusammenarbeit mit Partnerorganisationen konnte swiss safety auf einer guten Basis weiterarbeiten und die Beziehungen intensivieren.<\/p>\n<h3>Schwerpunkte der Verbandsarbeit<\/h3>\n<p>Ein wichtiger Schwerpunkt der Verbandsarbeit lag im vergangenen Jahr auch auf dem neuen Schulungskonzept f\u00fcr die Mitglieder. Daf\u00fcr wurde ein neuer \u00abPSA-Verkaufs-Workshop\u00bb lanciert. Das Interesse der erstmaligen Durchf\u00fchrung des Workshops war gross. Folgeveranstaltungen sind deshalb geplant. Auch die e-Toolbox, welche als online Nachschlagewerk f\u00fcr den Einsatz von Pers\u00f6nlicher Schutzausr\u00fcstung (PSA) vor ein paar Jahren vom Verband lanciert wurde und f\u00fcr alle Interessenten frei zug\u00e4nglich ist, hat einen grossen Fokus beim Verband und bietet Sensibilisierungsmassnahmen im Markt, um gef\u00e4hrdete Mitarbeitende auf die wirkungsvolle Anwendung von PSA aufmerksam zu machen. Besonders die Lernvideos bieten wertvolle Unterst\u00fctzung f\u00fcr Schulungen und die praktische Vermittlung von Fachwissen.<\/p>\n<figure id=\"attachment_25153\" aria-describedby=\"caption-attachment-25153\" style=\"width: 680px\" class=\"wp-caption alignnone\"><img loading=\"lazy\" decoding=\"async\" class=\"wp-image-25153 size-medium\" src=\"https:\/\/news.save.ch\/wp-content\/uploads\/2026\/04\/Bild_03_GV_swiss_safety_Luzern-680x510.jpg\" alt=\"\" width=\"680\" height=\"510\" srcset=\"https:\/\/news.save.ch\/wp-content\/uploads\/2026\/04\/Bild_03_GV_swiss_safety_Luzern-680x510.jpg 680w, https:\/\/news.save.ch\/wp-content\/uploads\/2026\/04\/Bild_03_GV_swiss_safety_Luzern-1024x768.jpg 1024w, https:\/\/news.save.ch\/wp-content\/uploads\/2026\/04\/Bild_03_GV_swiss_safety_Luzern-768x576.jpg 768w, https:\/\/news.save.ch\/wp-content\/uploads\/2026\/04\/Bild_03_GV_swiss_safety_Luzern-1536x1152.jpg 1536w, https:\/\/news.save.ch\/wp-content\/uploads\/2026\/04\/Bild_03_GV_swiss_safety_Luzern-2048x1536.jpg 2048w, https:\/\/news.save.ch\/wp-content\/uploads\/2026\/04\/Bild_03_GV_swiss_safety_Luzern-16x12.jpg 16w, https:\/\/news.save.ch\/wp-content\/uploads\/2026\/04\/Bild_03_GV_swiss_safety_Luzern-375x281.jpg 375w, https:\/\/news.save.ch\/wp-content\/uploads\/2026\/04\/Bild_03_GV_swiss_safety_Luzern-467x350.jpg 467w, https:\/\/news.save.ch\/wp-content\/uploads\/2026\/04\/Bild_03_GV_swiss_safety_Luzern-1000x750.jpg 1000w, https:\/\/news.save.ch\/wp-content\/uploads\/2026\/04\/Bild_03_GV_swiss_safety_Luzern-scaled.jpg 1200w\" sizes=\"auto, (max-width: 680px) 100vw, 680px\" \/><figcaption id=\"caption-attachment-25153\" class=\"wp-caption-text\">Ordentlicher Teil der Jubil\u00e4ums-Generalversammlung von swiss safety im KKL in Luzern (Foto: Markus Good)<\/figcaption><\/figure>\n<p>&nbsp;<\/p>\n<p>Ein besonderer Moment der Jubil\u00e4ums-Generalversammlung war die Verabschiedung von Dominique Graber aus dem Pr\u00e4sidium. Er war w\u00e4hrend knapp 15 Jahren als Pr\u00e4sident des Verbands aktiv und hatte sich bereits zuvor \u00fcber mehrere Jahre im Vorstand engagiert. In dieser Zeit brachte er viel Schwung in die Verbandsarbeit, stiess zahlreiche Aktivit\u00e4ten im Sinne von swiss safety an und setzte diese gemeinsam mit dem Vorstand erfolgreich um. Nun trat Dominique Graber von seinem Amt zur\u00fcck. Sein Vorstandskollege Ralph Jaschek w\u00fcrdigte sein grosses Engagement in einer hochlobenden Laudatio. Im Anschluss wurde Dominique Graber unter grossem Applaus zum neuen Ehrenmitglied ernannt.<\/p>\n<p>Ebenfalls aus dem Vorstand verabschiedet wurde Denis B\u00fcrgi, die den Verband w\u00e4hrend mehr als einem Jahrzehnt wesentlich mitgepr\u00e4gt hatte. Auch ihr Engagement wurde von Vorstandskollege Ralph Jaschek in einer Laudatio gew\u00fcrdigt. Die Versammlung dankte beiden Pers\u00f6nlichkeiten herzlich f\u00fcr ihren langj\u00e4hrigen Einsatz, ihre Verdienste und ihre Verbundenheit mit swiss safety.<\/p>\n<h3>Neue Pr\u00e4sidentin gew\u00e4hlt<\/h3>\n<p>Durch die beiden genannten Abg\u00e4nge standen die Wahlen ganz im Zentrum. Zur neuen Pr\u00e4sidentin von swiss safety wurde Laura Dorman gew\u00e4hlt. Sie \u00fcbernimmt das Pr\u00e4sidium von Dominique Graber und wird den Verband in die n\u00e4chste Phase f\u00fchren. Sie bezeichnet sich selbst als leidenschaftliche PSA-Liebhaberin. Zusammen mit dem Verband und allen Mitgliedern macht sie sich weiterhin daf\u00fcr stark, dass in der Schweiz ausschliesslich zertifizierte und qualitativ hochwertige PSA eingesetzt und verkauft wird. Neu in den Vorstand gew\u00e4hlt wurden Stefan Bissig von Zeder AG sowie Lisa Weber von W\u00fcrth AG Schweiz. Wiedergew\u00e4hlt wurden die bisherigen Vorstandsmitglieder Ralf W. Jaschek, Yves Schwarz, Sandro Natuzzi und Alois Benz.<\/p>\n<p>Im Rahmen des Jahresprogramms wurden die n\u00e4chsten Aktivit\u00e4ten und Schwerpunkte vorgestellt. Ein besonderer Blick galt zudem der Chronik der letzten 50 Jahre, welche die Entwicklung des Verbands und wichtige Stationen seiner Geschichte dokumentiert.<\/p>\n<p>Die Jubil\u00e4ums-Generalversammlung wurde durch verschiedene Grussbotschaften bereichert. Simon Schnyder vom Schweizerischen Gewerbeverband w\u00fcrdigte das Engagement von swiss safety. Er betonte, wie wichtig es sei, dass Schutz nicht reine Theorie bleibe, sondern mit pragmatischen L\u00f6sungen im Markt tats\u00e4chlich Anwendung finde. Marcel Knecht von der Schweizerische Normen-Vereinigung unterstrich die Bedeutung von Normen als Grundlage f\u00fcr Qualit\u00e4t und Sicherheit sowie als einzelnes, aber wichtiges Puzzleteil ebenfalls im Bereich der pers\u00f6nlichen Schutzausr\u00fcstungen. Es sei zudem der Verdienst von swiss safety, dass ihre Sensibilisierungsaktivit\u00e4ten und das Inverkehrbringen zertifizierter und hochwertiger PSA zur Erh\u00f6hung der Sicherheit am Arbeitsplatz f\u00fchren. Und Henk Vanhoutte von der European Safety Federation hob die Bedeutung eines starken Netzwerks wie swiss safety hervor. Gerade in einer spezialisierten Branche sei der Austausch unter Mitgliedern, Partnern und Institutionen zentral, um gemeinsam wirksame L\u00f6sungen zu entwickeln und die Sicherheit nachhaltig zu st\u00e4rken.<\/p>\n<figure id=\"attachment_25154\" aria-describedby=\"caption-attachment-25154\" style=\"width: 680px\" class=\"wp-caption alignnone\"><img loading=\"lazy\" decoding=\"async\" class=\"wp-image-25154 size-medium\" src=\"https:\/\/news.save.ch\/wp-content\/uploads\/2026\/04\/Bild_04_Fuehrung_KKL-680x510.jpg\" alt=\"\" width=\"680\" height=\"510\" srcset=\"https:\/\/news.save.ch\/wp-content\/uploads\/2026\/04\/Bild_04_Fuehrung_KKL-680x510.jpg 680w, https:\/\/news.save.ch\/wp-content\/uploads\/2026\/04\/Bild_04_Fuehrung_KKL-1024x768.jpg 1024w, https:\/\/news.save.ch\/wp-content\/uploads\/2026\/04\/Bild_04_Fuehrung_KKL-768x576.jpg 768w, https:\/\/news.save.ch\/wp-content\/uploads\/2026\/04\/Bild_04_Fuehrung_KKL-1536x1152.jpg 1536w, https:\/\/news.save.ch\/wp-content\/uploads\/2026\/04\/Bild_04_Fuehrung_KKL-2048x1536.jpg 2048w, https:\/\/news.save.ch\/wp-content\/uploads\/2026\/04\/Bild_04_Fuehrung_KKL-16x12.jpg 16w, https:\/\/news.save.ch\/wp-content\/uploads\/2026\/04\/Bild_04_Fuehrung_KKL-375x281.jpg 375w, https:\/\/news.save.ch\/wp-content\/uploads\/2026\/04\/Bild_04_Fuehrung_KKL-467x350.jpg 467w, https:\/\/news.save.ch\/wp-content\/uploads\/2026\/04\/Bild_04_Fuehrung_KKL-1000x750.jpg 1000w, https:\/\/news.save.ch\/wp-content\/uploads\/2026\/04\/Bild_04_Fuehrung_KKL-scaled.jpg 1200w\" sizes=\"auto, (max-width: 680px) 100vw, 680px\" \/><figcaption id=\"caption-attachment-25154\" class=\"wp-caption-text\">F\u00fchrung durch das KKL anl\u00e4sslich der GV von swiss safety (Foto: Markus Good)<\/figcaption><\/figure>\n<p>Mit der 50. Generalversammlung blickte swiss safety nicht nur auf ein halbes Jahrhundert Verbandsgeschichte zur\u00fcck, sondern stellte zugleich die Weichen f\u00fcr die Zukunft. Die Jubil\u00e4umsversammlung im KKL Luzern machte deutlich: Der Verband verf\u00fcgt \u00fcber ein starkes Netzwerk, engagierte Mitglieder und eine klare Ausrichtung auf praxisnahe, wirksame L\u00f6sungen im Bereich der pers\u00f6nlichen Schutzausr\u00fcstung.<\/p>\n<p>Nach dem offiziellen Teil erhielten die Teilnehmenden bei einer spannenden F\u00fchrung durch das KKL Luzern interessante Einblicke in die Architektur, die Geschichte und den Betrieb des renommierten Kultur- und Kongresszentrums. Danach folgte die \u00dcberleitung zu einem Ap\u00e9ro, der Gelegenheit f\u00fcr Austausch und pers\u00f6nliche Gespr\u00e4che bot. Anschliessend fanden die Feierlichkeiten auf dem Schiff mit einem gemeinsamen Mittagessen und vielen anregenden Gespr\u00e4chen einen denkw\u00fcrdigen Abschluss. So wurde das Jubil\u00e4um \u00ab50 Jahre swiss safety\u00bb in w\u00fcrdigem Rahmen gefeiert und eindr\u00fccklich abgerundet.<\/p>\n","protected":false},"excerpt":{"rendered":"<p>Die statutarischen Gesch\u00e4fte konnten speditiv behandelt werden. Der Verband steht auf einem soliden finanziellen Fundament und kann den f\u00fcr 2026 budgetierten Verlust aufgrund gr\u00f6sserer Aufwendungen im Bereich Marketing, Webauftritt und intensiveren Aktivit\u00e4ten auf Social Media locker verkraften. Auch die Mitgliederentwicklung wurde thematisiert. Swiss safety z\u00e4hlt aktuell 53 Aktivmitglieder, acht Fachmitglieder, f\u00fcnf Passivmitglieder sowie f\u00fcnf Ehrenmitglieder. [&hellip;]<\/p>\n","protected":false},"author":31,"featured_media":0,"comment_status":"closed","ping_status":"closed","sticky":false,"template":"","format":"standard","meta":{"_acf_changed":false,"pgc_sgb_lightbox_settings":"","footnotes":""},"categories":[3317],"tags":[2722,3052],"class_list":["post-25150","post","type-post","status-publish","format-standard","hentry","category-friends","tag-psa","tag-swiss-safety"],"acf":[],"hkrextid":null,"publication":null,"issue":null,"workflow":null,"startPage":null,"spitzmarke":null,"_posts_by_tag_page_fields":null,"_at_widget":null,"_yoast_wpseo_primary_category":"3317","_yoast_wpseo_focuskw_text_input":null,"_yoast_wpseo_opengraph-image":null,"_yoast_wpseo_opengraph-description":null,"_yoast_wpseo_opengraph-title":null,"enclosure":null,"_yoast_wpseo_twitter-title":null,"_yoast_wpseo_twitter-description":null,"_yoast_wpseo_twitter-image":null,"_wp_old_slug":null,"_yoast_wpseo_title":null,"_yoast_wpseo_canonical":null,"yoast_head":"<!-- This site is optimized with the Yoast SEO plugin v27.4 - https:\/\/yoast.com\/product\/yoast-seo-wordpress\/ -->\n<title>Jubil\u00e4ums-GV von swiss safety im KKL Luzern - Save<\/title>\n<meta name=\"description\" content=\"Die 50. Generalversammlung des Branchenverbands swiss safety fand am 24. April 2026 im KKL Luzern statt.\" \/>\n<meta name=\"robots\" content=\"index, follow, max-snippet:-1, max-image-preview:large, max-video-preview:-1\" \/>\n<link rel=\"canonical\" href=\"https:\/\/news.save.ch\/de\/jubilaeums-gv-von-swiss-safety-im-kkl-luzern\/\" \/>\n<meta property=\"og:locale\" content=\"de_DE\" \/>\n<meta property=\"og:type\" content=\"article\" \/>\n<meta property=\"og:title\" content=\"Jubil\u00e4ums-GV von swiss safety im KKL Luzern - Save\" \/>\n<meta property=\"og:description\" content=\"Die 50. Generalversammlung des Branchenverbands swiss safety fand am 24. April 2026 im KKL Luzern statt.\" \/>\n<meta property=\"og:url\" content=\"https:\/\/news.save.ch\/de\/jubilaeums-gv-von-swiss-safety-im-kkl-luzern\/\" \/>\n<meta property=\"og:site_name\" content=\"Save\" \/>\n<meta property=\"article:published_time\" content=\"2026-04-27T11:31:11+00:00\" \/>\n<meta property=\"og:image\" content=\"https:\/\/news.save.ch\/wp-content\/uploads\/2026\/04\/Bild_02_DormanLaura_GraberDominique_Ehrenmitglied_MartinClaude-scaled.jpg\" \/>\n\t<meta property=\"og:image:width\" content=\"1200\" \/>\n\t<meta property=\"og:image:height\" content=\"900\" \/>\n\t<meta property=\"og:image:type\" content=\"image\/jpeg\" \/>\n<meta name=\"author\" content=\"stefanie Zeng\" \/>\n<meta name=\"twitter:card\" content=\"summary_large_image\" \/>\n<meta name=\"twitter:label1\" content=\"Geschrieben von\" \/>\n\t<meta name=\"twitter:data1\" content=\"stefanie Zeng\" \/>\n\t<meta name=\"twitter:label2\" content=\"Gesch\u00e4tzte Lesezeit\" \/>\n\t<meta name=\"twitter:data2\" content=\"6\u00a0Minuten\" \/>\n<script type=\"application\/ld+json\" class=\"yoast-schema-graph\">{\"@context\":\"https:\\\/\\\/schema.org\",\"@graph\":[{\"@type\":\"Article\",\"@id\":\"https:\\\/\\\/news.save.ch\\\/jubilaeums-gv-von-swiss-safety-im-kkl-luzern\\\/#article\",\"isPartOf\":{\"@id\":\"https:\\\/\\\/news.save.ch\\\/jubilaeums-gv-von-swiss-safety-im-kkl-luzern\\\/\"},\"author\":{\"name\":\"stefanie Zeng\",\"@id\":\"https:\\\/\\\/news.save.ch\\\/de\\\/#\\\/schema\\\/person\\\/10917387362b3961e882740f6cf6f2a2\"},\"headline\":\"Jubil\u00e4ums-GV von swiss safety im KKL Luzern\",\"datePublished\":\"2026-04-27T11:31:11+00:00\",\"mainEntityOfPage\":{\"@id\":\"https:\\\/\\\/news.save.ch\\\/jubilaeums-gv-von-swiss-safety-im-kkl-luzern\\\/\"},\"wordCount\":886,\"publisher\":{\"@id\":\"https:\\\/\\\/news.save.ch\\\/de\\\/#organization\"},\"image\":{\"@id\":\"https:\\\/\\\/news.save.ch\\\/jubilaeums-gv-von-swiss-safety-im-kkl-luzern\\\/#primaryimage\"},\"thumbnailUrl\":\"https:\\\/\\\/news.save.ch\\\/wp-content\\\/uploads\\\/2026\\\/04\\\/Bild_02_DormanLaura_GraberDominique_Ehrenmitglied_MartinClaude-680x510.jpg\",\"keywords\":[\"PSA\",\"Swiss Safety\"],\"articleSection\":[\"FRIENDS\"],\"inLanguage\":\"de\"},{\"@type\":\"WebPage\",\"@id\":\"https:\\\/\\\/news.save.ch\\\/jubilaeums-gv-von-swiss-safety-im-kkl-luzern\\\/\",\"url\":\"https:\\\/\\\/news.save.ch\\\/jubilaeums-gv-von-swiss-safety-im-kkl-luzern\\\/\",\"name\":\"Jubil\u00e4ums-GV von swiss safety im KKL Luzern - Save\",\"isPartOf\":{\"@id\":\"https:\\\/\\\/news.save.ch\\\/de\\\/#website\"},\"primaryImageOfPage\":{\"@id\":\"https:\\\/\\\/news.save.ch\\\/jubilaeums-gv-von-swiss-safety-im-kkl-luzern\\\/#primaryimage\"},\"image\":{\"@id\":\"https:\\\/\\\/news.save.ch\\\/jubilaeums-gv-von-swiss-safety-im-kkl-luzern\\\/#primaryimage\"},\"thumbnailUrl\":\"https:\\\/\\\/news.save.ch\\\/wp-content\\\/uploads\\\/2026\\\/04\\\/Bild_02_DormanLaura_GraberDominique_Ehrenmitglied_MartinClaude-680x510.jpg\",\"datePublished\":\"2026-04-27T11:31:11+00:00\",\"description\":\"Die 50. Generalversammlung des Branchenverbands swiss safety fand am 24. April 2026 im KKL Luzern statt.\",\"breadcrumb\":{\"@id\":\"https:\\\/\\\/news.save.ch\\\/jubilaeums-gv-von-swiss-safety-im-kkl-luzern\\\/#breadcrumb\"},\"inLanguage\":\"de\",\"potentialAction\":[{\"@type\":\"ReadAction\",\"target\":[\"https:\\\/\\\/news.save.ch\\\/jubilaeums-gv-von-swiss-safety-im-kkl-luzern\\\/\"]}]},{\"@type\":\"ImageObject\",\"inLanguage\":\"de\",\"@id\":\"https:\\\/\\\/news.save.ch\\\/jubilaeums-gv-von-swiss-safety-im-kkl-luzern\\\/#primaryimage\",\"url\":\"https:\\\/\\\/news.save.ch\\\/wp-content\\\/uploads\\\/2026\\\/04\\\/Bild_02_DormanLaura_GraberDominique_Ehrenmitglied_MartinClaude-680x510.jpg\",\"contentUrl\":\"https:\\\/\\\/news.save.ch\\\/wp-content\\\/uploads\\\/2026\\\/04\\\/Bild_02_DormanLaura_GraberDominique_Ehrenmitglied_MartinClaude-680x510.jpg\"},{\"@type\":\"BreadcrumbList\",\"@id\":\"https:\\\/\\\/news.save.ch\\\/jubilaeums-gv-von-swiss-safety-im-kkl-luzern\\\/#breadcrumb\",\"itemListElement\":[{\"@type\":\"ListItem\",\"position\":1,\"name\":\"Home\",\"item\":\"https:\\\/\\\/news.save.ch\\\/de\\\/\"},{\"@type\":\"ListItem\",\"position\":2,\"name\":\"Jubil\u00e4ums-GV von swiss safety im KKL Luzern\"}]},{\"@type\":\"WebSite\",\"@id\":\"https:\\\/\\\/news.save.ch\\\/de\\\/#website\",\"url\":\"https:\\\/\\\/news.save.ch\\\/de\\\/\",\"name\":\"Save\",\"description\":\"Schweizer Fachzeitschrift f\u00fcr Sicherheit\",\"publisher\":{\"@id\":\"https:\\\/\\\/news.save.ch\\\/de\\\/#organization\"},\"potentialAction\":[{\"@type\":\"SearchAction\",\"target\":{\"@type\":\"EntryPoint\",\"urlTemplate\":\"https:\\\/\\\/news.save.ch\\\/de\\\/?s={search_term_string}\"},\"query-input\":{\"@type\":\"PropertyValueSpecification\",\"valueRequired\":true,\"valueName\":\"search_term_string\"}}],\"inLanguage\":\"de\"},{\"@type\":\"Organization\",\"@id\":\"https:\\\/\\\/news.save.ch\\\/de\\\/#organization\",\"name\":\"Sicherheitsforum\",\"url\":\"https:\\\/\\\/news.save.ch\\\/de\\\/\",\"logo\":{\"@type\":\"ImageObject\",\"inLanguage\":\"de\",\"@id\":\"https:\\\/\\\/news.save.ch\\\/de\\\/#\\\/schema\\\/logo\\\/image\\\/\",\"url\":\"https:\\\/\\\/news.save.ch\\\/wp-content\\\/uploads\\\/2022\\\/06\\\/Logo_SF_2012.png\",\"contentUrl\":\"https:\\\/\\\/news.save.ch\\\/wp-content\\\/uploads\\\/2022\\\/06\\\/Logo_SF_2012.png\",\"width\":1100,\"height\":91,\"caption\":\"Sicherheitsforum\"},\"image\":{\"@id\":\"https:\\\/\\\/news.save.ch\\\/de\\\/#\\\/schema\\\/logo\\\/image\\\/\"}},{\"@type\":\"Person\",\"@id\":\"https:\\\/\\\/news.save.ch\\\/de\\\/#\\\/schema\\\/person\\\/10917387362b3961e882740f6cf6f2a2\",\"name\":\"stefanie Zeng\",\"image\":{\"@type\":\"ImageObject\",\"inLanguage\":\"de\",\"@id\":\"https:\\\/\\\/secure.gravatar.com\\\/avatar\\\/eac43faa6e40bb2c41068c95c9d78bbd94c476d5efdff7abaab80bb3ea681e06?s=96&d=mm&r=g\",\"url\":\"https:\\\/\\\/secure.gravatar.com\\\/avatar\\\/eac43faa6e40bb2c41068c95c9d78bbd94c476d5efdff7abaab80bb3ea681e06?s=96&d=mm&r=g\",\"contentUrl\":\"https:\\\/\\\/secure.gravatar.com\\\/avatar\\\/eac43faa6e40bb2c41068c95c9d78bbd94c476d5efdff7abaab80bb3ea681e06?s=96&d=mm&r=g\",\"caption\":\"stefanie Zeng\"},\"url\":\"https:\\\/\\\/news.save.ch\\\/de\\\/author\\\/stefanie-zeng\\\/\"}]}<\/script>\n<!-- \/ Yoast SEO plugin. -->","yoast_head_json":{"title":"Jubil\u00e4ums-GV von swiss safety im KKL Luzern - Save","description":"Die 50. Generalversammlung des Branchenverbands swiss safety fand am 24. April 2026 im KKL Luzern statt.","robots":{"index":"index","follow":"follow","max-snippet":"max-snippet:-1","max-image-preview":"max-image-preview:large","max-video-preview":"max-video-preview:-1"},"canonical":"https:\/\/news.save.ch\/de\/jubilaeums-gv-von-swiss-safety-im-kkl-luzern\/","og_locale":"de_DE","og_type":"article","og_title":"Jubil\u00e4ums-GV von swiss safety im KKL Luzern - Save","og_description":"Die 50. Generalversammlung des Branchenverbands swiss safety fand am 24. April 2026 im KKL Luzern statt.","og_url":"https:\/\/news.save.ch\/de\/jubilaeums-gv-von-swiss-safety-im-kkl-luzern\/","og_site_name":"Save","article_published_time":"2026-04-27T11:31:11+00:00","og_image":[{"width":1200,"height":900,"url":"https:\/\/news.save.ch\/wp-content\/uploads\/2026\/04\/Bild_02_DormanLaura_GraberDominique_Ehrenmitglied_MartinClaude-scaled.jpg","type":"image\/jpeg"}],"author":"stefanie Zeng","twitter_card":"summary_large_image","twitter_misc":{"Geschrieben von":"stefanie Zeng","Gesch\u00e4tzte Lesezeit":"6\u00a0Minuten"},"schema":{"@context":"https:\/\/schema.org","@graph":[{"@type":"Article","@id":"https:\/\/news.save.ch\/jubilaeums-gv-von-swiss-safety-im-kkl-luzern\/#article","isPartOf":{"@id":"https:\/\/news.save.ch\/jubilaeums-gv-von-swiss-safety-im-kkl-luzern\/"},"author":{"name":"stefanie Zeng","@id":"https:\/\/news.save.ch\/de\/#\/schema\/person\/10917387362b3961e882740f6cf6f2a2"},"headline":"Jubil\u00e4ums-GV von swiss safety im KKL Luzern","datePublished":"2026-04-27T11:31:11+00:00","mainEntityOfPage":{"@id":"https:\/\/news.save.ch\/jubilaeums-gv-von-swiss-safety-im-kkl-luzern\/"},"wordCount":886,"publisher":{"@id":"https:\/\/news.save.ch\/de\/#organization"},"image":{"@id":"https:\/\/news.save.ch\/jubilaeums-gv-von-swiss-safety-im-kkl-luzern\/#primaryimage"},"thumbnailUrl":"https:\/\/news.save.ch\/wp-content\/uploads\/2026\/04\/Bild_02_DormanLaura_GraberDominique_Ehrenmitglied_MartinClaude-680x510.jpg","keywords":["PSA","Swiss Safety"],"articleSection":["FRIENDS"],"inLanguage":"de"},{"@type":"WebPage","@id":"https:\/\/news.save.ch\/jubilaeums-gv-von-swiss-safety-im-kkl-luzern\/","url":"https:\/\/news.save.ch\/jubilaeums-gv-von-swiss-safety-im-kkl-luzern\/","name":"Jubil\u00e4ums-GV von swiss safety im KKL Luzern - Save","isPartOf":{"@id":"https:\/\/news.save.ch\/de\/#website"},"primaryImageOfPage":{"@id":"https:\/\/news.save.ch\/jubilaeums-gv-von-swiss-safety-im-kkl-luzern\/#primaryimage"},"image":{"@id":"https:\/\/news.save.ch\/jubilaeums-gv-von-swiss-safety-im-kkl-luzern\/#primaryimage"},"thumbnailUrl":"https:\/\/news.save.ch\/wp-content\/uploads\/2026\/04\/Bild_02_DormanLaura_GraberDominique_Ehrenmitglied_MartinClaude-680x510.jpg","datePublished":"2026-04-27T11:31:11+00:00","description":"Die 50. Generalversammlung des Branchenverbands swiss safety fand am 24. April 2026 im KKL Luzern statt.","breadcrumb":{"@id":"https:\/\/news.save.ch\/jubilaeums-gv-von-swiss-safety-im-kkl-luzern\/#breadcrumb"},"inLanguage":"de","potentialAction":[{"@type":"ReadAction","target":["https:\/\/news.save.ch\/jubilaeums-gv-von-swiss-safety-im-kkl-luzern\/"]}]},{"@type":"ImageObject","inLanguage":"de","@id":"https:\/\/news.save.ch\/jubilaeums-gv-von-swiss-safety-im-kkl-luzern\/#primaryimage","url":"https:\/\/news.save.ch\/wp-content\/uploads\/2026\/04\/Bild_02_DormanLaura_GraberDominique_Ehrenmitglied_MartinClaude-680x510.jpg","contentUrl":"https:\/\/news.save.ch\/wp-content\/uploads\/2026\/04\/Bild_02_DormanLaura_GraberDominique_Ehrenmitglied_MartinClaude-680x510.jpg"},{"@type":"BreadcrumbList","@id":"https:\/\/news.save.ch\/jubilaeums-gv-von-swiss-safety-im-kkl-luzern\/#breadcrumb","itemListElement":[{"@type":"ListItem","position":1,"name":"Home","item":"https:\/\/news.save.ch\/de\/"},{"@type":"ListItem","position":2,"name":"Jubil\u00e4ums-GV von swiss safety im KKL Luzern"}]},{"@type":"WebSite","@id":"https:\/\/news.save.ch\/de\/#website","url":"https:\/\/news.save.ch\/de\/","name":"Save","description":"Schweizer Fachzeitschrift f\u00fcr Sicherheit","publisher":{"@id":"https:\/\/news.save.ch\/de\/#organization"},"potentialAction":[{"@type":"SearchAction","target":{"@type":"EntryPoint","urlTemplate":"https:\/\/news.save.ch\/de\/?s={search_term_string}"},"query-input":{"@type":"PropertyValueSpecification","valueRequired":true,"valueName":"search_term_string"}}],"inLanguage":"de"},{"@type":"Organization","@id":"https:\/\/news.save.ch\/de\/#organization","name":"Sicherheitsforum","url":"https:\/\/news.save.ch\/de\/","logo":{"@type":"ImageObject","inLanguage":"de","@id":"https:\/\/news.save.ch\/de\/#\/schema\/logo\/image\/","url":"https:\/\/news.save.ch\/wp-content\/uploads\/2022\/06\/Logo_SF_2012.png","contentUrl":"https:\/\/news.save.ch\/wp-content\/uploads\/2022\/06\/Logo_SF_2012.png","width":1100,"height":91,"caption":"Sicherheitsforum"},"image":{"@id":"https:\/\/news.save.ch\/de\/#\/schema\/logo\/image\/"}},{"@type":"Person","@id":"https:\/\/news.save.ch\/de\/#\/schema\/person\/10917387362b3961e882740f6cf6f2a2","name":"stefanie Zeng","image":{"@type":"ImageObject","inLanguage":"de","@id":"https:\/\/secure.gravatar.com\/avatar\/eac43faa6e40bb2c41068c95c9d78bbd94c476d5efdff7abaab80bb3ea681e06?s=96&d=mm&r=g","url":"https:\/\/secure.gravatar.com\/avatar\/eac43faa6e40bb2c41068c95c9d78bbd94c476d5efdff7abaab80bb3ea681e06?s=96&d=mm&r=g","contentUrl":"https:\/\/secure.gravatar.com\/avatar\/eac43faa6e40bb2c41068c95c9d78bbd94c476d5efdff7abaab80bb3ea681e06?s=96&d=mm&r=g","caption":"stefanie Zeng"},"url":"https:\/\/news.save.ch\/de\/author\/stefanie-zeng\/"}]}},"_links":{"self":[{"href":"https:\/\/news.save.ch\/de\/wp-json\/wp\/v2\/posts\/25150","targetHints":{"allow":["GET"]}}],"collection":[{"href":"https:\/\/news.save.ch\/de\/wp-json\/wp\/v2\/posts"}],"about":[{"href":"https:\/\/news.save.ch\/de\/wp-json\/wp\/v2\/types\/post"}],"author":[{"embeddable":true,"href":"https:\/\/news.save.ch\/de\/wp-json\/wp\/v2\/users\/31"}],"replies":[{"embeddable":true,"href":"https:\/\/news.save.ch\/de\/wp-json\/wp\/v2\/comments?post=25150"}],"version-history":[{"count":1,"href":"https:\/\/news.save.ch\/de\/wp-json\/wp\/v2\/posts\/25150\/revisions"}],"predecessor-version":[{"id":25156,"href":"https:\/\/news.save.ch\/de\/wp-json\/wp\/v2\/posts\/25150\/revisions\/25156"}],"wp:attachment":[{"href":"https:\/\/news.save.ch\/de\/wp-json\/wp\/v2\/media?parent=25150"}],"wp:term":[{"taxonomy":"category","embeddable":true,"href":"https:\/\/news.save.ch\/de\/wp-json\/wp\/v2\/categories?post=25150"},{"taxonomy":"post_tag","embeddable":true,"href":"https:\/\/news.save.ch\/de\/wp-json\/wp\/v2\/tags?post=25150"}],"curies":[{"name":"wp","href":"https:\/\/api.w.org\/{rel}","templated":true}]}}