{"id":25157,"date":"2026-04-28T10:33:37","date_gmt":"2026-04-28T08:33:37","guid":{"rendered":"https:\/\/news.save.ch\/?p=25157"},"modified":"2026-04-28T10:33:37","modified_gmt":"2026-04-28T08:33:37","slug":"organisierte-kriminalitaet-fedpol-jahresbericht-2025","status":null,"type":"post","link":"https:\/\/news.save.ch\/de\/organisierte-kriminalitaet-fedpol-jahresbericht-2025\/","title":{"rendered":"Organisierte Kriminalit\u00e4t: fedpol Jahresbericht 2025"},"content":{"rendered":"<section id=\"doc-1jm5dojgg0\" class=\"hero hero--default\">\n<div class=\"container container--grid gap--responsive\">\n<div class=\"hero__content\">\n<figure id=\"attachment_25158\" aria-describedby=\"caption-attachment-25158\" style=\"width: 680px\" class=\"wp-caption alignnone\"><img loading=\"lazy\" decoding=\"async\" class=\"size-medium wp-image-25158\" src=\"https:\/\/news.save.ch\/wp-content\/uploads\/2026\/04\/Depositphotos_593207568_S-680x367.jpg\" alt=\"\" width=\"680\" height=\"367\" srcset=\"https:\/\/news.save.ch\/wp-content\/uploads\/2026\/04\/Depositphotos_593207568_S-680x367.jpg 680w, https:\/\/news.save.ch\/wp-content\/uploads\/2026\/04\/Depositphotos_593207568_S-768x414.jpg 768w, https:\/\/news.save.ch\/wp-content\/uploads\/2026\/04\/Depositphotos_593207568_S-18x10.jpg 18w, https:\/\/news.save.ch\/wp-content\/uploads\/2026\/04\/Depositphotos_593207568_S-375x202.jpg 375w, https:\/\/news.save.ch\/wp-content\/uploads\/2026\/04\/Depositphotos_593207568_S-649x350.jpg 649w, https:\/\/news.save.ch\/wp-content\/uploads\/2026\/04\/Depositphotos_593207568_S.jpg 1000w\" sizes=\"auto, (max-width: 680px) 100vw, 680px\" \/><figcaption id=\"caption-attachment-25158\" class=\"wp-caption-text\">Foto: depositphotos\/4kclips<\/figcaption><\/figure>\n<p>&nbsp;<\/p>\n<p class=\"font--regular hero__description\">\n<\/div>\n<\/div>\n<\/section>\n<section class=\"section section--default\">\n<div class=\"container container--grid gap--responsive\">\n<div class=\"container__center--xs vertical-spacing\">\n<p id=\"doc-1jm5dpf660\" class=\"font--regular\">Menschenh\u00e4ndler, die ihre Opfer unter anderem in der Sexarbeit ausbeuten; kriminelle Organisationen, die illegale Gelder waschen, indem sie in Immobilien und Luxusg\u00fcter investieren; Cyberkriminelle, die gezielt Schweizer Webseiten angreifen und Jugendliche, die \u00fcber soziale Medien f\u00fcr Straftaten rekrutiert werden. Die Organisierte Kriminalit\u00e4t (OK) hat viele Gesichter &#8211; fedpol geht entschieden dagegen vor.<\/p>\n<p id=\"doc-1jm5ds8ub0\" class=\"font--regular\">Dies belegen die F\u00e4lle, in die der Jahresbericht 2025 vertieft Einblick gew\u00e4hrt. Er beleuchtet die Zusammenarbeit mit Partnerbeh\u00f6rden, stellt zentrale Instrumente der Polizeiarbeit vor und gibt einen Ausblick f\u00fcr das laufende Jahr. Dazu geh\u00f6rt unter anderem die Erarbeitung des Nationalen Aktionsplans zur Bek\u00e4mpfung der organisierten Kriminalit\u00e4t bis Ende 2026.<\/p>\n<h3 id=\"doc-1jm5e42540\" class=\"h2\">Von internationalen Fahndungen \u00fcber Staatsbesuche bis hin zu Paketbomben<\/h3>\n<p id=\"doc-1jm5ds8ud0\" class=\"font--regular\">Neben der Bek\u00e4mpfung der OK ist fedpol in weiteren Bereichen der inneren Sicherheit der Schweiz aktiv:<\/p>\n<ul id=\"doc-1jm5dsf170\" class=\"list list--default\" title=\"\">\n<li>Ein international gesuchter Tatverd\u00e4chtiger lebte unter verschiedenen Decknamen in mehreren europ\u00e4ischen L\u00e4ndern \u2013 bis er in der Schweiz dank verl\u00e4sslicher biometrischer Informationssysteme identifiziert und verhaftet wurde.<\/li>\n<li>Vor dem Hintergrund geopolitischer Spannungen ist die Schweiz als diplomatische Drehscheibe besonders gefordert: 1305 v\u00f6lkerrechtlich gesch\u00fctzte Personen wurden 2025 von fedpol und seinen Partnerbeh\u00f6rden gesch\u00fctzt.<\/li>\n<li>Nach Erpressungen und Bombenanschl\u00e4gen im Genfer Uhrensektor bildeten fedpol und die Kantonspolizei Genf eine gemeinsame Taskforce. Im Rahmen der internationalen Zusammenarbeit wurden unter anderem Spezialistinnen und Spezialisten von Europol beigezogen. Moderne Analysetools zur Nachverfolgung von Kryptow\u00e4hrungstransaktionen trugen entscheidend zum Ermittlungserfolg bei.<\/li>\n<\/ul>\n<p id=\"doc-1jm5ds8uf1\" class=\"font--regular\">Diese und weitere Beispiele zeigen: Die nationale und internationale Zusammenarbeit ist zentral f\u00fcr eine wirksame Kriminalit\u00e4tsbek\u00e4mpfung. Das belegen auch die Zahlen im Jahresbericht 2025: Tausende Fahndungstreffer im Schengener Informationssystem, mehrere hundert Einreiseverbote sowie \u00fcber 20&#8217;000 Verdachtsmeldungen im Zusammenhang mit Geldw\u00e4scherei, Terrorismusfinanzierung und Geldern krimineller Herkunft.<\/p>\n<p id=\"doc-1jm5ds8uf2\" class=\"font--regular\">Sie finden den fedpol Jahresbericht 2025 hier: <em><a class=\"link--external\" href=\"https:\/\/fedpol.report\/de\/\" target=\"_blank\" rel=\"external noopener\" aria-label=\"fedpol.report\/de\/ Link in einem neuen Tab \u00f6ffnen\">fedpol.report\/de<\/a><\/em><\/p>\n<\/div>\n<\/div>\n<\/section>\n","protected":false},"excerpt":{"rendered":"<p>&nbsp; Menschenh\u00e4ndler, die ihre Opfer unter anderem in der Sexarbeit ausbeuten; kriminelle Organisationen, die illegale Gelder waschen, indem sie in Immobilien und Luxusg\u00fcter investieren; Cyberkriminelle, die gezielt Schweizer Webseiten angreifen und Jugendliche, die \u00fcber soziale Medien f\u00fcr Straftaten rekrutiert werden. Die Organisierte Kriminalit\u00e4t (OK) hat viele Gesichter &#8211; fedpol geht entschieden dagegen vor. Dies belegen [&hellip;]<\/p>\n","protected":false},"author":31,"featured_media":0,"comment_status":"closed","ping_status":"closed","sticky":false,"template":"","format":"standard","meta":{"_acf_changed":false,"pgc_sgb_lightbox_settings":"","footnotes":""},"categories":[3312],"tags":[4107,6529],"class_list":["post-25157","post","type-post","status-publish","format-standard","hentry","category-sicherheit","tag-bundesamt-fuer-polizei-fedpol","tag-organisierte-kriminalitaet"],"acf":[],"hkrextid":null,"publication":null,"issue":null,"workflow":null,"startPage":null,"spitzmarke":null,"_posts_by_tag_page_fields":null,"_at_widget":null,"_yoast_wpseo_primary_category":"3312","_yoast_wpseo_focuskw_text_input":null,"_yoast_wpseo_opengraph-image":null,"_yoast_wpseo_opengraph-description":null,"_yoast_wpseo_opengraph-title":null,"enclosure":null,"_yoast_wpseo_twitter-title":null,"_yoast_wpseo_twitter-description":null,"_yoast_wpseo_twitter-image":null,"_wp_old_slug":null,"_yoast_wpseo_title":null,"_yoast_wpseo_canonical":null,"yoast_head":"<!-- This site is optimized with the Yoast SEO plugin v27.5 - https:\/\/yoast.com\/product\/yoast-seo-wordpress\/ -->\n<title>Organisierte Kriminalit\u00e4t: fedpol Jahresbericht 2025 - Save<\/title>\n<meta name=\"description\" content=\"Der fedpol-Jahresbericht gibt Einblick in F\u00e4lle, Operationen und Zahlen zur Arbeit des Bundesamts f\u00fcr Polizei (fedpol) \u2013 mit besonderem Fokus auf die Bek\u00e4mpfung der Organisierten Kriminalit\u00e4t.\" \/>\n<meta name=\"robots\" content=\"index, follow, max-snippet:-1, max-image-preview:large, max-video-preview:-1\" \/>\n<link rel=\"canonical\" href=\"https:\/\/news.save.ch\/de\/organisierte-kriminalitaet-fedpol-jahresbericht-2025\/\" \/>\n<meta property=\"og:locale\" content=\"de_DE\" \/>\n<meta property=\"og:type\" content=\"article\" \/>\n<meta property=\"og:title\" content=\"Organisierte Kriminalit\u00e4t: fedpol Jahresbericht 2025 - Save\" \/>\n<meta property=\"og:description\" content=\"Der fedpol-Jahresbericht gibt Einblick in F\u00e4lle, Operationen und Zahlen zur Arbeit des Bundesamts f\u00fcr Polizei (fedpol) \u2013 mit besonderem Fokus auf die Bek\u00e4mpfung der Organisierten Kriminalit\u00e4t.\" \/>\n<meta property=\"og:url\" content=\"https:\/\/news.save.ch\/de\/organisierte-kriminalitaet-fedpol-jahresbericht-2025\/\" \/>\n<meta property=\"og:site_name\" content=\"Save\" \/>\n<meta property=\"article:published_time\" content=\"2026-04-28T08:33:37+00:00\" \/>\n<meta property=\"og:image\" content=\"https:\/\/news.save.ch\/wp-content\/uploads\/2026\/04\/Depositphotos_593207568_S.jpg\" \/>\n\t<meta property=\"og:image:width\" content=\"1000\" \/>\n\t<meta property=\"og:image:height\" content=\"539\" \/>\n\t<meta property=\"og:image:type\" content=\"image\/jpeg\" \/>\n<meta name=\"author\" content=\"stefanie Zeng\" \/>\n<meta name=\"twitter:card\" content=\"summary_large_image\" \/>\n<meta name=\"twitter:label1\" content=\"Geschrieben von\" \/>\n\t<meta name=\"twitter:data1\" content=\"stefanie Zeng\" \/>\n\t<meta name=\"twitter:label2\" content=\"Gesch\u00e4tzte Lesezeit\" \/>\n\t<meta name=\"twitter:data2\" content=\"2\u00a0Minuten\" \/>\n<script type=\"application\/ld+json\" class=\"yoast-schema-graph\">{\"@context\":\"https:\\\/\\\/schema.org\",\"@graph\":[{\"@type\":\"Article\",\"@id\":\"https:\\\/\\\/news.save.ch\\\/organisierte-kriminalitaet-fedpol-jahresbericht-2025\\\/#article\",\"isPartOf\":{\"@id\":\"https:\\\/\\\/news.save.ch\\\/organisierte-kriminalitaet-fedpol-jahresbericht-2025\\\/\"},\"author\":{\"name\":\"stefanie Zeng\",\"@id\":\"https:\\\/\\\/news.save.ch\\\/de\\\/#\\\/schema\\\/person\\\/10917387362b3961e882740f6cf6f2a2\"},\"headline\":\"Organisierte Kriminalit\u00e4t: fedpol Jahresbericht 2025\",\"datePublished\":\"2026-04-28T08:33:37+00:00\",\"mainEntityOfPage\":{\"@id\":\"https:\\\/\\\/news.save.ch\\\/organisierte-kriminalitaet-fedpol-jahresbericht-2025\\\/\"},\"wordCount\":307,\"publisher\":{\"@id\":\"https:\\\/\\\/news.save.ch\\\/de\\\/#organization\"},\"image\":{\"@id\":\"https:\\\/\\\/news.save.ch\\\/organisierte-kriminalitaet-fedpol-jahresbericht-2025\\\/#primaryimage\"},\"thumbnailUrl\":\"https:\\\/\\\/news.save.ch\\\/wp-content\\\/uploads\\\/2026\\\/04\\\/Depositphotos_593207568_S-680x367.jpg\",\"keywords\":[\"Bundesamt f\u00fcr Polizei (Fedpol)\",\"Organisierte Kriminalit\u00e4t\"],\"articleSection\":[\"SICHERHEIT\"],\"inLanguage\":\"de\"},{\"@type\":\"WebPage\",\"@id\":\"https:\\\/\\\/news.save.ch\\\/organisierte-kriminalitaet-fedpol-jahresbericht-2025\\\/\",\"url\":\"https:\\\/\\\/news.save.ch\\\/organisierte-kriminalitaet-fedpol-jahresbericht-2025\\\/\",\"name\":\"Organisierte Kriminalit\u00e4t: fedpol Jahresbericht 2025 - Save\",\"isPartOf\":{\"@id\":\"https:\\\/\\\/news.save.ch\\\/de\\\/#website\"},\"primaryImageOfPage\":{\"@id\":\"https:\\\/\\\/news.save.ch\\\/organisierte-kriminalitaet-fedpol-jahresbericht-2025\\\/#primaryimage\"},\"image\":{\"@id\":\"https:\\\/\\\/news.save.ch\\\/organisierte-kriminalitaet-fedpol-jahresbericht-2025\\\/#primaryimage\"},\"thumbnailUrl\":\"https:\\\/\\\/news.save.ch\\\/wp-content\\\/uploads\\\/2026\\\/04\\\/Depositphotos_593207568_S-680x367.jpg\",\"datePublished\":\"2026-04-28T08:33:37+00:00\",\"description\":\"Der fedpol-Jahresbericht gibt Einblick in F\u00e4lle, Operationen und Zahlen zur Arbeit des Bundesamts f\u00fcr Polizei (fedpol) \u2013 mit besonderem Fokus auf die Bek\u00e4mpfung der Organisierten Kriminalit\u00e4t.\",\"breadcrumb\":{\"@id\":\"https:\\\/\\\/news.save.ch\\\/organisierte-kriminalitaet-fedpol-jahresbericht-2025\\\/#breadcrumb\"},\"inLanguage\":\"de\",\"potentialAction\":[{\"@type\":\"ReadAction\",\"target\":[\"https:\\\/\\\/news.save.ch\\\/organisierte-kriminalitaet-fedpol-jahresbericht-2025\\\/\"]}]},{\"@type\":\"ImageObject\",\"inLanguage\":\"de\",\"@id\":\"https:\\\/\\\/news.save.ch\\\/organisierte-kriminalitaet-fedpol-jahresbericht-2025\\\/#primaryimage\",\"url\":\"https:\\\/\\\/news.save.ch\\\/wp-content\\\/uploads\\\/2026\\\/04\\\/Depositphotos_593207568_S-680x367.jpg\",\"contentUrl\":\"https:\\\/\\\/news.save.ch\\\/wp-content\\\/uploads\\\/2026\\\/04\\\/Depositphotos_593207568_S-680x367.jpg\"},{\"@type\":\"BreadcrumbList\",\"@id\":\"https:\\\/\\\/news.save.ch\\\/organisierte-kriminalitaet-fedpol-jahresbericht-2025\\\/#breadcrumb\",\"itemListElement\":[{\"@type\":\"ListItem\",\"position\":1,\"name\":\"Home\",\"item\":\"https:\\\/\\\/news.save.ch\\\/de\\\/\"},{\"@type\":\"ListItem\",\"position\":2,\"name\":\"Organisierte Kriminalit\u00e4t: fedpol Jahresbericht 2025\"}]},{\"@type\":\"WebSite\",\"@id\":\"https:\\\/\\\/news.save.ch\\\/de\\\/#website\",\"url\":\"https:\\\/\\\/news.save.ch\\\/de\\\/\",\"name\":\"Save\",\"description\":\"Schweizer Fachzeitschrift f\u00fcr Sicherheit\",\"publisher\":{\"@id\":\"https:\\\/\\\/news.save.ch\\\/de\\\/#organization\"},\"potentialAction\":[{\"@type\":\"SearchAction\",\"target\":{\"@type\":\"EntryPoint\",\"urlTemplate\":\"https:\\\/\\\/news.save.ch\\\/de\\\/?s={search_term_string}\"},\"query-input\":{\"@type\":\"PropertyValueSpecification\",\"valueRequired\":true,\"valueName\":\"search_term_string\"}}],\"inLanguage\":\"de\"},{\"@type\":\"Organization\",\"@id\":\"https:\\\/\\\/news.save.ch\\\/de\\\/#organization\",\"name\":\"Sicherheitsforum\",\"url\":\"https:\\\/\\\/news.save.ch\\\/de\\\/\",\"logo\":{\"@type\":\"ImageObject\",\"inLanguage\":\"de\",\"@id\":\"https:\\\/\\\/news.save.ch\\\/de\\\/#\\\/schema\\\/logo\\\/image\\\/\",\"url\":\"https:\\\/\\\/news.save.ch\\\/wp-content\\\/uploads\\\/2022\\\/06\\\/Logo_SF_2012.png\",\"contentUrl\":\"https:\\\/\\\/news.save.ch\\\/wp-content\\\/uploads\\\/2022\\\/06\\\/Logo_SF_2012.png\",\"width\":1100,\"height\":91,\"caption\":\"Sicherheitsforum\"},\"image\":{\"@id\":\"https:\\\/\\\/news.save.ch\\\/de\\\/#\\\/schema\\\/logo\\\/image\\\/\"}},{\"@type\":\"Person\",\"@id\":\"https:\\\/\\\/news.save.ch\\\/de\\\/#\\\/schema\\\/person\\\/10917387362b3961e882740f6cf6f2a2\",\"name\":\"stefanie Zeng\",\"image\":{\"@type\":\"ImageObject\",\"inLanguage\":\"de\",\"@id\":\"https:\\\/\\\/secure.gravatar.com\\\/avatar\\\/eac43faa6e40bb2c41068c95c9d78bbd94c476d5efdff7abaab80bb3ea681e06?s=96&d=mm&r=g\",\"url\":\"https:\\\/\\\/secure.gravatar.com\\\/avatar\\\/eac43faa6e40bb2c41068c95c9d78bbd94c476d5efdff7abaab80bb3ea681e06?s=96&d=mm&r=g\",\"contentUrl\":\"https:\\\/\\\/secure.gravatar.com\\\/avatar\\\/eac43faa6e40bb2c41068c95c9d78bbd94c476d5efdff7abaab80bb3ea681e06?s=96&d=mm&r=g\",\"caption\":\"stefanie Zeng\"},\"url\":\"https:\\\/\\\/news.save.ch\\\/de\\\/author\\\/stefanie-zeng\\\/\"}]}<\/script>\n<!-- \/ Yoast SEO plugin. -->","yoast_head_json":{"title":"Organisierte Kriminalit\u00e4t: fedpol Jahresbericht 2025 - Save","description":"Der fedpol-Jahresbericht gibt Einblick in F\u00e4lle, Operationen und Zahlen zur Arbeit des Bundesamts f\u00fcr Polizei (fedpol) \u2013 mit besonderem Fokus auf die Bek\u00e4mpfung der Organisierten Kriminalit\u00e4t.","robots":{"index":"index","follow":"follow","max-snippet":"max-snippet:-1","max-image-preview":"max-image-preview:large","max-video-preview":"max-video-preview:-1"},"canonical":"https:\/\/news.save.ch\/de\/organisierte-kriminalitaet-fedpol-jahresbericht-2025\/","og_locale":"de_DE","og_type":"article","og_title":"Organisierte Kriminalit\u00e4t: fedpol Jahresbericht 2025 - Save","og_description":"Der fedpol-Jahresbericht gibt Einblick in F\u00e4lle, Operationen und Zahlen zur Arbeit des Bundesamts f\u00fcr Polizei (fedpol) \u2013 mit besonderem Fokus auf die Bek\u00e4mpfung der Organisierten Kriminalit\u00e4t.","og_url":"https:\/\/news.save.ch\/de\/organisierte-kriminalitaet-fedpol-jahresbericht-2025\/","og_site_name":"Save","article_published_time":"2026-04-28T08:33:37+00:00","og_image":[{"width":1000,"height":539,"url":"https:\/\/news.save.ch\/wp-content\/uploads\/2026\/04\/Depositphotos_593207568_S.jpg","type":"image\/jpeg"}],"author":"stefanie Zeng","twitter_card":"summary_large_image","twitter_misc":{"Geschrieben von":"stefanie Zeng","Gesch\u00e4tzte Lesezeit":"2\u00a0Minuten"},"schema":{"@context":"https:\/\/schema.org","@graph":[{"@type":"Article","@id":"https:\/\/news.save.ch\/organisierte-kriminalitaet-fedpol-jahresbericht-2025\/#article","isPartOf":{"@id":"https:\/\/news.save.ch\/organisierte-kriminalitaet-fedpol-jahresbericht-2025\/"},"author":{"name":"stefanie Zeng","@id":"https:\/\/news.save.ch\/de\/#\/schema\/person\/10917387362b3961e882740f6cf6f2a2"},"headline":"Organisierte Kriminalit\u00e4t: fedpol Jahresbericht 2025","datePublished":"2026-04-28T08:33:37+00:00","mainEntityOfPage":{"@id":"https:\/\/news.save.ch\/organisierte-kriminalitaet-fedpol-jahresbericht-2025\/"},"wordCount":307,"publisher":{"@id":"https:\/\/news.save.ch\/de\/#organization"},"image":{"@id":"https:\/\/news.save.ch\/organisierte-kriminalitaet-fedpol-jahresbericht-2025\/#primaryimage"},"thumbnailUrl":"https:\/\/news.save.ch\/wp-content\/uploads\/2026\/04\/Depositphotos_593207568_S-680x367.jpg","keywords":["Bundesamt f\u00fcr Polizei (Fedpol)","Organisierte Kriminalit\u00e4t"],"articleSection":["SICHERHEIT"],"inLanguage":"de"},{"@type":"WebPage","@id":"https:\/\/news.save.ch\/organisierte-kriminalitaet-fedpol-jahresbericht-2025\/","url":"https:\/\/news.save.ch\/organisierte-kriminalitaet-fedpol-jahresbericht-2025\/","name":"Organisierte Kriminalit\u00e4t: fedpol Jahresbericht 2025 - Save","isPartOf":{"@id":"https:\/\/news.save.ch\/de\/#website"},"primaryImageOfPage":{"@id":"https:\/\/news.save.ch\/organisierte-kriminalitaet-fedpol-jahresbericht-2025\/#primaryimage"},"image":{"@id":"https:\/\/news.save.ch\/organisierte-kriminalitaet-fedpol-jahresbericht-2025\/#primaryimage"},"thumbnailUrl":"https:\/\/news.save.ch\/wp-content\/uploads\/2026\/04\/Depositphotos_593207568_S-680x367.jpg","datePublished":"2026-04-28T08:33:37+00:00","description":"Der fedpol-Jahresbericht gibt Einblick in F\u00e4lle, Operationen und Zahlen zur Arbeit des Bundesamts f\u00fcr Polizei (fedpol) \u2013 mit besonderem Fokus auf die Bek\u00e4mpfung der Organisierten Kriminalit\u00e4t.","breadcrumb":{"@id":"https:\/\/news.save.ch\/organisierte-kriminalitaet-fedpol-jahresbericht-2025\/#breadcrumb"},"inLanguage":"de","potentialAction":[{"@type":"ReadAction","target":["https:\/\/news.save.ch\/organisierte-kriminalitaet-fedpol-jahresbericht-2025\/"]}]},{"@type":"ImageObject","inLanguage":"de","@id":"https:\/\/news.save.ch\/organisierte-kriminalitaet-fedpol-jahresbericht-2025\/#primaryimage","url":"https:\/\/news.save.ch\/wp-content\/uploads\/2026\/04\/Depositphotos_593207568_S-680x367.jpg","contentUrl":"https:\/\/news.save.ch\/wp-content\/uploads\/2026\/04\/Depositphotos_593207568_S-680x367.jpg"},{"@type":"BreadcrumbList","@id":"https:\/\/news.save.ch\/organisierte-kriminalitaet-fedpol-jahresbericht-2025\/#breadcrumb","itemListElement":[{"@type":"ListItem","position":1,"name":"Home","item":"https:\/\/news.save.ch\/de\/"},{"@type":"ListItem","position":2,"name":"Organisierte Kriminalit\u00e4t: fedpol Jahresbericht 2025"}]},{"@type":"WebSite","@id":"https:\/\/news.save.ch\/de\/#website","url":"https:\/\/news.save.ch\/de\/","name":"Save","description":"Schweizer Fachzeitschrift f\u00fcr Sicherheit","publisher":{"@id":"https:\/\/news.save.ch\/de\/#organization"},"potentialAction":[{"@type":"SearchAction","target":{"@type":"EntryPoint","urlTemplate":"https:\/\/news.save.ch\/de\/?s={search_term_string}"},"query-input":{"@type":"PropertyValueSpecification","valueRequired":true,"valueName":"search_term_string"}}],"inLanguage":"de"},{"@type":"Organization","@id":"https:\/\/news.save.ch\/de\/#organization","name":"Sicherheitsforum","url":"https:\/\/news.save.ch\/de\/","logo":{"@type":"ImageObject","inLanguage":"de","@id":"https:\/\/news.save.ch\/de\/#\/schema\/logo\/image\/","url":"https:\/\/news.save.ch\/wp-content\/uploads\/2022\/06\/Logo_SF_2012.png","contentUrl":"https:\/\/news.save.ch\/wp-content\/uploads\/2022\/06\/Logo_SF_2012.png","width":1100,"height":91,"caption":"Sicherheitsforum"},"image":{"@id":"https:\/\/news.save.ch\/de\/#\/schema\/logo\/image\/"}},{"@type":"Person","@id":"https:\/\/news.save.ch\/de\/#\/schema\/person\/10917387362b3961e882740f6cf6f2a2","name":"stefanie Zeng","image":{"@type":"ImageObject","inLanguage":"de","@id":"https:\/\/secure.gravatar.com\/avatar\/eac43faa6e40bb2c41068c95c9d78bbd94c476d5efdff7abaab80bb3ea681e06?s=96&d=mm&r=g","url":"https:\/\/secure.gravatar.com\/avatar\/eac43faa6e40bb2c41068c95c9d78bbd94c476d5efdff7abaab80bb3ea681e06?s=96&d=mm&r=g","contentUrl":"https:\/\/secure.gravatar.com\/avatar\/eac43faa6e40bb2c41068c95c9d78bbd94c476d5efdff7abaab80bb3ea681e06?s=96&d=mm&r=g","caption":"stefanie Zeng"},"url":"https:\/\/news.save.ch\/de\/author\/stefanie-zeng\/"}]}},"_links":{"self":[{"href":"https:\/\/news.save.ch\/de\/wp-json\/wp\/v2\/posts\/25157","targetHints":{"allow":["GET"]}}],"collection":[{"href":"https:\/\/news.save.ch\/de\/wp-json\/wp\/v2\/posts"}],"about":[{"href":"https:\/\/news.save.ch\/de\/wp-json\/wp\/v2\/types\/post"}],"author":[{"embeddable":true,"href":"https:\/\/news.save.ch\/de\/wp-json\/wp\/v2\/users\/31"}],"replies":[{"embeddable":true,"href":"https:\/\/news.save.ch\/de\/wp-json\/wp\/v2\/comments?post=25157"}],"version-history":[{"count":1,"href":"https:\/\/news.save.ch\/de\/wp-json\/wp\/v2\/posts\/25157\/revisions"}],"predecessor-version":[{"id":25159,"href":"https:\/\/news.save.ch\/de\/wp-json\/wp\/v2\/posts\/25157\/revisions\/25159"}],"wp:attachment":[{"href":"https:\/\/news.save.ch\/de\/wp-json\/wp\/v2\/media?parent=25157"}],"wp:term":[{"taxonomy":"category","embeddable":true,"href":"https:\/\/news.save.ch\/de\/wp-json\/wp\/v2\/categories?post=25157"},{"taxonomy":"post_tag","embeddable":true,"href":"https:\/\/news.save.ch\/de\/wp-json\/wp\/v2\/tags?post=25157"}],"curies":[{"name":"wp","href":"https:\/\/api.w.org\/{rel}","templated":true}]}}