{"id":2517,"date":"2016-07-04T12:20:13","date_gmt":"2016-07-04T10:20:13","guid":{"rendered":"https:\/\/dev.sicherheitsforum.ch\/?p=2517"},"modified":"2016-07-04T12:20:13","modified_gmt":"2016-07-04T10:20:13","slug":"svti-festigt-seine-strukturen","status":null,"type":"post","link":"https:\/\/news.save.ch\/de\/svti-festigt-seine-strukturen\/","title":{"rendered":"SVTI festigt seine Strukturen"},"content":{"rendered":"<p><img loading=\"lazy\" decoding=\"async\" class=\"alignnone wp-image-2518 size-medium\" src=\"https:\/\/news.save.ch\/wp-content\/uploads\/2016\/12\/SVTI-festigt-seine-Strukturen_sicherheitsforum.jpg\" width=\"680\" height=\"907\" \/><\/p>\n<p>F\u00fcr die <a href=\"https:\/\/www.svti.ch\/de\/\" target=\"_blank\" rel=\"noreferrer noopener\" data-cke-saved-href=\"https:\/\/www.svti.ch\">SVTI<\/a>-Gruppe sei 2015 ein Jahr der Konsolidierung gewesen. Nach der Restrukturierung in den vergangenen Jahren habe der Schweizerische Verein f\u00fcr technische Inspektionen seine neuen Strukturen gefestigt. Die Unternehmung trieb ausserdem das Projekt f\u00fcr den Erweiterungsbau am Standort in Wallisellen ZH voran. Der Neubau werde voraussichtlich im Sommer 2017 bezugsbereit sein, sodass die SVTI-Gruppe ab Herbst 2017 alle Schulungen vor Ort durchf\u00fchren werde. Dank den neuen R\u00e4umlichkeiten mit modernster Infrastruktur entwickelt sich der Standort in Wallisellen zu einem wichtigen Zentrum f\u00fcr Ausbildungen im Bereich Sicherheit von technischen Anlagen und Risikomanagement, wie der Verein betont.<\/p>\n<p><strong>Positives Ergebnis <\/strong><\/p>\n<p>Auch der SVTI und seine Tochterunternehmen h\u00e4tten im Jahr 2015 das schwierige konjunkturelle Umfeld zu sp\u00fcren bekommen. Bei bestimmten Dienstleistungen, wie zum Beispiel den klassischen zerst\u00f6rungsfreien Pr\u00fcfungen, und im Bereich Gefahrgut seien die Ums\u00e4tze leicht r\u00fcckl\u00e4ufig gewesen. Dennoch h\u00e4tten die Inspektorate und die meisten Bereiche der SVTI-Gruppe 2015 die gesteckten Ziele erreicht. Das Betriebsergebnis sei entsprechend erfreulich ausgefallen, heisst es.<\/p>\n<p><strong>Wechsel im Vorstand<\/strong><\/p>\n<p>An der 147. Vereinsversammlung vom 23. Juni in Basel best\u00e4tigten die SVTI-Mitglieder f\u00fcr weitere drei Jahre\u00a0Udo M. B\u00e4ckert (Pr\u00e4sident) und das\u00a0Vorstandsmitglied Patrice Voumard. Neu in den Vorstand gew\u00e4hlt wurde Jean-Pierre Passerat, Gesch\u00e4ftsf\u00fchrer von Leman Bio Energie\u00a0und VR-Pr\u00e4sident der Sappro SA. Robert Fasler hat infolge Pensionierung seinen R\u00fccktritt aus dem Vorstandsgremium erkl\u00e4rt, wie der Verein abschliessend schreibt.<\/p>\n","protected":false},"excerpt":{"rendered":"<p>F\u00fcr die SVTI-Gruppe sei 2015 ein Jahr der Konsolidierung gewesen. Nach der Restrukturierung in den vergangenen Jahren habe der Schweizerische Verein f\u00fcr technische Inspektionen seine neuen Strukturen gefestigt. Die Unternehmung trieb ausserdem das Projekt f\u00fcr den Erweiterungsbau am Standort in Wallisellen ZH voran. Der Neubau werde voraussichtlich im Sommer 2017 bezugsbereit sein, sodass die SVTI-Gruppe [&hellip;]<\/p>\n","protected":false},"author":1,"featured_media":2518,"comment_status":"open","ping_status":"open","sticky":false,"template":"","format":"standard","meta":{"_acf_changed":false,"pgc_sgb_lightbox_settings":"","footnotes":""},"categories":[1],"tags":[65],"class_list":["post-2517","post","type-post","status-publish","format-standard","has-post-thumbnail","hentry","category-allgemein","tag-unternehmen"],"acf":[],"hkrextid":null,"publication":null,"issue":null,"workflow":null,"startPage":null,"spitzmarke":null,"_posts_by_tag_page_fields":{"widget_title":"","widget_tags":""},"_at_widget":"1","_yoast_wpseo_primary_category":"","_yoast_wpseo_focuskw_text_input":"SVTI","_yoast_wpseo_opengraph-image":"https:\/\/news.save.ch\/wp-content\/uploads\/2016\/12\/SVTI-festigt-seine-Strukturen_sicherheitsforum.jpg","_yoast_wpseo_opengraph-description":"Der SVTI blickt auf ein erfolgreiches Gesch\u00e4ftsjahr 2015 zur\u00fcck. Trotz eines schwierigen konjunkturellen Umfelds erreichten alle Inspektorate des SVTI die gesteckten Ziele, wie die Gruppe schreibt.","_yoast_wpseo_opengraph-title":"SVTI festigt seine Strukturen","enclosure":null,"_yoast_wpseo_twitter-title":null,"_yoast_wpseo_twitter-description":null,"_yoast_wpseo_twitter-image":null,"_wp_old_slug":null,"_yoast_wpseo_title":null,"_yoast_wpseo_canonical":null,"yoast_head":"<!-- This site is optimized with the Yoast SEO plugin v27.5 - https:\/\/yoast.com\/product\/yoast-seo-wordpress\/ -->\n<title>SVTI festigt seine Strukturen - Save<\/title>\n<meta name=\"description\" content=\"Der SVTI blickt auf ein erfolgreiches Gesch\u00e4ftsjahr 2015 zur\u00fcck.\" \/>\n<meta name=\"robots\" content=\"index, follow, max-snippet:-1, max-image-preview:large, max-video-preview:-1\" \/>\n<link rel=\"canonical\" href=\"https:\/\/news.save.ch\/de\/svti-festigt-seine-strukturen\/\" \/>\n<meta property=\"og:locale\" content=\"de_DE\" \/>\n<meta property=\"og:type\" content=\"article\" \/>\n<meta property=\"og:title\" content=\"SVTI festigt seine Strukturen\" \/>\n<meta property=\"og:description\" content=\"Der SVTI blickt auf ein erfolgreiches Gesch\u00e4ftsjahr 2015 zur\u00fcck. Trotz eines schwierigen konjunkturellen Umfelds erreichten alle Inspektorate des SVTI die gesteckten Ziele, wie die Gruppe schreibt.\" \/>\n<meta property=\"og:url\" content=\"https:\/\/news.save.ch\/de\/svti-festigt-seine-strukturen\/\" \/>\n<meta property=\"og:site_name\" content=\"Save\" \/>\n<meta property=\"article:published_time\" content=\"2016-07-04T10:20:13+00:00\" \/>\n<meta property=\"og:image\" content=\"https:\/\/news.save.ch\/wp-content\/uploads\/2016\/12\/SVTI-festigt-seine-Strukturen_sicherheitsforum.jpg\" \/>\n<meta name=\"author\" content=\"admin\" \/>\n<meta name=\"twitter:card\" content=\"summary_large_image\" \/>\n<meta name=\"twitter:label1\" content=\"Geschrieben von\" \/>\n\t<meta name=\"twitter:data1\" content=\"admin\" \/>\n\t<meta name=\"twitter:label2\" content=\"Gesch\u00e4tzte Lesezeit\" \/>\n\t<meta name=\"twitter:data2\" content=\"1\u00a0Minute\" \/>\n<script type=\"application\/ld+json\" class=\"yoast-schema-graph\">{\"@context\":\"https:\\\/\\\/schema.org\",\"@graph\":[{\"@type\":\"Article\",\"@id\":\"https:\\\/\\\/news.save.ch\\\/svti-festigt-seine-strukturen\\\/#article\",\"isPartOf\":{\"@id\":\"https:\\\/\\\/news.save.ch\\\/svti-festigt-seine-strukturen\\\/\"},\"author\":{\"name\":\"admin\",\"@id\":\"https:\\\/\\\/news.save.ch\\\/de\\\/#\\\/schema\\\/person\\\/d49e199490bad7c70d64b9ab51142f2b\"},\"headline\":\"SVTI festigt seine Strukturen\",\"datePublished\":\"2016-07-04T10:20:13+00:00\",\"mainEntityOfPage\":{\"@id\":\"https:\\\/\\\/news.save.ch\\\/svti-festigt-seine-strukturen\\\/\"},\"wordCount\":240,\"commentCount\":0,\"publisher\":{\"@id\":\"https:\\\/\\\/news.save.ch\\\/de\\\/#organization\"},\"image\":{\"@id\":\"https:\\\/\\\/news.save.ch\\\/svti-festigt-seine-strukturen\\\/#primaryimage\"},\"thumbnailUrl\":\"https:\\\/\\\/news.save.ch\\\/wp-content\\\/uploads\\\/2016\\\/12\\\/SVTI-festigt-seine-Strukturen_sicherheitsforum-scaled.jpg\",\"keywords\":[\"Unternehmen\"],\"articleSection\":[\"ALLGEMEIN\"],\"inLanguage\":\"de\"},{\"@type\":\"WebPage\",\"@id\":\"https:\\\/\\\/news.save.ch\\\/svti-festigt-seine-strukturen\\\/\",\"url\":\"https:\\\/\\\/news.save.ch\\\/svti-festigt-seine-strukturen\\\/\",\"name\":\"SVTI festigt seine Strukturen - Save\",\"isPartOf\":{\"@id\":\"https:\\\/\\\/news.save.ch\\\/de\\\/#website\"},\"primaryImageOfPage\":{\"@id\":\"https:\\\/\\\/news.save.ch\\\/svti-festigt-seine-strukturen\\\/#primaryimage\"},\"image\":{\"@id\":\"https:\\\/\\\/news.save.ch\\\/svti-festigt-seine-strukturen\\\/#primaryimage\"},\"thumbnailUrl\":\"https:\\\/\\\/news.save.ch\\\/wp-content\\\/uploads\\\/2016\\\/12\\\/SVTI-festigt-seine-Strukturen_sicherheitsforum-scaled.jpg\",\"datePublished\":\"2016-07-04T10:20:13+00:00\",\"description\":\"Der SVTI blickt auf ein erfolgreiches Gesch\u00e4ftsjahr 2015 zur\u00fcck.\",\"breadcrumb\":{\"@id\":\"https:\\\/\\\/news.save.ch\\\/svti-festigt-seine-strukturen\\\/#breadcrumb\"},\"inLanguage\":\"de\",\"potentialAction\":[{\"@type\":\"ReadAction\",\"target\":[\"https:\\\/\\\/news.save.ch\\\/svti-festigt-seine-strukturen\\\/\"]}]},{\"@type\":\"ImageObject\",\"inLanguage\":\"de\",\"@id\":\"https:\\\/\\\/news.save.ch\\\/svti-festigt-seine-strukturen\\\/#primaryimage\",\"url\":\"https:\\\/\\\/news.save.ch\\\/wp-content\\\/uploads\\\/2016\\\/12\\\/SVTI-festigt-seine-Strukturen_sicherheitsforum-scaled.jpg\",\"contentUrl\":\"https:\\\/\\\/news.save.ch\\\/wp-content\\\/uploads\\\/2016\\\/12\\\/SVTI-festigt-seine-Strukturen_sicherheitsforum-scaled.jpg\",\"width\":1050,\"height\":1400},{\"@type\":\"BreadcrumbList\",\"@id\":\"https:\\\/\\\/news.save.ch\\\/svti-festigt-seine-strukturen\\\/#breadcrumb\",\"itemListElement\":[{\"@type\":\"ListItem\",\"position\":1,\"name\":\"Home\",\"item\":\"https:\\\/\\\/news.save.ch\\\/de\\\/\"},{\"@type\":\"ListItem\",\"position\":2,\"name\":\"SVTI festigt seine Strukturen\"}]},{\"@type\":\"WebSite\",\"@id\":\"https:\\\/\\\/news.save.ch\\\/de\\\/#website\",\"url\":\"https:\\\/\\\/news.save.ch\\\/de\\\/\",\"name\":\"Save\",\"description\":\"Schweizer Fachzeitschrift f\u00fcr Sicherheit\",\"publisher\":{\"@id\":\"https:\\\/\\\/news.save.ch\\\/de\\\/#organization\"},\"potentialAction\":[{\"@type\":\"SearchAction\",\"target\":{\"@type\":\"EntryPoint\",\"urlTemplate\":\"https:\\\/\\\/news.save.ch\\\/de\\\/?s={search_term_string}\"},\"query-input\":{\"@type\":\"PropertyValueSpecification\",\"valueRequired\":true,\"valueName\":\"search_term_string\"}}],\"inLanguage\":\"de\"},{\"@type\":\"Organization\",\"@id\":\"https:\\\/\\\/news.save.ch\\\/de\\\/#organization\",\"name\":\"Sicherheitsforum\",\"url\":\"https:\\\/\\\/news.save.ch\\\/de\\\/\",\"logo\":{\"@type\":\"ImageObject\",\"inLanguage\":\"de\",\"@id\":\"https:\\\/\\\/news.save.ch\\\/de\\\/#\\\/schema\\\/logo\\\/image\\\/\",\"url\":\"https:\\\/\\\/news.save.ch\\\/wp-content\\\/uploads\\\/2022\\\/06\\\/Logo_SF_2012.png\",\"contentUrl\":\"https:\\\/\\\/news.save.ch\\\/wp-content\\\/uploads\\\/2022\\\/06\\\/Logo_SF_2012.png\",\"width\":1100,\"height\":91,\"caption\":\"Sicherheitsforum\"},\"image\":{\"@id\":\"https:\\\/\\\/news.save.ch\\\/de\\\/#\\\/schema\\\/logo\\\/image\\\/\"}},{\"@type\":\"Person\",\"@id\":\"https:\\\/\\\/news.save.ch\\\/de\\\/#\\\/schema\\\/person\\\/d49e199490bad7c70d64b9ab51142f2b\",\"name\":\"admin\",\"image\":{\"@type\":\"ImageObject\",\"inLanguage\":\"de\",\"@id\":\"https:\\\/\\\/secure.gravatar.com\\\/avatar\\\/ae2f4d718e6c49043e314ce431e7e645d646302a24a5ef5a8bc8e3f5a032e319?s=96&d=mm&r=g\",\"url\":\"https:\\\/\\\/secure.gravatar.com\\\/avatar\\\/ae2f4d718e6c49043e314ce431e7e645d646302a24a5ef5a8bc8e3f5a032e319?s=96&d=mm&r=g\",\"contentUrl\":\"https:\\\/\\\/secure.gravatar.com\\\/avatar\\\/ae2f4d718e6c49043e314ce431e7e645d646302a24a5ef5a8bc8e3f5a032e319?s=96&d=mm&r=g\",\"caption\":\"admin\"},\"sameAs\":[\"https:\\\/\\\/develop.organisator.galledia.ch\"],\"url\":\"https:\\\/\\\/news.save.ch\\\/de\\\/author\\\/admin\\\/\"}]}<\/script>\n<!-- \/ Yoast SEO plugin. -->","yoast_head_json":{"title":"SVTI festigt seine Strukturen - Save","description":"Der SVTI blickt auf ein erfolgreiches Gesch\u00e4ftsjahr 2015 zur\u00fcck.","robots":{"index":"index","follow":"follow","max-snippet":"max-snippet:-1","max-image-preview":"max-image-preview:large","max-video-preview":"max-video-preview:-1"},"canonical":"https:\/\/news.save.ch\/de\/svti-festigt-seine-strukturen\/","og_locale":"de_DE","og_type":"article","og_title":"SVTI festigt seine Strukturen","og_description":"Der SVTI blickt auf ein erfolgreiches Gesch\u00e4ftsjahr 2015 zur\u00fcck. Trotz eines schwierigen konjunkturellen Umfelds erreichten alle Inspektorate des SVTI die gesteckten Ziele, wie die Gruppe schreibt.","og_url":"https:\/\/news.save.ch\/de\/svti-festigt-seine-strukturen\/","og_site_name":"Save","article_published_time":"2016-07-04T10:20:13+00:00","og_image":[{"url":"https:\/\/news.save.ch\/wp-content\/uploads\/2016\/12\/SVTI-festigt-seine-Strukturen_sicherheitsforum.jpg","type":"","width":"","height":""}],"author":"admin","twitter_card":"summary_large_image","twitter_misc":{"Geschrieben von":"admin","Gesch\u00e4tzte Lesezeit":"1\u00a0Minute"},"schema":{"@context":"https:\/\/schema.org","@graph":[{"@type":"Article","@id":"https:\/\/news.save.ch\/svti-festigt-seine-strukturen\/#article","isPartOf":{"@id":"https:\/\/news.save.ch\/svti-festigt-seine-strukturen\/"},"author":{"name":"admin","@id":"https:\/\/news.save.ch\/de\/#\/schema\/person\/d49e199490bad7c70d64b9ab51142f2b"},"headline":"SVTI festigt seine Strukturen","datePublished":"2016-07-04T10:20:13+00:00","mainEntityOfPage":{"@id":"https:\/\/news.save.ch\/svti-festigt-seine-strukturen\/"},"wordCount":240,"commentCount":0,"publisher":{"@id":"https:\/\/news.save.ch\/de\/#organization"},"image":{"@id":"https:\/\/news.save.ch\/svti-festigt-seine-strukturen\/#primaryimage"},"thumbnailUrl":"https:\/\/news.save.ch\/wp-content\/uploads\/2016\/12\/SVTI-festigt-seine-Strukturen_sicherheitsforum-scaled.jpg","keywords":["Unternehmen"],"articleSection":["ALLGEMEIN"],"inLanguage":"de"},{"@type":"WebPage","@id":"https:\/\/news.save.ch\/svti-festigt-seine-strukturen\/","url":"https:\/\/news.save.ch\/svti-festigt-seine-strukturen\/","name":"SVTI festigt seine Strukturen - Save","isPartOf":{"@id":"https:\/\/news.save.ch\/de\/#website"},"primaryImageOfPage":{"@id":"https:\/\/news.save.ch\/svti-festigt-seine-strukturen\/#primaryimage"},"image":{"@id":"https:\/\/news.save.ch\/svti-festigt-seine-strukturen\/#primaryimage"},"thumbnailUrl":"https:\/\/news.save.ch\/wp-content\/uploads\/2016\/12\/SVTI-festigt-seine-Strukturen_sicherheitsforum-scaled.jpg","datePublished":"2016-07-04T10:20:13+00:00","description":"Der SVTI blickt auf ein erfolgreiches Gesch\u00e4ftsjahr 2015 zur\u00fcck.","breadcrumb":{"@id":"https:\/\/news.save.ch\/svti-festigt-seine-strukturen\/#breadcrumb"},"inLanguage":"de","potentialAction":[{"@type":"ReadAction","target":["https:\/\/news.save.ch\/svti-festigt-seine-strukturen\/"]}]},{"@type":"ImageObject","inLanguage":"de","@id":"https:\/\/news.save.ch\/svti-festigt-seine-strukturen\/#primaryimage","url":"https:\/\/news.save.ch\/wp-content\/uploads\/2016\/12\/SVTI-festigt-seine-Strukturen_sicherheitsforum-scaled.jpg","contentUrl":"https:\/\/news.save.ch\/wp-content\/uploads\/2016\/12\/SVTI-festigt-seine-Strukturen_sicherheitsforum-scaled.jpg","width":1050,"height":1400},{"@type":"BreadcrumbList","@id":"https:\/\/news.save.ch\/svti-festigt-seine-strukturen\/#breadcrumb","itemListElement":[{"@type":"ListItem","position":1,"name":"Home","item":"https:\/\/news.save.ch\/de\/"},{"@type":"ListItem","position":2,"name":"SVTI festigt seine Strukturen"}]},{"@type":"WebSite","@id":"https:\/\/news.save.ch\/de\/#website","url":"https:\/\/news.save.ch\/de\/","name":"Save","description":"Schweizer Fachzeitschrift f\u00fcr Sicherheit","publisher":{"@id":"https:\/\/news.save.ch\/de\/#organization"},"potentialAction":[{"@type":"SearchAction","target":{"@type":"EntryPoint","urlTemplate":"https:\/\/news.save.ch\/de\/?s={search_term_string}"},"query-input":{"@type":"PropertyValueSpecification","valueRequired":true,"valueName":"search_term_string"}}],"inLanguage":"de"},{"@type":"Organization","@id":"https:\/\/news.save.ch\/de\/#organization","name":"Sicherheitsforum","url":"https:\/\/news.save.ch\/de\/","logo":{"@type":"ImageObject","inLanguage":"de","@id":"https:\/\/news.save.ch\/de\/#\/schema\/logo\/image\/","url":"https:\/\/news.save.ch\/wp-content\/uploads\/2022\/06\/Logo_SF_2012.png","contentUrl":"https:\/\/news.save.ch\/wp-content\/uploads\/2022\/06\/Logo_SF_2012.png","width":1100,"height":91,"caption":"Sicherheitsforum"},"image":{"@id":"https:\/\/news.save.ch\/de\/#\/schema\/logo\/image\/"}},{"@type":"Person","@id":"https:\/\/news.save.ch\/de\/#\/schema\/person\/d49e199490bad7c70d64b9ab51142f2b","name":"admin","image":{"@type":"ImageObject","inLanguage":"de","@id":"https:\/\/secure.gravatar.com\/avatar\/ae2f4d718e6c49043e314ce431e7e645d646302a24a5ef5a8bc8e3f5a032e319?s=96&d=mm&r=g","url":"https:\/\/secure.gravatar.com\/avatar\/ae2f4d718e6c49043e314ce431e7e645d646302a24a5ef5a8bc8e3f5a032e319?s=96&d=mm&r=g","contentUrl":"https:\/\/secure.gravatar.com\/avatar\/ae2f4d718e6c49043e314ce431e7e645d646302a24a5ef5a8bc8e3f5a032e319?s=96&d=mm&r=g","caption":"admin"},"sameAs":["https:\/\/develop.organisator.galledia.ch"],"url":"https:\/\/news.save.ch\/de\/author\/admin\/"}]}},"_links":{"self":[{"href":"https:\/\/news.save.ch\/de\/wp-json\/wp\/v2\/posts\/2517","targetHints":{"allow":["GET"]}}],"collection":[{"href":"https:\/\/news.save.ch\/de\/wp-json\/wp\/v2\/posts"}],"about":[{"href":"https:\/\/news.save.ch\/de\/wp-json\/wp\/v2\/types\/post"}],"author":[{"embeddable":true,"href":"https:\/\/news.save.ch\/de\/wp-json\/wp\/v2\/users\/1"}],"replies":[{"embeddable":true,"href":"https:\/\/news.save.ch\/de\/wp-json\/wp\/v2\/comments?post=2517"}],"version-history":[{"count":0,"href":"https:\/\/news.save.ch\/de\/wp-json\/wp\/v2\/posts\/2517\/revisions"}],"wp:featuredmedia":[{"embeddable":true,"href":"https:\/\/news.save.ch\/de\/wp-json\/wp\/v2\/media\/2518"}],"wp:attachment":[{"href":"https:\/\/news.save.ch\/de\/wp-json\/wp\/v2\/media?parent=2517"}],"wp:term":[{"taxonomy":"category","embeddable":true,"href":"https:\/\/news.save.ch\/de\/wp-json\/wp\/v2\/categories?post=2517"},{"taxonomy":"post_tag","embeddable":true,"href":"https:\/\/news.save.ch\/de\/wp-json\/wp\/v2\/tags?post=2517"}],"curies":[{"name":"wp","href":"https:\/\/api.w.org\/{rel}","templated":true}]}}