{"id":253,"date":"2015-03-18T08:20:37","date_gmt":"2015-03-18T07:20:37","guid":{"rendered":"https:\/\/dev.sicherheitsforum.ch\/?p=253"},"modified":"2023-03-14T08:57:43","modified_gmt":"2023-03-14T07:57:43","slug":"lauscher-ausgesperrt","status":null,"type":"post","link":"https:\/\/news.save.ch\/de\/lauscher-ausgesperrt\/","title":{"rendered":"Lauscher ausgesperrt"},"content":{"rendered":"<figure id=\"attachment_254\" aria-describedby=\"caption-attachment-254\" style=\"width: 680px\" class=\"wp-caption alignnone\"><img loading=\"lazy\" decoding=\"async\" class=\"size-medium wp-image-254\" src=\"https:\/\/sicherheitsforum.ch\/wp-content\/uploads\/2016\/12\/Lauscher-ausgesperrt-it-security.jpg\" alt=\"Verschl\u00fcsselte Kommunikation\" width=\"680\" height=\"412\" \/><figcaption id=\"caption-attachment-254\" class=\"wp-caption-text\">Verschl\u00fcsselte Kommunikation<\/figcaption><\/figure>\n<p>&nbsp;<\/p>\n<p>Die <a title=\"Link zur Firmen-Hompage\" href=\"https:\/\/www.telekom.com\" target=\"_blank\" data-cke-saved-href=\"https:\/\/www.telekom.com\" rel=\"noopener\">Deutsche Telekom<\/a> erweitert die M\u00f6glichkeiten der verschl\u00fcsselten Kommunikation: Anl\u00e4sslich der <a title=\"Link zur Veranstaltung\" href=\"https:\/\/www.cebit.de\" target=\"_blank\" data-cke-saved-href=\"https:\/\/www.cebit.de\" rel=\"noopener\">CeBIT 2015 <\/a>zeigt das Unternehmen eine Reihe von Neuerungen in ihrer Mobile Encryption App, einer mobilen Verschl\u00fcsselungsl\u00f6sung f\u00fcr Smartphones. Damit k\u00f6nnen Kunden sichere, verschl\u00fcsselte Telefonkonferenzen zu dritt abhalten, wie der Anbieter schreibt. Dar\u00fcber hinaus k\u00f6nne die L\u00f6sung jetzt in bestehende Festnetz- Technikwelten integriert werden. Damit werde verschl\u00fcsselte Kommunikation von der Telefonanlage im B\u00fcro aufs Handy und umgekehrt m\u00f6glich.<\/p>\n<p>Bis anhin hat die Telekom den Source-Code der App interessierten Kunden zur Verf\u00fcgung gestellt. Jetzt ver\u00f6ffentlicht sie den Code frei im Netz. Die App funktioniert im Gegensatz zu anderen L\u00f6sungen in jedem Telefonnetz und sogar ohne SIM-Karte \u00fcber WLAN, wie der Anbieter betont. Selbst in L\u00e4ndern, in denen das Telefonieren \u00fcber das Internet blockiert werde, lasse sich mit Hilfe der L\u00f6sung verschl\u00fcsselt kommunizieren.<\/p>\n","protected":false},"excerpt":{"rendered":"<p>&nbsp; Die Deutsche Telekom erweitert die M\u00f6glichkeiten der verschl\u00fcsselten Kommunikation: Anl\u00e4sslich der CeBIT 2015 zeigt das Unternehmen eine Reihe von Neuerungen in ihrer Mobile Encryption App, einer mobilen Verschl\u00fcsselungsl\u00f6sung f\u00fcr Smartphones. Damit k\u00f6nnen Kunden sichere, verschl\u00fcsselte Telefonkonferenzen zu dritt abhalten, wie der Anbieter schreibt. Dar\u00fcber hinaus k\u00f6nne die L\u00f6sung jetzt in bestehende Festnetz- Technikwelten integriert [&hellip;]<\/p>\n","protected":false},"author":1,"featured_media":254,"comment_status":"open","ping_status":"open","sticky":false,"template":"","format":"standard","meta":{"_acf_changed":false,"pgc_sgb_lightbox_settings":"","footnotes":""},"categories":[3313],"tags":[96,62,63],"class_list":["post-253","post","type-post","status-publish","format-standard","has-post-thumbnail","hentry","category-digitalisierung","tag-cyber-crime","tag-ict-sicherheit","tag-it-security"],"acf":[],"hkrextid":null,"publication":null,"issue":null,"workflow":null,"startPage":null,"spitzmarke":null,"_posts_by_tag_page_fields":{"widget_title":"","widget_tags":""},"_at_widget":"1","_yoast_wpseo_primary_category":"2","_yoast_wpseo_focuskw_text_input":"verschl\u00fcsselte Kommunikation","_yoast_wpseo_opengraph-image":"https:\/\/sicherheitsforum.ch\/wp-content\/uploads\/2016\/12\/Lauscher-ausgesperrt-it-security.jpg","_yoast_wpseo_opengraph-description":"Die Deutsche Telekom erweitert die M\u00f6glichkeiten der verschl\u00fcsselten Kommunikation.","_yoast_wpseo_opengraph-title":"Lauscher ausgesperrt","enclosure":null,"_yoast_wpseo_twitter-title":null,"_yoast_wpseo_twitter-description":null,"_yoast_wpseo_twitter-image":null,"_wp_old_slug":null,"_yoast_wpseo_title":null,"_yoast_wpseo_canonical":null,"yoast_head":"<!-- This site is optimized with the Yoast SEO plugin v27.5 - https:\/\/yoast.com\/product\/yoast-seo-wordpress\/ -->\n<title>Lauscher ausgesperrt - Save<\/title>\n<meta name=\"description\" content=\"Die Deutsche Telekom erweitert die M\u00f6glichkeiten der verschl\u00fcsselten Kommunikation.\" \/>\n<meta name=\"robots\" content=\"index, follow, max-snippet:-1, max-image-preview:large, max-video-preview:-1\" \/>\n<link rel=\"canonical\" href=\"https:\/\/news.save.ch\/de\/lauscher-ausgesperrt\/\" \/>\n<meta property=\"og:locale\" content=\"de_DE\" \/>\n<meta property=\"og:type\" content=\"article\" \/>\n<meta property=\"og:title\" content=\"Lauscher ausgesperrt\" \/>\n<meta property=\"og:description\" content=\"Die Deutsche Telekom erweitert die M\u00f6glichkeiten der verschl\u00fcsselten Kommunikation.\" \/>\n<meta property=\"og:url\" content=\"https:\/\/news.save.ch\/de\/lauscher-ausgesperrt\/\" \/>\n<meta property=\"og:site_name\" content=\"Save\" \/>\n<meta property=\"article:published_time\" content=\"2015-03-18T07:20:37+00:00\" \/>\n<meta property=\"article:modified_time\" content=\"2023-03-14T07:57:43+00:00\" \/>\n<meta property=\"og:image\" content=\"https:\/\/sicherheitsforum.ch\/wp-content\/uploads\/2016\/12\/Lauscher-ausgesperrt-it-security.jpg\" \/>\n<meta name=\"author\" content=\"admin\" \/>\n<meta name=\"twitter:card\" content=\"summary_large_image\" \/>\n<meta name=\"twitter:label1\" content=\"Geschrieben von\" \/>\n\t<meta name=\"twitter:data1\" content=\"admin\" \/>\n\t<meta name=\"twitter:label2\" content=\"Gesch\u00e4tzte Lesezeit\" \/>\n\t<meta name=\"twitter:data2\" content=\"1\u00a0Minute\" \/>\n<script type=\"application\/ld+json\" class=\"yoast-schema-graph\">{\"@context\":\"https:\\\/\\\/schema.org\",\"@graph\":[{\"@type\":\"Article\",\"@id\":\"https:\\\/\\\/news.save.ch\\\/lauscher-ausgesperrt\\\/#article\",\"isPartOf\":{\"@id\":\"https:\\\/\\\/news.save.ch\\\/lauscher-ausgesperrt\\\/\"},\"author\":{\"name\":\"admin\",\"@id\":\"https:\\\/\\\/news.save.ch\\\/de\\\/#\\\/schema\\\/person\\\/d49e199490bad7c70d64b9ab51142f2b\"},\"headline\":\"Lauscher ausgesperrt\",\"datePublished\":\"2015-03-18T07:20:37+00:00\",\"dateModified\":\"2023-03-14T07:57:43+00:00\",\"mainEntityOfPage\":{\"@id\":\"https:\\\/\\\/news.save.ch\\\/lauscher-ausgesperrt\\\/\"},\"wordCount\":164,\"commentCount\":0,\"publisher\":{\"@id\":\"https:\\\/\\\/news.save.ch\\\/de\\\/#organization\"},\"image\":{\"@id\":\"https:\\\/\\\/news.save.ch\\\/lauscher-ausgesperrt\\\/#primaryimage\"},\"thumbnailUrl\":\"https:\\\/\\\/news.save.ch\\\/wp-content\\\/uploads\\\/2016\\\/12\\\/Lauscher-ausgesperrt-it-security-scaled-1-scaled.jpg\",\"keywords\":[\"Cyber-Crime\",\"ICT-Sicherheit\",\"IT-SECURITY\"],\"articleSection\":[\"DIGITALISIERUNG\"],\"inLanguage\":\"de\"},{\"@type\":\"WebPage\",\"@id\":\"https:\\\/\\\/news.save.ch\\\/lauscher-ausgesperrt\\\/\",\"url\":\"https:\\\/\\\/news.save.ch\\\/lauscher-ausgesperrt\\\/\",\"name\":\"Lauscher ausgesperrt - Save\",\"isPartOf\":{\"@id\":\"https:\\\/\\\/news.save.ch\\\/de\\\/#website\"},\"primaryImageOfPage\":{\"@id\":\"https:\\\/\\\/news.save.ch\\\/lauscher-ausgesperrt\\\/#primaryimage\"},\"image\":{\"@id\":\"https:\\\/\\\/news.save.ch\\\/lauscher-ausgesperrt\\\/#primaryimage\"},\"thumbnailUrl\":\"https:\\\/\\\/news.save.ch\\\/wp-content\\\/uploads\\\/2016\\\/12\\\/Lauscher-ausgesperrt-it-security-scaled-1-scaled.jpg\",\"datePublished\":\"2015-03-18T07:20:37+00:00\",\"dateModified\":\"2023-03-14T07:57:43+00:00\",\"description\":\"Die Deutsche Telekom erweitert die M\u00f6glichkeiten der verschl\u00fcsselten Kommunikation.\",\"breadcrumb\":{\"@id\":\"https:\\\/\\\/news.save.ch\\\/lauscher-ausgesperrt\\\/#breadcrumb\"},\"inLanguage\":\"de\",\"potentialAction\":[{\"@type\":\"ReadAction\",\"target\":[\"https:\\\/\\\/news.save.ch\\\/lauscher-ausgesperrt\\\/\"]}]},{\"@type\":\"ImageObject\",\"inLanguage\":\"de\",\"@id\":\"https:\\\/\\\/news.save.ch\\\/lauscher-ausgesperrt\\\/#primaryimage\",\"url\":\"https:\\\/\\\/news.save.ch\\\/wp-content\\\/uploads\\\/2016\\\/12\\\/Lauscher-ausgesperrt-it-security-scaled-1-scaled.jpg\",\"contentUrl\":\"https:\\\/\\\/news.save.ch\\\/wp-content\\\/uploads\\\/2016\\\/12\\\/Lauscher-ausgesperrt-it-security-scaled-1-scaled.jpg\",\"width\":1400,\"height\":849,\"caption\":\"Verschl\u00fcsselte Kommunikation\"},{\"@type\":\"BreadcrumbList\",\"@id\":\"https:\\\/\\\/news.save.ch\\\/lauscher-ausgesperrt\\\/#breadcrumb\",\"itemListElement\":[{\"@type\":\"ListItem\",\"position\":1,\"name\":\"Home\",\"item\":\"https:\\\/\\\/news.save.ch\\\/de\\\/\"},{\"@type\":\"ListItem\",\"position\":2,\"name\":\"Lauscher ausgesperrt\"}]},{\"@type\":\"WebSite\",\"@id\":\"https:\\\/\\\/news.save.ch\\\/de\\\/#website\",\"url\":\"https:\\\/\\\/news.save.ch\\\/de\\\/\",\"name\":\"Save\",\"description\":\"Schweizer Fachzeitschrift f\u00fcr Sicherheit\",\"publisher\":{\"@id\":\"https:\\\/\\\/news.save.ch\\\/de\\\/#organization\"},\"potentialAction\":[{\"@type\":\"SearchAction\",\"target\":{\"@type\":\"EntryPoint\",\"urlTemplate\":\"https:\\\/\\\/news.save.ch\\\/de\\\/?s={search_term_string}\"},\"query-input\":{\"@type\":\"PropertyValueSpecification\",\"valueRequired\":true,\"valueName\":\"search_term_string\"}}],\"inLanguage\":\"de\"},{\"@type\":\"Organization\",\"@id\":\"https:\\\/\\\/news.save.ch\\\/de\\\/#organization\",\"name\":\"Sicherheitsforum\",\"url\":\"https:\\\/\\\/news.save.ch\\\/de\\\/\",\"logo\":{\"@type\":\"ImageObject\",\"inLanguage\":\"de\",\"@id\":\"https:\\\/\\\/news.save.ch\\\/de\\\/#\\\/schema\\\/logo\\\/image\\\/\",\"url\":\"https:\\\/\\\/news.save.ch\\\/wp-content\\\/uploads\\\/2022\\\/06\\\/Logo_SF_2012.png\",\"contentUrl\":\"https:\\\/\\\/news.save.ch\\\/wp-content\\\/uploads\\\/2022\\\/06\\\/Logo_SF_2012.png\",\"width\":1100,\"height\":91,\"caption\":\"Sicherheitsforum\"},\"image\":{\"@id\":\"https:\\\/\\\/news.save.ch\\\/de\\\/#\\\/schema\\\/logo\\\/image\\\/\"}},{\"@type\":\"Person\",\"@id\":\"https:\\\/\\\/news.save.ch\\\/de\\\/#\\\/schema\\\/person\\\/d49e199490bad7c70d64b9ab51142f2b\",\"name\":\"admin\",\"image\":{\"@type\":\"ImageObject\",\"inLanguage\":\"de\",\"@id\":\"https:\\\/\\\/secure.gravatar.com\\\/avatar\\\/ae2f4d718e6c49043e314ce431e7e645d646302a24a5ef5a8bc8e3f5a032e319?s=96&d=mm&r=g\",\"url\":\"https:\\\/\\\/secure.gravatar.com\\\/avatar\\\/ae2f4d718e6c49043e314ce431e7e645d646302a24a5ef5a8bc8e3f5a032e319?s=96&d=mm&r=g\",\"contentUrl\":\"https:\\\/\\\/secure.gravatar.com\\\/avatar\\\/ae2f4d718e6c49043e314ce431e7e645d646302a24a5ef5a8bc8e3f5a032e319?s=96&d=mm&r=g\",\"caption\":\"admin\"},\"sameAs\":[\"https:\\\/\\\/develop.organisator.galledia.ch\"],\"url\":\"https:\\\/\\\/news.save.ch\\\/de\\\/author\\\/admin\\\/\"}]}<\/script>\n<!-- \/ Yoast SEO plugin. -->","yoast_head_json":{"title":"Lauscher ausgesperrt - Save","description":"Die Deutsche Telekom erweitert die M\u00f6glichkeiten der verschl\u00fcsselten Kommunikation.","robots":{"index":"index","follow":"follow","max-snippet":"max-snippet:-1","max-image-preview":"max-image-preview:large","max-video-preview":"max-video-preview:-1"},"canonical":"https:\/\/news.save.ch\/de\/lauscher-ausgesperrt\/","og_locale":"de_DE","og_type":"article","og_title":"Lauscher ausgesperrt","og_description":"Die Deutsche Telekom erweitert die M\u00f6glichkeiten der verschl\u00fcsselten Kommunikation.","og_url":"https:\/\/news.save.ch\/de\/lauscher-ausgesperrt\/","og_site_name":"Save","article_published_time":"2015-03-18T07:20:37+00:00","article_modified_time":"2023-03-14T07:57:43+00:00","og_image":[{"url":"https:\/\/sicherheitsforum.ch\/wp-content\/uploads\/2016\/12\/Lauscher-ausgesperrt-it-security.jpg","type":"","width":"","height":""}],"author":"admin","twitter_card":"summary_large_image","twitter_misc":{"Geschrieben von":"admin","Gesch\u00e4tzte Lesezeit":"1\u00a0Minute"},"schema":{"@context":"https:\/\/schema.org","@graph":[{"@type":"Article","@id":"https:\/\/news.save.ch\/lauscher-ausgesperrt\/#article","isPartOf":{"@id":"https:\/\/news.save.ch\/lauscher-ausgesperrt\/"},"author":{"name":"admin","@id":"https:\/\/news.save.ch\/de\/#\/schema\/person\/d49e199490bad7c70d64b9ab51142f2b"},"headline":"Lauscher ausgesperrt","datePublished":"2015-03-18T07:20:37+00:00","dateModified":"2023-03-14T07:57:43+00:00","mainEntityOfPage":{"@id":"https:\/\/news.save.ch\/lauscher-ausgesperrt\/"},"wordCount":164,"commentCount":0,"publisher":{"@id":"https:\/\/news.save.ch\/de\/#organization"},"image":{"@id":"https:\/\/news.save.ch\/lauscher-ausgesperrt\/#primaryimage"},"thumbnailUrl":"https:\/\/news.save.ch\/wp-content\/uploads\/2016\/12\/Lauscher-ausgesperrt-it-security-scaled-1-scaled.jpg","keywords":["Cyber-Crime","ICT-Sicherheit","IT-SECURITY"],"articleSection":["DIGITALISIERUNG"],"inLanguage":"de"},{"@type":"WebPage","@id":"https:\/\/news.save.ch\/lauscher-ausgesperrt\/","url":"https:\/\/news.save.ch\/lauscher-ausgesperrt\/","name":"Lauscher ausgesperrt - Save","isPartOf":{"@id":"https:\/\/news.save.ch\/de\/#website"},"primaryImageOfPage":{"@id":"https:\/\/news.save.ch\/lauscher-ausgesperrt\/#primaryimage"},"image":{"@id":"https:\/\/news.save.ch\/lauscher-ausgesperrt\/#primaryimage"},"thumbnailUrl":"https:\/\/news.save.ch\/wp-content\/uploads\/2016\/12\/Lauscher-ausgesperrt-it-security-scaled-1-scaled.jpg","datePublished":"2015-03-18T07:20:37+00:00","dateModified":"2023-03-14T07:57:43+00:00","description":"Die Deutsche Telekom erweitert die M\u00f6glichkeiten der verschl\u00fcsselten Kommunikation.","breadcrumb":{"@id":"https:\/\/news.save.ch\/lauscher-ausgesperrt\/#breadcrumb"},"inLanguage":"de","potentialAction":[{"@type":"ReadAction","target":["https:\/\/news.save.ch\/lauscher-ausgesperrt\/"]}]},{"@type":"ImageObject","inLanguage":"de","@id":"https:\/\/news.save.ch\/lauscher-ausgesperrt\/#primaryimage","url":"https:\/\/news.save.ch\/wp-content\/uploads\/2016\/12\/Lauscher-ausgesperrt-it-security-scaled-1-scaled.jpg","contentUrl":"https:\/\/news.save.ch\/wp-content\/uploads\/2016\/12\/Lauscher-ausgesperrt-it-security-scaled-1-scaled.jpg","width":1400,"height":849,"caption":"Verschl\u00fcsselte Kommunikation"},{"@type":"BreadcrumbList","@id":"https:\/\/news.save.ch\/lauscher-ausgesperrt\/#breadcrumb","itemListElement":[{"@type":"ListItem","position":1,"name":"Home","item":"https:\/\/news.save.ch\/de\/"},{"@type":"ListItem","position":2,"name":"Lauscher ausgesperrt"}]},{"@type":"WebSite","@id":"https:\/\/news.save.ch\/de\/#website","url":"https:\/\/news.save.ch\/de\/","name":"Save","description":"Schweizer Fachzeitschrift f\u00fcr Sicherheit","publisher":{"@id":"https:\/\/news.save.ch\/de\/#organization"},"potentialAction":[{"@type":"SearchAction","target":{"@type":"EntryPoint","urlTemplate":"https:\/\/news.save.ch\/de\/?s={search_term_string}"},"query-input":{"@type":"PropertyValueSpecification","valueRequired":true,"valueName":"search_term_string"}}],"inLanguage":"de"},{"@type":"Organization","@id":"https:\/\/news.save.ch\/de\/#organization","name":"Sicherheitsforum","url":"https:\/\/news.save.ch\/de\/","logo":{"@type":"ImageObject","inLanguage":"de","@id":"https:\/\/news.save.ch\/de\/#\/schema\/logo\/image\/","url":"https:\/\/news.save.ch\/wp-content\/uploads\/2022\/06\/Logo_SF_2012.png","contentUrl":"https:\/\/news.save.ch\/wp-content\/uploads\/2022\/06\/Logo_SF_2012.png","width":1100,"height":91,"caption":"Sicherheitsforum"},"image":{"@id":"https:\/\/news.save.ch\/de\/#\/schema\/logo\/image\/"}},{"@type":"Person","@id":"https:\/\/news.save.ch\/de\/#\/schema\/person\/d49e199490bad7c70d64b9ab51142f2b","name":"admin","image":{"@type":"ImageObject","inLanguage":"de","@id":"https:\/\/secure.gravatar.com\/avatar\/ae2f4d718e6c49043e314ce431e7e645d646302a24a5ef5a8bc8e3f5a032e319?s=96&d=mm&r=g","url":"https:\/\/secure.gravatar.com\/avatar\/ae2f4d718e6c49043e314ce431e7e645d646302a24a5ef5a8bc8e3f5a032e319?s=96&d=mm&r=g","contentUrl":"https:\/\/secure.gravatar.com\/avatar\/ae2f4d718e6c49043e314ce431e7e645d646302a24a5ef5a8bc8e3f5a032e319?s=96&d=mm&r=g","caption":"admin"},"sameAs":["https:\/\/develop.organisator.galledia.ch"],"url":"https:\/\/news.save.ch\/de\/author\/admin\/"}]}},"_links":{"self":[{"href":"https:\/\/news.save.ch\/de\/wp-json\/wp\/v2\/posts\/253","targetHints":{"allow":["GET"]}}],"collection":[{"href":"https:\/\/news.save.ch\/de\/wp-json\/wp\/v2\/posts"}],"about":[{"href":"https:\/\/news.save.ch\/de\/wp-json\/wp\/v2\/types\/post"}],"author":[{"embeddable":true,"href":"https:\/\/news.save.ch\/de\/wp-json\/wp\/v2\/users\/1"}],"replies":[{"embeddable":true,"href":"https:\/\/news.save.ch\/de\/wp-json\/wp\/v2\/comments?post=253"}],"version-history":[{"count":1,"href":"https:\/\/news.save.ch\/de\/wp-json\/wp\/v2\/posts\/253\/revisions"}],"predecessor-version":[{"id":17820,"href":"https:\/\/news.save.ch\/de\/wp-json\/wp\/v2\/posts\/253\/revisions\/17820"}],"wp:featuredmedia":[{"embeddable":true,"href":"https:\/\/news.save.ch\/de\/wp-json\/wp\/v2\/media\/254"}],"wp:attachment":[{"href":"https:\/\/news.save.ch\/de\/wp-json\/wp\/v2\/media?parent=253"}],"wp:term":[{"taxonomy":"category","embeddable":true,"href":"https:\/\/news.save.ch\/de\/wp-json\/wp\/v2\/categories?post=253"},{"taxonomy":"post_tag","embeddable":true,"href":"https:\/\/news.save.ch\/de\/wp-json\/wp\/v2\/tags?post=253"}],"curies":[{"name":"wp","href":"https:\/\/api.w.org\/{rel}","templated":true}]}}