{"id":2557,"date":"2017-03-03T08:25:27","date_gmt":"2017-03-03T07:25:27","guid":{"rendered":"https:\/\/news.save.ch\/?p=1494"},"modified":"2023-03-14T09:02:59","modified_gmt":"2023-03-14T08:02:59","slug":"neues-forschungsprogramm-zu-chronischen-erkrankungen-lanciert","status":null,"type":"post","link":"https:\/\/news.save.ch\/de\/neues-forschungsprogramm-zu-chronischen-erkrankungen-lanciert\/","title":{"rendered":"Neues Forschungsprogramm zu chronischen Erkrankungen lanciert"},"content":{"rendered":"<figure id=\"attachment_1495\" aria-describedby=\"caption-attachment-1495\" style=\"width: 680px\" class=\"wp-caption alignnone\"><img loading=\"lazy\" decoding=\"async\" class=\"size-medium wp-image-1495\" src=\"http:\/\/develop.safety-plus.ch\/wp-content\/uploads\/2017\/03\/Depositphotos_7553930_l-2015.jpg\" alt=\"\" width=\"680\" height=\"453\" \/><figcaption id=\"caption-attachment-1495\" class=\"wp-caption-text\">Die Pflege \u00e4lterer und chronisch erkrankter Personen verbrauchen rund 80% aller Versorgungskosten. Das NFP 74 will neue Behandlungs- und Betreuungsmodelle entwickeln.<\/figcaption><\/figure>\n<p>Immer mehr alte und chronisch kranke Menschen ben\u00f6tigen langfristig ausgelegte Behandlung und Pflege. Rund 80 Prozent der Versorgungskosten fallen in diesen Bereich. Der Schweizerische Nationalfonds (SNF) startet das Nationale Forschungsprogramm 74 &#8222;Gesundheitsversorgung&#8220; (<a href=\"http:\/\/www.nfp74.ch\/de\">NFP 74<\/a>), um die Wissens- und Datengrundlagen zur Versorgung chronisch kranker Menschen zu verbessern, innovative Ans\u00e4tze zu f\u00f6rdern und die Versorgungsforschung in der Schweiz zu st\u00e4rken.<\/p>\n<p><strong>Wissenstransfer f\u00f6rdern und Forschung st\u00e4rken<\/strong><br \/>\n&#8222;Das NFP soll Entscheidungsgrundlagen f\u00fcr eine allf\u00e4llige Anpassung der Versorgung liefern&#8220;, sagt Milo Puhan, Pr\u00e4sident der Leitungsgruppe des NFP 74. &#8222;Die Politik, die Anbieter und die Patienten sollen ganz konkret von den Forschungsresultaten profitieren.\u201c Die Versorgungsforschung in der Schweiz wurde in den letzten f\u00fcnf Jahren von einer privaten Stiftung im Rahmen eines F\u00f6rderprogramms der Schweizerischen Akademie der Medizinischen Wissenschaften (SAMW) unterst\u00fctzt. Ab diesem Jahr wird das NFP 74 die Finanzierung der Versorgungsforschung in der Schweiz fortf\u00fchren und den Aufbau einer international vernetzten Forschergemeinschaft f\u00f6rdern.<\/p>\n<p><strong>Die richtige Versorgung f\u00fcr unterschiedliche Bed\u00fcrfnisse<\/strong><br \/>\nEin wichtiges Ziel des NFP 74 ist es, die \u00dcberversorgung von Patientinnen und Patienten zu verringern. &#8222;Zur \u00dcberversorgung z\u00e4hlen Behandlungen, die nicht unbedingt einen Gesundheitsgewinn bringen oder der Gesundheit sogar schaden k\u00f6nnen&#8220;, sagt Milo Puhan. Dazu geh\u00f6ren die Verabreichung von zu vielen oder ungeeigneten Medikamenten oder die Durchf\u00fchrung von medizinisch nicht zwingend notwendigen Operationen. Das Forschungsprogramm\u00a0fokussiert auch auf die Unterversorgung einzelner Bev\u00f6lkerungsgruppen. Dies ist beispielsweise der Fall, wenn im l\u00e4ndlichen Gebiet die Hausarztpraxis schliesst und der Zugang zur Grundversorgung erschwert wird.<\/p>\n<p><strong>Zusammenarbeit zwischen Gesundheitsfachpersonen st\u00e4rken<\/strong><br \/>\nDie Projekte des NFP 74 sollen dazu beitragen, neue Modelle der Behandlung und Betreuung chronisch kranker Menschen zu entwickeln. &#8222;Unser System ist sehr auf \u00c4rzte zentriert, insbesondere wenn es um die Verg\u00fctung von Leistungen geht. In der Betreuung chronisch Kranker braucht es aber nicht in jedem Fall einen Arzt. Auch andere Berufsbilder sind f\u00fcr eine gute Versorgung wichtig&#8220;, sagt Milo Puhan. Untersucht werden im NFP darum einerseits die Schnittstellen zwischen station\u00e4rer und ambulanter Versorgung sowie bei der Pflege kranker Menschen zu Hause. Andererseits wird die Zusammenarbeit zwischen den Fachpersonen mit unterschiedlichen Gesundheitsberufen erforscht. Ausserdem tragen die Projekte des NFP 74 dazu bei, die Datenlage im Versorgungsbereich zu verbessern. Dies ist notwendig, um die Kontinuit\u00e4t der Behandlung auch bei \u00dcberg\u00e4ngen sicherzustellen. &#8222;Das ist heute noch nicht der Fall, da Spit\u00e4ler und Arztpraxen eigene Systeme haben, und es eine Reihe von Registern und Gesundheitsdatenbanken gibt, die nicht miteinander verlinkt sind&#8220;, erkl\u00e4rt Milo Puhan.<\/p>\n<p><strong>Das NFP in Zahlen<\/strong><br \/>\nDas NFP 74 verf\u00fcgt \u00fcber ein Budget von 20 Millionen Franken. Der SNF hat bisher 29 Projekte von insgesamt 173 eingegangenen Vorschl\u00e4gen bewilligt. Die Beschreibungen der Projekte sind ab sofort auf der Webseite des NFP verf\u00fcgbar. Voraussichtlich werden weitere Ausschreibungen folgen. Die Projekte starten ab 2017 schweizweit an zehn Forschungsinstitutionen (kantonale Universit\u00e4ten, Fachhochschulen und andere). Erste Forschungsresultate sind ab 2020 zu erwarteten. Die Ver\u00f6ffentlichung der Programmsynthese ist f\u00fcr 2022 geplant.<\/p>\n<p>Am 1. M\u00e4rz 2017 findet das <a href=\"http:\/\/snf.inx.ch\/inxmail27\/d\/d.html?q000xlyy00hnh200d0000000000000000o2iziki1365\">Symposium f\u00fcr Versorgungsforschung der SAMW<\/a> in Bern statt.<\/p>\n<p>Text: Schweizerischer Nationalfonds (SNF)<\/p>\n","protected":false},"excerpt":{"rendered":"<p>Immer mehr alte und chronisch kranke Menschen ben\u00f6tigen langfristig ausgelegte Behandlung und Pflege. Rund 80 Prozent der Versorgungskosten fallen in diesen Bereich. Der Schweizerische Nationalfonds (SNF) startet das Nationale Forschungsprogramm 74 &#8222;Gesundheitsversorgung&#8220; (NFP 74), um die Wissens- und Datengrundlagen zur Versorgung chronisch kranker Menschen zu verbessern, innovative Ans\u00e4tze zu f\u00f6rdern und die Versorgungsforschung in der [&hellip;]<\/p>\n","protected":false},"author":1,"featured_media":2558,"comment_status":"open","ping_status":"open","sticky":false,"template":"","format":"standard","meta":{"_acf_changed":false,"pgc_sgb_lightbox_settings":"","footnotes":""},"categories":[3314],"tags":[1857,2087,2614,2677,2937],"class_list":["post-2557","post","type-post","status-publish","format-standard","has-post-thumbnail","hentry","category-health-safety","tag-chronische-erkrankungen","tag-forschungsprogramm","tag-nfp-74","tag-pflege","tag-snf"],"acf":[],"hkrextid":null,"publication":null,"issue":null,"workflow":null,"startPage":null,"spitzmarke":null,"_posts_by_tag_page_fields":{"widget_title":"","widget_tags":""},"_at_widget":"1","_yoast_wpseo_primary_category":"4","_yoast_wpseo_focuskw_text_input":"Forschungsprogramm","_yoast_wpseo_opengraph-image":null,"_yoast_wpseo_opengraph-description":null,"_yoast_wpseo_opengraph-title":null,"enclosure":null,"_yoast_wpseo_twitter-title":null,"_yoast_wpseo_twitter-description":null,"_yoast_wpseo_twitter-image":null,"_wp_old_slug":null,"_yoast_wpseo_title":null,"_yoast_wpseo_canonical":null,"yoast_head":"<!-- This site is optimized with the Yoast SEO plugin v27.5 - https:\/\/yoast.com\/product\/yoast-seo-wordpress\/ -->\n<title>Neues Forschungsprogramm zu chronischen Erkrankungen lanciert - Save<\/title>\n<meta name=\"description\" content=\"Im NFP &quot;Gesundheitsversorgung&quot; suchen 29 Forschungsteams nach L\u00f6sungen, um chronisch kranke Menschen besser und kosteneffizienter zu versorgen.\" \/>\n<meta name=\"robots\" content=\"index, follow, max-snippet:-1, max-image-preview:large, max-video-preview:-1\" \/>\n<link rel=\"canonical\" href=\"https:\/\/news.save.ch\/de\/neues-forschungsprogramm-zu-chronischen-erkrankungen-lanciert\/\" \/>\n<meta property=\"og:locale\" content=\"de_DE\" \/>\n<meta property=\"og:type\" content=\"article\" \/>\n<meta property=\"og:title\" content=\"Neues Forschungsprogramm zu chronischen Erkrankungen lanciert - Save\" \/>\n<meta property=\"og:description\" content=\"Im NFP &quot;Gesundheitsversorgung&quot; suchen 29 Forschungsteams nach L\u00f6sungen, um chronisch kranke Menschen besser und kosteneffizienter zu versorgen.\" \/>\n<meta property=\"og:url\" content=\"https:\/\/news.save.ch\/de\/neues-forschungsprogramm-zu-chronischen-erkrankungen-lanciert\/\" \/>\n<meta property=\"og:site_name\" content=\"Save\" \/>\n<meta property=\"article:published_time\" content=\"2017-03-03T07:25:27+00:00\" \/>\n<meta property=\"article:modified_time\" content=\"2023-03-14T08:02:59+00:00\" \/>\n<meta property=\"og:image\" content=\"https:\/\/news.save.ch\/wp-content\/uploads\/2017\/03\/Depositphotos_7553930_l-2015-scaled-1.jpg\" \/>\n\t<meta property=\"og:image:width\" content=\"1200\" \/>\n\t<meta property=\"og:image:height\" content=\"800\" \/>\n\t<meta property=\"og:image:type\" content=\"image\/jpeg\" \/>\n<meta name=\"author\" content=\"admin\" \/>\n<meta name=\"twitter:card\" content=\"summary_large_image\" \/>\n<meta name=\"twitter:label1\" content=\"Geschrieben von\" \/>\n\t<meta name=\"twitter:data1\" content=\"admin\" \/>\n\t<meta name=\"twitter:label2\" content=\"Gesch\u00e4tzte Lesezeit\" \/>\n\t<meta name=\"twitter:data2\" content=\"3\u00a0Minuten\" \/>\n<script type=\"application\/ld+json\" class=\"yoast-schema-graph\">{\"@context\":\"https:\\\/\\\/schema.org\",\"@graph\":[{\"@type\":\"Article\",\"@id\":\"https:\\\/\\\/news.save.ch\\\/neues-forschungsprogramm-zu-chronischen-erkrankungen-lanciert\\\/#article\",\"isPartOf\":{\"@id\":\"https:\\\/\\\/news.save.ch\\\/neues-forschungsprogramm-zu-chronischen-erkrankungen-lanciert\\\/\"},\"author\":{\"name\":\"admin\",\"@id\":\"https:\\\/\\\/news.save.ch\\\/de\\\/#\\\/schema\\\/person\\\/d49e199490bad7c70d64b9ab51142f2b\"},\"headline\":\"Neues Forschungsprogramm zu chronischen Erkrankungen lanciert\",\"datePublished\":\"2017-03-03T07:25:27+00:00\",\"dateModified\":\"2023-03-14T08:02:59+00:00\",\"mainEntityOfPage\":{\"@id\":\"https:\\\/\\\/news.save.ch\\\/neues-forschungsprogramm-zu-chronischen-erkrankungen-lanciert\\\/\"},\"wordCount\":535,\"commentCount\":1,\"publisher\":{\"@id\":\"https:\\\/\\\/news.save.ch\\\/de\\\/#organization\"},\"image\":{\"@id\":\"https:\\\/\\\/news.save.ch\\\/neues-forschungsprogramm-zu-chronischen-erkrankungen-lanciert\\\/#primaryimage\"},\"thumbnailUrl\":\"https:\\\/\\\/news.save.ch\\\/wp-content\\\/uploads\\\/2017\\\/03\\\/Depositphotos_7553930_l-2015-scaled-1.jpg\",\"keywords\":[\"chronische Erkrankungen\",\"Forschungsprogramm\",\"NFP 74\",\"Pflege\",\"SNF\"],\"articleSection\":[\"HEALTH &amp; SAFETY\"],\"inLanguage\":\"de\"},{\"@type\":\"WebPage\",\"@id\":\"https:\\\/\\\/news.save.ch\\\/neues-forschungsprogramm-zu-chronischen-erkrankungen-lanciert\\\/\",\"url\":\"https:\\\/\\\/news.save.ch\\\/neues-forschungsprogramm-zu-chronischen-erkrankungen-lanciert\\\/\",\"name\":\"Neues Forschungsprogramm zu chronischen Erkrankungen lanciert - Save\",\"isPartOf\":{\"@id\":\"https:\\\/\\\/news.save.ch\\\/de\\\/#website\"},\"primaryImageOfPage\":{\"@id\":\"https:\\\/\\\/news.save.ch\\\/neues-forschungsprogramm-zu-chronischen-erkrankungen-lanciert\\\/#primaryimage\"},\"image\":{\"@id\":\"https:\\\/\\\/news.save.ch\\\/neues-forschungsprogramm-zu-chronischen-erkrankungen-lanciert\\\/#primaryimage\"},\"thumbnailUrl\":\"https:\\\/\\\/news.save.ch\\\/wp-content\\\/uploads\\\/2017\\\/03\\\/Depositphotos_7553930_l-2015-scaled-1.jpg\",\"datePublished\":\"2017-03-03T07:25:27+00:00\",\"dateModified\":\"2023-03-14T08:02:59+00:00\",\"description\":\"Im NFP \\\"Gesundheitsversorgung\\\" suchen 29 Forschungsteams nach L\u00f6sungen, um chronisch kranke Menschen besser und kosteneffizienter zu versorgen.\",\"breadcrumb\":{\"@id\":\"https:\\\/\\\/news.save.ch\\\/neues-forschungsprogramm-zu-chronischen-erkrankungen-lanciert\\\/#breadcrumb\"},\"inLanguage\":\"de\",\"potentialAction\":[{\"@type\":\"ReadAction\",\"target\":[\"https:\\\/\\\/news.save.ch\\\/neues-forschungsprogramm-zu-chronischen-erkrankungen-lanciert\\\/\"]}]},{\"@type\":\"ImageObject\",\"inLanguage\":\"de\",\"@id\":\"https:\\\/\\\/news.save.ch\\\/neues-forschungsprogramm-zu-chronischen-erkrankungen-lanciert\\\/#primaryimage\",\"url\":\"https:\\\/\\\/news.save.ch\\\/wp-content\\\/uploads\\\/2017\\\/03\\\/Depositphotos_7553930_l-2015-scaled-1.jpg\",\"contentUrl\":\"https:\\\/\\\/news.save.ch\\\/wp-content\\\/uploads\\\/2017\\\/03\\\/Depositphotos_7553930_l-2015-scaled-1.jpg\",\"width\":1200,\"height\":800,\"caption\":\"Die Pflege \u00e4lterer und chronisch erkrankter Personen verbrauchen rund 80% aller Versorgungskosten. Das NFP 74 will neue Behandlungs- und Betreuungsmodelle entwickeln.\"},{\"@type\":\"BreadcrumbList\",\"@id\":\"https:\\\/\\\/news.save.ch\\\/neues-forschungsprogramm-zu-chronischen-erkrankungen-lanciert\\\/#breadcrumb\",\"itemListElement\":[{\"@type\":\"ListItem\",\"position\":1,\"name\":\"Home\",\"item\":\"https:\\\/\\\/news.save.ch\\\/de\\\/\"},{\"@type\":\"ListItem\",\"position\":2,\"name\":\"Neues Forschungsprogramm zu chronischen Erkrankungen lanciert\"}]},{\"@type\":\"WebSite\",\"@id\":\"https:\\\/\\\/news.save.ch\\\/de\\\/#website\",\"url\":\"https:\\\/\\\/news.save.ch\\\/de\\\/\",\"name\":\"Save\",\"description\":\"Schweizer Fachzeitschrift f\u00fcr Sicherheit\",\"publisher\":{\"@id\":\"https:\\\/\\\/news.save.ch\\\/de\\\/#organization\"},\"potentialAction\":[{\"@type\":\"SearchAction\",\"target\":{\"@type\":\"EntryPoint\",\"urlTemplate\":\"https:\\\/\\\/news.save.ch\\\/de\\\/?s={search_term_string}\"},\"query-input\":{\"@type\":\"PropertyValueSpecification\",\"valueRequired\":true,\"valueName\":\"search_term_string\"}}],\"inLanguage\":\"de\"},{\"@type\":\"Organization\",\"@id\":\"https:\\\/\\\/news.save.ch\\\/de\\\/#organization\",\"name\":\"Sicherheitsforum\",\"url\":\"https:\\\/\\\/news.save.ch\\\/de\\\/\",\"logo\":{\"@type\":\"ImageObject\",\"inLanguage\":\"de\",\"@id\":\"https:\\\/\\\/news.save.ch\\\/de\\\/#\\\/schema\\\/logo\\\/image\\\/\",\"url\":\"https:\\\/\\\/news.save.ch\\\/wp-content\\\/uploads\\\/2022\\\/06\\\/Logo_SF_2012.png\",\"contentUrl\":\"https:\\\/\\\/news.save.ch\\\/wp-content\\\/uploads\\\/2022\\\/06\\\/Logo_SF_2012.png\",\"width\":1100,\"height\":91,\"caption\":\"Sicherheitsforum\"},\"image\":{\"@id\":\"https:\\\/\\\/news.save.ch\\\/de\\\/#\\\/schema\\\/logo\\\/image\\\/\"}},{\"@type\":\"Person\",\"@id\":\"https:\\\/\\\/news.save.ch\\\/de\\\/#\\\/schema\\\/person\\\/d49e199490bad7c70d64b9ab51142f2b\",\"name\":\"admin\",\"image\":{\"@type\":\"ImageObject\",\"inLanguage\":\"de\",\"@id\":\"https:\\\/\\\/secure.gravatar.com\\\/avatar\\\/ae2f4d718e6c49043e314ce431e7e645d646302a24a5ef5a8bc8e3f5a032e319?s=96&d=mm&r=g\",\"url\":\"https:\\\/\\\/secure.gravatar.com\\\/avatar\\\/ae2f4d718e6c49043e314ce431e7e645d646302a24a5ef5a8bc8e3f5a032e319?s=96&d=mm&r=g\",\"contentUrl\":\"https:\\\/\\\/secure.gravatar.com\\\/avatar\\\/ae2f4d718e6c49043e314ce431e7e645d646302a24a5ef5a8bc8e3f5a032e319?s=96&d=mm&r=g\",\"caption\":\"admin\"},\"sameAs\":[\"https:\\\/\\\/develop.organisator.galledia.ch\"],\"url\":\"https:\\\/\\\/news.save.ch\\\/de\\\/author\\\/admin\\\/\"}]}<\/script>\n<!-- \/ Yoast SEO plugin. -->","yoast_head_json":{"title":"Neues Forschungsprogramm zu chronischen Erkrankungen lanciert - Save","description":"Im NFP \"Gesundheitsversorgung\" suchen 29 Forschungsteams nach L\u00f6sungen, um chronisch kranke Menschen besser und kosteneffizienter zu versorgen.","robots":{"index":"index","follow":"follow","max-snippet":"max-snippet:-1","max-image-preview":"max-image-preview:large","max-video-preview":"max-video-preview:-1"},"canonical":"https:\/\/news.save.ch\/de\/neues-forschungsprogramm-zu-chronischen-erkrankungen-lanciert\/","og_locale":"de_DE","og_type":"article","og_title":"Neues Forschungsprogramm zu chronischen Erkrankungen lanciert - Save","og_description":"Im NFP \"Gesundheitsversorgung\" suchen 29 Forschungsteams nach L\u00f6sungen, um chronisch kranke Menschen besser und kosteneffizienter zu versorgen.","og_url":"https:\/\/news.save.ch\/de\/neues-forschungsprogramm-zu-chronischen-erkrankungen-lanciert\/","og_site_name":"Save","article_published_time":"2017-03-03T07:25:27+00:00","article_modified_time":"2023-03-14T08:02:59+00:00","og_image":[{"width":1200,"height":800,"url":"https:\/\/news.save.ch\/wp-content\/uploads\/2017\/03\/Depositphotos_7553930_l-2015-scaled-1.jpg","type":"image\/jpeg"}],"author":"admin","twitter_card":"summary_large_image","twitter_misc":{"Geschrieben von":"admin","Gesch\u00e4tzte Lesezeit":"3\u00a0Minuten"},"schema":{"@context":"https:\/\/schema.org","@graph":[{"@type":"Article","@id":"https:\/\/news.save.ch\/neues-forschungsprogramm-zu-chronischen-erkrankungen-lanciert\/#article","isPartOf":{"@id":"https:\/\/news.save.ch\/neues-forschungsprogramm-zu-chronischen-erkrankungen-lanciert\/"},"author":{"name":"admin","@id":"https:\/\/news.save.ch\/de\/#\/schema\/person\/d49e199490bad7c70d64b9ab51142f2b"},"headline":"Neues Forschungsprogramm zu chronischen Erkrankungen lanciert","datePublished":"2017-03-03T07:25:27+00:00","dateModified":"2023-03-14T08:02:59+00:00","mainEntityOfPage":{"@id":"https:\/\/news.save.ch\/neues-forschungsprogramm-zu-chronischen-erkrankungen-lanciert\/"},"wordCount":535,"commentCount":1,"publisher":{"@id":"https:\/\/news.save.ch\/de\/#organization"},"image":{"@id":"https:\/\/news.save.ch\/neues-forschungsprogramm-zu-chronischen-erkrankungen-lanciert\/#primaryimage"},"thumbnailUrl":"https:\/\/news.save.ch\/wp-content\/uploads\/2017\/03\/Depositphotos_7553930_l-2015-scaled-1.jpg","keywords":["chronische Erkrankungen","Forschungsprogramm","NFP 74","Pflege","SNF"],"articleSection":["HEALTH &amp; SAFETY"],"inLanguage":"de"},{"@type":"WebPage","@id":"https:\/\/news.save.ch\/neues-forschungsprogramm-zu-chronischen-erkrankungen-lanciert\/","url":"https:\/\/news.save.ch\/neues-forschungsprogramm-zu-chronischen-erkrankungen-lanciert\/","name":"Neues Forschungsprogramm zu chronischen Erkrankungen lanciert - Save","isPartOf":{"@id":"https:\/\/news.save.ch\/de\/#website"},"primaryImageOfPage":{"@id":"https:\/\/news.save.ch\/neues-forschungsprogramm-zu-chronischen-erkrankungen-lanciert\/#primaryimage"},"image":{"@id":"https:\/\/news.save.ch\/neues-forschungsprogramm-zu-chronischen-erkrankungen-lanciert\/#primaryimage"},"thumbnailUrl":"https:\/\/news.save.ch\/wp-content\/uploads\/2017\/03\/Depositphotos_7553930_l-2015-scaled-1.jpg","datePublished":"2017-03-03T07:25:27+00:00","dateModified":"2023-03-14T08:02:59+00:00","description":"Im NFP \"Gesundheitsversorgung\" suchen 29 Forschungsteams nach L\u00f6sungen, um chronisch kranke Menschen besser und kosteneffizienter zu versorgen.","breadcrumb":{"@id":"https:\/\/news.save.ch\/neues-forschungsprogramm-zu-chronischen-erkrankungen-lanciert\/#breadcrumb"},"inLanguage":"de","potentialAction":[{"@type":"ReadAction","target":["https:\/\/news.save.ch\/neues-forschungsprogramm-zu-chronischen-erkrankungen-lanciert\/"]}]},{"@type":"ImageObject","inLanguage":"de","@id":"https:\/\/news.save.ch\/neues-forschungsprogramm-zu-chronischen-erkrankungen-lanciert\/#primaryimage","url":"https:\/\/news.save.ch\/wp-content\/uploads\/2017\/03\/Depositphotos_7553930_l-2015-scaled-1.jpg","contentUrl":"https:\/\/news.save.ch\/wp-content\/uploads\/2017\/03\/Depositphotos_7553930_l-2015-scaled-1.jpg","width":1200,"height":800,"caption":"Die Pflege \u00e4lterer und chronisch erkrankter Personen verbrauchen rund 80% aller Versorgungskosten. Das NFP 74 will neue Behandlungs- und Betreuungsmodelle entwickeln."},{"@type":"BreadcrumbList","@id":"https:\/\/news.save.ch\/neues-forschungsprogramm-zu-chronischen-erkrankungen-lanciert\/#breadcrumb","itemListElement":[{"@type":"ListItem","position":1,"name":"Home","item":"https:\/\/news.save.ch\/de\/"},{"@type":"ListItem","position":2,"name":"Neues Forschungsprogramm zu chronischen Erkrankungen lanciert"}]},{"@type":"WebSite","@id":"https:\/\/news.save.ch\/de\/#website","url":"https:\/\/news.save.ch\/de\/","name":"Save","description":"Schweizer Fachzeitschrift f\u00fcr Sicherheit","publisher":{"@id":"https:\/\/news.save.ch\/de\/#organization"},"potentialAction":[{"@type":"SearchAction","target":{"@type":"EntryPoint","urlTemplate":"https:\/\/news.save.ch\/de\/?s={search_term_string}"},"query-input":{"@type":"PropertyValueSpecification","valueRequired":true,"valueName":"search_term_string"}}],"inLanguage":"de"},{"@type":"Organization","@id":"https:\/\/news.save.ch\/de\/#organization","name":"Sicherheitsforum","url":"https:\/\/news.save.ch\/de\/","logo":{"@type":"ImageObject","inLanguage":"de","@id":"https:\/\/news.save.ch\/de\/#\/schema\/logo\/image\/","url":"https:\/\/news.save.ch\/wp-content\/uploads\/2022\/06\/Logo_SF_2012.png","contentUrl":"https:\/\/news.save.ch\/wp-content\/uploads\/2022\/06\/Logo_SF_2012.png","width":1100,"height":91,"caption":"Sicherheitsforum"},"image":{"@id":"https:\/\/news.save.ch\/de\/#\/schema\/logo\/image\/"}},{"@type":"Person","@id":"https:\/\/news.save.ch\/de\/#\/schema\/person\/d49e199490bad7c70d64b9ab51142f2b","name":"admin","image":{"@type":"ImageObject","inLanguage":"de","@id":"https:\/\/secure.gravatar.com\/avatar\/ae2f4d718e6c49043e314ce431e7e645d646302a24a5ef5a8bc8e3f5a032e319?s=96&d=mm&r=g","url":"https:\/\/secure.gravatar.com\/avatar\/ae2f4d718e6c49043e314ce431e7e645d646302a24a5ef5a8bc8e3f5a032e319?s=96&d=mm&r=g","contentUrl":"https:\/\/secure.gravatar.com\/avatar\/ae2f4d718e6c49043e314ce431e7e645d646302a24a5ef5a8bc8e3f5a032e319?s=96&d=mm&r=g","caption":"admin"},"sameAs":["https:\/\/develop.organisator.galledia.ch"],"url":"https:\/\/news.save.ch\/de\/author\/admin\/"}]}},"_links":{"self":[{"href":"https:\/\/news.save.ch\/de\/wp-json\/wp\/v2\/posts\/2557","targetHints":{"allow":["GET"]}}],"collection":[{"href":"https:\/\/news.save.ch\/de\/wp-json\/wp\/v2\/posts"}],"about":[{"href":"https:\/\/news.save.ch\/de\/wp-json\/wp\/v2\/types\/post"}],"author":[{"embeddable":true,"href":"https:\/\/news.save.ch\/de\/wp-json\/wp\/v2\/users\/1"}],"replies":[{"embeddable":true,"href":"https:\/\/news.save.ch\/de\/wp-json\/wp\/v2\/comments?post=2557"}],"version-history":[{"count":1,"href":"https:\/\/news.save.ch\/de\/wp-json\/wp\/v2\/posts\/2557\/revisions"}],"predecessor-version":[{"id":18794,"href":"https:\/\/news.save.ch\/de\/wp-json\/wp\/v2\/posts\/2557\/revisions\/18794"}],"wp:featuredmedia":[{"embeddable":true,"href":"https:\/\/news.save.ch\/de\/wp-json\/wp\/v2\/media\/2558"}],"wp:attachment":[{"href":"https:\/\/news.save.ch\/de\/wp-json\/wp\/v2\/media?parent=2557"}],"wp:term":[{"taxonomy":"category","embeddable":true,"href":"https:\/\/news.save.ch\/de\/wp-json\/wp\/v2\/categories?post=2557"},{"taxonomy":"post_tag","embeddable":true,"href":"https:\/\/news.save.ch\/de\/wp-json\/wp\/v2\/tags?post=2557"}],"curies":[{"name":"wp","href":"https:\/\/api.w.org\/{rel}","templated":true}]}}