{"id":2559,"date":"2016-06-14T13:41:30","date_gmt":"2016-06-14T11:41:30","guid":{"rendered":"https:\/\/dev.sicherheitsforum.ch\/?p=2559"},"modified":"2016-06-14T13:41:30","modified_gmt":"2016-06-14T11:41:30","slug":"sicherheits-expo-in-muenchen","status":null,"type":"post","link":"https:\/\/news.save.ch\/de\/sicherheits-expo-in-muenchen\/","title":{"rendered":"Sicherheits-Expo  in M\u00fcnchen"},"content":{"rendered":"<figure id=\"attachment_2560\" aria-describedby=\"caption-attachment-2560\" style=\"width: 680px\" class=\"wp-caption alignnone\"><img loading=\"lazy\" decoding=\"async\" class=\"wp-image-2560 size-medium\" src=\"https:\/\/news.save.ch\/wp-content\/uploads\/2016\/12\/Sicherheits-Expo-in-Muenchen_sicherheitsforum.jpg\" width=\"680\" height=\"457\" srcset=\"https:\/\/news.save.ch\/wp-content\/uploads\/2016\/12\/Sicherheits-Expo-in-Muenchen_sicherheitsforum.jpg 905w, https:\/\/news.save.ch\/wp-content\/uploads\/2016\/12\/Sicherheits-Expo-in-Muenchen_sicherheitsforum-375x252.jpg 375w\" sizes=\"auto, (max-width: 680px) 100vw, 680px\" \/><figcaption id=\"caption-attachment-2560\" class=\"wp-caption-text\">Pressebild SicherheitsExpo<\/figcaption><\/figure>\n<p>Auch in diesem Jahr werden rund 140 nationale und internationale Aussteller ihre Produkte und Dienstleistungen aus allen Bereichen der Sicherheitstechnik f\u00fcr Industrie, Handel, Banken, Transport und Beh\u00f6rden dem Fachpublikum pr\u00e4sentieren. An dieser j\u00e4hrlich stattfindenden Veranstaltung stehen folgende Themen im Fokus:<\/p>\n<ul>\n<li>Zutrittskontrolle<\/li>\n<li>Video\u00fcberwachung<\/li>\n<li>Brandschutz<\/li>\n<li>IT-Security<\/li>\n<\/ul>\n<p>Abgerundet wird die Ausstellung von einem parallel durchgef\u00fchrten Kongressprogramm, das f\u00fcr alle Messebesucher kostenlos ist. Angeboten wird ein vielf\u00e4ltiges Programm im Forum 1 und 2 (<a href=\"https:\/\/www.sicherheitsexpo.de\/forum-1-2\/mittwoch-6-juli-2016.html\" target=\"_blank\" data-cke-saved-href=\"https:\/\/www.sicherheitsexpo.de\/forum-1-2\/mittwoch-6-juli-2016.html\" rel=\"noopener\">detaillierte Angaben <\/a>siehe unter Forum 1 + 2).<\/p>\n<p><strong>Brandschutz-Tagung<\/strong><\/p>\n<p>An den zwei\u00a0Messetagen findet zudem eine speziell auf das Thema Brandschutz fokussierte Tagung statt. Pr\u00e4sentiert werden produktneutrale Vortr\u00e4ge aus der Praxis f\u00fcr die Praxis, wie der Verband der Deutscher Sicherheitsingenieure schreibt.<\/p>\n","protected":false},"excerpt":{"rendered":"<p>Auch in diesem Jahr werden rund 140 nationale und internationale Aussteller ihre Produkte und Dienstleistungen aus allen Bereichen der Sicherheitstechnik f\u00fcr Industrie, Handel, Banken, Transport und Beh\u00f6rden dem Fachpublikum pr\u00e4sentieren. An dieser j\u00e4hrlich stattfindenden Veranstaltung stehen folgende Themen im Fokus: Zutrittskontrolle Video\u00fcberwachung Brandschutz IT-Security Abgerundet wird die Ausstellung von einem parallel durchgef\u00fchrten Kongressprogramm, das f\u00fcr [&hellip;]<\/p>\n","protected":false},"author":1,"featured_media":2560,"comment_status":"open","ping_status":"open","sticky":false,"template":"","format":"standard","meta":{"_acf_changed":false,"pgc_sgb_lightbox_settings":"","footnotes":""},"categories":[1],"tags":[109,84],"class_list":["post-2559","post","type-post","status-publish","format-standard","has-post-thumbnail","hentry","category-allgemein","tag-aus-und-weiterbildung","tag-fachkongressfachmesse"],"acf":[],"hkrextid":null,"publication":null,"issue":null,"workflow":null,"startPage":null,"spitzmarke":null,"_posts_by_tag_page_fields":{"widget_title":"","widget_tags":""},"_at_widget":"1","_yoast_wpseo_primary_category":"","_yoast_wpseo_focuskw_text_input":"Sicherheits-Expo","_yoast_wpseo_opengraph-image":"https:\/\/news.save.ch\/wp-content\/uploads\/2016\/12\/Sicherheits-Expo-in-M\u00fcnchen_sicherheitsforum.jpg","_yoast_wpseo_opengraph-description":"Am 6. und 07. Juli 2016 findet in M\u00fcnchen die traditionelle Sicherheits-Expo statt.","_yoast_wpseo_opengraph-title":"Sicherheits-Expo in M\u00fcnchen","enclosure":null,"_yoast_wpseo_twitter-title":null,"_yoast_wpseo_twitter-description":null,"_yoast_wpseo_twitter-image":null,"_wp_old_slug":null,"_yoast_wpseo_title":null,"_yoast_wpseo_canonical":null,"yoast_head":"<!-- This site is optimized with the Yoast SEO plugin v27.5 - https:\/\/yoast.com\/product\/yoast-seo-wordpress\/ -->\n<title>Sicherheits-Expo in M\u00fcnchen - Save<\/title>\n<meta name=\"description\" content=\"Am 6. und 07. Juli 2016 findet in M\u00fcnchen die traditionelle Sicherheits-Expo statt.\" \/>\n<meta name=\"robots\" content=\"index, follow, max-snippet:-1, max-image-preview:large, max-video-preview:-1\" \/>\n<link rel=\"canonical\" href=\"https:\/\/news.save.ch\/de\/sicherheits-expo-in-muenchen\/\" \/>\n<meta property=\"og:locale\" content=\"de_DE\" \/>\n<meta property=\"og:type\" content=\"article\" \/>\n<meta property=\"og:title\" content=\"Sicherheits-Expo in M\u00fcnchen\" \/>\n<meta property=\"og:description\" content=\"Am 6. und 07. Juli 2016 findet in M\u00fcnchen die traditionelle Sicherheits-Expo statt.\" \/>\n<meta property=\"og:url\" content=\"https:\/\/news.save.ch\/de\/sicherheits-expo-in-muenchen\/\" \/>\n<meta property=\"og:site_name\" content=\"Save\" \/>\n<meta property=\"article:published_time\" content=\"2016-06-14T11:41:30+00:00\" \/>\n<meta property=\"og:image\" content=\"https:\/\/news.save.ch\/wp-content\/uploads\/2016\/12\/Sicherheits-Expo-in-M\u00fcnchen_sicherheitsforum.jpg\" \/>\n<meta name=\"author\" content=\"admin\" \/>\n<meta name=\"twitter:card\" content=\"summary_large_image\" \/>\n<meta name=\"twitter:label1\" content=\"Geschrieben von\" \/>\n\t<meta name=\"twitter:data1\" content=\"admin\" \/>\n\t<meta name=\"twitter:label2\" content=\"Gesch\u00e4tzte Lesezeit\" \/>\n\t<meta name=\"twitter:data2\" content=\"1\u00a0Minute\" \/>\n<script type=\"application\/ld+json\" class=\"yoast-schema-graph\">{\"@context\":\"https:\\\/\\\/schema.org\",\"@graph\":[{\"@type\":\"Article\",\"@id\":\"https:\\\/\\\/news.save.ch\\\/sicherheits-expo-in-muenchen\\\/#article\",\"isPartOf\":{\"@id\":\"https:\\\/\\\/news.save.ch\\\/sicherheits-expo-in-muenchen\\\/\"},\"author\":{\"name\":\"admin\",\"@id\":\"https:\\\/\\\/news.save.ch\\\/de\\\/#\\\/schema\\\/person\\\/d49e199490bad7c70d64b9ab51142f2b\"},\"headline\":\"Sicherheits-Expo in M\u00fcnchen\",\"datePublished\":\"2016-06-14T11:41:30+00:00\",\"mainEntityOfPage\":{\"@id\":\"https:\\\/\\\/news.save.ch\\\/sicherheits-expo-in-muenchen\\\/\"},\"wordCount\":128,\"commentCount\":0,\"publisher\":{\"@id\":\"https:\\\/\\\/news.save.ch\\\/de\\\/#organization\"},\"image\":{\"@id\":\"https:\\\/\\\/news.save.ch\\\/sicherheits-expo-in-muenchen\\\/#primaryimage\"},\"thumbnailUrl\":\"https:\\\/\\\/news.save.ch\\\/wp-content\\\/uploads\\\/2016\\\/12\\\/Sicherheits-Expo-in-Muenchen_sicherheitsforum.jpg\",\"keywords\":[\"Aus- und Weiterbildung\",\"Fachkongress\\\/Fachmesse\"],\"articleSection\":[\"ALLGEMEIN\"],\"inLanguage\":\"de\"},{\"@type\":\"WebPage\",\"@id\":\"https:\\\/\\\/news.save.ch\\\/sicherheits-expo-in-muenchen\\\/\",\"url\":\"https:\\\/\\\/news.save.ch\\\/sicherheits-expo-in-muenchen\\\/\",\"name\":\"Sicherheits-Expo in M\u00fcnchen - Save\",\"isPartOf\":{\"@id\":\"https:\\\/\\\/news.save.ch\\\/de\\\/#website\"},\"primaryImageOfPage\":{\"@id\":\"https:\\\/\\\/news.save.ch\\\/sicherheits-expo-in-muenchen\\\/#primaryimage\"},\"image\":{\"@id\":\"https:\\\/\\\/news.save.ch\\\/sicherheits-expo-in-muenchen\\\/#primaryimage\"},\"thumbnailUrl\":\"https:\\\/\\\/news.save.ch\\\/wp-content\\\/uploads\\\/2016\\\/12\\\/Sicherheits-Expo-in-Muenchen_sicherheitsforum.jpg\",\"datePublished\":\"2016-06-14T11:41:30+00:00\",\"description\":\"Am 6. und 07. Juli 2016 findet in M\u00fcnchen die traditionelle Sicherheits-Expo statt.\",\"breadcrumb\":{\"@id\":\"https:\\\/\\\/news.save.ch\\\/sicherheits-expo-in-muenchen\\\/#breadcrumb\"},\"inLanguage\":\"de\",\"potentialAction\":[{\"@type\":\"ReadAction\",\"target\":[\"https:\\\/\\\/news.save.ch\\\/sicherheits-expo-in-muenchen\\\/\"]}]},{\"@type\":\"ImageObject\",\"inLanguage\":\"de\",\"@id\":\"https:\\\/\\\/news.save.ch\\\/sicherheits-expo-in-muenchen\\\/#primaryimage\",\"url\":\"https:\\\/\\\/news.save.ch\\\/wp-content\\\/uploads\\\/2016\\\/12\\\/Sicherheits-Expo-in-Muenchen_sicherheitsforum.jpg\",\"contentUrl\":\"https:\\\/\\\/news.save.ch\\\/wp-content\\\/uploads\\\/2016\\\/12\\\/Sicherheits-Expo-in-Muenchen_sicherheitsforum.jpg\",\"width\":905,\"height\":608,\"caption\":\"Pressebild SicherheitsExpo\"},{\"@type\":\"BreadcrumbList\",\"@id\":\"https:\\\/\\\/news.save.ch\\\/sicherheits-expo-in-muenchen\\\/#breadcrumb\",\"itemListElement\":[{\"@type\":\"ListItem\",\"position\":1,\"name\":\"Home\",\"item\":\"https:\\\/\\\/news.save.ch\\\/de\\\/\"},{\"@type\":\"ListItem\",\"position\":2,\"name\":\"Sicherheits-Expo in M\u00fcnchen\"}]},{\"@type\":\"WebSite\",\"@id\":\"https:\\\/\\\/news.save.ch\\\/de\\\/#website\",\"url\":\"https:\\\/\\\/news.save.ch\\\/de\\\/\",\"name\":\"Save\",\"description\":\"Schweizer Fachzeitschrift f\u00fcr Sicherheit\",\"publisher\":{\"@id\":\"https:\\\/\\\/news.save.ch\\\/de\\\/#organization\"},\"potentialAction\":[{\"@type\":\"SearchAction\",\"target\":{\"@type\":\"EntryPoint\",\"urlTemplate\":\"https:\\\/\\\/news.save.ch\\\/de\\\/?s={search_term_string}\"},\"query-input\":{\"@type\":\"PropertyValueSpecification\",\"valueRequired\":true,\"valueName\":\"search_term_string\"}}],\"inLanguage\":\"de\"},{\"@type\":\"Organization\",\"@id\":\"https:\\\/\\\/news.save.ch\\\/de\\\/#organization\",\"name\":\"Sicherheitsforum\",\"url\":\"https:\\\/\\\/news.save.ch\\\/de\\\/\",\"logo\":{\"@type\":\"ImageObject\",\"inLanguage\":\"de\",\"@id\":\"https:\\\/\\\/news.save.ch\\\/de\\\/#\\\/schema\\\/logo\\\/image\\\/\",\"url\":\"https:\\\/\\\/news.save.ch\\\/wp-content\\\/uploads\\\/2022\\\/06\\\/Logo_SF_2012.png\",\"contentUrl\":\"https:\\\/\\\/news.save.ch\\\/wp-content\\\/uploads\\\/2022\\\/06\\\/Logo_SF_2012.png\",\"width\":1100,\"height\":91,\"caption\":\"Sicherheitsforum\"},\"image\":{\"@id\":\"https:\\\/\\\/news.save.ch\\\/de\\\/#\\\/schema\\\/logo\\\/image\\\/\"}},{\"@type\":\"Person\",\"@id\":\"https:\\\/\\\/news.save.ch\\\/de\\\/#\\\/schema\\\/person\\\/d49e199490bad7c70d64b9ab51142f2b\",\"name\":\"admin\",\"image\":{\"@type\":\"ImageObject\",\"inLanguage\":\"de\",\"@id\":\"https:\\\/\\\/secure.gravatar.com\\\/avatar\\\/ae2f4d718e6c49043e314ce431e7e645d646302a24a5ef5a8bc8e3f5a032e319?s=96&d=mm&r=g\",\"url\":\"https:\\\/\\\/secure.gravatar.com\\\/avatar\\\/ae2f4d718e6c49043e314ce431e7e645d646302a24a5ef5a8bc8e3f5a032e319?s=96&d=mm&r=g\",\"contentUrl\":\"https:\\\/\\\/secure.gravatar.com\\\/avatar\\\/ae2f4d718e6c49043e314ce431e7e645d646302a24a5ef5a8bc8e3f5a032e319?s=96&d=mm&r=g\",\"caption\":\"admin\"},\"sameAs\":[\"https:\\\/\\\/develop.organisator.galledia.ch\"],\"url\":\"https:\\\/\\\/news.save.ch\\\/de\\\/author\\\/admin\\\/\"}]}<\/script>\n<!-- \/ Yoast SEO plugin. -->","yoast_head_json":{"title":"Sicherheits-Expo in M\u00fcnchen - Save","description":"Am 6. und 07. Juli 2016 findet in M\u00fcnchen die traditionelle Sicherheits-Expo statt.","robots":{"index":"index","follow":"follow","max-snippet":"max-snippet:-1","max-image-preview":"max-image-preview:large","max-video-preview":"max-video-preview:-1"},"canonical":"https:\/\/news.save.ch\/de\/sicherheits-expo-in-muenchen\/","og_locale":"de_DE","og_type":"article","og_title":"Sicherheits-Expo in M\u00fcnchen","og_description":"Am 6. und 07. Juli 2016 findet in M\u00fcnchen die traditionelle Sicherheits-Expo statt.","og_url":"https:\/\/news.save.ch\/de\/sicherheits-expo-in-muenchen\/","og_site_name":"Save","article_published_time":"2016-06-14T11:41:30+00:00","og_image":[{"url":"https:\/\/news.save.ch\/wp-content\/uploads\/2016\/12\/Sicherheits-Expo-in-M\u00fcnchen_sicherheitsforum.jpg","type":"","width":"","height":""}],"author":"admin","twitter_card":"summary_large_image","twitter_misc":{"Geschrieben von":"admin","Gesch\u00e4tzte Lesezeit":"1\u00a0Minute"},"schema":{"@context":"https:\/\/schema.org","@graph":[{"@type":"Article","@id":"https:\/\/news.save.ch\/sicherheits-expo-in-muenchen\/#article","isPartOf":{"@id":"https:\/\/news.save.ch\/sicherheits-expo-in-muenchen\/"},"author":{"name":"admin","@id":"https:\/\/news.save.ch\/de\/#\/schema\/person\/d49e199490bad7c70d64b9ab51142f2b"},"headline":"Sicherheits-Expo in M\u00fcnchen","datePublished":"2016-06-14T11:41:30+00:00","mainEntityOfPage":{"@id":"https:\/\/news.save.ch\/sicherheits-expo-in-muenchen\/"},"wordCount":128,"commentCount":0,"publisher":{"@id":"https:\/\/news.save.ch\/de\/#organization"},"image":{"@id":"https:\/\/news.save.ch\/sicherheits-expo-in-muenchen\/#primaryimage"},"thumbnailUrl":"https:\/\/news.save.ch\/wp-content\/uploads\/2016\/12\/Sicherheits-Expo-in-Muenchen_sicherheitsforum.jpg","keywords":["Aus- und Weiterbildung","Fachkongress\/Fachmesse"],"articleSection":["ALLGEMEIN"],"inLanguage":"de"},{"@type":"WebPage","@id":"https:\/\/news.save.ch\/sicherheits-expo-in-muenchen\/","url":"https:\/\/news.save.ch\/sicherheits-expo-in-muenchen\/","name":"Sicherheits-Expo in M\u00fcnchen - Save","isPartOf":{"@id":"https:\/\/news.save.ch\/de\/#website"},"primaryImageOfPage":{"@id":"https:\/\/news.save.ch\/sicherheits-expo-in-muenchen\/#primaryimage"},"image":{"@id":"https:\/\/news.save.ch\/sicherheits-expo-in-muenchen\/#primaryimage"},"thumbnailUrl":"https:\/\/news.save.ch\/wp-content\/uploads\/2016\/12\/Sicherheits-Expo-in-Muenchen_sicherheitsforum.jpg","datePublished":"2016-06-14T11:41:30+00:00","description":"Am 6. und 07. Juli 2016 findet in M\u00fcnchen die traditionelle Sicherheits-Expo statt.","breadcrumb":{"@id":"https:\/\/news.save.ch\/sicherheits-expo-in-muenchen\/#breadcrumb"},"inLanguage":"de","potentialAction":[{"@type":"ReadAction","target":["https:\/\/news.save.ch\/sicherheits-expo-in-muenchen\/"]}]},{"@type":"ImageObject","inLanguage":"de","@id":"https:\/\/news.save.ch\/sicherheits-expo-in-muenchen\/#primaryimage","url":"https:\/\/news.save.ch\/wp-content\/uploads\/2016\/12\/Sicherheits-Expo-in-Muenchen_sicherheitsforum.jpg","contentUrl":"https:\/\/news.save.ch\/wp-content\/uploads\/2016\/12\/Sicherheits-Expo-in-Muenchen_sicherheitsforum.jpg","width":905,"height":608,"caption":"Pressebild SicherheitsExpo"},{"@type":"BreadcrumbList","@id":"https:\/\/news.save.ch\/sicherheits-expo-in-muenchen\/#breadcrumb","itemListElement":[{"@type":"ListItem","position":1,"name":"Home","item":"https:\/\/news.save.ch\/de\/"},{"@type":"ListItem","position":2,"name":"Sicherheits-Expo in M\u00fcnchen"}]},{"@type":"WebSite","@id":"https:\/\/news.save.ch\/de\/#website","url":"https:\/\/news.save.ch\/de\/","name":"Save","description":"Schweizer Fachzeitschrift f\u00fcr Sicherheit","publisher":{"@id":"https:\/\/news.save.ch\/de\/#organization"},"potentialAction":[{"@type":"SearchAction","target":{"@type":"EntryPoint","urlTemplate":"https:\/\/news.save.ch\/de\/?s={search_term_string}"},"query-input":{"@type":"PropertyValueSpecification","valueRequired":true,"valueName":"search_term_string"}}],"inLanguage":"de"},{"@type":"Organization","@id":"https:\/\/news.save.ch\/de\/#organization","name":"Sicherheitsforum","url":"https:\/\/news.save.ch\/de\/","logo":{"@type":"ImageObject","inLanguage":"de","@id":"https:\/\/news.save.ch\/de\/#\/schema\/logo\/image\/","url":"https:\/\/news.save.ch\/wp-content\/uploads\/2022\/06\/Logo_SF_2012.png","contentUrl":"https:\/\/news.save.ch\/wp-content\/uploads\/2022\/06\/Logo_SF_2012.png","width":1100,"height":91,"caption":"Sicherheitsforum"},"image":{"@id":"https:\/\/news.save.ch\/de\/#\/schema\/logo\/image\/"}},{"@type":"Person","@id":"https:\/\/news.save.ch\/de\/#\/schema\/person\/d49e199490bad7c70d64b9ab51142f2b","name":"admin","image":{"@type":"ImageObject","inLanguage":"de","@id":"https:\/\/secure.gravatar.com\/avatar\/ae2f4d718e6c49043e314ce431e7e645d646302a24a5ef5a8bc8e3f5a032e319?s=96&d=mm&r=g","url":"https:\/\/secure.gravatar.com\/avatar\/ae2f4d718e6c49043e314ce431e7e645d646302a24a5ef5a8bc8e3f5a032e319?s=96&d=mm&r=g","contentUrl":"https:\/\/secure.gravatar.com\/avatar\/ae2f4d718e6c49043e314ce431e7e645d646302a24a5ef5a8bc8e3f5a032e319?s=96&d=mm&r=g","caption":"admin"},"sameAs":["https:\/\/develop.organisator.galledia.ch"],"url":"https:\/\/news.save.ch\/de\/author\/admin\/"}]}},"_links":{"self":[{"href":"https:\/\/news.save.ch\/de\/wp-json\/wp\/v2\/posts\/2559","targetHints":{"allow":["GET"]}}],"collection":[{"href":"https:\/\/news.save.ch\/de\/wp-json\/wp\/v2\/posts"}],"about":[{"href":"https:\/\/news.save.ch\/de\/wp-json\/wp\/v2\/types\/post"}],"author":[{"embeddable":true,"href":"https:\/\/news.save.ch\/de\/wp-json\/wp\/v2\/users\/1"}],"replies":[{"embeddable":true,"href":"https:\/\/news.save.ch\/de\/wp-json\/wp\/v2\/comments?post=2559"}],"version-history":[{"count":0,"href":"https:\/\/news.save.ch\/de\/wp-json\/wp\/v2\/posts\/2559\/revisions"}],"wp:featuredmedia":[{"embeddable":true,"href":"https:\/\/news.save.ch\/de\/wp-json\/wp\/v2\/media\/2560"}],"wp:attachment":[{"href":"https:\/\/news.save.ch\/de\/wp-json\/wp\/v2\/media?parent=2559"}],"wp:term":[{"taxonomy":"category","embeddable":true,"href":"https:\/\/news.save.ch\/de\/wp-json\/wp\/v2\/categories?post=2559"},{"taxonomy":"post_tag","embeddable":true,"href":"https:\/\/news.save.ch\/de\/wp-json\/wp\/v2\/tags?post=2559"}],"curies":[{"name":"wp","href":"https:\/\/api.w.org\/{rel}","templated":true}]}}