{"id":261,"date":"2015-05-09T10:43:53","date_gmt":"2015-05-09T08:43:53","guid":{"rendered":"http:\/\/dev.safety-plus.ch\/?p=261"},"modified":"2023-03-14T09:03:07","modified_gmt":"2023-03-14T08:03:07","slug":"verstehst-du-mich","status":null,"type":"post","link":"https:\/\/news.save.ch\/de\/verstehst-du-mich\/","title":{"rendered":"Verstehst du mich?"},"content":{"rendered":"<figure id=\"attachment_262\" aria-describedby=\"caption-attachment-262\" style=\"width: 667px\" class=\"wp-caption alignnone\"><img loading=\"lazy\" decoding=\"async\" class=\"wp-image-262 size-medium\" src=\"http:\/\/develop.safety-plus.ch\/wp-content\/uploads\/2016\/12\/Verstehst-du-mich_safety-plus.jpeg\" alt=\"Viele h\u00f6ren Gespr\u00e4che zwar normal laut, haben aber Probleme mit dem Verst\u00e4ndnis.\" width=\"667\" height=\"1000\" \/><figcaption id=\"caption-attachment-262\" class=\"wp-caption-text\">Viele h\u00f6ren Gespr\u00e4che zwar normal laut, haben aber Probleme mit dem Verst\u00e4ndnis.<\/figcaption><\/figure>\n<p>Rund 12 % der Schweizer Bev\u00f6lkerung haben laut einer Erhebung von <a href=\"http:\/\/www.pro-audito.ch\/\" target=\"_blank\" data-cke-saved-href=\"http:\/\/www.pro-audito.ch\/\" rel=\"noopener\">Pro Audito Schweiz<\/a>\u00a0Probleme mit dem H\u00f6rverm\u00f6gen. Viele von ihnen h\u00f6ren dabei noch gut, verstehen aber nicht alles. Dieser Umstand wird Verstehverlust genannt und kommt bei rund 85 % aller H\u00f6rminderungen vor. Weltweit leben sogar 590 Millionen Menschen mit einer H\u00f6rminderung, \u00fcber 40 % davon im Alter zwischen 60 und 69 Jahren. Prognosen zeigen, dass sich die Anzahl Menschen mit H\u00f6rschw\u00e4che bis ins Jahr 2050 gar verdoppeln k\u00f6nnte.<\/p>\n<p>Der \u201eTag des H\u00f6rens\u201c am 13. Mai macht deshalb auf die Wichtigkeit von gutem H\u00f6ren aufmerksam und sensibilisiert die Gesellschaft f\u00fcr die Optimierung des eigenen H\u00f6rsinns. Anl\u00e4sslich dieses Aktionstags f\u00fchrt der H\u00f6rspezialist\u00a0Amplifon den <a href=\"http:\/\/www.amplifon.ch\/DE\/ueber-Amplifon\/Aktuelles\/Pages\/der-schweizer-hoertest.aspx\" target=\"_blank\" data-cke-saved-href=\"http:\/\/www.amplifon.ch\/DE\/ueber-Amplifon\/Aktuelles\/Pages\/der-schweizer-hoertest.aspx\" rel=\"noopener\">Schweizer H\u00f6rtest<\/a> durch.<\/p>\n<p>Wer hin und wieder M\u00fche hat, alles zu verstehen, kann zwischen Anfang Mai bis Ende Juli in allen Schweizer Amplifon Fachgesch\u00e4ften einen kostenlosen H\u00f6rtest machen. Auf diese Weise wird festgestellt, ob ein Verstehverlust aufgrund eines H\u00f6rverlusts besteht.<\/p>\n<p>Mit einem\u00a0modernen H\u00f6rger\u00e4t l\u00e4sst sich diese Art des H\u00f6rverlusts ausgleichen. Dass sich die Lebensqualit\u00e4t von Personen mit H\u00f6rbeeintr\u00e4chtigungen durch den Einsatz eines H\u00f6rger\u00e4ts deutlich erh\u00f6ht, haben die Akustikspezialisten Amplifon und Phonak in zwei nationalen H\u00f6rstudien bewiesen.<\/p>\n","protected":false},"excerpt":{"rendered":"<p>Rund 12 % der Schweizer Bev\u00f6lkerung haben laut einer Erhebung von Pro Audito Schweiz\u00a0Probleme mit dem H\u00f6rverm\u00f6gen. Viele von ihnen h\u00f6ren dabei noch gut, verstehen aber nicht alles. Dieser Umstand wird Verstehverlust genannt und kommt bei rund 85 % aller H\u00f6rminderungen vor. Weltweit leben sogar 590 Millionen Menschen mit einer H\u00f6rminderung, \u00fcber 40 % davon [&hellip;]<\/p>\n","protected":false},"author":1,"featured_media":262,"comment_status":"open","ping_status":"open","sticky":false,"template":"","format":"standard","meta":{"_acf_changed":false,"pgc_sgb_lightbox_settings":"","footnotes":""},"categories":[3314],"tags":[1891,149],"class_list":["post-261","post","type-post","status-publish","format-standard","has-post-thumbnail","hentry","category-health-safety","tag-demografie","tag-gesundheitsschutz"],"acf":[],"hkrextid":null,"publication":null,"issue":null,"workflow":null,"startPage":null,"spitzmarke":null,"_posts_by_tag_page_fields":{"widget_title":"","widget_tags":""},"_at_widget":"1","_yoast_wpseo_primary_category":"4","_yoast_wpseo_focuskw_text_input":"Verstehst du mich?","_yoast_wpseo_opengraph-image":null,"_yoast_wpseo_opengraph-description":null,"_yoast_wpseo_opengraph-title":null,"enclosure":null,"_yoast_wpseo_twitter-title":null,"_yoast_wpseo_twitter-description":null,"_yoast_wpseo_twitter-image":null,"_wp_old_slug":null,"_yoast_wpseo_title":null,"_yoast_wpseo_canonical":null,"yoast_head":"<!-- This site is optimized with the Yoast SEO plugin v27.4 - https:\/\/yoast.com\/product\/yoast-seo-wordpress\/ -->\n<title>Verstehst du mich? - Save<\/title>\n<meta name=\"description\" content=\"Verstehst du mich?: Erster Anzeichen eines H\u00f6rverlusts ist oft ein Verstehverlust. Davon sind viele Menschen in der Schweiz betroffen.\" \/>\n<meta name=\"robots\" content=\"index, follow, max-snippet:-1, max-image-preview:large, max-video-preview:-1\" \/>\n<link rel=\"canonical\" href=\"https:\/\/news.save.ch\/de\/verstehst-du-mich\/\" \/>\n<meta property=\"og:locale\" content=\"de_DE\" \/>\n<meta property=\"og:type\" content=\"article\" \/>\n<meta property=\"og:title\" content=\"Verstehst du mich? - Save\" \/>\n<meta property=\"og:description\" content=\"Verstehst du mich?: Erster Anzeichen eines H\u00f6rverlusts ist oft ein Verstehverlust. Davon sind viele Menschen in der Schweiz betroffen.\" \/>\n<meta property=\"og:url\" content=\"https:\/\/news.save.ch\/de\/verstehst-du-mich\/\" \/>\n<meta property=\"og:site_name\" content=\"Save\" \/>\n<meta property=\"article:published_time\" content=\"2015-05-09T08:43:53+00:00\" \/>\n<meta property=\"article:modified_time\" content=\"2023-03-14T08:03:07+00:00\" \/>\n<meta property=\"og:image\" content=\"https:\/\/news.save.ch\/wp-content\/uploads\/2016\/12\/Verstehst-du-mich_safety-plus-scaled-1.jpeg\" \/>\n\t<meta property=\"og:image:width\" content=\"801\" \/>\n\t<meta property=\"og:image:height\" content=\"1200\" \/>\n\t<meta property=\"og:image:type\" content=\"image\/jpeg\" \/>\n<meta name=\"author\" content=\"admin\" \/>\n<meta name=\"twitter:card\" content=\"summary_large_image\" \/>\n<meta name=\"twitter:label1\" content=\"Geschrieben von\" \/>\n\t<meta name=\"twitter:data1\" content=\"admin\" \/>\n\t<meta name=\"twitter:label2\" content=\"Gesch\u00e4tzte Lesezeit\" \/>\n\t<meta name=\"twitter:data2\" content=\"1\u00a0Minute\" \/>\n<script type=\"application\/ld+json\" class=\"yoast-schema-graph\">{\"@context\":\"https:\\\/\\\/schema.org\",\"@graph\":[{\"@type\":\"Article\",\"@id\":\"https:\\\/\\\/news.save.ch\\\/verstehst-du-mich\\\/#article\",\"isPartOf\":{\"@id\":\"https:\\\/\\\/news.save.ch\\\/verstehst-du-mich\\\/\"},\"author\":{\"name\":\"admin\",\"@id\":\"https:\\\/\\\/news.save.ch\\\/de\\\/#\\\/schema\\\/person\\\/d49e199490bad7c70d64b9ab51142f2b\"},\"headline\":\"Verstehst du mich?\",\"datePublished\":\"2015-05-09T08:43:53+00:00\",\"dateModified\":\"2023-03-14T08:03:07+00:00\",\"mainEntityOfPage\":{\"@id\":\"https:\\\/\\\/news.save.ch\\\/verstehst-du-mich\\\/\"},\"wordCount\":236,\"commentCount\":0,\"publisher\":{\"@id\":\"https:\\\/\\\/news.save.ch\\\/de\\\/#organization\"},\"image\":{\"@id\":\"https:\\\/\\\/news.save.ch\\\/verstehst-du-mich\\\/#primaryimage\"},\"thumbnailUrl\":\"https:\\\/\\\/news.save.ch\\\/wp-content\\\/uploads\\\/2016\\\/12\\\/Verstehst-du-mich_safety-plus-scaled-1.jpeg\",\"keywords\":[\"Demografie\",\"Gesundheitsschutz\"],\"articleSection\":[\"HEALTH &amp; SAFETY\"],\"inLanguage\":\"de\"},{\"@type\":\"WebPage\",\"@id\":\"https:\\\/\\\/news.save.ch\\\/verstehst-du-mich\\\/\",\"url\":\"https:\\\/\\\/news.save.ch\\\/verstehst-du-mich\\\/\",\"name\":\"Verstehst du mich? - Save\",\"isPartOf\":{\"@id\":\"https:\\\/\\\/news.save.ch\\\/de\\\/#website\"},\"primaryImageOfPage\":{\"@id\":\"https:\\\/\\\/news.save.ch\\\/verstehst-du-mich\\\/#primaryimage\"},\"image\":{\"@id\":\"https:\\\/\\\/news.save.ch\\\/verstehst-du-mich\\\/#primaryimage\"},\"thumbnailUrl\":\"https:\\\/\\\/news.save.ch\\\/wp-content\\\/uploads\\\/2016\\\/12\\\/Verstehst-du-mich_safety-plus-scaled-1.jpeg\",\"datePublished\":\"2015-05-09T08:43:53+00:00\",\"dateModified\":\"2023-03-14T08:03:07+00:00\",\"description\":\"Verstehst du mich?: Erster Anzeichen eines H\u00f6rverlusts ist oft ein Verstehverlust. Davon sind viele Menschen in der Schweiz betroffen.\",\"breadcrumb\":{\"@id\":\"https:\\\/\\\/news.save.ch\\\/verstehst-du-mich\\\/#breadcrumb\"},\"inLanguage\":\"de\",\"potentialAction\":[{\"@type\":\"ReadAction\",\"target\":[\"https:\\\/\\\/news.save.ch\\\/verstehst-du-mich\\\/\"]}]},{\"@type\":\"ImageObject\",\"inLanguage\":\"de\",\"@id\":\"https:\\\/\\\/news.save.ch\\\/verstehst-du-mich\\\/#primaryimage\",\"url\":\"https:\\\/\\\/news.save.ch\\\/wp-content\\\/uploads\\\/2016\\\/12\\\/Verstehst-du-mich_safety-plus-scaled-1.jpeg\",\"contentUrl\":\"https:\\\/\\\/news.save.ch\\\/wp-content\\\/uploads\\\/2016\\\/12\\\/Verstehst-du-mich_safety-plus-scaled-1.jpeg\",\"width\":801,\"height\":1200,\"caption\":\"Viele h\u00f6ren Gespr\u00e4che zwar normal laut, haben aber Probleme mit dem Verst\u00e4ndnis.\"},{\"@type\":\"BreadcrumbList\",\"@id\":\"https:\\\/\\\/news.save.ch\\\/verstehst-du-mich\\\/#breadcrumb\",\"itemListElement\":[{\"@type\":\"ListItem\",\"position\":1,\"name\":\"Home\",\"item\":\"https:\\\/\\\/news.save.ch\\\/de\\\/\"},{\"@type\":\"ListItem\",\"position\":2,\"name\":\"Verstehst du mich?\"}]},{\"@type\":\"WebSite\",\"@id\":\"https:\\\/\\\/news.save.ch\\\/de\\\/#website\",\"url\":\"https:\\\/\\\/news.save.ch\\\/de\\\/\",\"name\":\"Save\",\"description\":\"Schweizer Fachzeitschrift f\u00fcr Sicherheit\",\"publisher\":{\"@id\":\"https:\\\/\\\/news.save.ch\\\/de\\\/#organization\"},\"potentialAction\":[{\"@type\":\"SearchAction\",\"target\":{\"@type\":\"EntryPoint\",\"urlTemplate\":\"https:\\\/\\\/news.save.ch\\\/de\\\/?s={search_term_string}\"},\"query-input\":{\"@type\":\"PropertyValueSpecification\",\"valueRequired\":true,\"valueName\":\"search_term_string\"}}],\"inLanguage\":\"de\"},{\"@type\":\"Organization\",\"@id\":\"https:\\\/\\\/news.save.ch\\\/de\\\/#organization\",\"name\":\"Sicherheitsforum\",\"url\":\"https:\\\/\\\/news.save.ch\\\/de\\\/\",\"logo\":{\"@type\":\"ImageObject\",\"inLanguage\":\"de\",\"@id\":\"https:\\\/\\\/news.save.ch\\\/de\\\/#\\\/schema\\\/logo\\\/image\\\/\",\"url\":\"https:\\\/\\\/news.save.ch\\\/wp-content\\\/uploads\\\/2022\\\/06\\\/Logo_SF_2012.png\",\"contentUrl\":\"https:\\\/\\\/news.save.ch\\\/wp-content\\\/uploads\\\/2022\\\/06\\\/Logo_SF_2012.png\",\"width\":1100,\"height\":91,\"caption\":\"Sicherheitsforum\"},\"image\":{\"@id\":\"https:\\\/\\\/news.save.ch\\\/de\\\/#\\\/schema\\\/logo\\\/image\\\/\"}},{\"@type\":\"Person\",\"@id\":\"https:\\\/\\\/news.save.ch\\\/de\\\/#\\\/schema\\\/person\\\/d49e199490bad7c70d64b9ab51142f2b\",\"name\":\"admin\",\"image\":{\"@type\":\"ImageObject\",\"inLanguage\":\"de\",\"@id\":\"https:\\\/\\\/secure.gravatar.com\\\/avatar\\\/ae2f4d718e6c49043e314ce431e7e645d646302a24a5ef5a8bc8e3f5a032e319?s=96&d=mm&r=g\",\"url\":\"https:\\\/\\\/secure.gravatar.com\\\/avatar\\\/ae2f4d718e6c49043e314ce431e7e645d646302a24a5ef5a8bc8e3f5a032e319?s=96&d=mm&r=g\",\"contentUrl\":\"https:\\\/\\\/secure.gravatar.com\\\/avatar\\\/ae2f4d718e6c49043e314ce431e7e645d646302a24a5ef5a8bc8e3f5a032e319?s=96&d=mm&r=g\",\"caption\":\"admin\"},\"sameAs\":[\"https:\\\/\\\/develop.organisator.galledia.ch\"],\"url\":\"https:\\\/\\\/news.save.ch\\\/de\\\/author\\\/admin\\\/\"}]}<\/script>\n<!-- \/ Yoast SEO plugin. -->","yoast_head_json":{"title":"Verstehst du mich? - Save","description":"Verstehst du mich?: Erster Anzeichen eines H\u00f6rverlusts ist oft ein Verstehverlust. Davon sind viele Menschen in der Schweiz betroffen.","robots":{"index":"index","follow":"follow","max-snippet":"max-snippet:-1","max-image-preview":"max-image-preview:large","max-video-preview":"max-video-preview:-1"},"canonical":"https:\/\/news.save.ch\/de\/verstehst-du-mich\/","og_locale":"de_DE","og_type":"article","og_title":"Verstehst du mich? - Save","og_description":"Verstehst du mich?: Erster Anzeichen eines H\u00f6rverlusts ist oft ein Verstehverlust. Davon sind viele Menschen in der Schweiz betroffen.","og_url":"https:\/\/news.save.ch\/de\/verstehst-du-mich\/","og_site_name":"Save","article_published_time":"2015-05-09T08:43:53+00:00","article_modified_time":"2023-03-14T08:03:07+00:00","og_image":[{"width":801,"height":1200,"url":"https:\/\/news.save.ch\/wp-content\/uploads\/2016\/12\/Verstehst-du-mich_safety-plus-scaled-1.jpeg","type":"image\/jpeg"}],"author":"admin","twitter_card":"summary_large_image","twitter_misc":{"Geschrieben von":"admin","Gesch\u00e4tzte Lesezeit":"1\u00a0Minute"},"schema":{"@context":"https:\/\/schema.org","@graph":[{"@type":"Article","@id":"https:\/\/news.save.ch\/verstehst-du-mich\/#article","isPartOf":{"@id":"https:\/\/news.save.ch\/verstehst-du-mich\/"},"author":{"name":"admin","@id":"https:\/\/news.save.ch\/de\/#\/schema\/person\/d49e199490bad7c70d64b9ab51142f2b"},"headline":"Verstehst du mich?","datePublished":"2015-05-09T08:43:53+00:00","dateModified":"2023-03-14T08:03:07+00:00","mainEntityOfPage":{"@id":"https:\/\/news.save.ch\/verstehst-du-mich\/"},"wordCount":236,"commentCount":0,"publisher":{"@id":"https:\/\/news.save.ch\/de\/#organization"},"image":{"@id":"https:\/\/news.save.ch\/verstehst-du-mich\/#primaryimage"},"thumbnailUrl":"https:\/\/news.save.ch\/wp-content\/uploads\/2016\/12\/Verstehst-du-mich_safety-plus-scaled-1.jpeg","keywords":["Demografie","Gesundheitsschutz"],"articleSection":["HEALTH &amp; SAFETY"],"inLanguage":"de"},{"@type":"WebPage","@id":"https:\/\/news.save.ch\/verstehst-du-mich\/","url":"https:\/\/news.save.ch\/verstehst-du-mich\/","name":"Verstehst du mich? - Save","isPartOf":{"@id":"https:\/\/news.save.ch\/de\/#website"},"primaryImageOfPage":{"@id":"https:\/\/news.save.ch\/verstehst-du-mich\/#primaryimage"},"image":{"@id":"https:\/\/news.save.ch\/verstehst-du-mich\/#primaryimage"},"thumbnailUrl":"https:\/\/news.save.ch\/wp-content\/uploads\/2016\/12\/Verstehst-du-mich_safety-plus-scaled-1.jpeg","datePublished":"2015-05-09T08:43:53+00:00","dateModified":"2023-03-14T08:03:07+00:00","description":"Verstehst du mich?: Erster Anzeichen eines H\u00f6rverlusts ist oft ein Verstehverlust. Davon sind viele Menschen in der Schweiz betroffen.","breadcrumb":{"@id":"https:\/\/news.save.ch\/verstehst-du-mich\/#breadcrumb"},"inLanguage":"de","potentialAction":[{"@type":"ReadAction","target":["https:\/\/news.save.ch\/verstehst-du-mich\/"]}]},{"@type":"ImageObject","inLanguage":"de","@id":"https:\/\/news.save.ch\/verstehst-du-mich\/#primaryimage","url":"https:\/\/news.save.ch\/wp-content\/uploads\/2016\/12\/Verstehst-du-mich_safety-plus-scaled-1.jpeg","contentUrl":"https:\/\/news.save.ch\/wp-content\/uploads\/2016\/12\/Verstehst-du-mich_safety-plus-scaled-1.jpeg","width":801,"height":1200,"caption":"Viele h\u00f6ren Gespr\u00e4che zwar normal laut, haben aber Probleme mit dem Verst\u00e4ndnis."},{"@type":"BreadcrumbList","@id":"https:\/\/news.save.ch\/verstehst-du-mich\/#breadcrumb","itemListElement":[{"@type":"ListItem","position":1,"name":"Home","item":"https:\/\/news.save.ch\/de\/"},{"@type":"ListItem","position":2,"name":"Verstehst du mich?"}]},{"@type":"WebSite","@id":"https:\/\/news.save.ch\/de\/#website","url":"https:\/\/news.save.ch\/de\/","name":"Save","description":"Schweizer Fachzeitschrift f\u00fcr Sicherheit","publisher":{"@id":"https:\/\/news.save.ch\/de\/#organization"},"potentialAction":[{"@type":"SearchAction","target":{"@type":"EntryPoint","urlTemplate":"https:\/\/news.save.ch\/de\/?s={search_term_string}"},"query-input":{"@type":"PropertyValueSpecification","valueRequired":true,"valueName":"search_term_string"}}],"inLanguage":"de"},{"@type":"Organization","@id":"https:\/\/news.save.ch\/de\/#organization","name":"Sicherheitsforum","url":"https:\/\/news.save.ch\/de\/","logo":{"@type":"ImageObject","inLanguage":"de","@id":"https:\/\/news.save.ch\/de\/#\/schema\/logo\/image\/","url":"https:\/\/news.save.ch\/wp-content\/uploads\/2022\/06\/Logo_SF_2012.png","contentUrl":"https:\/\/news.save.ch\/wp-content\/uploads\/2022\/06\/Logo_SF_2012.png","width":1100,"height":91,"caption":"Sicherheitsforum"},"image":{"@id":"https:\/\/news.save.ch\/de\/#\/schema\/logo\/image\/"}},{"@type":"Person","@id":"https:\/\/news.save.ch\/de\/#\/schema\/person\/d49e199490bad7c70d64b9ab51142f2b","name":"admin","image":{"@type":"ImageObject","inLanguage":"de","@id":"https:\/\/secure.gravatar.com\/avatar\/ae2f4d718e6c49043e314ce431e7e645d646302a24a5ef5a8bc8e3f5a032e319?s=96&d=mm&r=g","url":"https:\/\/secure.gravatar.com\/avatar\/ae2f4d718e6c49043e314ce431e7e645d646302a24a5ef5a8bc8e3f5a032e319?s=96&d=mm&r=g","contentUrl":"https:\/\/secure.gravatar.com\/avatar\/ae2f4d718e6c49043e314ce431e7e645d646302a24a5ef5a8bc8e3f5a032e319?s=96&d=mm&r=g","caption":"admin"},"sameAs":["https:\/\/develop.organisator.galledia.ch"],"url":"https:\/\/news.save.ch\/de\/author\/admin\/"}]}},"_links":{"self":[{"href":"https:\/\/news.save.ch\/de\/wp-json\/wp\/v2\/posts\/261","targetHints":{"allow":["GET"]}}],"collection":[{"href":"https:\/\/news.save.ch\/de\/wp-json\/wp\/v2\/posts"}],"about":[{"href":"https:\/\/news.save.ch\/de\/wp-json\/wp\/v2\/types\/post"}],"author":[{"embeddable":true,"href":"https:\/\/news.save.ch\/de\/wp-json\/wp\/v2\/users\/1"}],"replies":[{"embeddable":true,"href":"https:\/\/news.save.ch\/de\/wp-json\/wp\/v2\/comments?post=261"}],"version-history":[{"count":1,"href":"https:\/\/news.save.ch\/de\/wp-json\/wp\/v2\/posts\/261\/revisions"}],"predecessor-version":[{"id":18861,"href":"https:\/\/news.save.ch\/de\/wp-json\/wp\/v2\/posts\/261\/revisions\/18861"}],"wp:featuredmedia":[{"embeddable":true,"href":"https:\/\/news.save.ch\/de\/wp-json\/wp\/v2\/media\/262"}],"wp:attachment":[{"href":"https:\/\/news.save.ch\/de\/wp-json\/wp\/v2\/media?parent=261"}],"wp:term":[{"taxonomy":"category","embeddable":true,"href":"https:\/\/news.save.ch\/de\/wp-json\/wp\/v2\/categories?post=261"},{"taxonomy":"post_tag","embeddable":true,"href":"https:\/\/news.save.ch\/de\/wp-json\/wp\/v2\/tags?post=261"}],"curies":[{"name":"wp","href":"https:\/\/api.w.org\/{rel}","templated":true}]}}