{"id":2629,"date":"2016-05-18T14:29:25","date_gmt":"2016-05-18T12:29:25","guid":{"rendered":"https:\/\/dev.sicherheitsforum.ch\/?p=2629"},"modified":"2016-05-18T14:29:25","modified_gmt":"2016-05-18T12:29:25","slug":"gotthard-basistunnel-festgelaende-wird-wegen-naturgefahr-verschoben","status":null,"type":"post","link":"https:\/\/news.save.ch\/de\/gotthard-basistunnel-festgelaende-wird-wegen-naturgefahr-verschoben\/","title":{"rendered":"Gotthard-Basistunnel: Festgel\u00e4nde wird wegen Naturgefahr verschoben"},"content":{"rendered":"<figure id=\"attachment_2630\" aria-describedby=\"caption-attachment-2630\" style=\"width: 680px\" class=\"wp-caption alignnone\"><img loading=\"lazy\" decoding=\"async\" class=\"wp-image-2630 size-medium\" src=\"https:\/\/news.save.ch\/wp-content\/uploads\/2016\/12\/Gotthard-Basistunnel-Festgelaende-wird-wegen-Naturgefahr-verschoben_sicherheitsforum.jpg\" width=\"680\" height=\"454\" srcset=\"https:\/\/news.save.ch\/wp-content\/uploads\/2016\/12\/Gotthard-Basistunnel-Festgelaende-wird-wegen-Naturgefahr-verschoben_sicherheitsforum.jpg 1024w, https:\/\/news.save.ch\/wp-content\/uploads\/2016\/12\/Gotthard-Basistunnel-Festgelaende-wird-wegen-Naturgefahr-verschoben_sicherheitsforum-375x250.jpg 375w\" sizes=\"auto, (max-width: 680px) 100vw, 680px\" \/><figcaption id=\"caption-attachment-2630\" class=\"wp-caption-text\">Foto: SBB<\/figcaption><\/figure>\n<p>Die SBB beobachtet laufend die Naturgefahren, da ihr Netz und ihre Bauten punktuell exponiert sind. Im Rahmen der Vorbereitungen f\u00fcr die Er\u00f6ffnung des Gotthard-Basistunnels hat sie die Felswand oberhalb des urspr\u00fcnglich geplanten Festgel\u00e4ndes in Biasca wieder \u00fcberpr\u00fcft. Dabei wurden instabil wirkende Felspartien festgestellt, wie die SBB-Kommunikationsabteilung schreibt.<br \/>\n<strong>Neu am Bahnhof<\/strong><\/p>\n<p>Man habe vorsorglich entschieden, das Festgel\u00e4nde in Biasca zu verschieben. Der Publikumsanlass in Biasca findet neu am Bahnhof statt. Hier f\u00e4nden die Festbesucher verschiedenes Rollmaterial und eine Ausstellung zum G\u00fcterverkehr auf der Gotthardachse. Einzelne Ausstellungsobjekte w\u00fcrden neu in Pollegio oder Erstfeld statt in Biasca gezeigt. Die Sicherheit der Besucher sei jederzeit garantiert, heisst es.<br \/>\nAuch die Sicherheit der rund 170 Mitarbeitenden im Erhaltungs- und Interventionszentrums Biasca ist gew\u00e4hrleistet, wie mitgeteilt wird. Es bef\u00e4nden sich keine permanenten Arbeitspl\u00e4tze in diesem Areal. Die SBB \u00fcberwache den Hang laufend.<\/p>\n<p><strong>Er\u00f6ffnungfeste in Nord und S\u00fcd<\/strong><\/p>\n<p>In Erstfeld, Ryn\u00e4cht und im Raum Pollegio\/Biasca wird am 4. und 5. Juni 2016 auf vier Festpl\u00e4tzen ein vielf\u00e4ltiges Programm geboten. Auch das neue Erhaltungs- und Interventionszentrum in Erstfeld steht den Besuchern offen. Eine Rollmaterialshow zeigt Z\u00fcge und Loks von damals und heute. SBB Cargo visualisiert in einem Containerturm die Containermenge eines Gotthard-Basistunnel-Zuges. Ebenfalls mit attraktiven Auftritten pr\u00e4sent sind die Gottardo-Partner sowie Uri und Tessin. Zum Rahmenprogramm geh\u00f6ren Auftritte von Knackeboul und eine k\u00fcnstlerische Inszenierung. Selbstfahrende Fahrzeuge, Roboter, Drohnen und mehr sind in den Pavillons zur Mobilit\u00e4t der Zukunft zu bestaunen. Weitere Informationen <a href=\"https:\/\/www.gottardo2016.ch\" target=\"_blank\" data-cke-saved-href=\"https:\/\/www.gottardo2016.ch\" rel=\"noopener\">hier<\/a>.<\/p>\n","protected":false},"excerpt":{"rendered":"<p>Die SBB beobachtet laufend die Naturgefahren, da ihr Netz und ihre Bauten punktuell exponiert sind. Im Rahmen der Vorbereitungen f\u00fcr die Er\u00f6ffnung des Gotthard-Basistunnels hat sie die Felswand oberhalb des urspr\u00fcnglich geplanten Festgel\u00e4ndes in Biasca wieder \u00fcberpr\u00fcft. Dabei wurden instabil wirkende Felspartien festgestellt, wie die SBB-Kommunikationsabteilung schreibt. Neu am Bahnhof Man habe vorsorglich entschieden, das [&hellip;]<\/p>\n","protected":false},"author":1,"featured_media":2630,"comment_status":"open","ping_status":"open","sticky":false,"template":"","format":"standard","meta":{"_acf_changed":false,"pgc_sgb_lightbox_settings":"","footnotes":""},"categories":[1],"tags":[170],"class_list":["post-2629","post","type-post","status-publish","format-standard","has-post-thumbnail","hentry","category-allgemein","tag-naturgefahren"],"acf":[],"hkrextid":null,"publication":null,"issue":null,"workflow":null,"startPage":null,"spitzmarke":null,"_posts_by_tag_page_fields":{"widget_title":"","widget_tags":""},"_at_widget":"1","_yoast_wpseo_primary_category":"","_yoast_wpseo_focuskw_text_input":"Gotthard-Basistunnel","_yoast_wpseo_opengraph-image":"https:\/\/news.save.ch\/wp-content\/uploads\/2016\/12\/Gotthard-Basistunnel-Festgel\u00e4nde-wird-wegen-Naturgefahr-verschoben_sicherheitsforum.jpg","_yoast_wpseo_opengraph-description":"Am 4. und 5. Juni 2016 wird der Gotthard-Basistunnel mit einem grossen Volksfest er\u00f6ffnet. Dieses findet gleichzeitig auf vier Festpl\u00e4tzen in Erstfeld, Ryn\u00e4cht und im Raum Pollegio\/Biasca statt. Die SBB verschiebt das Festgel\u00e4nde in Biasca an den Bahnhof. Damit reagiert sie vorsorglich auf Ver\u00e4nderungen im Gestein oberhalb des urspr\u00fcnglich geplanten Standorts.","_yoast_wpseo_opengraph-title":"Gotthard-Basistunnel: Festgel\u00e4nde wird wegen Naturgefahr verschoben","enclosure":null,"_yoast_wpseo_twitter-title":null,"_yoast_wpseo_twitter-description":null,"_yoast_wpseo_twitter-image":null,"_wp_old_slug":null,"_yoast_wpseo_title":null,"_yoast_wpseo_canonical":null,"yoast_head":"<!-- This site is optimized with the Yoast SEO plugin v27.5 - https:\/\/yoast.com\/product\/yoast-seo-wordpress\/ -->\n<title>Gotthard-Basistunnel: Festgel\u00e4nde wird wegen Naturgefahr verschoben - Save<\/title>\n<meta name=\"description\" content=\"Am 4. und 5. Juni 2016 wird der Gotthard-Basistunnel mit einem grossen Volksfest er\u00f6ffnet. Dieses findet gleichzeitig auf vier Festpl\u00e4tzen statt.\" \/>\n<meta name=\"robots\" content=\"index, follow, max-snippet:-1, max-image-preview:large, max-video-preview:-1\" \/>\n<link rel=\"canonical\" href=\"https:\/\/news.save.ch\/de\/gotthard-basistunnel-festgelaende-wird-wegen-naturgefahr-verschoben\/\" \/>\n<meta property=\"og:locale\" content=\"de_DE\" \/>\n<meta property=\"og:type\" content=\"article\" \/>\n<meta property=\"og:title\" content=\"Gotthard-Basistunnel: Festgel\u00e4nde wird wegen Naturgefahr verschoben\" \/>\n<meta property=\"og:description\" content=\"Am 4. und 5. Juni 2016 wird der Gotthard-Basistunnel mit einem grossen Volksfest er\u00f6ffnet. Dieses findet gleichzeitig auf vier Festpl\u00e4tzen in Erstfeld, Ryn\u00e4cht und im Raum Pollegio\/Biasca statt. Die SBB verschiebt das Festgel\u00e4nde in Biasca an den Bahnhof. Damit reagiert sie vorsorglich auf Ver\u00e4nderungen im Gestein oberhalb des urspr\u00fcnglich geplanten Standorts.\" \/>\n<meta property=\"og:url\" content=\"https:\/\/news.save.ch\/de\/gotthard-basistunnel-festgelaende-wird-wegen-naturgefahr-verschoben\/\" \/>\n<meta property=\"og:site_name\" content=\"Save\" \/>\n<meta property=\"article:published_time\" content=\"2016-05-18T12:29:25+00:00\" \/>\n<meta property=\"og:image\" content=\"https:\/\/news.save.ch\/wp-content\/uploads\/2016\/12\/Gotthard-Basistunnel-Festgel\u00e4nde-wird-wegen-Naturgefahr-verschoben_sicherheitsforum.jpg\" \/>\n<meta name=\"author\" content=\"admin\" \/>\n<meta name=\"twitter:card\" content=\"summary_large_image\" \/>\n<meta name=\"twitter:label1\" content=\"Geschrieben von\" \/>\n\t<meta name=\"twitter:data1\" content=\"admin\" \/>\n\t<meta name=\"twitter:label2\" content=\"Gesch\u00e4tzte Lesezeit\" \/>\n\t<meta name=\"twitter:data2\" content=\"1\u00a0Minute\" \/>\n<script type=\"application\/ld+json\" class=\"yoast-schema-graph\">{\"@context\":\"https:\\\/\\\/schema.org\",\"@graph\":[{\"@type\":\"Article\",\"@id\":\"https:\\\/\\\/news.save.ch\\\/gotthard-basistunnel-festgelaende-wird-wegen-naturgefahr-verschoben\\\/#article\",\"isPartOf\":{\"@id\":\"https:\\\/\\\/news.save.ch\\\/gotthard-basistunnel-festgelaende-wird-wegen-naturgefahr-verschoben\\\/\"},\"author\":{\"name\":\"admin\",\"@id\":\"https:\\\/\\\/news.save.ch\\\/de\\\/#\\\/schema\\\/person\\\/d49e199490bad7c70d64b9ab51142f2b\"},\"headline\":\"Gotthard-Basistunnel: Festgel\u00e4nde wird wegen Naturgefahr verschoben\",\"datePublished\":\"2016-05-18T12:29:25+00:00\",\"mainEntityOfPage\":{\"@id\":\"https:\\\/\\\/news.save.ch\\\/gotthard-basistunnel-festgelaende-wird-wegen-naturgefahr-verschoben\\\/\"},\"wordCount\":270,\"commentCount\":0,\"publisher\":{\"@id\":\"https:\\\/\\\/news.save.ch\\\/de\\\/#organization\"},\"image\":{\"@id\":\"https:\\\/\\\/news.save.ch\\\/gotthard-basistunnel-festgelaende-wird-wegen-naturgefahr-verschoben\\\/#primaryimage\"},\"thumbnailUrl\":\"https:\\\/\\\/news.save.ch\\\/wp-content\\\/uploads\\\/2016\\\/12\\\/Gotthard-Basistunnel-Festgelaende-wird-wegen-Naturgefahr-verschoben_sicherheitsforum.jpg\",\"keywords\":[\"Naturgefahren\"],\"articleSection\":[\"ALLGEMEIN\"],\"inLanguage\":\"de\"},{\"@type\":\"WebPage\",\"@id\":\"https:\\\/\\\/news.save.ch\\\/gotthard-basistunnel-festgelaende-wird-wegen-naturgefahr-verschoben\\\/\",\"url\":\"https:\\\/\\\/news.save.ch\\\/gotthard-basistunnel-festgelaende-wird-wegen-naturgefahr-verschoben\\\/\",\"name\":\"Gotthard-Basistunnel: Festgel\u00e4nde wird wegen Naturgefahr verschoben - Save\",\"isPartOf\":{\"@id\":\"https:\\\/\\\/news.save.ch\\\/de\\\/#website\"},\"primaryImageOfPage\":{\"@id\":\"https:\\\/\\\/news.save.ch\\\/gotthard-basistunnel-festgelaende-wird-wegen-naturgefahr-verschoben\\\/#primaryimage\"},\"image\":{\"@id\":\"https:\\\/\\\/news.save.ch\\\/gotthard-basistunnel-festgelaende-wird-wegen-naturgefahr-verschoben\\\/#primaryimage\"},\"thumbnailUrl\":\"https:\\\/\\\/news.save.ch\\\/wp-content\\\/uploads\\\/2016\\\/12\\\/Gotthard-Basistunnel-Festgelaende-wird-wegen-Naturgefahr-verschoben_sicherheitsforum.jpg\",\"datePublished\":\"2016-05-18T12:29:25+00:00\",\"description\":\"Am 4. und 5. Juni 2016 wird der Gotthard-Basistunnel mit einem grossen Volksfest er\u00f6ffnet. Dieses findet gleichzeitig auf vier Festpl\u00e4tzen statt.\",\"breadcrumb\":{\"@id\":\"https:\\\/\\\/news.save.ch\\\/gotthard-basistunnel-festgelaende-wird-wegen-naturgefahr-verschoben\\\/#breadcrumb\"},\"inLanguage\":\"de\",\"potentialAction\":[{\"@type\":\"ReadAction\",\"target\":[\"https:\\\/\\\/news.save.ch\\\/gotthard-basistunnel-festgelaende-wird-wegen-naturgefahr-verschoben\\\/\"]}]},{\"@type\":\"ImageObject\",\"inLanguage\":\"de\",\"@id\":\"https:\\\/\\\/news.save.ch\\\/gotthard-basistunnel-festgelaende-wird-wegen-naturgefahr-verschoben\\\/#primaryimage\",\"url\":\"https:\\\/\\\/news.save.ch\\\/wp-content\\\/uploads\\\/2016\\\/12\\\/Gotthard-Basistunnel-Festgelaende-wird-wegen-Naturgefahr-verschoben_sicherheitsforum.jpg\",\"contentUrl\":\"https:\\\/\\\/news.save.ch\\\/wp-content\\\/uploads\\\/2016\\\/12\\\/Gotthard-Basistunnel-Festgelaende-wird-wegen-Naturgefahr-verschoben_sicherheitsforum.jpg\",\"width\":1024,\"height\":683,\"caption\":\"Foto: SBB\"},{\"@type\":\"BreadcrumbList\",\"@id\":\"https:\\\/\\\/news.save.ch\\\/gotthard-basistunnel-festgelaende-wird-wegen-naturgefahr-verschoben\\\/#breadcrumb\",\"itemListElement\":[{\"@type\":\"ListItem\",\"position\":1,\"name\":\"Home\",\"item\":\"https:\\\/\\\/news.save.ch\\\/de\\\/\"},{\"@type\":\"ListItem\",\"position\":2,\"name\":\"Gotthard-Basistunnel: Festgel\u00e4nde wird wegen Naturgefahr verschoben\"}]},{\"@type\":\"WebSite\",\"@id\":\"https:\\\/\\\/news.save.ch\\\/de\\\/#website\",\"url\":\"https:\\\/\\\/news.save.ch\\\/de\\\/\",\"name\":\"Save\",\"description\":\"Schweizer Fachzeitschrift f\u00fcr Sicherheit\",\"publisher\":{\"@id\":\"https:\\\/\\\/news.save.ch\\\/de\\\/#organization\"},\"potentialAction\":[{\"@type\":\"SearchAction\",\"target\":{\"@type\":\"EntryPoint\",\"urlTemplate\":\"https:\\\/\\\/news.save.ch\\\/de\\\/?s={search_term_string}\"},\"query-input\":{\"@type\":\"PropertyValueSpecification\",\"valueRequired\":true,\"valueName\":\"search_term_string\"}}],\"inLanguage\":\"de\"},{\"@type\":\"Organization\",\"@id\":\"https:\\\/\\\/news.save.ch\\\/de\\\/#organization\",\"name\":\"Sicherheitsforum\",\"url\":\"https:\\\/\\\/news.save.ch\\\/de\\\/\",\"logo\":{\"@type\":\"ImageObject\",\"inLanguage\":\"de\",\"@id\":\"https:\\\/\\\/news.save.ch\\\/de\\\/#\\\/schema\\\/logo\\\/image\\\/\",\"url\":\"https:\\\/\\\/news.save.ch\\\/wp-content\\\/uploads\\\/2022\\\/06\\\/Logo_SF_2012.png\",\"contentUrl\":\"https:\\\/\\\/news.save.ch\\\/wp-content\\\/uploads\\\/2022\\\/06\\\/Logo_SF_2012.png\",\"width\":1100,\"height\":91,\"caption\":\"Sicherheitsforum\"},\"image\":{\"@id\":\"https:\\\/\\\/news.save.ch\\\/de\\\/#\\\/schema\\\/logo\\\/image\\\/\"}},{\"@type\":\"Person\",\"@id\":\"https:\\\/\\\/news.save.ch\\\/de\\\/#\\\/schema\\\/person\\\/d49e199490bad7c70d64b9ab51142f2b\",\"name\":\"admin\",\"image\":{\"@type\":\"ImageObject\",\"inLanguage\":\"de\",\"@id\":\"https:\\\/\\\/secure.gravatar.com\\\/avatar\\\/ae2f4d718e6c49043e314ce431e7e645d646302a24a5ef5a8bc8e3f5a032e319?s=96&d=mm&r=g\",\"url\":\"https:\\\/\\\/secure.gravatar.com\\\/avatar\\\/ae2f4d718e6c49043e314ce431e7e645d646302a24a5ef5a8bc8e3f5a032e319?s=96&d=mm&r=g\",\"contentUrl\":\"https:\\\/\\\/secure.gravatar.com\\\/avatar\\\/ae2f4d718e6c49043e314ce431e7e645d646302a24a5ef5a8bc8e3f5a032e319?s=96&d=mm&r=g\",\"caption\":\"admin\"},\"sameAs\":[\"https:\\\/\\\/develop.organisator.galledia.ch\"],\"url\":\"https:\\\/\\\/news.save.ch\\\/de\\\/author\\\/admin\\\/\"}]}<\/script>\n<!-- \/ Yoast SEO plugin. -->","yoast_head_json":{"title":"Gotthard-Basistunnel: Festgel\u00e4nde wird wegen Naturgefahr verschoben - Save","description":"Am 4. und 5. Juni 2016 wird der Gotthard-Basistunnel mit einem grossen Volksfest er\u00f6ffnet. Dieses findet gleichzeitig auf vier Festpl\u00e4tzen statt.","robots":{"index":"index","follow":"follow","max-snippet":"max-snippet:-1","max-image-preview":"max-image-preview:large","max-video-preview":"max-video-preview:-1"},"canonical":"https:\/\/news.save.ch\/de\/gotthard-basistunnel-festgelaende-wird-wegen-naturgefahr-verschoben\/","og_locale":"de_DE","og_type":"article","og_title":"Gotthard-Basistunnel: Festgel\u00e4nde wird wegen Naturgefahr verschoben","og_description":"Am 4. und 5. Juni 2016 wird der Gotthard-Basistunnel mit einem grossen Volksfest er\u00f6ffnet. Dieses findet gleichzeitig auf vier Festpl\u00e4tzen in Erstfeld, Ryn\u00e4cht und im Raum Pollegio\/Biasca statt. Die SBB verschiebt das Festgel\u00e4nde in Biasca an den Bahnhof. Damit reagiert sie vorsorglich auf Ver\u00e4nderungen im Gestein oberhalb des urspr\u00fcnglich geplanten Standorts.","og_url":"https:\/\/news.save.ch\/de\/gotthard-basistunnel-festgelaende-wird-wegen-naturgefahr-verschoben\/","og_site_name":"Save","article_published_time":"2016-05-18T12:29:25+00:00","og_image":[{"url":"https:\/\/news.save.ch\/wp-content\/uploads\/2016\/12\/Gotthard-Basistunnel-Festgel\u00e4nde-wird-wegen-Naturgefahr-verschoben_sicherheitsforum.jpg","type":"","width":"","height":""}],"author":"admin","twitter_card":"summary_large_image","twitter_misc":{"Geschrieben von":"admin","Gesch\u00e4tzte Lesezeit":"1\u00a0Minute"},"schema":{"@context":"https:\/\/schema.org","@graph":[{"@type":"Article","@id":"https:\/\/news.save.ch\/gotthard-basistunnel-festgelaende-wird-wegen-naturgefahr-verschoben\/#article","isPartOf":{"@id":"https:\/\/news.save.ch\/gotthard-basistunnel-festgelaende-wird-wegen-naturgefahr-verschoben\/"},"author":{"name":"admin","@id":"https:\/\/news.save.ch\/de\/#\/schema\/person\/d49e199490bad7c70d64b9ab51142f2b"},"headline":"Gotthard-Basistunnel: Festgel\u00e4nde wird wegen Naturgefahr verschoben","datePublished":"2016-05-18T12:29:25+00:00","mainEntityOfPage":{"@id":"https:\/\/news.save.ch\/gotthard-basistunnel-festgelaende-wird-wegen-naturgefahr-verschoben\/"},"wordCount":270,"commentCount":0,"publisher":{"@id":"https:\/\/news.save.ch\/de\/#organization"},"image":{"@id":"https:\/\/news.save.ch\/gotthard-basistunnel-festgelaende-wird-wegen-naturgefahr-verschoben\/#primaryimage"},"thumbnailUrl":"https:\/\/news.save.ch\/wp-content\/uploads\/2016\/12\/Gotthard-Basistunnel-Festgelaende-wird-wegen-Naturgefahr-verschoben_sicherheitsforum.jpg","keywords":["Naturgefahren"],"articleSection":["ALLGEMEIN"],"inLanguage":"de"},{"@type":"WebPage","@id":"https:\/\/news.save.ch\/gotthard-basistunnel-festgelaende-wird-wegen-naturgefahr-verschoben\/","url":"https:\/\/news.save.ch\/gotthard-basistunnel-festgelaende-wird-wegen-naturgefahr-verschoben\/","name":"Gotthard-Basistunnel: Festgel\u00e4nde wird wegen Naturgefahr verschoben - Save","isPartOf":{"@id":"https:\/\/news.save.ch\/de\/#website"},"primaryImageOfPage":{"@id":"https:\/\/news.save.ch\/gotthard-basistunnel-festgelaende-wird-wegen-naturgefahr-verschoben\/#primaryimage"},"image":{"@id":"https:\/\/news.save.ch\/gotthard-basistunnel-festgelaende-wird-wegen-naturgefahr-verschoben\/#primaryimage"},"thumbnailUrl":"https:\/\/news.save.ch\/wp-content\/uploads\/2016\/12\/Gotthard-Basistunnel-Festgelaende-wird-wegen-Naturgefahr-verschoben_sicherheitsforum.jpg","datePublished":"2016-05-18T12:29:25+00:00","description":"Am 4. und 5. Juni 2016 wird der Gotthard-Basistunnel mit einem grossen Volksfest er\u00f6ffnet. Dieses findet gleichzeitig auf vier Festpl\u00e4tzen statt.","breadcrumb":{"@id":"https:\/\/news.save.ch\/gotthard-basistunnel-festgelaende-wird-wegen-naturgefahr-verschoben\/#breadcrumb"},"inLanguage":"de","potentialAction":[{"@type":"ReadAction","target":["https:\/\/news.save.ch\/gotthard-basistunnel-festgelaende-wird-wegen-naturgefahr-verschoben\/"]}]},{"@type":"ImageObject","inLanguage":"de","@id":"https:\/\/news.save.ch\/gotthard-basistunnel-festgelaende-wird-wegen-naturgefahr-verschoben\/#primaryimage","url":"https:\/\/news.save.ch\/wp-content\/uploads\/2016\/12\/Gotthard-Basistunnel-Festgelaende-wird-wegen-Naturgefahr-verschoben_sicherheitsforum.jpg","contentUrl":"https:\/\/news.save.ch\/wp-content\/uploads\/2016\/12\/Gotthard-Basistunnel-Festgelaende-wird-wegen-Naturgefahr-verschoben_sicherheitsforum.jpg","width":1024,"height":683,"caption":"Foto: SBB"},{"@type":"BreadcrumbList","@id":"https:\/\/news.save.ch\/gotthard-basistunnel-festgelaende-wird-wegen-naturgefahr-verschoben\/#breadcrumb","itemListElement":[{"@type":"ListItem","position":1,"name":"Home","item":"https:\/\/news.save.ch\/de\/"},{"@type":"ListItem","position":2,"name":"Gotthard-Basistunnel: Festgel\u00e4nde wird wegen Naturgefahr verschoben"}]},{"@type":"WebSite","@id":"https:\/\/news.save.ch\/de\/#website","url":"https:\/\/news.save.ch\/de\/","name":"Save","description":"Schweizer Fachzeitschrift f\u00fcr Sicherheit","publisher":{"@id":"https:\/\/news.save.ch\/de\/#organization"},"potentialAction":[{"@type":"SearchAction","target":{"@type":"EntryPoint","urlTemplate":"https:\/\/news.save.ch\/de\/?s={search_term_string}"},"query-input":{"@type":"PropertyValueSpecification","valueRequired":true,"valueName":"search_term_string"}}],"inLanguage":"de"},{"@type":"Organization","@id":"https:\/\/news.save.ch\/de\/#organization","name":"Sicherheitsforum","url":"https:\/\/news.save.ch\/de\/","logo":{"@type":"ImageObject","inLanguage":"de","@id":"https:\/\/news.save.ch\/de\/#\/schema\/logo\/image\/","url":"https:\/\/news.save.ch\/wp-content\/uploads\/2022\/06\/Logo_SF_2012.png","contentUrl":"https:\/\/news.save.ch\/wp-content\/uploads\/2022\/06\/Logo_SF_2012.png","width":1100,"height":91,"caption":"Sicherheitsforum"},"image":{"@id":"https:\/\/news.save.ch\/de\/#\/schema\/logo\/image\/"}},{"@type":"Person","@id":"https:\/\/news.save.ch\/de\/#\/schema\/person\/d49e199490bad7c70d64b9ab51142f2b","name":"admin","image":{"@type":"ImageObject","inLanguage":"de","@id":"https:\/\/secure.gravatar.com\/avatar\/ae2f4d718e6c49043e314ce431e7e645d646302a24a5ef5a8bc8e3f5a032e319?s=96&d=mm&r=g","url":"https:\/\/secure.gravatar.com\/avatar\/ae2f4d718e6c49043e314ce431e7e645d646302a24a5ef5a8bc8e3f5a032e319?s=96&d=mm&r=g","contentUrl":"https:\/\/secure.gravatar.com\/avatar\/ae2f4d718e6c49043e314ce431e7e645d646302a24a5ef5a8bc8e3f5a032e319?s=96&d=mm&r=g","caption":"admin"},"sameAs":["https:\/\/develop.organisator.galledia.ch"],"url":"https:\/\/news.save.ch\/de\/author\/admin\/"}]}},"_links":{"self":[{"href":"https:\/\/news.save.ch\/de\/wp-json\/wp\/v2\/posts\/2629","targetHints":{"allow":["GET"]}}],"collection":[{"href":"https:\/\/news.save.ch\/de\/wp-json\/wp\/v2\/posts"}],"about":[{"href":"https:\/\/news.save.ch\/de\/wp-json\/wp\/v2\/types\/post"}],"author":[{"embeddable":true,"href":"https:\/\/news.save.ch\/de\/wp-json\/wp\/v2\/users\/1"}],"replies":[{"embeddable":true,"href":"https:\/\/news.save.ch\/de\/wp-json\/wp\/v2\/comments?post=2629"}],"version-history":[{"count":0,"href":"https:\/\/news.save.ch\/de\/wp-json\/wp\/v2\/posts\/2629\/revisions"}],"wp:featuredmedia":[{"embeddable":true,"href":"https:\/\/news.save.ch\/de\/wp-json\/wp\/v2\/media\/2630"}],"wp:attachment":[{"href":"https:\/\/news.save.ch\/de\/wp-json\/wp\/v2\/media?parent=2629"}],"wp:term":[{"taxonomy":"category","embeddable":true,"href":"https:\/\/news.save.ch\/de\/wp-json\/wp\/v2\/categories?post=2629"},{"taxonomy":"post_tag","embeddable":true,"href":"https:\/\/news.save.ch\/de\/wp-json\/wp\/v2\/tags?post=2629"}],"curies":[{"name":"wp","href":"https:\/\/api.w.org\/{rel}","templated":true}]}}