{"id":2638,"date":"2016-05-18T14:32:54","date_gmt":"2016-05-18T12:32:54","guid":{"rendered":"https:\/\/dev.sicherheitsforum.ch\/?p=2638"},"modified":"2016-05-18T14:32:54","modified_gmt":"2016-05-18T12:32:54","slug":"winterthur-schafft-fachstelle-fuer-extremismus-und-gewaltpraevention","status":null,"type":"post","link":"https:\/\/news.save.ch\/de\/winterthur-schafft-fachstelle-fuer-extremismus-und-gewaltpraevention\/","title":{"rendered":"Winterthur schafft Fachstelle f\u00fcr Extremismus und Gewaltpr\u00e4vention"},"content":{"rendered":"<figure id=\"attachment_2639\" aria-describedby=\"caption-attachment-2639\" style=\"width: 680px\" class=\"wp-caption alignnone\"><img loading=\"lazy\" decoding=\"async\" class=\"wp-image-2639 size-medium\" src=\"https:\/\/news.save.ch\/wp-content\/uploads\/2016\/12\/Winterthur-schafft-Fachstelle-fuer-Extremismus-und-Gewaltpraevention_sicherheitsforum.jpg\" width=\"680\" height=\"454\" srcset=\"https:\/\/news.save.ch\/wp-content\/uploads\/2016\/12\/Winterthur-schafft-Fachstelle-fuer-Extremismus-und-Gewaltpraevention_sicherheitsforum.jpg 1000w, https:\/\/news.save.ch\/wp-content\/uploads\/2016\/12\/Winterthur-schafft-Fachstelle-fuer-Extremismus-und-Gewaltpraevention_sicherheitsforum-375x251.jpg 375w\" sizes=\"auto, (max-width: 680px) 100vw, 680px\" \/><figcaption id=\"caption-attachment-2639\" class=\"wp-caption-text\">Foto: depositphotos<\/figcaption><\/figure>\n<p>Vom neuen Ph\u00e4nomen der Jihadreisenden sind viele L\u00e4nder in Europa stark betroffen, in geringerem Mass auch die Schweiz. Hierzulande ist auch die Stadt Winterthur einige Male in den medialen Fokus ger\u00fcckt. Der Stadtrat und die verschiedenen Fachstellen der Stadtverwaltung besch\u00e4ftigen sich seit rund anderthalb Jahren intensiv mit der Problematik. Die Zust\u00e4ndigkeiten f\u00fcr ihre Bew\u00e4ltigung sind dabei klar geregelt: Im Bereich Sicherheit liegt die Hauptverantwortung beim Kanton und beim Bund; die Stadtpolizei leistet den \u00fcbergeordneten Organen Unterst\u00fctzung. Im Bereich Pr\u00e4vention hat die Stadt hingegen weit gr\u00f6ssere Handlungsm\u00f6glichkeiten. Die Stadt hat denn auch ihr bereits bestehendes, breit aufgestelltes F\u00f6rderungs- und Integrationsprogramm im Hinblick auf die neuen Herausforderungen \u00fcberpr\u00fcft und gezielt Anpassungen vorgenommen. Es versteht sich von selbst, dass keine raschen und einfachen Antworten auf die neuen und komplexen Fragen m\u00f6glich sind.<\/p>\n<p><strong>Fachstelle f\u00fcr Extremismus und Gewaltpr\u00e4vention<\/strong><\/p>\n<p>Der Stadtrat hat nun beschlossen, eine Fachstelle f\u00fcr Extremismus und Gewaltpr\u00e4vention zu schaffen. Sie wird f\u00fcr die Bev\u00f6lkerung eine niederschwellige Anlaufstelle f\u00fcr alle Fragen rund um die Themen Radikalisierung und extremistische Gewalt sein und innerhalb der Stadtverwaltung den fachlichen Lead in dieser Thematik \u00fcbernehmen. Die Fachstelle orientiert sich an der Fachstelle f\u00fcr Gewaltpr\u00e4vention der Stadt Z\u00fcrich. Sie wird bei den Sozialen Diensten angesiedelt und ist vorderhand bis Ende 2018 befristet. Die Leitung der Fachstelle wird morgen Mittwoch \u00f6ffentlich ausgeschrieben.<\/p>\n<p><strong>Weiterbildungsinitiative<\/strong><\/p>\n<p>Im Zentrum der Bem\u00fchungen und der Zust\u00e4ndigkeit der Stadt Winterthur steht, ihre Fach-personen an der Basis f\u00fcr den professionellen Umgang mit der Problematik zu st\u00e4rken und ihnen Instrumente zu geben, um bei Verdachtsf\u00e4llen ad\u00e4quat reagieren zu k\u00f6nnen. Als Beitrag dazu fanden k\u00fcrzlich insgesamt vier halb- bis ganzt\u00e4gige Workshops zum Thema \u00abJihadis-tische Radikalisierung\u00bb statt. Sie richteten sich an Lehrerinnen und Lehrer, Schulsozialarbeitende, Mitarbeitende des Schulpsychologischen Dienstes, Jugendarbeiterinnen und Jugendarbeiter, Mitarbeitende aus den Bereichen Berufsvorbereitung und Arbeitsintegration sowie der Suchtpr\u00e4vention.<\/p>\n<p>Rund zweihundert Personen haben an den Workshops teilgenommen. Darunter waren auch Interessierte von kantonalen Fachstellen. Die Workshops wurden vom Departement Soziale Arbeit der Z\u00fcrcher Hochschule f\u00fcr Angewandte Wissenschaften ZHAW durchgef\u00fchrt. Es hatte im letzten September die Studie \u00abHintergr\u00fcnde jihadistischer Radikalisierung in der Schweiz\u00bb mit Empfehlungen f\u00fcr Pr\u00e4vention und Intervention ver\u00f6ffentlicht.<\/p>\n<p><strong>Weitere Massnahmen<\/strong><\/p>\n<p>Bereits im vergangenen September hat eine Informations- und Weiterbildungsveranstaltung zum Thema \u00abRadikalisierung im Schulkontext\u00bb stattgefunden, an der rund einhundert Personen aus dem Schulbereich teilgenommen haben. Verwaltungsintern sind zwei Arbeitsgruppen aktiv, welche die wichtige Vernetzung der Fachleute innerhalb der Verwaltung und mit anderen Fachgremien sicherstellen und dem Stadtrat Massnahmen vorschlagen k\u00f6nnen.<\/p>\n<p>Im vergangenen Dezember hat sich Stadtpr\u00e4sident Michael K\u00fcnzle mit Vertretern s\u00e4mtlicher Moscheegemeinden der Stadt Winterthur zu einer Aussprache getroffen. Es wurde vereinbart, den gegenseitigen Dialog zu verst\u00e4rken. In den kommenden Tagen wird die Stadt zu einem n\u00e4chsten Treffen einladen, an dem konkrete Schritte aufgegleist werden sollen.<\/p>\n<p>Weitere Massnahmen f\u00fcr eine verst\u00e4rke Pr\u00e4vention gegen jihadistische Radikalisierungen sind derzeit in Pr\u00fcfung, aber noch nicht spruchreif.<\/p>\n<p><em>Quelle: Stadt Winterthur<\/em><\/p>\n","protected":false},"excerpt":{"rendered":"<p>Vom neuen Ph\u00e4nomen der Jihadreisenden sind viele L\u00e4nder in Europa stark betroffen, in geringerem Mass auch die Schweiz. Hierzulande ist auch die Stadt Winterthur einige Male in den medialen Fokus ger\u00fcckt. Der Stadtrat und die verschiedenen Fachstellen der Stadtverwaltung besch\u00e4ftigen sich seit rund anderthalb Jahren intensiv mit der Problematik. Die Zust\u00e4ndigkeiten f\u00fcr ihre Bew\u00e4ltigung sind [&hellip;]<\/p>\n","protected":false},"author":1,"featured_media":2639,"comment_status":"open","ping_status":"open","sticky":false,"template":"","format":"standard","meta":{"_acf_changed":false,"pgc_sgb_lightbox_settings":"","footnotes":""},"categories":[1],"tags":[69,43],"class_list":["post-2638","post","type-post","status-publish","format-standard","has-post-thumbnail","hentry","category-allgemein","tag-justiz-polizei","tag-terrorismus"],"acf":[],"hkrextid":null,"publication":null,"issue":null,"workflow":null,"startPage":null,"spitzmarke":null,"_posts_by_tag_page_fields":{"widget_title":"","widget_tags":""},"_at_widget":"1","_yoast_wpseo_primary_category":"","_yoast_wpseo_focuskw_text_input":"Fachstelle","_yoast_wpseo_opengraph-image":"https:\/\/news.save.ch\/wp-content\/uploads\/2016\/12\/Winterthur-schafft-Fachstelle-f\u00fcr-Extremismus-und-Gewaltpr\u00e4vention_sicherheitsforum.jpg","_yoast_wpseo_opengraph-description":"Die Stadt Winterthur schafft eine Fachstelle f\u00fcr Extremismus und Gewaltpr\u00e4vention als niederschwellige Anlaufstelle f\u00fcr die Bev\u00f6lkerung. Die Fachstelle ist eine der Massnahmen, welche die Stadt im Zusammenhang mit dem Ph\u00e4nomen des \u00abJihadismus\u00bb umsetzt.","_yoast_wpseo_opengraph-title":"Winterthur schafft Fachstelle f\u00fcr Extremismus und Gewaltpr\u00e4vention","enclosure":null,"_yoast_wpseo_twitter-title":null,"_yoast_wpseo_twitter-description":null,"_yoast_wpseo_twitter-image":null,"_wp_old_slug":null,"_yoast_wpseo_title":null,"_yoast_wpseo_canonical":null,"yoast_head":"<!-- This site is optimized with the Yoast SEO plugin v27.5 - https:\/\/yoast.com\/product\/yoast-seo-wordpress\/ -->\n<title>Winterthur schafft Fachstelle f\u00fcr Extremismus und Gewaltpr\u00e4vention - Save<\/title>\n<meta name=\"description\" content=\"Die Stadt Winterthur schafft eine Fachstelle f\u00fcr Extremismus und Gewaltpr\u00e4vention als niederschwellige Anlaufstelle f\u00fcr die Bev\u00f6lkerung.\" \/>\n<meta name=\"robots\" content=\"index, follow, max-snippet:-1, max-image-preview:large, max-video-preview:-1\" \/>\n<link rel=\"canonical\" href=\"https:\/\/news.save.ch\/de\/winterthur-schafft-fachstelle-fuer-extremismus-und-gewaltpraevention\/\" \/>\n<meta property=\"og:locale\" content=\"de_DE\" \/>\n<meta property=\"og:type\" content=\"article\" \/>\n<meta property=\"og:title\" content=\"Winterthur schafft Fachstelle f\u00fcr Extremismus und Gewaltpr\u00e4vention\" \/>\n<meta property=\"og:description\" content=\"Die Stadt Winterthur schafft eine Fachstelle f\u00fcr Extremismus und Gewaltpr\u00e4vention als niederschwellige Anlaufstelle f\u00fcr die Bev\u00f6lkerung. Die Fachstelle ist eine der Massnahmen, welche die Stadt im Zusammenhang mit dem Ph\u00e4nomen des \u00abJihadismus\u00bb umsetzt.\" \/>\n<meta property=\"og:url\" content=\"https:\/\/news.save.ch\/de\/winterthur-schafft-fachstelle-fuer-extremismus-und-gewaltpraevention\/\" \/>\n<meta property=\"og:site_name\" content=\"Save\" \/>\n<meta property=\"article:published_time\" content=\"2016-05-18T12:32:54+00:00\" \/>\n<meta property=\"og:image\" content=\"https:\/\/news.save.ch\/wp-content\/uploads\/2016\/12\/Winterthur-schafft-Fachstelle-f\u00fcr-Extremismus-und-Gewaltpr\u00e4vention_sicherheitsforum.jpg\" \/>\n<meta name=\"author\" content=\"admin\" \/>\n<meta name=\"twitter:card\" content=\"summary_large_image\" \/>\n<meta name=\"twitter:label1\" content=\"Geschrieben von\" \/>\n\t<meta name=\"twitter:data1\" content=\"admin\" \/>\n\t<meta name=\"twitter:label2\" content=\"Gesch\u00e4tzte Lesezeit\" \/>\n\t<meta name=\"twitter:data2\" content=\"3\u00a0Minuten\" \/>\n<script type=\"application\/ld+json\" class=\"yoast-schema-graph\">{\"@context\":\"https:\\\/\\\/schema.org\",\"@graph\":[{\"@type\":\"Article\",\"@id\":\"https:\\\/\\\/news.save.ch\\\/winterthur-schafft-fachstelle-fuer-extremismus-und-gewaltpraevention\\\/#article\",\"isPartOf\":{\"@id\":\"https:\\\/\\\/news.save.ch\\\/winterthur-schafft-fachstelle-fuer-extremismus-und-gewaltpraevention\\\/\"},\"author\":{\"name\":\"admin\",\"@id\":\"https:\\\/\\\/news.save.ch\\\/de\\\/#\\\/schema\\\/person\\\/d49e199490bad7c70d64b9ab51142f2b\"},\"headline\":\"Winterthur schafft Fachstelle f\u00fcr Extremismus und Gewaltpr\u00e4vention\",\"datePublished\":\"2016-05-18T12:32:54+00:00\",\"mainEntityOfPage\":{\"@id\":\"https:\\\/\\\/news.save.ch\\\/winterthur-schafft-fachstelle-fuer-extremismus-und-gewaltpraevention\\\/\"},\"wordCount\":528,\"commentCount\":0,\"publisher\":{\"@id\":\"https:\\\/\\\/news.save.ch\\\/de\\\/#organization\"},\"image\":{\"@id\":\"https:\\\/\\\/news.save.ch\\\/winterthur-schafft-fachstelle-fuer-extremismus-und-gewaltpraevention\\\/#primaryimage\"},\"thumbnailUrl\":\"https:\\\/\\\/news.save.ch\\\/wp-content\\\/uploads\\\/2016\\\/12\\\/Winterthur-schafft-Fachstelle-fuer-Extremismus-und-Gewaltpraevention_sicherheitsforum.jpg\",\"keywords\":[\"Justiz &amp; Polizei\",\"Terrorismus\"],\"articleSection\":[\"ALLGEMEIN\"],\"inLanguage\":\"de\"},{\"@type\":\"WebPage\",\"@id\":\"https:\\\/\\\/news.save.ch\\\/winterthur-schafft-fachstelle-fuer-extremismus-und-gewaltpraevention\\\/\",\"url\":\"https:\\\/\\\/news.save.ch\\\/winterthur-schafft-fachstelle-fuer-extremismus-und-gewaltpraevention\\\/\",\"name\":\"Winterthur schafft Fachstelle f\u00fcr Extremismus und Gewaltpr\u00e4vention - Save\",\"isPartOf\":{\"@id\":\"https:\\\/\\\/news.save.ch\\\/de\\\/#website\"},\"primaryImageOfPage\":{\"@id\":\"https:\\\/\\\/news.save.ch\\\/winterthur-schafft-fachstelle-fuer-extremismus-und-gewaltpraevention\\\/#primaryimage\"},\"image\":{\"@id\":\"https:\\\/\\\/news.save.ch\\\/winterthur-schafft-fachstelle-fuer-extremismus-und-gewaltpraevention\\\/#primaryimage\"},\"thumbnailUrl\":\"https:\\\/\\\/news.save.ch\\\/wp-content\\\/uploads\\\/2016\\\/12\\\/Winterthur-schafft-Fachstelle-fuer-Extremismus-und-Gewaltpraevention_sicherheitsforum.jpg\",\"datePublished\":\"2016-05-18T12:32:54+00:00\",\"description\":\"Die Stadt Winterthur schafft eine Fachstelle f\u00fcr Extremismus und Gewaltpr\u00e4vention als niederschwellige Anlaufstelle f\u00fcr die Bev\u00f6lkerung.\",\"breadcrumb\":{\"@id\":\"https:\\\/\\\/news.save.ch\\\/winterthur-schafft-fachstelle-fuer-extremismus-und-gewaltpraevention\\\/#breadcrumb\"},\"inLanguage\":\"de\",\"potentialAction\":[{\"@type\":\"ReadAction\",\"target\":[\"https:\\\/\\\/news.save.ch\\\/winterthur-schafft-fachstelle-fuer-extremismus-und-gewaltpraevention\\\/\"]}]},{\"@type\":\"ImageObject\",\"inLanguage\":\"de\",\"@id\":\"https:\\\/\\\/news.save.ch\\\/winterthur-schafft-fachstelle-fuer-extremismus-und-gewaltpraevention\\\/#primaryimage\",\"url\":\"https:\\\/\\\/news.save.ch\\\/wp-content\\\/uploads\\\/2016\\\/12\\\/Winterthur-schafft-Fachstelle-fuer-Extremismus-und-Gewaltpraevention_sicherheitsforum.jpg\",\"contentUrl\":\"https:\\\/\\\/news.save.ch\\\/wp-content\\\/uploads\\\/2016\\\/12\\\/Winterthur-schafft-Fachstelle-fuer-Extremismus-und-Gewaltpraevention_sicherheitsforum.jpg\",\"width\":1000,\"height\":668,\"caption\":\"Foto: depositphotos\"},{\"@type\":\"BreadcrumbList\",\"@id\":\"https:\\\/\\\/news.save.ch\\\/winterthur-schafft-fachstelle-fuer-extremismus-und-gewaltpraevention\\\/#breadcrumb\",\"itemListElement\":[{\"@type\":\"ListItem\",\"position\":1,\"name\":\"Home\",\"item\":\"https:\\\/\\\/news.save.ch\\\/de\\\/\"},{\"@type\":\"ListItem\",\"position\":2,\"name\":\"Winterthur schafft Fachstelle f\u00fcr Extremismus und Gewaltpr\u00e4vention\"}]},{\"@type\":\"WebSite\",\"@id\":\"https:\\\/\\\/news.save.ch\\\/de\\\/#website\",\"url\":\"https:\\\/\\\/news.save.ch\\\/de\\\/\",\"name\":\"Save\",\"description\":\"Schweizer Fachzeitschrift f\u00fcr Sicherheit\",\"publisher\":{\"@id\":\"https:\\\/\\\/news.save.ch\\\/de\\\/#organization\"},\"potentialAction\":[{\"@type\":\"SearchAction\",\"target\":{\"@type\":\"EntryPoint\",\"urlTemplate\":\"https:\\\/\\\/news.save.ch\\\/de\\\/?s={search_term_string}\"},\"query-input\":{\"@type\":\"PropertyValueSpecification\",\"valueRequired\":true,\"valueName\":\"search_term_string\"}}],\"inLanguage\":\"de\"},{\"@type\":\"Organization\",\"@id\":\"https:\\\/\\\/news.save.ch\\\/de\\\/#organization\",\"name\":\"Sicherheitsforum\",\"url\":\"https:\\\/\\\/news.save.ch\\\/de\\\/\",\"logo\":{\"@type\":\"ImageObject\",\"inLanguage\":\"de\",\"@id\":\"https:\\\/\\\/news.save.ch\\\/de\\\/#\\\/schema\\\/logo\\\/image\\\/\",\"url\":\"https:\\\/\\\/news.save.ch\\\/wp-content\\\/uploads\\\/2022\\\/06\\\/Logo_SF_2012.png\",\"contentUrl\":\"https:\\\/\\\/news.save.ch\\\/wp-content\\\/uploads\\\/2022\\\/06\\\/Logo_SF_2012.png\",\"width\":1100,\"height\":91,\"caption\":\"Sicherheitsforum\"},\"image\":{\"@id\":\"https:\\\/\\\/news.save.ch\\\/de\\\/#\\\/schema\\\/logo\\\/image\\\/\"}},{\"@type\":\"Person\",\"@id\":\"https:\\\/\\\/news.save.ch\\\/de\\\/#\\\/schema\\\/person\\\/d49e199490bad7c70d64b9ab51142f2b\",\"name\":\"admin\",\"image\":{\"@type\":\"ImageObject\",\"inLanguage\":\"de\",\"@id\":\"https:\\\/\\\/secure.gravatar.com\\\/avatar\\\/ae2f4d718e6c49043e314ce431e7e645d646302a24a5ef5a8bc8e3f5a032e319?s=96&d=mm&r=g\",\"url\":\"https:\\\/\\\/secure.gravatar.com\\\/avatar\\\/ae2f4d718e6c49043e314ce431e7e645d646302a24a5ef5a8bc8e3f5a032e319?s=96&d=mm&r=g\",\"contentUrl\":\"https:\\\/\\\/secure.gravatar.com\\\/avatar\\\/ae2f4d718e6c49043e314ce431e7e645d646302a24a5ef5a8bc8e3f5a032e319?s=96&d=mm&r=g\",\"caption\":\"admin\"},\"sameAs\":[\"https:\\\/\\\/develop.organisator.galledia.ch\"],\"url\":\"https:\\\/\\\/news.save.ch\\\/de\\\/author\\\/admin\\\/\"}]}<\/script>\n<!-- \/ Yoast SEO plugin. -->","yoast_head_json":{"title":"Winterthur schafft Fachstelle f\u00fcr Extremismus und Gewaltpr\u00e4vention - Save","description":"Die Stadt Winterthur schafft eine Fachstelle f\u00fcr Extremismus und Gewaltpr\u00e4vention als niederschwellige Anlaufstelle f\u00fcr die Bev\u00f6lkerung.","robots":{"index":"index","follow":"follow","max-snippet":"max-snippet:-1","max-image-preview":"max-image-preview:large","max-video-preview":"max-video-preview:-1"},"canonical":"https:\/\/news.save.ch\/de\/winterthur-schafft-fachstelle-fuer-extremismus-und-gewaltpraevention\/","og_locale":"de_DE","og_type":"article","og_title":"Winterthur schafft Fachstelle f\u00fcr Extremismus und Gewaltpr\u00e4vention","og_description":"Die Stadt Winterthur schafft eine Fachstelle f\u00fcr Extremismus und Gewaltpr\u00e4vention als niederschwellige Anlaufstelle f\u00fcr die Bev\u00f6lkerung. Die Fachstelle ist eine der Massnahmen, welche die Stadt im Zusammenhang mit dem Ph\u00e4nomen des \u00abJihadismus\u00bb umsetzt.","og_url":"https:\/\/news.save.ch\/de\/winterthur-schafft-fachstelle-fuer-extremismus-und-gewaltpraevention\/","og_site_name":"Save","article_published_time":"2016-05-18T12:32:54+00:00","og_image":[{"url":"https:\/\/news.save.ch\/wp-content\/uploads\/2016\/12\/Winterthur-schafft-Fachstelle-f\u00fcr-Extremismus-und-Gewaltpr\u00e4vention_sicherheitsforum.jpg","type":"","width":"","height":""}],"author":"admin","twitter_card":"summary_large_image","twitter_misc":{"Geschrieben von":"admin","Gesch\u00e4tzte Lesezeit":"3\u00a0Minuten"},"schema":{"@context":"https:\/\/schema.org","@graph":[{"@type":"Article","@id":"https:\/\/news.save.ch\/winterthur-schafft-fachstelle-fuer-extremismus-und-gewaltpraevention\/#article","isPartOf":{"@id":"https:\/\/news.save.ch\/winterthur-schafft-fachstelle-fuer-extremismus-und-gewaltpraevention\/"},"author":{"name":"admin","@id":"https:\/\/news.save.ch\/de\/#\/schema\/person\/d49e199490bad7c70d64b9ab51142f2b"},"headline":"Winterthur schafft Fachstelle f\u00fcr Extremismus und Gewaltpr\u00e4vention","datePublished":"2016-05-18T12:32:54+00:00","mainEntityOfPage":{"@id":"https:\/\/news.save.ch\/winterthur-schafft-fachstelle-fuer-extremismus-und-gewaltpraevention\/"},"wordCount":528,"commentCount":0,"publisher":{"@id":"https:\/\/news.save.ch\/de\/#organization"},"image":{"@id":"https:\/\/news.save.ch\/winterthur-schafft-fachstelle-fuer-extremismus-und-gewaltpraevention\/#primaryimage"},"thumbnailUrl":"https:\/\/news.save.ch\/wp-content\/uploads\/2016\/12\/Winterthur-schafft-Fachstelle-fuer-Extremismus-und-Gewaltpraevention_sicherheitsforum.jpg","keywords":["Justiz &amp; Polizei","Terrorismus"],"articleSection":["ALLGEMEIN"],"inLanguage":"de"},{"@type":"WebPage","@id":"https:\/\/news.save.ch\/winterthur-schafft-fachstelle-fuer-extremismus-und-gewaltpraevention\/","url":"https:\/\/news.save.ch\/winterthur-schafft-fachstelle-fuer-extremismus-und-gewaltpraevention\/","name":"Winterthur schafft Fachstelle f\u00fcr Extremismus und Gewaltpr\u00e4vention - Save","isPartOf":{"@id":"https:\/\/news.save.ch\/de\/#website"},"primaryImageOfPage":{"@id":"https:\/\/news.save.ch\/winterthur-schafft-fachstelle-fuer-extremismus-und-gewaltpraevention\/#primaryimage"},"image":{"@id":"https:\/\/news.save.ch\/winterthur-schafft-fachstelle-fuer-extremismus-und-gewaltpraevention\/#primaryimage"},"thumbnailUrl":"https:\/\/news.save.ch\/wp-content\/uploads\/2016\/12\/Winterthur-schafft-Fachstelle-fuer-Extremismus-und-Gewaltpraevention_sicherheitsforum.jpg","datePublished":"2016-05-18T12:32:54+00:00","description":"Die Stadt Winterthur schafft eine Fachstelle f\u00fcr Extremismus und Gewaltpr\u00e4vention als niederschwellige Anlaufstelle f\u00fcr die Bev\u00f6lkerung.","breadcrumb":{"@id":"https:\/\/news.save.ch\/winterthur-schafft-fachstelle-fuer-extremismus-und-gewaltpraevention\/#breadcrumb"},"inLanguage":"de","potentialAction":[{"@type":"ReadAction","target":["https:\/\/news.save.ch\/winterthur-schafft-fachstelle-fuer-extremismus-und-gewaltpraevention\/"]}]},{"@type":"ImageObject","inLanguage":"de","@id":"https:\/\/news.save.ch\/winterthur-schafft-fachstelle-fuer-extremismus-und-gewaltpraevention\/#primaryimage","url":"https:\/\/news.save.ch\/wp-content\/uploads\/2016\/12\/Winterthur-schafft-Fachstelle-fuer-Extremismus-und-Gewaltpraevention_sicherheitsforum.jpg","contentUrl":"https:\/\/news.save.ch\/wp-content\/uploads\/2016\/12\/Winterthur-schafft-Fachstelle-fuer-Extremismus-und-Gewaltpraevention_sicherheitsforum.jpg","width":1000,"height":668,"caption":"Foto: depositphotos"},{"@type":"BreadcrumbList","@id":"https:\/\/news.save.ch\/winterthur-schafft-fachstelle-fuer-extremismus-und-gewaltpraevention\/#breadcrumb","itemListElement":[{"@type":"ListItem","position":1,"name":"Home","item":"https:\/\/news.save.ch\/de\/"},{"@type":"ListItem","position":2,"name":"Winterthur schafft Fachstelle f\u00fcr Extremismus und Gewaltpr\u00e4vention"}]},{"@type":"WebSite","@id":"https:\/\/news.save.ch\/de\/#website","url":"https:\/\/news.save.ch\/de\/","name":"Save","description":"Schweizer Fachzeitschrift f\u00fcr Sicherheit","publisher":{"@id":"https:\/\/news.save.ch\/de\/#organization"},"potentialAction":[{"@type":"SearchAction","target":{"@type":"EntryPoint","urlTemplate":"https:\/\/news.save.ch\/de\/?s={search_term_string}"},"query-input":{"@type":"PropertyValueSpecification","valueRequired":true,"valueName":"search_term_string"}}],"inLanguage":"de"},{"@type":"Organization","@id":"https:\/\/news.save.ch\/de\/#organization","name":"Sicherheitsforum","url":"https:\/\/news.save.ch\/de\/","logo":{"@type":"ImageObject","inLanguage":"de","@id":"https:\/\/news.save.ch\/de\/#\/schema\/logo\/image\/","url":"https:\/\/news.save.ch\/wp-content\/uploads\/2022\/06\/Logo_SF_2012.png","contentUrl":"https:\/\/news.save.ch\/wp-content\/uploads\/2022\/06\/Logo_SF_2012.png","width":1100,"height":91,"caption":"Sicherheitsforum"},"image":{"@id":"https:\/\/news.save.ch\/de\/#\/schema\/logo\/image\/"}},{"@type":"Person","@id":"https:\/\/news.save.ch\/de\/#\/schema\/person\/d49e199490bad7c70d64b9ab51142f2b","name":"admin","image":{"@type":"ImageObject","inLanguage":"de","@id":"https:\/\/secure.gravatar.com\/avatar\/ae2f4d718e6c49043e314ce431e7e645d646302a24a5ef5a8bc8e3f5a032e319?s=96&d=mm&r=g","url":"https:\/\/secure.gravatar.com\/avatar\/ae2f4d718e6c49043e314ce431e7e645d646302a24a5ef5a8bc8e3f5a032e319?s=96&d=mm&r=g","contentUrl":"https:\/\/secure.gravatar.com\/avatar\/ae2f4d718e6c49043e314ce431e7e645d646302a24a5ef5a8bc8e3f5a032e319?s=96&d=mm&r=g","caption":"admin"},"sameAs":["https:\/\/develop.organisator.galledia.ch"],"url":"https:\/\/news.save.ch\/de\/author\/admin\/"}]}},"_links":{"self":[{"href":"https:\/\/news.save.ch\/de\/wp-json\/wp\/v2\/posts\/2638","targetHints":{"allow":["GET"]}}],"collection":[{"href":"https:\/\/news.save.ch\/de\/wp-json\/wp\/v2\/posts"}],"about":[{"href":"https:\/\/news.save.ch\/de\/wp-json\/wp\/v2\/types\/post"}],"author":[{"embeddable":true,"href":"https:\/\/news.save.ch\/de\/wp-json\/wp\/v2\/users\/1"}],"replies":[{"embeddable":true,"href":"https:\/\/news.save.ch\/de\/wp-json\/wp\/v2\/comments?post=2638"}],"version-history":[{"count":0,"href":"https:\/\/news.save.ch\/de\/wp-json\/wp\/v2\/posts\/2638\/revisions"}],"wp:featuredmedia":[{"embeddable":true,"href":"https:\/\/news.save.ch\/de\/wp-json\/wp\/v2\/media\/2639"}],"wp:attachment":[{"href":"https:\/\/news.save.ch\/de\/wp-json\/wp\/v2\/media?parent=2638"}],"wp:term":[{"taxonomy":"category","embeddable":true,"href":"https:\/\/news.save.ch\/de\/wp-json\/wp\/v2\/categories?post=2638"},{"taxonomy":"post_tag","embeddable":true,"href":"https:\/\/news.save.ch\/de\/wp-json\/wp\/v2\/tags?post=2638"}],"curies":[{"name":"wp","href":"https:\/\/api.w.org\/{rel}","templated":true}]}}