{"id":2670,"date":"2016-05-03T14:52:15","date_gmt":"2016-05-03T12:52:15","guid":{"rendered":"https:\/\/dev.sicherheitsforum.ch\/?p=2670"},"modified":"2016-05-03T14:52:15","modified_gmt":"2016-05-03T12:52:15","slug":"nachrichtendienst-stellt-lagebericht-vor","status":null,"type":"post","link":"https:\/\/news.save.ch\/de\/nachrichtendienst-stellt-lagebericht-vor\/","title":{"rendered":"Nachrichtendienst stellt Lagebericht vor"},"content":{"rendered":"<p><img loading=\"lazy\" decoding=\"async\" class=\"alignnone wp-image-2671 size-medium\" src=\"https:\/\/news.save.ch\/wp-content\/uploads\/2016\/12\/Nachrichtendienst-stellt-Lagebericht-vor_sicherheitsforum.jpg\" width=\"680\" height=\"488\" srcset=\"https:\/\/news.save.ch\/wp-content\/uploads\/2016\/12\/Nachrichtendienst-stellt-Lagebericht-vor_sicherheitsforum.jpg 937w, https:\/\/news.save.ch\/wp-content\/uploads\/2016\/12\/Nachrichtendienst-stellt-Lagebericht-vor_sicherheitsforum-375x269.jpg 375w\" sizes=\"auto, (max-width: 680px) 100vw, 680px\" \/><\/p>\n<p>Die Krisenlagen im Nahen und Mittleren Osten haben als eskalierte Migrationsbewegungen und als erh\u00f6hte Terrorbedrohung unmittelbare Auswirkungen auf Europa und die Schweiz. Im dschihadistischen Terrorismus hat der \u00abIslamische Staat\u00bb die F\u00fchrungsrolle \u00fcbernommen. Eine nochmals erh\u00f6hte Terrorbedrohung ergibt sich daraus, dass er Personen nach Europa schickt, die er mit Anschl\u00e4gen oder Anschlagsplanungen beauftragt hat. Darauf hat der Nachrichtendienstes des Bundes (NDB) bereits Anfang November 2015 \u00f6ffentlich hingewiesen. Die nachfolgenden Anschl\u00e4ge in Paris und Br\u00fcssel haben seine Bedrohungsbeurteilung leider best\u00e4tigt. Auch f\u00fcr die Schweiz bleibt die Terrorbedrohung erh\u00f6ht. Die Schweiz oder Schweizer Interessen im Ausland sind nicht prim\u00e4re Ziele eines vom \u00abIslamischen Staat\u00bb in Auftrag gegebenen bzw. organisierten Anschlags. Gleichwohl geh\u00f6rt die Schweiz zur westlichen, von Dschihadisten als islamfeindlich wahrgenommenen Welt und bleibt damit ein m\u00f6gliches Ziel terroristischer Anschl\u00e4ge. Interessen von Staaten, die sich an der milit\u00e4rischen Koalition gegen den \u00abIslamischen Staat\u00bb beteiligen, sowie russische und j\u00fcdische\/israelische und arabische Interessen auf Schweizer Territorium sind zunehmend bedroht.<\/p>\n<p>Die Krisenlage mit Russland entwickelt sich bereits seit einigen Jahren. Der Konflikt des Westens mit Russland ver\u00e4ndert aller Wahrscheinlichkeit nach langfristig das strategische Umfeld der Schweiz und reduziert die realistischen sicherheitspolitischen Entwicklungsm\u00f6glichkeiten in Europa auf zwei grobe Kategorien: die Herausbildung von Einflusszonen oder schrittweise Eskalation. Informationsoperationen gewinnen auch in diesem Zusammenhang einen h\u00f6heren Stellenwert.<\/p>\n<p><strong>Wirtschaftsspionage: NDB sensibilisiert mit Kurzfilm <\/strong><\/p>\n<p>Verbotener Nachrichtendienst bleibt eine Bedrohung, gleichg\u00fcltig ob mit traditionellen Mitteln betrieben oder als Cyberspionage: Der Druck auf sch\u00fctzenswerte Informationen l\u00e4sst auch in der Schweiz nicht nach. Im Rahmen des Pr\u00e4ventions- und Sensibilisierungsprogramms Prophylax sensibilisiert der NDB seit 2004 Schweizer Firmen, Hochschulen und Forschungsinstitute f\u00fcr die Bedrohungen und Risiken der Spionage und Proliferation. In diesem Zusammenhang hat der NDB den Kurzfilm \u00abIm Visier\u00bb \u00fcber Wirtschaftsspionage drehen lassen. Dieser Film wurde im Auftrag des ZEM (Zentrum f\u00fcr elektronische Medien) produziert. \u00abIm Visier\u00bb soll dazu beitragen, den Schweizer Werk- und Forschungsplatz vor ungewollten Datenabfl\u00fcssen und Reputationssch\u00e4den zu sch\u00fctzen. Der Film ist auf der <a href=\"https:\/\/www.ndb.admin.ch\" target=\"_blank\" data-cke-saved-href=\"https:\/\/www.ndb.admin.ch\" rel=\"noopener\">VBS-Webseite<\/a>\u00a0des NDB\u00a0abrufbar.<\/p>\n<p>Im Bereich Nonproliferation konnte mit Iran ein Abkommen \u00fcber sein Nuklearprogramm geschlossen und damit eine Herausforderung gemeistert werden. Es sollte f\u00fcr die kommenden zehn bis f\u00fcnfzehn Jahre einen nuklear bewaffneten Iran verhindern. Doch damit verliert die Aufgabe der Nonproliferation nichts von ihrem Gewicht.<\/p>\n<p><strong>China als Schwerpunkt<\/strong><\/p>\n<p>Den Schwerpunkt legt der NDB in der <a href=\"https:\/\/www.news.admin.ch\/NSBSubscriber\/message\/attachments\/43855.pdf\" target=\"_blank\" data-cke-saved-href=\"https:\/\/www.news.admin.ch\/NSBSubscriber\/message\/attachments\/43855.pdf\" rel=\"noopener\">diesj\u00e4hrigen Ausgabe<\/a> seines Lageberichts aber auf einen Staat, der in den letzten dreissig Jahren eine enorme St\u00e4rkungsphase durchlaufen hat: China. Das Land tritt aufgrund seiner wirtschaftlichen St\u00e4rke selbstbewusster auf und macht zunehmend seinen Einfluss weltweit geltend. Mit Chinas wachsendem internationalen Engagement nehmen auch \u2013 von beiden Seiten ausgehend \u2013 die Kontakte mit der Schweiz zu.<\/p>\n<p><em>Quelle: Eidg. Departement f\u00fcr Verteidigung, Bev\u00f6lkerungsschutz und Sport<\/em><\/p>\n","protected":false},"excerpt":{"rendered":"<p>Die Krisenlagen im Nahen und Mittleren Osten haben als eskalierte Migrationsbewegungen und als erh\u00f6hte Terrorbedrohung unmittelbare Auswirkungen auf Europa und die Schweiz. Im dschihadistischen Terrorismus hat der \u00abIslamische Staat\u00bb die F\u00fchrungsrolle \u00fcbernommen. Eine nochmals erh\u00f6hte Terrorbedrohung ergibt sich daraus, dass er Personen nach Europa schickt, die er mit Anschl\u00e4gen oder Anschlagsplanungen beauftragt hat. Darauf hat [&hellip;]<\/p>\n","protected":false},"author":1,"featured_media":2671,"comment_status":"open","ping_status":"open","sticky":false,"template":"","format":"standard","meta":{"_acf_changed":false,"pgc_sgb_lightbox_settings":"","footnotes":""},"categories":[1],"tags":[96,165,43,115],"class_list":["post-2670","post","type-post","status-publish","format-standard","has-post-thumbnail","hentry","category-allgemein","tag-cyber-crime","tag-nachrichtendienst","tag-terrorismus","tag-wirtschaftskriminalitaet"],"acf":[],"hkrextid":null,"publication":null,"issue":null,"workflow":null,"startPage":null,"spitzmarke":null,"_posts_by_tag_page_fields":{"widget_title":"","widget_tags":""},"_at_widget":"1","_yoast_wpseo_primary_category":"","_yoast_wpseo_focuskw_text_input":"Nachrichtendienst","_yoast_wpseo_opengraph-image":"https:\/\/news.save.ch\/wp-content\/uploads\/2016\/12\/Nachrichtendienst-stellt-Lagebericht-vor_sicherheitsforum.jpg","_yoast_wpseo_opengraph-description":"Das sicherheitspolitische und das strategische Umfeld der Schweiz sei durch eine aussergew\u00f6hnlich hohe Belastung Europas durch unterschiedliche Krisenlagen gepr\u00e4gt, schreibt der Nachrichtendienst des Bundes. Sein j\u00e4hrlicher Lagebericht soll helfen, sicherheitspolitische Orientierung zu bieten.","_yoast_wpseo_opengraph-title":"Nachrichtendienst stellt Lagebericht vor","enclosure":null,"_yoast_wpseo_twitter-title":null,"_yoast_wpseo_twitter-description":null,"_yoast_wpseo_twitter-image":null,"_wp_old_slug":null,"_yoast_wpseo_title":null,"_yoast_wpseo_canonical":null,"yoast_head":"<!-- This site is optimized with the Yoast SEO plugin v27.5 - https:\/\/yoast.com\/product\/yoast-seo-wordpress\/ -->\n<title>Nachrichtendienst stellt Lagebericht vor - Save<\/title>\n<meta name=\"description\" content=\"Der j\u00e4hrliche Lagebericht des Nachrichtendienst vom Bundes soll helfen, sicherheitspolitische Orientierung zu bieten.\" \/>\n<meta name=\"robots\" content=\"index, follow, max-snippet:-1, max-image-preview:large, max-video-preview:-1\" \/>\n<link rel=\"canonical\" href=\"https:\/\/news.save.ch\/de\/nachrichtendienst-stellt-lagebericht-vor\/\" \/>\n<meta property=\"og:locale\" content=\"de_DE\" \/>\n<meta property=\"og:type\" content=\"article\" \/>\n<meta property=\"og:title\" content=\"Nachrichtendienst stellt Lagebericht vor\" \/>\n<meta property=\"og:description\" content=\"Das sicherheitspolitische und das strategische Umfeld der Schweiz sei durch eine aussergew\u00f6hnlich hohe Belastung Europas durch unterschiedliche Krisenlagen gepr\u00e4gt, schreibt der Nachrichtendienst des Bundes. Sein j\u00e4hrlicher Lagebericht soll helfen, sicherheitspolitische Orientierung zu bieten.\" \/>\n<meta property=\"og:url\" content=\"https:\/\/news.save.ch\/de\/nachrichtendienst-stellt-lagebericht-vor\/\" \/>\n<meta property=\"og:site_name\" content=\"Save\" \/>\n<meta property=\"article:published_time\" content=\"2016-05-03T12:52:15+00:00\" \/>\n<meta property=\"og:image\" content=\"https:\/\/news.save.ch\/wp-content\/uploads\/2016\/12\/Nachrichtendienst-stellt-Lagebericht-vor_sicherheitsforum.jpg\" \/>\n<meta name=\"author\" content=\"admin\" \/>\n<meta name=\"twitter:card\" content=\"summary_large_image\" \/>\n<meta name=\"twitter:label1\" content=\"Geschrieben von\" \/>\n\t<meta name=\"twitter:data1\" content=\"admin\" \/>\n\t<meta name=\"twitter:label2\" content=\"Gesch\u00e4tzte Lesezeit\" \/>\n\t<meta name=\"twitter:data2\" content=\"2\u00a0Minuten\" \/>\n<script type=\"application\/ld+json\" class=\"yoast-schema-graph\">{\"@context\":\"https:\\\/\\\/schema.org\",\"@graph\":[{\"@type\":\"Article\",\"@id\":\"https:\\\/\\\/news.save.ch\\\/nachrichtendienst-stellt-lagebericht-vor\\\/#article\",\"isPartOf\":{\"@id\":\"https:\\\/\\\/news.save.ch\\\/nachrichtendienst-stellt-lagebericht-vor\\\/\"},\"author\":{\"name\":\"admin\",\"@id\":\"https:\\\/\\\/news.save.ch\\\/de\\\/#\\\/schema\\\/person\\\/d49e199490bad7c70d64b9ab51142f2b\"},\"headline\":\"Nachrichtendienst stellt Lagebericht vor\",\"datePublished\":\"2016-05-03T12:52:15+00:00\",\"mainEntityOfPage\":{\"@id\":\"https:\\\/\\\/news.save.ch\\\/nachrichtendienst-stellt-lagebericht-vor\\\/\"},\"wordCount\":468,\"commentCount\":0,\"publisher\":{\"@id\":\"https:\\\/\\\/news.save.ch\\\/de\\\/#organization\"},\"image\":{\"@id\":\"https:\\\/\\\/news.save.ch\\\/nachrichtendienst-stellt-lagebericht-vor\\\/#primaryimage\"},\"thumbnailUrl\":\"https:\\\/\\\/news.save.ch\\\/wp-content\\\/uploads\\\/2016\\\/12\\\/Nachrichtendienst-stellt-Lagebericht-vor_sicherheitsforum.jpg\",\"keywords\":[\"Cyber-Crime\",\"Nachrichtendienst\",\"Terrorismus\",\"Wirtschaftskriminalit\u00e4t\"],\"articleSection\":[\"ALLGEMEIN\"],\"inLanguage\":\"de\"},{\"@type\":\"WebPage\",\"@id\":\"https:\\\/\\\/news.save.ch\\\/nachrichtendienst-stellt-lagebericht-vor\\\/\",\"url\":\"https:\\\/\\\/news.save.ch\\\/nachrichtendienst-stellt-lagebericht-vor\\\/\",\"name\":\"Nachrichtendienst stellt Lagebericht vor - Save\",\"isPartOf\":{\"@id\":\"https:\\\/\\\/news.save.ch\\\/de\\\/#website\"},\"primaryImageOfPage\":{\"@id\":\"https:\\\/\\\/news.save.ch\\\/nachrichtendienst-stellt-lagebericht-vor\\\/#primaryimage\"},\"image\":{\"@id\":\"https:\\\/\\\/news.save.ch\\\/nachrichtendienst-stellt-lagebericht-vor\\\/#primaryimage\"},\"thumbnailUrl\":\"https:\\\/\\\/news.save.ch\\\/wp-content\\\/uploads\\\/2016\\\/12\\\/Nachrichtendienst-stellt-Lagebericht-vor_sicherheitsforum.jpg\",\"datePublished\":\"2016-05-03T12:52:15+00:00\",\"description\":\"Der j\u00e4hrliche Lagebericht des Nachrichtendienst vom Bundes soll helfen, sicherheitspolitische Orientierung zu bieten.\",\"breadcrumb\":{\"@id\":\"https:\\\/\\\/news.save.ch\\\/nachrichtendienst-stellt-lagebericht-vor\\\/#breadcrumb\"},\"inLanguage\":\"de\",\"potentialAction\":[{\"@type\":\"ReadAction\",\"target\":[\"https:\\\/\\\/news.save.ch\\\/nachrichtendienst-stellt-lagebericht-vor\\\/\"]}]},{\"@type\":\"ImageObject\",\"inLanguage\":\"de\",\"@id\":\"https:\\\/\\\/news.save.ch\\\/nachrichtendienst-stellt-lagebericht-vor\\\/#primaryimage\",\"url\":\"https:\\\/\\\/news.save.ch\\\/wp-content\\\/uploads\\\/2016\\\/12\\\/Nachrichtendienst-stellt-Lagebericht-vor_sicherheitsforum.jpg\",\"contentUrl\":\"https:\\\/\\\/news.save.ch\\\/wp-content\\\/uploads\\\/2016\\\/12\\\/Nachrichtendienst-stellt-Lagebericht-vor_sicherheitsforum.jpg\",\"width\":937,\"height\":672},{\"@type\":\"BreadcrumbList\",\"@id\":\"https:\\\/\\\/news.save.ch\\\/nachrichtendienst-stellt-lagebericht-vor\\\/#breadcrumb\",\"itemListElement\":[{\"@type\":\"ListItem\",\"position\":1,\"name\":\"Home\",\"item\":\"https:\\\/\\\/news.save.ch\\\/de\\\/\"},{\"@type\":\"ListItem\",\"position\":2,\"name\":\"Nachrichtendienst stellt Lagebericht vor\"}]},{\"@type\":\"WebSite\",\"@id\":\"https:\\\/\\\/news.save.ch\\\/de\\\/#website\",\"url\":\"https:\\\/\\\/news.save.ch\\\/de\\\/\",\"name\":\"Save\",\"description\":\"Schweizer Fachzeitschrift f\u00fcr Sicherheit\",\"publisher\":{\"@id\":\"https:\\\/\\\/news.save.ch\\\/de\\\/#organization\"},\"potentialAction\":[{\"@type\":\"SearchAction\",\"target\":{\"@type\":\"EntryPoint\",\"urlTemplate\":\"https:\\\/\\\/news.save.ch\\\/de\\\/?s={search_term_string}\"},\"query-input\":{\"@type\":\"PropertyValueSpecification\",\"valueRequired\":true,\"valueName\":\"search_term_string\"}}],\"inLanguage\":\"de\"},{\"@type\":\"Organization\",\"@id\":\"https:\\\/\\\/news.save.ch\\\/de\\\/#organization\",\"name\":\"Sicherheitsforum\",\"url\":\"https:\\\/\\\/news.save.ch\\\/de\\\/\",\"logo\":{\"@type\":\"ImageObject\",\"inLanguage\":\"de\",\"@id\":\"https:\\\/\\\/news.save.ch\\\/de\\\/#\\\/schema\\\/logo\\\/image\\\/\",\"url\":\"https:\\\/\\\/news.save.ch\\\/wp-content\\\/uploads\\\/2022\\\/06\\\/Logo_SF_2012.png\",\"contentUrl\":\"https:\\\/\\\/news.save.ch\\\/wp-content\\\/uploads\\\/2022\\\/06\\\/Logo_SF_2012.png\",\"width\":1100,\"height\":91,\"caption\":\"Sicherheitsforum\"},\"image\":{\"@id\":\"https:\\\/\\\/news.save.ch\\\/de\\\/#\\\/schema\\\/logo\\\/image\\\/\"}},{\"@type\":\"Person\",\"@id\":\"https:\\\/\\\/news.save.ch\\\/de\\\/#\\\/schema\\\/person\\\/d49e199490bad7c70d64b9ab51142f2b\",\"name\":\"admin\",\"image\":{\"@type\":\"ImageObject\",\"inLanguage\":\"de\",\"@id\":\"https:\\\/\\\/secure.gravatar.com\\\/avatar\\\/ae2f4d718e6c49043e314ce431e7e645d646302a24a5ef5a8bc8e3f5a032e319?s=96&d=mm&r=g\",\"url\":\"https:\\\/\\\/secure.gravatar.com\\\/avatar\\\/ae2f4d718e6c49043e314ce431e7e645d646302a24a5ef5a8bc8e3f5a032e319?s=96&d=mm&r=g\",\"contentUrl\":\"https:\\\/\\\/secure.gravatar.com\\\/avatar\\\/ae2f4d718e6c49043e314ce431e7e645d646302a24a5ef5a8bc8e3f5a032e319?s=96&d=mm&r=g\",\"caption\":\"admin\"},\"sameAs\":[\"https:\\\/\\\/develop.organisator.galledia.ch\"],\"url\":\"https:\\\/\\\/news.save.ch\\\/de\\\/author\\\/admin\\\/\"}]}<\/script>\n<!-- \/ Yoast SEO plugin. -->","yoast_head_json":{"title":"Nachrichtendienst stellt Lagebericht vor - Save","description":"Der j\u00e4hrliche Lagebericht des Nachrichtendienst vom Bundes soll helfen, sicherheitspolitische Orientierung zu bieten.","robots":{"index":"index","follow":"follow","max-snippet":"max-snippet:-1","max-image-preview":"max-image-preview:large","max-video-preview":"max-video-preview:-1"},"canonical":"https:\/\/news.save.ch\/de\/nachrichtendienst-stellt-lagebericht-vor\/","og_locale":"de_DE","og_type":"article","og_title":"Nachrichtendienst stellt Lagebericht vor","og_description":"Das sicherheitspolitische und das strategische Umfeld der Schweiz sei durch eine aussergew\u00f6hnlich hohe Belastung Europas durch unterschiedliche Krisenlagen gepr\u00e4gt, schreibt der Nachrichtendienst des Bundes. Sein j\u00e4hrlicher Lagebericht soll helfen, sicherheitspolitische Orientierung zu bieten.","og_url":"https:\/\/news.save.ch\/de\/nachrichtendienst-stellt-lagebericht-vor\/","og_site_name":"Save","article_published_time":"2016-05-03T12:52:15+00:00","og_image":[{"url":"https:\/\/news.save.ch\/wp-content\/uploads\/2016\/12\/Nachrichtendienst-stellt-Lagebericht-vor_sicherheitsforum.jpg","type":"","width":"","height":""}],"author":"admin","twitter_card":"summary_large_image","twitter_misc":{"Geschrieben von":"admin","Gesch\u00e4tzte Lesezeit":"2\u00a0Minuten"},"schema":{"@context":"https:\/\/schema.org","@graph":[{"@type":"Article","@id":"https:\/\/news.save.ch\/nachrichtendienst-stellt-lagebericht-vor\/#article","isPartOf":{"@id":"https:\/\/news.save.ch\/nachrichtendienst-stellt-lagebericht-vor\/"},"author":{"name":"admin","@id":"https:\/\/news.save.ch\/de\/#\/schema\/person\/d49e199490bad7c70d64b9ab51142f2b"},"headline":"Nachrichtendienst stellt Lagebericht vor","datePublished":"2016-05-03T12:52:15+00:00","mainEntityOfPage":{"@id":"https:\/\/news.save.ch\/nachrichtendienst-stellt-lagebericht-vor\/"},"wordCount":468,"commentCount":0,"publisher":{"@id":"https:\/\/news.save.ch\/de\/#organization"},"image":{"@id":"https:\/\/news.save.ch\/nachrichtendienst-stellt-lagebericht-vor\/#primaryimage"},"thumbnailUrl":"https:\/\/news.save.ch\/wp-content\/uploads\/2016\/12\/Nachrichtendienst-stellt-Lagebericht-vor_sicherheitsforum.jpg","keywords":["Cyber-Crime","Nachrichtendienst","Terrorismus","Wirtschaftskriminalit\u00e4t"],"articleSection":["ALLGEMEIN"],"inLanguage":"de"},{"@type":"WebPage","@id":"https:\/\/news.save.ch\/nachrichtendienst-stellt-lagebericht-vor\/","url":"https:\/\/news.save.ch\/nachrichtendienst-stellt-lagebericht-vor\/","name":"Nachrichtendienst stellt Lagebericht vor - Save","isPartOf":{"@id":"https:\/\/news.save.ch\/de\/#website"},"primaryImageOfPage":{"@id":"https:\/\/news.save.ch\/nachrichtendienst-stellt-lagebericht-vor\/#primaryimage"},"image":{"@id":"https:\/\/news.save.ch\/nachrichtendienst-stellt-lagebericht-vor\/#primaryimage"},"thumbnailUrl":"https:\/\/news.save.ch\/wp-content\/uploads\/2016\/12\/Nachrichtendienst-stellt-Lagebericht-vor_sicherheitsforum.jpg","datePublished":"2016-05-03T12:52:15+00:00","description":"Der j\u00e4hrliche Lagebericht des Nachrichtendienst vom Bundes soll helfen, sicherheitspolitische Orientierung zu bieten.","breadcrumb":{"@id":"https:\/\/news.save.ch\/nachrichtendienst-stellt-lagebericht-vor\/#breadcrumb"},"inLanguage":"de","potentialAction":[{"@type":"ReadAction","target":["https:\/\/news.save.ch\/nachrichtendienst-stellt-lagebericht-vor\/"]}]},{"@type":"ImageObject","inLanguage":"de","@id":"https:\/\/news.save.ch\/nachrichtendienst-stellt-lagebericht-vor\/#primaryimage","url":"https:\/\/news.save.ch\/wp-content\/uploads\/2016\/12\/Nachrichtendienst-stellt-Lagebericht-vor_sicherheitsforum.jpg","contentUrl":"https:\/\/news.save.ch\/wp-content\/uploads\/2016\/12\/Nachrichtendienst-stellt-Lagebericht-vor_sicherheitsforum.jpg","width":937,"height":672},{"@type":"BreadcrumbList","@id":"https:\/\/news.save.ch\/nachrichtendienst-stellt-lagebericht-vor\/#breadcrumb","itemListElement":[{"@type":"ListItem","position":1,"name":"Home","item":"https:\/\/news.save.ch\/de\/"},{"@type":"ListItem","position":2,"name":"Nachrichtendienst stellt Lagebericht vor"}]},{"@type":"WebSite","@id":"https:\/\/news.save.ch\/de\/#website","url":"https:\/\/news.save.ch\/de\/","name":"Save","description":"Schweizer Fachzeitschrift f\u00fcr Sicherheit","publisher":{"@id":"https:\/\/news.save.ch\/de\/#organization"},"potentialAction":[{"@type":"SearchAction","target":{"@type":"EntryPoint","urlTemplate":"https:\/\/news.save.ch\/de\/?s={search_term_string}"},"query-input":{"@type":"PropertyValueSpecification","valueRequired":true,"valueName":"search_term_string"}}],"inLanguage":"de"},{"@type":"Organization","@id":"https:\/\/news.save.ch\/de\/#organization","name":"Sicherheitsforum","url":"https:\/\/news.save.ch\/de\/","logo":{"@type":"ImageObject","inLanguage":"de","@id":"https:\/\/news.save.ch\/de\/#\/schema\/logo\/image\/","url":"https:\/\/news.save.ch\/wp-content\/uploads\/2022\/06\/Logo_SF_2012.png","contentUrl":"https:\/\/news.save.ch\/wp-content\/uploads\/2022\/06\/Logo_SF_2012.png","width":1100,"height":91,"caption":"Sicherheitsforum"},"image":{"@id":"https:\/\/news.save.ch\/de\/#\/schema\/logo\/image\/"}},{"@type":"Person","@id":"https:\/\/news.save.ch\/de\/#\/schema\/person\/d49e199490bad7c70d64b9ab51142f2b","name":"admin","image":{"@type":"ImageObject","inLanguage":"de","@id":"https:\/\/secure.gravatar.com\/avatar\/ae2f4d718e6c49043e314ce431e7e645d646302a24a5ef5a8bc8e3f5a032e319?s=96&d=mm&r=g","url":"https:\/\/secure.gravatar.com\/avatar\/ae2f4d718e6c49043e314ce431e7e645d646302a24a5ef5a8bc8e3f5a032e319?s=96&d=mm&r=g","contentUrl":"https:\/\/secure.gravatar.com\/avatar\/ae2f4d718e6c49043e314ce431e7e645d646302a24a5ef5a8bc8e3f5a032e319?s=96&d=mm&r=g","caption":"admin"},"sameAs":["https:\/\/develop.organisator.galledia.ch"],"url":"https:\/\/news.save.ch\/de\/author\/admin\/"}]}},"_links":{"self":[{"href":"https:\/\/news.save.ch\/de\/wp-json\/wp\/v2\/posts\/2670","targetHints":{"allow":["GET"]}}],"collection":[{"href":"https:\/\/news.save.ch\/de\/wp-json\/wp\/v2\/posts"}],"about":[{"href":"https:\/\/news.save.ch\/de\/wp-json\/wp\/v2\/types\/post"}],"author":[{"embeddable":true,"href":"https:\/\/news.save.ch\/de\/wp-json\/wp\/v2\/users\/1"}],"replies":[{"embeddable":true,"href":"https:\/\/news.save.ch\/de\/wp-json\/wp\/v2\/comments?post=2670"}],"version-history":[{"count":0,"href":"https:\/\/news.save.ch\/de\/wp-json\/wp\/v2\/posts\/2670\/revisions"}],"wp:featuredmedia":[{"embeddable":true,"href":"https:\/\/news.save.ch\/de\/wp-json\/wp\/v2\/media\/2671"}],"wp:attachment":[{"href":"https:\/\/news.save.ch\/de\/wp-json\/wp\/v2\/media?parent=2670"}],"wp:term":[{"taxonomy":"category","embeddable":true,"href":"https:\/\/news.save.ch\/de\/wp-json\/wp\/v2\/categories?post=2670"},{"taxonomy":"post_tag","embeddable":true,"href":"https:\/\/news.save.ch\/de\/wp-json\/wp\/v2\/tags?post=2670"}],"curies":[{"name":"wp","href":"https:\/\/api.w.org\/{rel}","templated":true}]}}