{"id":2687,"date":"2016-04-28T15:47:43","date_gmt":"2016-04-28T13:47:43","guid":{"rendered":"https:\/\/dev.sicherheitsforum.ch\/?p=2687"},"modified":"2016-04-28T15:47:43","modified_gmt":"2016-04-28T13:47:43","slug":"bosch-mit-rekordjahr","status":null,"type":"post","link":"https:\/\/news.save.ch\/de\/bosch-mit-rekordjahr\/","title":{"rendered":"Bosch mit Rekordjahr"},"content":{"rendered":"<figure id=\"attachment_2688\" aria-describedby=\"caption-attachment-2688\" style=\"width: 680px\" class=\"wp-caption alignnone\"><img loading=\"lazy\" decoding=\"async\" class=\"wp-image-2688 size-medium\" src=\"https:\/\/news.save.ch\/wp-content\/uploads\/2016\/12\/Bosch-mit-Rekordjahr_sicherheitsforum.jpg\" width=\"680\" height=\"491\" \/><figcaption id=\"caption-attachment-2688\" class=\"wp-caption-text\">Auch das Zuhause soll im Rahmen von Smart Home zunehmend vernetzt werden.<\/figcaption><\/figure>\n<p>Der Umsatz der <a href=\"https:\/\/www.bosch.com\" target=\"_blank\" data-cke-saved-href=\"https:\/\/www.bosch.com\" rel=\"noopener\">Bosch<\/a>-Gruppe erreichte im Gesch\u00e4ftsjahr 2015 mit 70,6 Milliarden Euro einen historischen H\u00f6chstwert. Auch operativ ist der Konzern stark gewachsen und hat vergleichbar gerechnet ein Umsatzplus von 10% erzielt. Bereinigt um Wechselkurseffekte lag das Umsatzwachstum bei 3,8%. Bis auf den Unternehmensbereich Industrial Technology sind 2015 alle Unternehmensbereiche zweistellig gewachsen und konnten ihr Ergebnis verbessern, wie mitgeteilt wurde. Entsprechend hat sich die Ergebnissituation der gesamten Bosch-Gruppe 2015 erneut verbessert. Das Technologie- und Dienstleistungsunternehmen erzielte 2015 ein Ergebnis vor Finanzergebnis und Steuern (EBIT) von 4,6 Milliarden Euro und damit eine EBIT-Rendite von 6,5%. Im Jahresvergleich erh\u00f6hte sich damit das EBIT operativ um rund 0,9 Milliarden Euro oder 24%.<\/p>\n<p>Auch 2016 will die Unternehmens-Gruppe seinen Wachstumskurs fortsetzen.Trotz nur verhaltener konjunktureller Aussichten und geopolitischer Unsicherheiten erwartet das Technologie- und Dienstleistungsunternehmen f\u00fcr das Laufende Jahr\u00a0ein Umsatzwachstum zwischen 3 und 5%.<\/p>\n<p><strong>Smart-Home-System: Raumelder kommt hinzu<\/strong><\/p>\n<p>Auch im intelligenten Zuhause wird zunehmende Vernetzung f\u00fcr mehr Lebenskomfort und Entlastung sorgen, wie Bosch schreibt. Bereits seit Jahresbeginn bietet das Unternehmen mit seinem Smart-Home-System eine einfache und sichere L\u00f6sung f\u00fcr das Smart Home an. Im Laufe des Jahres werden weitere Produkte f\u00fcr das System folgen: Unter anderem ein Rauchmelder, der \u00fcber seine eigentliche Funktion hinaus auch f\u00fcr mehr Sicherheit zum Beispiel w\u00e4hrend der Urlaubszeit sorgt, wie der Anbieter wissen l\u00e4sst. F\u00fcr das Smart Home erwarte Bosch bereits 2017 ein weltweites Marktpotenzial von zehn Milliarden Euro. Bis 2020 w\u00fcrden weltweit rund 230 Millionen beziehungsweise 15% aller Haushalte mit Smart-Home-L\u00f6sungen ausgestattet sein, so Bosch.<\/p>\n","protected":false},"excerpt":{"rendered":"<p>Der Umsatz der Bosch-Gruppe erreichte im Gesch\u00e4ftsjahr 2015 mit 70,6 Milliarden Euro einen historischen H\u00f6chstwert. Auch operativ ist der Konzern stark gewachsen und hat vergleichbar gerechnet ein Umsatzplus von 10% erzielt. Bereinigt um Wechselkurseffekte lag das Umsatzwachstum bei 3,8%. Bis auf den Unternehmensbereich Industrial Technology sind 2015 alle Unternehmensbereiche zweistellig gewachsen und konnten ihr Ergebnis [&hellip;]<\/p>\n","protected":false},"author":1,"featured_media":2688,"comment_status":"open","ping_status":"open","sticky":false,"template":"","format":"standard","meta":{"_acf_changed":false,"pgc_sgb_lightbox_settings":"","footnotes":""},"categories":[1],"tags":[65],"class_list":["post-2687","post","type-post","status-publish","format-standard","has-post-thumbnail","hentry","category-allgemein","tag-unternehmen"],"acf":[],"hkrextid":null,"publication":null,"issue":null,"workflow":null,"startPage":null,"spitzmarke":null,"_posts_by_tag_page_fields":{"widget_title":"","widget_tags":""},"_at_widget":"1","_yoast_wpseo_primary_category":"","_yoast_wpseo_focuskw_text_input":"Bosch","_yoast_wpseo_opengraph-image":"https:\/\/news.save.ch\/wp-content\/uploads\/2016\/12\/Bosch-mit-Rekordjahr_sicherheitsforum.jpg","_yoast_wpseo_opengraph-description":"Die Bosch-Gruppe pr\u00e4sentierte diese Woche ein Rekordergebnis f\u00fcr das Gesch\u00e4ftsjahr 2015.","_yoast_wpseo_opengraph-title":"Bosch mit Rekordjahr","enclosure":null,"_yoast_wpseo_twitter-title":null,"_yoast_wpseo_twitter-description":null,"_yoast_wpseo_twitter-image":null,"_wp_old_slug":null,"_yoast_wpseo_title":null,"_yoast_wpseo_canonical":null,"yoast_head":"<!-- This site is optimized with the Yoast SEO plugin v27.5 - https:\/\/yoast.com\/product\/yoast-seo-wordpress\/ -->\n<title>Bosch mit Rekordjahr - Save<\/title>\n<meta name=\"description\" content=\"Die Bosch-Gruppe pr\u00e4sentierte diese Woche ein Rekordergebnis f\u00fcr das Gesch\u00e4ftsjahr 2015.\" \/>\n<meta name=\"robots\" content=\"index, follow, max-snippet:-1, max-image-preview:large, max-video-preview:-1\" \/>\n<link rel=\"canonical\" href=\"https:\/\/news.save.ch\/de\/bosch-mit-rekordjahr\/\" \/>\n<meta property=\"og:locale\" content=\"de_DE\" \/>\n<meta property=\"og:type\" content=\"article\" \/>\n<meta property=\"og:title\" content=\"Bosch mit Rekordjahr\" \/>\n<meta property=\"og:description\" content=\"Die Bosch-Gruppe pr\u00e4sentierte diese Woche ein Rekordergebnis f\u00fcr das Gesch\u00e4ftsjahr 2015.\" \/>\n<meta property=\"og:url\" content=\"https:\/\/news.save.ch\/de\/bosch-mit-rekordjahr\/\" \/>\n<meta property=\"og:site_name\" content=\"Save\" \/>\n<meta property=\"article:published_time\" content=\"2016-04-28T13:47:43+00:00\" \/>\n<meta property=\"og:image\" content=\"https:\/\/news.save.ch\/wp-content\/uploads\/2016\/12\/Bosch-mit-Rekordjahr_sicherheitsforum.jpg\" \/>\n<meta name=\"author\" content=\"admin\" \/>\n<meta name=\"twitter:card\" content=\"summary_large_image\" \/>\n<meta name=\"twitter:label1\" content=\"Geschrieben von\" \/>\n\t<meta name=\"twitter:data1\" content=\"admin\" \/>\n\t<meta name=\"twitter:label2\" content=\"Gesch\u00e4tzte Lesezeit\" \/>\n\t<meta name=\"twitter:data2\" content=\"1\u00a0Minute\" \/>\n<script type=\"application\/ld+json\" class=\"yoast-schema-graph\">{\"@context\":\"https:\\\/\\\/schema.org\",\"@graph\":[{\"@type\":\"Article\",\"@id\":\"https:\\\/\\\/news.save.ch\\\/bosch-mit-rekordjahr\\\/#article\",\"isPartOf\":{\"@id\":\"https:\\\/\\\/news.save.ch\\\/bosch-mit-rekordjahr\\\/\"},\"author\":{\"name\":\"admin\",\"@id\":\"https:\\\/\\\/news.save.ch\\\/de\\\/#\\\/schema\\\/person\\\/d49e199490bad7c70d64b9ab51142f2b\"},\"headline\":\"Bosch mit Rekordjahr\",\"datePublished\":\"2016-04-28T13:47:43+00:00\",\"mainEntityOfPage\":{\"@id\":\"https:\\\/\\\/news.save.ch\\\/bosch-mit-rekordjahr\\\/\"},\"wordCount\":264,\"commentCount\":0,\"publisher\":{\"@id\":\"https:\\\/\\\/news.save.ch\\\/de\\\/#organization\"},\"image\":{\"@id\":\"https:\\\/\\\/news.save.ch\\\/bosch-mit-rekordjahr\\\/#primaryimage\"},\"thumbnailUrl\":\"https:\\\/\\\/news.save.ch\\\/wp-content\\\/uploads\\\/2016\\\/12\\\/Bosch-mit-Rekordjahr_sicherheitsforum-scaled.jpg\",\"keywords\":[\"Unternehmen\"],\"articleSection\":[\"ALLGEMEIN\"],\"inLanguage\":\"de\"},{\"@type\":\"WebPage\",\"@id\":\"https:\\\/\\\/news.save.ch\\\/bosch-mit-rekordjahr\\\/\",\"url\":\"https:\\\/\\\/news.save.ch\\\/bosch-mit-rekordjahr\\\/\",\"name\":\"Bosch mit Rekordjahr - Save\",\"isPartOf\":{\"@id\":\"https:\\\/\\\/news.save.ch\\\/de\\\/#website\"},\"primaryImageOfPage\":{\"@id\":\"https:\\\/\\\/news.save.ch\\\/bosch-mit-rekordjahr\\\/#primaryimage\"},\"image\":{\"@id\":\"https:\\\/\\\/news.save.ch\\\/bosch-mit-rekordjahr\\\/#primaryimage\"},\"thumbnailUrl\":\"https:\\\/\\\/news.save.ch\\\/wp-content\\\/uploads\\\/2016\\\/12\\\/Bosch-mit-Rekordjahr_sicherheitsforum-scaled.jpg\",\"datePublished\":\"2016-04-28T13:47:43+00:00\",\"description\":\"Die Bosch-Gruppe pr\u00e4sentierte diese Woche ein Rekordergebnis f\u00fcr das Gesch\u00e4ftsjahr 2015.\",\"breadcrumb\":{\"@id\":\"https:\\\/\\\/news.save.ch\\\/bosch-mit-rekordjahr\\\/#breadcrumb\"},\"inLanguage\":\"de\",\"potentialAction\":[{\"@type\":\"ReadAction\",\"target\":[\"https:\\\/\\\/news.save.ch\\\/bosch-mit-rekordjahr\\\/\"]}]},{\"@type\":\"ImageObject\",\"inLanguage\":\"de\",\"@id\":\"https:\\\/\\\/news.save.ch\\\/bosch-mit-rekordjahr\\\/#primaryimage\",\"url\":\"https:\\\/\\\/news.save.ch\\\/wp-content\\\/uploads\\\/2016\\\/12\\\/Bosch-mit-Rekordjahr_sicherheitsforum-scaled.jpg\",\"contentUrl\":\"https:\\\/\\\/news.save.ch\\\/wp-content\\\/uploads\\\/2016\\\/12\\\/Bosch-mit-Rekordjahr_sicherheitsforum-scaled.jpg\",\"width\":1400,\"height\":1011,\"caption\":\"Auch das Zuhause soll im Rahmen von Smart Home zunehmend vernetzt werden.\"},{\"@type\":\"BreadcrumbList\",\"@id\":\"https:\\\/\\\/news.save.ch\\\/bosch-mit-rekordjahr\\\/#breadcrumb\",\"itemListElement\":[{\"@type\":\"ListItem\",\"position\":1,\"name\":\"Home\",\"item\":\"https:\\\/\\\/news.save.ch\\\/de\\\/\"},{\"@type\":\"ListItem\",\"position\":2,\"name\":\"Bosch mit Rekordjahr\"}]},{\"@type\":\"WebSite\",\"@id\":\"https:\\\/\\\/news.save.ch\\\/de\\\/#website\",\"url\":\"https:\\\/\\\/news.save.ch\\\/de\\\/\",\"name\":\"Save\",\"description\":\"Schweizer Fachzeitschrift f\u00fcr Sicherheit\",\"publisher\":{\"@id\":\"https:\\\/\\\/news.save.ch\\\/de\\\/#organization\"},\"potentialAction\":[{\"@type\":\"SearchAction\",\"target\":{\"@type\":\"EntryPoint\",\"urlTemplate\":\"https:\\\/\\\/news.save.ch\\\/de\\\/?s={search_term_string}\"},\"query-input\":{\"@type\":\"PropertyValueSpecification\",\"valueRequired\":true,\"valueName\":\"search_term_string\"}}],\"inLanguage\":\"de\"},{\"@type\":\"Organization\",\"@id\":\"https:\\\/\\\/news.save.ch\\\/de\\\/#organization\",\"name\":\"Sicherheitsforum\",\"url\":\"https:\\\/\\\/news.save.ch\\\/de\\\/\",\"logo\":{\"@type\":\"ImageObject\",\"inLanguage\":\"de\",\"@id\":\"https:\\\/\\\/news.save.ch\\\/de\\\/#\\\/schema\\\/logo\\\/image\\\/\",\"url\":\"https:\\\/\\\/news.save.ch\\\/wp-content\\\/uploads\\\/2022\\\/06\\\/Logo_SF_2012.png\",\"contentUrl\":\"https:\\\/\\\/news.save.ch\\\/wp-content\\\/uploads\\\/2022\\\/06\\\/Logo_SF_2012.png\",\"width\":1100,\"height\":91,\"caption\":\"Sicherheitsforum\"},\"image\":{\"@id\":\"https:\\\/\\\/news.save.ch\\\/de\\\/#\\\/schema\\\/logo\\\/image\\\/\"}},{\"@type\":\"Person\",\"@id\":\"https:\\\/\\\/news.save.ch\\\/de\\\/#\\\/schema\\\/person\\\/d49e199490bad7c70d64b9ab51142f2b\",\"name\":\"admin\",\"image\":{\"@type\":\"ImageObject\",\"inLanguage\":\"de\",\"@id\":\"https:\\\/\\\/secure.gravatar.com\\\/avatar\\\/ae2f4d718e6c49043e314ce431e7e645d646302a24a5ef5a8bc8e3f5a032e319?s=96&d=mm&r=g\",\"url\":\"https:\\\/\\\/secure.gravatar.com\\\/avatar\\\/ae2f4d718e6c49043e314ce431e7e645d646302a24a5ef5a8bc8e3f5a032e319?s=96&d=mm&r=g\",\"contentUrl\":\"https:\\\/\\\/secure.gravatar.com\\\/avatar\\\/ae2f4d718e6c49043e314ce431e7e645d646302a24a5ef5a8bc8e3f5a032e319?s=96&d=mm&r=g\",\"caption\":\"admin\"},\"sameAs\":[\"https:\\\/\\\/develop.organisator.galledia.ch\"],\"url\":\"https:\\\/\\\/news.save.ch\\\/de\\\/author\\\/admin\\\/\"}]}<\/script>\n<!-- \/ Yoast SEO plugin. -->","yoast_head_json":{"title":"Bosch mit Rekordjahr - Save","description":"Die Bosch-Gruppe pr\u00e4sentierte diese Woche ein Rekordergebnis f\u00fcr das Gesch\u00e4ftsjahr 2015.","robots":{"index":"index","follow":"follow","max-snippet":"max-snippet:-1","max-image-preview":"max-image-preview:large","max-video-preview":"max-video-preview:-1"},"canonical":"https:\/\/news.save.ch\/de\/bosch-mit-rekordjahr\/","og_locale":"de_DE","og_type":"article","og_title":"Bosch mit Rekordjahr","og_description":"Die Bosch-Gruppe pr\u00e4sentierte diese Woche ein Rekordergebnis f\u00fcr das Gesch\u00e4ftsjahr 2015.","og_url":"https:\/\/news.save.ch\/de\/bosch-mit-rekordjahr\/","og_site_name":"Save","article_published_time":"2016-04-28T13:47:43+00:00","og_image":[{"url":"https:\/\/news.save.ch\/wp-content\/uploads\/2016\/12\/Bosch-mit-Rekordjahr_sicherheitsforum.jpg","type":"","width":"","height":""}],"author":"admin","twitter_card":"summary_large_image","twitter_misc":{"Geschrieben von":"admin","Gesch\u00e4tzte Lesezeit":"1\u00a0Minute"},"schema":{"@context":"https:\/\/schema.org","@graph":[{"@type":"Article","@id":"https:\/\/news.save.ch\/bosch-mit-rekordjahr\/#article","isPartOf":{"@id":"https:\/\/news.save.ch\/bosch-mit-rekordjahr\/"},"author":{"name":"admin","@id":"https:\/\/news.save.ch\/de\/#\/schema\/person\/d49e199490bad7c70d64b9ab51142f2b"},"headline":"Bosch mit Rekordjahr","datePublished":"2016-04-28T13:47:43+00:00","mainEntityOfPage":{"@id":"https:\/\/news.save.ch\/bosch-mit-rekordjahr\/"},"wordCount":264,"commentCount":0,"publisher":{"@id":"https:\/\/news.save.ch\/de\/#organization"},"image":{"@id":"https:\/\/news.save.ch\/bosch-mit-rekordjahr\/#primaryimage"},"thumbnailUrl":"https:\/\/news.save.ch\/wp-content\/uploads\/2016\/12\/Bosch-mit-Rekordjahr_sicherheitsforum-scaled.jpg","keywords":["Unternehmen"],"articleSection":["ALLGEMEIN"],"inLanguage":"de"},{"@type":"WebPage","@id":"https:\/\/news.save.ch\/bosch-mit-rekordjahr\/","url":"https:\/\/news.save.ch\/bosch-mit-rekordjahr\/","name":"Bosch mit Rekordjahr - Save","isPartOf":{"@id":"https:\/\/news.save.ch\/de\/#website"},"primaryImageOfPage":{"@id":"https:\/\/news.save.ch\/bosch-mit-rekordjahr\/#primaryimage"},"image":{"@id":"https:\/\/news.save.ch\/bosch-mit-rekordjahr\/#primaryimage"},"thumbnailUrl":"https:\/\/news.save.ch\/wp-content\/uploads\/2016\/12\/Bosch-mit-Rekordjahr_sicherheitsforum-scaled.jpg","datePublished":"2016-04-28T13:47:43+00:00","description":"Die Bosch-Gruppe pr\u00e4sentierte diese Woche ein Rekordergebnis f\u00fcr das Gesch\u00e4ftsjahr 2015.","breadcrumb":{"@id":"https:\/\/news.save.ch\/bosch-mit-rekordjahr\/#breadcrumb"},"inLanguage":"de","potentialAction":[{"@type":"ReadAction","target":["https:\/\/news.save.ch\/bosch-mit-rekordjahr\/"]}]},{"@type":"ImageObject","inLanguage":"de","@id":"https:\/\/news.save.ch\/bosch-mit-rekordjahr\/#primaryimage","url":"https:\/\/news.save.ch\/wp-content\/uploads\/2016\/12\/Bosch-mit-Rekordjahr_sicherheitsforum-scaled.jpg","contentUrl":"https:\/\/news.save.ch\/wp-content\/uploads\/2016\/12\/Bosch-mit-Rekordjahr_sicherheitsforum-scaled.jpg","width":1400,"height":1011,"caption":"Auch das Zuhause soll im Rahmen von Smart Home zunehmend vernetzt werden."},{"@type":"BreadcrumbList","@id":"https:\/\/news.save.ch\/bosch-mit-rekordjahr\/#breadcrumb","itemListElement":[{"@type":"ListItem","position":1,"name":"Home","item":"https:\/\/news.save.ch\/de\/"},{"@type":"ListItem","position":2,"name":"Bosch mit Rekordjahr"}]},{"@type":"WebSite","@id":"https:\/\/news.save.ch\/de\/#website","url":"https:\/\/news.save.ch\/de\/","name":"Save","description":"Schweizer Fachzeitschrift f\u00fcr Sicherheit","publisher":{"@id":"https:\/\/news.save.ch\/de\/#organization"},"potentialAction":[{"@type":"SearchAction","target":{"@type":"EntryPoint","urlTemplate":"https:\/\/news.save.ch\/de\/?s={search_term_string}"},"query-input":{"@type":"PropertyValueSpecification","valueRequired":true,"valueName":"search_term_string"}}],"inLanguage":"de"},{"@type":"Organization","@id":"https:\/\/news.save.ch\/de\/#organization","name":"Sicherheitsforum","url":"https:\/\/news.save.ch\/de\/","logo":{"@type":"ImageObject","inLanguage":"de","@id":"https:\/\/news.save.ch\/de\/#\/schema\/logo\/image\/","url":"https:\/\/news.save.ch\/wp-content\/uploads\/2022\/06\/Logo_SF_2012.png","contentUrl":"https:\/\/news.save.ch\/wp-content\/uploads\/2022\/06\/Logo_SF_2012.png","width":1100,"height":91,"caption":"Sicherheitsforum"},"image":{"@id":"https:\/\/news.save.ch\/de\/#\/schema\/logo\/image\/"}},{"@type":"Person","@id":"https:\/\/news.save.ch\/de\/#\/schema\/person\/d49e199490bad7c70d64b9ab51142f2b","name":"admin","image":{"@type":"ImageObject","inLanguage":"de","@id":"https:\/\/secure.gravatar.com\/avatar\/ae2f4d718e6c49043e314ce431e7e645d646302a24a5ef5a8bc8e3f5a032e319?s=96&d=mm&r=g","url":"https:\/\/secure.gravatar.com\/avatar\/ae2f4d718e6c49043e314ce431e7e645d646302a24a5ef5a8bc8e3f5a032e319?s=96&d=mm&r=g","contentUrl":"https:\/\/secure.gravatar.com\/avatar\/ae2f4d718e6c49043e314ce431e7e645d646302a24a5ef5a8bc8e3f5a032e319?s=96&d=mm&r=g","caption":"admin"},"sameAs":["https:\/\/develop.organisator.galledia.ch"],"url":"https:\/\/news.save.ch\/de\/author\/admin\/"}]}},"_links":{"self":[{"href":"https:\/\/news.save.ch\/de\/wp-json\/wp\/v2\/posts\/2687","targetHints":{"allow":["GET"]}}],"collection":[{"href":"https:\/\/news.save.ch\/de\/wp-json\/wp\/v2\/posts"}],"about":[{"href":"https:\/\/news.save.ch\/de\/wp-json\/wp\/v2\/types\/post"}],"author":[{"embeddable":true,"href":"https:\/\/news.save.ch\/de\/wp-json\/wp\/v2\/users\/1"}],"replies":[{"embeddable":true,"href":"https:\/\/news.save.ch\/de\/wp-json\/wp\/v2\/comments?post=2687"}],"version-history":[{"count":0,"href":"https:\/\/news.save.ch\/de\/wp-json\/wp\/v2\/posts\/2687\/revisions"}],"wp:featuredmedia":[{"embeddable":true,"href":"https:\/\/news.save.ch\/de\/wp-json\/wp\/v2\/media\/2688"}],"wp:attachment":[{"href":"https:\/\/news.save.ch\/de\/wp-json\/wp\/v2\/media?parent=2687"}],"wp:term":[{"taxonomy":"category","embeddable":true,"href":"https:\/\/news.save.ch\/de\/wp-json\/wp\/v2\/categories?post=2687"},{"taxonomy":"post_tag","embeddable":true,"href":"https:\/\/news.save.ch\/de\/wp-json\/wp\/v2\/tags?post=2687"}],"curies":[{"name":"wp","href":"https:\/\/api.w.org\/{rel}","templated":true}]}}