{"id":2713,"date":"2016-03-07T16:23:00","date_gmt":"2016-03-07T15:23:00","guid":{"rendered":"https:\/\/dev.sicherheitsforum.ch\/?p=2713"},"modified":"2016-03-07T16:23:00","modified_gmt":"2016-03-07T15:23:00","slug":"dormakaba-zahlen-des-ersten-geschaeftshalbjahres","status":null,"type":"post","link":"https:\/\/news.save.ch\/de\/dormakaba-zahlen-des-ersten-geschaeftshalbjahres\/","title":{"rendered":"Dorma+Kaba: Zahlen des ersten Gesch\u00e4ftshalbjahres"},"content":{"rendered":"<p><img loading=\"lazy\" decoding=\"async\" class=\"alignnone size-medium wp-image-2714\" src=\"https:\/\/news.save.ch\/wp-content\/uploads\/2016\/12\/56dd9ebebe445_kaba_Sicherheitsforum.jpg\" alt=\"\" width=\"680\" height=\"613\" srcset=\"https:\/\/news.save.ch\/wp-content\/uploads\/2016\/12\/56dd9ebebe445_kaba_Sicherheitsforum.jpg 939w, https:\/\/news.save.ch\/wp-content\/uploads\/2016\/12\/56dd9ebebe445_kaba_Sicherheitsforum-333x300.jpg 333w\" sizes=\"auto, (max-width: 680px) 100vw, 680px\" \/><\/p>\n<p>Der konsolidierte Umsatz konnte die <a title=\"Dorma+Kaba\" href=\"https:\/\/www.dormakaba.com\" target=\"_blank\" data-cke-saved-href=\"https:\/\/www.dormakaba.com\" rel=\"noopener\">Gruppe<\/a> gem\u00e4ss Angaben im Berichtszeitraum auf einer Pro-forma-Basis zu konstanten Wechselkursen um 2,6% gesteigert werden und erreichte 1135,5 Mio. Fr. (ausgewiesen 947,6 Mio. Fr.). Das organische Umsatzwachstum liegt bei\u00a01,8%, Akquisitionseffekte haben\u00a00,8% zum Umsatzwachstum beigetragen, wie es heisst.<\/p>\n<p><strong>Profitabilit\u00e4t und Konzernergebnis <\/strong><\/p>\n<p>Die Dorma+Kaba Holding AG erzielte im Berichtszeitraum gegen\u00fcber dem Vorjahr ein h\u00f6heres operatives Ergebnis. Das Ebitda betrage 165,4 Mio. Fr. (ausgewiesen 144,6 Mio.: 4 Monate ehemalige Dorma, 6 Monate ehemalige Kaba) und die Ebitda-Marge sei auf 14,6% (ausgewiesen 15,3%) gegen\u00fcber 13,7% im Vorjahreszeitraum gestiegen. Die Verbesserung der Profitabilit\u00e4t sei im Wesentlichen auf erste Kosteneinsparungen als direkte Folge des Zusammenschlusses und auf einen sehr erfreulichen Gesch\u00e4ftsgang in Nordamerika zur\u00fcckzuf\u00fchren, heisst es ferner.<\/p>\n<p>Das ausserordentliche Ergebnis in H\u00f6he von -34,8 Mio. Fr. (ausgewiesen -34,7 Mio. Fr.) umfasst gem\u00e4ss Mitteilung ausschliesslich Integrationskosten, die im Zusammenhang mit dem Zusammenschluss der Gruppe stehen. Die Unternehmung schliesse das erste gemeinsame Gesch\u00e4ftshalbjahr 2015\/2016 mit einem Ergebnis von 67,1 Mio. Fr. ab (ausgewiesen 57,4 Mio.).<\/p>\n<p><strong>Marktentwicklung DACH-Region<\/strong><\/p>\n<p>Im Segment Access Solutions DACH (AS DACH) sind die Gesch\u00e4ftsaktivit\u00e4ten der Gruppe Dorma+Kaba in Deutschland, \u00d6sterreich und der Schweiz zusammengefasst. Angesichts der unterschiedlichen wirtschaftlichen Entwicklungen in der Region DACH l\u00e4gen die Resultate des Segments AS DACH f\u00fcr das erste Gesch\u00e4ftshalbjahr 2015\/2016 im Rahmen der Erwartungen.\u00a0Das neu geschaffene Segment AS DACH habe im Berichtszeitraum einen konsolidierten Umsatz von 386,1 Mio. Fr. erwirtschaftet (Ebitda-Marge: 18,9 %).<\/p>\n<p>Zur wirtschaftlichen Entwicklung in der DACH-Region heisst es im\u00a0Executive Report: &#8222;In Deutschland verbesserte sich\u00a0die gesamt\u00adwirtschaftliche Lage im Laufe des Berichtszeit\u00adraums; die \u00f6sterreichische Wirtschaft zeigte wiederum ein leichtes, wenn auch noch sehr verhaltenes Wachstum.\u00a0Demgegen\u00fcber schw\u00e4chte\u00a0sich die Wachstumsdynamik in der Schweiz ab, nicht zuletzt ist\u00a0dies auch eine Folge der starken Aufwertung des Schweizer Frankens ab Mitte Januar 2015.&#8220; Dank in den vergangenen Jahren get\u00e4tigten Investitionen in Automatisierung und Internalisierung der Wertsch\u00f6pfungskette konnte der resultierende Preisdruck in der Schweiz weitgehend kom\u00adpensiert und die Marge gehalten werden, wie das Unternehmen wissen l\u00e4sst.<\/p>\n<p>Mehr Informationen <a href=\"https:\/\/www.dormakaba.com\/de\/investor-relations\/636254\/dorma-kaba-group-first-half-year-2015-2016.html\" target=\"_blank\" data-cke-saved-href=\"https:\/\/www.dormakaba.com\/de\/investor-relations\/636254\/dorma-kaba-group-first-half-year-2015-2016.html\" rel=\"noopener\">hier<\/a>.<\/p>\n","protected":false},"excerpt":{"rendered":"<p>Der konsolidierte Umsatz konnte die Gruppe gem\u00e4ss Angaben im Berichtszeitraum auf einer Pro-forma-Basis zu konstanten Wechselkursen um 2,6% gesteigert werden und erreichte 1135,5 Mio. Fr. (ausgewiesen 947,6 Mio. Fr.). Das organische Umsatzwachstum liegt bei\u00a01,8%, Akquisitionseffekte haben\u00a00,8% zum Umsatzwachstum beigetragen, wie es heisst. Profitabilit\u00e4t und Konzernergebnis Die Dorma+Kaba Holding AG erzielte im Berichtszeitraum gegen\u00fcber dem Vorjahr [&hellip;]<\/p>\n","protected":false},"author":1,"featured_media":2714,"comment_status":"open","ping_status":"open","sticky":false,"template":"","format":"standard","meta":{"_acf_changed":false,"pgc_sgb_lightbox_settings":"","footnotes":""},"categories":[1],"tags":[273,274,65],"class_list":["post-2713","post","type-post","status-publish","format-standard","has-post-thumbnail","hentry","category-allgemein","tag-dormakaba-gruppe","tag-geschaeftsjahr-20152016","tag-unternehmen"],"acf":[],"hkrextid":null,"publication":null,"issue":null,"workflow":null,"startPage":null,"spitzmarke":null,"_posts_by_tag_page_fields":{"widget_title":"","widget_tags":""},"_at_widget":"1","_yoast_wpseo_primary_category":"","_yoast_wpseo_focuskw_text_input":"Dorma+Kaba: Zahlen des ersten Gesch\u00e4ftshalbjahres","_yoast_wpseo_opengraph-image":"https:\/\/news.save.ch\/wp-content\/uploads\/2016\/12\/56dd9ebebe445_kaba_Sicherheitsforum.jpg","_yoast_wpseo_opengraph-description":"Die fusionierte Unternehmung Dorma+Kaba hat ihr erstes Gesch\u00e4ftshalbjahr 2015\/2016 hinter sich und schliesst mit guten Ergebnissen ab, wie die Gruppe mitgeteilt hat.","_yoast_wpseo_opengraph-title":"Dorma+Kaba: Zahlen des ersten Gesch\u00e4ftshalbjahres","enclosure":null,"_yoast_wpseo_twitter-title":null,"_yoast_wpseo_twitter-description":null,"_yoast_wpseo_twitter-image":null,"_wp_old_slug":null,"_yoast_wpseo_title":null,"_yoast_wpseo_canonical":null,"yoast_head":"<!-- This site is optimized with the Yoast SEO plugin v27.5 - https:\/\/yoast.com\/product\/yoast-seo-wordpress\/ -->\n<title>Dorma+Kaba: Zahlen des ersten Gesch\u00e4ftshalbjahres - Save<\/title>\n<meta name=\"description\" content=\"Die Unternehmung Dorma+Kaba hat ihr erstes Gesch\u00e4ftshalbjahr 2015\/2016 hinter sich und schliesst mit guten Ergebnissen ab, wie die Gruppe mitgeteilt hat.\" \/>\n<meta name=\"robots\" content=\"index, follow, max-snippet:-1, max-image-preview:large, max-video-preview:-1\" \/>\n<link rel=\"canonical\" href=\"https:\/\/news.save.ch\/de\/dormakaba-zahlen-des-ersten-geschaeftshalbjahres\/\" \/>\n<meta property=\"og:locale\" content=\"de_DE\" \/>\n<meta property=\"og:type\" content=\"article\" \/>\n<meta property=\"og:title\" content=\"Dorma+Kaba: Zahlen des ersten Gesch\u00e4ftshalbjahres\" \/>\n<meta property=\"og:description\" content=\"Die fusionierte Unternehmung Dorma+Kaba hat ihr erstes Gesch\u00e4ftshalbjahr 2015\/2016 hinter sich und schliesst mit guten Ergebnissen ab, wie die Gruppe mitgeteilt hat.\" \/>\n<meta property=\"og:url\" content=\"https:\/\/news.save.ch\/de\/dormakaba-zahlen-des-ersten-geschaeftshalbjahres\/\" \/>\n<meta property=\"og:site_name\" content=\"Save\" \/>\n<meta property=\"article:published_time\" content=\"2016-03-07T15:23:00+00:00\" \/>\n<meta property=\"og:image\" content=\"https:\/\/news.save.ch\/wp-content\/uploads\/2016\/12\/56dd9ebebe445_kaba_Sicherheitsforum.jpg\" \/>\n<meta name=\"author\" content=\"admin\" \/>\n<meta name=\"twitter:card\" content=\"summary_large_image\" \/>\n<meta name=\"twitter:label1\" content=\"Geschrieben von\" \/>\n\t<meta name=\"twitter:data1\" content=\"admin\" \/>\n\t<meta name=\"twitter:label2\" content=\"Gesch\u00e4tzte Lesezeit\" \/>\n\t<meta name=\"twitter:data2\" content=\"2\u00a0Minuten\" \/>\n<script type=\"application\/ld+json\" class=\"yoast-schema-graph\">{\"@context\":\"https:\\\/\\\/schema.org\",\"@graph\":[{\"@type\":\"Article\",\"@id\":\"https:\\\/\\\/news.save.ch\\\/dormakaba-zahlen-des-ersten-geschaeftshalbjahres\\\/#article\",\"isPartOf\":{\"@id\":\"https:\\\/\\\/news.save.ch\\\/dormakaba-zahlen-des-ersten-geschaeftshalbjahres\\\/\"},\"author\":{\"name\":\"admin\",\"@id\":\"https:\\\/\\\/news.save.ch\\\/de\\\/#\\\/schema\\\/person\\\/d49e199490bad7c70d64b9ab51142f2b\"},\"headline\":\"Dorma+Kaba: Zahlen des ersten Gesch\u00e4ftshalbjahres\",\"datePublished\":\"2016-03-07T15:23:00+00:00\",\"mainEntityOfPage\":{\"@id\":\"https:\\\/\\\/news.save.ch\\\/dormakaba-zahlen-des-ersten-geschaeftshalbjahres\\\/\"},\"wordCount\":341,\"commentCount\":0,\"publisher\":{\"@id\":\"https:\\\/\\\/news.save.ch\\\/de\\\/#organization\"},\"image\":{\"@id\":\"https:\\\/\\\/news.save.ch\\\/dormakaba-zahlen-des-ersten-geschaeftshalbjahres\\\/#primaryimage\"},\"thumbnailUrl\":\"https:\\\/\\\/news.save.ch\\\/wp-content\\\/uploads\\\/2016\\\/12\\\/56dd9ebebe445_kaba_Sicherheitsforum.jpg\",\"keywords\":[\"Dorma+Kaba Gruppe\",\"Gesch\u00e4ftsjahr 2015\\\/2016\",\"Unternehmen\"],\"articleSection\":[\"ALLGEMEIN\"],\"inLanguage\":\"de\"},{\"@type\":\"WebPage\",\"@id\":\"https:\\\/\\\/news.save.ch\\\/dormakaba-zahlen-des-ersten-geschaeftshalbjahres\\\/\",\"url\":\"https:\\\/\\\/news.save.ch\\\/dormakaba-zahlen-des-ersten-geschaeftshalbjahres\\\/\",\"name\":\"Dorma+Kaba: Zahlen des ersten Gesch\u00e4ftshalbjahres - Save\",\"isPartOf\":{\"@id\":\"https:\\\/\\\/news.save.ch\\\/de\\\/#website\"},\"primaryImageOfPage\":{\"@id\":\"https:\\\/\\\/news.save.ch\\\/dormakaba-zahlen-des-ersten-geschaeftshalbjahres\\\/#primaryimage\"},\"image\":{\"@id\":\"https:\\\/\\\/news.save.ch\\\/dormakaba-zahlen-des-ersten-geschaeftshalbjahres\\\/#primaryimage\"},\"thumbnailUrl\":\"https:\\\/\\\/news.save.ch\\\/wp-content\\\/uploads\\\/2016\\\/12\\\/56dd9ebebe445_kaba_Sicherheitsforum.jpg\",\"datePublished\":\"2016-03-07T15:23:00+00:00\",\"description\":\"Die Unternehmung Dorma+Kaba hat ihr erstes Gesch\u00e4ftshalbjahr 2015\\\/2016 hinter sich und schliesst mit guten Ergebnissen ab, wie die Gruppe mitgeteilt hat.\",\"breadcrumb\":{\"@id\":\"https:\\\/\\\/news.save.ch\\\/dormakaba-zahlen-des-ersten-geschaeftshalbjahres\\\/#breadcrumb\"},\"inLanguage\":\"de\",\"potentialAction\":[{\"@type\":\"ReadAction\",\"target\":[\"https:\\\/\\\/news.save.ch\\\/dormakaba-zahlen-des-ersten-geschaeftshalbjahres\\\/\"]}]},{\"@type\":\"ImageObject\",\"inLanguage\":\"de\",\"@id\":\"https:\\\/\\\/news.save.ch\\\/dormakaba-zahlen-des-ersten-geschaeftshalbjahres\\\/#primaryimage\",\"url\":\"https:\\\/\\\/news.save.ch\\\/wp-content\\\/uploads\\\/2016\\\/12\\\/56dd9ebebe445_kaba_Sicherheitsforum.jpg\",\"contentUrl\":\"https:\\\/\\\/news.save.ch\\\/wp-content\\\/uploads\\\/2016\\\/12\\\/56dd9ebebe445_kaba_Sicherheitsforum.jpg\",\"width\":939,\"height\":847},{\"@type\":\"BreadcrumbList\",\"@id\":\"https:\\\/\\\/news.save.ch\\\/dormakaba-zahlen-des-ersten-geschaeftshalbjahres\\\/#breadcrumb\",\"itemListElement\":[{\"@type\":\"ListItem\",\"position\":1,\"name\":\"Home\",\"item\":\"https:\\\/\\\/news.save.ch\\\/de\\\/\"},{\"@type\":\"ListItem\",\"position\":2,\"name\":\"Dorma+Kaba: Zahlen des ersten Gesch\u00e4ftshalbjahres\"}]},{\"@type\":\"WebSite\",\"@id\":\"https:\\\/\\\/news.save.ch\\\/de\\\/#website\",\"url\":\"https:\\\/\\\/news.save.ch\\\/de\\\/\",\"name\":\"Save\",\"description\":\"Schweizer Fachzeitschrift f\u00fcr Sicherheit\",\"publisher\":{\"@id\":\"https:\\\/\\\/news.save.ch\\\/de\\\/#organization\"},\"potentialAction\":[{\"@type\":\"SearchAction\",\"target\":{\"@type\":\"EntryPoint\",\"urlTemplate\":\"https:\\\/\\\/news.save.ch\\\/de\\\/?s={search_term_string}\"},\"query-input\":{\"@type\":\"PropertyValueSpecification\",\"valueRequired\":true,\"valueName\":\"search_term_string\"}}],\"inLanguage\":\"de\"},{\"@type\":\"Organization\",\"@id\":\"https:\\\/\\\/news.save.ch\\\/de\\\/#organization\",\"name\":\"Sicherheitsforum\",\"url\":\"https:\\\/\\\/news.save.ch\\\/de\\\/\",\"logo\":{\"@type\":\"ImageObject\",\"inLanguage\":\"de\",\"@id\":\"https:\\\/\\\/news.save.ch\\\/de\\\/#\\\/schema\\\/logo\\\/image\\\/\",\"url\":\"https:\\\/\\\/news.save.ch\\\/wp-content\\\/uploads\\\/2022\\\/06\\\/Logo_SF_2012.png\",\"contentUrl\":\"https:\\\/\\\/news.save.ch\\\/wp-content\\\/uploads\\\/2022\\\/06\\\/Logo_SF_2012.png\",\"width\":1100,\"height\":91,\"caption\":\"Sicherheitsforum\"},\"image\":{\"@id\":\"https:\\\/\\\/news.save.ch\\\/de\\\/#\\\/schema\\\/logo\\\/image\\\/\"}},{\"@type\":\"Person\",\"@id\":\"https:\\\/\\\/news.save.ch\\\/de\\\/#\\\/schema\\\/person\\\/d49e199490bad7c70d64b9ab51142f2b\",\"name\":\"admin\",\"image\":{\"@type\":\"ImageObject\",\"inLanguage\":\"de\",\"@id\":\"https:\\\/\\\/secure.gravatar.com\\\/avatar\\\/ae2f4d718e6c49043e314ce431e7e645d646302a24a5ef5a8bc8e3f5a032e319?s=96&d=mm&r=g\",\"url\":\"https:\\\/\\\/secure.gravatar.com\\\/avatar\\\/ae2f4d718e6c49043e314ce431e7e645d646302a24a5ef5a8bc8e3f5a032e319?s=96&d=mm&r=g\",\"contentUrl\":\"https:\\\/\\\/secure.gravatar.com\\\/avatar\\\/ae2f4d718e6c49043e314ce431e7e645d646302a24a5ef5a8bc8e3f5a032e319?s=96&d=mm&r=g\",\"caption\":\"admin\"},\"sameAs\":[\"https:\\\/\\\/develop.organisator.galledia.ch\"],\"url\":\"https:\\\/\\\/news.save.ch\\\/de\\\/author\\\/admin\\\/\"}]}<\/script>\n<!-- \/ Yoast SEO plugin. -->","yoast_head_json":{"title":"Dorma+Kaba: Zahlen des ersten Gesch\u00e4ftshalbjahres - Save","description":"Die Unternehmung Dorma+Kaba hat ihr erstes Gesch\u00e4ftshalbjahr 2015\/2016 hinter sich und schliesst mit guten Ergebnissen ab, wie die Gruppe mitgeteilt hat.","robots":{"index":"index","follow":"follow","max-snippet":"max-snippet:-1","max-image-preview":"max-image-preview:large","max-video-preview":"max-video-preview:-1"},"canonical":"https:\/\/news.save.ch\/de\/dormakaba-zahlen-des-ersten-geschaeftshalbjahres\/","og_locale":"de_DE","og_type":"article","og_title":"Dorma+Kaba: Zahlen des ersten Gesch\u00e4ftshalbjahres","og_description":"Die fusionierte Unternehmung Dorma+Kaba hat ihr erstes Gesch\u00e4ftshalbjahr 2015\/2016 hinter sich und schliesst mit guten Ergebnissen ab, wie die Gruppe mitgeteilt hat.","og_url":"https:\/\/news.save.ch\/de\/dormakaba-zahlen-des-ersten-geschaeftshalbjahres\/","og_site_name":"Save","article_published_time":"2016-03-07T15:23:00+00:00","og_image":[{"url":"https:\/\/news.save.ch\/wp-content\/uploads\/2016\/12\/56dd9ebebe445_kaba_Sicherheitsforum.jpg","type":"","width":"","height":""}],"author":"admin","twitter_card":"summary_large_image","twitter_misc":{"Geschrieben von":"admin","Gesch\u00e4tzte Lesezeit":"2\u00a0Minuten"},"schema":{"@context":"https:\/\/schema.org","@graph":[{"@type":"Article","@id":"https:\/\/news.save.ch\/dormakaba-zahlen-des-ersten-geschaeftshalbjahres\/#article","isPartOf":{"@id":"https:\/\/news.save.ch\/dormakaba-zahlen-des-ersten-geschaeftshalbjahres\/"},"author":{"name":"admin","@id":"https:\/\/news.save.ch\/de\/#\/schema\/person\/d49e199490bad7c70d64b9ab51142f2b"},"headline":"Dorma+Kaba: Zahlen des ersten Gesch\u00e4ftshalbjahres","datePublished":"2016-03-07T15:23:00+00:00","mainEntityOfPage":{"@id":"https:\/\/news.save.ch\/dormakaba-zahlen-des-ersten-geschaeftshalbjahres\/"},"wordCount":341,"commentCount":0,"publisher":{"@id":"https:\/\/news.save.ch\/de\/#organization"},"image":{"@id":"https:\/\/news.save.ch\/dormakaba-zahlen-des-ersten-geschaeftshalbjahres\/#primaryimage"},"thumbnailUrl":"https:\/\/news.save.ch\/wp-content\/uploads\/2016\/12\/56dd9ebebe445_kaba_Sicherheitsforum.jpg","keywords":["Dorma+Kaba Gruppe","Gesch\u00e4ftsjahr 2015\/2016","Unternehmen"],"articleSection":["ALLGEMEIN"],"inLanguage":"de"},{"@type":"WebPage","@id":"https:\/\/news.save.ch\/dormakaba-zahlen-des-ersten-geschaeftshalbjahres\/","url":"https:\/\/news.save.ch\/dormakaba-zahlen-des-ersten-geschaeftshalbjahres\/","name":"Dorma+Kaba: Zahlen des ersten Gesch\u00e4ftshalbjahres - Save","isPartOf":{"@id":"https:\/\/news.save.ch\/de\/#website"},"primaryImageOfPage":{"@id":"https:\/\/news.save.ch\/dormakaba-zahlen-des-ersten-geschaeftshalbjahres\/#primaryimage"},"image":{"@id":"https:\/\/news.save.ch\/dormakaba-zahlen-des-ersten-geschaeftshalbjahres\/#primaryimage"},"thumbnailUrl":"https:\/\/news.save.ch\/wp-content\/uploads\/2016\/12\/56dd9ebebe445_kaba_Sicherheitsforum.jpg","datePublished":"2016-03-07T15:23:00+00:00","description":"Die Unternehmung Dorma+Kaba hat ihr erstes Gesch\u00e4ftshalbjahr 2015\/2016 hinter sich und schliesst mit guten Ergebnissen ab, wie die Gruppe mitgeteilt hat.","breadcrumb":{"@id":"https:\/\/news.save.ch\/dormakaba-zahlen-des-ersten-geschaeftshalbjahres\/#breadcrumb"},"inLanguage":"de","potentialAction":[{"@type":"ReadAction","target":["https:\/\/news.save.ch\/dormakaba-zahlen-des-ersten-geschaeftshalbjahres\/"]}]},{"@type":"ImageObject","inLanguage":"de","@id":"https:\/\/news.save.ch\/dormakaba-zahlen-des-ersten-geschaeftshalbjahres\/#primaryimage","url":"https:\/\/news.save.ch\/wp-content\/uploads\/2016\/12\/56dd9ebebe445_kaba_Sicherheitsforum.jpg","contentUrl":"https:\/\/news.save.ch\/wp-content\/uploads\/2016\/12\/56dd9ebebe445_kaba_Sicherheitsforum.jpg","width":939,"height":847},{"@type":"BreadcrumbList","@id":"https:\/\/news.save.ch\/dormakaba-zahlen-des-ersten-geschaeftshalbjahres\/#breadcrumb","itemListElement":[{"@type":"ListItem","position":1,"name":"Home","item":"https:\/\/news.save.ch\/de\/"},{"@type":"ListItem","position":2,"name":"Dorma+Kaba: Zahlen des ersten Gesch\u00e4ftshalbjahres"}]},{"@type":"WebSite","@id":"https:\/\/news.save.ch\/de\/#website","url":"https:\/\/news.save.ch\/de\/","name":"Save","description":"Schweizer Fachzeitschrift f\u00fcr Sicherheit","publisher":{"@id":"https:\/\/news.save.ch\/de\/#organization"},"potentialAction":[{"@type":"SearchAction","target":{"@type":"EntryPoint","urlTemplate":"https:\/\/news.save.ch\/de\/?s={search_term_string}"},"query-input":{"@type":"PropertyValueSpecification","valueRequired":true,"valueName":"search_term_string"}}],"inLanguage":"de"},{"@type":"Organization","@id":"https:\/\/news.save.ch\/de\/#organization","name":"Sicherheitsforum","url":"https:\/\/news.save.ch\/de\/","logo":{"@type":"ImageObject","inLanguage":"de","@id":"https:\/\/news.save.ch\/de\/#\/schema\/logo\/image\/","url":"https:\/\/news.save.ch\/wp-content\/uploads\/2022\/06\/Logo_SF_2012.png","contentUrl":"https:\/\/news.save.ch\/wp-content\/uploads\/2022\/06\/Logo_SF_2012.png","width":1100,"height":91,"caption":"Sicherheitsforum"},"image":{"@id":"https:\/\/news.save.ch\/de\/#\/schema\/logo\/image\/"}},{"@type":"Person","@id":"https:\/\/news.save.ch\/de\/#\/schema\/person\/d49e199490bad7c70d64b9ab51142f2b","name":"admin","image":{"@type":"ImageObject","inLanguage":"de","@id":"https:\/\/secure.gravatar.com\/avatar\/ae2f4d718e6c49043e314ce431e7e645d646302a24a5ef5a8bc8e3f5a032e319?s=96&d=mm&r=g","url":"https:\/\/secure.gravatar.com\/avatar\/ae2f4d718e6c49043e314ce431e7e645d646302a24a5ef5a8bc8e3f5a032e319?s=96&d=mm&r=g","contentUrl":"https:\/\/secure.gravatar.com\/avatar\/ae2f4d718e6c49043e314ce431e7e645d646302a24a5ef5a8bc8e3f5a032e319?s=96&d=mm&r=g","caption":"admin"},"sameAs":["https:\/\/develop.organisator.galledia.ch"],"url":"https:\/\/news.save.ch\/de\/author\/admin\/"}]}},"_links":{"self":[{"href":"https:\/\/news.save.ch\/de\/wp-json\/wp\/v2\/posts\/2713","targetHints":{"allow":["GET"]}}],"collection":[{"href":"https:\/\/news.save.ch\/de\/wp-json\/wp\/v2\/posts"}],"about":[{"href":"https:\/\/news.save.ch\/de\/wp-json\/wp\/v2\/types\/post"}],"author":[{"embeddable":true,"href":"https:\/\/news.save.ch\/de\/wp-json\/wp\/v2\/users\/1"}],"replies":[{"embeddable":true,"href":"https:\/\/news.save.ch\/de\/wp-json\/wp\/v2\/comments?post=2713"}],"version-history":[{"count":0,"href":"https:\/\/news.save.ch\/de\/wp-json\/wp\/v2\/posts\/2713\/revisions"}],"wp:featuredmedia":[{"embeddable":true,"href":"https:\/\/news.save.ch\/de\/wp-json\/wp\/v2\/media\/2714"}],"wp:attachment":[{"href":"https:\/\/news.save.ch\/de\/wp-json\/wp\/v2\/media?parent=2713"}],"wp:term":[{"taxonomy":"category","embeddable":true,"href":"https:\/\/news.save.ch\/de\/wp-json\/wp\/v2\/categories?post=2713"},{"taxonomy":"post_tag","embeddable":true,"href":"https:\/\/news.save.ch\/de\/wp-json\/wp\/v2\/tags?post=2713"}],"curies":[{"name":"wp","href":"https:\/\/api.w.org\/{rel}","templated":true}]}}