{"id":2781,"date":"2015-07-14T17:15:28","date_gmt":"2015-07-14T15:15:28","guid":{"rendered":"https:\/\/dev.sicherheitsforum.ch\/?p=2781"},"modified":"2023-03-14T08:57:36","modified_gmt":"2023-03-14T07:57:36","slug":"datenschutz-privacy-by-design","status":null,"type":"post","link":"https:\/\/news.save.ch\/de\/datenschutz-privacy-by-design\/","title":{"rendered":"Datenschutz Privacy by Design"},"content":{"rendered":"<figure id=\"attachment_2783\" aria-describedby=\"caption-attachment-2783\" style=\"width: 680px\" class=\"wp-caption alignnone\"><a href=\"https:\/\/news.save.ch\/wp-content\/uploads\/2015\/07\/Datenschutz-Privacy-by-Design-sf-sicherheitsforum.png\"><img loading=\"lazy\" decoding=\"async\" class=\"size-medium wp-image-2783\" src=\"https:\/\/news.save.ch\/wp-content\/uploads\/2015\/07\/Datenschutz-Privacy-by-Design-sf-sicherheitsforum.png\" alt=\"\" width=\"680\" height=\"452\" srcset=\"https:\/\/news.save.ch\/wp-content\/uploads\/2015\/07\/Datenschutz-Privacy-by-Design-sf-sicherheitsforum.png 1103w, https:\/\/news.save.ch\/wp-content\/uploads\/2015\/07\/Datenschutz-Privacy-by-Design-sf-sicherheitsforum-375x249.png 375w\" sizes=\"auto, (max-width: 680px) 100vw, 680px\" \/><\/a><figcaption id=\"caption-attachment-2783\" class=\"wp-caption-text\">Datenschutz Privacy by Design<\/figcaption><\/figure>\n<p>Viele Unternehmen sehen Datenschutz\u00a0(Privacy) prim\u00e4r als juristisches\u00a0und organisatorisches Thema und w\u00e4hlen\u00a0einen Top-down-Ansatz, um Compliance\u00a0zu g\u00fcltigen Gesetzen zu erreichen.\u00a0Privacy by Design (PbD) hingegen geht\u00a0davon aus, dass Datenschutz nicht nachgelagert\u00a0durch Rechtsvorschriften gew\u00e4hrleistet\u00a0werden kann, sondern vor\u00a0allem\u00a0dort implementiert werden muss,\u00a0wo personenbezogene Daten gespeichert\u00a0und verarbeitet werden. Also dort, wohin\u00a0Top-down-Ans\u00e4tze h\u00e4ufig noch nicht\u00a0konsequent vordringen: im Produkt-\u00a0und\u00a0Softwaredesign.<\/p>\n<p><strong>Grundprinzipien von Privacy by\u00a0Design\u00a0<\/strong><\/p>\n<p>Das Konzept Privacy by Design wurde\u00a0massgeblich durch die kanadische Datenschutzbeauftragte\u00a0(Privacy Commissioner)\u00a0von Ontario, Dr. Ann Cavoukian,\u00a0beeinflusst\u00a0und entwickelt. Es zielt darauf\u00a0ab, Datenschutz zum \u00abStandardbetriebsmodus\u00a0\u00bb zu machen und so die Kontrolle\u00a0der Anwender \u00fcber ihre pers\u00f6nlichen\u00a0Daten\u00a0zu gew\u00e4hrleisten. Daf\u00fcr setzt PbD auf sieben Grundprinzipien, deren Umsetzung\u00a0auch der Eidgen\u00f6ssische Datenschutz-<br \/>\nund \u00d6ffentlichkeitsbeauftragte\u00a0Hanspeter Th\u00fcr fordert.<\/p>\n<figure id=\"attachment_2785\" aria-describedby=\"caption-attachment-2785\" style=\"width: 680px\" class=\"wp-caption alignnone\"><a href=\"https:\/\/news.save.ch\/wp-content\/uploads\/2015\/07\/Datenschutz-Privacy-by-Design-2-sf-sicherheitsforum.png\"><img loading=\"lazy\" decoding=\"async\" class=\"size-medium wp-image-2785\" src=\"https:\/\/news.save.ch\/wp-content\/uploads\/2015\/07\/Datenschutz-Privacy-by-Design-2-sf-sicherheitsforum.png\" alt=\"\" width=\"680\" height=\"499\" srcset=\"https:\/\/news.save.ch\/wp-content\/uploads\/2015\/07\/Datenschutz-Privacy-by-Design-2-sf-sicherheitsforum.png 728w, https:\/\/news.save.ch\/wp-content\/uploads\/2015\/07\/Datenschutz-Privacy-by-Design-2-sf-sicherheitsforum-375x275.png 375w\" sizes=\"auto, (max-width: 680px) 100vw, 680px\" \/><\/a><figcaption id=\"caption-attachment-2785\" class=\"wp-caption-text\">Privacy by Design zielt darauf ab, Datenschutz zum \u00abStandardbetriebsmodus\u00bb zu machen und so die Kontrolle der Anwender \u00fcber ihre pers\u00f6nlichen Daten zu gew\u00e4hrleisten.<\/figcaption><\/figure>\n<ul>\n<li><strong>Proactive, not reactive:<\/strong><\/li>\n<\/ul>\n<p>Belange\u00a0des Datenschutzes und der Datensicherheit\u00a0sind proaktiv und vorbeugend zu\u00a0realisieren\u00a0\u2013 also bereits bei der Planung\u00a0\u2013 und nicht erst dann, wenn Risiken bereits\u00a0aufgetreten sind oder gar erst nach\u00a0Vorf\u00e4llen oder Beschwerden. Damit verhindert\u00a0Privacy by Design, dass unumkehrbare\u00a0Fakten geschaffen werden.<\/p>\n<ul>\n<li><strong>Privacy as the Default Setting:<\/strong><\/li>\n<\/ul>\n<p>Um\u00a0einen maximalen Schutz der Privatsph\u00e4re\u00a0zu erreichen, sollen Einzelpersonen nicht\u00a0von sich aus aktiv werden m\u00fcssen. Vielmehr\u00a0m\u00fcssen Systeme standardm\u00e4ssig\u00a0so eingestellt sein, dass keine personenbezogenen\u00a0Daten ohne ausdr\u00fcckliche\u00a0Zustimmung\u00a0und entsprechende Schutzmassnahmen\u00a0verarbeitet werden.<\/p>\n<ul>\n<li><strong>Privacy embedded into Design:\u00a0<\/strong><\/li>\n<\/ul>\n<p>Indem Datenschutz bereits in das Design\u00a0und die Architektur von Produkten oder\u00a0Systemen eingebettet wird, erh\u00e4lt er den\u00a0Rang einer Kernfunktionalit\u00e4t \u2013 und\u00a0nicht den eines nachtr\u00e4glichen Add-ons.<\/p>\n<ul>\n<li><strong>Full Functionality \u2013 Positive-\u00a0Sum, not Zero-Sum:<\/strong><\/li>\n<\/ul>\n<p>Funktionalit\u00e4t und\u00a0Datenschutz sind kein Widerspruch. Vielmehr\u00a0setzt Privacy by Design darauf, durch\u00a0eine fr\u00fchzeitige, ganzheitliche Planung\u00a0sowohl den Schutz personenbezogener\u00a0Daten als auch volle Funktionalit\u00e4t\u00a0so weit\u00a0wie m\u00f6glich zu gew\u00e4hrleisten.<\/p>\n<ul>\n<li><strong>End-to-End-Security \u2013 Full\u00a0Lifecycle Protection:<\/strong><\/li>\n<\/ul>\n<p>Der Schutz personenbezogener\u00a0Daten erstreckt sich\u00a0\u00fcber ihren gesamten Lebenszyklus: von\u00a0der ersten Erfassung der Daten bis zur\u00a0L\u00f6schung.\u00a0An jeder Station im Prozess\u00a0m\u00fcssen geeignete Massnahmen f\u00fcr die\u00a0n\u00f6tige Sicherheit sorgen.<\/p>\n<ul>\n<li><strong>Visibility and transparency \u2013\u00a0Keep it open:<\/strong><\/li>\n<\/ul>\n<p>Offenheit und Kommunikation\u00a0sorgen f\u00fcr Sichtbarkeit und\u00a0Transparenz \u2013 und damit f\u00fcr die n\u00f6tige\u00a0\u00dcberpr\u00fcfbarkeit s\u00e4mtlicher an der Verarbeitung\u00a0personenbezogener Daten beteiligten\u00a0Systeme und Prozesse.<\/p>\n<ul>\n<li><strong>Respect for User Privacy \u2013 Keep it\u00a0User-Centric:<\/strong><\/li>\n<\/ul>\n<p>Datenschutzfreundliche\u00a0Voreinstellungen und User-freundliche\u00a0Optionen sorgen f\u00fcr eine nutzerzentrierte\u00a0Gestaltung. Der Benutzer bestimmt\u00a0selbst, wie seine Daten verarbeitet und\u00a0verwendet werden.<\/p>\n<figure id=\"attachment_2786\" aria-describedby=\"caption-attachment-2786\" style=\"width: 655px\" class=\"wp-caption alignnone\"><a href=\"https:\/\/news.save.ch\/wp-content\/uploads\/2015\/07\/Datenschutz-Privacy-by-Design-grundprinzipien-sf-sicherheitsforum.jpg\"><img loading=\"lazy\" decoding=\"async\" class=\"size-full wp-image-2786\" src=\"https:\/\/news.save.ch\/wp-content\/uploads\/2015\/07\/Datenschutz-Privacy-by-Design-grundprinzipien-sf-sicherheitsforum.jpg\" alt=\"\" width=\"655\" height=\"263\" srcset=\"https:\/\/news.save.ch\/wp-content\/uploads\/2015\/07\/Datenschutz-Privacy-by-Design-grundprinzipien-sf-sicherheitsforum.jpg 655w, https:\/\/news.save.ch\/wp-content\/uploads\/2015\/07\/Datenschutz-Privacy-by-Design-grundprinzipien-sf-sicherheitsforum-375x151.jpg 375w\" sizes=\"auto, (max-width: 655px) 100vw, 655px\" \/><\/a><figcaption id=\"caption-attachment-2786\" class=\"wp-caption-text\">Grundprinzipien von Privacy by Design<\/figcaption><\/figure>\n<p><strong>Konsequenzen<\/strong><\/p>\n<p>F\u00fcr die Entwicklung von Softwareanwendungen\u00a0und Systemen bedeuten\u00a0diese\u00a0Prinzipien, dass Datenschutz,\u00a0ebenso wie alle anderen funktionalen\u00a0und nicht funktionalen Anforderungen,\u00a0beispielsweise Qualit\u00e4t, Sicherheit und\u00a0Zuverl\u00e4ssigkeit, bereits bei der Anforderungsanalyse\u00a0und beim Design ber\u00fccksichtigt\u00a0werden muss. Das gilt nicht nur\u00a0f\u00fcr die Anwendungen und Systeme\u00a0selbst, sondern auch f\u00fcr Prozesse rund\u00a0um die Entwicklung und den Datentransfer.\u00a0Dabei sind personenbezogene Daten\u00a0sicher zu speichern und zu \u00fcbertragen.\u00a0Des Weiteren m\u00fcssen Rollen- und Rechtekonzepte\u00a0sowie Authentisierungsverfahren\u00a0so zugeschnitten werden, dass\u00a0Datenzugriff und Datennutzung nach den\u00a0Privacy-Richtlinien erfolgen. Ebenso\u00a0m\u00fcssen die Anforderungen der Richtlinien,\u00a0vor allem im Bezug auf Mitbestimmung\u00a0der Benutzer sowie hinsichtlich\u00a0der Transparenz, eingehalten werden.\u00a0Um dies sicherzustellen, sollte stets ein\u00a0Projektleiter oder Entwickler \u00fcber entsprechende\u00a0Expertise verf\u00fcgen.<\/p>\n<p><strong>Schutzbedarfsanalyse\u00a0<\/strong><\/p>\n<p>Eine Schutzbedarfsanalyse hilft festzustellen,\u00a0ob und welche personenbezogenen\u00a0Daten verarbeitet werden, und gibt\u00a0Auskunft \u00fcber den erforderlichen Grad\u00a0der Umsetzung von PbD. Beim Entwicklungsprozess\u00a0stehen vielf\u00e4ltige organisatorische\u00a0Massnahmen sowie\u00a0unterst\u00fctzende\u00a0Methoden und Technologien zur\u00a0Verf\u00fcgung: Verschl\u00fcsselung, Zugriffsund\u00a0Zugangskontrolle, Anonymisierung\u00a0und Pseudonymisierung, Datenvermeidung\u00a0und Datensparsamkeit sowie die\u00a0automatisierte Datenl\u00f6schung nach einer\u00a0vereinbarten Frist.<\/p>\n<p>Ansatzweise tr\u00e4gt beispielsweise der\u00a0Security Development Lifecycle (SDL)\u00a0Datenschutz- und PbD-Anforderungen\u00a0Rechnung. Im Rahmen dieses Entwicklungsprozesses\u00a0werden unter anderem die\u00a0Auswirkungen neuer Dienste und Produkte\u00a0auf die Privatsph\u00e4re der Nutzer bewertet.\u00a0Das entspricht den europ\u00e4ischen\u00a0Privacy-Impact-Assessment-(PIA)\u00a0Vorgaben.<\/p>\n<p><strong>Bestehende Systeme\u00a0<\/strong><\/p>\n<p>Bei bestehenden Systemen, die zun\u00e4chst\u00a0ohne Fokus auf Datenschutz entwickelt\u00a0wurden, kann Privacy by Redesign helfen.\u00a0Dabei sollten die vorhandenen Systeme,\u00a0Strategien und Prozesse \u00fcberpr\u00fcft und so\u00a0angepasst werden, dass sie den Anforderungen\u00a0an den Datenschutz entsprechen.<br \/>\nDas kann eine \u00c4nderung von Funktionalit\u00e4ten\u00a0innerhalb von Systemen bedeuten,\u00a0aber auch eine komplette Erneuerung der\u00a0Systeme durch eine IT-Transformation,\u00a0die Datenschutz als fundamentalen\u00a0Grundsatz integriert. Diese nachtr\u00e4gliche\u00a0Implementierung von Privacy by Design\u00a0kann jedoch je nach Systemdesign in\u00a0komplexen Umgebungen schwierig, wenn\u00a0nicht sogar unm\u00f6glich werden. Abh\u00e4ngigkeiten\u00a0und unflexible Datenstrukturen\u00a0k\u00f6nnen einen hohen Aufwand f\u00fcr Privacy\u00a0by Redesign bedeuten. Im Ernstfall kann\u00a0dies beispielsweise dazu f\u00fchren, dass das\u00a0komplette CRM-System eines Konzerns\u00a0ausgetauscht werden muss, weil die Daten\u00a0ehemaliger Kunden aus technischen\u00a0Gr\u00fcnden nicht gel\u00f6scht werden k\u00f6nnen.<\/p>\n<figure id=\"attachment_2788\" aria-describedby=\"caption-attachment-2788\" style=\"width: 680px\" class=\"wp-caption alignnone\"><a href=\"https:\/\/news.save.ch\/wp-content\/uploads\/2015\/07\/Datenschutz-Privacy-by-Design-schutzbedarfsanalyse-sf-sicherheitsforum.png\"><img loading=\"lazy\" decoding=\"async\" class=\"size-medium wp-image-2788\" src=\"https:\/\/news.save.ch\/wp-content\/uploads\/2015\/07\/Datenschutz-Privacy-by-Design-schutzbedarfsanalyse-sf-sicherheitsforum.png\" alt=\"\" width=\"680\" height=\"301\" srcset=\"https:\/\/news.save.ch\/wp-content\/uploads\/2015\/07\/Datenschutz-Privacy-by-Design-schutzbedarfsanalyse-sf-sicherheitsforum.png 1099w, https:\/\/news.save.ch\/wp-content\/uploads\/2015\/07\/Datenschutz-Privacy-by-Design-schutzbedarfsanalyse-sf-sicherheitsforum-375x166.png 375w\" sizes=\"auto, (max-width: 680px) 100vw, 680px\" \/><\/a><figcaption id=\"caption-attachment-2788\" class=\"wp-caption-text\">Eine Schutzbedarfsanalyse hilft festzustellen, ob und welche personenbezogenen Daten verarbeitet werden, und gibt Auskunft \u00fcber den erforderlichen Grad der Umsetzung von Privacy by Design.<\/figcaption><\/figure>\n<p><strong>Privacy by Design: bislang noch\u00a0wenig Verbreitung\u00a0<\/strong><\/p>\n<p>Privacy by Design ist \u00fcberall dort erforderlich,\u00a0wo personenbezogene Daten wie\u00a0Name, Adresse, Wohnort, E-Mail-Adresse,\u00a0Telefon, Bankverbindung, Aufenthaltsort,\u00a0IP-Adresse oder Gesundheitsdaten\u00a0gespeichert oder verarbeitet werden.\u00a0Dies geschieht nicht nur in den Systemen\u00a0von Unternehmen mit einer Vielzahl von\u00a0Kunden- oder Benutzerdaten, beispielsweise\u00a0bei Finanzdienstleistern, Versicherern,\u00a0Suchmaschinen und sozialen Netzwerken,\u00a0auch Smartphones und moderne\u00a0Autos verarbeiten mittlerweile eine Vielzahl\u00a0dieser Daten.<\/p>\n<p>Dennoch wird Privacy by Design\u00a0bislang\u00a0nur in wenigen Produkten und\u00a0Systemen konsequent umgesetzt. So verzichtet\u00a0beispielsweise die Suchmaschine\u00a0ixquick darauf, IP-Adressen von Benutzern\u00a0zu speichern. Einige Data-Warehouse-Systeme erm\u00f6glichen Data Mining\u00a0nicht bis auf Einzelperson-Ebene, sondern nur bis auf Cluster mit mehr als zehn\u00a0Personen und erlauben auch keinen\u00a0Export\u00a0von Listen mit Einzelpersonen.\u00a0Ein\u00a0weiteres Beispiel sind die sogenannten Bodyscanner\u00a0auf Flugh\u00e4fen:\u00a0Bis vor einiger\u00a0Zeit zeigten diese Ger\u00e4te h\u00e4ufig detaillierte\u00a0K\u00f6perkonturen und sogar Geschlechtsmerkmale.\u00a0Um die Privatsph\u00e4re der gescannten\u00a0Personen zu sch\u00fctzen, hat man\u00a0nun Systeme entwickelt,\u00a0die lediglich die\u00a0Position verd\u00e4chtiger Gegenst\u00e4nde am\u00a0K\u00f6rper anzeigen, ohne dass weitere Details\u00a0erkennbar sind. Die Zur\u00fcckhaltung beim\u00a0Thema Privacy by Design hat verschiedene\u00a0Gr\u00fcnde: Zum einen sind Datenschutz-Wissen und -Bewusstsein vielfach zwar in\u00a0der Datenschutz- oder Rechtsabteilung\u00a0vorhanden, nicht aber bei Managern, IT-Leitern\u00a0und Entwicklern \u2013 also dort, wo\u00a0prim\u00e4r mit den personenbezogen Daten\u00a0gearbeitet wird. Zudem legen viele Manager\u00a0keinen Wert auf Datenschutz, da er zun\u00e4chst\u00a0nur Aufwand und Kosten, aber keinen\u00a0kurzfristig ersichtlichen\u00a0Return on\u00a0Investment (ROI) mit sich bringt. Oftmals\u00a0wird Datenschutz auch nur auf dem Papier\u00a0betrieben oder Unternehmen versuchen,\u00a0die Verantwortung f\u00fcr Datenschutz auf\u00a0Kunden und Anwender zu \u00fcbertragen.\u00a0Zum anderen priorisieren Unternehmen\u00a0wirtschaftliche Vorteile durch die Auswertung\u00a0und Nutzung umfangreicher Personendaten\u00a0und w\u00fcrden auch die Strafzahlungen\u00a0in Kauf nehmen, die erhoben\u00a0werden, wenn Privacy by Design mit der\u00a0neuen EU-Datenschutz-Grundverordnung\u00a0zur Pflicht wird. Insbesondere datenanalysierende\u00a0Unternehmen wie Facebook\u00a0und Google sehen in Privacy by\u00a0Design eine Bedrohung ihres Gesch\u00e4ftsmodells.\u00a0M\u00fcssten sie PbD konsequent\u00a0umsetzen, w\u00e4ren zahlreiche Analysen zu\u00a0Werbezwecken nicht mehr ohne Weiteres\u00a0m\u00f6glich. Daher wehren sich diese Unternehmen\u00a0auch gegen den Vorschlag zur EUDatenschutz-Grundverordnung und betreiben\u00a0intensive Lobbyarbeit.<\/p>\n<figure id=\"attachment_2789\" aria-describedby=\"caption-attachment-2789\" style=\"width: 654px\" class=\"wp-caption alignnone\"><a href=\"https:\/\/news.save.ch\/wp-content\/uploads\/2015\/07\/Datenschutz-Privacy-by-Design-aus-sicht-der-unternehmen-sf-sicherheitsforum.jpg\"><img loading=\"lazy\" decoding=\"async\" class=\"size-full wp-image-2789\" src=\"https:\/\/news.save.ch\/wp-content\/uploads\/2015\/07\/Datenschutz-Privacy-by-Design-aus-sicht-der-unternehmen-sf-sicherheitsforum.jpg\" alt=\"\" width=\"654\" height=\"170\" srcset=\"https:\/\/news.save.ch\/wp-content\/uploads\/2015\/07\/Datenschutz-Privacy-by-Design-aus-sicht-der-unternehmen-sf-sicherheitsforum.jpg 654w, https:\/\/news.save.ch\/wp-content\/uploads\/2015\/07\/Datenschutz-Privacy-by-Design-aus-sicht-der-unternehmen-sf-sicherheitsforum-375x97.jpg 375w\" sizes=\"auto, (max-width: 654px) 100vw, 654px\" \/><\/a><figcaption id=\"caption-attachment-2789\" class=\"wp-caption-text\">Privacy by Design aus Sicht von Unternehmen<\/figcaption><\/figure>\n<p><strong>Chancen f\u00fcr Unternehmen\u00a0<\/strong><\/p>\n<p>Allein infolge von gesetzlichen Regelungen\u00a0und zunehmenden Compliance-Anforderungen wird das Thema Privacy\u00a0by Design jedoch weiterhin massiv an\u00a0Bedeutung\u00a0und Brisanz gewinnen. Langfristig\u00a0kann der Schutz personenbezogener\u00a0Daten zu einem echten Wettbewerbsvorteil\u00a0f\u00fcr Unternehmen werden,\u00a0weil Kunden und Anwender beginnen, Datenschutz-freundliche Produkte zu\u00a0fordern und Daten-sammelw\u00fctigen\u00a0Unternehmen\u00a0den R\u00fccken zuzukehren.\u00a0Wirksamer Datenschutz und PbD-Massnahmen\u00a0k\u00f6nnen hier dazu beitragen, das\u00a0Risiko von rufsch\u00e4digenden Datenschutzvorf\u00e4llen\u00a0deutlich zu reduzieren\u00a0und das Vertrauen der Kunden zu st\u00e4rken\u00a0\u2013 ein echter Wettbewerbsvorteil. Deshalb\u00a0gibt es f\u00fcr Unternehmen, die \u00abDatenschutzfreundliche\u00bb Produkte und Software\u00a0entwickeln m\u00f6chten, zu Privacy\u00a0by Design keine Alternativen.<\/p>\n","protected":false},"excerpt":{"rendered":"<p>Viele Unternehmen sehen Datenschutz\u00a0(Privacy) prim\u00e4r als juristisches\u00a0und organisatorisches Thema und w\u00e4hlen\u00a0einen Top-down-Ansatz, um Compliance\u00a0zu g\u00fcltigen Gesetzen zu erreichen.\u00a0Privacy by Design (PbD) hingegen geht\u00a0davon aus, dass Datenschutz nicht nachgelagert\u00a0durch Rechtsvorschriften gew\u00e4hrleistet\u00a0werden kann, sondern vor\u00a0allem\u00a0dort implementiert werden muss,\u00a0wo personenbezogene Daten gespeichert\u00a0und verarbeitet werden. Also dort, wohin\u00a0Top-down-Ans\u00e4tze h\u00e4ufig noch nicht\u00a0konsequent vordringen: im Produkt-\u00a0und\u00a0Softwaredesign. Grundprinzipien von Privacy by\u00a0Design\u00a0 Das [&hellip;]<\/p>\n","protected":false},"author":10,"featured_media":2783,"comment_status":"open","ping_status":"open","sticky":false,"template":"","format":"standard","meta":{"_acf_changed":false,"pgc_sgb_lightbox_settings":"","footnotes":""},"categories":[3313],"tags":[96,62],"class_list":["post-2781","post","type-post","status-publish","format-standard","has-post-thumbnail","hentry","category-digitalisierung","tag-cyber-crime","tag-ict-sicherheit"],"acf":[],"hkrextid":null,"publication":null,"issue":null,"workflow":null,"startPage":null,"spitzmarke":null,"_posts_by_tag_page_fields":{"widget_title":"","widget_tags":""},"_at_widget":"1","_yoast_wpseo_primary_category":"2","_yoast_wpseo_focuskw_text_input":"Datenschutz Privacy by Design","_yoast_wpseo_opengraph-image":"https:\/\/dev.sicherheitsforum.ch\/wp-content\/uploads\/2015\/07\/Datenschutz-Privacy-by-Design-sf-sicherheitsforum.png","_yoast_wpseo_opengraph-description":"Nicht erst seit PRISM & Co. ist Datenschutz in aller Munde. Bereits die rasante Entwicklung vernetzter mobiler Anwendungen, sozialer Netzwerke sowie von Cloud Computing und Business Intelligence verlangte nach neuen Konzepten zum Schutz personenbezogener Daten.","_yoast_wpseo_opengraph-title":"Datenschutz Privacy by Design","enclosure":null,"_yoast_wpseo_twitter-title":"Datenschutz Privacy by Design","_yoast_wpseo_twitter-description":"Nicht erst seit PRISM & Co. ist Datenschutz in aller Munde. Bereits die rasante Entwicklung vernetzter mobiler Anwendungen, sozialer Netzwerke sowie von Cloud Computing und Business Intelligence verlangte nach neuen Konzepten zum Schutz personenbezogener Daten.","_yoast_wpseo_twitter-image":"https:\/\/dev.sicherheitsforum.ch\/wp-content\/uploads\/2015\/07\/Datenschutz-Privacy-by-Design-sf-sicherheitsforum.png","_wp_old_slug":null,"_yoast_wpseo_title":null,"_yoast_wpseo_canonical":null,"yoast_head":"<!-- This site is optimized with the Yoast SEO plugin v27.5 - https:\/\/yoast.com\/product\/yoast-seo-wordpress\/ -->\n<title>Datenschutz Privacy by Design - Save<\/title>\n<meta name=\"description\" content=\"Nicht erst seit PRISM &amp; Co. ist Datenschutz in aller Munde. Bereits die rasante Entwicklung vernetzter mobiler Anwendungen, sozialer Netzwerke sowie von Cloud Computing und Business Intelligence verlangte nach neuen Konzepten zum Schutz personenbezogener Daten.\" \/>\n<meta name=\"robots\" content=\"index, follow, max-snippet:-1, max-image-preview:large, max-video-preview:-1\" \/>\n<link rel=\"canonical\" href=\"https:\/\/news.save.ch\/de\/datenschutz-privacy-by-design\/\" \/>\n<meta property=\"og:locale\" content=\"de_DE\" \/>\n<meta property=\"og:type\" content=\"article\" \/>\n<meta property=\"og:title\" content=\"Datenschutz Privacy by Design\" \/>\n<meta property=\"og:description\" content=\"Nicht erst seit PRISM &amp; Co. ist Datenschutz in aller Munde. Bereits die rasante Entwicklung vernetzter mobiler Anwendungen, sozialer Netzwerke sowie von Cloud Computing und Business Intelligence verlangte nach neuen Konzepten zum Schutz personenbezogener Daten.\" \/>\n<meta property=\"og:url\" content=\"https:\/\/news.save.ch\/de\/datenschutz-privacy-by-design\/\" \/>\n<meta property=\"og:site_name\" content=\"Save\" \/>\n<meta property=\"article:published_time\" content=\"2015-07-14T15:15:28+00:00\" \/>\n<meta property=\"article:modified_time\" content=\"2023-03-14T07:57:36+00:00\" \/>\n<meta property=\"og:image\" content=\"https:\/\/dev.sicherheitsforum.ch\/wp-content\/uploads\/2015\/07\/Datenschutz-Privacy-by-Design-sf-sicherheitsforum.png\" \/>\n<meta name=\"author\" content=\"galledia\" \/>\n<meta name=\"twitter:card\" content=\"summary_large_image\" \/>\n<meta name=\"twitter:title\" content=\"Datenschutz Privacy by Design\" \/>\n<meta name=\"twitter:description\" content=\"Nicht erst seit PRISM &amp; Co. ist Datenschutz in aller Munde. Bereits die rasante Entwicklung vernetzter mobiler Anwendungen, sozialer Netzwerke sowie von Cloud Computing und Business Intelligence verlangte nach neuen Konzepten zum Schutz personenbezogener Daten.\" \/>\n<meta name=\"twitter:image\" content=\"https:\/\/dev.sicherheitsforum.ch\/wp-content\/uploads\/2015\/07\/Datenschutz-Privacy-by-Design-sf-sicherheitsforum.png\" \/>\n<meta name=\"twitter:label1\" content=\"Geschrieben von\" \/>\n\t<meta name=\"twitter:data1\" content=\"galledia\" \/>\n\t<meta name=\"twitter:label2\" content=\"Gesch\u00e4tzte Lesezeit\" \/>\n\t<meta name=\"twitter:data2\" content=\"7\u00a0Minuten\" \/>\n<script type=\"application\/ld+json\" class=\"yoast-schema-graph\">{\"@context\":\"https:\\\/\\\/schema.org\",\"@graph\":[{\"@type\":\"Article\",\"@id\":\"https:\\\/\\\/news.save.ch\\\/datenschutz-privacy-by-design\\\/#article\",\"isPartOf\":{\"@id\":\"https:\\\/\\\/news.save.ch\\\/datenschutz-privacy-by-design\\\/\"},\"author\":{\"name\":\"galledia\",\"@id\":\"https:\\\/\\\/news.save.ch\\\/de\\\/#\\\/schema\\\/person\\\/af1b2481d0ee02dd880e616f4534d788\"},\"headline\":\"Datenschutz Privacy by Design\",\"datePublished\":\"2015-07-14T15:15:28+00:00\",\"dateModified\":\"2023-03-14T07:57:36+00:00\",\"mainEntityOfPage\":{\"@id\":\"https:\\\/\\\/news.save.ch\\\/datenschutz-privacy-by-design\\\/\"},\"wordCount\":1354,\"commentCount\":0,\"publisher\":{\"@id\":\"https:\\\/\\\/news.save.ch\\\/de\\\/#organization\"},\"image\":{\"@id\":\"https:\\\/\\\/news.save.ch\\\/datenschutz-privacy-by-design\\\/#primaryimage\"},\"thumbnailUrl\":\"https:\\\/\\\/news.save.ch\\\/wp-content\\\/uploads\\\/2015\\\/07\\\/Datenschutz-Privacy-by-Design-sf-sicherheitsforum.png\",\"keywords\":[\"Cyber-Crime\",\"ICT-Sicherheit\"],\"articleSection\":[\"DIGITALISIERUNG\"],\"inLanguage\":\"de\"},{\"@type\":\"WebPage\",\"@id\":\"https:\\\/\\\/news.save.ch\\\/datenschutz-privacy-by-design\\\/\",\"url\":\"https:\\\/\\\/news.save.ch\\\/datenschutz-privacy-by-design\\\/\",\"name\":\"Datenschutz Privacy by Design - Save\",\"isPartOf\":{\"@id\":\"https:\\\/\\\/news.save.ch\\\/de\\\/#website\"},\"primaryImageOfPage\":{\"@id\":\"https:\\\/\\\/news.save.ch\\\/datenschutz-privacy-by-design\\\/#primaryimage\"},\"image\":{\"@id\":\"https:\\\/\\\/news.save.ch\\\/datenschutz-privacy-by-design\\\/#primaryimage\"},\"thumbnailUrl\":\"https:\\\/\\\/news.save.ch\\\/wp-content\\\/uploads\\\/2015\\\/07\\\/Datenschutz-Privacy-by-Design-sf-sicherheitsforum.png\",\"datePublished\":\"2015-07-14T15:15:28+00:00\",\"dateModified\":\"2023-03-14T07:57:36+00:00\",\"description\":\"Nicht erst seit PRISM & Co. ist Datenschutz in aller Munde. Bereits die rasante Entwicklung vernetzter mobiler Anwendungen, sozialer Netzwerke sowie von Cloud Computing und Business Intelligence verlangte nach neuen Konzepten zum Schutz personenbezogener Daten.\",\"breadcrumb\":{\"@id\":\"https:\\\/\\\/news.save.ch\\\/datenschutz-privacy-by-design\\\/#breadcrumb\"},\"inLanguage\":\"de\",\"potentialAction\":[{\"@type\":\"ReadAction\",\"target\":[\"https:\\\/\\\/news.save.ch\\\/datenschutz-privacy-by-design\\\/\"]}]},{\"@type\":\"ImageObject\",\"inLanguage\":\"de\",\"@id\":\"https:\\\/\\\/news.save.ch\\\/datenschutz-privacy-by-design\\\/#primaryimage\",\"url\":\"https:\\\/\\\/news.save.ch\\\/wp-content\\\/uploads\\\/2015\\\/07\\\/Datenschutz-Privacy-by-Design-sf-sicherheitsforum.png\",\"contentUrl\":\"https:\\\/\\\/news.save.ch\\\/wp-content\\\/uploads\\\/2015\\\/07\\\/Datenschutz-Privacy-by-Design-sf-sicherheitsforum.png\",\"width\":1103,\"height\":733,\"caption\":\"Datenschutz Privacy by Design\"},{\"@type\":\"BreadcrumbList\",\"@id\":\"https:\\\/\\\/news.save.ch\\\/datenschutz-privacy-by-design\\\/#breadcrumb\",\"itemListElement\":[{\"@type\":\"ListItem\",\"position\":1,\"name\":\"Home\",\"item\":\"https:\\\/\\\/news.save.ch\\\/de\\\/\"},{\"@type\":\"ListItem\",\"position\":2,\"name\":\"Datenschutz Privacy by Design\"}]},{\"@type\":\"WebSite\",\"@id\":\"https:\\\/\\\/news.save.ch\\\/de\\\/#website\",\"url\":\"https:\\\/\\\/news.save.ch\\\/de\\\/\",\"name\":\"Save\",\"description\":\"Schweizer Fachzeitschrift f\u00fcr Sicherheit\",\"publisher\":{\"@id\":\"https:\\\/\\\/news.save.ch\\\/de\\\/#organization\"},\"potentialAction\":[{\"@type\":\"SearchAction\",\"target\":{\"@type\":\"EntryPoint\",\"urlTemplate\":\"https:\\\/\\\/news.save.ch\\\/de\\\/?s={search_term_string}\"},\"query-input\":{\"@type\":\"PropertyValueSpecification\",\"valueRequired\":true,\"valueName\":\"search_term_string\"}}],\"inLanguage\":\"de\"},{\"@type\":\"Organization\",\"@id\":\"https:\\\/\\\/news.save.ch\\\/de\\\/#organization\",\"name\":\"Sicherheitsforum\",\"url\":\"https:\\\/\\\/news.save.ch\\\/de\\\/\",\"logo\":{\"@type\":\"ImageObject\",\"inLanguage\":\"de\",\"@id\":\"https:\\\/\\\/news.save.ch\\\/de\\\/#\\\/schema\\\/logo\\\/image\\\/\",\"url\":\"https:\\\/\\\/news.save.ch\\\/wp-content\\\/uploads\\\/2022\\\/06\\\/Logo_SF_2012.png\",\"contentUrl\":\"https:\\\/\\\/news.save.ch\\\/wp-content\\\/uploads\\\/2022\\\/06\\\/Logo_SF_2012.png\",\"width\":1100,\"height\":91,\"caption\":\"Sicherheitsforum\"},\"image\":{\"@id\":\"https:\\\/\\\/news.save.ch\\\/de\\\/#\\\/schema\\\/logo\\\/image\\\/\"}},{\"@type\":\"Person\",\"@id\":\"https:\\\/\\\/news.save.ch\\\/de\\\/#\\\/schema\\\/person\\\/af1b2481d0ee02dd880e616f4534d788\",\"name\":\"galledia\",\"image\":{\"@type\":\"ImageObject\",\"inLanguage\":\"de\",\"@id\":\"https:\\\/\\\/secure.gravatar.com\\\/avatar\\\/9baa80b63641d54c66fff920086eecab2c9e64c67a448c886b8c6c946e57f4c4?s=96&d=mm&r=g\",\"url\":\"https:\\\/\\\/secure.gravatar.com\\\/avatar\\\/9baa80b63641d54c66fff920086eecab2c9e64c67a448c886b8c6c946e57f4c4?s=96&d=mm&r=g\",\"contentUrl\":\"https:\\\/\\\/secure.gravatar.com\\\/avatar\\\/9baa80b63641d54c66fff920086eecab2c9e64c67a448c886b8c6c946e57f4c4?s=96&d=mm&r=g\",\"caption\":\"galledia\"},\"url\":\"https:\\\/\\\/news.save.ch\\\/de\\\/author\\\/galledia\\\/\"}]}<\/script>\n<!-- \/ Yoast SEO plugin. -->","yoast_head_json":{"title":"Datenschutz Privacy by Design - Save","description":"Nicht erst seit PRISM & Co. ist Datenschutz in aller Munde. Bereits die rasante Entwicklung vernetzter mobiler Anwendungen, sozialer Netzwerke sowie von Cloud Computing und Business Intelligence verlangte nach neuen Konzepten zum Schutz personenbezogener Daten.","robots":{"index":"index","follow":"follow","max-snippet":"max-snippet:-1","max-image-preview":"max-image-preview:large","max-video-preview":"max-video-preview:-1"},"canonical":"https:\/\/news.save.ch\/de\/datenschutz-privacy-by-design\/","og_locale":"de_DE","og_type":"article","og_title":"Datenschutz Privacy by Design","og_description":"Nicht erst seit PRISM & Co. ist Datenschutz in aller Munde. Bereits die rasante Entwicklung vernetzter mobiler Anwendungen, sozialer Netzwerke sowie von Cloud Computing und Business Intelligence verlangte nach neuen Konzepten zum Schutz personenbezogener Daten.","og_url":"https:\/\/news.save.ch\/de\/datenschutz-privacy-by-design\/","og_site_name":"Save","article_published_time":"2015-07-14T15:15:28+00:00","article_modified_time":"2023-03-14T07:57:36+00:00","og_image":[{"url":"https:\/\/dev.sicherheitsforum.ch\/wp-content\/uploads\/2015\/07\/Datenschutz-Privacy-by-Design-sf-sicherheitsforum.png","type":"","width":"","height":""}],"author":"galledia","twitter_card":"summary_large_image","twitter_title":"Datenschutz Privacy by Design","twitter_description":"Nicht erst seit PRISM & Co. ist Datenschutz in aller Munde. Bereits die rasante Entwicklung vernetzter mobiler Anwendungen, sozialer Netzwerke sowie von Cloud Computing und Business Intelligence verlangte nach neuen Konzepten zum Schutz personenbezogener Daten.","twitter_image":"https:\/\/dev.sicherheitsforum.ch\/wp-content\/uploads\/2015\/07\/Datenschutz-Privacy-by-Design-sf-sicherheitsforum.png","twitter_misc":{"Geschrieben von":"galledia","Gesch\u00e4tzte Lesezeit":"7\u00a0Minuten"},"schema":{"@context":"https:\/\/schema.org","@graph":[{"@type":"Article","@id":"https:\/\/news.save.ch\/datenschutz-privacy-by-design\/#article","isPartOf":{"@id":"https:\/\/news.save.ch\/datenschutz-privacy-by-design\/"},"author":{"name":"galledia","@id":"https:\/\/news.save.ch\/de\/#\/schema\/person\/af1b2481d0ee02dd880e616f4534d788"},"headline":"Datenschutz Privacy by Design","datePublished":"2015-07-14T15:15:28+00:00","dateModified":"2023-03-14T07:57:36+00:00","mainEntityOfPage":{"@id":"https:\/\/news.save.ch\/datenschutz-privacy-by-design\/"},"wordCount":1354,"commentCount":0,"publisher":{"@id":"https:\/\/news.save.ch\/de\/#organization"},"image":{"@id":"https:\/\/news.save.ch\/datenschutz-privacy-by-design\/#primaryimage"},"thumbnailUrl":"https:\/\/news.save.ch\/wp-content\/uploads\/2015\/07\/Datenschutz-Privacy-by-Design-sf-sicherheitsforum.png","keywords":["Cyber-Crime","ICT-Sicherheit"],"articleSection":["DIGITALISIERUNG"],"inLanguage":"de"},{"@type":"WebPage","@id":"https:\/\/news.save.ch\/datenschutz-privacy-by-design\/","url":"https:\/\/news.save.ch\/datenschutz-privacy-by-design\/","name":"Datenschutz Privacy by Design - Save","isPartOf":{"@id":"https:\/\/news.save.ch\/de\/#website"},"primaryImageOfPage":{"@id":"https:\/\/news.save.ch\/datenschutz-privacy-by-design\/#primaryimage"},"image":{"@id":"https:\/\/news.save.ch\/datenschutz-privacy-by-design\/#primaryimage"},"thumbnailUrl":"https:\/\/news.save.ch\/wp-content\/uploads\/2015\/07\/Datenschutz-Privacy-by-Design-sf-sicherheitsforum.png","datePublished":"2015-07-14T15:15:28+00:00","dateModified":"2023-03-14T07:57:36+00:00","description":"Nicht erst seit PRISM & Co. ist Datenschutz in aller Munde. Bereits die rasante Entwicklung vernetzter mobiler Anwendungen, sozialer Netzwerke sowie von Cloud Computing und Business Intelligence verlangte nach neuen Konzepten zum Schutz personenbezogener Daten.","breadcrumb":{"@id":"https:\/\/news.save.ch\/datenschutz-privacy-by-design\/#breadcrumb"},"inLanguage":"de","potentialAction":[{"@type":"ReadAction","target":["https:\/\/news.save.ch\/datenschutz-privacy-by-design\/"]}]},{"@type":"ImageObject","inLanguage":"de","@id":"https:\/\/news.save.ch\/datenschutz-privacy-by-design\/#primaryimage","url":"https:\/\/news.save.ch\/wp-content\/uploads\/2015\/07\/Datenschutz-Privacy-by-Design-sf-sicherheitsforum.png","contentUrl":"https:\/\/news.save.ch\/wp-content\/uploads\/2015\/07\/Datenschutz-Privacy-by-Design-sf-sicherheitsforum.png","width":1103,"height":733,"caption":"Datenschutz Privacy by Design"},{"@type":"BreadcrumbList","@id":"https:\/\/news.save.ch\/datenschutz-privacy-by-design\/#breadcrumb","itemListElement":[{"@type":"ListItem","position":1,"name":"Home","item":"https:\/\/news.save.ch\/de\/"},{"@type":"ListItem","position":2,"name":"Datenschutz Privacy by Design"}]},{"@type":"WebSite","@id":"https:\/\/news.save.ch\/de\/#website","url":"https:\/\/news.save.ch\/de\/","name":"Save","description":"Schweizer Fachzeitschrift f\u00fcr Sicherheit","publisher":{"@id":"https:\/\/news.save.ch\/de\/#organization"},"potentialAction":[{"@type":"SearchAction","target":{"@type":"EntryPoint","urlTemplate":"https:\/\/news.save.ch\/de\/?s={search_term_string}"},"query-input":{"@type":"PropertyValueSpecification","valueRequired":true,"valueName":"search_term_string"}}],"inLanguage":"de"},{"@type":"Organization","@id":"https:\/\/news.save.ch\/de\/#organization","name":"Sicherheitsforum","url":"https:\/\/news.save.ch\/de\/","logo":{"@type":"ImageObject","inLanguage":"de","@id":"https:\/\/news.save.ch\/de\/#\/schema\/logo\/image\/","url":"https:\/\/news.save.ch\/wp-content\/uploads\/2022\/06\/Logo_SF_2012.png","contentUrl":"https:\/\/news.save.ch\/wp-content\/uploads\/2022\/06\/Logo_SF_2012.png","width":1100,"height":91,"caption":"Sicherheitsforum"},"image":{"@id":"https:\/\/news.save.ch\/de\/#\/schema\/logo\/image\/"}},{"@type":"Person","@id":"https:\/\/news.save.ch\/de\/#\/schema\/person\/af1b2481d0ee02dd880e616f4534d788","name":"galledia","image":{"@type":"ImageObject","inLanguage":"de","@id":"https:\/\/secure.gravatar.com\/avatar\/9baa80b63641d54c66fff920086eecab2c9e64c67a448c886b8c6c946e57f4c4?s=96&d=mm&r=g","url":"https:\/\/secure.gravatar.com\/avatar\/9baa80b63641d54c66fff920086eecab2c9e64c67a448c886b8c6c946e57f4c4?s=96&d=mm&r=g","contentUrl":"https:\/\/secure.gravatar.com\/avatar\/9baa80b63641d54c66fff920086eecab2c9e64c67a448c886b8c6c946e57f4c4?s=96&d=mm&r=g","caption":"galledia"},"url":"https:\/\/news.save.ch\/de\/author\/galledia\/"}]}},"_links":{"self":[{"href":"https:\/\/news.save.ch\/de\/wp-json\/wp\/v2\/posts\/2781","targetHints":{"allow":["GET"]}}],"collection":[{"href":"https:\/\/news.save.ch\/de\/wp-json\/wp\/v2\/posts"}],"about":[{"href":"https:\/\/news.save.ch\/de\/wp-json\/wp\/v2\/types\/post"}],"author":[{"embeddable":true,"href":"https:\/\/news.save.ch\/de\/wp-json\/wp\/v2\/users\/10"}],"replies":[{"embeddable":true,"href":"https:\/\/news.save.ch\/de\/wp-json\/wp\/v2\/comments?post=2781"}],"version-history":[{"count":1,"href":"https:\/\/news.save.ch\/de\/wp-json\/wp\/v2\/posts\/2781\/revisions"}],"predecessor-version":[{"id":17759,"href":"https:\/\/news.save.ch\/de\/wp-json\/wp\/v2\/posts\/2781\/revisions\/17759"}],"wp:featuredmedia":[{"embeddable":true,"href":"https:\/\/news.save.ch\/de\/wp-json\/wp\/v2\/media\/2783"}],"wp:attachment":[{"href":"https:\/\/news.save.ch\/de\/wp-json\/wp\/v2\/media?parent=2781"}],"wp:term":[{"taxonomy":"category","embeddable":true,"href":"https:\/\/news.save.ch\/de\/wp-json\/wp\/v2\/categories?post=2781"},{"taxonomy":"post_tag","embeddable":true,"href":"https:\/\/news.save.ch\/de\/wp-json\/wp\/v2\/tags?post=2781"}],"curies":[{"name":"wp","href":"https:\/\/api.w.org\/{rel}","templated":true}]}}