{"id":2828,"date":"2016-04-08T08:15:40","date_gmt":"2016-04-08T06:15:40","guid":{"rendered":"https:\/\/dev.sicherheitsforum.ch\/?p=2828"},"modified":"2016-04-08T08:15:40","modified_gmt":"2016-04-08T06:15:40","slug":"vanderbilt-fuehrungsteam-verstaerkt","status":null,"type":"post","link":"https:\/\/news.save.ch\/de\/vanderbilt-fuehrungsteam-verstaerkt\/","title":{"rendered":"Vanderbilt: F\u00fchrungsteam verst\u00e4rkt"},"content":{"rendered":"<div id='gallery-1' class='gallery galleryid-2828 gallery-columns-3 gallery-size-thumbnail'><figure class='gallery-item'>\n\t\t\t<div class='gallery-icon portrait'>\n\t\t\t\t<a href='https:\/\/news.save.ch\/de\/vanderbilt-fuehrungsteam-verstaerkt\/vanderbilt-fuehrungsteam-verstaerkt1_sicherheitsforum\/'><img loading=\"lazy\" decoding=\"async\" width=\"113\" height=\"150\" src=\"https:\/\/news.save.ch\/wp-content\/uploads\/2016\/12\/Vanderbilt-Fuehrungsteam-verstaerkt1_sicherheitsforum-scaled-1-scaled.jpg\" class=\"attachment-thumbnail size-thumbnail\" alt=\"\" srcset=\"https:\/\/news.save.ch\/wp-content\/uploads\/2016\/12\/Vanderbilt-Fuehrungsteam-verstaerkt1_sicherheitsforum-scaled-1-scaled.jpg 1050w, https:\/\/news.save.ch\/wp-content\/uploads\/2016\/12\/Vanderbilt-Fuehrungsteam-verstaerkt1_sicherheitsforum-scaled-1-225x300.jpg 225w\" sizes=\"auto, (max-width: 113px) 100vw, 113px\" \/><\/a>\n\t\t\t<\/div><\/figure><figure class='gallery-item'>\n\t\t\t<div class='gallery-icon portrait'>\n\t\t\t\t<a href='https:\/\/news.save.ch\/de\/vanderbilt-fuehrungsteam-verstaerkt\/vanderbilt-fuehrungsteam-verstaerkt2_sicherheitsforum\/'><img loading=\"lazy\" decoding=\"async\" width=\"100\" height=\"150\" src=\"https:\/\/news.save.ch\/wp-content\/uploads\/2016\/12\/Vanderbilt-Fuehrungsteam-verstaerkt2_sicherheitsforum-scaled-1-scaled.jpg\" class=\"attachment-thumbnail size-thumbnail\" alt=\"\" srcset=\"https:\/\/news.save.ch\/wp-content\/uploads\/2016\/12\/Vanderbilt-Fuehrungsteam-verstaerkt2_sicherheitsforum-scaled-1-scaled.jpg 934w, https:\/\/news.save.ch\/wp-content\/uploads\/2016\/12\/Vanderbilt-Fuehrungsteam-verstaerkt2_sicherheitsforum-scaled-1-200x300.jpg 200w\" sizes=\"auto, (max-width: 100px) 100vw, 100px\" \/><\/a>\n\t\t\t<\/div><\/figure><figure class='gallery-item'>\n\t\t\t<div class='gallery-icon portrait'>\n\t\t\t\t<a href='https:\/\/news.save.ch\/de\/vanderbilt-fuehrungsteam-verstaerkt\/vanderbilt-fuehrungsteam-verstaerkt3_sicherheitsforum\/'><img loading=\"lazy\" decoding=\"async\" width=\"100\" height=\"150\" src=\"https:\/\/news.save.ch\/wp-content\/uploads\/2016\/12\/Vanderbilt-Fuehrungsteam-verstaerkt3_sicherheitsforum-scaled-1-scaled.jpg\" class=\"attachment-thumbnail size-thumbnail\" alt=\"\" srcset=\"https:\/\/news.save.ch\/wp-content\/uploads\/2016\/12\/Vanderbilt-Fuehrungsteam-verstaerkt3_sicherheitsforum-scaled-1-scaled.jpg 934w, https:\/\/news.save.ch\/wp-content\/uploads\/2016\/12\/Vanderbilt-Fuehrungsteam-verstaerkt3_sicherheitsforum-scaled-1-200x300.jpg 200w\" sizes=\"auto, (max-width: 100px) 100vw, 100px\" \/><\/a>\n\t\t\t<\/div><\/figure>\n\t\t<\/div>\n\n<p>Kim Loy<\/p>\n<p>Als neuer Director of Marketing verf\u00fcgt Kim Loy \u00fcber mehr als 20 Jahre Branchen-, Marketing- und Managementerfahrung, die sie sich in einer Reihe von F\u00fchrungspositionen bei einigen der gr\u00f6ssten Unternehmen der Sicherheitsindustrie erworben hat, wie <a href=\"https:\/\/www.vanderbiltindustries.com\" target=\"_blank\" data-cke-saved-href=\"https:\/\/www.vanderbiltindustries.com\" rel=\"noopener\">Vanderbilt <\/a>schreibt. Sie geh\u00f6re auch dem Verwaltungsrat der US-amerikanischen Security Industry Association (SIA) an und leitete deren Access Control Industry Group.<\/p>\n<p>Die von Irland aus t\u00e4tige Kim Loy werde sowohl Vanderbilts globalen Marketing- und Lead-Generierungsprozess \u00fcberwachen als auch strategische Marketingaktivit\u00e4ten f\u00fchren und sich mit der Entwicklung technologischer Partnerschaften befassen, um die Pr\u00e4senz des Unternehmens auszubauen.<\/p>\n<p>Eric Widlitz, Vice President of Sales, ist neu f\u00fcr das Management des North American Sales Teams verantwortlich. Er werde ferner mit bestehenden Channel-Partnern zusammenarbeiten und die Technologie- und Integrationsbeziehungen zu unterversorgten Gebieten ausbauen, schreibt Vanderbilt.<\/p>\n","protected":false},"excerpt":{"rendered":"<p>Kim Loy Als neuer Director of Marketing verf\u00fcgt Kim Loy \u00fcber mehr als 20 Jahre Branchen-, Marketing- und Managementerfahrung, die sie sich in einer Reihe von F\u00fchrungspositionen bei einigen der gr\u00f6ssten Unternehmen der Sicherheitsindustrie erworben hat, wie Vanderbilt schreibt. Sie geh\u00f6re auch dem Verwaltungsrat der US-amerikanischen Security Industry Association (SIA) an und leitete deren Access [&hellip;]<\/p>\n","protected":false},"author":1,"featured_media":2831,"comment_status":"open","ping_status":"open","sticky":false,"template":"","format":"standard","meta":{"_acf_changed":false,"pgc_sgb_lightbox_settings":"","footnotes":""},"categories":[1],"tags":[65],"class_list":["post-2828","post","type-post","status-publish","format-standard","has-post-thumbnail","hentry","category-allgemein","tag-unternehmen"],"acf":[],"hkrextid":null,"publication":null,"issue":null,"workflow":null,"startPage":null,"spitzmarke":null,"_posts_by_tag_page_fields":{"widget_title":"","widget_tags":""},"_at_widget":"1","_yoast_wpseo_primary_category":"","_yoast_wpseo_focuskw_text_input":"F\u00fchrungsteam verst\u00e4rkt","_yoast_wpseo_opengraph-image":"https:\/\/news.save.ch\/wp-content\/uploads\/2016\/12\/Vanderbilt-F\u00fchrungsteam-verst\u00e4rkt1_sicherheitsforum.jpg","_yoast_wpseo_opengraph-description":"Die im Sicherheitsgesch\u00e4ft t\u00e4tige Vanderbilt hat ihr globales F\u00fchrungsteam verst\u00e4rkt. Dies erfolgte vor dem Hintergrund der k\u00fcrzlichen Ernennung von Glen Greer zum Director of Product Lines.","_yoast_wpseo_opengraph-title":"Vanderbilt: F\u00fchrungsteam verst\u00e4rkt","enclosure":null,"_yoast_wpseo_twitter-title":null,"_yoast_wpseo_twitter-description":null,"_yoast_wpseo_twitter-image":null,"_wp_old_slug":null,"_yoast_wpseo_title":null,"_yoast_wpseo_canonical":null,"yoast_head":"<!-- This site is optimized with the Yoast SEO plugin v27.5 - https:\/\/yoast.com\/product\/yoast-seo-wordpress\/ -->\n<title>Vanderbilt: F\u00fchrungsteam verst\u00e4rkt - Save<\/title>\n<meta name=\"description\" content=\"Die Vanderbilt hat ihr globales F\u00fchrungsteam verst\u00e4rkt. Dies erfolgte vor dem Hintergrund der Ernennung von Glen Greer zum Director of Product Lines.\" \/>\n<meta name=\"robots\" content=\"index, follow, max-snippet:-1, max-image-preview:large, max-video-preview:-1\" \/>\n<link rel=\"canonical\" href=\"https:\/\/news.save.ch\/de\/vanderbilt-fuehrungsteam-verstaerkt\/\" \/>\n<meta property=\"og:locale\" content=\"de_DE\" \/>\n<meta property=\"og:type\" content=\"article\" \/>\n<meta property=\"og:title\" content=\"Vanderbilt: F\u00fchrungsteam verst\u00e4rkt\" \/>\n<meta property=\"og:description\" content=\"Die im Sicherheitsgesch\u00e4ft t\u00e4tige Vanderbilt hat ihr globales F\u00fchrungsteam verst\u00e4rkt. Dies erfolgte vor dem Hintergrund der k\u00fcrzlichen Ernennung von Glen Greer zum Director of Product Lines.\" \/>\n<meta property=\"og:url\" content=\"https:\/\/news.save.ch\/de\/vanderbilt-fuehrungsteam-verstaerkt\/\" \/>\n<meta property=\"og:site_name\" content=\"Save\" \/>\n<meta property=\"article:published_time\" content=\"2016-04-08T06:15:40+00:00\" \/>\n<meta property=\"og:image\" content=\"https:\/\/news.save.ch\/wp-content\/uploads\/2016\/12\/Vanderbilt-F\u00fchrungsteam-verst\u00e4rkt1_sicherheitsforum.jpg\" \/>\n<meta name=\"author\" content=\"admin\" \/>\n<meta name=\"twitter:card\" content=\"summary_large_image\" \/>\n<meta name=\"twitter:label1\" content=\"Geschrieben von\" \/>\n\t<meta name=\"twitter:data1\" content=\"admin\" \/>\n\t<meta name=\"twitter:label2\" content=\"Gesch\u00e4tzte Lesezeit\" \/>\n\t<meta name=\"twitter:data2\" content=\"1\u00a0Minute\" \/>\n<script type=\"application\/ld+json\" class=\"yoast-schema-graph\">{\"@context\":\"https:\\\/\\\/schema.org\",\"@graph\":[{\"@type\":\"Article\",\"@id\":\"https:\\\/\\\/news.save.ch\\\/vanderbilt-fuehrungsteam-verstaerkt\\\/#article\",\"isPartOf\":{\"@id\":\"https:\\\/\\\/news.save.ch\\\/vanderbilt-fuehrungsteam-verstaerkt\\\/\"},\"author\":{\"name\":\"admin\",\"@id\":\"https:\\\/\\\/news.save.ch\\\/de\\\/#\\\/schema\\\/person\\\/d49e199490bad7c70d64b9ab51142f2b\"},\"headline\":\"Vanderbilt: F\u00fchrungsteam verst\u00e4rkt\",\"datePublished\":\"2016-04-08T06:15:40+00:00\",\"mainEntityOfPage\":{\"@id\":\"https:\\\/\\\/news.save.ch\\\/vanderbilt-fuehrungsteam-verstaerkt\\\/\"},\"wordCount\":142,\"commentCount\":0,\"publisher\":{\"@id\":\"https:\\\/\\\/news.save.ch\\\/de\\\/#organization\"},\"image\":{\"@id\":\"https:\\\/\\\/news.save.ch\\\/vanderbilt-fuehrungsteam-verstaerkt\\\/#primaryimage\"},\"thumbnailUrl\":\"https:\\\/\\\/news.save.ch\\\/wp-content\\\/uploads\\\/2016\\\/12\\\/Vanderbilt-Fuehrungsteam-verstaerkt1_sicherheitsforum-scaled-1-scaled.jpg\",\"keywords\":[\"Unternehmen\"],\"articleSection\":[\"ALLGEMEIN\"],\"inLanguage\":\"de\"},{\"@type\":\"WebPage\",\"@id\":\"https:\\\/\\\/news.save.ch\\\/vanderbilt-fuehrungsteam-verstaerkt\\\/\",\"url\":\"https:\\\/\\\/news.save.ch\\\/vanderbilt-fuehrungsteam-verstaerkt\\\/\",\"name\":\"Vanderbilt: F\u00fchrungsteam verst\u00e4rkt - Save\",\"isPartOf\":{\"@id\":\"https:\\\/\\\/news.save.ch\\\/de\\\/#website\"},\"primaryImageOfPage\":{\"@id\":\"https:\\\/\\\/news.save.ch\\\/vanderbilt-fuehrungsteam-verstaerkt\\\/#primaryimage\"},\"image\":{\"@id\":\"https:\\\/\\\/news.save.ch\\\/vanderbilt-fuehrungsteam-verstaerkt\\\/#primaryimage\"},\"thumbnailUrl\":\"https:\\\/\\\/news.save.ch\\\/wp-content\\\/uploads\\\/2016\\\/12\\\/Vanderbilt-Fuehrungsteam-verstaerkt1_sicherheitsforum-scaled-1-scaled.jpg\",\"datePublished\":\"2016-04-08T06:15:40+00:00\",\"description\":\"Die Vanderbilt hat ihr globales F\u00fchrungsteam verst\u00e4rkt. Dies erfolgte vor dem Hintergrund der Ernennung von Glen Greer zum Director of Product Lines.\",\"breadcrumb\":{\"@id\":\"https:\\\/\\\/news.save.ch\\\/vanderbilt-fuehrungsteam-verstaerkt\\\/#breadcrumb\"},\"inLanguage\":\"de\",\"potentialAction\":[{\"@type\":\"ReadAction\",\"target\":[\"https:\\\/\\\/news.save.ch\\\/vanderbilt-fuehrungsteam-verstaerkt\\\/\"]}]},{\"@type\":\"ImageObject\",\"inLanguage\":\"de\",\"@id\":\"https:\\\/\\\/news.save.ch\\\/vanderbilt-fuehrungsteam-verstaerkt\\\/#primaryimage\",\"url\":\"https:\\\/\\\/news.save.ch\\\/wp-content\\\/uploads\\\/2016\\\/12\\\/Vanderbilt-Fuehrungsteam-verstaerkt1_sicherheitsforum-scaled-1-scaled.jpg\",\"contentUrl\":\"https:\\\/\\\/news.save.ch\\\/wp-content\\\/uploads\\\/2016\\\/12\\\/Vanderbilt-Fuehrungsteam-verstaerkt1_sicherheitsforum-scaled-1-scaled.jpg\",\"width\":1050,\"height\":1400},{\"@type\":\"BreadcrumbList\",\"@id\":\"https:\\\/\\\/news.save.ch\\\/vanderbilt-fuehrungsteam-verstaerkt\\\/#breadcrumb\",\"itemListElement\":[{\"@type\":\"ListItem\",\"position\":1,\"name\":\"Home\",\"item\":\"https:\\\/\\\/news.save.ch\\\/de\\\/\"},{\"@type\":\"ListItem\",\"position\":2,\"name\":\"Vanderbilt: F\u00fchrungsteam verst\u00e4rkt\"}]},{\"@type\":\"WebSite\",\"@id\":\"https:\\\/\\\/news.save.ch\\\/de\\\/#website\",\"url\":\"https:\\\/\\\/news.save.ch\\\/de\\\/\",\"name\":\"Save\",\"description\":\"Schweizer Fachzeitschrift f\u00fcr Sicherheit\",\"publisher\":{\"@id\":\"https:\\\/\\\/news.save.ch\\\/de\\\/#organization\"},\"potentialAction\":[{\"@type\":\"SearchAction\",\"target\":{\"@type\":\"EntryPoint\",\"urlTemplate\":\"https:\\\/\\\/news.save.ch\\\/de\\\/?s={search_term_string}\"},\"query-input\":{\"@type\":\"PropertyValueSpecification\",\"valueRequired\":true,\"valueName\":\"search_term_string\"}}],\"inLanguage\":\"de\"},{\"@type\":\"Organization\",\"@id\":\"https:\\\/\\\/news.save.ch\\\/de\\\/#organization\",\"name\":\"Sicherheitsforum\",\"url\":\"https:\\\/\\\/news.save.ch\\\/de\\\/\",\"logo\":{\"@type\":\"ImageObject\",\"inLanguage\":\"de\",\"@id\":\"https:\\\/\\\/news.save.ch\\\/de\\\/#\\\/schema\\\/logo\\\/image\\\/\",\"url\":\"https:\\\/\\\/news.save.ch\\\/wp-content\\\/uploads\\\/2022\\\/06\\\/Logo_SF_2012.png\",\"contentUrl\":\"https:\\\/\\\/news.save.ch\\\/wp-content\\\/uploads\\\/2022\\\/06\\\/Logo_SF_2012.png\",\"width\":1100,\"height\":91,\"caption\":\"Sicherheitsforum\"},\"image\":{\"@id\":\"https:\\\/\\\/news.save.ch\\\/de\\\/#\\\/schema\\\/logo\\\/image\\\/\"}},{\"@type\":\"Person\",\"@id\":\"https:\\\/\\\/news.save.ch\\\/de\\\/#\\\/schema\\\/person\\\/d49e199490bad7c70d64b9ab51142f2b\",\"name\":\"admin\",\"image\":{\"@type\":\"ImageObject\",\"inLanguage\":\"de\",\"@id\":\"https:\\\/\\\/secure.gravatar.com\\\/avatar\\\/ae2f4d718e6c49043e314ce431e7e645d646302a24a5ef5a8bc8e3f5a032e319?s=96&d=mm&r=g\",\"url\":\"https:\\\/\\\/secure.gravatar.com\\\/avatar\\\/ae2f4d718e6c49043e314ce431e7e645d646302a24a5ef5a8bc8e3f5a032e319?s=96&d=mm&r=g\",\"contentUrl\":\"https:\\\/\\\/secure.gravatar.com\\\/avatar\\\/ae2f4d718e6c49043e314ce431e7e645d646302a24a5ef5a8bc8e3f5a032e319?s=96&d=mm&r=g\",\"caption\":\"admin\"},\"sameAs\":[\"https:\\\/\\\/develop.organisator.galledia.ch\"],\"url\":\"https:\\\/\\\/news.save.ch\\\/de\\\/author\\\/admin\\\/\"}]}<\/script>\n<!-- \/ Yoast SEO plugin. -->","yoast_head_json":{"title":"Vanderbilt: F\u00fchrungsteam verst\u00e4rkt - Save","description":"Die Vanderbilt hat ihr globales F\u00fchrungsteam verst\u00e4rkt. Dies erfolgte vor dem Hintergrund der Ernennung von Glen Greer zum Director of Product Lines.","robots":{"index":"index","follow":"follow","max-snippet":"max-snippet:-1","max-image-preview":"max-image-preview:large","max-video-preview":"max-video-preview:-1"},"canonical":"https:\/\/news.save.ch\/de\/vanderbilt-fuehrungsteam-verstaerkt\/","og_locale":"de_DE","og_type":"article","og_title":"Vanderbilt: F\u00fchrungsteam verst\u00e4rkt","og_description":"Die im Sicherheitsgesch\u00e4ft t\u00e4tige Vanderbilt hat ihr globales F\u00fchrungsteam verst\u00e4rkt. Dies erfolgte vor dem Hintergrund der k\u00fcrzlichen Ernennung von Glen Greer zum Director of Product Lines.","og_url":"https:\/\/news.save.ch\/de\/vanderbilt-fuehrungsteam-verstaerkt\/","og_site_name":"Save","article_published_time":"2016-04-08T06:15:40+00:00","og_image":[{"url":"https:\/\/news.save.ch\/wp-content\/uploads\/2016\/12\/Vanderbilt-F\u00fchrungsteam-verst\u00e4rkt1_sicherheitsforum.jpg","type":"","width":"","height":""}],"author":"admin","twitter_card":"summary_large_image","twitter_misc":{"Geschrieben von":"admin","Gesch\u00e4tzte Lesezeit":"1\u00a0Minute"},"schema":{"@context":"https:\/\/schema.org","@graph":[{"@type":"Article","@id":"https:\/\/news.save.ch\/vanderbilt-fuehrungsteam-verstaerkt\/#article","isPartOf":{"@id":"https:\/\/news.save.ch\/vanderbilt-fuehrungsteam-verstaerkt\/"},"author":{"name":"admin","@id":"https:\/\/news.save.ch\/de\/#\/schema\/person\/d49e199490bad7c70d64b9ab51142f2b"},"headline":"Vanderbilt: F\u00fchrungsteam verst\u00e4rkt","datePublished":"2016-04-08T06:15:40+00:00","mainEntityOfPage":{"@id":"https:\/\/news.save.ch\/vanderbilt-fuehrungsteam-verstaerkt\/"},"wordCount":142,"commentCount":0,"publisher":{"@id":"https:\/\/news.save.ch\/de\/#organization"},"image":{"@id":"https:\/\/news.save.ch\/vanderbilt-fuehrungsteam-verstaerkt\/#primaryimage"},"thumbnailUrl":"https:\/\/news.save.ch\/wp-content\/uploads\/2016\/12\/Vanderbilt-Fuehrungsteam-verstaerkt1_sicherheitsforum-scaled-1-scaled.jpg","keywords":["Unternehmen"],"articleSection":["ALLGEMEIN"],"inLanguage":"de"},{"@type":"WebPage","@id":"https:\/\/news.save.ch\/vanderbilt-fuehrungsteam-verstaerkt\/","url":"https:\/\/news.save.ch\/vanderbilt-fuehrungsteam-verstaerkt\/","name":"Vanderbilt: F\u00fchrungsteam verst\u00e4rkt - Save","isPartOf":{"@id":"https:\/\/news.save.ch\/de\/#website"},"primaryImageOfPage":{"@id":"https:\/\/news.save.ch\/vanderbilt-fuehrungsteam-verstaerkt\/#primaryimage"},"image":{"@id":"https:\/\/news.save.ch\/vanderbilt-fuehrungsteam-verstaerkt\/#primaryimage"},"thumbnailUrl":"https:\/\/news.save.ch\/wp-content\/uploads\/2016\/12\/Vanderbilt-Fuehrungsteam-verstaerkt1_sicherheitsforum-scaled-1-scaled.jpg","datePublished":"2016-04-08T06:15:40+00:00","description":"Die Vanderbilt hat ihr globales F\u00fchrungsteam verst\u00e4rkt. Dies erfolgte vor dem Hintergrund der Ernennung von Glen Greer zum Director of Product Lines.","breadcrumb":{"@id":"https:\/\/news.save.ch\/vanderbilt-fuehrungsteam-verstaerkt\/#breadcrumb"},"inLanguage":"de","potentialAction":[{"@type":"ReadAction","target":["https:\/\/news.save.ch\/vanderbilt-fuehrungsteam-verstaerkt\/"]}]},{"@type":"ImageObject","inLanguage":"de","@id":"https:\/\/news.save.ch\/vanderbilt-fuehrungsteam-verstaerkt\/#primaryimage","url":"https:\/\/news.save.ch\/wp-content\/uploads\/2016\/12\/Vanderbilt-Fuehrungsteam-verstaerkt1_sicherheitsforum-scaled-1-scaled.jpg","contentUrl":"https:\/\/news.save.ch\/wp-content\/uploads\/2016\/12\/Vanderbilt-Fuehrungsteam-verstaerkt1_sicherheitsforum-scaled-1-scaled.jpg","width":1050,"height":1400},{"@type":"BreadcrumbList","@id":"https:\/\/news.save.ch\/vanderbilt-fuehrungsteam-verstaerkt\/#breadcrumb","itemListElement":[{"@type":"ListItem","position":1,"name":"Home","item":"https:\/\/news.save.ch\/de\/"},{"@type":"ListItem","position":2,"name":"Vanderbilt: F\u00fchrungsteam verst\u00e4rkt"}]},{"@type":"WebSite","@id":"https:\/\/news.save.ch\/de\/#website","url":"https:\/\/news.save.ch\/de\/","name":"Save","description":"Schweizer Fachzeitschrift f\u00fcr Sicherheit","publisher":{"@id":"https:\/\/news.save.ch\/de\/#organization"},"potentialAction":[{"@type":"SearchAction","target":{"@type":"EntryPoint","urlTemplate":"https:\/\/news.save.ch\/de\/?s={search_term_string}"},"query-input":{"@type":"PropertyValueSpecification","valueRequired":true,"valueName":"search_term_string"}}],"inLanguage":"de"},{"@type":"Organization","@id":"https:\/\/news.save.ch\/de\/#organization","name":"Sicherheitsforum","url":"https:\/\/news.save.ch\/de\/","logo":{"@type":"ImageObject","inLanguage":"de","@id":"https:\/\/news.save.ch\/de\/#\/schema\/logo\/image\/","url":"https:\/\/news.save.ch\/wp-content\/uploads\/2022\/06\/Logo_SF_2012.png","contentUrl":"https:\/\/news.save.ch\/wp-content\/uploads\/2022\/06\/Logo_SF_2012.png","width":1100,"height":91,"caption":"Sicherheitsforum"},"image":{"@id":"https:\/\/news.save.ch\/de\/#\/schema\/logo\/image\/"}},{"@type":"Person","@id":"https:\/\/news.save.ch\/de\/#\/schema\/person\/d49e199490bad7c70d64b9ab51142f2b","name":"admin","image":{"@type":"ImageObject","inLanguage":"de","@id":"https:\/\/secure.gravatar.com\/avatar\/ae2f4d718e6c49043e314ce431e7e645d646302a24a5ef5a8bc8e3f5a032e319?s=96&d=mm&r=g","url":"https:\/\/secure.gravatar.com\/avatar\/ae2f4d718e6c49043e314ce431e7e645d646302a24a5ef5a8bc8e3f5a032e319?s=96&d=mm&r=g","contentUrl":"https:\/\/secure.gravatar.com\/avatar\/ae2f4d718e6c49043e314ce431e7e645d646302a24a5ef5a8bc8e3f5a032e319?s=96&d=mm&r=g","caption":"admin"},"sameAs":["https:\/\/develop.organisator.galledia.ch"],"url":"https:\/\/news.save.ch\/de\/author\/admin\/"}]}},"_links":{"self":[{"href":"https:\/\/news.save.ch\/de\/wp-json\/wp\/v2\/posts\/2828","targetHints":{"allow":["GET"]}}],"collection":[{"href":"https:\/\/news.save.ch\/de\/wp-json\/wp\/v2\/posts"}],"about":[{"href":"https:\/\/news.save.ch\/de\/wp-json\/wp\/v2\/types\/post"}],"author":[{"embeddable":true,"href":"https:\/\/news.save.ch\/de\/wp-json\/wp\/v2\/users\/1"}],"replies":[{"embeddable":true,"href":"https:\/\/news.save.ch\/de\/wp-json\/wp\/v2\/comments?post=2828"}],"version-history":[{"count":0,"href":"https:\/\/news.save.ch\/de\/wp-json\/wp\/v2\/posts\/2828\/revisions"}],"wp:featuredmedia":[{"embeddable":true,"href":"https:\/\/news.save.ch\/de\/wp-json\/wp\/v2\/media\/2831"}],"wp:attachment":[{"href":"https:\/\/news.save.ch\/de\/wp-json\/wp\/v2\/media?parent=2828"}],"wp:term":[{"taxonomy":"category","embeddable":true,"href":"https:\/\/news.save.ch\/de\/wp-json\/wp\/v2\/categories?post=2828"},{"taxonomy":"post_tag","embeddable":true,"href":"https:\/\/news.save.ch\/de\/wp-json\/wp\/v2\/tags?post=2828"}],"curies":[{"name":"wp","href":"https:\/\/api.w.org\/{rel}","templated":true}]}}