{"id":287,"date":"2015-04-01T08:51:27","date_gmt":"2015-04-01T06:51:27","guid":{"rendered":"https:\/\/dev.sicherheitsforum.ch\/?p=287"},"modified":"2023-03-14T08:57:43","modified_gmt":"2023-03-14T07:57:43","slug":"bundesrat-will-datenschutz-staerken","status":null,"type":"post","link":"https:\/\/news.save.ch\/de\/bundesrat-will-datenschutz-staerken\/","title":{"rendered":"Bundesrat will Datenschutz st\u00e4rken"},"content":{"rendered":"<p><img loading=\"lazy\" decoding=\"async\" class=\"alignnone size-medium wp-image-288\" src=\"https:\/\/sicherheitsforum.ch\/wp-content\/uploads\/2016\/12\/Bundesrat-will-Datenschutz-st\u00e4rken-it-security.jpg\" alt=\"Facebook privacy issues\" width=\"680\" height=\"936\" \/><\/p>\n<p>&nbsp;<\/p>\n<p>Nach der Evaluation des DSG in den Jahren 2010 und 2011 hatte der Bundesrat das Justiz- und Polizeidepartement (EJPD) beauftragt, gesetzgeberische Massnahmen zur St\u00e4rkung des Datenschutzes zu pr\u00fcfen. Zu diesem Zweck hat das EJPD eine breit abgest\u00fctzte Arbeitsgruppe aus Vertretern der Bundesverwaltung, der Kantone, der Wissenschaft sowie der Wirtschafts- und Konsumentenorganisationen eingesetzt. In ihrem Bericht, den der Bundesrat am Mittwoch zur Kenntnis genommen hat, zeigt sie verschiedene Varianten auf, wie die Datenschutzbestimmungen an die technologischen und gesellschaftlichen Entwicklungen angepasst und die Probleme bei der Anwendung des DSG behoben werden k\u00f6nnen.<\/p>\n<p><strong>Reformen auf europ\u00e4ischer Ebene ber\u00fccksichtigen<\/strong><\/p>\n<p>Zurzeit werden sowohl in der EU als auch beim Europarat die Datenschutzbestimmungen revidiert. Der Europarat \u00fcberarbeitet grundlegend die von der Schweiz ratifizierte &#8222;Konvention zum Schutz des Menschen bei der automatischen Verarbeitung personenbezogener Daten&#8220;. Der Entwurf zur Modernisierung der 1985 in Kraft getretenen Konvention wird voraussichtlich im Laufe der Jahre 2015 oder 2016 verabschiedet und den Vertragsparteien zur Unterzeichnung unterbreitet. Der Verzicht auf eine Ratifikation der modernisierten Europarats-Konvention h\u00e4tte nach Meinung des Bundesrates f\u00fcr die Schweiz erhebliche negative Auswirkungen auf den grenz\u00fcberschreitenden Datenverkehr.<\/p>\n<p>Auch die EU arbeitet gegenw\u00e4rtig an einer Revision ihrer Datenschutzerlasse. Die EU-Datenschutzreform wird wahrscheinlich nicht vor Ende 2015 abgeschlossen sein. Die Schweiz ist zwar nur soweit an die EU-Datenschutzerlasse gebunden, als diese eine Weiterentwicklung des Schengen\/Dublin-Besitzstandes darstellen. Der Datenverkehr mit der EU steht allerdings grunds\u00e4tzlich unter der Voraussetzung, dass die EU das Datenschutzniveau der Schweiz als angemessen anerkennt. Die Schweiz hat daher ein Interesse, ihre Datenschutzvorschriften zu st\u00e4rken.<\/p>\n<p>Mit der Revision des DSG will der Bundesrat die Voraussetzungen schaffen, damit die Schweiz die modernisierte Europarats-Konvention zum Schutz des Menschen bei der automatischen Verarbeitung personenbezogener Daten ratifizieren und, soweit dies im Rahmen der Weiterentwicklung des Schengen\/Dublin-Besitzstandes erforderlich ist, die EU-Datenschutzerlasse \u00fcbernehmen kann.<\/p>\n<p>Der Bundesrat will aber die weiteren Arbeiten rasch vorantreiben. Indem er eine Frist f\u00fcr die Ausarbeitung eines Vorentwurfs bis sp\u00e4testens Ende August 2016 setzt, kann der Ausgang dieser Reformen auf europ\u00e4ischer Ebene bei der Ausarbeitung der Vernehmlassungsvorlage angemessen ber\u00fccksichtigt werden.<\/p>\n<p><strong>Rechte der betroffenen Personen st\u00e4rken<\/strong><\/p>\n<p>Die Evaluation des DSG hatte ergeben, dass betroffene Personen ihre Rechte gegen\u00fcber den Datenbearbeitenden nur selten beanspruchen. Damit das Gesetz k\u00fcnftig besser durchgesetzt werden kann, wird bei der Ausarbeitung der Vernehmlassungsvorlage gepr\u00fcft, ob nebst den Kompetenzen und Befugnissen des ED\u00d6B auch die verschiedenen Rechtsanspr\u00fcche betroffener Personen sowie die Verfahren zur Rechtsdurchsetzung punktuell gest\u00e4rkt werden sollen. Dies gilt namentlich f\u00fcr jene Bereiche, in denen im Vergleich zu den Reformen des Europarates noch L\u00fccken bestehen.<\/p>\n<p>Mit der Revision des DSG will der Bundesrat ferner die Datenkontrolle und -herrschaft sowie den Schutz der Minderj\u00e4hrigen verbessern. Schliesslich soll durch die F\u00f6rderung von Regeln der Guten Praxis ein fr\u00fcheres Greifen des Datenschutzes erreicht werden.<\/p>\n","protected":false},"excerpt":{"rendered":"<p>&nbsp; Nach der Evaluation des DSG in den Jahren 2010 und 2011 hatte der Bundesrat das Justiz- und Polizeidepartement (EJPD) beauftragt, gesetzgeberische Massnahmen zur St\u00e4rkung des Datenschutzes zu pr\u00fcfen. Zu diesem Zweck hat das EJPD eine breit abgest\u00fctzte Arbeitsgruppe aus Vertretern der Bundesverwaltung, der Kantone, der Wissenschaft sowie der Wirtschafts- und Konsumentenorganisationen eingesetzt. In ihrem [&hellip;]<\/p>\n","protected":false},"author":1,"featured_media":288,"comment_status":"open","ping_status":"open","sticky":false,"template":"","format":"standard","meta":{"_acf_changed":false,"pgc_sgb_lightbox_settings":"","footnotes":""},"categories":[3313],"tags":[62,63],"class_list":["post-287","post","type-post","status-publish","format-standard","has-post-thumbnail","hentry","category-digitalisierung","tag-ict-sicherheit","tag-it-security"],"acf":[],"hkrextid":null,"publication":null,"issue":null,"workflow":null,"startPage":null,"spitzmarke":null,"_posts_by_tag_page_fields":{"widget_title":"","widget_tags":""},"_at_widget":"1","_yoast_wpseo_primary_category":"2","_yoast_wpseo_focuskw_text_input":"Datenschutz","_yoast_wpseo_opengraph-image":"https:\/\/news.save.ch\/wp-content\/uploads\/2016\/12\/Bundesrat-will-Datenschutz-st\u00e4rken-it-security.jpg","_yoast_wpseo_opengraph-description":"Der Bundesrat will das Datenschutzgesetz (DSG) revidieren. Er hat das Eidgen\u00f6ssische Justiz- und Polizeidepartement (EJPD) beauftragt, ihm unter Ber\u00fccksichtigung der derzeit laufenden Datenschutzreformen in der EU und beim Europarat bis sp\u00e4testens Ende August 2016 einen Vorentwurf f\u00fcr eine Revision des DSG zu unterbreiten.","_yoast_wpseo_opengraph-title":"Datenschutz","enclosure":null,"_yoast_wpseo_twitter-title":null,"_yoast_wpseo_twitter-description":null,"_yoast_wpseo_twitter-image":null,"_wp_old_slug":null,"_yoast_wpseo_title":null,"_yoast_wpseo_canonical":null,"yoast_head":"<!-- This site is optimized with the Yoast SEO plugin v27.5 - https:\/\/yoast.com\/product\/yoast-seo-wordpress\/ -->\n<title>Bundesrat will Datenschutz st\u00e4rken - Save<\/title>\n<meta name=\"description\" content=\"Der Bundesrat will das Datenschutz-Gesetz (DSG) revidieren.\" \/>\n<meta name=\"robots\" content=\"index, follow, max-snippet:-1, max-image-preview:large, max-video-preview:-1\" \/>\n<link rel=\"canonical\" href=\"https:\/\/news.save.ch\/de\/bundesrat-will-datenschutz-staerken\/\" \/>\n<meta property=\"og:locale\" content=\"de_DE\" \/>\n<meta property=\"og:type\" content=\"article\" \/>\n<meta property=\"og:title\" content=\"Datenschutz\" \/>\n<meta property=\"og:description\" content=\"Der Bundesrat will das Datenschutzgesetz (DSG) revidieren. Er hat das Eidgen\u00f6ssische Justiz- und Polizeidepartement (EJPD) beauftragt, ihm unter Ber\u00fccksichtigung der derzeit laufenden Datenschutzreformen in der EU und beim Europarat bis sp\u00e4testens Ende August 2016 einen Vorentwurf f\u00fcr eine Revision des DSG zu unterbreiten.\" \/>\n<meta property=\"og:url\" content=\"https:\/\/news.save.ch\/de\/bundesrat-will-datenschutz-staerken\/\" \/>\n<meta property=\"og:site_name\" content=\"Save\" \/>\n<meta property=\"article:published_time\" content=\"2015-04-01T06:51:27+00:00\" \/>\n<meta property=\"article:modified_time\" content=\"2023-03-14T07:57:43+00:00\" \/>\n<meta property=\"og:image\" content=\"https:\/\/news.save.ch\/wp-content\/uploads\/2016\/12\/Bundesrat-will-Datenschutz-st\u00e4rken-it-security.jpg\" \/>\n<meta name=\"author\" content=\"admin\" \/>\n<meta name=\"twitter:card\" content=\"summary_large_image\" \/>\n<meta name=\"twitter:label1\" content=\"Geschrieben von\" \/>\n\t<meta name=\"twitter:data1\" content=\"admin\" \/>\n\t<meta name=\"twitter:label2\" content=\"Gesch\u00e4tzte Lesezeit\" \/>\n\t<meta name=\"twitter:data2\" content=\"2\u00a0Minuten\" \/>\n<script type=\"application\/ld+json\" class=\"yoast-schema-graph\">{\"@context\":\"https:\\\/\\\/schema.org\",\"@graph\":[{\"@type\":\"Article\",\"@id\":\"https:\\\/\\\/news.save.ch\\\/bundesrat-will-datenschutz-staerken\\\/#article\",\"isPartOf\":{\"@id\":\"https:\\\/\\\/news.save.ch\\\/bundesrat-will-datenschutz-staerken\\\/\"},\"author\":{\"name\":\"admin\",\"@id\":\"https:\\\/\\\/news.save.ch\\\/de\\\/#\\\/schema\\\/person\\\/d49e199490bad7c70d64b9ab51142f2b\"},\"headline\":\"Bundesrat will Datenschutz st\u00e4rken\",\"datePublished\":\"2015-04-01T06:51:27+00:00\",\"dateModified\":\"2023-03-14T07:57:43+00:00\",\"mainEntityOfPage\":{\"@id\":\"https:\\\/\\\/news.save.ch\\\/bundesrat-will-datenschutz-staerken\\\/\"},\"wordCount\":471,\"commentCount\":0,\"publisher\":{\"@id\":\"https:\\\/\\\/news.save.ch\\\/de\\\/#organization\"},\"image\":{\"@id\":\"https:\\\/\\\/news.save.ch\\\/bundesrat-will-datenschutz-staerken\\\/#primaryimage\"},\"thumbnailUrl\":\"https:\\\/\\\/news.save.ch\\\/wp-content\\\/uploads\\\/2016\\\/12\\\/Bundesrat-will-Datenschutz-staerken-it-security-scaled.jpg\",\"keywords\":[\"ICT-Sicherheit\",\"IT-SECURITY\"],\"articleSection\":[\"DIGITALISIERUNG\"],\"inLanguage\":\"de\"},{\"@type\":\"WebPage\",\"@id\":\"https:\\\/\\\/news.save.ch\\\/bundesrat-will-datenschutz-staerken\\\/\",\"url\":\"https:\\\/\\\/news.save.ch\\\/bundesrat-will-datenschutz-staerken\\\/\",\"name\":\"Bundesrat will Datenschutz st\u00e4rken - Save\",\"isPartOf\":{\"@id\":\"https:\\\/\\\/news.save.ch\\\/de\\\/#website\"},\"primaryImageOfPage\":{\"@id\":\"https:\\\/\\\/news.save.ch\\\/bundesrat-will-datenschutz-staerken\\\/#primaryimage\"},\"image\":{\"@id\":\"https:\\\/\\\/news.save.ch\\\/bundesrat-will-datenschutz-staerken\\\/#primaryimage\"},\"thumbnailUrl\":\"https:\\\/\\\/news.save.ch\\\/wp-content\\\/uploads\\\/2016\\\/12\\\/Bundesrat-will-Datenschutz-staerken-it-security-scaled.jpg\",\"datePublished\":\"2015-04-01T06:51:27+00:00\",\"dateModified\":\"2023-03-14T07:57:43+00:00\",\"description\":\"Der Bundesrat will das Datenschutz-Gesetz (DSG) revidieren.\",\"breadcrumb\":{\"@id\":\"https:\\\/\\\/news.save.ch\\\/bundesrat-will-datenschutz-staerken\\\/#breadcrumb\"},\"inLanguage\":\"de\",\"potentialAction\":[{\"@type\":\"ReadAction\",\"target\":[\"https:\\\/\\\/news.save.ch\\\/bundesrat-will-datenschutz-staerken\\\/\"]}]},{\"@type\":\"ImageObject\",\"inLanguage\":\"de\",\"@id\":\"https:\\\/\\\/news.save.ch\\\/bundesrat-will-datenschutz-staerken\\\/#primaryimage\",\"url\":\"https:\\\/\\\/news.save.ch\\\/wp-content\\\/uploads\\\/2016\\\/12\\\/Bundesrat-will-Datenschutz-staerken-it-security-scaled.jpg\",\"contentUrl\":\"https:\\\/\\\/news.save.ch\\\/wp-content\\\/uploads\\\/2016\\\/12\\\/Bundesrat-will-Datenschutz-staerken-it-security-scaled.jpg\",\"width\":1017,\"height\":1400},{\"@type\":\"BreadcrumbList\",\"@id\":\"https:\\\/\\\/news.save.ch\\\/bundesrat-will-datenschutz-staerken\\\/#breadcrumb\",\"itemListElement\":[{\"@type\":\"ListItem\",\"position\":1,\"name\":\"Home\",\"item\":\"https:\\\/\\\/news.save.ch\\\/de\\\/\"},{\"@type\":\"ListItem\",\"position\":2,\"name\":\"Bundesrat will Datenschutz st\u00e4rken\"}]},{\"@type\":\"WebSite\",\"@id\":\"https:\\\/\\\/news.save.ch\\\/de\\\/#website\",\"url\":\"https:\\\/\\\/news.save.ch\\\/de\\\/\",\"name\":\"Save\",\"description\":\"Schweizer Fachzeitschrift f\u00fcr Sicherheit\",\"publisher\":{\"@id\":\"https:\\\/\\\/news.save.ch\\\/de\\\/#organization\"},\"potentialAction\":[{\"@type\":\"SearchAction\",\"target\":{\"@type\":\"EntryPoint\",\"urlTemplate\":\"https:\\\/\\\/news.save.ch\\\/de\\\/?s={search_term_string}\"},\"query-input\":{\"@type\":\"PropertyValueSpecification\",\"valueRequired\":true,\"valueName\":\"search_term_string\"}}],\"inLanguage\":\"de\"},{\"@type\":\"Organization\",\"@id\":\"https:\\\/\\\/news.save.ch\\\/de\\\/#organization\",\"name\":\"Sicherheitsforum\",\"url\":\"https:\\\/\\\/news.save.ch\\\/de\\\/\",\"logo\":{\"@type\":\"ImageObject\",\"inLanguage\":\"de\",\"@id\":\"https:\\\/\\\/news.save.ch\\\/de\\\/#\\\/schema\\\/logo\\\/image\\\/\",\"url\":\"https:\\\/\\\/news.save.ch\\\/wp-content\\\/uploads\\\/2022\\\/06\\\/Logo_SF_2012.png\",\"contentUrl\":\"https:\\\/\\\/news.save.ch\\\/wp-content\\\/uploads\\\/2022\\\/06\\\/Logo_SF_2012.png\",\"width\":1100,\"height\":91,\"caption\":\"Sicherheitsforum\"},\"image\":{\"@id\":\"https:\\\/\\\/news.save.ch\\\/de\\\/#\\\/schema\\\/logo\\\/image\\\/\"}},{\"@type\":\"Person\",\"@id\":\"https:\\\/\\\/news.save.ch\\\/de\\\/#\\\/schema\\\/person\\\/d49e199490bad7c70d64b9ab51142f2b\",\"name\":\"admin\",\"image\":{\"@type\":\"ImageObject\",\"inLanguage\":\"de\",\"@id\":\"https:\\\/\\\/secure.gravatar.com\\\/avatar\\\/ae2f4d718e6c49043e314ce431e7e645d646302a24a5ef5a8bc8e3f5a032e319?s=96&d=mm&r=g\",\"url\":\"https:\\\/\\\/secure.gravatar.com\\\/avatar\\\/ae2f4d718e6c49043e314ce431e7e645d646302a24a5ef5a8bc8e3f5a032e319?s=96&d=mm&r=g\",\"contentUrl\":\"https:\\\/\\\/secure.gravatar.com\\\/avatar\\\/ae2f4d718e6c49043e314ce431e7e645d646302a24a5ef5a8bc8e3f5a032e319?s=96&d=mm&r=g\",\"caption\":\"admin\"},\"sameAs\":[\"https:\\\/\\\/develop.organisator.galledia.ch\"],\"url\":\"https:\\\/\\\/news.save.ch\\\/de\\\/author\\\/admin\\\/\"}]}<\/script>\n<!-- \/ Yoast SEO plugin. -->","yoast_head_json":{"title":"Bundesrat will Datenschutz st\u00e4rken - Save","description":"Der Bundesrat will das Datenschutz-Gesetz (DSG) revidieren.","robots":{"index":"index","follow":"follow","max-snippet":"max-snippet:-1","max-image-preview":"max-image-preview:large","max-video-preview":"max-video-preview:-1"},"canonical":"https:\/\/news.save.ch\/de\/bundesrat-will-datenschutz-staerken\/","og_locale":"de_DE","og_type":"article","og_title":"Datenschutz","og_description":"Der Bundesrat will das Datenschutzgesetz (DSG) revidieren. Er hat das Eidgen\u00f6ssische Justiz- und Polizeidepartement (EJPD) beauftragt, ihm unter Ber\u00fccksichtigung der derzeit laufenden Datenschutzreformen in der EU und beim Europarat bis sp\u00e4testens Ende August 2016 einen Vorentwurf f\u00fcr eine Revision des DSG zu unterbreiten.","og_url":"https:\/\/news.save.ch\/de\/bundesrat-will-datenschutz-staerken\/","og_site_name":"Save","article_published_time":"2015-04-01T06:51:27+00:00","article_modified_time":"2023-03-14T07:57:43+00:00","og_image":[{"url":"https:\/\/news.save.ch\/wp-content\/uploads\/2016\/12\/Bundesrat-will-Datenschutz-st\u00e4rken-it-security.jpg","type":"","width":"","height":""}],"author":"admin","twitter_card":"summary_large_image","twitter_misc":{"Geschrieben von":"admin","Gesch\u00e4tzte Lesezeit":"2\u00a0Minuten"},"schema":{"@context":"https:\/\/schema.org","@graph":[{"@type":"Article","@id":"https:\/\/news.save.ch\/bundesrat-will-datenschutz-staerken\/#article","isPartOf":{"@id":"https:\/\/news.save.ch\/bundesrat-will-datenschutz-staerken\/"},"author":{"name":"admin","@id":"https:\/\/news.save.ch\/de\/#\/schema\/person\/d49e199490bad7c70d64b9ab51142f2b"},"headline":"Bundesrat will Datenschutz st\u00e4rken","datePublished":"2015-04-01T06:51:27+00:00","dateModified":"2023-03-14T07:57:43+00:00","mainEntityOfPage":{"@id":"https:\/\/news.save.ch\/bundesrat-will-datenschutz-staerken\/"},"wordCount":471,"commentCount":0,"publisher":{"@id":"https:\/\/news.save.ch\/de\/#organization"},"image":{"@id":"https:\/\/news.save.ch\/bundesrat-will-datenschutz-staerken\/#primaryimage"},"thumbnailUrl":"https:\/\/news.save.ch\/wp-content\/uploads\/2016\/12\/Bundesrat-will-Datenschutz-staerken-it-security-scaled.jpg","keywords":["ICT-Sicherheit","IT-SECURITY"],"articleSection":["DIGITALISIERUNG"],"inLanguage":"de"},{"@type":"WebPage","@id":"https:\/\/news.save.ch\/bundesrat-will-datenschutz-staerken\/","url":"https:\/\/news.save.ch\/bundesrat-will-datenschutz-staerken\/","name":"Bundesrat will Datenschutz st\u00e4rken - Save","isPartOf":{"@id":"https:\/\/news.save.ch\/de\/#website"},"primaryImageOfPage":{"@id":"https:\/\/news.save.ch\/bundesrat-will-datenschutz-staerken\/#primaryimage"},"image":{"@id":"https:\/\/news.save.ch\/bundesrat-will-datenschutz-staerken\/#primaryimage"},"thumbnailUrl":"https:\/\/news.save.ch\/wp-content\/uploads\/2016\/12\/Bundesrat-will-Datenschutz-staerken-it-security-scaled.jpg","datePublished":"2015-04-01T06:51:27+00:00","dateModified":"2023-03-14T07:57:43+00:00","description":"Der Bundesrat will das Datenschutz-Gesetz (DSG) revidieren.","breadcrumb":{"@id":"https:\/\/news.save.ch\/bundesrat-will-datenschutz-staerken\/#breadcrumb"},"inLanguage":"de","potentialAction":[{"@type":"ReadAction","target":["https:\/\/news.save.ch\/bundesrat-will-datenschutz-staerken\/"]}]},{"@type":"ImageObject","inLanguage":"de","@id":"https:\/\/news.save.ch\/bundesrat-will-datenschutz-staerken\/#primaryimage","url":"https:\/\/news.save.ch\/wp-content\/uploads\/2016\/12\/Bundesrat-will-Datenschutz-staerken-it-security-scaled.jpg","contentUrl":"https:\/\/news.save.ch\/wp-content\/uploads\/2016\/12\/Bundesrat-will-Datenschutz-staerken-it-security-scaled.jpg","width":1017,"height":1400},{"@type":"BreadcrumbList","@id":"https:\/\/news.save.ch\/bundesrat-will-datenschutz-staerken\/#breadcrumb","itemListElement":[{"@type":"ListItem","position":1,"name":"Home","item":"https:\/\/news.save.ch\/de\/"},{"@type":"ListItem","position":2,"name":"Bundesrat will Datenschutz st\u00e4rken"}]},{"@type":"WebSite","@id":"https:\/\/news.save.ch\/de\/#website","url":"https:\/\/news.save.ch\/de\/","name":"Save","description":"Schweizer Fachzeitschrift f\u00fcr Sicherheit","publisher":{"@id":"https:\/\/news.save.ch\/de\/#organization"},"potentialAction":[{"@type":"SearchAction","target":{"@type":"EntryPoint","urlTemplate":"https:\/\/news.save.ch\/de\/?s={search_term_string}"},"query-input":{"@type":"PropertyValueSpecification","valueRequired":true,"valueName":"search_term_string"}}],"inLanguage":"de"},{"@type":"Organization","@id":"https:\/\/news.save.ch\/de\/#organization","name":"Sicherheitsforum","url":"https:\/\/news.save.ch\/de\/","logo":{"@type":"ImageObject","inLanguage":"de","@id":"https:\/\/news.save.ch\/de\/#\/schema\/logo\/image\/","url":"https:\/\/news.save.ch\/wp-content\/uploads\/2022\/06\/Logo_SF_2012.png","contentUrl":"https:\/\/news.save.ch\/wp-content\/uploads\/2022\/06\/Logo_SF_2012.png","width":1100,"height":91,"caption":"Sicherheitsforum"},"image":{"@id":"https:\/\/news.save.ch\/de\/#\/schema\/logo\/image\/"}},{"@type":"Person","@id":"https:\/\/news.save.ch\/de\/#\/schema\/person\/d49e199490bad7c70d64b9ab51142f2b","name":"admin","image":{"@type":"ImageObject","inLanguage":"de","@id":"https:\/\/secure.gravatar.com\/avatar\/ae2f4d718e6c49043e314ce431e7e645d646302a24a5ef5a8bc8e3f5a032e319?s=96&d=mm&r=g","url":"https:\/\/secure.gravatar.com\/avatar\/ae2f4d718e6c49043e314ce431e7e645d646302a24a5ef5a8bc8e3f5a032e319?s=96&d=mm&r=g","contentUrl":"https:\/\/secure.gravatar.com\/avatar\/ae2f4d718e6c49043e314ce431e7e645d646302a24a5ef5a8bc8e3f5a032e319?s=96&d=mm&r=g","caption":"admin"},"sameAs":["https:\/\/develop.organisator.galledia.ch"],"url":"https:\/\/news.save.ch\/de\/author\/admin\/"}]}},"_links":{"self":[{"href":"https:\/\/news.save.ch\/de\/wp-json\/wp\/v2\/posts\/287","targetHints":{"allow":["GET"]}}],"collection":[{"href":"https:\/\/news.save.ch\/de\/wp-json\/wp\/v2\/posts"}],"about":[{"href":"https:\/\/news.save.ch\/de\/wp-json\/wp\/v2\/types\/post"}],"author":[{"embeddable":true,"href":"https:\/\/news.save.ch\/de\/wp-json\/wp\/v2\/users\/1"}],"replies":[{"embeddable":true,"href":"https:\/\/news.save.ch\/de\/wp-json\/wp\/v2\/comments?post=287"}],"version-history":[{"count":1,"href":"https:\/\/news.save.ch\/de\/wp-json\/wp\/v2\/posts\/287\/revisions"}],"predecessor-version":[{"id":17814,"href":"https:\/\/news.save.ch\/de\/wp-json\/wp\/v2\/posts\/287\/revisions\/17814"}],"wp:featuredmedia":[{"embeddable":true,"href":"https:\/\/news.save.ch\/de\/wp-json\/wp\/v2\/media\/288"}],"wp:attachment":[{"href":"https:\/\/news.save.ch\/de\/wp-json\/wp\/v2\/media?parent=287"}],"wp:term":[{"taxonomy":"category","embeddable":true,"href":"https:\/\/news.save.ch\/de\/wp-json\/wp\/v2\/categories?post=287"},{"taxonomy":"post_tag","embeddable":true,"href":"https:\/\/news.save.ch\/de\/wp-json\/wp\/v2\/tags?post=287"}],"curies":[{"name":"wp","href":"https:\/\/api.w.org\/{rel}","templated":true}]}}