{"id":2895,"date":"2015-07-27T09:13:41","date_gmt":"2015-07-27T07:13:41","guid":{"rendered":"https:\/\/dev.sicherheitsforum.ch\/?p=2895"},"modified":"2023-03-14T09:00:04","modified_gmt":"2023-03-14T08:00:04","slug":"geze-mehr-fertigungskapazitaet","status":null,"type":"post","link":"https:\/\/news.save.ch\/de\/geze-mehr-fertigungskapazitaet\/","title":{"rendered":"GEZE: Mehr Fertigungskapazit\u00e4t"},"content":{"rendered":"<figure id=\"attachment_2896\" aria-describedby=\"caption-attachment-2896\" style=\"width: 680px\" class=\"wp-caption alignnone\"><img loading=\"lazy\" decoding=\"async\" class=\"size-medium wp-image-2896\" src=\"https:\/\/news.save.ch\/wp-content\/uploads\/2016\/12\/GEZE-Mehr-Fertigungskapazitaet_sicherheitsforum.jpg\" alt=\"\" width=\"680\" height=\"457\" \/><figcaption id=\"caption-attachment-2896\" class=\"wp-caption-text\">Mitte: Marc Alber, Projektleiter des Neubaus, zusammen mit Lutfi Bozkurt (links) und Markus Lang (rechts).<\/figcaption><\/figure>\n<p>Mit dem Neubau vergr\u00f6ssert <a href=\"https:\/\/www.geze.com\" target=\"_blank\" data-cke-saved-href=\"https:\/\/www.geze.com\" rel=\"noopener\">GEZE<\/a> die Produktionsfl\u00e4che auf dem Firmengel\u00e4nde um 5000 m2. Auf weiteren 1500 m2 stehen zus\u00e4tzliche B\u00fcro- und Sozialr\u00e4ume zur Verf\u00fcgung. \u201eMit der neuen Produktionshalle k\u00f6nnen wir unsere Fertigungsprozesse weiter optimieren, steigern noch einmal deutlich unsere Effizienz und erh\u00f6hen unsere internationale Wettbewerbsf\u00e4higkeit. Die Halle umfasst eine Manufaktur f\u00fcr die Fertigung von Sonderl\u00f6sungen, eine eigene Fertigungslinie f\u00fcr Karussell- und Rundschiebet\u00fcren und einen Bereich f\u00fcr die auftragsbezogene Herstellung von automatischen Schiebet\u00fcrsystemen. Somit k\u00f6nnen wir in Zukunft individueller und flexibler auf die W\u00fcnsche unserer Kunden eingehen\u201c, sagte Marc Alber.<\/p>\n<p>Neben der Fertigungskapazit\u00e4t f\u00fcr Grossserien ist die Erweiterung der Fertigungseinrichtungen f\u00fcr individuelle Produktl\u00f6sungen Teil der Wachstumsstrategie des Unternehmens, wie es heisst. Immer mehr L\u00e4nder in Europa und auf der ganzen Welt w\u00fcrden von Leonberg aus mit L\u00f6sungen f\u00fcr T\u00fcren und Fenster beliefert.<\/p>\n<p><strong>Vollautomatische Lagerhaltung<\/strong><\/p>\n<p>F\u00fcr die Materialversorgung steht in der neuen Halle ein vollautomatisches Waben-Langgutlager f\u00fcr die Rohmateriallagerung zur Verf\u00fcgung. Es versorgt die Fertigung von automatischen Schiebet\u00fcren mit den ben\u00f6tigten Profilen und \u00fcbernimmt dar\u00fcber hinaus deren weltweiten Versand. Damit ist das Langgutlager zusammen mit dem Distributionszentrum und dem Kleinteilelager das dritte automatisierte Hauptlager, das komplett aus der Unternehmens-Software gesteuert und verwaltet wird.<\/p>\n<p><strong>Fertigungsstandort Nummer eins<\/strong><\/p>\n<p>Rund vierzehn Millionen Euro hat GEZE in den letzten f\u00fcnf Jahren in die Erweiterung von Geb\u00e4uden und modernen Fertigungs- und Logistikanlagen in Deutschland investiert. Rund 60% der hier gefertigten Produkte werden ins Ausland geliefert. F\u00fcr weiteres nat\u00fcrliches Wachstum und um die weltweit steigende Nachfrage nach GEZE-Produkten bedienen zu k\u00f6nnen, setzt das Unternehmen auch auf die Ausweitung des internationalen Vertriebs- und Servicenetzes mit 27 Auslandstochtergesellschaften und Vor-Ort-Fertigung. Eine Tochtergesellschaft mit angegliederter Fertigungsst\u00e4tte in China mit fast 400 Besch\u00e4ftigten und eine weitere Fertigungsst\u00e4tte in Serbien mit 125 Besch\u00e4ftigten erf\u00fcllen die wachsende Nachfrage auf den asiatischen und osteurop\u00e4ischen M\u00e4rkten. Ausserdem erg\u00e4nzt ein Spezialisten-Team f\u00fcr Sonderl\u00f6sungen in Sant Feliu de Llobregat bei Barcelona die Fertigungskapazit\u00e4ten in der spanischen Tochtergesellschaft GEZE Iberia, wie das Unternehmen schreibt.<\/p>\n","protected":false},"excerpt":{"rendered":"<p>Mit dem Neubau vergr\u00f6ssert GEZE die Produktionsfl\u00e4che auf dem Firmengel\u00e4nde um 5000 m2. Auf weiteren 1500 m2 stehen zus\u00e4tzliche B\u00fcro- und Sozialr\u00e4ume zur Verf\u00fcgung. \u201eMit der neuen Produktionshalle k\u00f6nnen wir unsere Fertigungsprozesse weiter optimieren, steigern noch einmal deutlich unsere Effizienz und erh\u00f6hen unsere internationale Wettbewerbsf\u00e4higkeit. Die Halle umfasst eine Manufaktur f\u00fcr die Fertigung von Sonderl\u00f6sungen, [&hellip;]<\/p>\n","protected":false},"author":1,"featured_media":2896,"comment_status":"open","ping_status":"open","sticky":false,"template":"","format":"standard","meta":{"_acf_changed":false,"pgc_sgb_lightbox_settings":"","footnotes":""},"categories":[3312],"tags":[65,157,158,90],"class_list":["post-2895","post","type-post","status-publish","format-standard","has-post-thumbnail","hentry","category-sicherheit","tag-unternehmen","tag-video-security","tag-zutrittskontrolle","tag-zutrittskontrollevideo-security"],"acf":[],"hkrextid":null,"publication":null,"issue":null,"workflow":null,"startPage":null,"spitzmarke":null,"_posts_by_tag_page_fields":{"widget_title":"","widget_tags":""},"_at_widget":"1","_yoast_wpseo_primary_category":"3303","_yoast_wpseo_focuskw_text_input":"GEZE: Mehr Fertigungskapazit\u00e4t","_yoast_wpseo_opengraph-image":"https:\/\/sicherheitsforum.ch\/wp-content\/uploads\/2016\/12\/GEZE-Mehr-Fertigungskapazit\u00e4t_sicherheitsforum.jpg","_yoast_wpseo_opengraph-description":"Vor wenigen Tagen hat GEZE am Firmensitz in Leonberg, Deutschland, eine neue Produktionshalle eingeweiht. Die 6500 m2 grosse Werkserweiterung, die rund sechs Millionen Euro gekostet hat, vergr\u00f6ssert die Bedeutung des Firmensitzes als internationale Produktionsst\u00e4tte, wie das Unternehmen schreibt.","_yoast_wpseo_opengraph-title":"GEZE: Mehr Fertigungskapazit\u00e4t","enclosure":null,"_yoast_wpseo_twitter-title":null,"_yoast_wpseo_twitter-description":null,"_yoast_wpseo_twitter-image":null,"_wp_old_slug":null,"_yoast_wpseo_title":null,"_yoast_wpseo_canonical":null,"yoast_head":"<!-- This site is optimized with the Yoast SEO plugin v27.5 - https:\/\/yoast.com\/product\/yoast-seo-wordpress\/ -->\n<title>GEZE: Mehr Fertigungskapazit\u00e4t - Save<\/title>\n<meta name=\"description\" content=\"Vor wenigen Tagen hat GEZE am Firmensitz in Leonberg, Deutschland, eine neue Produktionshalle eingeweiht.\" \/>\n<meta name=\"robots\" content=\"index, follow, max-snippet:-1, max-image-preview:large, max-video-preview:-1\" \/>\n<link rel=\"canonical\" href=\"https:\/\/news.save.ch\/de\/geze-mehr-fertigungskapazitaet\/\" \/>\n<meta property=\"og:locale\" content=\"de_DE\" \/>\n<meta property=\"og:type\" content=\"article\" \/>\n<meta property=\"og:title\" content=\"GEZE: Mehr Fertigungskapazit\u00e4t\" \/>\n<meta property=\"og:description\" content=\"Vor wenigen Tagen hat GEZE am Firmensitz in Leonberg, Deutschland, eine neue Produktionshalle eingeweiht. Die 6500 m2 grosse Werkserweiterung, die rund sechs Millionen Euro gekostet hat, vergr\u00f6ssert die Bedeutung des Firmensitzes als internationale Produktionsst\u00e4tte, wie das Unternehmen schreibt.\" \/>\n<meta property=\"og:url\" content=\"https:\/\/news.save.ch\/de\/geze-mehr-fertigungskapazitaet\/\" \/>\n<meta property=\"og:site_name\" content=\"Save\" \/>\n<meta property=\"article:published_time\" content=\"2015-07-27T07:13:41+00:00\" \/>\n<meta property=\"article:modified_time\" content=\"2023-03-14T08:00:04+00:00\" \/>\n<meta property=\"og:image\" content=\"https:\/\/sicherheitsforum.ch\/wp-content\/uploads\/2016\/12\/GEZE-Mehr-Fertigungskapazit\u00e4t_sicherheitsforum.jpg\" \/>\n<meta name=\"author\" content=\"admin\" \/>\n<meta name=\"twitter:card\" content=\"summary_large_image\" \/>\n<meta name=\"twitter:label1\" content=\"Geschrieben von\" \/>\n\t<meta name=\"twitter:data1\" content=\"admin\" \/>\n\t<meta name=\"twitter:label2\" content=\"Gesch\u00e4tzte Lesezeit\" \/>\n\t<meta name=\"twitter:data2\" content=\"2\u00a0Minuten\" \/>\n<script type=\"application\/ld+json\" class=\"yoast-schema-graph\">{\"@context\":\"https:\\\/\\\/schema.org\",\"@graph\":[{\"@type\":\"Article\",\"@id\":\"https:\\\/\\\/news.save.ch\\\/geze-mehr-fertigungskapazitaet\\\/#article\",\"isPartOf\":{\"@id\":\"https:\\\/\\\/news.save.ch\\\/geze-mehr-fertigungskapazitaet\\\/\"},\"author\":{\"name\":\"admin\",\"@id\":\"https:\\\/\\\/news.save.ch\\\/de\\\/#\\\/schema\\\/person\\\/d49e199490bad7c70d64b9ab51142f2b\"},\"headline\":\"GEZE: Mehr Fertigungskapazit\u00e4t\",\"datePublished\":\"2015-07-27T07:13:41+00:00\",\"dateModified\":\"2023-03-14T08:00:04+00:00\",\"mainEntityOfPage\":{\"@id\":\"https:\\\/\\\/news.save.ch\\\/geze-mehr-fertigungskapazitaet\\\/\"},\"wordCount\":384,\"commentCount\":0,\"publisher\":{\"@id\":\"https:\\\/\\\/news.save.ch\\\/de\\\/#organization\"},\"image\":{\"@id\":\"https:\\\/\\\/news.save.ch\\\/geze-mehr-fertigungskapazitaet\\\/#primaryimage\"},\"thumbnailUrl\":\"https:\\\/\\\/news.save.ch\\\/wp-content\\\/uploads\\\/2016\\\/12\\\/GEZE-Mehr-Fertigungskapazitaet_sicherheitsforum-scaled.jpg\",\"keywords\":[\"Unternehmen\",\"Video-Security\",\"Zutrittskontrolle\",\"Zutrittskontrolle\\\/Video-Security\"],\"articleSection\":[\"SICHERHEIT\"],\"inLanguage\":\"de\"},{\"@type\":\"WebPage\",\"@id\":\"https:\\\/\\\/news.save.ch\\\/geze-mehr-fertigungskapazitaet\\\/\",\"url\":\"https:\\\/\\\/news.save.ch\\\/geze-mehr-fertigungskapazitaet\\\/\",\"name\":\"GEZE: Mehr Fertigungskapazit\u00e4t - Save\",\"isPartOf\":{\"@id\":\"https:\\\/\\\/news.save.ch\\\/de\\\/#website\"},\"primaryImageOfPage\":{\"@id\":\"https:\\\/\\\/news.save.ch\\\/geze-mehr-fertigungskapazitaet\\\/#primaryimage\"},\"image\":{\"@id\":\"https:\\\/\\\/news.save.ch\\\/geze-mehr-fertigungskapazitaet\\\/#primaryimage\"},\"thumbnailUrl\":\"https:\\\/\\\/news.save.ch\\\/wp-content\\\/uploads\\\/2016\\\/12\\\/GEZE-Mehr-Fertigungskapazitaet_sicherheitsforum-scaled.jpg\",\"datePublished\":\"2015-07-27T07:13:41+00:00\",\"dateModified\":\"2023-03-14T08:00:04+00:00\",\"description\":\"Vor wenigen Tagen hat GEZE am Firmensitz in Leonberg, Deutschland, eine neue Produktionshalle eingeweiht.\",\"breadcrumb\":{\"@id\":\"https:\\\/\\\/news.save.ch\\\/geze-mehr-fertigungskapazitaet\\\/#breadcrumb\"},\"inLanguage\":\"de\",\"potentialAction\":[{\"@type\":\"ReadAction\",\"target\":[\"https:\\\/\\\/news.save.ch\\\/geze-mehr-fertigungskapazitaet\\\/\"]}]},{\"@type\":\"ImageObject\",\"inLanguage\":\"de\",\"@id\":\"https:\\\/\\\/news.save.ch\\\/geze-mehr-fertigungskapazitaet\\\/#primaryimage\",\"url\":\"https:\\\/\\\/news.save.ch\\\/wp-content\\\/uploads\\\/2016\\\/12\\\/GEZE-Mehr-Fertigungskapazitaet_sicherheitsforum-scaled.jpg\",\"contentUrl\":\"https:\\\/\\\/news.save.ch\\\/wp-content\\\/uploads\\\/2016\\\/12\\\/GEZE-Mehr-Fertigungskapazitaet_sicherheitsforum-scaled.jpg\",\"width\":1400,\"height\":940,\"caption\":\"Mitte: Marc Alber, Projektleiter des Neubaus, zusammen mit Lutfi Bozkurt (links) und Markus Lang (rechts).\"},{\"@type\":\"BreadcrumbList\",\"@id\":\"https:\\\/\\\/news.save.ch\\\/geze-mehr-fertigungskapazitaet\\\/#breadcrumb\",\"itemListElement\":[{\"@type\":\"ListItem\",\"position\":1,\"name\":\"Home\",\"item\":\"https:\\\/\\\/news.save.ch\\\/de\\\/\"},{\"@type\":\"ListItem\",\"position\":2,\"name\":\"GEZE: Mehr Fertigungskapazit\u00e4t\"}]},{\"@type\":\"WebSite\",\"@id\":\"https:\\\/\\\/news.save.ch\\\/de\\\/#website\",\"url\":\"https:\\\/\\\/news.save.ch\\\/de\\\/\",\"name\":\"Save\",\"description\":\"Schweizer Fachzeitschrift f\u00fcr Sicherheit\",\"publisher\":{\"@id\":\"https:\\\/\\\/news.save.ch\\\/de\\\/#organization\"},\"potentialAction\":[{\"@type\":\"SearchAction\",\"target\":{\"@type\":\"EntryPoint\",\"urlTemplate\":\"https:\\\/\\\/news.save.ch\\\/de\\\/?s={search_term_string}\"},\"query-input\":{\"@type\":\"PropertyValueSpecification\",\"valueRequired\":true,\"valueName\":\"search_term_string\"}}],\"inLanguage\":\"de\"},{\"@type\":\"Organization\",\"@id\":\"https:\\\/\\\/news.save.ch\\\/de\\\/#organization\",\"name\":\"Sicherheitsforum\",\"url\":\"https:\\\/\\\/news.save.ch\\\/de\\\/\",\"logo\":{\"@type\":\"ImageObject\",\"inLanguage\":\"de\",\"@id\":\"https:\\\/\\\/news.save.ch\\\/de\\\/#\\\/schema\\\/logo\\\/image\\\/\",\"url\":\"https:\\\/\\\/news.save.ch\\\/wp-content\\\/uploads\\\/2022\\\/06\\\/Logo_SF_2012.png\",\"contentUrl\":\"https:\\\/\\\/news.save.ch\\\/wp-content\\\/uploads\\\/2022\\\/06\\\/Logo_SF_2012.png\",\"width\":1100,\"height\":91,\"caption\":\"Sicherheitsforum\"},\"image\":{\"@id\":\"https:\\\/\\\/news.save.ch\\\/de\\\/#\\\/schema\\\/logo\\\/image\\\/\"}},{\"@type\":\"Person\",\"@id\":\"https:\\\/\\\/news.save.ch\\\/de\\\/#\\\/schema\\\/person\\\/d49e199490bad7c70d64b9ab51142f2b\",\"name\":\"admin\",\"image\":{\"@type\":\"ImageObject\",\"inLanguage\":\"de\",\"@id\":\"https:\\\/\\\/secure.gravatar.com\\\/avatar\\\/ae2f4d718e6c49043e314ce431e7e645d646302a24a5ef5a8bc8e3f5a032e319?s=96&d=mm&r=g\",\"url\":\"https:\\\/\\\/secure.gravatar.com\\\/avatar\\\/ae2f4d718e6c49043e314ce431e7e645d646302a24a5ef5a8bc8e3f5a032e319?s=96&d=mm&r=g\",\"contentUrl\":\"https:\\\/\\\/secure.gravatar.com\\\/avatar\\\/ae2f4d718e6c49043e314ce431e7e645d646302a24a5ef5a8bc8e3f5a032e319?s=96&d=mm&r=g\",\"caption\":\"admin\"},\"sameAs\":[\"https:\\\/\\\/develop.organisator.galledia.ch\"],\"url\":\"https:\\\/\\\/news.save.ch\\\/de\\\/author\\\/admin\\\/\"}]}<\/script>\n<!-- \/ Yoast SEO plugin. -->","yoast_head_json":{"title":"GEZE: Mehr Fertigungskapazit\u00e4t - Save","description":"Vor wenigen Tagen hat GEZE am Firmensitz in Leonberg, Deutschland, eine neue Produktionshalle eingeweiht.","robots":{"index":"index","follow":"follow","max-snippet":"max-snippet:-1","max-image-preview":"max-image-preview:large","max-video-preview":"max-video-preview:-1"},"canonical":"https:\/\/news.save.ch\/de\/geze-mehr-fertigungskapazitaet\/","og_locale":"de_DE","og_type":"article","og_title":"GEZE: Mehr Fertigungskapazit\u00e4t","og_description":"Vor wenigen Tagen hat GEZE am Firmensitz in Leonberg, Deutschland, eine neue Produktionshalle eingeweiht. Die 6500 m2 grosse Werkserweiterung, die rund sechs Millionen Euro gekostet hat, vergr\u00f6ssert die Bedeutung des Firmensitzes als internationale Produktionsst\u00e4tte, wie das Unternehmen schreibt.","og_url":"https:\/\/news.save.ch\/de\/geze-mehr-fertigungskapazitaet\/","og_site_name":"Save","article_published_time":"2015-07-27T07:13:41+00:00","article_modified_time":"2023-03-14T08:00:04+00:00","og_image":[{"url":"https:\/\/sicherheitsforum.ch\/wp-content\/uploads\/2016\/12\/GEZE-Mehr-Fertigungskapazit\u00e4t_sicherheitsforum.jpg","type":"","width":"","height":""}],"author":"admin","twitter_card":"summary_large_image","twitter_misc":{"Geschrieben von":"admin","Gesch\u00e4tzte Lesezeit":"2\u00a0Minuten"},"schema":{"@context":"https:\/\/schema.org","@graph":[{"@type":"Article","@id":"https:\/\/news.save.ch\/geze-mehr-fertigungskapazitaet\/#article","isPartOf":{"@id":"https:\/\/news.save.ch\/geze-mehr-fertigungskapazitaet\/"},"author":{"name":"admin","@id":"https:\/\/news.save.ch\/de\/#\/schema\/person\/d49e199490bad7c70d64b9ab51142f2b"},"headline":"GEZE: Mehr Fertigungskapazit\u00e4t","datePublished":"2015-07-27T07:13:41+00:00","dateModified":"2023-03-14T08:00:04+00:00","mainEntityOfPage":{"@id":"https:\/\/news.save.ch\/geze-mehr-fertigungskapazitaet\/"},"wordCount":384,"commentCount":0,"publisher":{"@id":"https:\/\/news.save.ch\/de\/#organization"},"image":{"@id":"https:\/\/news.save.ch\/geze-mehr-fertigungskapazitaet\/#primaryimage"},"thumbnailUrl":"https:\/\/news.save.ch\/wp-content\/uploads\/2016\/12\/GEZE-Mehr-Fertigungskapazitaet_sicherheitsforum-scaled.jpg","keywords":["Unternehmen","Video-Security","Zutrittskontrolle","Zutrittskontrolle\/Video-Security"],"articleSection":["SICHERHEIT"],"inLanguage":"de"},{"@type":"WebPage","@id":"https:\/\/news.save.ch\/geze-mehr-fertigungskapazitaet\/","url":"https:\/\/news.save.ch\/geze-mehr-fertigungskapazitaet\/","name":"GEZE: Mehr Fertigungskapazit\u00e4t - Save","isPartOf":{"@id":"https:\/\/news.save.ch\/de\/#website"},"primaryImageOfPage":{"@id":"https:\/\/news.save.ch\/geze-mehr-fertigungskapazitaet\/#primaryimage"},"image":{"@id":"https:\/\/news.save.ch\/geze-mehr-fertigungskapazitaet\/#primaryimage"},"thumbnailUrl":"https:\/\/news.save.ch\/wp-content\/uploads\/2016\/12\/GEZE-Mehr-Fertigungskapazitaet_sicherheitsforum-scaled.jpg","datePublished":"2015-07-27T07:13:41+00:00","dateModified":"2023-03-14T08:00:04+00:00","description":"Vor wenigen Tagen hat GEZE am Firmensitz in Leonberg, Deutschland, eine neue Produktionshalle eingeweiht.","breadcrumb":{"@id":"https:\/\/news.save.ch\/geze-mehr-fertigungskapazitaet\/#breadcrumb"},"inLanguage":"de","potentialAction":[{"@type":"ReadAction","target":["https:\/\/news.save.ch\/geze-mehr-fertigungskapazitaet\/"]}]},{"@type":"ImageObject","inLanguage":"de","@id":"https:\/\/news.save.ch\/geze-mehr-fertigungskapazitaet\/#primaryimage","url":"https:\/\/news.save.ch\/wp-content\/uploads\/2016\/12\/GEZE-Mehr-Fertigungskapazitaet_sicherheitsforum-scaled.jpg","contentUrl":"https:\/\/news.save.ch\/wp-content\/uploads\/2016\/12\/GEZE-Mehr-Fertigungskapazitaet_sicherheitsforum-scaled.jpg","width":1400,"height":940,"caption":"Mitte: Marc Alber, Projektleiter des Neubaus, zusammen mit Lutfi Bozkurt (links) und Markus Lang (rechts)."},{"@type":"BreadcrumbList","@id":"https:\/\/news.save.ch\/geze-mehr-fertigungskapazitaet\/#breadcrumb","itemListElement":[{"@type":"ListItem","position":1,"name":"Home","item":"https:\/\/news.save.ch\/de\/"},{"@type":"ListItem","position":2,"name":"GEZE: Mehr Fertigungskapazit\u00e4t"}]},{"@type":"WebSite","@id":"https:\/\/news.save.ch\/de\/#website","url":"https:\/\/news.save.ch\/de\/","name":"Save","description":"Schweizer Fachzeitschrift f\u00fcr Sicherheit","publisher":{"@id":"https:\/\/news.save.ch\/de\/#organization"},"potentialAction":[{"@type":"SearchAction","target":{"@type":"EntryPoint","urlTemplate":"https:\/\/news.save.ch\/de\/?s={search_term_string}"},"query-input":{"@type":"PropertyValueSpecification","valueRequired":true,"valueName":"search_term_string"}}],"inLanguage":"de"},{"@type":"Organization","@id":"https:\/\/news.save.ch\/de\/#organization","name":"Sicherheitsforum","url":"https:\/\/news.save.ch\/de\/","logo":{"@type":"ImageObject","inLanguage":"de","@id":"https:\/\/news.save.ch\/de\/#\/schema\/logo\/image\/","url":"https:\/\/news.save.ch\/wp-content\/uploads\/2022\/06\/Logo_SF_2012.png","contentUrl":"https:\/\/news.save.ch\/wp-content\/uploads\/2022\/06\/Logo_SF_2012.png","width":1100,"height":91,"caption":"Sicherheitsforum"},"image":{"@id":"https:\/\/news.save.ch\/de\/#\/schema\/logo\/image\/"}},{"@type":"Person","@id":"https:\/\/news.save.ch\/de\/#\/schema\/person\/d49e199490bad7c70d64b9ab51142f2b","name":"admin","image":{"@type":"ImageObject","inLanguage":"de","@id":"https:\/\/secure.gravatar.com\/avatar\/ae2f4d718e6c49043e314ce431e7e645d646302a24a5ef5a8bc8e3f5a032e319?s=96&d=mm&r=g","url":"https:\/\/secure.gravatar.com\/avatar\/ae2f4d718e6c49043e314ce431e7e645d646302a24a5ef5a8bc8e3f5a032e319?s=96&d=mm&r=g","contentUrl":"https:\/\/secure.gravatar.com\/avatar\/ae2f4d718e6c49043e314ce431e7e645d646302a24a5ef5a8bc8e3f5a032e319?s=96&d=mm&r=g","caption":"admin"},"sameAs":["https:\/\/develop.organisator.galledia.ch"],"url":"https:\/\/news.save.ch\/de\/author\/admin\/"}]}},"_links":{"self":[{"href":"https:\/\/news.save.ch\/de\/wp-json\/wp\/v2\/posts\/2895","targetHints":{"allow":["GET"]}}],"collection":[{"href":"https:\/\/news.save.ch\/de\/wp-json\/wp\/v2\/posts"}],"about":[{"href":"https:\/\/news.save.ch\/de\/wp-json\/wp\/v2\/types\/post"}],"author":[{"embeddable":true,"href":"https:\/\/news.save.ch\/de\/wp-json\/wp\/v2\/users\/1"}],"replies":[{"embeddable":true,"href":"https:\/\/news.save.ch\/de\/wp-json\/wp\/v2\/comments?post=2895"}],"version-history":[{"count":1,"href":"https:\/\/news.save.ch\/de\/wp-json\/wp\/v2\/posts\/2895\/revisions"}],"predecessor-version":[{"id":18012,"href":"https:\/\/news.save.ch\/de\/wp-json\/wp\/v2\/posts\/2895\/revisions\/18012"}],"wp:featuredmedia":[{"embeddable":true,"href":"https:\/\/news.save.ch\/de\/wp-json\/wp\/v2\/media\/2896"}],"wp:attachment":[{"href":"https:\/\/news.save.ch\/de\/wp-json\/wp\/v2\/media?parent=2895"}],"wp:term":[{"taxonomy":"category","embeddable":true,"href":"https:\/\/news.save.ch\/de\/wp-json\/wp\/v2\/categories?post=2895"},{"taxonomy":"post_tag","embeddable":true,"href":"https:\/\/news.save.ch\/de\/wp-json\/wp\/v2\/tags?post=2895"}],"curies":[{"name":"wp","href":"https:\/\/api.w.org\/{rel}","templated":true}]}}