{"id":2956,"date":"2018-06-04T12:16:30","date_gmt":"2018-06-04T10:16:30","guid":{"rendered":"https:\/\/news.save.ch\/?p=2956"},"modified":"2023-03-14T09:05:10","modified_gmt":"2023-03-14T08:05:10","slug":"rueckruf-lawinenverschuetteten-suchgeraet-ortovox-3","status":null,"type":"post","link":"https:\/\/news.save.ch\/de\/rueckruf-lawinenverschuetteten-suchgeraet-ortovox-3\/","title":{"rendered":"R\u00fcckruf: Lawinenversch\u00fctteten-Suchger\u00e4t Ortovox 3+"},"content":{"rendered":"<figure id=\"attachment_2957\" aria-describedby=\"caption-attachment-2957\" style=\"width: 640px\" class=\"wp-caption alignnone\"><img loading=\"lazy\" decoding=\"async\" class=\"size-full wp-image-2957\" src=\"http:\/\/develop.safety-plus.ch\/wp-content\/uploads\/2018\/06\/52535.jpg\" alt=\"\" width=\"640\" height=\"480\" srcset=\"https:\/\/news.save.ch\/wp-content\/uploads\/2018\/06\/52535.jpg 640w, https:\/\/news.save.ch\/wp-content\/uploads\/2018\/06\/52535-16x12.jpg 16w, https:\/\/news.save.ch\/wp-content\/uploads\/2018\/06\/52535-375x281.jpg 375w, https:\/\/news.save.ch\/wp-content\/uploads\/2018\/06\/52535-467x350.jpg 467w\" sizes=\"auto, (max-width: 640px) 100vw, 640px\" \/><figcaption id=\"caption-attachment-2957\" class=\"wp-caption-text\">Das Ortovox Lawinenversch\u00fctteten-Suchger\u00e4t Ortovox 3+ mit Software-Version 2.1 kann in seiner Sendefunktion beeintr\u00e4chtigt sein. \u00a9 Ortovox<\/figcaption><\/figure>\n<p>&nbsp;<\/p>\n<p>Aufgrund eines Software-Fehlers kann es zu einer vor\u00fcbergehenden St\u00f6rung der Sendefunktion kommen. Dies k\u00f6nnte im schlimmsten Fall mit einer Verz\u00f6gerung der Rettung im Falle einer <a href=\"https:\/\/news.save.ch\/lawinen-unfaelle-vermeiden\/\" target=\"_blank\" rel=\"noopener\">Lawinenversch\u00fcttung<\/a> verbunden sein. Die betroffenen Ger\u00e4te werden von der Ortovox-Servicestelle mittels Software-Update kostenlos repariert.<\/p>\n<p><strong>Welche Produkte sind betroffen?<\/strong><\/p>\n<p>Vom Produktr\u00fcckruf betroffen sind die Lawinenversch\u00fctteten-Suchger\u00e4te (LVS-Suchger\u00e4te) des Modells Ortovox 3+ mit der Software-Version 2.1. LVS-Ger\u00e4te Ortovox 3+ mit den Software-Versionen 1.0, 1.1, 2.0, 2.2 sowie alle anderen Ortovox LVS-Ger\u00e4te (S1+, S1, ZOOM) sind nicht betroffen. Auf der <a href=\"http:\/\/www.ortovox.com\/recall-3plus\" target=\"_blank\" rel=\"noopener\">Homepage des Herstellers<\/a> findet sich eine Anleitung, wie betroffene Ger\u00e4te identifiziert werden k\u00f6nnen. Konsumentinnen und Konsumenten im Besitz eines solchen Suchger\u00e4ts sind gebeten, den Anweisungen zu folgen.<\/p>\n<p><strong>Was sollen betroffene Konsumentinnen und Konsumenten tun?<\/strong><\/p>\n<p>Die vom R\u00fcckruf betroffenen Ger\u00e4te d\u00fcrfen ohne das erforderliche Software-Update nicht mehr eingesetzt werden. Die Kunden, die im Besitz eines der betroffenen Suchger\u00e4te sind, sind gebeten, die betroffenen LVS-Ger\u00e4te f\u00fcr ein Software-Update an Ortovox zu schicken.<\/p>\n<p><strong>Quellen:<\/strong><\/p>\n<p><a href=\"http:\/\/www.konsum.admin.ch\/\" target=\"_blank\" rel=\"noopener\">Eidgen\u00f6ssisches B\u00fcro f\u00fcr Konsumentenfragen <\/a><\/p>\n<p><a href=\"http:\/\/www.bakom.admin.ch\" target=\"_blank\" rel=\"noopener\">Bundesamt f\u00fcr Kommunikation <\/a><\/p>\n","protected":false},"excerpt":{"rendered":"<p>&nbsp; Aufgrund eines Software-Fehlers kann es zu einer vor\u00fcbergehenden St\u00f6rung der Sendefunktion kommen. Dies k\u00f6nnte im schlimmsten Fall mit einer Verz\u00f6gerung der Rettung im Falle einer Lawinenversch\u00fcttung verbunden sein. Die betroffenen Ger\u00e4te werden von der Ortovox-Servicestelle mittels Software-Update kostenlos repariert. Welche Produkte sind betroffen? Vom Produktr\u00fcckruf betroffen sind die Lawinenversch\u00fctteten-Suchger\u00e4te (LVS-Suchger\u00e4te) des Modells Ortovox 3+ [&hellip;]<\/p>\n","protected":false},"author":1,"featured_media":2957,"comment_status":"open","ping_status":"open","sticky":false,"template":"","format":"standard","meta":{"_acf_changed":false,"pgc_sgb_lightbox_settings":"","footnotes":""},"categories":[1,3314],"tags":[1486,2441,2442,2669,141,2816,176],"class_list":["post-2956","post","type-post","status-publish","format-standard","has-post-thumbnail","hentry","category-allgemein","category-health-safety","tag-bakom","tag-lawinenverschuetteten-suchgeraet","tag-lawinenverschuettung","tag-persoenliche-schutzausruestung-psa","tag-praevention","tag-rueckruf","tag-sportunfaelle"],"acf":[],"hkrextid":null,"publication":null,"issue":null,"workflow":null,"startPage":null,"spitzmarke":null,"_posts_by_tag_page_fields":{"widget_title":"","widget_tags":""},"_at_widget":"1","_yoast_wpseo_primary_category":"2","_yoast_wpseo_focuskw_text_input":"Lawinenversch\u00fctteten-Suchger\u00e4t","_yoast_wpseo_opengraph-image":null,"_yoast_wpseo_opengraph-description":null,"_yoast_wpseo_opengraph-title":null,"enclosure":null,"_yoast_wpseo_twitter-title":null,"_yoast_wpseo_twitter-description":null,"_yoast_wpseo_twitter-image":null,"_wp_old_slug":null,"_yoast_wpseo_title":null,"_yoast_wpseo_canonical":null,"yoast_head":"<!-- This site is optimized with the Yoast SEO plugin v27.5 - https:\/\/yoast.com\/product\/yoast-seo-wordpress\/ -->\n<title>R\u00fcckruf: Lawinenversch\u00fctteten-Suchger\u00e4t Ortovox 3+ - Save<\/title>\n<meta name=\"description\" content=\"Aufgrund eines Software-Fehlers des Lawinenversch\u00fctteten-Suchger\u00e4t Ortovox 3+ kann es zu einer vor\u00fcbergehenden St\u00f6rung der Sendefunktion kommen. Dies k\u00f6nnte im schlimmsten Fall mit einer Verz\u00f6gerung der Rettung im Falle einer Lawinenversch\u00fcttung verbunden sein.\" \/>\n<meta name=\"robots\" content=\"index, follow, max-snippet:-1, max-image-preview:large, max-video-preview:-1\" \/>\n<link rel=\"canonical\" href=\"https:\/\/news.save.ch\/de\/rueckruf-lawinenverschuetteten-suchgeraet-ortovox-3\/\" \/>\n<meta property=\"og:locale\" content=\"de_DE\" \/>\n<meta property=\"og:type\" content=\"article\" \/>\n<meta property=\"og:title\" content=\"R\u00fcckruf: Lawinenversch\u00fctteten-Suchger\u00e4t Ortovox 3+ - Save\" \/>\n<meta property=\"og:description\" content=\"Aufgrund eines Software-Fehlers des Lawinenversch\u00fctteten-Suchger\u00e4t Ortovox 3+ kann es zu einer vor\u00fcbergehenden St\u00f6rung der Sendefunktion kommen. Dies k\u00f6nnte im schlimmsten Fall mit einer Verz\u00f6gerung der Rettung im Falle einer Lawinenversch\u00fcttung verbunden sein.\" \/>\n<meta property=\"og:url\" content=\"https:\/\/news.save.ch\/de\/rueckruf-lawinenverschuetteten-suchgeraet-ortovox-3\/\" \/>\n<meta property=\"og:site_name\" content=\"Save\" \/>\n<meta property=\"article:published_time\" content=\"2018-06-04T10:16:30+00:00\" \/>\n<meta property=\"article:modified_time\" content=\"2023-03-14T08:05:10+00:00\" \/>\n<meta property=\"og:image\" content=\"https:\/\/news.save.ch\/wp-content\/uploads\/2018\/06\/52535.jpg\" \/>\n\t<meta property=\"og:image:width\" content=\"640\" \/>\n\t<meta property=\"og:image:height\" content=\"480\" \/>\n\t<meta property=\"og:image:type\" content=\"image\/jpeg\" \/>\n<meta name=\"author\" content=\"admin\" \/>\n<meta name=\"twitter:card\" content=\"summary_large_image\" \/>\n<meta name=\"twitter:label1\" content=\"Geschrieben von\" \/>\n\t<meta name=\"twitter:data1\" content=\"admin\" \/>\n\t<meta name=\"twitter:label2\" content=\"Gesch\u00e4tzte Lesezeit\" \/>\n\t<meta name=\"twitter:data2\" content=\"1\u00a0Minute\" \/>\n<script type=\"application\/ld+json\" class=\"yoast-schema-graph\">{\"@context\":\"https:\\\/\\\/schema.org\",\"@graph\":[{\"@type\":\"Article\",\"@id\":\"https:\\\/\\\/news.save.ch\\\/rueckruf-lawinenverschuetteten-suchgeraet-ortovox-3\\\/#article\",\"isPartOf\":{\"@id\":\"https:\\\/\\\/news.save.ch\\\/rueckruf-lawinenverschuetteten-suchgeraet-ortovox-3\\\/\"},\"author\":{\"name\":\"admin\",\"@id\":\"https:\\\/\\\/news.save.ch\\\/de\\\/#\\\/schema\\\/person\\\/d49e199490bad7c70d64b9ab51142f2b\"},\"headline\":\"R\u00fcckruf: Lawinenversch\u00fctteten-Suchger\u00e4t Ortovox 3+\",\"datePublished\":\"2018-06-04T10:16:30+00:00\",\"dateModified\":\"2023-03-14T08:05:10+00:00\",\"mainEntityOfPage\":{\"@id\":\"https:\\\/\\\/news.save.ch\\\/rueckruf-lawinenverschuetteten-suchgeraet-ortovox-3\\\/\"},\"wordCount\":207,\"commentCount\":0,\"publisher\":{\"@id\":\"https:\\\/\\\/news.save.ch\\\/de\\\/#organization\"},\"image\":{\"@id\":\"https:\\\/\\\/news.save.ch\\\/rueckruf-lawinenverschuetteten-suchgeraet-ortovox-3\\\/#primaryimage\"},\"thumbnailUrl\":\"https:\\\/\\\/news.save.ch\\\/wp-content\\\/uploads\\\/2018\\\/06\\\/52535.jpg\",\"keywords\":[\"Bakom\",\"Lawinenversch\u00fctteten-Suchger\u00e4t\",\"Lawinenversch\u00fcttung\",\"Pers\u00f6nliche Schutzausr\u00fcstung (PSA)\",\"Pr\u00e4vention\",\"R\u00fcckruf\",\"Sportunf\u00e4lle\"],\"articleSection\":[\"ALLGEMEIN\",\"HEALTH &amp; SAFETY\"],\"inLanguage\":\"de\"},{\"@type\":\"WebPage\",\"@id\":\"https:\\\/\\\/news.save.ch\\\/rueckruf-lawinenverschuetteten-suchgeraet-ortovox-3\\\/\",\"url\":\"https:\\\/\\\/news.save.ch\\\/rueckruf-lawinenverschuetteten-suchgeraet-ortovox-3\\\/\",\"name\":\"R\u00fcckruf: Lawinenversch\u00fctteten-Suchger\u00e4t Ortovox 3+ - Save\",\"isPartOf\":{\"@id\":\"https:\\\/\\\/news.save.ch\\\/de\\\/#website\"},\"primaryImageOfPage\":{\"@id\":\"https:\\\/\\\/news.save.ch\\\/rueckruf-lawinenverschuetteten-suchgeraet-ortovox-3\\\/#primaryimage\"},\"image\":{\"@id\":\"https:\\\/\\\/news.save.ch\\\/rueckruf-lawinenverschuetteten-suchgeraet-ortovox-3\\\/#primaryimage\"},\"thumbnailUrl\":\"https:\\\/\\\/news.save.ch\\\/wp-content\\\/uploads\\\/2018\\\/06\\\/52535.jpg\",\"datePublished\":\"2018-06-04T10:16:30+00:00\",\"dateModified\":\"2023-03-14T08:05:10+00:00\",\"description\":\"Aufgrund eines Software-Fehlers des Lawinenversch\u00fctteten-Suchger\u00e4t Ortovox 3+ kann es zu einer vor\u00fcbergehenden St\u00f6rung der Sendefunktion kommen. Dies k\u00f6nnte im schlimmsten Fall mit einer Verz\u00f6gerung der Rettung im Falle einer Lawinenversch\u00fcttung verbunden sein.\",\"breadcrumb\":{\"@id\":\"https:\\\/\\\/news.save.ch\\\/rueckruf-lawinenverschuetteten-suchgeraet-ortovox-3\\\/#breadcrumb\"},\"inLanguage\":\"de\",\"potentialAction\":[{\"@type\":\"ReadAction\",\"target\":[\"https:\\\/\\\/news.save.ch\\\/rueckruf-lawinenverschuetteten-suchgeraet-ortovox-3\\\/\"]}]},{\"@type\":\"ImageObject\",\"inLanguage\":\"de\",\"@id\":\"https:\\\/\\\/news.save.ch\\\/rueckruf-lawinenverschuetteten-suchgeraet-ortovox-3\\\/#primaryimage\",\"url\":\"https:\\\/\\\/news.save.ch\\\/wp-content\\\/uploads\\\/2018\\\/06\\\/52535.jpg\",\"contentUrl\":\"https:\\\/\\\/news.save.ch\\\/wp-content\\\/uploads\\\/2018\\\/06\\\/52535.jpg\",\"width\":640,\"height\":480,\"caption\":\"Das Ortovox ruft Lawinenversch\u00fctteten-Suchger\u00e4t Ortovox 3+ mit Software-Version 2.1 kann in seiner Sendefunktion beeintr\u00e4chtigt sein. \u00a9 Ortovox\"},{\"@type\":\"BreadcrumbList\",\"@id\":\"https:\\\/\\\/news.save.ch\\\/rueckruf-lawinenverschuetteten-suchgeraet-ortovox-3\\\/#breadcrumb\",\"itemListElement\":[{\"@type\":\"ListItem\",\"position\":1,\"name\":\"Home\",\"item\":\"https:\\\/\\\/news.save.ch\\\/de\\\/\"},{\"@type\":\"ListItem\",\"position\":2,\"name\":\"R\u00fcckruf: Lawinenversch\u00fctteten-Suchger\u00e4t Ortovox 3+\"}]},{\"@type\":\"WebSite\",\"@id\":\"https:\\\/\\\/news.save.ch\\\/de\\\/#website\",\"url\":\"https:\\\/\\\/news.save.ch\\\/de\\\/\",\"name\":\"Save\",\"description\":\"Schweizer Fachzeitschrift f\u00fcr Sicherheit\",\"publisher\":{\"@id\":\"https:\\\/\\\/news.save.ch\\\/de\\\/#organization\"},\"potentialAction\":[{\"@type\":\"SearchAction\",\"target\":{\"@type\":\"EntryPoint\",\"urlTemplate\":\"https:\\\/\\\/news.save.ch\\\/de\\\/?s={search_term_string}\"},\"query-input\":{\"@type\":\"PropertyValueSpecification\",\"valueRequired\":true,\"valueName\":\"search_term_string\"}}],\"inLanguage\":\"de\"},{\"@type\":\"Organization\",\"@id\":\"https:\\\/\\\/news.save.ch\\\/de\\\/#organization\",\"name\":\"Sicherheitsforum\",\"url\":\"https:\\\/\\\/news.save.ch\\\/de\\\/\",\"logo\":{\"@type\":\"ImageObject\",\"inLanguage\":\"de\",\"@id\":\"https:\\\/\\\/news.save.ch\\\/de\\\/#\\\/schema\\\/logo\\\/image\\\/\",\"url\":\"https:\\\/\\\/news.save.ch\\\/wp-content\\\/uploads\\\/2022\\\/06\\\/Logo_SF_2012.png\",\"contentUrl\":\"https:\\\/\\\/news.save.ch\\\/wp-content\\\/uploads\\\/2022\\\/06\\\/Logo_SF_2012.png\",\"width\":1100,\"height\":91,\"caption\":\"Sicherheitsforum\"},\"image\":{\"@id\":\"https:\\\/\\\/news.save.ch\\\/de\\\/#\\\/schema\\\/logo\\\/image\\\/\"}},{\"@type\":\"Person\",\"@id\":\"https:\\\/\\\/news.save.ch\\\/de\\\/#\\\/schema\\\/person\\\/d49e199490bad7c70d64b9ab51142f2b\",\"name\":\"admin\",\"image\":{\"@type\":\"ImageObject\",\"inLanguage\":\"de\",\"@id\":\"https:\\\/\\\/secure.gravatar.com\\\/avatar\\\/ae2f4d718e6c49043e314ce431e7e645d646302a24a5ef5a8bc8e3f5a032e319?s=96&d=mm&r=g\",\"url\":\"https:\\\/\\\/secure.gravatar.com\\\/avatar\\\/ae2f4d718e6c49043e314ce431e7e645d646302a24a5ef5a8bc8e3f5a032e319?s=96&d=mm&r=g\",\"contentUrl\":\"https:\\\/\\\/secure.gravatar.com\\\/avatar\\\/ae2f4d718e6c49043e314ce431e7e645d646302a24a5ef5a8bc8e3f5a032e319?s=96&d=mm&r=g\",\"caption\":\"admin\"},\"sameAs\":[\"https:\\\/\\\/develop.organisator.galledia.ch\"],\"url\":\"https:\\\/\\\/news.save.ch\\\/de\\\/author\\\/admin\\\/\"}]}<\/script>\n<!-- \/ Yoast SEO plugin. -->","yoast_head_json":{"title":"R\u00fcckruf: Lawinenversch\u00fctteten-Suchger\u00e4t Ortovox 3+ - Save","description":"Aufgrund eines Software-Fehlers des Lawinenversch\u00fctteten-Suchger\u00e4t Ortovox 3+ kann es zu einer vor\u00fcbergehenden St\u00f6rung der Sendefunktion kommen. Dies k\u00f6nnte im schlimmsten Fall mit einer Verz\u00f6gerung der Rettung im Falle einer Lawinenversch\u00fcttung verbunden sein.","robots":{"index":"index","follow":"follow","max-snippet":"max-snippet:-1","max-image-preview":"max-image-preview:large","max-video-preview":"max-video-preview:-1"},"canonical":"https:\/\/news.save.ch\/de\/rueckruf-lawinenverschuetteten-suchgeraet-ortovox-3\/","og_locale":"de_DE","og_type":"article","og_title":"R\u00fcckruf: Lawinenversch\u00fctteten-Suchger\u00e4t Ortovox 3+ - Save","og_description":"Aufgrund eines Software-Fehlers des Lawinenversch\u00fctteten-Suchger\u00e4t Ortovox 3+ kann es zu einer vor\u00fcbergehenden St\u00f6rung der Sendefunktion kommen. Dies k\u00f6nnte im schlimmsten Fall mit einer Verz\u00f6gerung der Rettung im Falle einer Lawinenversch\u00fcttung verbunden sein.","og_url":"https:\/\/news.save.ch\/de\/rueckruf-lawinenverschuetteten-suchgeraet-ortovox-3\/","og_site_name":"Save","article_published_time":"2018-06-04T10:16:30+00:00","article_modified_time":"2023-03-14T08:05:10+00:00","og_image":[{"width":640,"height":480,"url":"https:\/\/news.save.ch\/wp-content\/uploads\/2018\/06\/52535.jpg","type":"image\/jpeg"}],"author":"admin","twitter_card":"summary_large_image","twitter_misc":{"Geschrieben von":"admin","Gesch\u00e4tzte Lesezeit":"1\u00a0Minute"},"schema":{"@context":"https:\/\/schema.org","@graph":[{"@type":"Article","@id":"https:\/\/news.save.ch\/rueckruf-lawinenverschuetteten-suchgeraet-ortovox-3\/#article","isPartOf":{"@id":"https:\/\/news.save.ch\/rueckruf-lawinenverschuetteten-suchgeraet-ortovox-3\/"},"author":{"name":"admin","@id":"https:\/\/news.save.ch\/de\/#\/schema\/person\/d49e199490bad7c70d64b9ab51142f2b"},"headline":"R\u00fcckruf: Lawinenversch\u00fctteten-Suchger\u00e4t Ortovox 3+","datePublished":"2018-06-04T10:16:30+00:00","dateModified":"2023-03-14T08:05:10+00:00","mainEntityOfPage":{"@id":"https:\/\/news.save.ch\/rueckruf-lawinenverschuetteten-suchgeraet-ortovox-3\/"},"wordCount":207,"commentCount":0,"publisher":{"@id":"https:\/\/news.save.ch\/de\/#organization"},"image":{"@id":"https:\/\/news.save.ch\/rueckruf-lawinenverschuetteten-suchgeraet-ortovox-3\/#primaryimage"},"thumbnailUrl":"https:\/\/news.save.ch\/wp-content\/uploads\/2018\/06\/52535.jpg","keywords":["Bakom","Lawinenversch\u00fctteten-Suchger\u00e4t","Lawinenversch\u00fcttung","Pers\u00f6nliche Schutzausr\u00fcstung (PSA)","Pr\u00e4vention","R\u00fcckruf","Sportunf\u00e4lle"],"articleSection":["ALLGEMEIN","HEALTH &amp; SAFETY"],"inLanguage":"de"},{"@type":"WebPage","@id":"https:\/\/news.save.ch\/rueckruf-lawinenverschuetteten-suchgeraet-ortovox-3\/","url":"https:\/\/news.save.ch\/rueckruf-lawinenverschuetteten-suchgeraet-ortovox-3\/","name":"R\u00fcckruf: Lawinenversch\u00fctteten-Suchger\u00e4t Ortovox 3+ - Save","isPartOf":{"@id":"https:\/\/news.save.ch\/de\/#website"},"primaryImageOfPage":{"@id":"https:\/\/news.save.ch\/rueckruf-lawinenverschuetteten-suchgeraet-ortovox-3\/#primaryimage"},"image":{"@id":"https:\/\/news.save.ch\/rueckruf-lawinenverschuetteten-suchgeraet-ortovox-3\/#primaryimage"},"thumbnailUrl":"https:\/\/news.save.ch\/wp-content\/uploads\/2018\/06\/52535.jpg","datePublished":"2018-06-04T10:16:30+00:00","dateModified":"2023-03-14T08:05:10+00:00","description":"Aufgrund eines Software-Fehlers des Lawinenversch\u00fctteten-Suchger\u00e4t Ortovox 3+ kann es zu einer vor\u00fcbergehenden St\u00f6rung der Sendefunktion kommen. Dies k\u00f6nnte im schlimmsten Fall mit einer Verz\u00f6gerung der Rettung im Falle einer Lawinenversch\u00fcttung verbunden sein.","breadcrumb":{"@id":"https:\/\/news.save.ch\/rueckruf-lawinenverschuetteten-suchgeraet-ortovox-3\/#breadcrumb"},"inLanguage":"de","potentialAction":[{"@type":"ReadAction","target":["https:\/\/news.save.ch\/rueckruf-lawinenverschuetteten-suchgeraet-ortovox-3\/"]}]},{"@type":"ImageObject","inLanguage":"de","@id":"https:\/\/news.save.ch\/rueckruf-lawinenverschuetteten-suchgeraet-ortovox-3\/#primaryimage","url":"https:\/\/news.save.ch\/wp-content\/uploads\/2018\/06\/52535.jpg","contentUrl":"https:\/\/news.save.ch\/wp-content\/uploads\/2018\/06\/52535.jpg","width":640,"height":480,"caption":"Das Ortovox ruft Lawinenversch\u00fctteten-Suchger\u00e4t Ortovox 3+ mit Software-Version 2.1 kann in seiner Sendefunktion beeintr\u00e4chtigt sein. \u00a9 Ortovox"},{"@type":"BreadcrumbList","@id":"https:\/\/news.save.ch\/rueckruf-lawinenverschuetteten-suchgeraet-ortovox-3\/#breadcrumb","itemListElement":[{"@type":"ListItem","position":1,"name":"Home","item":"https:\/\/news.save.ch\/de\/"},{"@type":"ListItem","position":2,"name":"R\u00fcckruf: Lawinenversch\u00fctteten-Suchger\u00e4t Ortovox 3+"}]},{"@type":"WebSite","@id":"https:\/\/news.save.ch\/de\/#website","url":"https:\/\/news.save.ch\/de\/","name":"Save","description":"Schweizer Fachzeitschrift f\u00fcr Sicherheit","publisher":{"@id":"https:\/\/news.save.ch\/de\/#organization"},"potentialAction":[{"@type":"SearchAction","target":{"@type":"EntryPoint","urlTemplate":"https:\/\/news.save.ch\/de\/?s={search_term_string}"},"query-input":{"@type":"PropertyValueSpecification","valueRequired":true,"valueName":"search_term_string"}}],"inLanguage":"de"},{"@type":"Organization","@id":"https:\/\/news.save.ch\/de\/#organization","name":"Sicherheitsforum","url":"https:\/\/news.save.ch\/de\/","logo":{"@type":"ImageObject","inLanguage":"de","@id":"https:\/\/news.save.ch\/de\/#\/schema\/logo\/image\/","url":"https:\/\/news.save.ch\/wp-content\/uploads\/2022\/06\/Logo_SF_2012.png","contentUrl":"https:\/\/news.save.ch\/wp-content\/uploads\/2022\/06\/Logo_SF_2012.png","width":1100,"height":91,"caption":"Sicherheitsforum"},"image":{"@id":"https:\/\/news.save.ch\/de\/#\/schema\/logo\/image\/"}},{"@type":"Person","@id":"https:\/\/news.save.ch\/de\/#\/schema\/person\/d49e199490bad7c70d64b9ab51142f2b","name":"admin","image":{"@type":"ImageObject","inLanguage":"de","@id":"https:\/\/secure.gravatar.com\/avatar\/ae2f4d718e6c49043e314ce431e7e645d646302a24a5ef5a8bc8e3f5a032e319?s=96&d=mm&r=g","url":"https:\/\/secure.gravatar.com\/avatar\/ae2f4d718e6c49043e314ce431e7e645d646302a24a5ef5a8bc8e3f5a032e319?s=96&d=mm&r=g","contentUrl":"https:\/\/secure.gravatar.com\/avatar\/ae2f4d718e6c49043e314ce431e7e645d646302a24a5ef5a8bc8e3f5a032e319?s=96&d=mm&r=g","caption":"admin"},"sameAs":["https:\/\/develop.organisator.galledia.ch"],"url":"https:\/\/news.save.ch\/de\/author\/admin\/"}]}},"_links":{"self":[{"href":"https:\/\/news.save.ch\/de\/wp-json\/wp\/v2\/posts\/2956","targetHints":{"allow":["GET"]}}],"collection":[{"href":"https:\/\/news.save.ch\/de\/wp-json\/wp\/v2\/posts"}],"about":[{"href":"https:\/\/news.save.ch\/de\/wp-json\/wp\/v2\/types\/post"}],"author":[{"embeddable":true,"href":"https:\/\/news.save.ch\/de\/wp-json\/wp\/v2\/users\/1"}],"replies":[{"embeddable":true,"href":"https:\/\/news.save.ch\/de\/wp-json\/wp\/v2\/comments?post=2956"}],"version-history":[{"count":1,"href":"https:\/\/news.save.ch\/de\/wp-json\/wp\/v2\/posts\/2956\/revisions"}],"predecessor-version":[{"id":18928,"href":"https:\/\/news.save.ch\/de\/wp-json\/wp\/v2\/posts\/2956\/revisions\/18928"}],"wp:featuredmedia":[{"embeddable":true,"href":"https:\/\/news.save.ch\/de\/wp-json\/wp\/v2\/media\/2957"}],"wp:attachment":[{"href":"https:\/\/news.save.ch\/de\/wp-json\/wp\/v2\/media?parent=2956"}],"wp:term":[{"taxonomy":"category","embeddable":true,"href":"https:\/\/news.save.ch\/de\/wp-json\/wp\/v2\/categories?post=2956"},{"taxonomy":"post_tag","embeddable":true,"href":"https:\/\/news.save.ch\/de\/wp-json\/wp\/v2\/tags?post=2956"}],"curies":[{"name":"wp","href":"https:\/\/api.w.org\/{rel}","templated":true}]}}