{"id":3006,"date":"2015-07-01T10:27:11","date_gmt":"2015-07-01T08:27:11","guid":{"rendered":"https:\/\/dev.sicherheitsforum.ch\/?p=3006"},"modified":"2023-03-14T09:00:05","modified_gmt":"2023-03-14T08:00:05","slug":"betafence-neuer-vertriebsleiter","status":null,"type":"post","link":"https:\/\/news.save.ch\/de\/betafence-neuer-vertriebsleiter\/","title":{"rendered":"Betafence: Neuer Vertriebsleiter"},"content":{"rendered":"<figure id=\"attachment_3007\" aria-describedby=\"caption-attachment-3007\" style=\"width: 680px\" class=\"wp-caption alignnone\"><img loading=\"lazy\" decoding=\"async\" class=\"wp-image-3007 size-medium\" src=\"https:\/\/news.save.ch\/wp-content\/uploads\/2016\/12\/Betafence-Neuer-Vertriebsleiter_sicherheitsforum.jpg\" width=\"680\" height=\"453\" \/><figcaption id=\"caption-attachment-3007\" class=\"wp-caption-text\">Marius Fischer, neu als Vertriebsleiter bei Betafence t\u00e4tig.<\/figcaption><\/figure>\n<p>Seit letztem Februar ist <a title=\"Firmenwebsite\" href=\"https:\/\/www.betafence.com\" target=\"_blank\" data-cke-saved-href=\"https:\/\/www.betafence.com\" rel=\"noopener\">Betafence <\/a>mit einer eigenen Verkaufs\u00adniederlassung in Neuenhof AG vertreten. &#8222;Mit unserer neuen Vertriebsniederlassung, einem Innendienst vor Ort und einem eigenen Vertriebsleiter sind wir jetzt in der Schweiz sehr gut aufgestellt,&#8220; erkl\u00e4rt Martin G\u00f6tz, der als Gesch\u00e4ftsf\u00fchrer der Betafence Deutschland GmbH f\u00fcr die gesamte D-A-CH-Region verantwortlich zeichnet.<\/p>\n<p>Fischer, Betriebs\u00f6konom HWV, hat mehr als zehn Jahre Erfahrung mit Vertriebs- und Marketingaufgaben in der Baunebenbranche in der Schweiz. In seiner neuen Funktion verantworte er die Betreuung der zum Teil langj\u00e4hrigen Schweizer Kunden und den Ausbau des Betafence-Gesch\u00e4fts hierzulande. Das Unternehmen\u00a0 ist in der Schweiz vor allem mit Zaunprodukten f\u00fcr das Do-it-yourself-Segment, professionellen Zaunsystemen, Zutrittskontrolll\u00f6sungen und Mobilz\u00e4unen pr\u00e4sent. International ist Betafence in \u00fcber 100 L\u00e4ndern aktiv. Hauptsitz der Gruppe ist Gent (Belgien), das operative Gesch\u00e4ft in der D-A-CH-Region wird vom Standort Schwalmtal bei D\u00fcsseldorf aus gesteuert.<\/p>\n","protected":false},"excerpt":{"rendered":"<p>Seit letztem Februar ist Betafence mit einer eigenen Verkaufs\u00adniederlassung in Neuenhof AG vertreten. &#8222;Mit unserer neuen Vertriebsniederlassung, einem Innendienst vor Ort und einem eigenen Vertriebsleiter sind wir jetzt in der Schweiz sehr gut aufgestellt,&#8220; erkl\u00e4rt Martin G\u00f6tz, der als Gesch\u00e4ftsf\u00fchrer der Betafence Deutschland GmbH f\u00fcr die gesamte D-A-CH-Region verantwortlich zeichnet. Fischer, Betriebs\u00f6konom HWV, hat mehr [&hellip;]<\/p>\n","protected":false},"author":1,"featured_media":3007,"comment_status":"open","ping_status":"open","sticky":false,"template":"","format":"standard","meta":{"_acf_changed":false,"pgc_sgb_lightbox_settings":"","footnotes":""},"categories":[3312],"tags":[144,65,157,158,90],"class_list":["post-3006","post","type-post","status-publish","format-standard","has-post-thumbnail","hentry","category-sicherheit","tag-personalien","tag-unternehmen","tag-video-security","tag-zutrittskontrolle","tag-zutrittskontrollevideo-security"],"acf":[],"hkrextid":null,"publication":null,"issue":null,"workflow":null,"startPage":null,"spitzmarke":null,"_posts_by_tag_page_fields":{"widget_title":"","widget_tags":""},"_at_widget":"1","_yoast_wpseo_primary_category":"3303","_yoast_wpseo_focuskw_text_input":"Betafence","_yoast_wpseo_opengraph-image":"https:\/\/news.save.ch\/wp-content\/uploads\/2016\/12\/Betafence-Neuer-Vertriebsleiter_sicherheitsforum.jpg","_yoast_wpseo_opengraph-description":"Marius Fischer (41) hat per Anfang Juni bei Betafence die Vertriebsleitung f\u00fcr die Schweiz \u00fcbernommen. Mit der neuen Position st\u00e4rkt der Weltmarktf\u00fchrer f\u00fcr Zaun- und Zutrittskontrolll\u00f6sungen seine Aktivit\u00e4ten hierzulande, wie das Unternehmen wissen l\u00e4sst.","_yoast_wpseo_opengraph-title":"Betafence: Neuer Vertriebsleiter","enclosure":null,"_yoast_wpseo_twitter-title":null,"_yoast_wpseo_twitter-description":null,"_yoast_wpseo_twitter-image":null,"_wp_old_slug":null,"_yoast_wpseo_title":null,"_yoast_wpseo_canonical":null,"yoast_head":"<!-- This site is optimized with the Yoast SEO plugin v27.5 - https:\/\/yoast.com\/product\/yoast-seo-wordpress\/ -->\n<title>Betafence: Neuer Vertriebsleiter - Save<\/title>\n<meta name=\"description\" content=\"Marius Fischer (41) hat per Anfang Juni bei Betafence die Vertriebsleitung f\u00fcr die Schweiz \u00fcbernommen.\" \/>\n<meta name=\"robots\" content=\"index, follow, max-snippet:-1, max-image-preview:large, max-video-preview:-1\" \/>\n<link rel=\"canonical\" href=\"https:\/\/news.save.ch\/de\/betafence-neuer-vertriebsleiter\/\" \/>\n<meta property=\"og:locale\" content=\"de_DE\" \/>\n<meta property=\"og:type\" content=\"article\" \/>\n<meta property=\"og:title\" content=\"Betafence: Neuer Vertriebsleiter\" \/>\n<meta property=\"og:description\" content=\"Marius Fischer (41) hat per Anfang Juni bei Betafence die Vertriebsleitung f\u00fcr die Schweiz \u00fcbernommen. Mit der neuen Position st\u00e4rkt der Weltmarktf\u00fchrer f\u00fcr Zaun- und Zutrittskontrolll\u00f6sungen seine Aktivit\u00e4ten hierzulande, wie das Unternehmen wissen l\u00e4sst.\" \/>\n<meta property=\"og:url\" content=\"https:\/\/news.save.ch\/de\/betafence-neuer-vertriebsleiter\/\" \/>\n<meta property=\"og:site_name\" content=\"Save\" \/>\n<meta property=\"article:published_time\" content=\"2015-07-01T08:27:11+00:00\" \/>\n<meta property=\"article:modified_time\" content=\"2023-03-14T08:00:05+00:00\" \/>\n<meta property=\"og:image\" content=\"https:\/\/news.save.ch\/wp-content\/uploads\/2016\/12\/Betafence-Neuer-Vertriebsleiter_sicherheitsforum.jpg\" \/>\n<meta name=\"author\" content=\"admin\" \/>\n<meta name=\"twitter:card\" content=\"summary_large_image\" \/>\n<meta name=\"twitter:label1\" content=\"Geschrieben von\" \/>\n\t<meta name=\"twitter:data1\" content=\"admin\" \/>\n\t<meta name=\"twitter:label2\" content=\"Gesch\u00e4tzte Lesezeit\" \/>\n\t<meta name=\"twitter:data2\" content=\"1\u00a0Minute\" \/>\n<script type=\"application\/ld+json\" class=\"yoast-schema-graph\">{\"@context\":\"https:\\\/\\\/schema.org\",\"@graph\":[{\"@type\":\"Article\",\"@id\":\"https:\\\/\\\/news.save.ch\\\/betafence-neuer-vertriebsleiter\\\/#article\",\"isPartOf\":{\"@id\":\"https:\\\/\\\/news.save.ch\\\/betafence-neuer-vertriebsleiter\\\/\"},\"author\":{\"name\":\"admin\",\"@id\":\"https:\\\/\\\/news.save.ch\\\/de\\\/#\\\/schema\\\/person\\\/d49e199490bad7c70d64b9ab51142f2b\"},\"headline\":\"Betafence: Neuer Vertriebsleiter\",\"datePublished\":\"2015-07-01T08:27:11+00:00\",\"dateModified\":\"2023-03-14T08:00:05+00:00\",\"mainEntityOfPage\":{\"@id\":\"https:\\\/\\\/news.save.ch\\\/betafence-neuer-vertriebsleiter\\\/\"},\"wordCount\":170,\"commentCount\":0,\"publisher\":{\"@id\":\"https:\\\/\\\/news.save.ch\\\/de\\\/#organization\"},\"image\":{\"@id\":\"https:\\\/\\\/news.save.ch\\\/betafence-neuer-vertriebsleiter\\\/#primaryimage\"},\"thumbnailUrl\":\"https:\\\/\\\/news.save.ch\\\/wp-content\\\/uploads\\\/2016\\\/12\\\/Betafence-Neuer-Vertriebsleiter_sicherheitsforum-scaled.jpg\",\"keywords\":[\"Personalien\",\"Unternehmen\",\"Video-Security\",\"Zutrittskontrolle\",\"Zutrittskontrolle\\\/Video-Security\"],\"articleSection\":[\"SICHERHEIT\"],\"inLanguage\":\"de\"},{\"@type\":\"WebPage\",\"@id\":\"https:\\\/\\\/news.save.ch\\\/betafence-neuer-vertriebsleiter\\\/\",\"url\":\"https:\\\/\\\/news.save.ch\\\/betafence-neuer-vertriebsleiter\\\/\",\"name\":\"Betafence: Neuer Vertriebsleiter - Save\",\"isPartOf\":{\"@id\":\"https:\\\/\\\/news.save.ch\\\/de\\\/#website\"},\"primaryImageOfPage\":{\"@id\":\"https:\\\/\\\/news.save.ch\\\/betafence-neuer-vertriebsleiter\\\/#primaryimage\"},\"image\":{\"@id\":\"https:\\\/\\\/news.save.ch\\\/betafence-neuer-vertriebsleiter\\\/#primaryimage\"},\"thumbnailUrl\":\"https:\\\/\\\/news.save.ch\\\/wp-content\\\/uploads\\\/2016\\\/12\\\/Betafence-Neuer-Vertriebsleiter_sicherheitsforum-scaled.jpg\",\"datePublished\":\"2015-07-01T08:27:11+00:00\",\"dateModified\":\"2023-03-14T08:00:05+00:00\",\"description\":\"Marius Fischer (41) hat per Anfang Juni bei Betafence die Vertriebsleitung f\u00fcr die Schweiz \u00fcbernommen.\",\"breadcrumb\":{\"@id\":\"https:\\\/\\\/news.save.ch\\\/betafence-neuer-vertriebsleiter\\\/#breadcrumb\"},\"inLanguage\":\"de\",\"potentialAction\":[{\"@type\":\"ReadAction\",\"target\":[\"https:\\\/\\\/news.save.ch\\\/betafence-neuer-vertriebsleiter\\\/\"]}]},{\"@type\":\"ImageObject\",\"inLanguage\":\"de\",\"@id\":\"https:\\\/\\\/news.save.ch\\\/betafence-neuer-vertriebsleiter\\\/#primaryimage\",\"url\":\"https:\\\/\\\/news.save.ch\\\/wp-content\\\/uploads\\\/2016\\\/12\\\/Betafence-Neuer-Vertriebsleiter_sicherheitsforum-scaled.jpg\",\"contentUrl\":\"https:\\\/\\\/news.save.ch\\\/wp-content\\\/uploads\\\/2016\\\/12\\\/Betafence-Neuer-Vertriebsleiter_sicherheitsforum-scaled.jpg\",\"width\":1400,\"height\":933,\"caption\":\"Marius Fischer, neu als Vertriebsleiter bei Betafence t\u00e4tig.\"},{\"@type\":\"BreadcrumbList\",\"@id\":\"https:\\\/\\\/news.save.ch\\\/betafence-neuer-vertriebsleiter\\\/#breadcrumb\",\"itemListElement\":[{\"@type\":\"ListItem\",\"position\":1,\"name\":\"Home\",\"item\":\"https:\\\/\\\/news.save.ch\\\/de\\\/\"},{\"@type\":\"ListItem\",\"position\":2,\"name\":\"Betafence: Neuer Vertriebsleiter\"}]},{\"@type\":\"WebSite\",\"@id\":\"https:\\\/\\\/news.save.ch\\\/de\\\/#website\",\"url\":\"https:\\\/\\\/news.save.ch\\\/de\\\/\",\"name\":\"Save\",\"description\":\"Schweizer Fachzeitschrift f\u00fcr Sicherheit\",\"publisher\":{\"@id\":\"https:\\\/\\\/news.save.ch\\\/de\\\/#organization\"},\"potentialAction\":[{\"@type\":\"SearchAction\",\"target\":{\"@type\":\"EntryPoint\",\"urlTemplate\":\"https:\\\/\\\/news.save.ch\\\/de\\\/?s={search_term_string}\"},\"query-input\":{\"@type\":\"PropertyValueSpecification\",\"valueRequired\":true,\"valueName\":\"search_term_string\"}}],\"inLanguage\":\"de\"},{\"@type\":\"Organization\",\"@id\":\"https:\\\/\\\/news.save.ch\\\/de\\\/#organization\",\"name\":\"Sicherheitsforum\",\"url\":\"https:\\\/\\\/news.save.ch\\\/de\\\/\",\"logo\":{\"@type\":\"ImageObject\",\"inLanguage\":\"de\",\"@id\":\"https:\\\/\\\/news.save.ch\\\/de\\\/#\\\/schema\\\/logo\\\/image\\\/\",\"url\":\"https:\\\/\\\/news.save.ch\\\/wp-content\\\/uploads\\\/2022\\\/06\\\/Logo_SF_2012.png\",\"contentUrl\":\"https:\\\/\\\/news.save.ch\\\/wp-content\\\/uploads\\\/2022\\\/06\\\/Logo_SF_2012.png\",\"width\":1100,\"height\":91,\"caption\":\"Sicherheitsforum\"},\"image\":{\"@id\":\"https:\\\/\\\/news.save.ch\\\/de\\\/#\\\/schema\\\/logo\\\/image\\\/\"}},{\"@type\":\"Person\",\"@id\":\"https:\\\/\\\/news.save.ch\\\/de\\\/#\\\/schema\\\/person\\\/d49e199490bad7c70d64b9ab51142f2b\",\"name\":\"admin\",\"image\":{\"@type\":\"ImageObject\",\"inLanguage\":\"de\",\"@id\":\"https:\\\/\\\/secure.gravatar.com\\\/avatar\\\/ae2f4d718e6c49043e314ce431e7e645d646302a24a5ef5a8bc8e3f5a032e319?s=96&d=mm&r=g\",\"url\":\"https:\\\/\\\/secure.gravatar.com\\\/avatar\\\/ae2f4d718e6c49043e314ce431e7e645d646302a24a5ef5a8bc8e3f5a032e319?s=96&d=mm&r=g\",\"contentUrl\":\"https:\\\/\\\/secure.gravatar.com\\\/avatar\\\/ae2f4d718e6c49043e314ce431e7e645d646302a24a5ef5a8bc8e3f5a032e319?s=96&d=mm&r=g\",\"caption\":\"admin\"},\"sameAs\":[\"https:\\\/\\\/develop.organisator.galledia.ch\"],\"url\":\"https:\\\/\\\/news.save.ch\\\/de\\\/author\\\/admin\\\/\"}]}<\/script>\n<!-- \/ Yoast SEO plugin. -->","yoast_head_json":{"title":"Betafence: Neuer Vertriebsleiter - Save","description":"Marius Fischer (41) hat per Anfang Juni bei Betafence die Vertriebsleitung f\u00fcr die Schweiz \u00fcbernommen.","robots":{"index":"index","follow":"follow","max-snippet":"max-snippet:-1","max-image-preview":"max-image-preview:large","max-video-preview":"max-video-preview:-1"},"canonical":"https:\/\/news.save.ch\/de\/betafence-neuer-vertriebsleiter\/","og_locale":"de_DE","og_type":"article","og_title":"Betafence: Neuer Vertriebsleiter","og_description":"Marius Fischer (41) hat per Anfang Juni bei Betafence die Vertriebsleitung f\u00fcr die Schweiz \u00fcbernommen. Mit der neuen Position st\u00e4rkt der Weltmarktf\u00fchrer f\u00fcr Zaun- und Zutrittskontrolll\u00f6sungen seine Aktivit\u00e4ten hierzulande, wie das Unternehmen wissen l\u00e4sst.","og_url":"https:\/\/news.save.ch\/de\/betafence-neuer-vertriebsleiter\/","og_site_name":"Save","article_published_time":"2015-07-01T08:27:11+00:00","article_modified_time":"2023-03-14T08:00:05+00:00","og_image":[{"url":"https:\/\/news.save.ch\/wp-content\/uploads\/2016\/12\/Betafence-Neuer-Vertriebsleiter_sicherheitsforum.jpg","type":"","width":"","height":""}],"author":"admin","twitter_card":"summary_large_image","twitter_misc":{"Geschrieben von":"admin","Gesch\u00e4tzte Lesezeit":"1\u00a0Minute"},"schema":{"@context":"https:\/\/schema.org","@graph":[{"@type":"Article","@id":"https:\/\/news.save.ch\/betafence-neuer-vertriebsleiter\/#article","isPartOf":{"@id":"https:\/\/news.save.ch\/betafence-neuer-vertriebsleiter\/"},"author":{"name":"admin","@id":"https:\/\/news.save.ch\/de\/#\/schema\/person\/d49e199490bad7c70d64b9ab51142f2b"},"headline":"Betafence: Neuer Vertriebsleiter","datePublished":"2015-07-01T08:27:11+00:00","dateModified":"2023-03-14T08:00:05+00:00","mainEntityOfPage":{"@id":"https:\/\/news.save.ch\/betafence-neuer-vertriebsleiter\/"},"wordCount":170,"commentCount":0,"publisher":{"@id":"https:\/\/news.save.ch\/de\/#organization"},"image":{"@id":"https:\/\/news.save.ch\/betafence-neuer-vertriebsleiter\/#primaryimage"},"thumbnailUrl":"https:\/\/news.save.ch\/wp-content\/uploads\/2016\/12\/Betafence-Neuer-Vertriebsleiter_sicherheitsforum-scaled.jpg","keywords":["Personalien","Unternehmen","Video-Security","Zutrittskontrolle","Zutrittskontrolle\/Video-Security"],"articleSection":["SICHERHEIT"],"inLanguage":"de"},{"@type":"WebPage","@id":"https:\/\/news.save.ch\/betafence-neuer-vertriebsleiter\/","url":"https:\/\/news.save.ch\/betafence-neuer-vertriebsleiter\/","name":"Betafence: Neuer Vertriebsleiter - Save","isPartOf":{"@id":"https:\/\/news.save.ch\/de\/#website"},"primaryImageOfPage":{"@id":"https:\/\/news.save.ch\/betafence-neuer-vertriebsleiter\/#primaryimage"},"image":{"@id":"https:\/\/news.save.ch\/betafence-neuer-vertriebsleiter\/#primaryimage"},"thumbnailUrl":"https:\/\/news.save.ch\/wp-content\/uploads\/2016\/12\/Betafence-Neuer-Vertriebsleiter_sicherheitsforum-scaled.jpg","datePublished":"2015-07-01T08:27:11+00:00","dateModified":"2023-03-14T08:00:05+00:00","description":"Marius Fischer (41) hat per Anfang Juni bei Betafence die Vertriebsleitung f\u00fcr die Schweiz \u00fcbernommen.","breadcrumb":{"@id":"https:\/\/news.save.ch\/betafence-neuer-vertriebsleiter\/#breadcrumb"},"inLanguage":"de","potentialAction":[{"@type":"ReadAction","target":["https:\/\/news.save.ch\/betafence-neuer-vertriebsleiter\/"]}]},{"@type":"ImageObject","inLanguage":"de","@id":"https:\/\/news.save.ch\/betafence-neuer-vertriebsleiter\/#primaryimage","url":"https:\/\/news.save.ch\/wp-content\/uploads\/2016\/12\/Betafence-Neuer-Vertriebsleiter_sicherheitsforum-scaled.jpg","contentUrl":"https:\/\/news.save.ch\/wp-content\/uploads\/2016\/12\/Betafence-Neuer-Vertriebsleiter_sicherheitsforum-scaled.jpg","width":1400,"height":933,"caption":"Marius Fischer, neu als Vertriebsleiter bei Betafence t\u00e4tig."},{"@type":"BreadcrumbList","@id":"https:\/\/news.save.ch\/betafence-neuer-vertriebsleiter\/#breadcrumb","itemListElement":[{"@type":"ListItem","position":1,"name":"Home","item":"https:\/\/news.save.ch\/de\/"},{"@type":"ListItem","position":2,"name":"Betafence: Neuer Vertriebsleiter"}]},{"@type":"WebSite","@id":"https:\/\/news.save.ch\/de\/#website","url":"https:\/\/news.save.ch\/de\/","name":"Save","description":"Schweizer Fachzeitschrift f\u00fcr Sicherheit","publisher":{"@id":"https:\/\/news.save.ch\/de\/#organization"},"potentialAction":[{"@type":"SearchAction","target":{"@type":"EntryPoint","urlTemplate":"https:\/\/news.save.ch\/de\/?s={search_term_string}"},"query-input":{"@type":"PropertyValueSpecification","valueRequired":true,"valueName":"search_term_string"}}],"inLanguage":"de"},{"@type":"Organization","@id":"https:\/\/news.save.ch\/de\/#organization","name":"Sicherheitsforum","url":"https:\/\/news.save.ch\/de\/","logo":{"@type":"ImageObject","inLanguage":"de","@id":"https:\/\/news.save.ch\/de\/#\/schema\/logo\/image\/","url":"https:\/\/news.save.ch\/wp-content\/uploads\/2022\/06\/Logo_SF_2012.png","contentUrl":"https:\/\/news.save.ch\/wp-content\/uploads\/2022\/06\/Logo_SF_2012.png","width":1100,"height":91,"caption":"Sicherheitsforum"},"image":{"@id":"https:\/\/news.save.ch\/de\/#\/schema\/logo\/image\/"}},{"@type":"Person","@id":"https:\/\/news.save.ch\/de\/#\/schema\/person\/d49e199490bad7c70d64b9ab51142f2b","name":"admin","image":{"@type":"ImageObject","inLanguage":"de","@id":"https:\/\/secure.gravatar.com\/avatar\/ae2f4d718e6c49043e314ce431e7e645d646302a24a5ef5a8bc8e3f5a032e319?s=96&d=mm&r=g","url":"https:\/\/secure.gravatar.com\/avatar\/ae2f4d718e6c49043e314ce431e7e645d646302a24a5ef5a8bc8e3f5a032e319?s=96&d=mm&r=g","contentUrl":"https:\/\/secure.gravatar.com\/avatar\/ae2f4d718e6c49043e314ce431e7e645d646302a24a5ef5a8bc8e3f5a032e319?s=96&d=mm&r=g","caption":"admin"},"sameAs":["https:\/\/develop.organisator.galledia.ch"],"url":"https:\/\/news.save.ch\/de\/author\/admin\/"}]}},"_links":{"self":[{"href":"https:\/\/news.save.ch\/de\/wp-json\/wp\/v2\/posts\/3006","targetHints":{"allow":["GET"]}}],"collection":[{"href":"https:\/\/news.save.ch\/de\/wp-json\/wp\/v2\/posts"}],"about":[{"href":"https:\/\/news.save.ch\/de\/wp-json\/wp\/v2\/types\/post"}],"author":[{"embeddable":true,"href":"https:\/\/news.save.ch\/de\/wp-json\/wp\/v2\/users\/1"}],"replies":[{"embeddable":true,"href":"https:\/\/news.save.ch\/de\/wp-json\/wp\/v2\/comments?post=3006"}],"version-history":[{"count":1,"href":"https:\/\/news.save.ch\/de\/wp-json\/wp\/v2\/posts\/3006\/revisions"}],"predecessor-version":[{"id":18017,"href":"https:\/\/news.save.ch\/de\/wp-json\/wp\/v2\/posts\/3006\/revisions\/18017"}],"wp:featuredmedia":[{"embeddable":true,"href":"https:\/\/news.save.ch\/de\/wp-json\/wp\/v2\/media\/3007"}],"wp:attachment":[{"href":"https:\/\/news.save.ch\/de\/wp-json\/wp\/v2\/media?parent=3006"}],"wp:term":[{"taxonomy":"category","embeddable":true,"href":"https:\/\/news.save.ch\/de\/wp-json\/wp\/v2\/categories?post=3006"},{"taxonomy":"post_tag","embeddable":true,"href":"https:\/\/news.save.ch\/de\/wp-json\/wp\/v2\/tags?post=3006"}],"curies":[{"name":"wp","href":"https:\/\/api.w.org\/{rel}","templated":true}]}}