{"id":3030,"date":"2015-03-12T10:38:39","date_gmt":"2015-03-12T09:38:39","guid":{"rendered":"https:\/\/dev.sicherheitsforum.ch\/?p=3030"},"modified":"2015-03-12T10:38:39","modified_gmt":"2015-03-12T09:38:39","slug":"strafen-mit-signalwirkung-gefordert","status":null,"type":"post","link":"https:\/\/news.save.ch\/de\/strafen-mit-signalwirkung-gefordert\/","title":{"rendered":"Strafen mit Signalwirkung gefordert"},"content":{"rendered":"<figure id=\"attachment_3031\" aria-describedby=\"caption-attachment-3031\" style=\"width: 291px\" class=\"wp-caption alignnone\"><img loading=\"lazy\" decoding=\"async\" class=\"size-full wp-image-3031\" src=\"https:\/\/news.save.ch\/wp-content\/uploads\/2016\/12\/Strafen-mit-Signalwirkung-gefordert-sicherheitsforum.jpg\" alt=\"\" width=\"291\" height=\"363\" srcset=\"https:\/\/news.save.ch\/wp-content\/uploads\/2016\/12\/Strafen-mit-Signalwirkung-gefordert-sicherheitsforum.jpg 291w, https:\/\/news.save.ch\/wp-content\/uploads\/2016\/12\/Strafen-mit-Signalwirkung-gefordert-sicherheitsforum-240x300.jpg 240w\" sizes=\"auto, (max-width: 291px) 100vw, 291px\" \/><figcaption id=\"caption-attachment-3031\" class=\"wp-caption-text\">Gef\u00e4hrliche Entwicklung: Gewalt und Drohungen gegen Polizistinnen und Polizisten<\/figcaption><\/figure>\n<blockquote>\n<p>\u201eWir fordern auch die nationale Politik endlich dazu auf unsere \u2013 im 2009 eingereichte \u2013 Petition \u201eStopp der Gewalt gegen die Polizei\u201c aus der Schublade zu nehmen und griffige Massnahmen zu beschliessen\u201c &#8211; VSPB-Generalsekret\u00e4r Max Hofmann.<\/p>\n<\/blockquote>\n<p>Es sind Szenen wie man sie nur aus Actionfilmen kennt, die sich im Tessin zugetragen haben. Diese Taten sind f\u00fcr den Verband Schweizerischer Polizei-Beamter (VSPB) unbegreiflich und m\u00fcssen mit aller H\u00e4rte bestraft werden, wie dieser mitgeteilt hat. Es brauche jetzt ein starkes Signal, denn nur so k\u00f6nne diese gef\u00e4hrliche Entwicklung gestoppt werden.<\/p>\n<p>Am 21. Februar wurde in Brissago ein Polizist 30 m vom Fahrzeug eines Taxifahrers aus Locarno mitgerissen, als dieser sich der Kontrolle entziehen wollte, da er nicht \u00fcber die n\u00f6tige Bewilligung f\u00fcr diese Region verf\u00fcgte. Der Polizist, der zum Gl\u00fcck nicht schwer verletzt wurde, konnte das Spital am n\u00e4chsten Tag verlassen. Am 3. M\u00e4rz kontrollierte und b\u00fcsste die Gemeindepolizei von Paradiso ein auf dem Trottoir parkiertes Fahrzeug. Dabei stiess der 26 Jahre alte Lenker dazu und beleidigte die Polizisten mehrfach. Als sie ihn einer Personenkontrolle unterziehen wollten sprang er erz\u00fcrnt in sein Fahrzeug und fuhr einige Meter r\u00fcckw\u00e4rts. Danach beschleunigte er sein Fahrzeug und fuhr mit Vollgas auf die beiden Polizisten zu. Ein Polizist konnte sich mit einem Sprung retten, der andere wurde vom Fahrzeug erfasst. Er zog sich dabei mittelschwere Verletzungen zu und musste sich im Spital behandeln lassen. Der Fahrzeuglenker konnte sp\u00e4ter gefasst und verhaftet werden.<\/p>\n<p>Die Petition\u00a0<a title=\"Link zur Petition\" href=\"https:\/\/www.vspb.org\/__\/frontend\/handler\/document.php?id=1100\" target=\"_blank\" data-cke-saved-href=\"https:\/\/www.vspb.org\/__\/frontend\/handler\/document.php?id=1100\" rel=\"noopener\">\u201eStopp der Gewalt gegen die Polizei\u201c<\/a> k\u00f6nnen Sie auf der <a title=\"Link zur Homepage\" href=\"https:\/\/www.vspb.org\/de\/themen_events_ausbildung\/gewalt_gegen_die_polizei\/\" target=\"_blank\" data-cke-saved-href=\"https:\/\/www.vspb.org\/de\/themen_events_ausbildung\/gewalt_gegen_die_polizei\/\" rel=\"noopener\">Homepage des\u00a0VSPB<\/a> einsehen.<\/p>\n","protected":false},"excerpt":{"rendered":"<p>\u201eWir fordern auch die nationale Politik endlich dazu auf unsere \u2013 im 2009 eingereichte \u2013 Petition \u201eStopp der Gewalt gegen die Polizei\u201c aus der Schublade zu nehmen und griffige Massnahmen zu beschliessen\u201c &#8211; VSPB-Generalsekret\u00e4r Max Hofmann. Es sind Szenen wie man sie nur aus Actionfilmen kennt, die sich im Tessin zugetragen haben. Diese Taten sind [&hellip;]<\/p>\n","protected":false},"author":1,"featured_media":3031,"comment_status":"open","ping_status":"open","sticky":false,"template":"","format":"standard","meta":{"_acf_changed":false,"pgc_sgb_lightbox_settings":"","footnotes":""},"categories":[1],"tags":[172],"class_list":["post-3030","post","type-post","status-publish","format-standard","has-post-thumbnail","hentry","category-allgemein","tag-arbeitssicherheit"],"acf":[],"hkrextid":null,"publication":null,"issue":null,"workflow":null,"startPage":null,"spitzmarke":null,"_posts_by_tag_page_fields":{"widget_title":"","widget_tags":""},"_at_widget":"1","_yoast_wpseo_primary_category":"1","_yoast_wpseo_focuskw_text_input":"Signalwirkung","_yoast_wpseo_opengraph-image":"https:\/\/news.save.ch\/wp-content\/uploads\/2016\/12\/Strafen-mit-Signalwirkung-gefordert-sicherheitsforum.jpg","_yoast_wpseo_opengraph-description":"Der Verband Schweizerischer Polizei-Beamter fordert h\u00e4rtere Strafen bei Gewalt und Drohungen gegen Polizisten.","_yoast_wpseo_opengraph-title":"Signalwirkung","enclosure":null,"_yoast_wpseo_twitter-title":null,"_yoast_wpseo_twitter-description":null,"_yoast_wpseo_twitter-image":null,"_wp_old_slug":null,"_yoast_wpseo_title":null,"_yoast_wpseo_canonical":null,"yoast_head":"<!-- This site is optimized with the Yoast SEO plugin v27.5 - https:\/\/yoast.com\/product\/yoast-seo-wordpress\/ -->\n<title>Strafen mit Signalwirkung gefordert - Save<\/title>\n<meta name=\"description\" content=\"Signalwirkung: Der Verband Schweizerischer Polizei-Beamter fordert h\u00e4rtere Strafen bei Gewalt und Drohungen gegen Polizisten.\" \/>\n<meta name=\"robots\" content=\"index, follow, max-snippet:-1, max-image-preview:large, max-video-preview:-1\" \/>\n<link rel=\"canonical\" href=\"https:\/\/news.save.ch\/de\/strafen-mit-signalwirkung-gefordert\/\" \/>\n<meta property=\"og:locale\" content=\"de_DE\" \/>\n<meta property=\"og:type\" content=\"article\" \/>\n<meta property=\"og:title\" content=\"Signalwirkung\" \/>\n<meta property=\"og:description\" content=\"Der Verband Schweizerischer Polizei-Beamter fordert h\u00e4rtere Strafen bei Gewalt und Drohungen gegen Polizisten.\" \/>\n<meta property=\"og:url\" content=\"https:\/\/news.save.ch\/de\/strafen-mit-signalwirkung-gefordert\/\" \/>\n<meta property=\"og:site_name\" content=\"Save\" \/>\n<meta property=\"article:published_time\" content=\"2015-03-12T09:38:39+00:00\" \/>\n<meta property=\"og:image\" content=\"https:\/\/news.save.ch\/wp-content\/uploads\/2016\/12\/Strafen-mit-Signalwirkung-gefordert-sicherheitsforum.jpg\" \/>\n<meta name=\"author\" content=\"admin\" \/>\n<meta name=\"twitter:card\" content=\"summary_large_image\" \/>\n<meta name=\"twitter:label1\" content=\"Geschrieben von\" \/>\n\t<meta name=\"twitter:data1\" content=\"admin\" \/>\n\t<meta name=\"twitter:label2\" content=\"Gesch\u00e4tzte Lesezeit\" \/>\n\t<meta name=\"twitter:data2\" content=\"1\u00a0Minute\" \/>\n<script type=\"application\/ld+json\" class=\"yoast-schema-graph\">{\"@context\":\"https:\\\/\\\/schema.org\",\"@graph\":[{\"@type\":\"Article\",\"@id\":\"https:\\\/\\\/news.save.ch\\\/strafen-mit-signalwirkung-gefordert\\\/#article\",\"isPartOf\":{\"@id\":\"https:\\\/\\\/news.save.ch\\\/strafen-mit-signalwirkung-gefordert\\\/\"},\"author\":{\"name\":\"admin\",\"@id\":\"https:\\\/\\\/news.save.ch\\\/de\\\/#\\\/schema\\\/person\\\/d49e199490bad7c70d64b9ab51142f2b\"},\"headline\":\"Strafen mit Signalwirkung gefordert\",\"datePublished\":\"2015-03-12T09:38:39+00:00\",\"mainEntityOfPage\":{\"@id\":\"https:\\\/\\\/news.save.ch\\\/strafen-mit-signalwirkung-gefordert\\\/\"},\"wordCount\":284,\"commentCount\":0,\"publisher\":{\"@id\":\"https:\\\/\\\/news.save.ch\\\/de\\\/#organization\"},\"image\":{\"@id\":\"https:\\\/\\\/news.save.ch\\\/strafen-mit-signalwirkung-gefordert\\\/#primaryimage\"},\"thumbnailUrl\":\"https:\\\/\\\/news.save.ch\\\/wp-content\\\/uploads\\\/2016\\\/12\\\/Strafen-mit-Signalwirkung-gefordert-sicherheitsforum.jpg\",\"keywords\":[\"Arbeitssicherheit\"],\"articleSection\":[\"ALLGEMEIN\"],\"inLanguage\":\"de\"},{\"@type\":\"WebPage\",\"@id\":\"https:\\\/\\\/news.save.ch\\\/strafen-mit-signalwirkung-gefordert\\\/\",\"url\":\"https:\\\/\\\/news.save.ch\\\/strafen-mit-signalwirkung-gefordert\\\/\",\"name\":\"Strafen mit Signalwirkung gefordert - Save\",\"isPartOf\":{\"@id\":\"https:\\\/\\\/news.save.ch\\\/de\\\/#website\"},\"primaryImageOfPage\":{\"@id\":\"https:\\\/\\\/news.save.ch\\\/strafen-mit-signalwirkung-gefordert\\\/#primaryimage\"},\"image\":{\"@id\":\"https:\\\/\\\/news.save.ch\\\/strafen-mit-signalwirkung-gefordert\\\/#primaryimage\"},\"thumbnailUrl\":\"https:\\\/\\\/news.save.ch\\\/wp-content\\\/uploads\\\/2016\\\/12\\\/Strafen-mit-Signalwirkung-gefordert-sicherheitsforum.jpg\",\"datePublished\":\"2015-03-12T09:38:39+00:00\",\"description\":\"Signalwirkung: Der Verband Schweizerischer Polizei-Beamter fordert h\u00e4rtere Strafen bei Gewalt und Drohungen gegen Polizisten.\",\"breadcrumb\":{\"@id\":\"https:\\\/\\\/news.save.ch\\\/strafen-mit-signalwirkung-gefordert\\\/#breadcrumb\"},\"inLanguage\":\"de\",\"potentialAction\":[{\"@type\":\"ReadAction\",\"target\":[\"https:\\\/\\\/news.save.ch\\\/strafen-mit-signalwirkung-gefordert\\\/\"]}]},{\"@type\":\"ImageObject\",\"inLanguage\":\"de\",\"@id\":\"https:\\\/\\\/news.save.ch\\\/strafen-mit-signalwirkung-gefordert\\\/#primaryimage\",\"url\":\"https:\\\/\\\/news.save.ch\\\/wp-content\\\/uploads\\\/2016\\\/12\\\/Strafen-mit-Signalwirkung-gefordert-sicherheitsforum.jpg\",\"contentUrl\":\"https:\\\/\\\/news.save.ch\\\/wp-content\\\/uploads\\\/2016\\\/12\\\/Strafen-mit-Signalwirkung-gefordert-sicherheitsforum.jpg\",\"width\":291,\"height\":363,\"caption\":\"Gef\u00e4hrliche Entwicklung: Gewalt und Drohungen gegen Polizistinnen und Polizisten\"},{\"@type\":\"BreadcrumbList\",\"@id\":\"https:\\\/\\\/news.save.ch\\\/strafen-mit-signalwirkung-gefordert\\\/#breadcrumb\",\"itemListElement\":[{\"@type\":\"ListItem\",\"position\":1,\"name\":\"Home\",\"item\":\"https:\\\/\\\/news.save.ch\\\/de\\\/\"},{\"@type\":\"ListItem\",\"position\":2,\"name\":\"Strafen mit Signalwirkung gefordert\"}]},{\"@type\":\"WebSite\",\"@id\":\"https:\\\/\\\/news.save.ch\\\/de\\\/#website\",\"url\":\"https:\\\/\\\/news.save.ch\\\/de\\\/\",\"name\":\"Save\",\"description\":\"Schweizer Fachzeitschrift f\u00fcr Sicherheit\",\"publisher\":{\"@id\":\"https:\\\/\\\/news.save.ch\\\/de\\\/#organization\"},\"potentialAction\":[{\"@type\":\"SearchAction\",\"target\":{\"@type\":\"EntryPoint\",\"urlTemplate\":\"https:\\\/\\\/news.save.ch\\\/de\\\/?s={search_term_string}\"},\"query-input\":{\"@type\":\"PropertyValueSpecification\",\"valueRequired\":true,\"valueName\":\"search_term_string\"}}],\"inLanguage\":\"de\"},{\"@type\":\"Organization\",\"@id\":\"https:\\\/\\\/news.save.ch\\\/de\\\/#organization\",\"name\":\"Sicherheitsforum\",\"url\":\"https:\\\/\\\/news.save.ch\\\/de\\\/\",\"logo\":{\"@type\":\"ImageObject\",\"inLanguage\":\"de\",\"@id\":\"https:\\\/\\\/news.save.ch\\\/de\\\/#\\\/schema\\\/logo\\\/image\\\/\",\"url\":\"https:\\\/\\\/news.save.ch\\\/wp-content\\\/uploads\\\/2022\\\/06\\\/Logo_SF_2012.png\",\"contentUrl\":\"https:\\\/\\\/news.save.ch\\\/wp-content\\\/uploads\\\/2022\\\/06\\\/Logo_SF_2012.png\",\"width\":1100,\"height\":91,\"caption\":\"Sicherheitsforum\"},\"image\":{\"@id\":\"https:\\\/\\\/news.save.ch\\\/de\\\/#\\\/schema\\\/logo\\\/image\\\/\"}},{\"@type\":\"Person\",\"@id\":\"https:\\\/\\\/news.save.ch\\\/de\\\/#\\\/schema\\\/person\\\/d49e199490bad7c70d64b9ab51142f2b\",\"name\":\"admin\",\"image\":{\"@type\":\"ImageObject\",\"inLanguage\":\"de\",\"@id\":\"https:\\\/\\\/secure.gravatar.com\\\/avatar\\\/ae2f4d718e6c49043e314ce431e7e645d646302a24a5ef5a8bc8e3f5a032e319?s=96&d=mm&r=g\",\"url\":\"https:\\\/\\\/secure.gravatar.com\\\/avatar\\\/ae2f4d718e6c49043e314ce431e7e645d646302a24a5ef5a8bc8e3f5a032e319?s=96&d=mm&r=g\",\"contentUrl\":\"https:\\\/\\\/secure.gravatar.com\\\/avatar\\\/ae2f4d718e6c49043e314ce431e7e645d646302a24a5ef5a8bc8e3f5a032e319?s=96&d=mm&r=g\",\"caption\":\"admin\"},\"sameAs\":[\"https:\\\/\\\/develop.organisator.galledia.ch\"],\"url\":\"https:\\\/\\\/news.save.ch\\\/de\\\/author\\\/admin\\\/\"}]}<\/script>\n<!-- \/ Yoast SEO plugin. -->","yoast_head_json":{"title":"Strafen mit Signalwirkung gefordert - Save","description":"Signalwirkung: Der Verband Schweizerischer Polizei-Beamter fordert h\u00e4rtere Strafen bei Gewalt und Drohungen gegen Polizisten.","robots":{"index":"index","follow":"follow","max-snippet":"max-snippet:-1","max-image-preview":"max-image-preview:large","max-video-preview":"max-video-preview:-1"},"canonical":"https:\/\/news.save.ch\/de\/strafen-mit-signalwirkung-gefordert\/","og_locale":"de_DE","og_type":"article","og_title":"Signalwirkung","og_description":"Der Verband Schweizerischer Polizei-Beamter fordert h\u00e4rtere Strafen bei Gewalt und Drohungen gegen Polizisten.","og_url":"https:\/\/news.save.ch\/de\/strafen-mit-signalwirkung-gefordert\/","og_site_name":"Save","article_published_time":"2015-03-12T09:38:39+00:00","og_image":[{"url":"https:\/\/news.save.ch\/wp-content\/uploads\/2016\/12\/Strafen-mit-Signalwirkung-gefordert-sicherheitsforum.jpg","type":"","width":"","height":""}],"author":"admin","twitter_card":"summary_large_image","twitter_misc":{"Geschrieben von":"admin","Gesch\u00e4tzte Lesezeit":"1\u00a0Minute"},"schema":{"@context":"https:\/\/schema.org","@graph":[{"@type":"Article","@id":"https:\/\/news.save.ch\/strafen-mit-signalwirkung-gefordert\/#article","isPartOf":{"@id":"https:\/\/news.save.ch\/strafen-mit-signalwirkung-gefordert\/"},"author":{"name":"admin","@id":"https:\/\/news.save.ch\/de\/#\/schema\/person\/d49e199490bad7c70d64b9ab51142f2b"},"headline":"Strafen mit Signalwirkung gefordert","datePublished":"2015-03-12T09:38:39+00:00","mainEntityOfPage":{"@id":"https:\/\/news.save.ch\/strafen-mit-signalwirkung-gefordert\/"},"wordCount":284,"commentCount":0,"publisher":{"@id":"https:\/\/news.save.ch\/de\/#organization"},"image":{"@id":"https:\/\/news.save.ch\/strafen-mit-signalwirkung-gefordert\/#primaryimage"},"thumbnailUrl":"https:\/\/news.save.ch\/wp-content\/uploads\/2016\/12\/Strafen-mit-Signalwirkung-gefordert-sicherheitsforum.jpg","keywords":["Arbeitssicherheit"],"articleSection":["ALLGEMEIN"],"inLanguage":"de"},{"@type":"WebPage","@id":"https:\/\/news.save.ch\/strafen-mit-signalwirkung-gefordert\/","url":"https:\/\/news.save.ch\/strafen-mit-signalwirkung-gefordert\/","name":"Strafen mit Signalwirkung gefordert - Save","isPartOf":{"@id":"https:\/\/news.save.ch\/de\/#website"},"primaryImageOfPage":{"@id":"https:\/\/news.save.ch\/strafen-mit-signalwirkung-gefordert\/#primaryimage"},"image":{"@id":"https:\/\/news.save.ch\/strafen-mit-signalwirkung-gefordert\/#primaryimage"},"thumbnailUrl":"https:\/\/news.save.ch\/wp-content\/uploads\/2016\/12\/Strafen-mit-Signalwirkung-gefordert-sicherheitsforum.jpg","datePublished":"2015-03-12T09:38:39+00:00","description":"Signalwirkung: Der Verband Schweizerischer Polizei-Beamter fordert h\u00e4rtere Strafen bei Gewalt und Drohungen gegen Polizisten.","breadcrumb":{"@id":"https:\/\/news.save.ch\/strafen-mit-signalwirkung-gefordert\/#breadcrumb"},"inLanguage":"de","potentialAction":[{"@type":"ReadAction","target":["https:\/\/news.save.ch\/strafen-mit-signalwirkung-gefordert\/"]}]},{"@type":"ImageObject","inLanguage":"de","@id":"https:\/\/news.save.ch\/strafen-mit-signalwirkung-gefordert\/#primaryimage","url":"https:\/\/news.save.ch\/wp-content\/uploads\/2016\/12\/Strafen-mit-Signalwirkung-gefordert-sicherheitsforum.jpg","contentUrl":"https:\/\/news.save.ch\/wp-content\/uploads\/2016\/12\/Strafen-mit-Signalwirkung-gefordert-sicherheitsforum.jpg","width":291,"height":363,"caption":"Gef\u00e4hrliche Entwicklung: Gewalt und Drohungen gegen Polizistinnen und Polizisten"},{"@type":"BreadcrumbList","@id":"https:\/\/news.save.ch\/strafen-mit-signalwirkung-gefordert\/#breadcrumb","itemListElement":[{"@type":"ListItem","position":1,"name":"Home","item":"https:\/\/news.save.ch\/de\/"},{"@type":"ListItem","position":2,"name":"Strafen mit Signalwirkung gefordert"}]},{"@type":"WebSite","@id":"https:\/\/news.save.ch\/de\/#website","url":"https:\/\/news.save.ch\/de\/","name":"Save","description":"Schweizer Fachzeitschrift f\u00fcr Sicherheit","publisher":{"@id":"https:\/\/news.save.ch\/de\/#organization"},"potentialAction":[{"@type":"SearchAction","target":{"@type":"EntryPoint","urlTemplate":"https:\/\/news.save.ch\/de\/?s={search_term_string}"},"query-input":{"@type":"PropertyValueSpecification","valueRequired":true,"valueName":"search_term_string"}}],"inLanguage":"de"},{"@type":"Organization","@id":"https:\/\/news.save.ch\/de\/#organization","name":"Sicherheitsforum","url":"https:\/\/news.save.ch\/de\/","logo":{"@type":"ImageObject","inLanguage":"de","@id":"https:\/\/news.save.ch\/de\/#\/schema\/logo\/image\/","url":"https:\/\/news.save.ch\/wp-content\/uploads\/2022\/06\/Logo_SF_2012.png","contentUrl":"https:\/\/news.save.ch\/wp-content\/uploads\/2022\/06\/Logo_SF_2012.png","width":1100,"height":91,"caption":"Sicherheitsforum"},"image":{"@id":"https:\/\/news.save.ch\/de\/#\/schema\/logo\/image\/"}},{"@type":"Person","@id":"https:\/\/news.save.ch\/de\/#\/schema\/person\/d49e199490bad7c70d64b9ab51142f2b","name":"admin","image":{"@type":"ImageObject","inLanguage":"de","@id":"https:\/\/secure.gravatar.com\/avatar\/ae2f4d718e6c49043e314ce431e7e645d646302a24a5ef5a8bc8e3f5a032e319?s=96&d=mm&r=g","url":"https:\/\/secure.gravatar.com\/avatar\/ae2f4d718e6c49043e314ce431e7e645d646302a24a5ef5a8bc8e3f5a032e319?s=96&d=mm&r=g","contentUrl":"https:\/\/secure.gravatar.com\/avatar\/ae2f4d718e6c49043e314ce431e7e645d646302a24a5ef5a8bc8e3f5a032e319?s=96&d=mm&r=g","caption":"admin"},"sameAs":["https:\/\/develop.organisator.galledia.ch"],"url":"https:\/\/news.save.ch\/de\/author\/admin\/"}]}},"_links":{"self":[{"href":"https:\/\/news.save.ch\/de\/wp-json\/wp\/v2\/posts\/3030","targetHints":{"allow":["GET"]}}],"collection":[{"href":"https:\/\/news.save.ch\/de\/wp-json\/wp\/v2\/posts"}],"about":[{"href":"https:\/\/news.save.ch\/de\/wp-json\/wp\/v2\/types\/post"}],"author":[{"embeddable":true,"href":"https:\/\/news.save.ch\/de\/wp-json\/wp\/v2\/users\/1"}],"replies":[{"embeddable":true,"href":"https:\/\/news.save.ch\/de\/wp-json\/wp\/v2\/comments?post=3030"}],"version-history":[{"count":0,"href":"https:\/\/news.save.ch\/de\/wp-json\/wp\/v2\/posts\/3030\/revisions"}],"wp:featuredmedia":[{"embeddable":true,"href":"https:\/\/news.save.ch\/de\/wp-json\/wp\/v2\/media\/3031"}],"wp:attachment":[{"href":"https:\/\/news.save.ch\/de\/wp-json\/wp\/v2\/media?parent=3030"}],"wp:term":[{"taxonomy":"category","embeddable":true,"href":"https:\/\/news.save.ch\/de\/wp-json\/wp\/v2\/categories?post=3030"},{"taxonomy":"post_tag","embeddable":true,"href":"https:\/\/news.save.ch\/de\/wp-json\/wp\/v2\/tags?post=3030"}],"curies":[{"name":"wp","href":"https:\/\/api.w.org\/{rel}","templated":true}]}}