{"id":3120,"date":"2015-03-27T11:09:23","date_gmt":"2015-03-27T10:09:23","guid":{"rendered":"https:\/\/dev.sicherheitsforum.ch\/?p=3120"},"modified":"2015-03-27T11:09:23","modified_gmt":"2015-03-27T10:09:23","slug":"sicherheitsverbunds-uebung-erste-erkenntnisse","status":null,"type":"post","link":"https:\/\/news.save.ch\/de\/sicherheitsverbunds-uebung-erste-erkenntnisse\/","title":{"rendered":"Sicherheitsverbunds-\u00dcbung: Erste Erkenntnisse"},"content":{"rendered":"<figure id=\"attachment_3121\" aria-describedby=\"caption-attachment-3121\" style=\"width: 680px\" class=\"wp-caption alignnone\"><img loading=\"lazy\" decoding=\"async\" class=\"size-medium wp-image-3121\" src=\"https:\/\/news.save.ch\/wp-content\/uploads\/2016\/12\/Sicherheitsverbunds-Uebung-Erste-Erkenntnisse-sicherheitsforum.jpg\" alt=\"\" width=\"680\" height=\"491\" \/><figcaption id=\"caption-attachment-3121\" class=\"wp-caption-text\">Im Element &#8211; SVU-Leiter Toni Frisch.<\/figcaption><\/figure>\n<blockquote>\n<p>\u00abUnsere Gesellschaft ist verletzlicher geworden\u00bb -SVU-Leiter Toni Frisch.<\/p>\n<\/blockquote>\n<p>Am 8. Schweizer Polizei Informatik Kongress (<a title=\"Link zum Polizei-Kongress\" href=\"https:\/\/www.spik.ch\" target=\"_blank\" data-cke-saved-href=\"https:\/\/www.spik.ch\" rel=\"noopener\">SPIK<\/a>) in Bern hat SVU-Leiter Toni Frisch erste Erkenntnisse aus der im November durchgef\u00fchrten \u00dcbung pr\u00e4sentiert. Als Szenario diente eine dreimonatige Strommangellage mit einem 48-st\u00fcndigen Komplett-Stromausfall. Zus\u00e4tzlich grassierte eine starke Grippepandemie. Es handelte sich um die erste landesweite \u00dcbung des Krisenmanagements seit 17 Jahren: Neben Bund, allen Kantonen und einigen St\u00e4dten nahmen auch Betreiber kritischer Infrastrukturen wie Bahn- und Stromnetzen und die Armee teil.<\/p>\n<p>Im Grossen und Ganzen lasse sich die \u00dcbung des Sicherheitsverbundes Schweiz als sehr positiv beschreiben, fasste Frisch in seinem Referat zusammen: \u00abDie Mitarbeit aller Beteiligten war sehr konstruktiv und engagiert. Es konnten Schwachpunkte auf verschiedenen Ebenen identifiziert und Massnahmen f\u00fcr eine zuk\u00fcnftige Verbesserung erarbeitet werden.\u00bb<\/p>\n<p>Am Wichtigsten sei jedoch die Erkenntnis, wie verletzlich unsere heutige Gesellschaft ist, hielt Frisch fest. Da wir es uns gewohnt seien, dass alles funktioniere, verlieren wir an Innovationsf\u00e4higkeit in Krisensituationen. Ausserdem seien wir in den vergangen Jahren viel st\u00e4rker vom Strom abh\u00e4ngig geworden. \u00abWir hoffen stark, dass wir die Bev\u00f6lkerung mit unseren Ergebnissen sensibilisieren k\u00f6nnen ohne dabei zu dramatisieren.\u00bb<\/p>\n<p><strong>Guter Rat \u2013 Vorrat<\/strong><\/p>\n<p>Als problematisch erwies sich insbesondere die mehrmonatige Dauer der Krise. Durch den Ausfall von Verkehrsmitteln und Krankheitsabwesenheiten mangle es \u00fcberall an Personal \u2013 auch in den Sicherheitsorganisationen. Weiter w\u00fcrde die Kommunikation massiv eingeschr\u00e4nkt. Sich eine solche Situation vorzustellen, sei gar nicht so einfach, betont Frisch.\u00a0\u00abDas komplexe Ausmass wird erst klar, wenn man die vielen kleinen Dinge, welche ohne Strom nicht mehr funktionieren w\u00fcrden, zusammenh\u00e4ngend betrachtet. Dies bedingte ein hohes Mass an Vorstellungskraft aller \u00dcbungsteilnehmer.\u00bb<\/p>\n<p>Als besonders kritischen Punkt nannte der \u00dcbungsleiter die Versorgung der Bev\u00f6lkerung mit Lebensmitteln. In einer Zeit, in der kaum jemand Notvorr\u00e4te lagere, k\u00f6nnen Lieferengp\u00e4sse schnell schwerwiegende Konsequenzen haben. \u00abIn diesem Punkt m\u00fcssen wir uns klar verbessern\u00bb, so Frisch.<\/p>\n<p>Rund 600 Vertreter aus Polizei und Wirtschaft, IT-Experten verschiedener Branchen und Teilnehmer aus der Politik nahmen am 8. SPIK am 26. M\u00e4rz teil. Der j\u00e4hrliche Anlass ist die nationale Plattform f\u00fcr den Erfahrungsaustausch zu den Themen Polizeiinformatik und Bek\u00e4mpfung von Cybercrime. Neben Referaten in sieben Symposien konnten sich die Teilnehmenden an \u00fcber 30 Messest\u00e4nden vom praktischen Nutzen der pr\u00e4sentierten L\u00f6sungen \u00fcberzeugen.<\/p>\n<p>Foto: Claudio Protopapa, Kapo Bern<\/p>\n","protected":false},"excerpt":{"rendered":"<p>\u00abUnsere Gesellschaft ist verletzlicher geworden\u00bb -SVU-Leiter Toni Frisch. Am 8. Schweizer Polizei Informatik Kongress (SPIK) in Bern hat SVU-Leiter Toni Frisch erste Erkenntnisse aus der im November durchgef\u00fchrten \u00dcbung pr\u00e4sentiert. Als Szenario diente eine dreimonatige Strommangellage mit einem 48-st\u00fcndigen Komplett-Stromausfall. Zus\u00e4tzlich grassierte eine starke Grippepandemie. Es handelte sich um die erste landesweite \u00dcbung des Krisenmanagements [&hellip;]<\/p>\n","protected":false},"author":1,"featured_media":3121,"comment_status":"open","ping_status":"open","sticky":false,"template":"","format":"standard","meta":{"_acf_changed":false,"pgc_sgb_lightbox_settings":"","footnotes":""},"categories":[1],"tags":[236],"class_list":["post-3120","post","type-post","status-publish","format-standard","has-post-thumbnail","hentry","category-allgemein","tag-uebung"],"acf":[],"hkrextid":null,"publication":null,"issue":null,"workflow":null,"startPage":null,"spitzmarke":null,"_posts_by_tag_page_fields":{"widget_title":"","widget_tags":""},"_at_widget":"1","_yoast_wpseo_primary_category":"1","_yoast_wpseo_focuskw_text_input":"Sicherheitsverbunds-\u00dcbung","_yoast_wpseo_opengraph-image":"https:\/\/sicherheitsforum.ch\/wp-content\/uploads\/2016\/12\/Sicherheitsverbunds-\u00dcbung-Erste-Erkenntnisse-sicherheitsforum.jpg","_yoast_wpseo_opengraph-description":"Was passiert, wenn in der Schweiz mehrere Tage der Strom ausf\u00e4llt und gleichzeitig eine schwere Pandemiewellen w\u00fctet? Wie reagieren Bund, Kantone und Armee auf einen solchen Krisenfall? Mit diesen Fragen besch\u00e4ftigte sich die Sicherheitsverbund\u00fcbung 2014 (SVU14).","_yoast_wpseo_opengraph-title":"Sicherheitsverbunds-\u00dcbung: Erste Erkenntnisse","enclosure":null,"_yoast_wpseo_twitter-title":null,"_yoast_wpseo_twitter-description":null,"_yoast_wpseo_twitter-image":null,"_wp_old_slug":null,"_yoast_wpseo_title":null,"_yoast_wpseo_canonical":null,"yoast_head":"<!-- This site is optimized with the Yoast SEO plugin v27.5 - https:\/\/yoast.com\/product\/yoast-seo-wordpress\/ -->\n<title>Sicherheitsverbunds-\u00dcbung: Erste Erkenntnisse - Save<\/title>\n<meta name=\"description\" content=\"Was passiert, wenn in der Schweiz tagelang der Strom ausf\u00e4llt und gleichzeitig eine Pandemiewellen w\u00fctet? Wie reagieren Bund, Kantone, Armee darauf?\" \/>\n<meta name=\"robots\" content=\"index, follow, max-snippet:-1, max-image-preview:large, max-video-preview:-1\" \/>\n<link rel=\"canonical\" href=\"https:\/\/news.save.ch\/de\/sicherheitsverbunds-uebung-erste-erkenntnisse\/\" \/>\n<meta property=\"og:locale\" content=\"de_DE\" \/>\n<meta property=\"og:type\" content=\"article\" \/>\n<meta property=\"og:title\" content=\"Sicherheitsverbunds-\u00dcbung: Erste Erkenntnisse\" \/>\n<meta property=\"og:description\" content=\"Was passiert, wenn in der Schweiz mehrere Tage der Strom ausf\u00e4llt und gleichzeitig eine schwere Pandemiewellen w\u00fctet? Wie reagieren Bund, Kantone und Armee auf einen solchen Krisenfall? Mit diesen Fragen besch\u00e4ftigte sich die Sicherheitsverbund\u00fcbung 2014 (SVU14).\" \/>\n<meta property=\"og:url\" content=\"https:\/\/news.save.ch\/de\/sicherheitsverbunds-uebung-erste-erkenntnisse\/\" \/>\n<meta property=\"og:site_name\" content=\"Save\" \/>\n<meta property=\"article:published_time\" content=\"2015-03-27T10:09:23+00:00\" \/>\n<meta property=\"og:image\" content=\"https:\/\/sicherheitsforum.ch\/wp-content\/uploads\/2016\/12\/Sicherheitsverbunds-\u00dcbung-Erste-Erkenntnisse-sicherheitsforum.jpg\" \/>\n<meta name=\"author\" content=\"admin\" \/>\n<meta name=\"twitter:card\" content=\"summary_large_image\" \/>\n<meta name=\"twitter:label1\" content=\"Geschrieben von\" \/>\n\t<meta name=\"twitter:data1\" content=\"admin\" \/>\n\t<meta name=\"twitter:label2\" content=\"Gesch\u00e4tzte Lesezeit\" \/>\n\t<meta name=\"twitter:data2\" content=\"2\u00a0Minuten\" \/>\n<script type=\"application\/ld+json\" class=\"yoast-schema-graph\">{\"@context\":\"https:\\\/\\\/schema.org\",\"@graph\":[{\"@type\":\"Article\",\"@id\":\"https:\\\/\\\/news.save.ch\\\/sicherheitsverbunds-uebung-erste-erkenntnisse\\\/#article\",\"isPartOf\":{\"@id\":\"https:\\\/\\\/news.save.ch\\\/sicherheitsverbunds-uebung-erste-erkenntnisse\\\/\"},\"author\":{\"name\":\"admin\",\"@id\":\"https:\\\/\\\/news.save.ch\\\/de\\\/#\\\/schema\\\/person\\\/d49e199490bad7c70d64b9ab51142f2b\"},\"headline\":\"Sicherheitsverbunds-\u00dcbung: Erste Erkenntnisse\",\"datePublished\":\"2015-03-27T10:09:23+00:00\",\"mainEntityOfPage\":{\"@id\":\"https:\\\/\\\/news.save.ch\\\/sicherheitsverbunds-uebung-erste-erkenntnisse\\\/\"},\"wordCount\":402,\"commentCount\":0,\"publisher\":{\"@id\":\"https:\\\/\\\/news.save.ch\\\/de\\\/#organization\"},\"image\":{\"@id\":\"https:\\\/\\\/news.save.ch\\\/sicherheitsverbunds-uebung-erste-erkenntnisse\\\/#primaryimage\"},\"thumbnailUrl\":\"https:\\\/\\\/news.save.ch\\\/wp-content\\\/uploads\\\/2016\\\/12\\\/Sicherheitsverbunds-Uebung-Erste-Erkenntnisse-sicherheitsforum-scaled.jpg\",\"keywords\":[\"\u00dcbung\"],\"articleSection\":[\"ALLGEMEIN\"],\"inLanguage\":\"de\"},{\"@type\":\"WebPage\",\"@id\":\"https:\\\/\\\/news.save.ch\\\/sicherheitsverbunds-uebung-erste-erkenntnisse\\\/\",\"url\":\"https:\\\/\\\/news.save.ch\\\/sicherheitsverbunds-uebung-erste-erkenntnisse\\\/\",\"name\":\"Sicherheitsverbunds-\u00dcbung: Erste Erkenntnisse - Save\",\"isPartOf\":{\"@id\":\"https:\\\/\\\/news.save.ch\\\/de\\\/#website\"},\"primaryImageOfPage\":{\"@id\":\"https:\\\/\\\/news.save.ch\\\/sicherheitsverbunds-uebung-erste-erkenntnisse\\\/#primaryimage\"},\"image\":{\"@id\":\"https:\\\/\\\/news.save.ch\\\/sicherheitsverbunds-uebung-erste-erkenntnisse\\\/#primaryimage\"},\"thumbnailUrl\":\"https:\\\/\\\/news.save.ch\\\/wp-content\\\/uploads\\\/2016\\\/12\\\/Sicherheitsverbunds-Uebung-Erste-Erkenntnisse-sicherheitsforum-scaled.jpg\",\"datePublished\":\"2015-03-27T10:09:23+00:00\",\"description\":\"Was passiert, wenn in der Schweiz tagelang der Strom ausf\u00e4llt und gleichzeitig eine Pandemiewellen w\u00fctet? Wie reagieren Bund, Kantone, Armee darauf?\",\"breadcrumb\":{\"@id\":\"https:\\\/\\\/news.save.ch\\\/sicherheitsverbunds-uebung-erste-erkenntnisse\\\/#breadcrumb\"},\"inLanguage\":\"de\",\"potentialAction\":[{\"@type\":\"ReadAction\",\"target\":[\"https:\\\/\\\/news.save.ch\\\/sicherheitsverbunds-uebung-erste-erkenntnisse\\\/\"]}]},{\"@type\":\"ImageObject\",\"inLanguage\":\"de\",\"@id\":\"https:\\\/\\\/news.save.ch\\\/sicherheitsverbunds-uebung-erste-erkenntnisse\\\/#primaryimage\",\"url\":\"https:\\\/\\\/news.save.ch\\\/wp-content\\\/uploads\\\/2016\\\/12\\\/Sicherheitsverbunds-Uebung-Erste-Erkenntnisse-sicherheitsforum-scaled.jpg\",\"contentUrl\":\"https:\\\/\\\/news.save.ch\\\/wp-content\\\/uploads\\\/2016\\\/12\\\/Sicherheitsverbunds-Uebung-Erste-Erkenntnisse-sicherheitsforum-scaled.jpg\",\"width\":1400,\"height\":1012,\"caption\":\"Im Element - SVU-Leiter Toni Frisch.\"},{\"@type\":\"BreadcrumbList\",\"@id\":\"https:\\\/\\\/news.save.ch\\\/sicherheitsverbunds-uebung-erste-erkenntnisse\\\/#breadcrumb\",\"itemListElement\":[{\"@type\":\"ListItem\",\"position\":1,\"name\":\"Home\",\"item\":\"https:\\\/\\\/news.save.ch\\\/de\\\/\"},{\"@type\":\"ListItem\",\"position\":2,\"name\":\"Sicherheitsverbunds-\u00dcbung: Erste Erkenntnisse\"}]},{\"@type\":\"WebSite\",\"@id\":\"https:\\\/\\\/news.save.ch\\\/de\\\/#website\",\"url\":\"https:\\\/\\\/news.save.ch\\\/de\\\/\",\"name\":\"Save\",\"description\":\"Schweizer Fachzeitschrift f\u00fcr Sicherheit\",\"publisher\":{\"@id\":\"https:\\\/\\\/news.save.ch\\\/de\\\/#organization\"},\"potentialAction\":[{\"@type\":\"SearchAction\",\"target\":{\"@type\":\"EntryPoint\",\"urlTemplate\":\"https:\\\/\\\/news.save.ch\\\/de\\\/?s={search_term_string}\"},\"query-input\":{\"@type\":\"PropertyValueSpecification\",\"valueRequired\":true,\"valueName\":\"search_term_string\"}}],\"inLanguage\":\"de\"},{\"@type\":\"Organization\",\"@id\":\"https:\\\/\\\/news.save.ch\\\/de\\\/#organization\",\"name\":\"Sicherheitsforum\",\"url\":\"https:\\\/\\\/news.save.ch\\\/de\\\/\",\"logo\":{\"@type\":\"ImageObject\",\"inLanguage\":\"de\",\"@id\":\"https:\\\/\\\/news.save.ch\\\/de\\\/#\\\/schema\\\/logo\\\/image\\\/\",\"url\":\"https:\\\/\\\/news.save.ch\\\/wp-content\\\/uploads\\\/2022\\\/06\\\/Logo_SF_2012.png\",\"contentUrl\":\"https:\\\/\\\/news.save.ch\\\/wp-content\\\/uploads\\\/2022\\\/06\\\/Logo_SF_2012.png\",\"width\":1100,\"height\":91,\"caption\":\"Sicherheitsforum\"},\"image\":{\"@id\":\"https:\\\/\\\/news.save.ch\\\/de\\\/#\\\/schema\\\/logo\\\/image\\\/\"}},{\"@type\":\"Person\",\"@id\":\"https:\\\/\\\/news.save.ch\\\/de\\\/#\\\/schema\\\/person\\\/d49e199490bad7c70d64b9ab51142f2b\",\"name\":\"admin\",\"image\":{\"@type\":\"ImageObject\",\"inLanguage\":\"de\",\"@id\":\"https:\\\/\\\/secure.gravatar.com\\\/avatar\\\/ae2f4d718e6c49043e314ce431e7e645d646302a24a5ef5a8bc8e3f5a032e319?s=96&d=mm&r=g\",\"url\":\"https:\\\/\\\/secure.gravatar.com\\\/avatar\\\/ae2f4d718e6c49043e314ce431e7e645d646302a24a5ef5a8bc8e3f5a032e319?s=96&d=mm&r=g\",\"contentUrl\":\"https:\\\/\\\/secure.gravatar.com\\\/avatar\\\/ae2f4d718e6c49043e314ce431e7e645d646302a24a5ef5a8bc8e3f5a032e319?s=96&d=mm&r=g\",\"caption\":\"admin\"},\"sameAs\":[\"https:\\\/\\\/develop.organisator.galledia.ch\"],\"url\":\"https:\\\/\\\/news.save.ch\\\/de\\\/author\\\/admin\\\/\"}]}<\/script>\n<!-- \/ Yoast SEO plugin. -->","yoast_head_json":{"title":"Sicherheitsverbunds-\u00dcbung: Erste Erkenntnisse - Save","description":"Was passiert, wenn in der Schweiz tagelang der Strom ausf\u00e4llt und gleichzeitig eine Pandemiewellen w\u00fctet? Wie reagieren Bund, Kantone, Armee darauf?","robots":{"index":"index","follow":"follow","max-snippet":"max-snippet:-1","max-image-preview":"max-image-preview:large","max-video-preview":"max-video-preview:-1"},"canonical":"https:\/\/news.save.ch\/de\/sicherheitsverbunds-uebung-erste-erkenntnisse\/","og_locale":"de_DE","og_type":"article","og_title":"Sicherheitsverbunds-\u00dcbung: Erste Erkenntnisse","og_description":"Was passiert, wenn in der Schweiz mehrere Tage der Strom ausf\u00e4llt und gleichzeitig eine schwere Pandemiewellen w\u00fctet? Wie reagieren Bund, Kantone und Armee auf einen solchen Krisenfall? Mit diesen Fragen besch\u00e4ftigte sich die Sicherheitsverbund\u00fcbung 2014 (SVU14).","og_url":"https:\/\/news.save.ch\/de\/sicherheitsverbunds-uebung-erste-erkenntnisse\/","og_site_name":"Save","article_published_time":"2015-03-27T10:09:23+00:00","og_image":[{"url":"https:\/\/sicherheitsforum.ch\/wp-content\/uploads\/2016\/12\/Sicherheitsverbunds-\u00dcbung-Erste-Erkenntnisse-sicherheitsforum.jpg","type":"","width":"","height":""}],"author":"admin","twitter_card":"summary_large_image","twitter_misc":{"Geschrieben von":"admin","Gesch\u00e4tzte Lesezeit":"2\u00a0Minuten"},"schema":{"@context":"https:\/\/schema.org","@graph":[{"@type":"Article","@id":"https:\/\/news.save.ch\/sicherheitsverbunds-uebung-erste-erkenntnisse\/#article","isPartOf":{"@id":"https:\/\/news.save.ch\/sicherheitsverbunds-uebung-erste-erkenntnisse\/"},"author":{"name":"admin","@id":"https:\/\/news.save.ch\/de\/#\/schema\/person\/d49e199490bad7c70d64b9ab51142f2b"},"headline":"Sicherheitsverbunds-\u00dcbung: Erste Erkenntnisse","datePublished":"2015-03-27T10:09:23+00:00","mainEntityOfPage":{"@id":"https:\/\/news.save.ch\/sicherheitsverbunds-uebung-erste-erkenntnisse\/"},"wordCount":402,"commentCount":0,"publisher":{"@id":"https:\/\/news.save.ch\/de\/#organization"},"image":{"@id":"https:\/\/news.save.ch\/sicherheitsverbunds-uebung-erste-erkenntnisse\/#primaryimage"},"thumbnailUrl":"https:\/\/news.save.ch\/wp-content\/uploads\/2016\/12\/Sicherheitsverbunds-Uebung-Erste-Erkenntnisse-sicherheitsforum-scaled.jpg","keywords":["\u00dcbung"],"articleSection":["ALLGEMEIN"],"inLanguage":"de"},{"@type":"WebPage","@id":"https:\/\/news.save.ch\/sicherheitsverbunds-uebung-erste-erkenntnisse\/","url":"https:\/\/news.save.ch\/sicherheitsverbunds-uebung-erste-erkenntnisse\/","name":"Sicherheitsverbunds-\u00dcbung: Erste Erkenntnisse - Save","isPartOf":{"@id":"https:\/\/news.save.ch\/de\/#website"},"primaryImageOfPage":{"@id":"https:\/\/news.save.ch\/sicherheitsverbunds-uebung-erste-erkenntnisse\/#primaryimage"},"image":{"@id":"https:\/\/news.save.ch\/sicherheitsverbunds-uebung-erste-erkenntnisse\/#primaryimage"},"thumbnailUrl":"https:\/\/news.save.ch\/wp-content\/uploads\/2016\/12\/Sicherheitsverbunds-Uebung-Erste-Erkenntnisse-sicherheitsforum-scaled.jpg","datePublished":"2015-03-27T10:09:23+00:00","description":"Was passiert, wenn in der Schweiz tagelang der Strom ausf\u00e4llt und gleichzeitig eine Pandemiewellen w\u00fctet? Wie reagieren Bund, Kantone, Armee darauf?","breadcrumb":{"@id":"https:\/\/news.save.ch\/sicherheitsverbunds-uebung-erste-erkenntnisse\/#breadcrumb"},"inLanguage":"de","potentialAction":[{"@type":"ReadAction","target":["https:\/\/news.save.ch\/sicherheitsverbunds-uebung-erste-erkenntnisse\/"]}]},{"@type":"ImageObject","inLanguage":"de","@id":"https:\/\/news.save.ch\/sicherheitsverbunds-uebung-erste-erkenntnisse\/#primaryimage","url":"https:\/\/news.save.ch\/wp-content\/uploads\/2016\/12\/Sicherheitsverbunds-Uebung-Erste-Erkenntnisse-sicherheitsforum-scaled.jpg","contentUrl":"https:\/\/news.save.ch\/wp-content\/uploads\/2016\/12\/Sicherheitsverbunds-Uebung-Erste-Erkenntnisse-sicherheitsforum-scaled.jpg","width":1400,"height":1012,"caption":"Im Element - SVU-Leiter Toni Frisch."},{"@type":"BreadcrumbList","@id":"https:\/\/news.save.ch\/sicherheitsverbunds-uebung-erste-erkenntnisse\/#breadcrumb","itemListElement":[{"@type":"ListItem","position":1,"name":"Home","item":"https:\/\/news.save.ch\/de\/"},{"@type":"ListItem","position":2,"name":"Sicherheitsverbunds-\u00dcbung: Erste Erkenntnisse"}]},{"@type":"WebSite","@id":"https:\/\/news.save.ch\/de\/#website","url":"https:\/\/news.save.ch\/de\/","name":"Save","description":"Schweizer Fachzeitschrift f\u00fcr Sicherheit","publisher":{"@id":"https:\/\/news.save.ch\/de\/#organization"},"potentialAction":[{"@type":"SearchAction","target":{"@type":"EntryPoint","urlTemplate":"https:\/\/news.save.ch\/de\/?s={search_term_string}"},"query-input":{"@type":"PropertyValueSpecification","valueRequired":true,"valueName":"search_term_string"}}],"inLanguage":"de"},{"@type":"Organization","@id":"https:\/\/news.save.ch\/de\/#organization","name":"Sicherheitsforum","url":"https:\/\/news.save.ch\/de\/","logo":{"@type":"ImageObject","inLanguage":"de","@id":"https:\/\/news.save.ch\/de\/#\/schema\/logo\/image\/","url":"https:\/\/news.save.ch\/wp-content\/uploads\/2022\/06\/Logo_SF_2012.png","contentUrl":"https:\/\/news.save.ch\/wp-content\/uploads\/2022\/06\/Logo_SF_2012.png","width":1100,"height":91,"caption":"Sicherheitsforum"},"image":{"@id":"https:\/\/news.save.ch\/de\/#\/schema\/logo\/image\/"}},{"@type":"Person","@id":"https:\/\/news.save.ch\/de\/#\/schema\/person\/d49e199490bad7c70d64b9ab51142f2b","name":"admin","image":{"@type":"ImageObject","inLanguage":"de","@id":"https:\/\/secure.gravatar.com\/avatar\/ae2f4d718e6c49043e314ce431e7e645d646302a24a5ef5a8bc8e3f5a032e319?s=96&d=mm&r=g","url":"https:\/\/secure.gravatar.com\/avatar\/ae2f4d718e6c49043e314ce431e7e645d646302a24a5ef5a8bc8e3f5a032e319?s=96&d=mm&r=g","contentUrl":"https:\/\/secure.gravatar.com\/avatar\/ae2f4d718e6c49043e314ce431e7e645d646302a24a5ef5a8bc8e3f5a032e319?s=96&d=mm&r=g","caption":"admin"},"sameAs":["https:\/\/develop.organisator.galledia.ch"],"url":"https:\/\/news.save.ch\/de\/author\/admin\/"}]}},"_links":{"self":[{"href":"https:\/\/news.save.ch\/de\/wp-json\/wp\/v2\/posts\/3120","targetHints":{"allow":["GET"]}}],"collection":[{"href":"https:\/\/news.save.ch\/de\/wp-json\/wp\/v2\/posts"}],"about":[{"href":"https:\/\/news.save.ch\/de\/wp-json\/wp\/v2\/types\/post"}],"author":[{"embeddable":true,"href":"https:\/\/news.save.ch\/de\/wp-json\/wp\/v2\/users\/1"}],"replies":[{"embeddable":true,"href":"https:\/\/news.save.ch\/de\/wp-json\/wp\/v2\/comments?post=3120"}],"version-history":[{"count":0,"href":"https:\/\/news.save.ch\/de\/wp-json\/wp\/v2\/posts\/3120\/revisions"}],"wp:featuredmedia":[{"embeddable":true,"href":"https:\/\/news.save.ch\/de\/wp-json\/wp\/v2\/media\/3121"}],"wp:attachment":[{"href":"https:\/\/news.save.ch\/de\/wp-json\/wp\/v2\/media?parent=3120"}],"wp:term":[{"taxonomy":"category","embeddable":true,"href":"https:\/\/news.save.ch\/de\/wp-json\/wp\/v2\/categories?post=3120"},{"taxonomy":"post_tag","embeddable":true,"href":"https:\/\/news.save.ch\/de\/wp-json\/wp\/v2\/tags?post=3120"}],"curies":[{"name":"wp","href":"https:\/\/api.w.org\/{rel}","templated":true}]}}