{"id":3128,"date":"2015-03-31T11:13:15","date_gmt":"2015-03-31T09:13:15","guid":{"rendered":"https:\/\/dev.sicherheitsforum.ch\/?p=3128"},"modified":"2023-03-14T08:59:02","modified_gmt":"2023-03-14T07:59:02","slug":"sturm-reisst-dach-herunter","status":null,"type":"post","link":"https:\/\/news.save.ch\/de\/sturm-reisst-dach-herunter\/","title":{"rendered":"Sturm reisst Dach herunter"},"content":{"rendered":"<figure id=\"attachment_3132\" aria-describedby=\"caption-attachment-3132\" style=\"width: 680px\" class=\"wp-caption alignnone\"><img loading=\"lazy\" decoding=\"async\" class=\"size-medium wp-image-3132\" src=\"https:\/\/news.save.ch\/wp-content\/uploads\/2016\/12\/Sturm-reisst-Dach-herunter-sicherheitsforum.jpg\" alt=\"\" width=\"680\" height=\"907\" \/><figcaption id=\"caption-attachment-3132\" class=\"wp-caption-text\">Das mehrere hundert Kilogramm schwere St\u00fcck des Kupferdachs.\u00a0\u00a9 PD Stadtpolizei Z\u00fcrich<\/figcaption><\/figure>\n<figure id=\"attachment_3133\" aria-describedby=\"caption-attachment-3133\" style=\"width: 680px\" class=\"wp-caption alignnone\"><img loading=\"lazy\" decoding=\"async\" class=\"size-medium wp-image-3133\" src=\"https:\/\/news.save.ch\/wp-content\/uploads\/2016\/12\/Sturm-reisst-Dach-herunter2-sicherheitsforum.jpg\" alt=\"\" width=\"680\" height=\"383\" \/><figcaption id=\"caption-attachment-3133\" class=\"wp-caption-text\">Hier flog das Dach durch die Luft.\u00a0\u00a9 PD Stadtpolizei Z\u00fcrich<\/figcaption><\/figure>\n<p>Unter dem mehrere hundert Kilogramm schweren Kupferdach wurden drei Autos begraben und stark besch\u00e4digt, wie die Stadtpolizei schreibt. Im gegen\u00fcberliegenden Haus wurde ein Balkon teilweise heruntergerissen.<\/p>\n<p>Bei der Stadtpolizei Z\u00fcrich gingen bis 13 Uhr wegen des Sturms rund 30 Meldungen ein. Haupts\u00e4chlich handelte es sich um entwurzelte B\u00e4ume oder heruntergefallene \u00c4ste, die Strassen blockierten und parkierte Autos besch\u00e4digten. Ausserdem mussten sich die Polizisten um umgest\u00fcrzte Bauabschrankungen, Ger\u00fcste, Verkehrsschilder und losgerissene Schiffe k\u00fcmmern.<\/p>\n<p>Auch andernorts in der Schweiz tobte der Sturm, deckte D\u00e4cher ab, warf B\u00e4ume um\u00a0und richtete insgesamt grossen Sachschaden an. Diverse Personen wurden verletzt und mussten in Spitalpflege gebracht werden;\u00a0in Andelfingen verlor eine Person als Folge des Orkans ihr Leben.<\/p>\n<p>Gem\u00e4ss Meteo Schweiz wurden im Mittelland B\u00f6en zwischen 70 und 90\u00a0\u00a0km\/h\u00a0gemessen. Der h\u00f6chste Wert wurde mit 120 km\/h in Steckborn im Thurgau registriert.<\/p>\n<p>&nbsp;<\/p>\n","protected":false},"excerpt":{"rendered":"<p>Unter dem mehrere hundert Kilogramm schweren Kupferdach wurden drei Autos begraben und stark besch\u00e4digt, wie die Stadtpolizei schreibt. Im gegen\u00fcberliegenden Haus wurde ein Balkon teilweise heruntergerissen. Bei der Stadtpolizei Z\u00fcrich gingen bis 13 Uhr wegen des Sturms rund 30 Meldungen ein. Haupts\u00e4chlich handelte es sich um entwurzelte B\u00e4ume oder heruntergefallene \u00c4ste, die Strassen blockierten und [&hellip;]<\/p>\n","protected":false},"author":1,"featured_media":3132,"comment_status":"closed","ping_status":"closed","sticky":false,"template":"","format":"standard","meta":{"_acf_changed":false,"pgc_sgb_lightbox_settings":"","footnotes":""},"categories":[3312],"tags":[170],"class_list":["post-3128","post","type-post","status-publish","format-standard","has-post-thumbnail","hentry","category-sicherheit","tag-naturgefahren"],"acf":[],"hkrextid":null,"publication":null,"issue":null,"workflow":null,"startPage":null,"spitzmarke":null,"_posts_by_tag_page_fields":{"widget_title":"","widget_tags":""},"_at_widget":"1","_yoast_wpseo_primary_category":"5","_yoast_wpseo_focuskw_text_input":"Sturm","_yoast_wpseo_opengraph-image":"https:\/\/sicherheitsforum.ch\/wp-content\/uploads\/2016\/12\/Sturm-reisst-Dach-herunter-sicherheitsforum.jpg","_yoast_wpseo_opengraph-description":"Der heftige Sturm \u201eNiklas\u201c riss am Dienstag an der Merkurstrasse in Z\u00fcrich ein halbes Dach auf die Strasse.","_yoast_wpseo_opengraph-title":"Sturm reisst Dach herunter","enclosure":null,"_yoast_wpseo_twitter-title":null,"_yoast_wpseo_twitter-description":null,"_yoast_wpseo_twitter-image":null,"_wp_old_slug":null,"_yoast_wpseo_title":null,"_yoast_wpseo_canonical":null,"yoast_head":"<!-- This site is optimized with the Yoast SEO plugin v27.5 - https:\/\/yoast.com\/product\/yoast-seo-wordpress\/ -->\n<title>Sturm reisst Dach herunter - Save<\/title>\n<meta name=\"description\" content=\"Der heftige Sturm \u201eNiklas\u201c riss am Dienstag an der Merkurstrasse in Z\u00fcrich ein halbes Dach auf die Strasse.\" \/>\n<meta name=\"robots\" content=\"index, follow, max-snippet:-1, max-image-preview:large, max-video-preview:-1\" \/>\n<link rel=\"canonical\" href=\"https:\/\/news.save.ch\/de\/sturm-reisst-dach-herunter\/\" \/>\n<meta property=\"og:locale\" content=\"de_DE\" \/>\n<meta property=\"og:type\" content=\"article\" \/>\n<meta property=\"og:title\" content=\"Sturm reisst Dach herunter\" \/>\n<meta property=\"og:description\" content=\"Der heftige Sturm \u201eNiklas\u201c riss am Dienstag an der Merkurstrasse in Z\u00fcrich ein halbes Dach auf die Strasse.\" \/>\n<meta property=\"og:url\" content=\"https:\/\/news.save.ch\/de\/sturm-reisst-dach-herunter\/\" \/>\n<meta property=\"og:site_name\" content=\"Save\" \/>\n<meta property=\"article:published_time\" content=\"2015-03-31T09:13:15+00:00\" \/>\n<meta property=\"article:modified_time\" content=\"2023-03-14T07:59:02+00:00\" \/>\n<meta property=\"og:image\" content=\"https:\/\/sicherheitsforum.ch\/wp-content\/uploads\/2016\/12\/Sturm-reisst-Dach-herunter-sicherheitsforum.jpg\" \/>\n<meta name=\"author\" content=\"admin\" \/>\n<meta name=\"twitter:card\" content=\"summary_large_image\" \/>\n<meta name=\"twitter:label1\" content=\"Geschrieben von\" \/>\n\t<meta name=\"twitter:data1\" content=\"admin\" \/>\n\t<meta name=\"twitter:label2\" content=\"Gesch\u00e4tzte Lesezeit\" \/>\n\t<meta name=\"twitter:data2\" content=\"1\u00a0Minute\" \/>\n<script type=\"application\/ld+json\" class=\"yoast-schema-graph\">{\"@context\":\"https:\\\/\\\/schema.org\",\"@graph\":[{\"@type\":\"Article\",\"@id\":\"https:\\\/\\\/news.save.ch\\\/sturm-reisst-dach-herunter\\\/#article\",\"isPartOf\":{\"@id\":\"https:\\\/\\\/news.save.ch\\\/sturm-reisst-dach-herunter\\\/\"},\"author\":{\"name\":\"admin\",\"@id\":\"https:\\\/\\\/news.save.ch\\\/de\\\/#\\\/schema\\\/person\\\/d49e199490bad7c70d64b9ab51142f2b\"},\"headline\":\"Sturm reisst Dach herunter\",\"datePublished\":\"2015-03-31T09:13:15+00:00\",\"dateModified\":\"2023-03-14T07:59:02+00:00\",\"mainEntityOfPage\":{\"@id\":\"https:\\\/\\\/news.save.ch\\\/sturm-reisst-dach-herunter\\\/\"},\"wordCount\":192,\"publisher\":{\"@id\":\"https:\\\/\\\/news.save.ch\\\/de\\\/#organization\"},\"image\":{\"@id\":\"https:\\\/\\\/news.save.ch\\\/sturm-reisst-dach-herunter\\\/#primaryimage\"},\"thumbnailUrl\":\"https:\\\/\\\/news.save.ch\\\/wp-content\\\/uploads\\\/2016\\\/12\\\/Sturm-reisst-Dach-herunter-sicherheitsforum-scaled.jpg\",\"keywords\":[\"Naturgefahren\"],\"articleSection\":[\"SICHERHEIT\"],\"inLanguage\":\"de\"},{\"@type\":\"WebPage\",\"@id\":\"https:\\\/\\\/news.save.ch\\\/sturm-reisst-dach-herunter\\\/\",\"url\":\"https:\\\/\\\/news.save.ch\\\/sturm-reisst-dach-herunter\\\/\",\"name\":\"Sturm reisst Dach herunter - Save\",\"isPartOf\":{\"@id\":\"https:\\\/\\\/news.save.ch\\\/de\\\/#website\"},\"primaryImageOfPage\":{\"@id\":\"https:\\\/\\\/news.save.ch\\\/sturm-reisst-dach-herunter\\\/#primaryimage\"},\"image\":{\"@id\":\"https:\\\/\\\/news.save.ch\\\/sturm-reisst-dach-herunter\\\/#primaryimage\"},\"thumbnailUrl\":\"https:\\\/\\\/news.save.ch\\\/wp-content\\\/uploads\\\/2016\\\/12\\\/Sturm-reisst-Dach-herunter-sicherheitsforum-scaled.jpg\",\"datePublished\":\"2015-03-31T09:13:15+00:00\",\"dateModified\":\"2023-03-14T07:59:02+00:00\",\"description\":\"Der heftige Sturm \u201eNiklas\u201c riss am Dienstag an der Merkurstrasse in Z\u00fcrich ein halbes Dach auf die Strasse.\",\"breadcrumb\":{\"@id\":\"https:\\\/\\\/news.save.ch\\\/sturm-reisst-dach-herunter\\\/#breadcrumb\"},\"inLanguage\":\"de\",\"potentialAction\":[{\"@type\":\"ReadAction\",\"target\":[\"https:\\\/\\\/news.save.ch\\\/sturm-reisst-dach-herunter\\\/\"]}]},{\"@type\":\"ImageObject\",\"inLanguage\":\"de\",\"@id\":\"https:\\\/\\\/news.save.ch\\\/sturm-reisst-dach-herunter\\\/#primaryimage\",\"url\":\"https:\\\/\\\/news.save.ch\\\/wp-content\\\/uploads\\\/2016\\\/12\\\/Sturm-reisst-Dach-herunter-sicherheitsforum-scaled.jpg\",\"contentUrl\":\"https:\\\/\\\/news.save.ch\\\/wp-content\\\/uploads\\\/2016\\\/12\\\/Sturm-reisst-Dach-herunter-sicherheitsforum-scaled.jpg\",\"width\":1050,\"height\":1400,\"caption\":\"Das mehrere hundert Kilogramm schwere St\u00fcck des Kupferdachs\"},{\"@type\":\"BreadcrumbList\",\"@id\":\"https:\\\/\\\/news.save.ch\\\/sturm-reisst-dach-herunter\\\/#breadcrumb\",\"itemListElement\":[{\"@type\":\"ListItem\",\"position\":1,\"name\":\"Home\",\"item\":\"https:\\\/\\\/news.save.ch\\\/de\\\/\"},{\"@type\":\"ListItem\",\"position\":2,\"name\":\"Sturm reisst Dach herunter\"}]},{\"@type\":\"WebSite\",\"@id\":\"https:\\\/\\\/news.save.ch\\\/de\\\/#website\",\"url\":\"https:\\\/\\\/news.save.ch\\\/de\\\/\",\"name\":\"Save\",\"description\":\"Schweizer Fachzeitschrift f\u00fcr Sicherheit\",\"publisher\":{\"@id\":\"https:\\\/\\\/news.save.ch\\\/de\\\/#organization\"},\"potentialAction\":[{\"@type\":\"SearchAction\",\"target\":{\"@type\":\"EntryPoint\",\"urlTemplate\":\"https:\\\/\\\/news.save.ch\\\/de\\\/?s={search_term_string}\"},\"query-input\":{\"@type\":\"PropertyValueSpecification\",\"valueRequired\":true,\"valueName\":\"search_term_string\"}}],\"inLanguage\":\"de\"},{\"@type\":\"Organization\",\"@id\":\"https:\\\/\\\/news.save.ch\\\/de\\\/#organization\",\"name\":\"Sicherheitsforum\",\"url\":\"https:\\\/\\\/news.save.ch\\\/de\\\/\",\"logo\":{\"@type\":\"ImageObject\",\"inLanguage\":\"de\",\"@id\":\"https:\\\/\\\/news.save.ch\\\/de\\\/#\\\/schema\\\/logo\\\/image\\\/\",\"url\":\"https:\\\/\\\/news.save.ch\\\/wp-content\\\/uploads\\\/2022\\\/06\\\/Logo_SF_2012.png\",\"contentUrl\":\"https:\\\/\\\/news.save.ch\\\/wp-content\\\/uploads\\\/2022\\\/06\\\/Logo_SF_2012.png\",\"width\":1100,\"height\":91,\"caption\":\"Sicherheitsforum\"},\"image\":{\"@id\":\"https:\\\/\\\/news.save.ch\\\/de\\\/#\\\/schema\\\/logo\\\/image\\\/\"}},{\"@type\":\"Person\",\"@id\":\"https:\\\/\\\/news.save.ch\\\/de\\\/#\\\/schema\\\/person\\\/d49e199490bad7c70d64b9ab51142f2b\",\"name\":\"admin\",\"image\":{\"@type\":\"ImageObject\",\"inLanguage\":\"de\",\"@id\":\"https:\\\/\\\/secure.gravatar.com\\\/avatar\\\/ae2f4d718e6c49043e314ce431e7e645d646302a24a5ef5a8bc8e3f5a032e319?s=96&d=mm&r=g\",\"url\":\"https:\\\/\\\/secure.gravatar.com\\\/avatar\\\/ae2f4d718e6c49043e314ce431e7e645d646302a24a5ef5a8bc8e3f5a032e319?s=96&d=mm&r=g\",\"contentUrl\":\"https:\\\/\\\/secure.gravatar.com\\\/avatar\\\/ae2f4d718e6c49043e314ce431e7e645d646302a24a5ef5a8bc8e3f5a032e319?s=96&d=mm&r=g\",\"caption\":\"admin\"},\"sameAs\":[\"https:\\\/\\\/develop.organisator.galledia.ch\"],\"url\":\"https:\\\/\\\/news.save.ch\\\/de\\\/author\\\/admin\\\/\"}]}<\/script>\n<!-- \/ Yoast SEO plugin. -->","yoast_head_json":{"title":"Sturm reisst Dach herunter - Save","description":"Der heftige Sturm \u201eNiklas\u201c riss am Dienstag an der Merkurstrasse in Z\u00fcrich ein halbes Dach auf die Strasse.","robots":{"index":"index","follow":"follow","max-snippet":"max-snippet:-1","max-image-preview":"max-image-preview:large","max-video-preview":"max-video-preview:-1"},"canonical":"https:\/\/news.save.ch\/de\/sturm-reisst-dach-herunter\/","og_locale":"de_DE","og_type":"article","og_title":"Sturm reisst Dach herunter","og_description":"Der heftige Sturm \u201eNiklas\u201c riss am Dienstag an der Merkurstrasse in Z\u00fcrich ein halbes Dach auf die Strasse.","og_url":"https:\/\/news.save.ch\/de\/sturm-reisst-dach-herunter\/","og_site_name":"Save","article_published_time":"2015-03-31T09:13:15+00:00","article_modified_time":"2023-03-14T07:59:02+00:00","og_image":[{"url":"https:\/\/sicherheitsforum.ch\/wp-content\/uploads\/2016\/12\/Sturm-reisst-Dach-herunter-sicherheitsforum.jpg","type":"","width":"","height":""}],"author":"admin","twitter_card":"summary_large_image","twitter_misc":{"Geschrieben von":"admin","Gesch\u00e4tzte Lesezeit":"1\u00a0Minute"},"schema":{"@context":"https:\/\/schema.org","@graph":[{"@type":"Article","@id":"https:\/\/news.save.ch\/sturm-reisst-dach-herunter\/#article","isPartOf":{"@id":"https:\/\/news.save.ch\/sturm-reisst-dach-herunter\/"},"author":{"name":"admin","@id":"https:\/\/news.save.ch\/de\/#\/schema\/person\/d49e199490bad7c70d64b9ab51142f2b"},"headline":"Sturm reisst Dach herunter","datePublished":"2015-03-31T09:13:15+00:00","dateModified":"2023-03-14T07:59:02+00:00","mainEntityOfPage":{"@id":"https:\/\/news.save.ch\/sturm-reisst-dach-herunter\/"},"wordCount":192,"publisher":{"@id":"https:\/\/news.save.ch\/de\/#organization"},"image":{"@id":"https:\/\/news.save.ch\/sturm-reisst-dach-herunter\/#primaryimage"},"thumbnailUrl":"https:\/\/news.save.ch\/wp-content\/uploads\/2016\/12\/Sturm-reisst-Dach-herunter-sicherheitsforum-scaled.jpg","keywords":["Naturgefahren"],"articleSection":["SICHERHEIT"],"inLanguage":"de"},{"@type":"WebPage","@id":"https:\/\/news.save.ch\/sturm-reisst-dach-herunter\/","url":"https:\/\/news.save.ch\/sturm-reisst-dach-herunter\/","name":"Sturm reisst Dach herunter - Save","isPartOf":{"@id":"https:\/\/news.save.ch\/de\/#website"},"primaryImageOfPage":{"@id":"https:\/\/news.save.ch\/sturm-reisst-dach-herunter\/#primaryimage"},"image":{"@id":"https:\/\/news.save.ch\/sturm-reisst-dach-herunter\/#primaryimage"},"thumbnailUrl":"https:\/\/news.save.ch\/wp-content\/uploads\/2016\/12\/Sturm-reisst-Dach-herunter-sicherheitsforum-scaled.jpg","datePublished":"2015-03-31T09:13:15+00:00","dateModified":"2023-03-14T07:59:02+00:00","description":"Der heftige Sturm \u201eNiklas\u201c riss am Dienstag an der Merkurstrasse in Z\u00fcrich ein halbes Dach auf die Strasse.","breadcrumb":{"@id":"https:\/\/news.save.ch\/sturm-reisst-dach-herunter\/#breadcrumb"},"inLanguage":"de","potentialAction":[{"@type":"ReadAction","target":["https:\/\/news.save.ch\/sturm-reisst-dach-herunter\/"]}]},{"@type":"ImageObject","inLanguage":"de","@id":"https:\/\/news.save.ch\/sturm-reisst-dach-herunter\/#primaryimage","url":"https:\/\/news.save.ch\/wp-content\/uploads\/2016\/12\/Sturm-reisst-Dach-herunter-sicherheitsforum-scaled.jpg","contentUrl":"https:\/\/news.save.ch\/wp-content\/uploads\/2016\/12\/Sturm-reisst-Dach-herunter-sicherheitsforum-scaled.jpg","width":1050,"height":1400,"caption":"Das mehrere hundert Kilogramm schwere St\u00fcck des Kupferdachs"},{"@type":"BreadcrumbList","@id":"https:\/\/news.save.ch\/sturm-reisst-dach-herunter\/#breadcrumb","itemListElement":[{"@type":"ListItem","position":1,"name":"Home","item":"https:\/\/news.save.ch\/de\/"},{"@type":"ListItem","position":2,"name":"Sturm reisst Dach herunter"}]},{"@type":"WebSite","@id":"https:\/\/news.save.ch\/de\/#website","url":"https:\/\/news.save.ch\/de\/","name":"Save","description":"Schweizer Fachzeitschrift f\u00fcr Sicherheit","publisher":{"@id":"https:\/\/news.save.ch\/de\/#organization"},"potentialAction":[{"@type":"SearchAction","target":{"@type":"EntryPoint","urlTemplate":"https:\/\/news.save.ch\/de\/?s={search_term_string}"},"query-input":{"@type":"PropertyValueSpecification","valueRequired":true,"valueName":"search_term_string"}}],"inLanguage":"de"},{"@type":"Organization","@id":"https:\/\/news.save.ch\/de\/#organization","name":"Sicherheitsforum","url":"https:\/\/news.save.ch\/de\/","logo":{"@type":"ImageObject","inLanguage":"de","@id":"https:\/\/news.save.ch\/de\/#\/schema\/logo\/image\/","url":"https:\/\/news.save.ch\/wp-content\/uploads\/2022\/06\/Logo_SF_2012.png","contentUrl":"https:\/\/news.save.ch\/wp-content\/uploads\/2022\/06\/Logo_SF_2012.png","width":1100,"height":91,"caption":"Sicherheitsforum"},"image":{"@id":"https:\/\/news.save.ch\/de\/#\/schema\/logo\/image\/"}},{"@type":"Person","@id":"https:\/\/news.save.ch\/de\/#\/schema\/person\/d49e199490bad7c70d64b9ab51142f2b","name":"admin","image":{"@type":"ImageObject","inLanguage":"de","@id":"https:\/\/secure.gravatar.com\/avatar\/ae2f4d718e6c49043e314ce431e7e645d646302a24a5ef5a8bc8e3f5a032e319?s=96&d=mm&r=g","url":"https:\/\/secure.gravatar.com\/avatar\/ae2f4d718e6c49043e314ce431e7e645d646302a24a5ef5a8bc8e3f5a032e319?s=96&d=mm&r=g","contentUrl":"https:\/\/secure.gravatar.com\/avatar\/ae2f4d718e6c49043e314ce431e7e645d646302a24a5ef5a8bc8e3f5a032e319?s=96&d=mm&r=g","caption":"admin"},"sameAs":["https:\/\/develop.organisator.galledia.ch"],"url":"https:\/\/news.save.ch\/de\/author\/admin\/"}]}},"_links":{"self":[{"href":"https:\/\/news.save.ch\/de\/wp-json\/wp\/v2\/posts\/3128","targetHints":{"allow":["GET"]}}],"collection":[{"href":"https:\/\/news.save.ch\/de\/wp-json\/wp\/v2\/posts"}],"about":[{"href":"https:\/\/news.save.ch\/de\/wp-json\/wp\/v2\/types\/post"}],"author":[{"embeddable":true,"href":"https:\/\/news.save.ch\/de\/wp-json\/wp\/v2\/users\/1"}],"replies":[{"embeddable":true,"href":"https:\/\/news.save.ch\/de\/wp-json\/wp\/v2\/comments?post=3128"}],"version-history":[{"count":1,"href":"https:\/\/news.save.ch\/de\/wp-json\/wp\/v2\/posts\/3128\/revisions"}],"predecessor-version":[{"id":17891,"href":"https:\/\/news.save.ch\/de\/wp-json\/wp\/v2\/posts\/3128\/revisions\/17891"}],"wp:featuredmedia":[{"embeddable":true,"href":"https:\/\/news.save.ch\/de\/wp-json\/wp\/v2\/media\/3132"}],"wp:attachment":[{"href":"https:\/\/news.save.ch\/de\/wp-json\/wp\/v2\/media?parent=3128"}],"wp:term":[{"taxonomy":"category","embeddable":true,"href":"https:\/\/news.save.ch\/de\/wp-json\/wp\/v2\/categories?post=3128"},{"taxonomy":"post_tag","embeddable":true,"href":"https:\/\/news.save.ch\/de\/wp-json\/wp\/v2\/tags?post=3128"}],"curies":[{"name":"wp","href":"https:\/\/api.w.org\/{rel}","templated":true}]}}