{"id":3140,"date":"2015-06-16T11:15:47","date_gmt":"2015-06-16T09:15:47","guid":{"rendered":"https:\/\/dev.sicherheitsforum.ch\/?p=3140"},"modified":"2015-06-16T11:15:47","modified_gmt":"2015-06-16T09:15:47","slug":"sicherheitsmesse-zuerich-die-kongressthemen","status":null,"type":"post","link":"https:\/\/news.save.ch\/de\/sicherheitsmesse-zuerich-die-kongressthemen\/","title":{"rendered":"Sicherheitsmesse Z\u00fcrich: Die Kongressthemen"},"content":{"rendered":"<p><img loading=\"lazy\" decoding=\"async\" class=\"alignnone wp-image-3141 size-full\" src=\"https:\/\/news.save.ch\/wp-content\/uploads\/2016\/12\/Sicherheitsmesse-Zuerich-Die-Kongressthemen_sicherheitsforum.jpg\" width=\"500\" height=\"542\" srcset=\"https:\/\/news.save.ch\/wp-content\/uploads\/2016\/12\/Sicherheitsmesse-Zuerich-Die-Kongressthemen_sicherheitsforum.jpg 500w, https:\/\/news.save.ch\/wp-content\/uploads\/2016\/12\/Sicherheitsmesse-Zuerich-Die-Kongressthemen_sicherheitsforum-277x300.jpg 277w\" sizes=\"auto, (max-width: 500px) 100vw, 500px\" \/><\/p>\n<p>Der <a title=\"Link zum Kongressprogramm\" href=\"https:\/\/www.save.ch\/events\/sicherheits-fachkongress-2015\/\" target=\"_blank\" data-cke-saved-href=\"https:\/\/www.save.ch\/events\/sicherheits-fachkongress-2015\/\" rel=\"noopener\">Fachkongress <\/a>ist in 19 halbt\u00e4gige Module gegliedert. Das Themenspektrum geht \u00fcber die allgemeine Messethematik hinaus und betrachtet Sicherheit gesamtheitlich.\u00a0Er\u00f6ffnet wird der Kongress am 10. November mit einem Modul zu den aktuellen Bedrohungen sowie potenziellen Gefahren f\u00fcr \u00f6ffentliche und private Organisationen. Sicherheitspolitische Herausforderungen, Korruption, aktuelle und k\u00fcnftige Bedrohungsformen sowie Strategien der Risikoreduzierung und zu ergreifende Massnahmen stehen im Fokus.<\/p>\n<p>Gleich in mehreren Modulen wird die Qualit\u00e4tssicherung zum Thema gemacht. Erw\u00e4hnt seien die Module <strong>Qualit\u00e4tssicherung im Brandschutz <\/strong>und<strong> Lifecycle-Management von Sicherheitsanlagen<\/strong>.<\/p>\n<p>Verschiedene Module greifen technische Aspekte auf. Ausgew\u00e4hlte Komponenten und Elemente werden an den Halbtagen <strong>Brandschutztechnik, Sicherheitstechnik, Video\u00fcberwachung und Zutrittskontrolle <\/strong>beleuchtet. Ferner kommt der <strong>Unternehmenssicherheit, der Sicherheitsplanung und den Sicherheitsdienstleistungen<\/strong> eine hohe Bedeutung zu. Die Herausforderungen der modernen Sicherheitsplanung, das Krisenmanagement und Leben inmitten einer Krise, die Erfolgsfaktoren f\u00fcr Alarmempfangs- und Einsatzleitstellen sowie die Entwicklungen der privaten Sicherheitsbranche sind fokussierte Elemente am Fachkongress.<\/p>\n<p>Drei Halbtagesmodule drehen sich um den Erfolgsfaktor Mensch und die Sicherheit und Gesundheit des Mitarbeitenden. Sie zeigen verschiedene Ans\u00e4tze rund um erfolgreiches <strong>Arbeitssicherheitsmanagement<\/strong> auf, gehen auf die Eigenverantwortung der Mitarbeitenden punkto Arbeitssicherheit ein und thematisieren die Herausforderungen von H\u00f6henarbeitspl\u00e4tzen mit deren Absturzsicherungen.<\/p>\n<p><strong>Brandschutz und Fluchtweg<\/strong>e: In drei Halbtageseinheiten werden Erfahrungen im Brandschutz geteilt, welche Parallelen und R\u00fcckschl\u00fcsse auf die Brandschutzanstrengungen im eigenen Betrieb erm\u00f6glichen. Ein weiteres Modul thematisiert alle in Zusammenhang mit sicheren Flucht- und Rettungswegen stehenden rechtlichen, organisatorischen und dispositiven Fragen mit Fachleuten thematisiert.<\/p>\n<p>Ein Novum bei der 20. Auflage des Fachkongresses bildet der erstmals in Workshop-\u00e4hnlicher Form abgehaltene Themenblock zu <strong>Bedrohungsmanagement<\/strong>. Eine erfahrene Polizeipsychologin und Profilerin teilt ihre Erfahrungen aus diversen F\u00e4llen mit dem Plenum.<\/p>\n","protected":false},"excerpt":{"rendered":"<p>Der Fachkongress ist in 19 halbt\u00e4gige Module gegliedert. Das Themenspektrum geht \u00fcber die allgemeine Messethematik hinaus und betrachtet Sicherheit gesamtheitlich.\u00a0Er\u00f6ffnet wird der Kongress am 10. November mit einem Modul zu den aktuellen Bedrohungen sowie potenziellen Gefahren f\u00fcr \u00f6ffentliche und private Organisationen. Sicherheitspolitische Herausforderungen, Korruption, aktuelle und k\u00fcnftige Bedrohungsformen sowie Strategien der Risikoreduzierung und zu ergreifende [&hellip;]<\/p>\n","protected":false},"author":1,"featured_media":3141,"comment_status":"open","ping_status":"open","sticky":false,"template":"","format":"standard","meta":{"_acf_changed":false,"pgc_sgb_lightbox_settings":"","footnotes":""},"categories":[1],"tags":[109,84],"class_list":["post-3140","post","type-post","status-publish","format-standard","has-post-thumbnail","hentry","category-allgemein","tag-aus-und-weiterbildung","tag-fachkongressfachmesse"],"acf":[],"hkrextid":null,"publication":null,"issue":null,"workflow":null,"startPage":null,"spitzmarke":null,"_posts_by_tag_page_fields":{"widget_title":"","widget_tags":""},"_at_widget":"1","_yoast_wpseo_primary_category":"","_yoast_wpseo_focuskw_text_input":"Kongressthemen","_yoast_wpseo_opengraph-image":"https:\/\/news.save.ch\/wp-content\/uploads\/2016\/12\/Sicherheitsmesse-Z\u00fcrich-Die-Kongressthemen_sicherheitsforum.jpg","_yoast_wpseo_opengraph-description":"Die Messe SICHERHEIT (10.-13. November) und der begleitende Fachkongress feiern 2015 das 20-Jahr-Jubil\u00e4um. Soeben wurden die Kongressthemen ver\u00f6ffentlicht.","_yoast_wpseo_opengraph-title":"Sicherheitsmesse Z\u00fcrich: Die Kongressthemen","enclosure":null,"_yoast_wpseo_twitter-title":null,"_yoast_wpseo_twitter-description":null,"_yoast_wpseo_twitter-image":null,"_wp_old_slug":null,"_yoast_wpseo_title":null,"_yoast_wpseo_canonical":null,"yoast_head":"<!-- This site is optimized with the Yoast SEO plugin v27.5 - https:\/\/yoast.com\/product\/yoast-seo-wordpress\/ -->\n<title>Sicherheitsmesse Z\u00fcrich: Die Kongressthemen - Save<\/title>\n<meta name=\"description\" content=\"Die Messe SICHERHEIT (10.-13. November) und der begleitende Fachkongress feiern 2015 das 20-Jahr-Jubil\u00e4um. Soeben wurden die Kongressthemen ver\u00f6ffentlicht.\" \/>\n<meta name=\"robots\" content=\"index, follow, max-snippet:-1, max-image-preview:large, max-video-preview:-1\" \/>\n<link rel=\"canonical\" href=\"https:\/\/news.save.ch\/de\/sicherheitsmesse-zuerich-die-kongressthemen\/\" \/>\n<meta property=\"og:locale\" content=\"de_DE\" \/>\n<meta property=\"og:type\" content=\"article\" \/>\n<meta property=\"og:title\" content=\"Sicherheitsmesse Z\u00fcrich: Die Kongressthemen\" \/>\n<meta property=\"og:description\" content=\"Die Messe SICHERHEIT (10.-13. November) und der begleitende Fachkongress feiern 2015 das 20-Jahr-Jubil\u00e4um. Soeben wurden die Kongressthemen ver\u00f6ffentlicht.\" \/>\n<meta property=\"og:url\" content=\"https:\/\/news.save.ch\/de\/sicherheitsmesse-zuerich-die-kongressthemen\/\" \/>\n<meta property=\"og:site_name\" content=\"Save\" \/>\n<meta property=\"article:published_time\" content=\"2015-06-16T09:15:47+00:00\" \/>\n<meta property=\"og:image\" content=\"https:\/\/news.save.ch\/wp-content\/uploads\/2016\/12\/Sicherheitsmesse-Z\u00fcrich-Die-Kongressthemen_sicherheitsforum.jpg\" \/>\n<meta name=\"author\" content=\"admin\" \/>\n<meta name=\"twitter:card\" content=\"summary_large_image\" \/>\n<meta name=\"twitter:label1\" content=\"Geschrieben von\" \/>\n\t<meta name=\"twitter:data1\" content=\"admin\" \/>\n\t<meta name=\"twitter:label2\" content=\"Gesch\u00e4tzte Lesezeit\" \/>\n\t<meta name=\"twitter:data2\" content=\"1\u00a0Minute\" \/>\n<script type=\"application\/ld+json\" class=\"yoast-schema-graph\">{\"@context\":\"https:\\\/\\\/schema.org\",\"@graph\":[{\"@type\":\"Article\",\"@id\":\"https:\\\/\\\/news.save.ch\\\/sicherheitsmesse-zuerich-die-kongressthemen\\\/#article\",\"isPartOf\":{\"@id\":\"https:\\\/\\\/news.save.ch\\\/sicherheitsmesse-zuerich-die-kongressthemen\\\/\"},\"author\":{\"name\":\"admin\",\"@id\":\"https:\\\/\\\/news.save.ch\\\/de\\\/#\\\/schema\\\/person\\\/d49e199490bad7c70d64b9ab51142f2b\"},\"headline\":\"Sicherheitsmesse Z\u00fcrich: Die Kongressthemen\",\"datePublished\":\"2015-06-16T09:15:47+00:00\",\"mainEntityOfPage\":{\"@id\":\"https:\\\/\\\/news.save.ch\\\/sicherheitsmesse-zuerich-die-kongressthemen\\\/\"},\"wordCount\":280,\"commentCount\":0,\"publisher\":{\"@id\":\"https:\\\/\\\/news.save.ch\\\/de\\\/#organization\"},\"image\":{\"@id\":\"https:\\\/\\\/news.save.ch\\\/sicherheitsmesse-zuerich-die-kongressthemen\\\/#primaryimage\"},\"thumbnailUrl\":\"https:\\\/\\\/news.save.ch\\\/wp-content\\\/uploads\\\/2016\\\/12\\\/Sicherheitsmesse-Zuerich-Die-Kongressthemen_sicherheitsforum.jpg\",\"keywords\":[\"Aus- und Weiterbildung\",\"Fachkongress\\\/Fachmesse\"],\"articleSection\":[\"ALLGEMEIN\"],\"inLanguage\":\"de\"},{\"@type\":\"WebPage\",\"@id\":\"https:\\\/\\\/news.save.ch\\\/sicherheitsmesse-zuerich-die-kongressthemen\\\/\",\"url\":\"https:\\\/\\\/news.save.ch\\\/sicherheitsmesse-zuerich-die-kongressthemen\\\/\",\"name\":\"Sicherheitsmesse Z\u00fcrich: Die Kongressthemen - Save\",\"isPartOf\":{\"@id\":\"https:\\\/\\\/news.save.ch\\\/de\\\/#website\"},\"primaryImageOfPage\":{\"@id\":\"https:\\\/\\\/news.save.ch\\\/sicherheitsmesse-zuerich-die-kongressthemen\\\/#primaryimage\"},\"image\":{\"@id\":\"https:\\\/\\\/news.save.ch\\\/sicherheitsmesse-zuerich-die-kongressthemen\\\/#primaryimage\"},\"thumbnailUrl\":\"https:\\\/\\\/news.save.ch\\\/wp-content\\\/uploads\\\/2016\\\/12\\\/Sicherheitsmesse-Zuerich-Die-Kongressthemen_sicherheitsforum.jpg\",\"datePublished\":\"2015-06-16T09:15:47+00:00\",\"description\":\"Die Messe SICHERHEIT (10.-13. November) und der begleitende Fachkongress feiern 2015 das 20-Jahr-Jubil\u00e4um. Soeben wurden die Kongressthemen ver\u00f6ffentlicht.\",\"breadcrumb\":{\"@id\":\"https:\\\/\\\/news.save.ch\\\/sicherheitsmesse-zuerich-die-kongressthemen\\\/#breadcrumb\"},\"inLanguage\":\"de\",\"potentialAction\":[{\"@type\":\"ReadAction\",\"target\":[\"https:\\\/\\\/news.save.ch\\\/sicherheitsmesse-zuerich-die-kongressthemen\\\/\"]}]},{\"@type\":\"ImageObject\",\"inLanguage\":\"de\",\"@id\":\"https:\\\/\\\/news.save.ch\\\/sicherheitsmesse-zuerich-die-kongressthemen\\\/#primaryimage\",\"url\":\"https:\\\/\\\/news.save.ch\\\/wp-content\\\/uploads\\\/2016\\\/12\\\/Sicherheitsmesse-Zuerich-Die-Kongressthemen_sicherheitsforum.jpg\",\"contentUrl\":\"https:\\\/\\\/news.save.ch\\\/wp-content\\\/uploads\\\/2016\\\/12\\\/Sicherheitsmesse-Zuerich-Die-Kongressthemen_sicherheitsforum.jpg\",\"width\":500,\"height\":542},{\"@type\":\"BreadcrumbList\",\"@id\":\"https:\\\/\\\/news.save.ch\\\/sicherheitsmesse-zuerich-die-kongressthemen\\\/#breadcrumb\",\"itemListElement\":[{\"@type\":\"ListItem\",\"position\":1,\"name\":\"Home\",\"item\":\"https:\\\/\\\/news.save.ch\\\/de\\\/\"},{\"@type\":\"ListItem\",\"position\":2,\"name\":\"Sicherheitsmesse Z\u00fcrich: Die Kongressthemen\"}]},{\"@type\":\"WebSite\",\"@id\":\"https:\\\/\\\/news.save.ch\\\/de\\\/#website\",\"url\":\"https:\\\/\\\/news.save.ch\\\/de\\\/\",\"name\":\"Save\",\"description\":\"Schweizer Fachzeitschrift f\u00fcr Sicherheit\",\"publisher\":{\"@id\":\"https:\\\/\\\/news.save.ch\\\/de\\\/#organization\"},\"potentialAction\":[{\"@type\":\"SearchAction\",\"target\":{\"@type\":\"EntryPoint\",\"urlTemplate\":\"https:\\\/\\\/news.save.ch\\\/de\\\/?s={search_term_string}\"},\"query-input\":{\"@type\":\"PropertyValueSpecification\",\"valueRequired\":true,\"valueName\":\"search_term_string\"}}],\"inLanguage\":\"de\"},{\"@type\":\"Organization\",\"@id\":\"https:\\\/\\\/news.save.ch\\\/de\\\/#organization\",\"name\":\"Sicherheitsforum\",\"url\":\"https:\\\/\\\/news.save.ch\\\/de\\\/\",\"logo\":{\"@type\":\"ImageObject\",\"inLanguage\":\"de\",\"@id\":\"https:\\\/\\\/news.save.ch\\\/de\\\/#\\\/schema\\\/logo\\\/image\\\/\",\"url\":\"https:\\\/\\\/news.save.ch\\\/wp-content\\\/uploads\\\/2022\\\/06\\\/Logo_SF_2012.png\",\"contentUrl\":\"https:\\\/\\\/news.save.ch\\\/wp-content\\\/uploads\\\/2022\\\/06\\\/Logo_SF_2012.png\",\"width\":1100,\"height\":91,\"caption\":\"Sicherheitsforum\"},\"image\":{\"@id\":\"https:\\\/\\\/news.save.ch\\\/de\\\/#\\\/schema\\\/logo\\\/image\\\/\"}},{\"@type\":\"Person\",\"@id\":\"https:\\\/\\\/news.save.ch\\\/de\\\/#\\\/schema\\\/person\\\/d49e199490bad7c70d64b9ab51142f2b\",\"name\":\"admin\",\"image\":{\"@type\":\"ImageObject\",\"inLanguage\":\"de\",\"@id\":\"https:\\\/\\\/secure.gravatar.com\\\/avatar\\\/ae2f4d718e6c49043e314ce431e7e645d646302a24a5ef5a8bc8e3f5a032e319?s=96&d=mm&r=g\",\"url\":\"https:\\\/\\\/secure.gravatar.com\\\/avatar\\\/ae2f4d718e6c49043e314ce431e7e645d646302a24a5ef5a8bc8e3f5a032e319?s=96&d=mm&r=g\",\"contentUrl\":\"https:\\\/\\\/secure.gravatar.com\\\/avatar\\\/ae2f4d718e6c49043e314ce431e7e645d646302a24a5ef5a8bc8e3f5a032e319?s=96&d=mm&r=g\",\"caption\":\"admin\"},\"sameAs\":[\"https:\\\/\\\/develop.organisator.galledia.ch\"],\"url\":\"https:\\\/\\\/news.save.ch\\\/de\\\/author\\\/admin\\\/\"}]}<\/script>\n<!-- \/ Yoast SEO plugin. -->","yoast_head_json":{"title":"Sicherheitsmesse Z\u00fcrich: Die Kongressthemen - Save","description":"Die Messe SICHERHEIT (10.-13. November) und der begleitende Fachkongress feiern 2015 das 20-Jahr-Jubil\u00e4um. Soeben wurden die Kongressthemen ver\u00f6ffentlicht.","robots":{"index":"index","follow":"follow","max-snippet":"max-snippet:-1","max-image-preview":"max-image-preview:large","max-video-preview":"max-video-preview:-1"},"canonical":"https:\/\/news.save.ch\/de\/sicherheitsmesse-zuerich-die-kongressthemen\/","og_locale":"de_DE","og_type":"article","og_title":"Sicherheitsmesse Z\u00fcrich: Die Kongressthemen","og_description":"Die Messe SICHERHEIT (10.-13. November) und der begleitende Fachkongress feiern 2015 das 20-Jahr-Jubil\u00e4um. Soeben wurden die Kongressthemen ver\u00f6ffentlicht.","og_url":"https:\/\/news.save.ch\/de\/sicherheitsmesse-zuerich-die-kongressthemen\/","og_site_name":"Save","article_published_time":"2015-06-16T09:15:47+00:00","og_image":[{"url":"https:\/\/news.save.ch\/wp-content\/uploads\/2016\/12\/Sicherheitsmesse-Z\u00fcrich-Die-Kongressthemen_sicherheitsforum.jpg","type":"","width":"","height":""}],"author":"admin","twitter_card":"summary_large_image","twitter_misc":{"Geschrieben von":"admin","Gesch\u00e4tzte Lesezeit":"1\u00a0Minute"},"schema":{"@context":"https:\/\/schema.org","@graph":[{"@type":"Article","@id":"https:\/\/news.save.ch\/sicherheitsmesse-zuerich-die-kongressthemen\/#article","isPartOf":{"@id":"https:\/\/news.save.ch\/sicherheitsmesse-zuerich-die-kongressthemen\/"},"author":{"name":"admin","@id":"https:\/\/news.save.ch\/de\/#\/schema\/person\/d49e199490bad7c70d64b9ab51142f2b"},"headline":"Sicherheitsmesse Z\u00fcrich: Die Kongressthemen","datePublished":"2015-06-16T09:15:47+00:00","mainEntityOfPage":{"@id":"https:\/\/news.save.ch\/sicherheitsmesse-zuerich-die-kongressthemen\/"},"wordCount":280,"commentCount":0,"publisher":{"@id":"https:\/\/news.save.ch\/de\/#organization"},"image":{"@id":"https:\/\/news.save.ch\/sicherheitsmesse-zuerich-die-kongressthemen\/#primaryimage"},"thumbnailUrl":"https:\/\/news.save.ch\/wp-content\/uploads\/2016\/12\/Sicherheitsmesse-Zuerich-Die-Kongressthemen_sicherheitsforum.jpg","keywords":["Aus- und Weiterbildung","Fachkongress\/Fachmesse"],"articleSection":["ALLGEMEIN"],"inLanguage":"de"},{"@type":"WebPage","@id":"https:\/\/news.save.ch\/sicherheitsmesse-zuerich-die-kongressthemen\/","url":"https:\/\/news.save.ch\/sicherheitsmesse-zuerich-die-kongressthemen\/","name":"Sicherheitsmesse Z\u00fcrich: Die Kongressthemen - Save","isPartOf":{"@id":"https:\/\/news.save.ch\/de\/#website"},"primaryImageOfPage":{"@id":"https:\/\/news.save.ch\/sicherheitsmesse-zuerich-die-kongressthemen\/#primaryimage"},"image":{"@id":"https:\/\/news.save.ch\/sicherheitsmesse-zuerich-die-kongressthemen\/#primaryimage"},"thumbnailUrl":"https:\/\/news.save.ch\/wp-content\/uploads\/2016\/12\/Sicherheitsmesse-Zuerich-Die-Kongressthemen_sicherheitsforum.jpg","datePublished":"2015-06-16T09:15:47+00:00","description":"Die Messe SICHERHEIT (10.-13. November) und der begleitende Fachkongress feiern 2015 das 20-Jahr-Jubil\u00e4um. Soeben wurden die Kongressthemen ver\u00f6ffentlicht.","breadcrumb":{"@id":"https:\/\/news.save.ch\/sicherheitsmesse-zuerich-die-kongressthemen\/#breadcrumb"},"inLanguage":"de","potentialAction":[{"@type":"ReadAction","target":["https:\/\/news.save.ch\/sicherheitsmesse-zuerich-die-kongressthemen\/"]}]},{"@type":"ImageObject","inLanguage":"de","@id":"https:\/\/news.save.ch\/sicherheitsmesse-zuerich-die-kongressthemen\/#primaryimage","url":"https:\/\/news.save.ch\/wp-content\/uploads\/2016\/12\/Sicherheitsmesse-Zuerich-Die-Kongressthemen_sicherheitsforum.jpg","contentUrl":"https:\/\/news.save.ch\/wp-content\/uploads\/2016\/12\/Sicherheitsmesse-Zuerich-Die-Kongressthemen_sicherheitsforum.jpg","width":500,"height":542},{"@type":"BreadcrumbList","@id":"https:\/\/news.save.ch\/sicherheitsmesse-zuerich-die-kongressthemen\/#breadcrumb","itemListElement":[{"@type":"ListItem","position":1,"name":"Home","item":"https:\/\/news.save.ch\/de\/"},{"@type":"ListItem","position":2,"name":"Sicherheitsmesse Z\u00fcrich: Die Kongressthemen"}]},{"@type":"WebSite","@id":"https:\/\/news.save.ch\/de\/#website","url":"https:\/\/news.save.ch\/de\/","name":"Save","description":"Schweizer Fachzeitschrift f\u00fcr Sicherheit","publisher":{"@id":"https:\/\/news.save.ch\/de\/#organization"},"potentialAction":[{"@type":"SearchAction","target":{"@type":"EntryPoint","urlTemplate":"https:\/\/news.save.ch\/de\/?s={search_term_string}"},"query-input":{"@type":"PropertyValueSpecification","valueRequired":true,"valueName":"search_term_string"}}],"inLanguage":"de"},{"@type":"Organization","@id":"https:\/\/news.save.ch\/de\/#organization","name":"Sicherheitsforum","url":"https:\/\/news.save.ch\/de\/","logo":{"@type":"ImageObject","inLanguage":"de","@id":"https:\/\/news.save.ch\/de\/#\/schema\/logo\/image\/","url":"https:\/\/news.save.ch\/wp-content\/uploads\/2022\/06\/Logo_SF_2012.png","contentUrl":"https:\/\/news.save.ch\/wp-content\/uploads\/2022\/06\/Logo_SF_2012.png","width":1100,"height":91,"caption":"Sicherheitsforum"},"image":{"@id":"https:\/\/news.save.ch\/de\/#\/schema\/logo\/image\/"}},{"@type":"Person","@id":"https:\/\/news.save.ch\/de\/#\/schema\/person\/d49e199490bad7c70d64b9ab51142f2b","name":"admin","image":{"@type":"ImageObject","inLanguage":"de","@id":"https:\/\/secure.gravatar.com\/avatar\/ae2f4d718e6c49043e314ce431e7e645d646302a24a5ef5a8bc8e3f5a032e319?s=96&d=mm&r=g","url":"https:\/\/secure.gravatar.com\/avatar\/ae2f4d718e6c49043e314ce431e7e645d646302a24a5ef5a8bc8e3f5a032e319?s=96&d=mm&r=g","contentUrl":"https:\/\/secure.gravatar.com\/avatar\/ae2f4d718e6c49043e314ce431e7e645d646302a24a5ef5a8bc8e3f5a032e319?s=96&d=mm&r=g","caption":"admin"},"sameAs":["https:\/\/develop.organisator.galledia.ch"],"url":"https:\/\/news.save.ch\/de\/author\/admin\/"}]}},"_links":{"self":[{"href":"https:\/\/news.save.ch\/de\/wp-json\/wp\/v2\/posts\/3140","targetHints":{"allow":["GET"]}}],"collection":[{"href":"https:\/\/news.save.ch\/de\/wp-json\/wp\/v2\/posts"}],"about":[{"href":"https:\/\/news.save.ch\/de\/wp-json\/wp\/v2\/types\/post"}],"author":[{"embeddable":true,"href":"https:\/\/news.save.ch\/de\/wp-json\/wp\/v2\/users\/1"}],"replies":[{"embeddable":true,"href":"https:\/\/news.save.ch\/de\/wp-json\/wp\/v2\/comments?post=3140"}],"version-history":[{"count":0,"href":"https:\/\/news.save.ch\/de\/wp-json\/wp\/v2\/posts\/3140\/revisions"}],"wp:featuredmedia":[{"embeddable":true,"href":"https:\/\/news.save.ch\/de\/wp-json\/wp\/v2\/media\/3141"}],"wp:attachment":[{"href":"https:\/\/news.save.ch\/de\/wp-json\/wp\/v2\/media?parent=3140"}],"wp:term":[{"taxonomy":"category","embeddable":true,"href":"https:\/\/news.save.ch\/de\/wp-json\/wp\/v2\/categories?post=3140"},{"taxonomy":"post_tag","embeddable":true,"href":"https:\/\/news.save.ch\/de\/wp-json\/wp\/v2\/tags?post=3140"}],"curies":[{"name":"wp","href":"https:\/\/api.w.org\/{rel}","templated":true}]}}